{"id":3740,"date":"2026-01-23T12:05:56","date_gmt":"2026-01-23T15:05:56","guid":{"rendered":"https:\/\/soldadoadrianojose.com.br\/?p=3740"},"modified":"2026-01-23T12:05:56","modified_gmt":"2026-01-23T15:05:56","slug":"novo-hospital-municipal-de-guaira-marca-avanco-historico-na-saude-com-apoio-e-articulacao-do-deputado-adriano-jose","status":"publish","type":"post","link":"https:\/\/soldadoadrianojose.com.br\/index.php\/2026\/01\/23\/novo-hospital-municipal-de-guaira-marca-avanco-historico-na-saude-com-apoio-e-articulacao-do-deputado-adriano-jose\/","title":{"rendered":"Novo Hospital Municipal de Gua\u00edra marca avan\u00e7o hist\u00f3rico na sa\u00fade com apoio e articula\u00e7\u00e3o do deputado Adriano Jos\u00e9"},"content":{"rendered":"<p>O Governo do Paran\u00e1 anunciou nesta quinta-feira (22) um investimento de R$ 64,3 milh\u00f5es para a constru\u00e7\u00e3o do Hospital Municipal de Gua\u00edra \u201cGraciele Possan\u201d, no Oeste do Estado. A obra ser\u00e1 totalmente financiada com recursos estaduais e representa um avan\u00e7o hist\u00f3rico para a sa\u00fade p\u00fablica de uma das regi\u00f5es mais estrat\u00e9gicas do Paran\u00e1, por estar localizada em \u00e1rea de fronteira. A nova unidade vem para suprir uma demanda antiga da popula\u00e7\u00e3o local e fortalecer a rede de atendimento do Sistema \u00danico de Sa\u00fade (SUS).<\/p>\n<p>O hospital contar\u00e1 com 84 leitos, distribu\u00eddos entre as \u00e1reas cl\u00ednica, cir\u00fargica, obst\u00e9trica e Unidades de Terapia Intensiva (UTIs). A previs\u00e3o \u00e9 de aproximadamente 3 mil atendimentos mensais, entre consultas, procedimentos e interna\u00e7\u00f5es, ampliando significativamente a capacidade de atendimento em Gua\u00edra e munic\u00edpios do entorno. Atualmente, cerca de 80% das interna\u00e7\u00f5es de moradores da cidade precisam ser realizadas fora do munic\u00edpio, o que gera deslocamentos longos, custos adicionais e riscos, especialmente em casos de urg\u00eancia.<\/p>\n<p>Para o deputado estadual Adriano Jos\u00e9, o investimento representa mais do que uma obra: \u00e9 um compromisso com a dignidade e a qualidade de vida da popula\u00e7\u00e3o. \u201cEsse hospital \u00e9 resultado de um esfor\u00e7o conjunto, de di\u00e1logo constante e de sensibilidade com a realidade de quem vive em Gua\u00edra e na regi\u00e3o. Trabalhar ao lado do governador Ratinho Junior \u00e9 ter a certeza de que as demandas reais da popula\u00e7\u00e3o s\u00e3o ouvidas e atendidas\u201d, afirmou o parlamentar. Segundo ele, a constru\u00e7\u00e3o da unidade corrige um vazio assistencial hist\u00f3rico e garante mais seguran\u00e7a no atendimento \u00e0 sa\u00fade.<\/p>\n<p>Adriano Jos\u00e9 refor\u00e7ou que o trabalho em parceria com o Governo do Estado continuar\u00e1 de forma permanente. \u201cNosso compromisso \u00e9 incans\u00e1vel. Vamos seguir atuando, cobrando e colaborando para que investimentos como esse cheguem a quem mais precisa. Sa\u00fade \u00e9 prioridade, e Gua\u00edra merece um atendimento pr\u00f3ximo, humanizado e de qualidade\u201d, destacou. A nova unidade hospitalar deve se tornar uma refer\u00eancia para toda a microrregi\u00e3o da 20\u00aa Regional de Sa\u00fade, reduzindo deslocamentos e salvando vidas.<\/p>\n","protected":false},"excerpt":{"rendered":"<p>O Governo do Paran\u00e1 anunciou nesta quinta-feira (22) um investimento de R$ 64,3 milh\u00f5es para a constru\u00e7\u00e3o do Hospital Municipal de Gua\u00edra \u201cGraciele Possan\u201d, no Oeste do Estado. A obra ser\u00e1 totalmente financiada com recursos estaduais e representa um avan\u00e7o hist\u00f3rico para a sa\u00fade p\u00fablica de uma das regi\u00f5es mais estrat\u00e9gicas do Paran\u00e1, por estar [&hellip;]<\/p>\n","protected":false},"author":3,"featured_media":3783,"comment_status":"open","ping_status":"open","sticky":false,"template":"","format":"standard","meta":{"footnotes":""},"categories":[1],"tags":[],"class_list":["post-3740","post","type-post","status-publish","format-standard","has-post-thumbnail","hentry","category-gabinete-sd"],"yoast_head":"<!-- This site is optimized with the Yoast SEO plugin v27.4 - https:\/\/yoast.com\/product\/yoast-seo-wordpress\/ -->\n<title>Novo Hospital Municipal de Gua\u00edra marca avan\u00e7o hist\u00f3rico na sa\u00fade com apoio e articula\u00e7\u00e3o do deputado Adriano Jos\u00e9 - Deputado Adriano Jos\u00e9<\/title>\n<meta name=\"robots\" content=\"index, follow, max-snippet:-1, max-image-preview:large, max-video-preview:-1\" \/>\n<link rel=\"canonical\" href=\"https:\/\/soldadoadrianojose.com.br\/index.php\/2026\/01\/23\/novo-hospital-municipal-de-guaira-marca-avanco-historico-na-saude-com-apoio-e-articulacao-do-deputado-adriano-jose\/\" \/>\n<meta property=\"og:locale\" content=\"pt_BR\" \/>\n<meta property=\"og:type\" content=\"article\" \/>\n<meta property=\"og:title\" content=\"Novo Hospital Municipal de Gua\u00edra marca avan\u00e7o hist\u00f3rico na sa\u00fade com apoio e articula\u00e7\u00e3o do deputado Adriano Jos\u00e9 - Deputado Adriano Jos\u00e9\" \/>\n<meta property=\"og:description\" content=\"O Governo do Paran\u00e1 anunciou nesta quinta-feira (22) um investimento de R$ 64,3 milh\u00f5es para a constru\u00e7\u00e3o do Hospital Municipal de Gua\u00edra \u201cGraciele Possan\u201d, no Oeste do Estado. A obra ser\u00e1 totalmente financiada com recursos estaduais e representa um avan\u00e7o hist\u00f3rico para a sa\u00fade p\u00fablica de uma das regi\u00f5es mais estrat\u00e9gicas do Paran\u00e1, por estar [&hellip;]\" \/>\n<meta property=\"og:url\" content=\"https:\/\/soldadoadrianojose.com.br\/index.php\/2026\/01\/23\/novo-hospital-municipal-de-guaira-marca-avanco-historico-na-saude-com-apoio-e-articulacao-do-deputado-adriano-jose\/\" \/>\n<meta property=\"og:site_name\" content=\"Deputado Adriano Jos\u00e9\" \/>\n<meta property=\"article:published_time\" content=\"2026-01-23T15:05:56+00:00\" \/>\n<meta property=\"og:image\" content=\"https:\/\/soldadoadrianojose.com.br\/wp-content\/uploads\/2026\/01\/0988d474-a3b6-4285-8999-ff50c79aab5d_DJI_0950-scaled.jpg\" \/>\n\t<meta property=\"og:image:width\" content=\"2560\" \/>\n\t<meta property=\"og:image:height\" content=\"1440\" \/>\n\t<meta property=\"og:image:type\" content=\"image\/jpeg\" \/>\n<meta name=\"author\" content=\"Emanuellig admin2\" \/>\n<meta name=\"twitter:card\" content=\"summary_large_image\" \/>\n<meta name=\"twitter:label1\" content=\"Escrito por\" \/>\n\t<meta name=\"twitter:data1\" content=\"Emanuellig admin2\" \/>\n\t<meta name=\"twitter:label2\" content=\"Est. tempo de leitura\" \/>\n\t<meta name=\"twitter:data2\" content=\"3 minutos\" \/>\n<script type=\"application\/ld+json\" class=\"yoast-schema-graph\">{\"@context\":\"https:\\\/\\\/schema.org\",\"@graph\":[{\"@type\":\"Article\",\"@id\":\"https:\\\/\\\/soldadoadrianojose.com.br\\\/index.php\\\/2026\\\/01\\\/23\\\/novo-hospital-municipal-de-guaira-marca-avanco-historico-na-saude-com-apoio-e-articulacao-do-deputado-adriano-jose\\\/#article\",\"isPartOf\":{\"@id\":\"https:\\\/\\\/soldadoadrianojose.com.br\\\/index.php\\\/2026\\\/01\\\/23\\\/novo-hospital-municipal-de-guaira-marca-avanco-historico-na-saude-com-apoio-e-articulacao-do-deputado-adriano-jose\\\/\"},\"author\":{\"name\":\"Emanuellig admin2\",\"@id\":\"https:\\\/\\\/soldadoadrianojose.com.br\\\/#\\\/schema\\\/person\\\/cd48425bd7edd36fa5917c88fbe1cec5\"},\"headline\":\"Novo Hospital Municipal de Gua\u00edra marca avan\u00e7o hist\u00f3rico na sa\u00fade com apoio e articula\u00e7\u00e3o do deputado Adriano Jos\u00e9\",\"datePublished\":\"2026-01-23T15:05:56+00:00\",\"mainEntityOfPage\":{\"@id\":\"https:\\\/\\\/soldadoadrianojose.com.br\\\/index.php\\\/2026\\\/01\\\/23\\\/novo-hospital-municipal-de-guaira-marca-avanco-historico-na-saude-com-apoio-e-articulacao-do-deputado-adriano-jose\\\/\"},\"wordCount\":380,\"commentCount\":0,\"publisher\":{\"@id\":\"https:\\\/\\\/soldadoadrianojose.com.br\\\/#\\\/schema\\\/person\\\/16f8e8defb7a4bd6c6082efcd1bdb6bb\"},\"image\":{\"@id\":\"https:\\\/\\\/soldadoadrianojose.com.br\\\/index.php\\\/2026\\\/01\\\/23\\\/novo-hospital-municipal-de-guaira-marca-avanco-historico-na-saude-com-apoio-e-articulacao-do-deputado-adriano-jose\\\/#primaryimage\"},\"thumbnailUrl\":\"https:\\\/\\\/soldadoadrianojose.com.br\\\/wp-content\\\/uploads\\\/2026\\\/01\\\/0988d474-a3b6-4285-8999-ff50c79aab5d_DJI_0950-scaled.jpg\",\"articleSection\":[\"GABINETE SD\"],\"inLanguage\":\"pt-BR\",\"potentialAction\":[{\"@type\":\"CommentAction\",\"name\":\"Comment\",\"target\":[\"https:\\\/\\\/soldadoadrianojose.com.br\\\/index.php\\\/2026\\\/01\\\/23\\\/novo-hospital-municipal-de-guaira-marca-avanco-historico-na-saude-com-apoio-e-articulacao-do-deputado-adriano-jose\\\/#respond\"]}]},{\"@type\":\"WebPage\",\"@id\":\"https:\\\/\\\/soldadoadrianojose.com.br\\\/index.php\\\/2026\\\/01\\\/23\\\/novo-hospital-municipal-de-guaira-marca-avanco-historico-na-saude-com-apoio-e-articulacao-do-deputado-adriano-jose\\\/\",\"url\":\"https:\\\/\\\/soldadoadrianojose.com.br\\\/index.php\\\/2026\\\/01\\\/23\\\/novo-hospital-municipal-de-guaira-marca-avanco-historico-na-saude-com-apoio-e-articulacao-do-deputado-adriano-jose\\\/\",\"name\":\"Novo Hospital Municipal de Gua\u00edra marca avan\u00e7o hist\u00f3rico na sa\u00fade com apoio e articula\u00e7\u00e3o do deputado Adriano Jos\u00e9 - Deputado Adriano Jos\u00e9\",\"isPartOf\":{\"@id\":\"https:\\\/\\\/soldadoadrianojose.com.br\\\/#website\"},\"primaryImageOfPage\":{\"@id\":\"https:\\\/\\\/soldadoadrianojose.com.br\\\/index.php\\\/2026\\\/01\\\/23\\\/novo-hospital-municipal-de-guaira-marca-avanco-historico-na-saude-com-apoio-e-articulacao-do-deputado-adriano-jose\\\/#primaryimage\"},\"image\":{\"@id\":\"https:\\\/\\\/soldadoadrianojose.com.br\\\/index.php\\\/2026\\\/01\\\/23\\\/novo-hospital-municipal-de-guaira-marca-avanco-historico-na-saude-com-apoio-e-articulacao-do-deputado-adriano-jose\\\/#primaryimage\"},\"thumbnailUrl\":\"https:\\\/\\\/soldadoadrianojose.com.br\\\/wp-content\\\/uploads\\\/2026\\\/01\\\/0988d474-a3b6-4285-8999-ff50c79aab5d_DJI_0950-scaled.jpg\",\"datePublished\":\"2026-01-23T15:05:56+00:00\",\"breadcrumb\":{\"@id\":\"https:\\\/\\\/soldadoadrianojose.com.br\\\/index.php\\\/2026\\\/01\\\/23\\\/novo-hospital-municipal-de-guaira-marca-avanco-historico-na-saude-com-apoio-e-articulacao-do-deputado-adriano-jose\\\/#breadcrumb\"},\"inLanguage\":\"pt-BR\",\"potentialAction\":[{\"@type\":\"ReadAction\",\"target\":[\"https:\\\/\\\/soldadoadrianojose.com.br\\\/index.php\\\/2026\\\/01\\\/23\\\/novo-hospital-municipal-de-guaira-marca-avanco-historico-na-saude-com-apoio-e-articulacao-do-deputado-adriano-jose\\\/\"]}]},{\"@type\":\"ImageObject\",\"inLanguage\":\"pt-BR\",\"@id\":\"https:\\\/\\\/soldadoadrianojose.com.br\\\/index.php\\\/2026\\\/01\\\/23\\\/novo-hospital-municipal-de-guaira-marca-avanco-historico-na-saude-com-apoio-e-articulacao-do-deputado-adriano-jose\\\/#primaryimage\",\"url\":\"https:\\\/\\\/soldadoadrianojose.com.br\\\/wp-content\\\/uploads\\\/2026\\\/01\\\/0988d474-a3b6-4285-8999-ff50c79aab5d_DJI_0950-scaled.jpg\",\"contentUrl\":\"https:\\\/\\\/soldadoadrianojose.com.br\\\/wp-content\\\/uploads\\\/2026\\\/01\\\/0988d474-a3b6-4285-8999-ff50c79aab5d_DJI_0950-scaled.jpg\",\"width\":2560,\"height\":1440},{\"@type\":\"BreadcrumbList\",\"@id\":\"https:\\\/\\\/soldadoadrianojose.com.br\\\/index.php\\\/2026\\\/01\\\/23\\\/novo-hospital-municipal-de-guaira-marca-avanco-historico-na-saude-com-apoio-e-articulacao-do-deputado-adriano-jose\\\/#breadcrumb\",\"itemListElement\":[{\"@type\":\"ListItem\",\"position\":1,\"name\":\"In\u00edcio\",\"item\":\"https:\\\/\\\/soldadoadrianojose.com.br\\\/\"},{\"@type\":\"ListItem\",\"position\":2,\"name\":\"Novo Hospital Municipal de Gua\u00edra marca avan\u00e7o hist\u00f3rico na sa\u00fade com apoio e articula\u00e7\u00e3o do deputado Adriano Jos\u00e9\"}]},{\"@type\":\"WebSite\",\"@id\":\"https:\\\/\\\/soldadoadrianojose.com.br\\\/#website\",\"url\":\"https:\\\/\\\/soldadoadrianojose.com.br\\\/\",\"name\":\"Deputado Adriano Jos\u00e9\",\"description\":\"Nosso trabalho \u00e9 pelas pessoas\",\"publisher\":{\"@id\":\"https:\\\/\\\/soldadoadrianojose.com.br\\\/#\\\/schema\\\/person\\\/16f8e8defb7a4bd6c6082efcd1bdb6bb\"},\"potentialAction\":[{\"@type\":\"SearchAction\",\"target\":{\"@type\":\"EntryPoint\",\"urlTemplate\":\"https:\\\/\\\/soldadoadrianojose.com.br\\\/?s={search_term_string}\"},\"query-input\":{\"@type\":\"PropertyValueSpecification\",\"valueRequired\":true,\"valueName\":\"search_term_string\"}}],\"inLanguage\":\"pt-BR\"},{\"@type\":[\"Person\",\"Organization\"],\"@id\":\"https:\\\/\\\/soldadoadrianojose.com.br\\\/#\\\/schema\\\/person\\\/16f8e8defb7a4bd6c6082efcd1bdb6bb\",\"name\":\"soldadoadrianojose\",\"image\":{\"@type\":\"ImageObject\",\"inLanguage\":\"pt-BR\",\"@id\":\"https:\\\/\\\/soldadoadrianojose.com.br\\\/wp-content\\\/uploads\\\/2023\\\/02\\\/LOGO_CLEAR-5.png\",\"url\":\"https:\\\/\\\/soldadoadrianojose.com.br\\\/wp-content\\\/uploads\\\/2023\\\/02\\\/LOGO_CLEAR-5.png\",\"contentUrl\":\"https:\\\/\\\/soldadoadrianojose.com.br\\\/wp-content\\\/uploads\\\/2023\\\/02\\\/LOGO_CLEAR-5.png\",\"width\":3508,\"height\":998,\"caption\":\"soldadoadrianojose\"},\"logo\":{\"@id\":\"https:\\\/\\\/soldadoadrianojose.com.br\\\/wp-content\\\/uploads\\\/2023\\\/02\\\/LOGO_CLEAR-5.png\"},\"sameAs\":[\"https:\\\/\\\/soldadoadrianojose.com.br\"]},{\"@type\":\"Person\",\"@id\":\"https:\\\/\\\/soldadoadrianojose.com.br\\\/#\\\/schema\\\/person\\\/cd48425bd7edd36fa5917c88fbe1cec5\",\"name\":\"Emanuellig admin2\",\"image\":{\"@type\":\"ImageObject\",\"inLanguage\":\"pt-BR\",\"@id\":\"https:\\\/\\\/soldadoadrianojose.com.br\\\/wp-content\\\/litespeed\\\/avatar\\\/235a59a115f40132a17fc909e61bc31d.jpg?ver=1777092356\",\"url\":\"https:\\\/\\\/soldadoadrianojose.com.br\\\/wp-content\\\/litespeed\\\/avatar\\\/235a59a115f40132a17fc909e61bc31d.jpg?ver=1777092356\",\"contentUrl\":\"https:\\\/\\\/soldadoadrianojose.com.br\\\/wp-content\\\/litespeed\\\/avatar\\\/235a59a115f40132a17fc909e61bc31d.jpg?ver=1777092356\",\"caption\":\"Emanuellig admin2\"},\"url\":\"https:\\\/\\\/soldadoadrianojose.com.br\\\/index.php\\\/author\\\/manu\\\/\"}]}<\/script>\n<!-- \/ Yoast SEO plugin. -->","yoast_head_json":{"title":"Novo Hospital Municipal de Gua\u00edra marca avan\u00e7o hist\u00f3rico na sa\u00fade com apoio e articula\u00e7\u00e3o do deputado Adriano Jos\u00e9 - Deputado Adriano Jos\u00e9","robots":{"index":"index","follow":"follow","max-snippet":"max-snippet:-1","max-image-preview":"max-image-preview:large","max-video-preview":"max-video-preview:-1"},"canonical":"https:\/\/soldadoadrianojose.com.br\/index.php\/2026\/01\/23\/novo-hospital-municipal-de-guaira-marca-avanco-historico-na-saude-com-apoio-e-articulacao-do-deputado-adriano-jose\/","og_locale":"pt_BR","og_type":"article","og_title":"Novo Hospital Municipal de Gua\u00edra marca avan\u00e7o hist\u00f3rico na sa\u00fade com apoio e articula\u00e7\u00e3o do deputado Adriano Jos\u00e9 - Deputado Adriano Jos\u00e9","og_description":"O Governo do Paran\u00e1 anunciou nesta quinta-feira (22) um investimento de R$ 64,3 milh\u00f5es para a constru\u00e7\u00e3o do Hospital Municipal de Gua\u00edra \u201cGraciele Possan\u201d, no Oeste do Estado. A obra ser\u00e1 totalmente financiada com recursos estaduais e representa um avan\u00e7o hist\u00f3rico para a sa\u00fade p\u00fablica de uma das regi\u00f5es mais estrat\u00e9gicas do Paran\u00e1, por estar [&hellip;]","og_url":"https:\/\/soldadoadrianojose.com.br\/index.php\/2026\/01\/23\/novo-hospital-municipal-de-guaira-marca-avanco-historico-na-saude-com-apoio-e-articulacao-do-deputado-adriano-jose\/","og_site_name":"Deputado Adriano Jos\u00e9","article_published_time":"2026-01-23T15:05:56+00:00","og_image":[{"width":2560,"height":1440,"url":"https:\/\/soldadoadrianojose.com.br\/wp-content\/uploads\/2026\/01\/0988d474-a3b6-4285-8999-ff50c79aab5d_DJI_0950-scaled.jpg","type":"image\/jpeg"}],"author":"Emanuellig admin2","twitter_card":"summary_large_image","twitter_misc":{"Escrito por":"Emanuellig admin2","Est. tempo de leitura":"3 minutos"},"schema":{"@context":"https:\/\/schema.org","@graph":[{"@type":"Article","@id":"https:\/\/soldadoadrianojose.com.br\/index.php\/2026\/01\/23\/novo-hospital-municipal-de-guaira-marca-avanco-historico-na-saude-com-apoio-e-articulacao-do-deputado-adriano-jose\/#article","isPartOf":{"@id":"https:\/\/soldadoadrianojose.com.br\/index.php\/2026\/01\/23\/novo-hospital-municipal-de-guaira-marca-avanco-historico-na-saude-com-apoio-e-articulacao-do-deputado-adriano-jose\/"},"author":{"name":"Emanuellig admin2","@id":"https:\/\/soldadoadrianojose.com.br\/#\/schema\/person\/cd48425bd7edd36fa5917c88fbe1cec5"},"headline":"Novo Hospital Municipal de Gua\u00edra marca avan\u00e7o hist\u00f3rico na sa\u00fade com apoio e articula\u00e7\u00e3o do deputado Adriano Jos\u00e9","datePublished":"2026-01-23T15:05:56+00:00","mainEntityOfPage":{"@id":"https:\/\/soldadoadrianojose.com.br\/index.php\/2026\/01\/23\/novo-hospital-municipal-de-guaira-marca-avanco-historico-na-saude-com-apoio-e-articulacao-do-deputado-adriano-jose\/"},"wordCount":380,"commentCount":0,"publisher":{"@id":"https:\/\/soldadoadrianojose.com.br\/#\/schema\/person\/16f8e8defb7a4bd6c6082efcd1bdb6bb"},"image":{"@id":"https:\/\/soldadoadrianojose.com.br\/index.php\/2026\/01\/23\/novo-hospital-municipal-de-guaira-marca-avanco-historico-na-saude-com-apoio-e-articulacao-do-deputado-adriano-jose\/#primaryimage"},"thumbnailUrl":"https:\/\/soldadoadrianojose.com.br\/wp-content\/uploads\/2026\/01\/0988d474-a3b6-4285-8999-ff50c79aab5d_DJI_0950-scaled.jpg","articleSection":["GABINETE SD"],"inLanguage":"pt-BR","potentialAction":[{"@type":"CommentAction","name":"Comment","target":["https:\/\/soldadoadrianojose.com.br\/index.php\/2026\/01\/23\/novo-hospital-municipal-de-guaira-marca-avanco-historico-na-saude-com-apoio-e-articulacao-do-deputado-adriano-jose\/#respond"]}]},{"@type":"WebPage","@id":"https:\/\/soldadoadrianojose.com.br\/index.php\/2026\/01\/23\/novo-hospital-municipal-de-guaira-marca-avanco-historico-na-saude-com-apoio-e-articulacao-do-deputado-adriano-jose\/","url":"https:\/\/soldadoadrianojose.com.br\/index.php\/2026\/01\/23\/novo-hospital-municipal-de-guaira-marca-avanco-historico-na-saude-com-apoio-e-articulacao-do-deputado-adriano-jose\/","name":"Novo Hospital Municipal de Gua\u00edra marca avan\u00e7o hist\u00f3rico na sa\u00fade com apoio e articula\u00e7\u00e3o do deputado Adriano Jos\u00e9 - Deputado Adriano Jos\u00e9","isPartOf":{"@id":"https:\/\/soldadoadrianojose.com.br\/#website"},"primaryImageOfPage":{"@id":"https:\/\/soldadoadrianojose.com.br\/index.php\/2026\/01\/23\/novo-hospital-municipal-de-guaira-marca-avanco-historico-na-saude-com-apoio-e-articulacao-do-deputado-adriano-jose\/#primaryimage"},"image":{"@id":"https:\/\/soldadoadrianojose.com.br\/index.php\/2026\/01\/23\/novo-hospital-municipal-de-guaira-marca-avanco-historico-na-saude-com-apoio-e-articulacao-do-deputado-adriano-jose\/#primaryimage"},"thumbnailUrl":"https:\/\/soldadoadrianojose.com.br\/wp-content\/uploads\/2026\/01\/0988d474-a3b6-4285-8999-ff50c79aab5d_DJI_0950-scaled.jpg","datePublished":"2026-01-23T15:05:56+00:00","breadcrumb":{"@id":"https:\/\/soldadoadrianojose.com.br\/index.php\/2026\/01\/23\/novo-hospital-municipal-de-guaira-marca-avanco-historico-na-saude-com-apoio-e-articulacao-do-deputado-adriano-jose\/#breadcrumb"},"inLanguage":"pt-BR","potentialAction":[{"@type":"ReadAction","target":["https:\/\/soldadoadrianojose.com.br\/index.php\/2026\/01\/23\/novo-hospital-municipal-de-guaira-marca-avanco-historico-na-saude-com-apoio-e-articulacao-do-deputado-adriano-jose\/"]}]},{"@type":"ImageObject","inLanguage":"pt-BR","@id":"https:\/\/soldadoadrianojose.com.br\/index.php\/2026\/01\/23\/novo-hospital-municipal-de-guaira-marca-avanco-historico-na-saude-com-apoio-e-articulacao-do-deputado-adriano-jose\/#primaryimage","url":"https:\/\/soldadoadrianojose.com.br\/wp-content\/uploads\/2026\/01\/0988d474-a3b6-4285-8999-ff50c79aab5d_DJI_0950-scaled.jpg","contentUrl":"https:\/\/soldadoadrianojose.com.br\/wp-content\/uploads\/2026\/01\/0988d474-a3b6-4285-8999-ff50c79aab5d_DJI_0950-scaled.jpg","width":2560,"height":1440},{"@type":"BreadcrumbList","@id":"https:\/\/soldadoadrianojose.com.br\/index.php\/2026\/01\/23\/novo-hospital-municipal-de-guaira-marca-avanco-historico-na-saude-com-apoio-e-articulacao-do-deputado-adriano-jose\/#breadcrumb","itemListElement":[{"@type":"ListItem","position":1,"name":"In\u00edcio","item":"https:\/\/soldadoadrianojose.com.br\/"},{"@type":"ListItem","position":2,"name":"Novo Hospital Municipal de Gua\u00edra marca avan\u00e7o hist\u00f3rico na sa\u00fade com apoio e articula\u00e7\u00e3o do deputado Adriano Jos\u00e9"}]},{"@type":"WebSite","@id":"https:\/\/soldadoadrianojose.com.br\/#website","url":"https:\/\/soldadoadrianojose.com.br\/","name":"Deputado Adriano Jos\u00e9","description":"Nosso trabalho \u00e9 pelas pessoas","publisher":{"@id":"https:\/\/soldadoadrianojose.com.br\/#\/schema\/person\/16f8e8defb7a4bd6c6082efcd1bdb6bb"},"potentialAction":[{"@type":"SearchAction","target":{"@type":"EntryPoint","urlTemplate":"https:\/\/soldadoadrianojose.com.br\/?s={search_term_string}"},"query-input":{"@type":"PropertyValueSpecification","valueRequired":true,"valueName":"search_term_string"}}],"inLanguage":"pt-BR"},{"@type":["Person","Organization"],"@id":"https:\/\/soldadoadrianojose.com.br\/#\/schema\/person\/16f8e8defb7a4bd6c6082efcd1bdb6bb","name":"soldadoadrianojose","image":{"@type":"ImageObject","inLanguage":"pt-BR","@id":"https:\/\/soldadoadrianojose.com.br\/wp-content\/uploads\/2023\/02\/LOGO_CLEAR-5.png","url":"https:\/\/soldadoadrianojose.com.br\/wp-content\/uploads\/2023\/02\/LOGO_CLEAR-5.png","contentUrl":"https:\/\/soldadoadrianojose.com.br\/wp-content\/uploads\/2023\/02\/LOGO_CLEAR-5.png","width":3508,"height":998,"caption":"soldadoadrianojose"},"logo":{"@id":"https:\/\/soldadoadrianojose.com.br\/wp-content\/uploads\/2023\/02\/LOGO_CLEAR-5.png"},"sameAs":["https:\/\/soldadoadrianojose.com.br"]},{"@type":"Person","@id":"https:\/\/soldadoadrianojose.com.br\/#\/schema\/person\/cd48425bd7edd36fa5917c88fbe1cec5","name":"Emanuellig admin2","image":{"@type":"ImageObject","inLanguage":"pt-BR","@id":"https:\/\/soldadoadrianojose.com.br\/wp-content\/litespeed\/avatar\/235a59a115f40132a17fc909e61bc31d.jpg?ver=1777092356","url":"https:\/\/soldadoadrianojose.com.br\/wp-content\/litespeed\/avatar\/235a59a115f40132a17fc909e61bc31d.jpg?ver=1777092356","contentUrl":"https:\/\/soldadoadrianojose.com.br\/wp-content\/litespeed\/avatar\/235a59a115f40132a17fc909e61bc31d.jpg?ver=1777092356","caption":"Emanuellig admin2"},"url":"https:\/\/soldadoadrianojose.com.br\/index.php\/author\/manu\/"}]}},"jetpack_featured_media_url":"https:\/\/soldadoadrianojose.com.br\/wp-content\/uploads\/2026\/01\/0988d474-a3b6-4285-8999-ff50c79aab5d_DJI_0950-scaled.jpg","_links":{"self":[{"href":"https:\/\/soldadoadrianojose.com.br\/index.php\/wp-json\/wp\/v2\/posts\/3740","targetHints":{"allow":["GET"]}}],"collection":[{"href":"https:\/\/soldadoadrianojose.com.br\/index.php\/wp-json\/wp\/v2\/posts"}],"about":[{"href":"https:\/\/soldadoadrianojose.com.br\/index.php\/wp-json\/wp\/v2\/types\/post"}],"author":[{"embeddable":true,"href":"https:\/\/soldadoadrianojose.com.br\/index.php\/wp-json\/wp\/v2\/users\/3"}],"replies":[{"embeddable":true,"href":"https:\/\/soldadoadrianojose.com.br\/index.php\/wp-json\/wp\/v2\/comments?post=3740"}],"version-history":[{"count":1,"href":"https:\/\/soldadoadrianojose.com.br\/index.php\/wp-json\/wp\/v2\/posts\/3740\/revisions"}],"predecessor-version":[{"id":3741,"href":"https:\/\/soldadoadrianojose.com.br\/index.php\/wp-json\/wp\/v2\/posts\/3740\/revisions\/3741"}],"wp:featuredmedia":[{"embeddable":true,"href":"https:\/\/soldadoadrianojose.com.br\/index.php\/wp-json\/wp\/v2\/media\/3783"}],"wp:attachment":[{"href":"https:\/\/soldadoadrianojose.com.br\/index.php\/wp-json\/wp\/v2\/media?parent=3740"}],"wp:term":[{"taxonomy":"category","embeddable":true,"href":"https:\/\/soldadoadrianojose.com.br\/index.php\/wp-json\/wp\/v2\/categories?post=3740"},{"taxonomy":"post_tag","embeddable":true,"href":"https:\/\/soldadoadrianojose.com.br\/index.php\/wp-json\/wp\/v2\/tags?post=3740"}],"curies":[{"name":"wp","href":"https:\/\/api.w.org\/{rel}","templated":true}]}}