{"id":3743,"date":"2026-01-21T14:11:50","date_gmt":"2026-01-21T17:11:50","guid":{"rendered":"https:\/\/soldadoadrianojose.com.br\/?p=3743"},"modified":"2026-01-21T14:11:50","modified_gmt":"2026-01-21T17:11:50","slug":"deputado-adriano-jose-ressalta-importancia-da-integracao-policial-com-nova-base-em-ribeirao-claro","status":"publish","type":"post","link":"https:\/\/soldadoadrianojose.com.br\/index.php\/2026\/01\/21\/deputado-adriano-jose-ressalta-importancia-da-integracao-policial-com-nova-base-em-ribeirao-claro\/","title":{"rendered":"Deputado Adriano Jos\u00e9 ressalta import\u00e2ncia da integra\u00e7\u00e3o policial com nova base em Ribeir\u00e3o Claro"},"content":{"rendered":"<p>Uma nova Base Operacional do projeto Pol\u00edcia de Fronteira foi instalada nesta quarta-feira (21) no munic\u00edpio de Ribeir\u00e3o Claro, refor\u00e7ando a seguran\u00e7a em uma regi\u00e3o estrat\u00e9gica do Paran\u00e1. Com investimento de R$ 5 milh\u00f5es, a estrutura integra uma estrat\u00e9gia de blindagem das divisas do Estado, com foco no combate ao crime organizado, ao tr\u00e1fico de armas e ao contrabando, ampliando a presen\u00e7a policial e a capacidade de resposta das for\u00e7as de seguran\u00e7a.<\/p>\n<p>A base conta com tecnologia de ponta, sistemas integrados de informa\u00e7\u00e3o e patrulhamento t\u00e1tico, fortalecendo a atua\u00e7\u00e3o preventiva e repressiva. O projeto prev\u00ea a implanta\u00e7\u00e3o de 11 bases operacionais f\u00edsicas em pontos estrat\u00e9gicos do Paran\u00e1, promovendo a integra\u00e7\u00e3o entre a Pol\u00edcia Militar, a Pol\u00edcia Civil e as guardas municipais, o que garante mais efici\u00eancia no compartilhamento de dados e nas a\u00e7\u00f5es conjuntas.<\/p>\n<p>Presidente da Comiss\u00e3o de Seguran\u00e7a P\u00fablica da Assembleia Legislativa do Paran\u00e1, o deputado Adriano Jos\u00e9 tem sido um agente ativo na consolida\u00e7\u00e3o dessas a\u00e7\u00f5es. O parlamentar atua diretamente na articula\u00e7\u00e3o de investimentos, no fortalecimento das pol\u00edticas de intelig\u00eancia e na defesa de melhores condi\u00e7\u00f5es de trabalho, estrutura e valoriza\u00e7\u00e3o profissional para os policiais que atuam diariamente na prote\u00e7\u00e3o da popula\u00e7\u00e3o.<\/p>\n<p>Para Adriano Jos\u00e9, iniciativas como a nova base em Ribeir\u00e3o Claro representam um avan\u00e7o concreto na seguran\u00e7a p\u00fablica do Estado. \u201cInvestir em integra\u00e7\u00e3o, tecnologia e presen\u00e7a territorial \u00e9 proteger vidas, apoiar nossos policiais e garantir mais tranquilidade para as fam\u00edlias paranaenses\u201d, destaca o deputado, refor\u00e7ando seu compromisso com uma seguran\u00e7a p\u00fablica mais eficiente e pr\u00f3xima do cidad\u00e3o.<\/p>\n","protected":false},"excerpt":{"rendered":"<p>Uma nova Base Operacional do projeto Pol\u00edcia de Fronteira foi instalada nesta quarta-feira (21) no munic\u00edpio de Ribeir\u00e3o Claro, refor\u00e7ando a seguran\u00e7a em uma regi\u00e3o estrat\u00e9gica do Paran\u00e1. Com investimento de R$ 5 milh\u00f5es, a estrutura integra uma estrat\u00e9gia de blindagem das divisas do Estado, com foco no combate ao crime organizado, ao tr\u00e1fico de [&hellip;]<\/p>\n","protected":false},"author":3,"featured_media":3363,"comment_status":"open","ping_status":"open","sticky":false,"template":"","format":"standard","meta":{"footnotes":""},"categories":[1],"tags":[],"class_list":["post-3743","post","type-post","status-publish","format-standard","has-post-thumbnail","hentry","category-gabinete-sd"],"yoast_head":"<!-- This site is optimized with the Yoast SEO plugin v27.4 - https:\/\/yoast.com\/product\/yoast-seo-wordpress\/ -->\n<title>Deputado Adriano Jos\u00e9 ressalta import\u00e2ncia da integra\u00e7\u00e3o policial com nova base em Ribeir\u00e3o Claro - Deputado Adriano Jos\u00e9<\/title>\n<meta name=\"robots\" content=\"index, follow, max-snippet:-1, max-image-preview:large, max-video-preview:-1\" \/>\n<link rel=\"canonical\" href=\"https:\/\/soldadoadrianojose.com.br\/index.php\/2026\/01\/21\/deputado-adriano-jose-ressalta-importancia-da-integracao-policial-com-nova-base-em-ribeirao-claro\/\" \/>\n<meta property=\"og:locale\" content=\"pt_BR\" \/>\n<meta property=\"og:type\" content=\"article\" \/>\n<meta property=\"og:title\" content=\"Deputado Adriano Jos\u00e9 ressalta import\u00e2ncia da integra\u00e7\u00e3o policial com nova base em Ribeir\u00e3o Claro - Deputado Adriano Jos\u00e9\" \/>\n<meta property=\"og:description\" content=\"Uma nova Base Operacional do projeto Pol\u00edcia de Fronteira foi instalada nesta quarta-feira (21) no munic\u00edpio de Ribeir\u00e3o Claro, refor\u00e7ando a seguran\u00e7a em uma regi\u00e3o estrat\u00e9gica do Paran\u00e1. Com investimento de R$ 5 milh\u00f5es, a estrutura integra uma estrat\u00e9gia de blindagem das divisas do Estado, com foco no combate ao crime organizado, ao tr\u00e1fico de [&hellip;]\" \/>\n<meta property=\"og:url\" content=\"https:\/\/soldadoadrianojose.com.br\/index.php\/2026\/01\/21\/deputado-adriano-jose-ressalta-importancia-da-integracao-policial-com-nova-base-em-ribeirao-claro\/\" \/>\n<meta property=\"og:site_name\" content=\"Deputado Adriano Jos\u00e9\" \/>\n<meta property=\"article:published_time\" content=\"2026-01-21T17:11:50+00:00\" \/>\n<meta property=\"og:image\" content=\"https:\/\/soldadoadrianojose.com.br\/wp-content\/uploads\/2025\/09\/WhatsApp-Image-2025-07-08-at-20.33.14-1024x722-1.webp\" \/>\n\t<meta property=\"og:image:width\" content=\"1024\" \/>\n\t<meta property=\"og:image:height\" content=\"722\" \/>\n\t<meta property=\"og:image:type\" content=\"image\/webp\" \/>\n<meta name=\"author\" content=\"Emanuellig admin2\" \/>\n<meta name=\"twitter:card\" content=\"summary_large_image\" \/>\n<meta name=\"twitter:label1\" content=\"Escrito por\" \/>\n\t<meta name=\"twitter:data1\" content=\"Emanuellig admin2\" \/>\n\t<meta name=\"twitter:label2\" content=\"Est. tempo de leitura\" \/>\n\t<meta name=\"twitter:data2\" content=\"2 minutos\" \/>\n<script type=\"application\/ld+json\" class=\"yoast-schema-graph\">{\"@context\":\"https:\\\/\\\/schema.org\",\"@graph\":[{\"@type\":\"Article\",\"@id\":\"https:\\\/\\\/soldadoadrianojose.com.br\\\/index.php\\\/2026\\\/01\\\/21\\\/deputado-adriano-jose-ressalta-importancia-da-integracao-policial-com-nova-base-em-ribeirao-claro\\\/#article\",\"isPartOf\":{\"@id\":\"https:\\\/\\\/soldadoadrianojose.com.br\\\/index.php\\\/2026\\\/01\\\/21\\\/deputado-adriano-jose-ressalta-importancia-da-integracao-policial-com-nova-base-em-ribeirao-claro\\\/\"},\"author\":{\"name\":\"Emanuellig admin2\",\"@id\":\"https:\\\/\\\/soldadoadrianojose.com.br\\\/#\\\/schema\\\/person\\\/cd48425bd7edd36fa5917c88fbe1cec5\"},\"headline\":\"Deputado Adriano Jos\u00e9 ressalta import\u00e2ncia da integra\u00e7\u00e3o policial com nova base em Ribeir\u00e3o Claro\",\"datePublished\":\"2026-01-21T17:11:50+00:00\",\"mainEntityOfPage\":{\"@id\":\"https:\\\/\\\/soldadoadrianojose.com.br\\\/index.php\\\/2026\\\/01\\\/21\\\/deputado-adriano-jose-ressalta-importancia-da-integracao-policial-com-nova-base-em-ribeirao-claro\\\/\"},\"wordCount\":312,\"commentCount\":0,\"publisher\":{\"@id\":\"https:\\\/\\\/soldadoadrianojose.com.br\\\/#\\\/schema\\\/person\\\/16f8e8defb7a4bd6c6082efcd1bdb6bb\"},\"image\":{\"@id\":\"https:\\\/\\\/soldadoadrianojose.com.br\\\/index.php\\\/2026\\\/01\\\/21\\\/deputado-adriano-jose-ressalta-importancia-da-integracao-policial-com-nova-base-em-ribeirao-claro\\\/#primaryimage\"},\"thumbnailUrl\":\"https:\\\/\\\/soldadoadrianojose.com.br\\\/wp-content\\\/uploads\\\/2025\\\/09\\\/WhatsApp-Image-2025-07-08-at-20.33.14-1024x722-1.webp\",\"articleSection\":[\"GABINETE SD\"],\"inLanguage\":\"pt-BR\",\"potentialAction\":[{\"@type\":\"CommentAction\",\"name\":\"Comment\",\"target\":[\"https:\\\/\\\/soldadoadrianojose.com.br\\\/index.php\\\/2026\\\/01\\\/21\\\/deputado-adriano-jose-ressalta-importancia-da-integracao-policial-com-nova-base-em-ribeirao-claro\\\/#respond\"]}]},{\"@type\":\"WebPage\",\"@id\":\"https:\\\/\\\/soldadoadrianojose.com.br\\\/index.php\\\/2026\\\/01\\\/21\\\/deputado-adriano-jose-ressalta-importancia-da-integracao-policial-com-nova-base-em-ribeirao-claro\\\/\",\"url\":\"https:\\\/\\\/soldadoadrianojose.com.br\\\/index.php\\\/2026\\\/01\\\/21\\\/deputado-adriano-jose-ressalta-importancia-da-integracao-policial-com-nova-base-em-ribeirao-claro\\\/\",\"name\":\"Deputado Adriano Jos\u00e9 ressalta import\u00e2ncia da integra\u00e7\u00e3o policial com nova base em Ribeir\u00e3o Claro - Deputado Adriano Jos\u00e9\",\"isPartOf\":{\"@id\":\"https:\\\/\\\/soldadoadrianojose.com.br\\\/#website\"},\"primaryImageOfPage\":{\"@id\":\"https:\\\/\\\/soldadoadrianojose.com.br\\\/index.php\\\/2026\\\/01\\\/21\\\/deputado-adriano-jose-ressalta-importancia-da-integracao-policial-com-nova-base-em-ribeirao-claro\\\/#primaryimage\"},\"image\":{\"@id\":\"https:\\\/\\\/soldadoadrianojose.com.br\\\/index.php\\\/2026\\\/01\\\/21\\\/deputado-adriano-jose-ressalta-importancia-da-integracao-policial-com-nova-base-em-ribeirao-claro\\\/#primaryimage\"},\"thumbnailUrl\":\"https:\\\/\\\/soldadoadrianojose.com.br\\\/wp-content\\\/uploads\\\/2025\\\/09\\\/WhatsApp-Image-2025-07-08-at-20.33.14-1024x722-1.webp\",\"datePublished\":\"2026-01-21T17:11:50+00:00\",\"breadcrumb\":{\"@id\":\"https:\\\/\\\/soldadoadrianojose.com.br\\\/index.php\\\/2026\\\/01\\\/21\\\/deputado-adriano-jose-ressalta-importancia-da-integracao-policial-com-nova-base-em-ribeirao-claro\\\/#breadcrumb\"},\"inLanguage\":\"pt-BR\",\"potentialAction\":[{\"@type\":\"ReadAction\",\"target\":[\"https:\\\/\\\/soldadoadrianojose.com.br\\\/index.php\\\/2026\\\/01\\\/21\\\/deputado-adriano-jose-ressalta-importancia-da-integracao-policial-com-nova-base-em-ribeirao-claro\\\/\"]}]},{\"@type\":\"ImageObject\",\"inLanguage\":\"pt-BR\",\"@id\":\"https:\\\/\\\/soldadoadrianojose.com.br\\\/index.php\\\/2026\\\/01\\\/21\\\/deputado-adriano-jose-ressalta-importancia-da-integracao-policial-com-nova-base-em-ribeirao-claro\\\/#primaryimage\",\"url\":\"https:\\\/\\\/soldadoadrianojose.com.br\\\/wp-content\\\/uploads\\\/2025\\\/09\\\/WhatsApp-Image-2025-07-08-at-20.33.14-1024x722-1.webp\",\"contentUrl\":\"https:\\\/\\\/soldadoadrianojose.com.br\\\/wp-content\\\/uploads\\\/2025\\\/09\\\/WhatsApp-Image-2025-07-08-at-20.33.14-1024x722-1.webp\",\"width\":1024,\"height\":722},{\"@type\":\"BreadcrumbList\",\"@id\":\"https:\\\/\\\/soldadoadrianojose.com.br\\\/index.php\\\/2026\\\/01\\\/21\\\/deputado-adriano-jose-ressalta-importancia-da-integracao-policial-com-nova-base-em-ribeirao-claro\\\/#breadcrumb\",\"itemListElement\":[{\"@type\":\"ListItem\",\"position\":1,\"name\":\"In\u00edcio\",\"item\":\"https:\\\/\\\/soldadoadrianojose.com.br\\\/\"},{\"@type\":\"ListItem\",\"position\":2,\"name\":\"Deputado Adriano Jos\u00e9 ressalta import\u00e2ncia da integra\u00e7\u00e3o policial com nova base em Ribeir\u00e3o Claro\"}]},{\"@type\":\"WebSite\",\"@id\":\"https:\\\/\\\/soldadoadrianojose.com.br\\\/#website\",\"url\":\"https:\\\/\\\/soldadoadrianojose.com.br\\\/\",\"name\":\"Deputado Adriano Jos\u00e9\",\"description\":\"Nosso trabalho \u00e9 pelas pessoas\",\"publisher\":{\"@id\":\"https:\\\/\\\/soldadoadrianojose.com.br\\\/#\\\/schema\\\/person\\\/16f8e8defb7a4bd6c6082efcd1bdb6bb\"},\"potentialAction\":[{\"@type\":\"SearchAction\",\"target\":{\"@type\":\"EntryPoint\",\"urlTemplate\":\"https:\\\/\\\/soldadoadrianojose.com.br\\\/?s={search_term_string}\"},\"query-input\":{\"@type\":\"PropertyValueSpecification\",\"valueRequired\":true,\"valueName\":\"search_term_string\"}}],\"inLanguage\":\"pt-BR\"},{\"@type\":[\"Person\",\"Organization\"],\"@id\":\"https:\\\/\\\/soldadoadrianojose.com.br\\\/#\\\/schema\\\/person\\\/16f8e8defb7a4bd6c6082efcd1bdb6bb\",\"name\":\"soldadoadrianojose\",\"image\":{\"@type\":\"ImageObject\",\"inLanguage\":\"pt-BR\",\"@id\":\"https:\\\/\\\/soldadoadrianojose.com.br\\\/wp-content\\\/uploads\\\/2023\\\/02\\\/LOGO_CLEAR-5.png\",\"url\":\"https:\\\/\\\/soldadoadrianojose.com.br\\\/wp-content\\\/uploads\\\/2023\\\/02\\\/LOGO_CLEAR-5.png\",\"contentUrl\":\"https:\\\/\\\/soldadoadrianojose.com.br\\\/wp-content\\\/uploads\\\/2023\\\/02\\\/LOGO_CLEAR-5.png\",\"width\":3508,\"height\":998,\"caption\":\"soldadoadrianojose\"},\"logo\":{\"@id\":\"https:\\\/\\\/soldadoadrianojose.com.br\\\/wp-content\\\/uploads\\\/2023\\\/02\\\/LOGO_CLEAR-5.png\"},\"sameAs\":[\"https:\\\/\\\/soldadoadrianojose.com.br\"]},{\"@type\":\"Person\",\"@id\":\"https:\\\/\\\/soldadoadrianojose.com.br\\\/#\\\/schema\\\/person\\\/cd48425bd7edd36fa5917c88fbe1cec5\",\"name\":\"Emanuellig admin2\",\"image\":{\"@type\":\"ImageObject\",\"inLanguage\":\"pt-BR\",\"@id\":\"https:\\\/\\\/soldadoadrianojose.com.br\\\/wp-content\\\/litespeed\\\/avatar\\\/235a59a115f40132a17fc909e61bc31d.jpg?ver=1777092356\",\"url\":\"https:\\\/\\\/soldadoadrianojose.com.br\\\/wp-content\\\/litespeed\\\/avatar\\\/235a59a115f40132a17fc909e61bc31d.jpg?ver=1777092356\",\"contentUrl\":\"https:\\\/\\\/soldadoadrianojose.com.br\\\/wp-content\\\/litespeed\\\/avatar\\\/235a59a115f40132a17fc909e61bc31d.jpg?ver=1777092356\",\"caption\":\"Emanuellig admin2\"},\"url\":\"https:\\\/\\\/soldadoadrianojose.com.br\\\/index.php\\\/author\\\/manu\\\/\"}]}<\/script>\n<!-- \/ Yoast SEO plugin. -->","yoast_head_json":{"title":"Deputado Adriano Jos\u00e9 ressalta import\u00e2ncia da integra\u00e7\u00e3o policial com nova base em Ribeir\u00e3o Claro - Deputado Adriano Jos\u00e9","robots":{"index":"index","follow":"follow","max-snippet":"max-snippet:-1","max-image-preview":"max-image-preview:large","max-video-preview":"max-video-preview:-1"},"canonical":"https:\/\/soldadoadrianojose.com.br\/index.php\/2026\/01\/21\/deputado-adriano-jose-ressalta-importancia-da-integracao-policial-com-nova-base-em-ribeirao-claro\/","og_locale":"pt_BR","og_type":"article","og_title":"Deputado Adriano Jos\u00e9 ressalta import\u00e2ncia da integra\u00e7\u00e3o policial com nova base em Ribeir\u00e3o Claro - Deputado Adriano Jos\u00e9","og_description":"Uma nova Base Operacional do projeto Pol\u00edcia de Fronteira foi instalada nesta quarta-feira (21) no munic\u00edpio de Ribeir\u00e3o Claro, refor\u00e7ando a seguran\u00e7a em uma regi\u00e3o estrat\u00e9gica do Paran\u00e1. Com investimento de R$ 5 milh\u00f5es, a estrutura integra uma estrat\u00e9gia de blindagem das divisas do Estado, com foco no combate ao crime organizado, ao tr\u00e1fico de [&hellip;]","og_url":"https:\/\/soldadoadrianojose.com.br\/index.php\/2026\/01\/21\/deputado-adriano-jose-ressalta-importancia-da-integracao-policial-com-nova-base-em-ribeirao-claro\/","og_site_name":"Deputado Adriano Jos\u00e9","article_published_time":"2026-01-21T17:11:50+00:00","og_image":[{"width":1024,"height":722,"url":"https:\/\/soldadoadrianojose.com.br\/wp-content\/uploads\/2025\/09\/WhatsApp-Image-2025-07-08-at-20.33.14-1024x722-1.webp","type":"image\/webp"}],"author":"Emanuellig admin2","twitter_card":"summary_large_image","twitter_misc":{"Escrito por":"Emanuellig admin2","Est. tempo de leitura":"2 minutos"},"schema":{"@context":"https:\/\/schema.org","@graph":[{"@type":"Article","@id":"https:\/\/soldadoadrianojose.com.br\/index.php\/2026\/01\/21\/deputado-adriano-jose-ressalta-importancia-da-integracao-policial-com-nova-base-em-ribeirao-claro\/#article","isPartOf":{"@id":"https:\/\/soldadoadrianojose.com.br\/index.php\/2026\/01\/21\/deputado-adriano-jose-ressalta-importancia-da-integracao-policial-com-nova-base-em-ribeirao-claro\/"},"author":{"name":"Emanuellig admin2","@id":"https:\/\/soldadoadrianojose.com.br\/#\/schema\/person\/cd48425bd7edd36fa5917c88fbe1cec5"},"headline":"Deputado Adriano Jos\u00e9 ressalta import\u00e2ncia da integra\u00e7\u00e3o policial com nova base em Ribeir\u00e3o Claro","datePublished":"2026-01-21T17:11:50+00:00","mainEntityOfPage":{"@id":"https:\/\/soldadoadrianojose.com.br\/index.php\/2026\/01\/21\/deputado-adriano-jose-ressalta-importancia-da-integracao-policial-com-nova-base-em-ribeirao-claro\/"},"wordCount":312,"commentCount":0,"publisher":{"@id":"https:\/\/soldadoadrianojose.com.br\/#\/schema\/person\/16f8e8defb7a4bd6c6082efcd1bdb6bb"},"image":{"@id":"https:\/\/soldadoadrianojose.com.br\/index.php\/2026\/01\/21\/deputado-adriano-jose-ressalta-importancia-da-integracao-policial-com-nova-base-em-ribeirao-claro\/#primaryimage"},"thumbnailUrl":"https:\/\/soldadoadrianojose.com.br\/wp-content\/uploads\/2025\/09\/WhatsApp-Image-2025-07-08-at-20.33.14-1024x722-1.webp","articleSection":["GABINETE SD"],"inLanguage":"pt-BR","potentialAction":[{"@type":"CommentAction","name":"Comment","target":["https:\/\/soldadoadrianojose.com.br\/index.php\/2026\/01\/21\/deputado-adriano-jose-ressalta-importancia-da-integracao-policial-com-nova-base-em-ribeirao-claro\/#respond"]}]},{"@type":"WebPage","@id":"https:\/\/soldadoadrianojose.com.br\/index.php\/2026\/01\/21\/deputado-adriano-jose-ressalta-importancia-da-integracao-policial-com-nova-base-em-ribeirao-claro\/","url":"https:\/\/soldadoadrianojose.com.br\/index.php\/2026\/01\/21\/deputado-adriano-jose-ressalta-importancia-da-integracao-policial-com-nova-base-em-ribeirao-claro\/","name":"Deputado Adriano Jos\u00e9 ressalta import\u00e2ncia da integra\u00e7\u00e3o policial com nova base em Ribeir\u00e3o Claro - Deputado Adriano Jos\u00e9","isPartOf":{"@id":"https:\/\/soldadoadrianojose.com.br\/#website"},"primaryImageOfPage":{"@id":"https:\/\/soldadoadrianojose.com.br\/index.php\/2026\/01\/21\/deputado-adriano-jose-ressalta-importancia-da-integracao-policial-com-nova-base-em-ribeirao-claro\/#primaryimage"},"image":{"@id":"https:\/\/soldadoadrianojose.com.br\/index.php\/2026\/01\/21\/deputado-adriano-jose-ressalta-importancia-da-integracao-policial-com-nova-base-em-ribeirao-claro\/#primaryimage"},"thumbnailUrl":"https:\/\/soldadoadrianojose.com.br\/wp-content\/uploads\/2025\/09\/WhatsApp-Image-2025-07-08-at-20.33.14-1024x722-1.webp","datePublished":"2026-01-21T17:11:50+00:00","breadcrumb":{"@id":"https:\/\/soldadoadrianojose.com.br\/index.php\/2026\/01\/21\/deputado-adriano-jose-ressalta-importancia-da-integracao-policial-com-nova-base-em-ribeirao-claro\/#breadcrumb"},"inLanguage":"pt-BR","potentialAction":[{"@type":"ReadAction","target":["https:\/\/soldadoadrianojose.com.br\/index.php\/2026\/01\/21\/deputado-adriano-jose-ressalta-importancia-da-integracao-policial-com-nova-base-em-ribeirao-claro\/"]}]},{"@type":"ImageObject","inLanguage":"pt-BR","@id":"https:\/\/soldadoadrianojose.com.br\/index.php\/2026\/01\/21\/deputado-adriano-jose-ressalta-importancia-da-integracao-policial-com-nova-base-em-ribeirao-claro\/#primaryimage","url":"https:\/\/soldadoadrianojose.com.br\/wp-content\/uploads\/2025\/09\/WhatsApp-Image-2025-07-08-at-20.33.14-1024x722-1.webp","contentUrl":"https:\/\/soldadoadrianojose.com.br\/wp-content\/uploads\/2025\/09\/WhatsApp-Image-2025-07-08-at-20.33.14-1024x722-1.webp","width":1024,"height":722},{"@type":"BreadcrumbList","@id":"https:\/\/soldadoadrianojose.com.br\/index.php\/2026\/01\/21\/deputado-adriano-jose-ressalta-importancia-da-integracao-policial-com-nova-base-em-ribeirao-claro\/#breadcrumb","itemListElement":[{"@type":"ListItem","position":1,"name":"In\u00edcio","item":"https:\/\/soldadoadrianojose.com.br\/"},{"@type":"ListItem","position":2,"name":"Deputado Adriano Jos\u00e9 ressalta import\u00e2ncia da integra\u00e7\u00e3o policial com nova base em Ribeir\u00e3o Claro"}]},{"@type":"WebSite","@id":"https:\/\/soldadoadrianojose.com.br\/#website","url":"https:\/\/soldadoadrianojose.com.br\/","name":"Deputado Adriano Jos\u00e9","description":"Nosso trabalho \u00e9 pelas pessoas","publisher":{"@id":"https:\/\/soldadoadrianojose.com.br\/#\/schema\/person\/16f8e8defb7a4bd6c6082efcd1bdb6bb"},"potentialAction":[{"@type":"SearchAction","target":{"@type":"EntryPoint","urlTemplate":"https:\/\/soldadoadrianojose.com.br\/?s={search_term_string}"},"query-input":{"@type":"PropertyValueSpecification","valueRequired":true,"valueName":"search_term_string"}}],"inLanguage":"pt-BR"},{"@type":["Person","Organization"],"@id":"https:\/\/soldadoadrianojose.com.br\/#\/schema\/person\/16f8e8defb7a4bd6c6082efcd1bdb6bb","name":"soldadoadrianojose","image":{"@type":"ImageObject","inLanguage":"pt-BR","@id":"https:\/\/soldadoadrianojose.com.br\/wp-content\/uploads\/2023\/02\/LOGO_CLEAR-5.png","url":"https:\/\/soldadoadrianojose.com.br\/wp-content\/uploads\/2023\/02\/LOGO_CLEAR-5.png","contentUrl":"https:\/\/soldadoadrianojose.com.br\/wp-content\/uploads\/2023\/02\/LOGO_CLEAR-5.png","width":3508,"height":998,"caption":"soldadoadrianojose"},"logo":{"@id":"https:\/\/soldadoadrianojose.com.br\/wp-content\/uploads\/2023\/02\/LOGO_CLEAR-5.png"},"sameAs":["https:\/\/soldadoadrianojose.com.br"]},{"@type":"Person","@id":"https:\/\/soldadoadrianojose.com.br\/#\/schema\/person\/cd48425bd7edd36fa5917c88fbe1cec5","name":"Emanuellig admin2","image":{"@type":"ImageObject","inLanguage":"pt-BR","@id":"https:\/\/soldadoadrianojose.com.br\/wp-content\/litespeed\/avatar\/235a59a115f40132a17fc909e61bc31d.jpg?ver=1777092356","url":"https:\/\/soldadoadrianojose.com.br\/wp-content\/litespeed\/avatar\/235a59a115f40132a17fc909e61bc31d.jpg?ver=1777092356","contentUrl":"https:\/\/soldadoadrianojose.com.br\/wp-content\/litespeed\/avatar\/235a59a115f40132a17fc909e61bc31d.jpg?ver=1777092356","caption":"Emanuellig admin2"},"url":"https:\/\/soldadoadrianojose.com.br\/index.php\/author\/manu\/"}]}},"jetpack_featured_media_url":"https:\/\/soldadoadrianojose.com.br\/wp-content\/uploads\/2025\/09\/WhatsApp-Image-2025-07-08-at-20.33.14-1024x722-1.webp","_links":{"self":[{"href":"https:\/\/soldadoadrianojose.com.br\/index.php\/wp-json\/wp\/v2\/posts\/3743","targetHints":{"allow":["GET"]}}],"collection":[{"href":"https:\/\/soldadoadrianojose.com.br\/index.php\/wp-json\/wp\/v2\/posts"}],"about":[{"href":"https:\/\/soldadoadrianojose.com.br\/index.php\/wp-json\/wp\/v2\/types\/post"}],"author":[{"embeddable":true,"href":"https:\/\/soldadoadrianojose.com.br\/index.php\/wp-json\/wp\/v2\/users\/3"}],"replies":[{"embeddable":true,"href":"https:\/\/soldadoadrianojose.com.br\/index.php\/wp-json\/wp\/v2\/comments?post=3743"}],"version-history":[{"count":1,"href":"https:\/\/soldadoadrianojose.com.br\/index.php\/wp-json\/wp\/v2\/posts\/3743\/revisions"}],"predecessor-version":[{"id":3744,"href":"https:\/\/soldadoadrianojose.com.br\/index.php\/wp-json\/wp\/v2\/posts\/3743\/revisions\/3744"}],"wp:featuredmedia":[{"embeddable":true,"href":"https:\/\/soldadoadrianojose.com.br\/index.php\/wp-json\/wp\/v2\/media\/3363"}],"wp:attachment":[{"href":"https:\/\/soldadoadrianojose.com.br\/index.php\/wp-json\/wp\/v2\/media?parent=3743"}],"wp:term":[{"taxonomy":"category","embeddable":true,"href":"https:\/\/soldadoadrianojose.com.br\/index.php\/wp-json\/wp\/v2\/categories?post=3743"},{"taxonomy":"post_tag","embeddable":true,"href":"https:\/\/soldadoadrianojose.com.br\/index.php\/wp-json\/wp\/v2\/tags?post=3743"}],"curies":[{"name":"wp","href":"https:\/\/api.w.org\/{rel}","templated":true}]}}