{"id":3767,"date":"2026-01-21T14:50:06","date_gmt":"2026-01-21T17:50:06","guid":{"rendered":"https:\/\/soldadoadrianojose.com.br\/?p=3767"},"modified":"2026-01-21T15:58:17","modified_gmt":"2026-01-21T18:58:17","slug":"deputado-adriano-jose-parabeniza-jonathan-campos-por-exposicao-instante-do-olhar-no-mon","status":"publish","type":"post","link":"https:\/\/soldadoadrianojose.com.br\/index.php\/2026\/01\/21\/deputado-adriano-jose-parabeniza-jonathan-campos-por-exposicao-instante-do-olhar-no-mon\/","title":{"rendered":"Deputado Adriano Jos\u00e9 parabeniza Jonathan Campos por exposi\u00e7\u00e3o &#8220;Instante do Olhar&#8221; no MON"},"content":{"rendered":"<p>A fotografia como mem\u00f3ria, emo\u00e7\u00e3o e testemunho do tempo ganha destaque no Museu Oscar Niemeyer com a exposi\u00e7\u00e3o Instante do Olhar, do fot\u00f3grafo Jonathan Campos. A mostra abre ao p\u00fablico no dia 27 de janeiro, na Sala de Vidro do MON, e segue at\u00e9 12 de fevereiro, com entrada gratuita pelo v\u00e3o-livre. Ao todo, s\u00e3o 50 imagens que percorrem diferentes momentos, cen\u00e1rios e realidades, resultado de duas d\u00e9cadas dedicadas ao fotojornalismo e \u00e0 fotografia documental.<\/p>\n<p>Para o deputado estadual Adriano Jos\u00e9, a exposi\u00e7\u00e3o vai al\u00e9m da est\u00e9tica e cumpre um papel essencial de preserva\u00e7\u00e3o da hist\u00f3ria. \u201cO Jonathan tem a capacidade rara de transformar o cotidiano em mem\u00f3ria viva. Cada fotografia carrega verdade, respeito e humanidade. \u00c9 um trabalho que ajuda a contar quem somos como povo\u201d, afirmou o parlamentar, ao parabenizar o fot\u00f3grafo pela trajet\u00f3ria e pela mostra.<\/p>\n<p>Os registros apresentados revelam um olhar atento \u00e0s rela\u00e7\u00f5es entre imagem e realidade, sempre guiado pela sensibilidade e pelo compromisso com a informa\u00e7\u00e3o. Ao longo da carreira, Jonathan Campos percorreu o Paran\u00e1, o Brasil e outros pa\u00edses, documentando grandes eventos e, principalmente, hist\u00f3rias humanas que atravessam o tempo. Seu trabalho se tornou refer\u00eancia pela honestidade do olhar e pela for\u00e7a narrativa de cada clique.<\/p>\n<p>Desde 2020, Jonathan atua na fotografia institucional, registrando a\u00e7\u00f5es do Governo do Estado e contribuindo para a constru\u00e7\u00e3o da mem\u00f3ria oficial do Paran\u00e1. Para Adriano Jos\u00e9, prestigiar a exposi\u00e7\u00e3o \u00e9 tamb\u00e9m valorizar a cultura e os profissionais que ajudam a preservar a identidade paranaense. \u201cFica o convite para que todos visitem a exposi\u00e7\u00e3o e sintam, atrav\u00e9s das imagens, a profundidade desse olhar que tanto orgulha o nosso Estado\u201d, concluiu o deputado.<\/p>\n<p>&nbsp;<\/p>\n","protected":false},"excerpt":{"rendered":"<p>A fotografia como mem\u00f3ria, emo\u00e7\u00e3o e testemunho do tempo ganha destaque no Museu Oscar Niemeyer com a exposi\u00e7\u00e3o Instante do Olhar, do fot\u00f3grafo Jonathan Campos. A mostra abre ao p\u00fablico no dia 27 de janeiro, na Sala de Vidro do MON, e segue at\u00e9 12 de fevereiro, com entrada gratuita pelo v\u00e3o-livre. Ao todo, s\u00e3o [&hellip;]<\/p>\n","protected":false},"author":3,"featured_media":3769,"comment_status":"open","ping_status":"open","sticky":false,"template":"","format":"standard","meta":{"footnotes":""},"categories":[1],"tags":[],"class_list":["post-3767","post","type-post","status-publish","format-standard","has-post-thumbnail","hentry","category-gabinete-sd"],"yoast_head":"<!-- This site is optimized with the Yoast SEO plugin v27.4 - https:\/\/yoast.com\/product\/yoast-seo-wordpress\/ -->\n<title>Deputado Adriano Jos\u00e9 parabeniza Jonathan Campos por exposi\u00e7\u00e3o &quot;Instante do Olhar&quot; no MON - Deputado Adriano Jos\u00e9<\/title>\n<meta name=\"robots\" content=\"index, follow, max-snippet:-1, max-image-preview:large, max-video-preview:-1\" \/>\n<link rel=\"canonical\" href=\"https:\/\/soldadoadrianojose.com.br\/index.php\/2026\/01\/21\/deputado-adriano-jose-parabeniza-jonathan-campos-por-exposicao-instante-do-olhar-no-mon\/\" \/>\n<meta property=\"og:locale\" content=\"pt_BR\" \/>\n<meta property=\"og:type\" content=\"article\" \/>\n<meta property=\"og:title\" content=\"Deputado Adriano Jos\u00e9 parabeniza Jonathan Campos por exposi\u00e7\u00e3o &quot;Instante do Olhar&quot; no MON - Deputado Adriano Jos\u00e9\" \/>\n<meta property=\"og:description\" content=\"A fotografia como mem\u00f3ria, emo\u00e7\u00e3o e testemunho do tempo ganha destaque no Museu Oscar Niemeyer com a exposi\u00e7\u00e3o Instante do Olhar, do fot\u00f3grafo Jonathan Campos. A mostra abre ao p\u00fablico no dia 27 de janeiro, na Sala de Vidro do MON, e segue at\u00e9 12 de fevereiro, com entrada gratuita pelo v\u00e3o-livre. Ao todo, s\u00e3o [&hellip;]\" \/>\n<meta property=\"og:url\" content=\"https:\/\/soldadoadrianojose.com.br\/index.php\/2026\/01\/21\/deputado-adriano-jose-parabeniza-jonathan-campos-por-exposicao-instante-do-olhar-no-mon\/\" \/>\n<meta property=\"og:site_name\" content=\"Deputado Adriano Jos\u00e9\" \/>\n<meta property=\"article:published_time\" content=\"2026-01-21T17:50:06+00:00\" \/>\n<meta property=\"article:modified_time\" content=\"2026-01-21T18:58:17+00:00\" \/>\n<meta property=\"og:image\" content=\"https:\/\/soldadoadrianojose.com.br\/wp-content\/uploads\/2026\/01\/WhatsApp-Image-2026-01-21-at-13.30.05-2-scaled.jpeg\" \/>\n\t<meta property=\"og:image:width\" content=\"1920\" \/>\n\t<meta property=\"og:image:height\" content=\"2560\" \/>\n\t<meta property=\"og:image:type\" content=\"image\/jpeg\" \/>\n<meta name=\"author\" content=\"Emanuellig admin2\" \/>\n<meta name=\"twitter:card\" content=\"summary_large_image\" \/>\n<meta name=\"twitter:label1\" content=\"Escrito por\" \/>\n\t<meta name=\"twitter:data1\" content=\"Emanuellig admin2\" \/>\n\t<meta name=\"twitter:label2\" content=\"Est. tempo de leitura\" \/>\n\t<meta name=\"twitter:data2\" content=\"2 minutos\" \/>\n<script type=\"application\/ld+json\" class=\"yoast-schema-graph\">{\"@context\":\"https:\\\/\\\/schema.org\",\"@graph\":[{\"@type\":\"Article\",\"@id\":\"https:\\\/\\\/soldadoadrianojose.com.br\\\/index.php\\\/2026\\\/01\\\/21\\\/deputado-adriano-jose-parabeniza-jonathan-campos-por-exposicao-instante-do-olhar-no-mon\\\/#article\",\"isPartOf\":{\"@id\":\"https:\\\/\\\/soldadoadrianojose.com.br\\\/index.php\\\/2026\\\/01\\\/21\\\/deputado-adriano-jose-parabeniza-jonathan-campos-por-exposicao-instante-do-olhar-no-mon\\\/\"},\"author\":{\"name\":\"Emanuellig admin2\",\"@id\":\"https:\\\/\\\/soldadoadrianojose.com.br\\\/#\\\/schema\\\/person\\\/cd48425bd7edd36fa5917c88fbe1cec5\"},\"headline\":\"Deputado Adriano Jos\u00e9 parabeniza Jonathan Campos por exposi\u00e7\u00e3o &#8220;Instante do Olhar&#8221; no MON\",\"datePublished\":\"2026-01-21T17:50:06+00:00\",\"dateModified\":\"2026-01-21T18:58:17+00:00\",\"mainEntityOfPage\":{\"@id\":\"https:\\\/\\\/soldadoadrianojose.com.br\\\/index.php\\\/2026\\\/01\\\/21\\\/deputado-adriano-jose-parabeniza-jonathan-campos-por-exposicao-instante-do-olhar-no-mon\\\/\"},\"wordCount\":312,\"commentCount\":0,\"publisher\":{\"@id\":\"https:\\\/\\\/soldadoadrianojose.com.br\\\/#\\\/schema\\\/person\\\/16f8e8defb7a4bd6c6082efcd1bdb6bb\"},\"image\":{\"@id\":\"https:\\\/\\\/soldadoadrianojose.com.br\\\/index.php\\\/2026\\\/01\\\/21\\\/deputado-adriano-jose-parabeniza-jonathan-campos-por-exposicao-instante-do-olhar-no-mon\\\/#primaryimage\"},\"thumbnailUrl\":\"https:\\\/\\\/soldadoadrianojose.com.br\\\/wp-content\\\/uploads\\\/2026\\\/01\\\/WhatsApp-Image-2026-01-21-at-13.30.05-2-scaled.jpeg\",\"articleSection\":[\"GABINETE SD\"],\"inLanguage\":\"pt-BR\",\"potentialAction\":[{\"@type\":\"CommentAction\",\"name\":\"Comment\",\"target\":[\"https:\\\/\\\/soldadoadrianojose.com.br\\\/index.php\\\/2026\\\/01\\\/21\\\/deputado-adriano-jose-parabeniza-jonathan-campos-por-exposicao-instante-do-olhar-no-mon\\\/#respond\"]}]},{\"@type\":\"WebPage\",\"@id\":\"https:\\\/\\\/soldadoadrianojose.com.br\\\/index.php\\\/2026\\\/01\\\/21\\\/deputado-adriano-jose-parabeniza-jonathan-campos-por-exposicao-instante-do-olhar-no-mon\\\/\",\"url\":\"https:\\\/\\\/soldadoadrianojose.com.br\\\/index.php\\\/2026\\\/01\\\/21\\\/deputado-adriano-jose-parabeniza-jonathan-campos-por-exposicao-instante-do-olhar-no-mon\\\/\",\"name\":\"Deputado Adriano Jos\u00e9 parabeniza Jonathan Campos por exposi\u00e7\u00e3o \\\"Instante do Olhar\\\" no MON - Deputado Adriano Jos\u00e9\",\"isPartOf\":{\"@id\":\"https:\\\/\\\/soldadoadrianojose.com.br\\\/#website\"},\"primaryImageOfPage\":{\"@id\":\"https:\\\/\\\/soldadoadrianojose.com.br\\\/index.php\\\/2026\\\/01\\\/21\\\/deputado-adriano-jose-parabeniza-jonathan-campos-por-exposicao-instante-do-olhar-no-mon\\\/#primaryimage\"},\"image\":{\"@id\":\"https:\\\/\\\/soldadoadrianojose.com.br\\\/index.php\\\/2026\\\/01\\\/21\\\/deputado-adriano-jose-parabeniza-jonathan-campos-por-exposicao-instante-do-olhar-no-mon\\\/#primaryimage\"},\"thumbnailUrl\":\"https:\\\/\\\/soldadoadrianojose.com.br\\\/wp-content\\\/uploads\\\/2026\\\/01\\\/WhatsApp-Image-2026-01-21-at-13.30.05-2-scaled.jpeg\",\"datePublished\":\"2026-01-21T17:50:06+00:00\",\"dateModified\":\"2026-01-21T18:58:17+00:00\",\"breadcrumb\":{\"@id\":\"https:\\\/\\\/soldadoadrianojose.com.br\\\/index.php\\\/2026\\\/01\\\/21\\\/deputado-adriano-jose-parabeniza-jonathan-campos-por-exposicao-instante-do-olhar-no-mon\\\/#breadcrumb\"},\"inLanguage\":\"pt-BR\",\"potentialAction\":[{\"@type\":\"ReadAction\",\"target\":[\"https:\\\/\\\/soldadoadrianojose.com.br\\\/index.php\\\/2026\\\/01\\\/21\\\/deputado-adriano-jose-parabeniza-jonathan-campos-por-exposicao-instante-do-olhar-no-mon\\\/\"]}]},{\"@type\":\"ImageObject\",\"inLanguage\":\"pt-BR\",\"@id\":\"https:\\\/\\\/soldadoadrianojose.com.br\\\/index.php\\\/2026\\\/01\\\/21\\\/deputado-adriano-jose-parabeniza-jonathan-campos-por-exposicao-instante-do-olhar-no-mon\\\/#primaryimage\",\"url\":\"https:\\\/\\\/soldadoadrianojose.com.br\\\/wp-content\\\/uploads\\\/2026\\\/01\\\/WhatsApp-Image-2026-01-21-at-13.30.05-2-scaled.jpeg\",\"contentUrl\":\"https:\\\/\\\/soldadoadrianojose.com.br\\\/wp-content\\\/uploads\\\/2026\\\/01\\\/WhatsApp-Image-2026-01-21-at-13.30.05-2-scaled.jpeg\",\"width\":1920,\"height\":2560},{\"@type\":\"BreadcrumbList\",\"@id\":\"https:\\\/\\\/soldadoadrianojose.com.br\\\/index.php\\\/2026\\\/01\\\/21\\\/deputado-adriano-jose-parabeniza-jonathan-campos-por-exposicao-instante-do-olhar-no-mon\\\/#breadcrumb\",\"itemListElement\":[{\"@type\":\"ListItem\",\"position\":1,\"name\":\"In\u00edcio\",\"item\":\"https:\\\/\\\/soldadoadrianojose.com.br\\\/\"},{\"@type\":\"ListItem\",\"position\":2,\"name\":\"Deputado Adriano Jos\u00e9 parabeniza Jonathan Campos por exposi\u00e7\u00e3o &#8220;Instante do Olhar&#8221; no MON\"}]},{\"@type\":\"WebSite\",\"@id\":\"https:\\\/\\\/soldadoadrianojose.com.br\\\/#website\",\"url\":\"https:\\\/\\\/soldadoadrianojose.com.br\\\/\",\"name\":\"Deputado Adriano Jos\u00e9\",\"description\":\"Nosso trabalho \u00e9 pelas pessoas\",\"publisher\":{\"@id\":\"https:\\\/\\\/soldadoadrianojose.com.br\\\/#\\\/schema\\\/person\\\/16f8e8defb7a4bd6c6082efcd1bdb6bb\"},\"potentialAction\":[{\"@type\":\"SearchAction\",\"target\":{\"@type\":\"EntryPoint\",\"urlTemplate\":\"https:\\\/\\\/soldadoadrianojose.com.br\\\/?s={search_term_string}\"},\"query-input\":{\"@type\":\"PropertyValueSpecification\",\"valueRequired\":true,\"valueName\":\"search_term_string\"}}],\"inLanguage\":\"pt-BR\"},{\"@type\":[\"Person\",\"Organization\"],\"@id\":\"https:\\\/\\\/soldadoadrianojose.com.br\\\/#\\\/schema\\\/person\\\/16f8e8defb7a4bd6c6082efcd1bdb6bb\",\"name\":\"soldadoadrianojose\",\"image\":{\"@type\":\"ImageObject\",\"inLanguage\":\"pt-BR\",\"@id\":\"https:\\\/\\\/soldadoadrianojose.com.br\\\/wp-content\\\/uploads\\\/2023\\\/02\\\/LOGO_CLEAR-5.png\",\"url\":\"https:\\\/\\\/soldadoadrianojose.com.br\\\/wp-content\\\/uploads\\\/2023\\\/02\\\/LOGO_CLEAR-5.png\",\"contentUrl\":\"https:\\\/\\\/soldadoadrianojose.com.br\\\/wp-content\\\/uploads\\\/2023\\\/02\\\/LOGO_CLEAR-5.png\",\"width\":3508,\"height\":998,\"caption\":\"soldadoadrianojose\"},\"logo\":{\"@id\":\"https:\\\/\\\/soldadoadrianojose.com.br\\\/wp-content\\\/uploads\\\/2023\\\/02\\\/LOGO_CLEAR-5.png\"},\"sameAs\":[\"https:\\\/\\\/soldadoadrianojose.com.br\"]},{\"@type\":\"Person\",\"@id\":\"https:\\\/\\\/soldadoadrianojose.com.br\\\/#\\\/schema\\\/person\\\/cd48425bd7edd36fa5917c88fbe1cec5\",\"name\":\"Emanuellig admin2\",\"image\":{\"@type\":\"ImageObject\",\"inLanguage\":\"pt-BR\",\"@id\":\"https:\\\/\\\/soldadoadrianojose.com.br\\\/wp-content\\\/litespeed\\\/avatar\\\/235a59a115f40132a17fc909e61bc31d.jpg?ver=1777092356\",\"url\":\"https:\\\/\\\/soldadoadrianojose.com.br\\\/wp-content\\\/litespeed\\\/avatar\\\/235a59a115f40132a17fc909e61bc31d.jpg?ver=1777092356\",\"contentUrl\":\"https:\\\/\\\/soldadoadrianojose.com.br\\\/wp-content\\\/litespeed\\\/avatar\\\/235a59a115f40132a17fc909e61bc31d.jpg?ver=1777092356\",\"caption\":\"Emanuellig admin2\"},\"url\":\"https:\\\/\\\/soldadoadrianojose.com.br\\\/index.php\\\/author\\\/manu\\\/\"}]}<\/script>\n<!-- \/ Yoast SEO plugin. -->","yoast_head_json":{"title":"Deputado Adriano Jos\u00e9 parabeniza Jonathan Campos por exposi\u00e7\u00e3o \"Instante do Olhar\" no MON - Deputado Adriano Jos\u00e9","robots":{"index":"index","follow":"follow","max-snippet":"max-snippet:-1","max-image-preview":"max-image-preview:large","max-video-preview":"max-video-preview:-1"},"canonical":"https:\/\/soldadoadrianojose.com.br\/index.php\/2026\/01\/21\/deputado-adriano-jose-parabeniza-jonathan-campos-por-exposicao-instante-do-olhar-no-mon\/","og_locale":"pt_BR","og_type":"article","og_title":"Deputado Adriano Jos\u00e9 parabeniza Jonathan Campos por exposi\u00e7\u00e3o \"Instante do Olhar\" no MON - Deputado Adriano Jos\u00e9","og_description":"A fotografia como mem\u00f3ria, emo\u00e7\u00e3o e testemunho do tempo ganha destaque no Museu Oscar Niemeyer com a exposi\u00e7\u00e3o Instante do Olhar, do fot\u00f3grafo Jonathan Campos. A mostra abre ao p\u00fablico no dia 27 de janeiro, na Sala de Vidro do MON, e segue at\u00e9 12 de fevereiro, com entrada gratuita pelo v\u00e3o-livre. Ao todo, s\u00e3o [&hellip;]","og_url":"https:\/\/soldadoadrianojose.com.br\/index.php\/2026\/01\/21\/deputado-adriano-jose-parabeniza-jonathan-campos-por-exposicao-instante-do-olhar-no-mon\/","og_site_name":"Deputado Adriano Jos\u00e9","article_published_time":"2026-01-21T17:50:06+00:00","article_modified_time":"2026-01-21T18:58:17+00:00","og_image":[{"width":1920,"height":2560,"url":"https:\/\/soldadoadrianojose.com.br\/wp-content\/uploads\/2026\/01\/WhatsApp-Image-2026-01-21-at-13.30.05-2-scaled.jpeg","type":"image\/jpeg"}],"author":"Emanuellig admin2","twitter_card":"summary_large_image","twitter_misc":{"Escrito por":"Emanuellig admin2","Est. tempo de leitura":"2 minutos"},"schema":{"@context":"https:\/\/schema.org","@graph":[{"@type":"Article","@id":"https:\/\/soldadoadrianojose.com.br\/index.php\/2026\/01\/21\/deputado-adriano-jose-parabeniza-jonathan-campos-por-exposicao-instante-do-olhar-no-mon\/#article","isPartOf":{"@id":"https:\/\/soldadoadrianojose.com.br\/index.php\/2026\/01\/21\/deputado-adriano-jose-parabeniza-jonathan-campos-por-exposicao-instante-do-olhar-no-mon\/"},"author":{"name":"Emanuellig admin2","@id":"https:\/\/soldadoadrianojose.com.br\/#\/schema\/person\/cd48425bd7edd36fa5917c88fbe1cec5"},"headline":"Deputado Adriano Jos\u00e9 parabeniza Jonathan Campos por exposi\u00e7\u00e3o &#8220;Instante do Olhar&#8221; no MON","datePublished":"2026-01-21T17:50:06+00:00","dateModified":"2026-01-21T18:58:17+00:00","mainEntityOfPage":{"@id":"https:\/\/soldadoadrianojose.com.br\/index.php\/2026\/01\/21\/deputado-adriano-jose-parabeniza-jonathan-campos-por-exposicao-instante-do-olhar-no-mon\/"},"wordCount":312,"commentCount":0,"publisher":{"@id":"https:\/\/soldadoadrianojose.com.br\/#\/schema\/person\/16f8e8defb7a4bd6c6082efcd1bdb6bb"},"image":{"@id":"https:\/\/soldadoadrianojose.com.br\/index.php\/2026\/01\/21\/deputado-adriano-jose-parabeniza-jonathan-campos-por-exposicao-instante-do-olhar-no-mon\/#primaryimage"},"thumbnailUrl":"https:\/\/soldadoadrianojose.com.br\/wp-content\/uploads\/2026\/01\/WhatsApp-Image-2026-01-21-at-13.30.05-2-scaled.jpeg","articleSection":["GABINETE SD"],"inLanguage":"pt-BR","potentialAction":[{"@type":"CommentAction","name":"Comment","target":["https:\/\/soldadoadrianojose.com.br\/index.php\/2026\/01\/21\/deputado-adriano-jose-parabeniza-jonathan-campos-por-exposicao-instante-do-olhar-no-mon\/#respond"]}]},{"@type":"WebPage","@id":"https:\/\/soldadoadrianojose.com.br\/index.php\/2026\/01\/21\/deputado-adriano-jose-parabeniza-jonathan-campos-por-exposicao-instante-do-olhar-no-mon\/","url":"https:\/\/soldadoadrianojose.com.br\/index.php\/2026\/01\/21\/deputado-adriano-jose-parabeniza-jonathan-campos-por-exposicao-instante-do-olhar-no-mon\/","name":"Deputado Adriano Jos\u00e9 parabeniza Jonathan Campos por exposi\u00e7\u00e3o \"Instante do Olhar\" no MON - Deputado Adriano Jos\u00e9","isPartOf":{"@id":"https:\/\/soldadoadrianojose.com.br\/#website"},"primaryImageOfPage":{"@id":"https:\/\/soldadoadrianojose.com.br\/index.php\/2026\/01\/21\/deputado-adriano-jose-parabeniza-jonathan-campos-por-exposicao-instante-do-olhar-no-mon\/#primaryimage"},"image":{"@id":"https:\/\/soldadoadrianojose.com.br\/index.php\/2026\/01\/21\/deputado-adriano-jose-parabeniza-jonathan-campos-por-exposicao-instante-do-olhar-no-mon\/#primaryimage"},"thumbnailUrl":"https:\/\/soldadoadrianojose.com.br\/wp-content\/uploads\/2026\/01\/WhatsApp-Image-2026-01-21-at-13.30.05-2-scaled.jpeg","datePublished":"2026-01-21T17:50:06+00:00","dateModified":"2026-01-21T18:58:17+00:00","breadcrumb":{"@id":"https:\/\/soldadoadrianojose.com.br\/index.php\/2026\/01\/21\/deputado-adriano-jose-parabeniza-jonathan-campos-por-exposicao-instante-do-olhar-no-mon\/#breadcrumb"},"inLanguage":"pt-BR","potentialAction":[{"@type":"ReadAction","target":["https:\/\/soldadoadrianojose.com.br\/index.php\/2026\/01\/21\/deputado-adriano-jose-parabeniza-jonathan-campos-por-exposicao-instante-do-olhar-no-mon\/"]}]},{"@type":"ImageObject","inLanguage":"pt-BR","@id":"https:\/\/soldadoadrianojose.com.br\/index.php\/2026\/01\/21\/deputado-adriano-jose-parabeniza-jonathan-campos-por-exposicao-instante-do-olhar-no-mon\/#primaryimage","url":"https:\/\/soldadoadrianojose.com.br\/wp-content\/uploads\/2026\/01\/WhatsApp-Image-2026-01-21-at-13.30.05-2-scaled.jpeg","contentUrl":"https:\/\/soldadoadrianojose.com.br\/wp-content\/uploads\/2026\/01\/WhatsApp-Image-2026-01-21-at-13.30.05-2-scaled.jpeg","width":1920,"height":2560},{"@type":"BreadcrumbList","@id":"https:\/\/soldadoadrianojose.com.br\/index.php\/2026\/01\/21\/deputado-adriano-jose-parabeniza-jonathan-campos-por-exposicao-instante-do-olhar-no-mon\/#breadcrumb","itemListElement":[{"@type":"ListItem","position":1,"name":"In\u00edcio","item":"https:\/\/soldadoadrianojose.com.br\/"},{"@type":"ListItem","position":2,"name":"Deputado Adriano Jos\u00e9 parabeniza Jonathan Campos por exposi\u00e7\u00e3o &#8220;Instante do Olhar&#8221; no MON"}]},{"@type":"WebSite","@id":"https:\/\/soldadoadrianojose.com.br\/#website","url":"https:\/\/soldadoadrianojose.com.br\/","name":"Deputado Adriano Jos\u00e9","description":"Nosso trabalho \u00e9 pelas pessoas","publisher":{"@id":"https:\/\/soldadoadrianojose.com.br\/#\/schema\/person\/16f8e8defb7a4bd6c6082efcd1bdb6bb"},"potentialAction":[{"@type":"SearchAction","target":{"@type":"EntryPoint","urlTemplate":"https:\/\/soldadoadrianojose.com.br\/?s={search_term_string}"},"query-input":{"@type":"PropertyValueSpecification","valueRequired":true,"valueName":"search_term_string"}}],"inLanguage":"pt-BR"},{"@type":["Person","Organization"],"@id":"https:\/\/soldadoadrianojose.com.br\/#\/schema\/person\/16f8e8defb7a4bd6c6082efcd1bdb6bb","name":"soldadoadrianojose","image":{"@type":"ImageObject","inLanguage":"pt-BR","@id":"https:\/\/soldadoadrianojose.com.br\/wp-content\/uploads\/2023\/02\/LOGO_CLEAR-5.png","url":"https:\/\/soldadoadrianojose.com.br\/wp-content\/uploads\/2023\/02\/LOGO_CLEAR-5.png","contentUrl":"https:\/\/soldadoadrianojose.com.br\/wp-content\/uploads\/2023\/02\/LOGO_CLEAR-5.png","width":3508,"height":998,"caption":"soldadoadrianojose"},"logo":{"@id":"https:\/\/soldadoadrianojose.com.br\/wp-content\/uploads\/2023\/02\/LOGO_CLEAR-5.png"},"sameAs":["https:\/\/soldadoadrianojose.com.br"]},{"@type":"Person","@id":"https:\/\/soldadoadrianojose.com.br\/#\/schema\/person\/cd48425bd7edd36fa5917c88fbe1cec5","name":"Emanuellig admin2","image":{"@type":"ImageObject","inLanguage":"pt-BR","@id":"https:\/\/soldadoadrianojose.com.br\/wp-content\/litespeed\/avatar\/235a59a115f40132a17fc909e61bc31d.jpg?ver=1777092356","url":"https:\/\/soldadoadrianojose.com.br\/wp-content\/litespeed\/avatar\/235a59a115f40132a17fc909e61bc31d.jpg?ver=1777092356","contentUrl":"https:\/\/soldadoadrianojose.com.br\/wp-content\/litespeed\/avatar\/235a59a115f40132a17fc909e61bc31d.jpg?ver=1777092356","caption":"Emanuellig admin2"},"url":"https:\/\/soldadoadrianojose.com.br\/index.php\/author\/manu\/"}]}},"jetpack_featured_media_url":"https:\/\/soldadoadrianojose.com.br\/wp-content\/uploads\/2026\/01\/WhatsApp-Image-2026-01-21-at-13.30.05-2-scaled.jpeg","_links":{"self":[{"href":"https:\/\/soldadoadrianojose.com.br\/index.php\/wp-json\/wp\/v2\/posts\/3767","targetHints":{"allow":["GET"]}}],"collection":[{"href":"https:\/\/soldadoadrianojose.com.br\/index.php\/wp-json\/wp\/v2\/posts"}],"about":[{"href":"https:\/\/soldadoadrianojose.com.br\/index.php\/wp-json\/wp\/v2\/types\/post"}],"author":[{"embeddable":true,"href":"https:\/\/soldadoadrianojose.com.br\/index.php\/wp-json\/wp\/v2\/users\/3"}],"replies":[{"embeddable":true,"href":"https:\/\/soldadoadrianojose.com.br\/index.php\/wp-json\/wp\/v2\/comments?post=3767"}],"version-history":[{"count":1,"href":"https:\/\/soldadoadrianojose.com.br\/index.php\/wp-json\/wp\/v2\/posts\/3767\/revisions"}],"predecessor-version":[{"id":3770,"href":"https:\/\/soldadoadrianojose.com.br\/index.php\/wp-json\/wp\/v2\/posts\/3767\/revisions\/3770"}],"wp:featuredmedia":[{"embeddable":true,"href":"https:\/\/soldadoadrianojose.com.br\/index.php\/wp-json\/wp\/v2\/media\/3769"}],"wp:attachment":[{"href":"https:\/\/soldadoadrianojose.com.br\/index.php\/wp-json\/wp\/v2\/media?parent=3767"}],"wp:term":[{"taxonomy":"category","embeddable":true,"href":"https:\/\/soldadoadrianojose.com.br\/index.php\/wp-json\/wp\/v2\/categories?post=3767"},{"taxonomy":"post_tag","embeddable":true,"href":"https:\/\/soldadoadrianojose.com.br\/index.php\/wp-json\/wp\/v2\/tags?post=3767"}],"curies":[{"name":"wp","href":"https:\/\/api.w.org\/{rel}","templated":true}]}}