{"id":3777,"date":"2026-01-23T12:06:18","date_gmt":"2026-01-23T15:06:18","guid":{"rendered":"https:\/\/soldadoadrianojose.com.br\/?p=3777"},"modified":"2026-01-23T12:06:18","modified_gmt":"2026-01-23T15:06:18","slug":"vidas-que-voam-mais-alto-adriano-jose-conduz-dialogo-emocionante-sobre-o-samu-aereo-no-conexao","status":"publish","type":"post","link":"https:\/\/soldadoadrianojose.com.br\/index.php\/2026\/01\/23\/vidas-que-voam-mais-alto-adriano-jose-conduz-dialogo-emocionante-sobre-o-samu-aereo-no-conexao\/","title":{"rendered":"Vidas que voam mais alto: Adriano Jos\u00e9 conduz di\u00e1logo emocionante sobre o SAMU A\u00e9reo no Conex\u00e3o"},"content":{"rendered":"<p data-start=\"101\" data-end=\"612\">O programa Conex\u00e3o, apresentado pelo deputado Adriano Jos\u00e9, abriu espa\u00e7o para uma conversa profunda, humana e informativa sobre um dos servi\u00e7os mais estrat\u00e9gicos da sa\u00fade p\u00fablica do Paran\u00e1: o SAMU A\u00e9reo. O convidado especial foi o m\u00e9dico Dr. Maur\u00edcio Lemos, profissional que atua diretamente nas opera\u00e7\u00f5es aerom\u00e9dicas e que compartilhou detalhes t\u00e9cnicos, desafios e hist\u00f3rias reais que mostram como o tempo, quando aliado \u00e0 estrutura correta, pode significar a diferen\u00e7a entre a vida e a morte.<\/p>\n<p data-start=\"614\" data-end=\"1167\">Durante a entrevista, Dr. Maur\u00edcio explicou como funciona a opera\u00e7\u00e3o do SAMU A\u00e9reo no Estado, com bases em Maring\u00e1, Londrina, Cascavel e Ponta Grossa, al\u00e9m de aeronaves em Curitiba operadas em parceria com a Pol\u00edcia Militar e a Pol\u00edcia Rodovi\u00e1ria. O servi\u00e7o atua do nascer ao p\u00f4r do sol e conta com equipes altamente especializadas, preparadas para atender casos de infarto, AVC, acidentes graves em rodovias, remo\u00e7\u00f5es de pacientes em cidades sem estrutura hospitalar adequada e at\u00e9 transporte de \u00f3rg\u00e3os, cobrindo um raio de at\u00e9 250 quil\u00f4metros.<\/p>\n<p data-start=\"1169\" data-end=\"1712\">Um dos momentos mais marcantes do programa foi o relato de um atendimento que emocionou o p\u00fablico. O m\u00e9dico relembrou o resgate de uma crian\u00e7a de cinco anos v\u00edtima de um grave acidente no munic\u00edpio de Doutor Camargo, atendida nos minutos finais antes do p\u00f4r do sol. Em uma opera\u00e7\u00e3o limite, marcada por f\u00e9, t\u00e9cnica e rapidez, a equipe conseguiu salvar a crian\u00e7a, que hoje vive praticamente sem sequelas. A hist\u00f3ria simboliza n\u00e3o apenas a efici\u00eancia do servi\u00e7o, mas tamb\u00e9m o impacto humano que o SAMU A\u00e9reo gera em fam\u00edlias e comunidades inteiras.<\/p>\n<p data-start=\"1714\" data-end=\"2256\" data-is-last-node=\"\" data-is-only-node=\"\">Ao final da entrevista, o deputado Adriano Jos\u00e9 fez quest\u00e3o de agradecer e reconhecer o trabalho das equipes do SAMU e do SAMU A\u00e9reo, refor\u00e7ando seu compromisso institucional com a causa da sa\u00fade e do salvamento de vidas. O m\u00e9dico, por sua vez, destacou o apoio constante do parlamentar \u00e0s demandas do servi\u00e7o, ressaltando que investir nessa estrutura \u00e9 investir diretamente na vida das pessoas. A entrevista refor\u00e7a o prop\u00f3sito do Programa Conex\u00e3o: aproximar a popula\u00e7\u00e3o de hist\u00f3rias, pessoas e a\u00e7\u00f5es que fazem a diferen\u00e7a no Paran\u00e1.<\/p>\n","protected":false},"excerpt":{"rendered":"<p>O programa Conex\u00e3o, apresentado pelo deputado Adriano Jos\u00e9, abriu espa\u00e7o para uma conversa profunda, humana e informativa sobre um dos servi\u00e7os mais estrat\u00e9gicos da sa\u00fade p\u00fablica do Paran\u00e1: o SAMU A\u00e9reo. O convidado especial foi o m\u00e9dico Dr. Maur\u00edcio Lemos, profissional que atua diretamente nas opera\u00e7\u00f5es aerom\u00e9dicas e que compartilhou detalhes t\u00e9cnicos, desafios e hist\u00f3rias [&hellip;]<\/p>\n","protected":false},"author":3,"featured_media":3779,"comment_status":"open","ping_status":"open","sticky":false,"template":"","format":"standard","meta":{"footnotes":""},"categories":[88],"tags":[],"class_list":["post-3777","post","type-post","status-publish","format-standard","has-post-thumbnail","hentry","category-programa-conexao"],"yoast_head":"<!-- This site is optimized with the Yoast SEO plugin v27.4 - https:\/\/yoast.com\/product\/yoast-seo-wordpress\/ -->\n<title>Vidas que voam mais alto: Adriano Jos\u00e9 conduz di\u00e1logo emocionante sobre o SAMU A\u00e9reo no Conex\u00e3o - Deputado Adriano Jos\u00e9<\/title>\n<meta name=\"robots\" content=\"index, follow, max-snippet:-1, max-image-preview:large, max-video-preview:-1\" \/>\n<link rel=\"canonical\" href=\"https:\/\/soldadoadrianojose.com.br\/index.php\/2026\/01\/23\/vidas-que-voam-mais-alto-adriano-jose-conduz-dialogo-emocionante-sobre-o-samu-aereo-no-conexao\/\" \/>\n<meta property=\"og:locale\" content=\"pt_BR\" \/>\n<meta property=\"og:type\" content=\"article\" \/>\n<meta property=\"og:title\" content=\"Vidas que voam mais alto: Adriano Jos\u00e9 conduz di\u00e1logo emocionante sobre o SAMU A\u00e9reo no Conex\u00e3o - Deputado Adriano Jos\u00e9\" \/>\n<meta property=\"og:description\" content=\"O programa Conex\u00e3o, apresentado pelo deputado Adriano Jos\u00e9, abriu espa\u00e7o para uma conversa profunda, humana e informativa sobre um dos servi\u00e7os mais estrat\u00e9gicos da sa\u00fade p\u00fablica do Paran\u00e1: o SAMU A\u00e9reo. O convidado especial foi o m\u00e9dico Dr. Maur\u00edcio Lemos, profissional que atua diretamente nas opera\u00e7\u00f5es aerom\u00e9dicas e que compartilhou detalhes t\u00e9cnicos, desafios e hist\u00f3rias [&hellip;]\" \/>\n<meta property=\"og:url\" content=\"https:\/\/soldadoadrianojose.com.br\/index.php\/2026\/01\/23\/vidas-que-voam-mais-alto-adriano-jose-conduz-dialogo-emocionante-sobre-o-samu-aereo-no-conexao\/\" \/>\n<meta property=\"og:site_name\" content=\"Deputado Adriano Jos\u00e9\" \/>\n<meta property=\"article:published_time\" content=\"2026-01-23T15:06:18+00:00\" \/>\n<meta property=\"og:image\" content=\"https:\/\/soldadoadrianojose.com.br\/wp-content\/uploads\/2026\/01\/WhatsApp-Image-2026-01-22-at-11.31.07.jpeg\" \/>\n\t<meta property=\"og:image:width\" content=\"1600\" \/>\n\t<meta property=\"og:image:height\" content=\"861\" \/>\n\t<meta property=\"og:image:type\" content=\"image\/jpeg\" \/>\n<meta name=\"author\" content=\"Emanuellig admin2\" \/>\n<meta name=\"twitter:card\" content=\"summary_large_image\" \/>\n<meta name=\"twitter:label1\" content=\"Escrito por\" \/>\n\t<meta name=\"twitter:data1\" content=\"Emanuellig admin2\" \/>\n\t<meta name=\"twitter:label2\" content=\"Est. tempo de leitura\" \/>\n\t<meta name=\"twitter:data2\" content=\"3 minutos\" \/>\n<script type=\"application\/ld+json\" class=\"yoast-schema-graph\">{\"@context\":\"https:\\\/\\\/schema.org\",\"@graph\":[{\"@type\":\"Article\",\"@id\":\"https:\\\/\\\/soldadoadrianojose.com.br\\\/index.php\\\/2026\\\/01\\\/23\\\/vidas-que-voam-mais-alto-adriano-jose-conduz-dialogo-emocionante-sobre-o-samu-aereo-no-conexao\\\/#article\",\"isPartOf\":{\"@id\":\"https:\\\/\\\/soldadoadrianojose.com.br\\\/index.php\\\/2026\\\/01\\\/23\\\/vidas-que-voam-mais-alto-adriano-jose-conduz-dialogo-emocionante-sobre-o-samu-aereo-no-conexao\\\/\"},\"author\":{\"name\":\"Emanuellig admin2\",\"@id\":\"https:\\\/\\\/soldadoadrianojose.com.br\\\/#\\\/schema\\\/person\\\/cd48425bd7edd36fa5917c88fbe1cec5\"},\"headline\":\"Vidas que voam mais alto: Adriano Jos\u00e9 conduz di\u00e1logo emocionante sobre o SAMU A\u00e9reo no Conex\u00e3o\",\"datePublished\":\"2026-01-23T15:06:18+00:00\",\"mainEntityOfPage\":{\"@id\":\"https:\\\/\\\/soldadoadrianojose.com.br\\\/index.php\\\/2026\\\/01\\\/23\\\/vidas-que-voam-mais-alto-adriano-jose-conduz-dialogo-emocionante-sobre-o-samu-aereo-no-conexao\\\/\"},\"wordCount\":414,\"commentCount\":0,\"publisher\":{\"@id\":\"https:\\\/\\\/soldadoadrianojose.com.br\\\/#\\\/schema\\\/person\\\/16f8e8defb7a4bd6c6082efcd1bdb6bb\"},\"image\":{\"@id\":\"https:\\\/\\\/soldadoadrianojose.com.br\\\/index.php\\\/2026\\\/01\\\/23\\\/vidas-que-voam-mais-alto-adriano-jose-conduz-dialogo-emocionante-sobre-o-samu-aereo-no-conexao\\\/#primaryimage\"},\"thumbnailUrl\":\"https:\\\/\\\/soldadoadrianojose.com.br\\\/wp-content\\\/uploads\\\/2026\\\/01\\\/WhatsApp-Image-2026-01-22-at-11.31.07.jpeg\",\"articleSection\":[\"PROGRAMA CONEX\u00c3O\"],\"inLanguage\":\"pt-BR\",\"potentialAction\":[{\"@type\":\"CommentAction\",\"name\":\"Comment\",\"target\":[\"https:\\\/\\\/soldadoadrianojose.com.br\\\/index.php\\\/2026\\\/01\\\/23\\\/vidas-que-voam-mais-alto-adriano-jose-conduz-dialogo-emocionante-sobre-o-samu-aereo-no-conexao\\\/#respond\"]}]},{\"@type\":\"WebPage\",\"@id\":\"https:\\\/\\\/soldadoadrianojose.com.br\\\/index.php\\\/2026\\\/01\\\/23\\\/vidas-que-voam-mais-alto-adriano-jose-conduz-dialogo-emocionante-sobre-o-samu-aereo-no-conexao\\\/\",\"url\":\"https:\\\/\\\/soldadoadrianojose.com.br\\\/index.php\\\/2026\\\/01\\\/23\\\/vidas-que-voam-mais-alto-adriano-jose-conduz-dialogo-emocionante-sobre-o-samu-aereo-no-conexao\\\/\",\"name\":\"Vidas que voam mais alto: Adriano Jos\u00e9 conduz di\u00e1logo emocionante sobre o SAMU A\u00e9reo no Conex\u00e3o - Deputado Adriano Jos\u00e9\",\"isPartOf\":{\"@id\":\"https:\\\/\\\/soldadoadrianojose.com.br\\\/#website\"},\"primaryImageOfPage\":{\"@id\":\"https:\\\/\\\/soldadoadrianojose.com.br\\\/index.php\\\/2026\\\/01\\\/23\\\/vidas-que-voam-mais-alto-adriano-jose-conduz-dialogo-emocionante-sobre-o-samu-aereo-no-conexao\\\/#primaryimage\"},\"image\":{\"@id\":\"https:\\\/\\\/soldadoadrianojose.com.br\\\/index.php\\\/2026\\\/01\\\/23\\\/vidas-que-voam-mais-alto-adriano-jose-conduz-dialogo-emocionante-sobre-o-samu-aereo-no-conexao\\\/#primaryimage\"},\"thumbnailUrl\":\"https:\\\/\\\/soldadoadrianojose.com.br\\\/wp-content\\\/uploads\\\/2026\\\/01\\\/WhatsApp-Image-2026-01-22-at-11.31.07.jpeg\",\"datePublished\":\"2026-01-23T15:06:18+00:00\",\"breadcrumb\":{\"@id\":\"https:\\\/\\\/soldadoadrianojose.com.br\\\/index.php\\\/2026\\\/01\\\/23\\\/vidas-que-voam-mais-alto-adriano-jose-conduz-dialogo-emocionante-sobre-o-samu-aereo-no-conexao\\\/#breadcrumb\"},\"inLanguage\":\"pt-BR\",\"potentialAction\":[{\"@type\":\"ReadAction\",\"target\":[\"https:\\\/\\\/soldadoadrianojose.com.br\\\/index.php\\\/2026\\\/01\\\/23\\\/vidas-que-voam-mais-alto-adriano-jose-conduz-dialogo-emocionante-sobre-o-samu-aereo-no-conexao\\\/\"]}]},{\"@type\":\"ImageObject\",\"inLanguage\":\"pt-BR\",\"@id\":\"https:\\\/\\\/soldadoadrianojose.com.br\\\/index.php\\\/2026\\\/01\\\/23\\\/vidas-que-voam-mais-alto-adriano-jose-conduz-dialogo-emocionante-sobre-o-samu-aereo-no-conexao\\\/#primaryimage\",\"url\":\"https:\\\/\\\/soldadoadrianojose.com.br\\\/wp-content\\\/uploads\\\/2026\\\/01\\\/WhatsApp-Image-2026-01-22-at-11.31.07.jpeg\",\"contentUrl\":\"https:\\\/\\\/soldadoadrianojose.com.br\\\/wp-content\\\/uploads\\\/2026\\\/01\\\/WhatsApp-Image-2026-01-22-at-11.31.07.jpeg\",\"width\":1600,\"height\":861},{\"@type\":\"BreadcrumbList\",\"@id\":\"https:\\\/\\\/soldadoadrianojose.com.br\\\/index.php\\\/2026\\\/01\\\/23\\\/vidas-que-voam-mais-alto-adriano-jose-conduz-dialogo-emocionante-sobre-o-samu-aereo-no-conexao\\\/#breadcrumb\",\"itemListElement\":[{\"@type\":\"ListItem\",\"position\":1,\"name\":\"In\u00edcio\",\"item\":\"https:\\\/\\\/soldadoadrianojose.com.br\\\/\"},{\"@type\":\"ListItem\",\"position\":2,\"name\":\"Vidas que voam mais alto: Adriano Jos\u00e9 conduz di\u00e1logo emocionante sobre o SAMU A\u00e9reo no Conex\u00e3o\"}]},{\"@type\":\"WebSite\",\"@id\":\"https:\\\/\\\/soldadoadrianojose.com.br\\\/#website\",\"url\":\"https:\\\/\\\/soldadoadrianojose.com.br\\\/\",\"name\":\"Deputado Adriano Jos\u00e9\",\"description\":\"Nosso trabalho \u00e9 pelas pessoas\",\"publisher\":{\"@id\":\"https:\\\/\\\/soldadoadrianojose.com.br\\\/#\\\/schema\\\/person\\\/16f8e8defb7a4bd6c6082efcd1bdb6bb\"},\"potentialAction\":[{\"@type\":\"SearchAction\",\"target\":{\"@type\":\"EntryPoint\",\"urlTemplate\":\"https:\\\/\\\/soldadoadrianojose.com.br\\\/?s={search_term_string}\"},\"query-input\":{\"@type\":\"PropertyValueSpecification\",\"valueRequired\":true,\"valueName\":\"search_term_string\"}}],\"inLanguage\":\"pt-BR\"},{\"@type\":[\"Person\",\"Organization\"],\"@id\":\"https:\\\/\\\/soldadoadrianojose.com.br\\\/#\\\/schema\\\/person\\\/16f8e8defb7a4bd6c6082efcd1bdb6bb\",\"name\":\"soldadoadrianojose\",\"image\":{\"@type\":\"ImageObject\",\"inLanguage\":\"pt-BR\",\"@id\":\"https:\\\/\\\/soldadoadrianojose.com.br\\\/wp-content\\\/uploads\\\/2023\\\/02\\\/LOGO_CLEAR-5.png\",\"url\":\"https:\\\/\\\/soldadoadrianojose.com.br\\\/wp-content\\\/uploads\\\/2023\\\/02\\\/LOGO_CLEAR-5.png\",\"contentUrl\":\"https:\\\/\\\/soldadoadrianojose.com.br\\\/wp-content\\\/uploads\\\/2023\\\/02\\\/LOGO_CLEAR-5.png\",\"width\":3508,\"height\":998,\"caption\":\"soldadoadrianojose\"},\"logo\":{\"@id\":\"https:\\\/\\\/soldadoadrianojose.com.br\\\/wp-content\\\/uploads\\\/2023\\\/02\\\/LOGO_CLEAR-5.png\"},\"sameAs\":[\"https:\\\/\\\/soldadoadrianojose.com.br\"]},{\"@type\":\"Person\",\"@id\":\"https:\\\/\\\/soldadoadrianojose.com.br\\\/#\\\/schema\\\/person\\\/cd48425bd7edd36fa5917c88fbe1cec5\",\"name\":\"Emanuellig admin2\",\"image\":{\"@type\":\"ImageObject\",\"inLanguage\":\"pt-BR\",\"@id\":\"https:\\\/\\\/soldadoadrianojose.com.br\\\/wp-content\\\/litespeed\\\/avatar\\\/235a59a115f40132a17fc909e61bc31d.jpg?ver=1777092356\",\"url\":\"https:\\\/\\\/soldadoadrianojose.com.br\\\/wp-content\\\/litespeed\\\/avatar\\\/235a59a115f40132a17fc909e61bc31d.jpg?ver=1777092356\",\"contentUrl\":\"https:\\\/\\\/soldadoadrianojose.com.br\\\/wp-content\\\/litespeed\\\/avatar\\\/235a59a115f40132a17fc909e61bc31d.jpg?ver=1777092356\",\"caption\":\"Emanuellig admin2\"},\"url\":\"https:\\\/\\\/soldadoadrianojose.com.br\\\/index.php\\\/author\\\/manu\\\/\"}]}<\/script>\n<!-- \/ Yoast SEO plugin. -->","yoast_head_json":{"title":"Vidas que voam mais alto: Adriano Jos\u00e9 conduz di\u00e1logo emocionante sobre o SAMU A\u00e9reo no Conex\u00e3o - Deputado Adriano Jos\u00e9","robots":{"index":"index","follow":"follow","max-snippet":"max-snippet:-1","max-image-preview":"max-image-preview:large","max-video-preview":"max-video-preview:-1"},"canonical":"https:\/\/soldadoadrianojose.com.br\/index.php\/2026\/01\/23\/vidas-que-voam-mais-alto-adriano-jose-conduz-dialogo-emocionante-sobre-o-samu-aereo-no-conexao\/","og_locale":"pt_BR","og_type":"article","og_title":"Vidas que voam mais alto: Adriano Jos\u00e9 conduz di\u00e1logo emocionante sobre o SAMU A\u00e9reo no Conex\u00e3o - Deputado Adriano Jos\u00e9","og_description":"O programa Conex\u00e3o, apresentado pelo deputado Adriano Jos\u00e9, abriu espa\u00e7o para uma conversa profunda, humana e informativa sobre um dos servi\u00e7os mais estrat\u00e9gicos da sa\u00fade p\u00fablica do Paran\u00e1: o SAMU A\u00e9reo. O convidado especial foi o m\u00e9dico Dr. Maur\u00edcio Lemos, profissional que atua diretamente nas opera\u00e7\u00f5es aerom\u00e9dicas e que compartilhou detalhes t\u00e9cnicos, desafios e hist\u00f3rias [&hellip;]","og_url":"https:\/\/soldadoadrianojose.com.br\/index.php\/2026\/01\/23\/vidas-que-voam-mais-alto-adriano-jose-conduz-dialogo-emocionante-sobre-o-samu-aereo-no-conexao\/","og_site_name":"Deputado Adriano Jos\u00e9","article_published_time":"2026-01-23T15:06:18+00:00","og_image":[{"width":1600,"height":861,"url":"https:\/\/soldadoadrianojose.com.br\/wp-content\/uploads\/2026\/01\/WhatsApp-Image-2026-01-22-at-11.31.07.jpeg","type":"image\/jpeg"}],"author":"Emanuellig admin2","twitter_card":"summary_large_image","twitter_misc":{"Escrito por":"Emanuellig admin2","Est. tempo de leitura":"3 minutos"},"schema":{"@context":"https:\/\/schema.org","@graph":[{"@type":"Article","@id":"https:\/\/soldadoadrianojose.com.br\/index.php\/2026\/01\/23\/vidas-que-voam-mais-alto-adriano-jose-conduz-dialogo-emocionante-sobre-o-samu-aereo-no-conexao\/#article","isPartOf":{"@id":"https:\/\/soldadoadrianojose.com.br\/index.php\/2026\/01\/23\/vidas-que-voam-mais-alto-adriano-jose-conduz-dialogo-emocionante-sobre-o-samu-aereo-no-conexao\/"},"author":{"name":"Emanuellig admin2","@id":"https:\/\/soldadoadrianojose.com.br\/#\/schema\/person\/cd48425bd7edd36fa5917c88fbe1cec5"},"headline":"Vidas que voam mais alto: Adriano Jos\u00e9 conduz di\u00e1logo emocionante sobre o SAMU A\u00e9reo no Conex\u00e3o","datePublished":"2026-01-23T15:06:18+00:00","mainEntityOfPage":{"@id":"https:\/\/soldadoadrianojose.com.br\/index.php\/2026\/01\/23\/vidas-que-voam-mais-alto-adriano-jose-conduz-dialogo-emocionante-sobre-o-samu-aereo-no-conexao\/"},"wordCount":414,"commentCount":0,"publisher":{"@id":"https:\/\/soldadoadrianojose.com.br\/#\/schema\/person\/16f8e8defb7a4bd6c6082efcd1bdb6bb"},"image":{"@id":"https:\/\/soldadoadrianojose.com.br\/index.php\/2026\/01\/23\/vidas-que-voam-mais-alto-adriano-jose-conduz-dialogo-emocionante-sobre-o-samu-aereo-no-conexao\/#primaryimage"},"thumbnailUrl":"https:\/\/soldadoadrianojose.com.br\/wp-content\/uploads\/2026\/01\/WhatsApp-Image-2026-01-22-at-11.31.07.jpeg","articleSection":["PROGRAMA CONEX\u00c3O"],"inLanguage":"pt-BR","potentialAction":[{"@type":"CommentAction","name":"Comment","target":["https:\/\/soldadoadrianojose.com.br\/index.php\/2026\/01\/23\/vidas-que-voam-mais-alto-adriano-jose-conduz-dialogo-emocionante-sobre-o-samu-aereo-no-conexao\/#respond"]}]},{"@type":"WebPage","@id":"https:\/\/soldadoadrianojose.com.br\/index.php\/2026\/01\/23\/vidas-que-voam-mais-alto-adriano-jose-conduz-dialogo-emocionante-sobre-o-samu-aereo-no-conexao\/","url":"https:\/\/soldadoadrianojose.com.br\/index.php\/2026\/01\/23\/vidas-que-voam-mais-alto-adriano-jose-conduz-dialogo-emocionante-sobre-o-samu-aereo-no-conexao\/","name":"Vidas que voam mais alto: Adriano Jos\u00e9 conduz di\u00e1logo emocionante sobre o SAMU A\u00e9reo no Conex\u00e3o - Deputado Adriano Jos\u00e9","isPartOf":{"@id":"https:\/\/soldadoadrianojose.com.br\/#website"},"primaryImageOfPage":{"@id":"https:\/\/soldadoadrianojose.com.br\/index.php\/2026\/01\/23\/vidas-que-voam-mais-alto-adriano-jose-conduz-dialogo-emocionante-sobre-o-samu-aereo-no-conexao\/#primaryimage"},"image":{"@id":"https:\/\/soldadoadrianojose.com.br\/index.php\/2026\/01\/23\/vidas-que-voam-mais-alto-adriano-jose-conduz-dialogo-emocionante-sobre-o-samu-aereo-no-conexao\/#primaryimage"},"thumbnailUrl":"https:\/\/soldadoadrianojose.com.br\/wp-content\/uploads\/2026\/01\/WhatsApp-Image-2026-01-22-at-11.31.07.jpeg","datePublished":"2026-01-23T15:06:18+00:00","breadcrumb":{"@id":"https:\/\/soldadoadrianojose.com.br\/index.php\/2026\/01\/23\/vidas-que-voam-mais-alto-adriano-jose-conduz-dialogo-emocionante-sobre-o-samu-aereo-no-conexao\/#breadcrumb"},"inLanguage":"pt-BR","potentialAction":[{"@type":"ReadAction","target":["https:\/\/soldadoadrianojose.com.br\/index.php\/2026\/01\/23\/vidas-que-voam-mais-alto-adriano-jose-conduz-dialogo-emocionante-sobre-o-samu-aereo-no-conexao\/"]}]},{"@type":"ImageObject","inLanguage":"pt-BR","@id":"https:\/\/soldadoadrianojose.com.br\/index.php\/2026\/01\/23\/vidas-que-voam-mais-alto-adriano-jose-conduz-dialogo-emocionante-sobre-o-samu-aereo-no-conexao\/#primaryimage","url":"https:\/\/soldadoadrianojose.com.br\/wp-content\/uploads\/2026\/01\/WhatsApp-Image-2026-01-22-at-11.31.07.jpeg","contentUrl":"https:\/\/soldadoadrianojose.com.br\/wp-content\/uploads\/2026\/01\/WhatsApp-Image-2026-01-22-at-11.31.07.jpeg","width":1600,"height":861},{"@type":"BreadcrumbList","@id":"https:\/\/soldadoadrianojose.com.br\/index.php\/2026\/01\/23\/vidas-que-voam-mais-alto-adriano-jose-conduz-dialogo-emocionante-sobre-o-samu-aereo-no-conexao\/#breadcrumb","itemListElement":[{"@type":"ListItem","position":1,"name":"In\u00edcio","item":"https:\/\/soldadoadrianojose.com.br\/"},{"@type":"ListItem","position":2,"name":"Vidas que voam mais alto: Adriano Jos\u00e9 conduz di\u00e1logo emocionante sobre o SAMU A\u00e9reo no Conex\u00e3o"}]},{"@type":"WebSite","@id":"https:\/\/soldadoadrianojose.com.br\/#website","url":"https:\/\/soldadoadrianojose.com.br\/","name":"Deputado Adriano Jos\u00e9","description":"Nosso trabalho \u00e9 pelas pessoas","publisher":{"@id":"https:\/\/soldadoadrianojose.com.br\/#\/schema\/person\/16f8e8defb7a4bd6c6082efcd1bdb6bb"},"potentialAction":[{"@type":"SearchAction","target":{"@type":"EntryPoint","urlTemplate":"https:\/\/soldadoadrianojose.com.br\/?s={search_term_string}"},"query-input":{"@type":"PropertyValueSpecification","valueRequired":true,"valueName":"search_term_string"}}],"inLanguage":"pt-BR"},{"@type":["Person","Organization"],"@id":"https:\/\/soldadoadrianojose.com.br\/#\/schema\/person\/16f8e8defb7a4bd6c6082efcd1bdb6bb","name":"soldadoadrianojose","image":{"@type":"ImageObject","inLanguage":"pt-BR","@id":"https:\/\/soldadoadrianojose.com.br\/wp-content\/uploads\/2023\/02\/LOGO_CLEAR-5.png","url":"https:\/\/soldadoadrianojose.com.br\/wp-content\/uploads\/2023\/02\/LOGO_CLEAR-5.png","contentUrl":"https:\/\/soldadoadrianojose.com.br\/wp-content\/uploads\/2023\/02\/LOGO_CLEAR-5.png","width":3508,"height":998,"caption":"soldadoadrianojose"},"logo":{"@id":"https:\/\/soldadoadrianojose.com.br\/wp-content\/uploads\/2023\/02\/LOGO_CLEAR-5.png"},"sameAs":["https:\/\/soldadoadrianojose.com.br"]},{"@type":"Person","@id":"https:\/\/soldadoadrianojose.com.br\/#\/schema\/person\/cd48425bd7edd36fa5917c88fbe1cec5","name":"Emanuellig admin2","image":{"@type":"ImageObject","inLanguage":"pt-BR","@id":"https:\/\/soldadoadrianojose.com.br\/wp-content\/litespeed\/avatar\/235a59a115f40132a17fc909e61bc31d.jpg?ver=1777092356","url":"https:\/\/soldadoadrianojose.com.br\/wp-content\/litespeed\/avatar\/235a59a115f40132a17fc909e61bc31d.jpg?ver=1777092356","contentUrl":"https:\/\/soldadoadrianojose.com.br\/wp-content\/litespeed\/avatar\/235a59a115f40132a17fc909e61bc31d.jpg?ver=1777092356","caption":"Emanuellig admin2"},"url":"https:\/\/soldadoadrianojose.com.br\/index.php\/author\/manu\/"}]}},"jetpack_featured_media_url":"https:\/\/soldadoadrianojose.com.br\/wp-content\/uploads\/2026\/01\/WhatsApp-Image-2026-01-22-at-11.31.07.jpeg","_links":{"self":[{"href":"https:\/\/soldadoadrianojose.com.br\/index.php\/wp-json\/wp\/v2\/posts\/3777","targetHints":{"allow":["GET"]}}],"collection":[{"href":"https:\/\/soldadoadrianojose.com.br\/index.php\/wp-json\/wp\/v2\/posts"}],"about":[{"href":"https:\/\/soldadoadrianojose.com.br\/index.php\/wp-json\/wp\/v2\/types\/post"}],"author":[{"embeddable":true,"href":"https:\/\/soldadoadrianojose.com.br\/index.php\/wp-json\/wp\/v2\/users\/3"}],"replies":[{"embeddable":true,"href":"https:\/\/soldadoadrianojose.com.br\/index.php\/wp-json\/wp\/v2\/comments?post=3777"}],"version-history":[{"count":3,"href":"https:\/\/soldadoadrianojose.com.br\/index.php\/wp-json\/wp\/v2\/posts\/3777\/revisions"}],"predecessor-version":[{"id":3782,"href":"https:\/\/soldadoadrianojose.com.br\/index.php\/wp-json\/wp\/v2\/posts\/3777\/revisions\/3782"}],"wp:featuredmedia":[{"embeddable":true,"href":"https:\/\/soldadoadrianojose.com.br\/index.php\/wp-json\/wp\/v2\/media\/3779"}],"wp:attachment":[{"href":"https:\/\/soldadoadrianojose.com.br\/index.php\/wp-json\/wp\/v2\/media?parent=3777"}],"wp:term":[{"taxonomy":"category","embeddable":true,"href":"https:\/\/soldadoadrianojose.com.br\/index.php\/wp-json\/wp\/v2\/categories?post=3777"},{"taxonomy":"post_tag","embeddable":true,"href":"https:\/\/soldadoadrianojose.com.br\/index.php\/wp-json\/wp\/v2\/tags?post=3777"}],"curies":[{"name":"wp","href":"https:\/\/api.w.org\/{rel}","templated":true}]}}