{"id":3938,"date":"2026-03-04T10:08:32","date_gmt":"2026-03-04T13:08:32","guid":{"rendered":"https:\/\/soldadoadrianojose.com.br\/?p=3938"},"modified":"2026-03-04T10:08:32","modified_gmt":"2026-03-04T13:08:32","slug":"protecao-que-salva-vidas-adriano-jose-destaca-ampliacao-da-patrulha-maria-da-penha","status":"publish","type":"post","link":"https:\/\/soldadoadrianojose.com.br\/index.php\/2026\/03\/04\/protecao-que-salva-vidas-adriano-jose-destaca-ampliacao-da-patrulha-maria-da-penha\/","title":{"rendered":"Prote\u00e7\u00e3o que salva vidas: Adriano Jos\u00e9 destaca amplia\u00e7\u00e3o da Patrulha Maria da Penha"},"content":{"rendered":"<p>O deputado estadual Adriano Jos\u00e9, presidente da Comiss\u00e3o de Seguran\u00e7a P\u00fablica da Assembleia Legislativa do Paran\u00e1, destacou como prioridade de sua agenda parlamentar o fortalecimento das a\u00e7\u00f5es de enfrentamento \u00e0 viol\u00eancia dom\u00e9stica no Paran\u00e1, com a amplia\u00e7\u00e3o da estrutura da Patrulha Maria da Penha em diversos munic\u00edpios. O Estado passa a contar com 54 novas viaturas destinadas ao refor\u00e7o das equipes, ampliando a capacidade de deslocamento e garantindo mais agilidade no atendimento \u00e0s v\u00edtimas.<\/p>\n<p>Com investimento de R$ 9,2 milh\u00f5es, os novos ve\u00edculos fortalecem a fiscaliza\u00e7\u00e3o das medidas protetivas determinadas pelo Poder Judici\u00e1rio e ampliam a presen\u00e7a das equipes nas cidades paranaenses. A iniciativa ocorre em um cen\u00e1rio de redu\u00e7\u00e3o de 20% nos casos de feminic\u00eddio e de queda nos registros de estupro em 2025, indicadores que refor\u00e7am a import\u00e2ncia de manter e ampliar os investimentos na \u00e1rea.<\/p>\n<p>Para Adriano Jos\u00e9, que tem a seguran\u00e7a p\u00fablica como uma de suas principais bandeiras, a medida representa um avan\u00e7o concreto na prote\u00e7\u00e3o das mulheres. \u201cN\u00e3o basta endurecer leis, \u00e9 preciso garantir estrutura para que elas sejam cumpridas. Essas viaturas significam mais presen\u00e7a do Estado, mais rapidez nas respostas e mais prote\u00e7\u00e3o para quem precisa\u201d, afirmou o parlamentar.<\/p>\n<p>O deputado tamb\u00e9m parabenizou o governador Ratinho Junior pela prioridade dada ao tema. \u201cQuando investimos em preven\u00e7\u00e3o e fiscaliza\u00e7\u00e3o, estamos salvando vidas. Seguran\u00e7a p\u00fablica se faz com planejamento, recursos e compromisso permanente com a popula\u00e7\u00e3o\u201d, concluiu Adriano Jos\u00e9.<\/p>\n","protected":false},"excerpt":{"rendered":"<p>O deputado estadual Adriano Jos\u00e9, presidente da Comiss\u00e3o de Seguran\u00e7a P\u00fablica da Assembleia Legislativa do Paran\u00e1, destacou como prioridade de sua agenda parlamentar o fortalecimento das a\u00e7\u00f5es de enfrentamento \u00e0 viol\u00eancia dom\u00e9stica no Paran\u00e1, com a amplia\u00e7\u00e3o da estrutura da Patrulha Maria da Penha em diversos munic\u00edpios. O Estado passa a contar com 54 novas [&hellip;]<\/p>\n","protected":false},"author":3,"featured_media":3939,"comment_status":"open","ping_status":"open","sticky":false,"template":"","format":"standard","meta":{"footnotes":""},"categories":[1],"tags":[],"class_list":["post-3938","post","type-post","status-publish","format-standard","has-post-thumbnail","hentry","category-gabinete-sd"],"yoast_head":"<!-- This site is optimized with the Yoast SEO plugin v27.4 - https:\/\/yoast.com\/product\/yoast-seo-wordpress\/ -->\n<title>Prote\u00e7\u00e3o que salva vidas: Adriano Jos\u00e9 destaca amplia\u00e7\u00e3o da Patrulha Maria da Penha - Deputado Adriano Jos\u00e9<\/title>\n<meta name=\"robots\" content=\"index, follow, max-snippet:-1, max-image-preview:large, max-video-preview:-1\" \/>\n<link rel=\"canonical\" href=\"https:\/\/soldadoadrianojose.com.br\/index.php\/2026\/03\/04\/protecao-que-salva-vidas-adriano-jose-destaca-ampliacao-da-patrulha-maria-da-penha\/\" \/>\n<meta property=\"og:locale\" content=\"pt_BR\" \/>\n<meta property=\"og:type\" content=\"article\" \/>\n<meta property=\"og:title\" content=\"Prote\u00e7\u00e3o que salva vidas: Adriano Jos\u00e9 destaca amplia\u00e7\u00e3o da Patrulha Maria da Penha - Deputado Adriano Jos\u00e9\" \/>\n<meta property=\"og:description\" content=\"O deputado estadual Adriano Jos\u00e9, presidente da Comiss\u00e3o de Seguran\u00e7a P\u00fablica da Assembleia Legislativa do Paran\u00e1, destacou como prioridade de sua agenda parlamentar o fortalecimento das a\u00e7\u00f5es de enfrentamento \u00e0 viol\u00eancia dom\u00e9stica no Paran\u00e1, com a amplia\u00e7\u00e3o da estrutura da Patrulha Maria da Penha em diversos munic\u00edpios. O Estado passa a contar com 54 novas [&hellip;]\" \/>\n<meta property=\"og:url\" content=\"https:\/\/soldadoadrianojose.com.br\/index.php\/2026\/03\/04\/protecao-que-salva-vidas-adriano-jose-destaca-ampliacao-da-patrulha-maria-da-penha\/\" \/>\n<meta property=\"og:site_name\" content=\"Deputado Adriano Jos\u00e9\" \/>\n<meta property=\"article:published_time\" content=\"2026-03-04T13:08:32+00:00\" \/>\n<meta property=\"og:image\" content=\"https:\/\/soldadoadrianojose.com.br\/wp-content\/uploads\/2026\/03\/whatsapp_image_2026-03-04_at_07.58.49-scaled.jpg\" \/>\n\t<meta property=\"og:image:width\" content=\"2560\" \/>\n\t<meta property=\"og:image:height\" content=\"1707\" \/>\n\t<meta property=\"og:image:type\" content=\"image\/jpeg\" \/>\n<meta name=\"author\" content=\"Emanuellig admin2\" \/>\n<meta name=\"twitter:card\" content=\"summary_large_image\" \/>\n<meta name=\"twitter:label1\" content=\"Escrito por\" \/>\n\t<meta name=\"twitter:data1\" content=\"Emanuellig admin2\" \/>\n\t<meta name=\"twitter:label2\" content=\"Est. tempo de leitura\" \/>\n\t<meta name=\"twitter:data2\" content=\"2 minutos\" \/>\n<script type=\"application\/ld+json\" class=\"yoast-schema-graph\">{\"@context\":\"https:\\\/\\\/schema.org\",\"@graph\":[{\"@type\":\"Article\",\"@id\":\"https:\\\/\\\/soldadoadrianojose.com.br\\\/index.php\\\/2026\\\/03\\\/04\\\/protecao-que-salva-vidas-adriano-jose-destaca-ampliacao-da-patrulha-maria-da-penha\\\/#article\",\"isPartOf\":{\"@id\":\"https:\\\/\\\/soldadoadrianojose.com.br\\\/index.php\\\/2026\\\/03\\\/04\\\/protecao-que-salva-vidas-adriano-jose-destaca-ampliacao-da-patrulha-maria-da-penha\\\/\"},\"author\":{\"name\":\"Emanuellig admin2\",\"@id\":\"https:\\\/\\\/soldadoadrianojose.com.br\\\/#\\\/schema\\\/person\\\/cd48425bd7edd36fa5917c88fbe1cec5\"},\"headline\":\"Prote\u00e7\u00e3o que salva vidas: Adriano Jos\u00e9 destaca amplia\u00e7\u00e3o da Patrulha Maria da Penha\",\"datePublished\":\"2026-03-04T13:08:32+00:00\",\"mainEntityOfPage\":{\"@id\":\"https:\\\/\\\/soldadoadrianojose.com.br\\\/index.php\\\/2026\\\/03\\\/04\\\/protecao-que-salva-vidas-adriano-jose-destaca-ampliacao-da-patrulha-maria-da-penha\\\/\"},\"wordCount\":275,\"commentCount\":0,\"publisher\":{\"@id\":\"https:\\\/\\\/soldadoadrianojose.com.br\\\/#\\\/schema\\\/person\\\/16f8e8defb7a4bd6c6082efcd1bdb6bb\"},\"image\":{\"@id\":\"https:\\\/\\\/soldadoadrianojose.com.br\\\/index.php\\\/2026\\\/03\\\/04\\\/protecao-que-salva-vidas-adriano-jose-destaca-ampliacao-da-patrulha-maria-da-penha\\\/#primaryimage\"},\"thumbnailUrl\":\"https:\\\/\\\/soldadoadrianojose.com.br\\\/wp-content\\\/uploads\\\/2026\\\/03\\\/whatsapp_image_2026-03-04_at_07.58.49-scaled.jpg\",\"articleSection\":[\"GABINETE SD\"],\"inLanguage\":\"pt-BR\",\"potentialAction\":[{\"@type\":\"CommentAction\",\"name\":\"Comment\",\"target\":[\"https:\\\/\\\/soldadoadrianojose.com.br\\\/index.php\\\/2026\\\/03\\\/04\\\/protecao-que-salva-vidas-adriano-jose-destaca-ampliacao-da-patrulha-maria-da-penha\\\/#respond\"]}]},{\"@type\":\"WebPage\",\"@id\":\"https:\\\/\\\/soldadoadrianojose.com.br\\\/index.php\\\/2026\\\/03\\\/04\\\/protecao-que-salva-vidas-adriano-jose-destaca-ampliacao-da-patrulha-maria-da-penha\\\/\",\"url\":\"https:\\\/\\\/soldadoadrianojose.com.br\\\/index.php\\\/2026\\\/03\\\/04\\\/protecao-que-salva-vidas-adriano-jose-destaca-ampliacao-da-patrulha-maria-da-penha\\\/\",\"name\":\"Prote\u00e7\u00e3o que salva vidas: Adriano Jos\u00e9 destaca amplia\u00e7\u00e3o da Patrulha Maria da Penha - Deputado Adriano Jos\u00e9\",\"isPartOf\":{\"@id\":\"https:\\\/\\\/soldadoadrianojose.com.br\\\/#website\"},\"primaryImageOfPage\":{\"@id\":\"https:\\\/\\\/soldadoadrianojose.com.br\\\/index.php\\\/2026\\\/03\\\/04\\\/protecao-que-salva-vidas-adriano-jose-destaca-ampliacao-da-patrulha-maria-da-penha\\\/#primaryimage\"},\"image\":{\"@id\":\"https:\\\/\\\/soldadoadrianojose.com.br\\\/index.php\\\/2026\\\/03\\\/04\\\/protecao-que-salva-vidas-adriano-jose-destaca-ampliacao-da-patrulha-maria-da-penha\\\/#primaryimage\"},\"thumbnailUrl\":\"https:\\\/\\\/soldadoadrianojose.com.br\\\/wp-content\\\/uploads\\\/2026\\\/03\\\/whatsapp_image_2026-03-04_at_07.58.49-scaled.jpg\",\"datePublished\":\"2026-03-04T13:08:32+00:00\",\"breadcrumb\":{\"@id\":\"https:\\\/\\\/soldadoadrianojose.com.br\\\/index.php\\\/2026\\\/03\\\/04\\\/protecao-que-salva-vidas-adriano-jose-destaca-ampliacao-da-patrulha-maria-da-penha\\\/#breadcrumb\"},\"inLanguage\":\"pt-BR\",\"potentialAction\":[{\"@type\":\"ReadAction\",\"target\":[\"https:\\\/\\\/soldadoadrianojose.com.br\\\/index.php\\\/2026\\\/03\\\/04\\\/protecao-que-salva-vidas-adriano-jose-destaca-ampliacao-da-patrulha-maria-da-penha\\\/\"]}]},{\"@type\":\"ImageObject\",\"inLanguage\":\"pt-BR\",\"@id\":\"https:\\\/\\\/soldadoadrianojose.com.br\\\/index.php\\\/2026\\\/03\\\/04\\\/protecao-que-salva-vidas-adriano-jose-destaca-ampliacao-da-patrulha-maria-da-penha\\\/#primaryimage\",\"url\":\"https:\\\/\\\/soldadoadrianojose.com.br\\\/wp-content\\\/uploads\\\/2026\\\/03\\\/whatsapp_image_2026-03-04_at_07.58.49-scaled.jpg\",\"contentUrl\":\"https:\\\/\\\/soldadoadrianojose.com.br\\\/wp-content\\\/uploads\\\/2026\\\/03\\\/whatsapp_image_2026-03-04_at_07.58.49-scaled.jpg\",\"width\":2560,\"height\":1707,\"caption\":\"FOTO: PMPR\"},{\"@type\":\"BreadcrumbList\",\"@id\":\"https:\\\/\\\/soldadoadrianojose.com.br\\\/index.php\\\/2026\\\/03\\\/04\\\/protecao-que-salva-vidas-adriano-jose-destaca-ampliacao-da-patrulha-maria-da-penha\\\/#breadcrumb\",\"itemListElement\":[{\"@type\":\"ListItem\",\"position\":1,\"name\":\"In\u00edcio\",\"item\":\"https:\\\/\\\/soldadoadrianojose.com.br\\\/\"},{\"@type\":\"ListItem\",\"position\":2,\"name\":\"Prote\u00e7\u00e3o que salva vidas: Adriano Jos\u00e9 destaca amplia\u00e7\u00e3o da Patrulha Maria da Penha\"}]},{\"@type\":\"WebSite\",\"@id\":\"https:\\\/\\\/soldadoadrianojose.com.br\\\/#website\",\"url\":\"https:\\\/\\\/soldadoadrianojose.com.br\\\/\",\"name\":\"Deputado Adriano Jos\u00e9\",\"description\":\"Nosso trabalho \u00e9 pelas pessoas\",\"publisher\":{\"@id\":\"https:\\\/\\\/soldadoadrianojose.com.br\\\/#\\\/schema\\\/person\\\/16f8e8defb7a4bd6c6082efcd1bdb6bb\"},\"potentialAction\":[{\"@type\":\"SearchAction\",\"target\":{\"@type\":\"EntryPoint\",\"urlTemplate\":\"https:\\\/\\\/soldadoadrianojose.com.br\\\/?s={search_term_string}\"},\"query-input\":{\"@type\":\"PropertyValueSpecification\",\"valueRequired\":true,\"valueName\":\"search_term_string\"}}],\"inLanguage\":\"pt-BR\"},{\"@type\":[\"Person\",\"Organization\"],\"@id\":\"https:\\\/\\\/soldadoadrianojose.com.br\\\/#\\\/schema\\\/person\\\/16f8e8defb7a4bd6c6082efcd1bdb6bb\",\"name\":\"soldadoadrianojose\",\"image\":{\"@type\":\"ImageObject\",\"inLanguage\":\"pt-BR\",\"@id\":\"https:\\\/\\\/soldadoadrianojose.com.br\\\/wp-content\\\/uploads\\\/2023\\\/02\\\/LOGO_CLEAR-5.png\",\"url\":\"https:\\\/\\\/soldadoadrianojose.com.br\\\/wp-content\\\/uploads\\\/2023\\\/02\\\/LOGO_CLEAR-5.png\",\"contentUrl\":\"https:\\\/\\\/soldadoadrianojose.com.br\\\/wp-content\\\/uploads\\\/2023\\\/02\\\/LOGO_CLEAR-5.png\",\"width\":3508,\"height\":998,\"caption\":\"soldadoadrianojose\"},\"logo\":{\"@id\":\"https:\\\/\\\/soldadoadrianojose.com.br\\\/wp-content\\\/uploads\\\/2023\\\/02\\\/LOGO_CLEAR-5.png\"},\"sameAs\":[\"https:\\\/\\\/soldadoadrianojose.com.br\"]},{\"@type\":\"Person\",\"@id\":\"https:\\\/\\\/soldadoadrianojose.com.br\\\/#\\\/schema\\\/person\\\/cd48425bd7edd36fa5917c88fbe1cec5\",\"name\":\"Emanuellig admin2\",\"image\":{\"@type\":\"ImageObject\",\"inLanguage\":\"pt-BR\",\"@id\":\"https:\\\/\\\/soldadoadrianojose.com.br\\\/wp-content\\\/litespeed\\\/avatar\\\/235a59a115f40132a17fc909e61bc31d.jpg?ver=1777092356\",\"url\":\"https:\\\/\\\/soldadoadrianojose.com.br\\\/wp-content\\\/litespeed\\\/avatar\\\/235a59a115f40132a17fc909e61bc31d.jpg?ver=1777092356\",\"contentUrl\":\"https:\\\/\\\/soldadoadrianojose.com.br\\\/wp-content\\\/litespeed\\\/avatar\\\/235a59a115f40132a17fc909e61bc31d.jpg?ver=1777092356\",\"caption\":\"Emanuellig admin2\"},\"url\":\"https:\\\/\\\/soldadoadrianojose.com.br\\\/index.php\\\/author\\\/manu\\\/\"}]}<\/script>\n<!-- \/ Yoast SEO plugin. -->","yoast_head_json":{"title":"Prote\u00e7\u00e3o que salva vidas: Adriano Jos\u00e9 destaca amplia\u00e7\u00e3o da Patrulha Maria da Penha - Deputado Adriano Jos\u00e9","robots":{"index":"index","follow":"follow","max-snippet":"max-snippet:-1","max-image-preview":"max-image-preview:large","max-video-preview":"max-video-preview:-1"},"canonical":"https:\/\/soldadoadrianojose.com.br\/index.php\/2026\/03\/04\/protecao-que-salva-vidas-adriano-jose-destaca-ampliacao-da-patrulha-maria-da-penha\/","og_locale":"pt_BR","og_type":"article","og_title":"Prote\u00e7\u00e3o que salva vidas: Adriano Jos\u00e9 destaca amplia\u00e7\u00e3o da Patrulha Maria da Penha - Deputado Adriano Jos\u00e9","og_description":"O deputado estadual Adriano Jos\u00e9, presidente da Comiss\u00e3o de Seguran\u00e7a P\u00fablica da Assembleia Legislativa do Paran\u00e1, destacou como prioridade de sua agenda parlamentar o fortalecimento das a\u00e7\u00f5es de enfrentamento \u00e0 viol\u00eancia dom\u00e9stica no Paran\u00e1, com a amplia\u00e7\u00e3o da estrutura da Patrulha Maria da Penha em diversos munic\u00edpios. O Estado passa a contar com 54 novas [&hellip;]","og_url":"https:\/\/soldadoadrianojose.com.br\/index.php\/2026\/03\/04\/protecao-que-salva-vidas-adriano-jose-destaca-ampliacao-da-patrulha-maria-da-penha\/","og_site_name":"Deputado Adriano Jos\u00e9","article_published_time":"2026-03-04T13:08:32+00:00","og_image":[{"width":2560,"height":1707,"url":"https:\/\/soldadoadrianojose.com.br\/wp-content\/uploads\/2026\/03\/whatsapp_image_2026-03-04_at_07.58.49-scaled.jpg","type":"image\/jpeg"}],"author":"Emanuellig admin2","twitter_card":"summary_large_image","twitter_misc":{"Escrito por":"Emanuellig admin2","Est. tempo de leitura":"2 minutos"},"schema":{"@context":"https:\/\/schema.org","@graph":[{"@type":"Article","@id":"https:\/\/soldadoadrianojose.com.br\/index.php\/2026\/03\/04\/protecao-que-salva-vidas-adriano-jose-destaca-ampliacao-da-patrulha-maria-da-penha\/#article","isPartOf":{"@id":"https:\/\/soldadoadrianojose.com.br\/index.php\/2026\/03\/04\/protecao-que-salva-vidas-adriano-jose-destaca-ampliacao-da-patrulha-maria-da-penha\/"},"author":{"name":"Emanuellig admin2","@id":"https:\/\/soldadoadrianojose.com.br\/#\/schema\/person\/cd48425bd7edd36fa5917c88fbe1cec5"},"headline":"Prote\u00e7\u00e3o que salva vidas: Adriano Jos\u00e9 destaca amplia\u00e7\u00e3o da Patrulha Maria da Penha","datePublished":"2026-03-04T13:08:32+00:00","mainEntityOfPage":{"@id":"https:\/\/soldadoadrianojose.com.br\/index.php\/2026\/03\/04\/protecao-que-salva-vidas-adriano-jose-destaca-ampliacao-da-patrulha-maria-da-penha\/"},"wordCount":275,"commentCount":0,"publisher":{"@id":"https:\/\/soldadoadrianojose.com.br\/#\/schema\/person\/16f8e8defb7a4bd6c6082efcd1bdb6bb"},"image":{"@id":"https:\/\/soldadoadrianojose.com.br\/index.php\/2026\/03\/04\/protecao-que-salva-vidas-adriano-jose-destaca-ampliacao-da-patrulha-maria-da-penha\/#primaryimage"},"thumbnailUrl":"https:\/\/soldadoadrianojose.com.br\/wp-content\/uploads\/2026\/03\/whatsapp_image_2026-03-04_at_07.58.49-scaled.jpg","articleSection":["GABINETE SD"],"inLanguage":"pt-BR","potentialAction":[{"@type":"CommentAction","name":"Comment","target":["https:\/\/soldadoadrianojose.com.br\/index.php\/2026\/03\/04\/protecao-que-salva-vidas-adriano-jose-destaca-ampliacao-da-patrulha-maria-da-penha\/#respond"]}]},{"@type":"WebPage","@id":"https:\/\/soldadoadrianojose.com.br\/index.php\/2026\/03\/04\/protecao-que-salva-vidas-adriano-jose-destaca-ampliacao-da-patrulha-maria-da-penha\/","url":"https:\/\/soldadoadrianojose.com.br\/index.php\/2026\/03\/04\/protecao-que-salva-vidas-adriano-jose-destaca-ampliacao-da-patrulha-maria-da-penha\/","name":"Prote\u00e7\u00e3o que salva vidas: Adriano Jos\u00e9 destaca amplia\u00e7\u00e3o da Patrulha Maria da Penha - Deputado Adriano Jos\u00e9","isPartOf":{"@id":"https:\/\/soldadoadrianojose.com.br\/#website"},"primaryImageOfPage":{"@id":"https:\/\/soldadoadrianojose.com.br\/index.php\/2026\/03\/04\/protecao-que-salva-vidas-adriano-jose-destaca-ampliacao-da-patrulha-maria-da-penha\/#primaryimage"},"image":{"@id":"https:\/\/soldadoadrianojose.com.br\/index.php\/2026\/03\/04\/protecao-que-salva-vidas-adriano-jose-destaca-ampliacao-da-patrulha-maria-da-penha\/#primaryimage"},"thumbnailUrl":"https:\/\/soldadoadrianojose.com.br\/wp-content\/uploads\/2026\/03\/whatsapp_image_2026-03-04_at_07.58.49-scaled.jpg","datePublished":"2026-03-04T13:08:32+00:00","breadcrumb":{"@id":"https:\/\/soldadoadrianojose.com.br\/index.php\/2026\/03\/04\/protecao-que-salva-vidas-adriano-jose-destaca-ampliacao-da-patrulha-maria-da-penha\/#breadcrumb"},"inLanguage":"pt-BR","potentialAction":[{"@type":"ReadAction","target":["https:\/\/soldadoadrianojose.com.br\/index.php\/2026\/03\/04\/protecao-que-salva-vidas-adriano-jose-destaca-ampliacao-da-patrulha-maria-da-penha\/"]}]},{"@type":"ImageObject","inLanguage":"pt-BR","@id":"https:\/\/soldadoadrianojose.com.br\/index.php\/2026\/03\/04\/protecao-que-salva-vidas-adriano-jose-destaca-ampliacao-da-patrulha-maria-da-penha\/#primaryimage","url":"https:\/\/soldadoadrianojose.com.br\/wp-content\/uploads\/2026\/03\/whatsapp_image_2026-03-04_at_07.58.49-scaled.jpg","contentUrl":"https:\/\/soldadoadrianojose.com.br\/wp-content\/uploads\/2026\/03\/whatsapp_image_2026-03-04_at_07.58.49-scaled.jpg","width":2560,"height":1707,"caption":"FOTO: PMPR"},{"@type":"BreadcrumbList","@id":"https:\/\/soldadoadrianojose.com.br\/index.php\/2026\/03\/04\/protecao-que-salva-vidas-adriano-jose-destaca-ampliacao-da-patrulha-maria-da-penha\/#breadcrumb","itemListElement":[{"@type":"ListItem","position":1,"name":"In\u00edcio","item":"https:\/\/soldadoadrianojose.com.br\/"},{"@type":"ListItem","position":2,"name":"Prote\u00e7\u00e3o que salva vidas: Adriano Jos\u00e9 destaca amplia\u00e7\u00e3o da Patrulha Maria da Penha"}]},{"@type":"WebSite","@id":"https:\/\/soldadoadrianojose.com.br\/#website","url":"https:\/\/soldadoadrianojose.com.br\/","name":"Deputado Adriano Jos\u00e9","description":"Nosso trabalho \u00e9 pelas pessoas","publisher":{"@id":"https:\/\/soldadoadrianojose.com.br\/#\/schema\/person\/16f8e8defb7a4bd6c6082efcd1bdb6bb"},"potentialAction":[{"@type":"SearchAction","target":{"@type":"EntryPoint","urlTemplate":"https:\/\/soldadoadrianojose.com.br\/?s={search_term_string}"},"query-input":{"@type":"PropertyValueSpecification","valueRequired":true,"valueName":"search_term_string"}}],"inLanguage":"pt-BR"},{"@type":["Person","Organization"],"@id":"https:\/\/soldadoadrianojose.com.br\/#\/schema\/person\/16f8e8defb7a4bd6c6082efcd1bdb6bb","name":"soldadoadrianojose","image":{"@type":"ImageObject","inLanguage":"pt-BR","@id":"https:\/\/soldadoadrianojose.com.br\/wp-content\/uploads\/2023\/02\/LOGO_CLEAR-5.png","url":"https:\/\/soldadoadrianojose.com.br\/wp-content\/uploads\/2023\/02\/LOGO_CLEAR-5.png","contentUrl":"https:\/\/soldadoadrianojose.com.br\/wp-content\/uploads\/2023\/02\/LOGO_CLEAR-5.png","width":3508,"height":998,"caption":"soldadoadrianojose"},"logo":{"@id":"https:\/\/soldadoadrianojose.com.br\/wp-content\/uploads\/2023\/02\/LOGO_CLEAR-5.png"},"sameAs":["https:\/\/soldadoadrianojose.com.br"]},{"@type":"Person","@id":"https:\/\/soldadoadrianojose.com.br\/#\/schema\/person\/cd48425bd7edd36fa5917c88fbe1cec5","name":"Emanuellig admin2","image":{"@type":"ImageObject","inLanguage":"pt-BR","@id":"https:\/\/soldadoadrianojose.com.br\/wp-content\/litespeed\/avatar\/235a59a115f40132a17fc909e61bc31d.jpg?ver=1777092356","url":"https:\/\/soldadoadrianojose.com.br\/wp-content\/litespeed\/avatar\/235a59a115f40132a17fc909e61bc31d.jpg?ver=1777092356","contentUrl":"https:\/\/soldadoadrianojose.com.br\/wp-content\/litespeed\/avatar\/235a59a115f40132a17fc909e61bc31d.jpg?ver=1777092356","caption":"Emanuellig admin2"},"url":"https:\/\/soldadoadrianojose.com.br\/index.php\/author\/manu\/"}]}},"jetpack_featured_media_url":"https:\/\/soldadoadrianojose.com.br\/wp-content\/uploads\/2026\/03\/whatsapp_image_2026-03-04_at_07.58.49-scaled.jpg","_links":{"self":[{"href":"https:\/\/soldadoadrianojose.com.br\/index.php\/wp-json\/wp\/v2\/posts\/3938","targetHints":{"allow":["GET"]}}],"collection":[{"href":"https:\/\/soldadoadrianojose.com.br\/index.php\/wp-json\/wp\/v2\/posts"}],"about":[{"href":"https:\/\/soldadoadrianojose.com.br\/index.php\/wp-json\/wp\/v2\/types\/post"}],"author":[{"embeddable":true,"href":"https:\/\/soldadoadrianojose.com.br\/index.php\/wp-json\/wp\/v2\/users\/3"}],"replies":[{"embeddable":true,"href":"https:\/\/soldadoadrianojose.com.br\/index.php\/wp-json\/wp\/v2\/comments?post=3938"}],"version-history":[{"count":1,"href":"https:\/\/soldadoadrianojose.com.br\/index.php\/wp-json\/wp\/v2\/posts\/3938\/revisions"}],"predecessor-version":[{"id":3940,"href":"https:\/\/soldadoadrianojose.com.br\/index.php\/wp-json\/wp\/v2\/posts\/3938\/revisions\/3940"}],"wp:featuredmedia":[{"embeddable":true,"href":"https:\/\/soldadoadrianojose.com.br\/index.php\/wp-json\/wp\/v2\/media\/3939"}],"wp:attachment":[{"href":"https:\/\/soldadoadrianojose.com.br\/index.php\/wp-json\/wp\/v2\/media?parent=3938"}],"wp:term":[{"taxonomy":"category","embeddable":true,"href":"https:\/\/soldadoadrianojose.com.br\/index.php\/wp-json\/wp\/v2\/categories?post=3938"},{"taxonomy":"post_tag","embeddable":true,"href":"https:\/\/soldadoadrianojose.com.br\/index.php\/wp-json\/wp\/v2\/tags?post=3938"}],"curies":[{"name":"wp","href":"https:\/\/api.w.org\/{rel}","templated":true}]}}