{"id":3945,"date":"2026-03-06T10:45:22","date_gmt":"2026-03-06T13:45:22","guid":{"rendered":"https:\/\/soldadoadrianojose.com.br\/?p=3945"},"modified":"2026-03-06T10:45:22","modified_gmt":"2026-03-06T13:45:22","slug":"com-deputado-adriano-jose-inauguracao-do-trevo-do-catuai-marca-novo-ciclo-de-desenvolvimento","status":"publish","type":"post","link":"https:\/\/soldadoadrianojose.com.br\/index.php\/2026\/03\/06\/com-deputado-adriano-jose-inauguracao-do-trevo-do-catuai-marca-novo-ciclo-de-desenvolvimento\/","title":{"rendered":"Com deputado Adriano Jos\u00e9, inaugura\u00e7\u00e3o do Trevo do Catua\u00ed marca novo ciclo de desenvolvimento"},"content":{"rendered":"<p data-start=\"0\" data-end=\"432\">A inaugura\u00e7\u00e3o do Trevo do Catua\u00ed marcou um novo cap\u00edtulo para a mobilidade urbana e o desenvolvimento regional. A cerim\u00f4nia contou com a presen\u00e7a do governador <span class=\"hover:entity-accent entity-underline inline cursor-pointer align-baseline\"><span class=\"whitespace-normal\">Ratinho Junior<\/span><\/span>, o secret\u00e1rio as Cidades, Guto Silva, lideran\u00e7as locais e representantes da sociedade civil. Al\u00e9m da entrega da obra, tamb\u00e9m foi realizado o an\u00fancio da libera\u00e7\u00e3o de recursos para a primeira fase do Plano Diretor da Santa Casa, fortalecendo a estrutura da sa\u00fade na regi\u00e3o.<\/p>\n<p data-start=\"434\" data-end=\"829\">O novo trevo passou a representar um avan\u00e7o significativo para o fluxo de ve\u00edculos, garantindo mais seguran\u00e7a vi\u00e1ria, agilidade no tr\u00e2nsito e melhores condi\u00e7\u00f5es para o escoamento da produ\u00e7\u00e3o e o acesso ao com\u00e9rcio local. A obra era aguardada h\u00e1 anos pela popula\u00e7\u00e3o e pelo setor produtivo, que viam na interven\u00e7\u00e3o uma solu\u00e7\u00e3o estrat\u00e9gica para um dos principais pontos de congestionamento da \u00e1rea.<\/p>\n<p data-start=\"831\" data-end=\"1172\">Durante a agenda, o deputado Adriano Jos\u00e9 destacou a import\u00e2ncia da uni\u00e3o entre Estado e lideran\u00e7as regionais para viabilizar investimentos estruturantes. \u201cEssa entrega n\u00e3o \u00e9 apenas uma obra de engenharia. \u00c9 um investimento direto na qualidade de vida das pessoas, na gera\u00e7\u00e3o de oportunidades e no fortalecimento da nossa economia\u201d, afirmou.<\/p>\n<p data-start=\"1174\" data-end=\"1486\">Sobre o an\u00fancio voltado \u00e0 sa\u00fade, o parlamentar refor\u00e7ou o impacto social da medida. \u201cA Santa Casa desempenha um papel essencial no atendimento \u00e0 popula\u00e7\u00e3o. A libera\u00e7\u00e3o de recursos para o Plano Diretor representa planejamento, responsabilidade e compromisso com um atendimento mais moderno e eficiente\u201d, declarou.<\/p>\n<p data-start=\"1488\" data-end=\"1752\" data-is-last-node=\"\" data-is-only-node=\"\">A participa\u00e7\u00e3o ativa do deputado na agenda reafirmou seu posicionamento municipalista e seu compromisso com projetos que geram resultados concretos, consolidando parcerias e acompanhando de perto a\u00e7\u00f5es que promovem desenvolvimento e melhoria dos servi\u00e7os p\u00fablicos.<\/p>\n","protected":false},"excerpt":{"rendered":"<p>A inaugura\u00e7\u00e3o do Trevo do Catua\u00ed marcou um novo cap\u00edtulo para a mobilidade urbana e o desenvolvimento regional. A cerim\u00f4nia contou com a presen\u00e7a do governador Ratinho Junior, o secret\u00e1rio as Cidades, Guto Silva, lideran\u00e7as locais e representantes da sociedade civil. Al\u00e9m da entrega da obra, tamb\u00e9m foi realizado o an\u00fancio da libera\u00e7\u00e3o de recursos [&hellip;]<\/p>\n","protected":false},"author":3,"featured_media":3955,"comment_status":"open","ping_status":"open","sticky":false,"template":"","format":"standard","meta":{"footnotes":""},"categories":[1],"tags":[],"class_list":["post-3945","post","type-post","status-publish","format-standard","has-post-thumbnail","hentry","category-gabinete-sd"],"yoast_head":"<!-- This site is optimized with the Yoast SEO plugin v27.4 - https:\/\/yoast.com\/product\/yoast-seo-wordpress\/ -->\n<title>Com deputado Adriano Jos\u00e9, inaugura\u00e7\u00e3o do Trevo do Catua\u00ed marca novo ciclo de desenvolvimento - Deputado Adriano Jos\u00e9<\/title>\n<meta name=\"robots\" content=\"index, follow, max-snippet:-1, max-image-preview:large, max-video-preview:-1\" \/>\n<link rel=\"canonical\" href=\"https:\/\/soldadoadrianojose.com.br\/index.php\/2026\/03\/06\/com-deputado-adriano-jose-inauguracao-do-trevo-do-catuai-marca-novo-ciclo-de-desenvolvimento\/\" \/>\n<meta property=\"og:locale\" content=\"pt_BR\" \/>\n<meta property=\"og:type\" content=\"article\" \/>\n<meta property=\"og:title\" content=\"Com deputado Adriano Jos\u00e9, inaugura\u00e7\u00e3o do Trevo do Catua\u00ed marca novo ciclo de desenvolvimento - Deputado Adriano Jos\u00e9\" \/>\n<meta property=\"og:description\" content=\"A inaugura\u00e7\u00e3o do Trevo do Catua\u00ed marcou um novo cap\u00edtulo para a mobilidade urbana e o desenvolvimento regional. A cerim\u00f4nia contou com a presen\u00e7a do governador Ratinho Junior, o secret\u00e1rio as Cidades, Guto Silva, lideran\u00e7as locais e representantes da sociedade civil. Al\u00e9m da entrega da obra, tamb\u00e9m foi realizado o an\u00fancio da libera\u00e7\u00e3o de recursos [&hellip;]\" \/>\n<meta property=\"og:url\" content=\"https:\/\/soldadoadrianojose.com.br\/index.php\/2026\/03\/06\/com-deputado-adriano-jose-inauguracao-do-trevo-do-catuai-marca-novo-ciclo-de-desenvolvimento\/\" \/>\n<meta property=\"og:site_name\" content=\"Deputado Adriano Jos\u00e9\" \/>\n<meta property=\"article:published_time\" content=\"2026-03-06T13:45:22+00:00\" \/>\n<meta property=\"og:image\" content=\"https:\/\/soldadoadrianojose.com.br\/wp-content\/uploads\/2026\/03\/080a2737-scaled.jpg\" \/>\n\t<meta property=\"og:image:width\" content=\"2560\" \/>\n\t<meta property=\"og:image:height\" content=\"1707\" \/>\n\t<meta property=\"og:image:type\" content=\"image\/jpeg\" \/>\n<meta name=\"author\" content=\"Emanuellig admin2\" \/>\n<meta name=\"twitter:card\" content=\"summary_large_image\" \/>\n<meta name=\"twitter:label1\" content=\"Escrito por\" \/>\n\t<meta name=\"twitter:data1\" content=\"Emanuellig admin2\" \/>\n\t<meta name=\"twitter:label2\" content=\"Est. tempo de leitura\" \/>\n\t<meta name=\"twitter:data2\" content=\"2 minutos\" \/>\n<script type=\"application\/ld+json\" class=\"yoast-schema-graph\">{\"@context\":\"https:\\\/\\\/schema.org\",\"@graph\":[{\"@type\":\"Article\",\"@id\":\"https:\\\/\\\/soldadoadrianojose.com.br\\\/index.php\\\/2026\\\/03\\\/06\\\/com-deputado-adriano-jose-inauguracao-do-trevo-do-catuai-marca-novo-ciclo-de-desenvolvimento\\\/#article\",\"isPartOf\":{\"@id\":\"https:\\\/\\\/soldadoadrianojose.com.br\\\/index.php\\\/2026\\\/03\\\/06\\\/com-deputado-adriano-jose-inauguracao-do-trevo-do-catuai-marca-novo-ciclo-de-desenvolvimento\\\/\"},\"author\":{\"name\":\"Emanuellig admin2\",\"@id\":\"https:\\\/\\\/soldadoadrianojose.com.br\\\/#\\\/schema\\\/person\\\/cd48425bd7edd36fa5917c88fbe1cec5\"},\"headline\":\"Com deputado Adriano Jos\u00e9, inaugura\u00e7\u00e3o do Trevo do Catua\u00ed marca novo ciclo de desenvolvimento\",\"datePublished\":\"2026-03-06T13:45:22+00:00\",\"mainEntityOfPage\":{\"@id\":\"https:\\\/\\\/soldadoadrianojose.com.br\\\/index.php\\\/2026\\\/03\\\/06\\\/com-deputado-adriano-jose-inauguracao-do-trevo-do-catuai-marca-novo-ciclo-de-desenvolvimento\\\/\"},\"wordCount\":316,\"commentCount\":0,\"publisher\":{\"@id\":\"https:\\\/\\\/soldadoadrianojose.com.br\\\/#\\\/schema\\\/person\\\/16f8e8defb7a4bd6c6082efcd1bdb6bb\"},\"image\":{\"@id\":\"https:\\\/\\\/soldadoadrianojose.com.br\\\/index.php\\\/2026\\\/03\\\/06\\\/com-deputado-adriano-jose-inauguracao-do-trevo-do-catuai-marca-novo-ciclo-de-desenvolvimento\\\/#primaryimage\"},\"thumbnailUrl\":\"https:\\\/\\\/soldadoadrianojose.com.br\\\/wp-content\\\/uploads\\\/2026\\\/03\\\/080a2737-scaled.jpg\",\"articleSection\":[\"GABINETE SD\"],\"inLanguage\":\"pt-BR\",\"potentialAction\":[{\"@type\":\"CommentAction\",\"name\":\"Comment\",\"target\":[\"https:\\\/\\\/soldadoadrianojose.com.br\\\/index.php\\\/2026\\\/03\\\/06\\\/com-deputado-adriano-jose-inauguracao-do-trevo-do-catuai-marca-novo-ciclo-de-desenvolvimento\\\/#respond\"]}]},{\"@type\":\"WebPage\",\"@id\":\"https:\\\/\\\/soldadoadrianojose.com.br\\\/index.php\\\/2026\\\/03\\\/06\\\/com-deputado-adriano-jose-inauguracao-do-trevo-do-catuai-marca-novo-ciclo-de-desenvolvimento\\\/\",\"url\":\"https:\\\/\\\/soldadoadrianojose.com.br\\\/index.php\\\/2026\\\/03\\\/06\\\/com-deputado-adriano-jose-inauguracao-do-trevo-do-catuai-marca-novo-ciclo-de-desenvolvimento\\\/\",\"name\":\"Com deputado Adriano Jos\u00e9, inaugura\u00e7\u00e3o do Trevo do Catua\u00ed marca novo ciclo de desenvolvimento - Deputado Adriano Jos\u00e9\",\"isPartOf\":{\"@id\":\"https:\\\/\\\/soldadoadrianojose.com.br\\\/#website\"},\"primaryImageOfPage\":{\"@id\":\"https:\\\/\\\/soldadoadrianojose.com.br\\\/index.php\\\/2026\\\/03\\\/06\\\/com-deputado-adriano-jose-inauguracao-do-trevo-do-catuai-marca-novo-ciclo-de-desenvolvimento\\\/#primaryimage\"},\"image\":{\"@id\":\"https:\\\/\\\/soldadoadrianojose.com.br\\\/index.php\\\/2026\\\/03\\\/06\\\/com-deputado-adriano-jose-inauguracao-do-trevo-do-catuai-marca-novo-ciclo-de-desenvolvimento\\\/#primaryimage\"},\"thumbnailUrl\":\"https:\\\/\\\/soldadoadrianojose.com.br\\\/wp-content\\\/uploads\\\/2026\\\/03\\\/080a2737-scaled.jpg\",\"datePublished\":\"2026-03-06T13:45:22+00:00\",\"breadcrumb\":{\"@id\":\"https:\\\/\\\/soldadoadrianojose.com.br\\\/index.php\\\/2026\\\/03\\\/06\\\/com-deputado-adriano-jose-inauguracao-do-trevo-do-catuai-marca-novo-ciclo-de-desenvolvimento\\\/#breadcrumb\"},\"inLanguage\":\"pt-BR\",\"potentialAction\":[{\"@type\":\"ReadAction\",\"target\":[\"https:\\\/\\\/soldadoadrianojose.com.br\\\/index.php\\\/2026\\\/03\\\/06\\\/com-deputado-adriano-jose-inauguracao-do-trevo-do-catuai-marca-novo-ciclo-de-desenvolvimento\\\/\"]}]},{\"@type\":\"ImageObject\",\"inLanguage\":\"pt-BR\",\"@id\":\"https:\\\/\\\/soldadoadrianojose.com.br\\\/index.php\\\/2026\\\/03\\\/06\\\/com-deputado-adriano-jose-inauguracao-do-trevo-do-catuai-marca-novo-ciclo-de-desenvolvimento\\\/#primaryimage\",\"url\":\"https:\\\/\\\/soldadoadrianojose.com.br\\\/wp-content\\\/uploads\\\/2026\\\/03\\\/080a2737-scaled.jpg\",\"contentUrl\":\"https:\\\/\\\/soldadoadrianojose.com.br\\\/wp-content\\\/uploads\\\/2026\\\/03\\\/080a2737-scaled.jpg\",\"width\":2560,\"height\":1707},{\"@type\":\"BreadcrumbList\",\"@id\":\"https:\\\/\\\/soldadoadrianojose.com.br\\\/index.php\\\/2026\\\/03\\\/06\\\/com-deputado-adriano-jose-inauguracao-do-trevo-do-catuai-marca-novo-ciclo-de-desenvolvimento\\\/#breadcrumb\",\"itemListElement\":[{\"@type\":\"ListItem\",\"position\":1,\"name\":\"In\u00edcio\",\"item\":\"https:\\\/\\\/soldadoadrianojose.com.br\\\/\"},{\"@type\":\"ListItem\",\"position\":2,\"name\":\"Com deputado Adriano Jos\u00e9, inaugura\u00e7\u00e3o do Trevo do Catua\u00ed marca novo ciclo de desenvolvimento\"}]},{\"@type\":\"WebSite\",\"@id\":\"https:\\\/\\\/soldadoadrianojose.com.br\\\/#website\",\"url\":\"https:\\\/\\\/soldadoadrianojose.com.br\\\/\",\"name\":\"Deputado Adriano Jos\u00e9\",\"description\":\"Nosso trabalho \u00e9 pelas pessoas\",\"publisher\":{\"@id\":\"https:\\\/\\\/soldadoadrianojose.com.br\\\/#\\\/schema\\\/person\\\/16f8e8defb7a4bd6c6082efcd1bdb6bb\"},\"potentialAction\":[{\"@type\":\"SearchAction\",\"target\":{\"@type\":\"EntryPoint\",\"urlTemplate\":\"https:\\\/\\\/soldadoadrianojose.com.br\\\/?s={search_term_string}\"},\"query-input\":{\"@type\":\"PropertyValueSpecification\",\"valueRequired\":true,\"valueName\":\"search_term_string\"}}],\"inLanguage\":\"pt-BR\"},{\"@type\":[\"Person\",\"Organization\"],\"@id\":\"https:\\\/\\\/soldadoadrianojose.com.br\\\/#\\\/schema\\\/person\\\/16f8e8defb7a4bd6c6082efcd1bdb6bb\",\"name\":\"soldadoadrianojose\",\"image\":{\"@type\":\"ImageObject\",\"inLanguage\":\"pt-BR\",\"@id\":\"https:\\\/\\\/soldadoadrianojose.com.br\\\/wp-content\\\/uploads\\\/2023\\\/02\\\/LOGO_CLEAR-5.png\",\"url\":\"https:\\\/\\\/soldadoadrianojose.com.br\\\/wp-content\\\/uploads\\\/2023\\\/02\\\/LOGO_CLEAR-5.png\",\"contentUrl\":\"https:\\\/\\\/soldadoadrianojose.com.br\\\/wp-content\\\/uploads\\\/2023\\\/02\\\/LOGO_CLEAR-5.png\",\"width\":3508,\"height\":998,\"caption\":\"soldadoadrianojose\"},\"logo\":{\"@id\":\"https:\\\/\\\/soldadoadrianojose.com.br\\\/wp-content\\\/uploads\\\/2023\\\/02\\\/LOGO_CLEAR-5.png\"},\"sameAs\":[\"https:\\\/\\\/soldadoadrianojose.com.br\"]},{\"@type\":\"Person\",\"@id\":\"https:\\\/\\\/soldadoadrianojose.com.br\\\/#\\\/schema\\\/person\\\/cd48425bd7edd36fa5917c88fbe1cec5\",\"name\":\"Emanuellig admin2\",\"image\":{\"@type\":\"ImageObject\",\"inLanguage\":\"pt-BR\",\"@id\":\"https:\\\/\\\/soldadoadrianojose.com.br\\\/wp-content\\\/litespeed\\\/avatar\\\/235a59a115f40132a17fc909e61bc31d.jpg?ver=1777092356\",\"url\":\"https:\\\/\\\/soldadoadrianojose.com.br\\\/wp-content\\\/litespeed\\\/avatar\\\/235a59a115f40132a17fc909e61bc31d.jpg?ver=1777092356\",\"contentUrl\":\"https:\\\/\\\/soldadoadrianojose.com.br\\\/wp-content\\\/litespeed\\\/avatar\\\/235a59a115f40132a17fc909e61bc31d.jpg?ver=1777092356\",\"caption\":\"Emanuellig admin2\"},\"url\":\"https:\\\/\\\/soldadoadrianojose.com.br\\\/index.php\\\/author\\\/manu\\\/\"}]}<\/script>\n<!-- \/ Yoast SEO plugin. -->","yoast_head_json":{"title":"Com deputado Adriano Jos\u00e9, inaugura\u00e7\u00e3o do Trevo do Catua\u00ed marca novo ciclo de desenvolvimento - Deputado Adriano Jos\u00e9","robots":{"index":"index","follow":"follow","max-snippet":"max-snippet:-1","max-image-preview":"max-image-preview:large","max-video-preview":"max-video-preview:-1"},"canonical":"https:\/\/soldadoadrianojose.com.br\/index.php\/2026\/03\/06\/com-deputado-adriano-jose-inauguracao-do-trevo-do-catuai-marca-novo-ciclo-de-desenvolvimento\/","og_locale":"pt_BR","og_type":"article","og_title":"Com deputado Adriano Jos\u00e9, inaugura\u00e7\u00e3o do Trevo do Catua\u00ed marca novo ciclo de desenvolvimento - Deputado Adriano Jos\u00e9","og_description":"A inaugura\u00e7\u00e3o do Trevo do Catua\u00ed marcou um novo cap\u00edtulo para a mobilidade urbana e o desenvolvimento regional. A cerim\u00f4nia contou com a presen\u00e7a do governador Ratinho Junior, o secret\u00e1rio as Cidades, Guto Silva, lideran\u00e7as locais e representantes da sociedade civil. Al\u00e9m da entrega da obra, tamb\u00e9m foi realizado o an\u00fancio da libera\u00e7\u00e3o de recursos [&hellip;]","og_url":"https:\/\/soldadoadrianojose.com.br\/index.php\/2026\/03\/06\/com-deputado-adriano-jose-inauguracao-do-trevo-do-catuai-marca-novo-ciclo-de-desenvolvimento\/","og_site_name":"Deputado Adriano Jos\u00e9","article_published_time":"2026-03-06T13:45:22+00:00","og_image":[{"width":2560,"height":1707,"url":"https:\/\/soldadoadrianojose.com.br\/wp-content\/uploads\/2026\/03\/080a2737-scaled.jpg","type":"image\/jpeg"}],"author":"Emanuellig admin2","twitter_card":"summary_large_image","twitter_misc":{"Escrito por":"Emanuellig admin2","Est. tempo de leitura":"2 minutos"},"schema":{"@context":"https:\/\/schema.org","@graph":[{"@type":"Article","@id":"https:\/\/soldadoadrianojose.com.br\/index.php\/2026\/03\/06\/com-deputado-adriano-jose-inauguracao-do-trevo-do-catuai-marca-novo-ciclo-de-desenvolvimento\/#article","isPartOf":{"@id":"https:\/\/soldadoadrianojose.com.br\/index.php\/2026\/03\/06\/com-deputado-adriano-jose-inauguracao-do-trevo-do-catuai-marca-novo-ciclo-de-desenvolvimento\/"},"author":{"name":"Emanuellig admin2","@id":"https:\/\/soldadoadrianojose.com.br\/#\/schema\/person\/cd48425bd7edd36fa5917c88fbe1cec5"},"headline":"Com deputado Adriano Jos\u00e9, inaugura\u00e7\u00e3o do Trevo do Catua\u00ed marca novo ciclo de desenvolvimento","datePublished":"2026-03-06T13:45:22+00:00","mainEntityOfPage":{"@id":"https:\/\/soldadoadrianojose.com.br\/index.php\/2026\/03\/06\/com-deputado-adriano-jose-inauguracao-do-trevo-do-catuai-marca-novo-ciclo-de-desenvolvimento\/"},"wordCount":316,"commentCount":0,"publisher":{"@id":"https:\/\/soldadoadrianojose.com.br\/#\/schema\/person\/16f8e8defb7a4bd6c6082efcd1bdb6bb"},"image":{"@id":"https:\/\/soldadoadrianojose.com.br\/index.php\/2026\/03\/06\/com-deputado-adriano-jose-inauguracao-do-trevo-do-catuai-marca-novo-ciclo-de-desenvolvimento\/#primaryimage"},"thumbnailUrl":"https:\/\/soldadoadrianojose.com.br\/wp-content\/uploads\/2026\/03\/080a2737-scaled.jpg","articleSection":["GABINETE SD"],"inLanguage":"pt-BR","potentialAction":[{"@type":"CommentAction","name":"Comment","target":["https:\/\/soldadoadrianojose.com.br\/index.php\/2026\/03\/06\/com-deputado-adriano-jose-inauguracao-do-trevo-do-catuai-marca-novo-ciclo-de-desenvolvimento\/#respond"]}]},{"@type":"WebPage","@id":"https:\/\/soldadoadrianojose.com.br\/index.php\/2026\/03\/06\/com-deputado-adriano-jose-inauguracao-do-trevo-do-catuai-marca-novo-ciclo-de-desenvolvimento\/","url":"https:\/\/soldadoadrianojose.com.br\/index.php\/2026\/03\/06\/com-deputado-adriano-jose-inauguracao-do-trevo-do-catuai-marca-novo-ciclo-de-desenvolvimento\/","name":"Com deputado Adriano Jos\u00e9, inaugura\u00e7\u00e3o do Trevo do Catua\u00ed marca novo ciclo de desenvolvimento - Deputado Adriano Jos\u00e9","isPartOf":{"@id":"https:\/\/soldadoadrianojose.com.br\/#website"},"primaryImageOfPage":{"@id":"https:\/\/soldadoadrianojose.com.br\/index.php\/2026\/03\/06\/com-deputado-adriano-jose-inauguracao-do-trevo-do-catuai-marca-novo-ciclo-de-desenvolvimento\/#primaryimage"},"image":{"@id":"https:\/\/soldadoadrianojose.com.br\/index.php\/2026\/03\/06\/com-deputado-adriano-jose-inauguracao-do-trevo-do-catuai-marca-novo-ciclo-de-desenvolvimento\/#primaryimage"},"thumbnailUrl":"https:\/\/soldadoadrianojose.com.br\/wp-content\/uploads\/2026\/03\/080a2737-scaled.jpg","datePublished":"2026-03-06T13:45:22+00:00","breadcrumb":{"@id":"https:\/\/soldadoadrianojose.com.br\/index.php\/2026\/03\/06\/com-deputado-adriano-jose-inauguracao-do-trevo-do-catuai-marca-novo-ciclo-de-desenvolvimento\/#breadcrumb"},"inLanguage":"pt-BR","potentialAction":[{"@type":"ReadAction","target":["https:\/\/soldadoadrianojose.com.br\/index.php\/2026\/03\/06\/com-deputado-adriano-jose-inauguracao-do-trevo-do-catuai-marca-novo-ciclo-de-desenvolvimento\/"]}]},{"@type":"ImageObject","inLanguage":"pt-BR","@id":"https:\/\/soldadoadrianojose.com.br\/index.php\/2026\/03\/06\/com-deputado-adriano-jose-inauguracao-do-trevo-do-catuai-marca-novo-ciclo-de-desenvolvimento\/#primaryimage","url":"https:\/\/soldadoadrianojose.com.br\/wp-content\/uploads\/2026\/03\/080a2737-scaled.jpg","contentUrl":"https:\/\/soldadoadrianojose.com.br\/wp-content\/uploads\/2026\/03\/080a2737-scaled.jpg","width":2560,"height":1707},{"@type":"BreadcrumbList","@id":"https:\/\/soldadoadrianojose.com.br\/index.php\/2026\/03\/06\/com-deputado-adriano-jose-inauguracao-do-trevo-do-catuai-marca-novo-ciclo-de-desenvolvimento\/#breadcrumb","itemListElement":[{"@type":"ListItem","position":1,"name":"In\u00edcio","item":"https:\/\/soldadoadrianojose.com.br\/"},{"@type":"ListItem","position":2,"name":"Com deputado Adriano Jos\u00e9, inaugura\u00e7\u00e3o do Trevo do Catua\u00ed marca novo ciclo de desenvolvimento"}]},{"@type":"WebSite","@id":"https:\/\/soldadoadrianojose.com.br\/#website","url":"https:\/\/soldadoadrianojose.com.br\/","name":"Deputado Adriano Jos\u00e9","description":"Nosso trabalho \u00e9 pelas pessoas","publisher":{"@id":"https:\/\/soldadoadrianojose.com.br\/#\/schema\/person\/16f8e8defb7a4bd6c6082efcd1bdb6bb"},"potentialAction":[{"@type":"SearchAction","target":{"@type":"EntryPoint","urlTemplate":"https:\/\/soldadoadrianojose.com.br\/?s={search_term_string}"},"query-input":{"@type":"PropertyValueSpecification","valueRequired":true,"valueName":"search_term_string"}}],"inLanguage":"pt-BR"},{"@type":["Person","Organization"],"@id":"https:\/\/soldadoadrianojose.com.br\/#\/schema\/person\/16f8e8defb7a4bd6c6082efcd1bdb6bb","name":"soldadoadrianojose","image":{"@type":"ImageObject","inLanguage":"pt-BR","@id":"https:\/\/soldadoadrianojose.com.br\/wp-content\/uploads\/2023\/02\/LOGO_CLEAR-5.png","url":"https:\/\/soldadoadrianojose.com.br\/wp-content\/uploads\/2023\/02\/LOGO_CLEAR-5.png","contentUrl":"https:\/\/soldadoadrianojose.com.br\/wp-content\/uploads\/2023\/02\/LOGO_CLEAR-5.png","width":3508,"height":998,"caption":"soldadoadrianojose"},"logo":{"@id":"https:\/\/soldadoadrianojose.com.br\/wp-content\/uploads\/2023\/02\/LOGO_CLEAR-5.png"},"sameAs":["https:\/\/soldadoadrianojose.com.br"]},{"@type":"Person","@id":"https:\/\/soldadoadrianojose.com.br\/#\/schema\/person\/cd48425bd7edd36fa5917c88fbe1cec5","name":"Emanuellig admin2","image":{"@type":"ImageObject","inLanguage":"pt-BR","@id":"https:\/\/soldadoadrianojose.com.br\/wp-content\/litespeed\/avatar\/235a59a115f40132a17fc909e61bc31d.jpg?ver=1777092356","url":"https:\/\/soldadoadrianojose.com.br\/wp-content\/litespeed\/avatar\/235a59a115f40132a17fc909e61bc31d.jpg?ver=1777092356","contentUrl":"https:\/\/soldadoadrianojose.com.br\/wp-content\/litespeed\/avatar\/235a59a115f40132a17fc909e61bc31d.jpg?ver=1777092356","caption":"Emanuellig admin2"},"url":"https:\/\/soldadoadrianojose.com.br\/index.php\/author\/manu\/"}]}},"jetpack_featured_media_url":"https:\/\/soldadoadrianojose.com.br\/wp-content\/uploads\/2026\/03\/080a2737-scaled.jpg","_links":{"self":[{"href":"https:\/\/soldadoadrianojose.com.br\/index.php\/wp-json\/wp\/v2\/posts\/3945","targetHints":{"allow":["GET"]}}],"collection":[{"href":"https:\/\/soldadoadrianojose.com.br\/index.php\/wp-json\/wp\/v2\/posts"}],"about":[{"href":"https:\/\/soldadoadrianojose.com.br\/index.php\/wp-json\/wp\/v2\/types\/post"}],"author":[{"embeddable":true,"href":"https:\/\/soldadoadrianojose.com.br\/index.php\/wp-json\/wp\/v2\/users\/3"}],"replies":[{"embeddable":true,"href":"https:\/\/soldadoadrianojose.com.br\/index.php\/wp-json\/wp\/v2\/comments?post=3945"}],"version-history":[{"count":2,"href":"https:\/\/soldadoadrianojose.com.br\/index.php\/wp-json\/wp\/v2\/posts\/3945\/revisions"}],"predecessor-version":[{"id":3954,"href":"https:\/\/soldadoadrianojose.com.br\/index.php\/wp-json\/wp\/v2\/posts\/3945\/revisions\/3954"}],"wp:featuredmedia":[{"embeddable":true,"href":"https:\/\/soldadoadrianojose.com.br\/index.php\/wp-json\/wp\/v2\/media\/3955"}],"wp:attachment":[{"href":"https:\/\/soldadoadrianojose.com.br\/index.php\/wp-json\/wp\/v2\/media?parent=3945"}],"wp:term":[{"taxonomy":"category","embeddable":true,"href":"https:\/\/soldadoadrianojose.com.br\/index.php\/wp-json\/wp\/v2\/categories?post=3945"},{"taxonomy":"post_tag","embeddable":true,"href":"https:\/\/soldadoadrianojose.com.br\/index.php\/wp-json\/wp\/v2\/tags?post=3945"}],"curies":[{"name":"wp","href":"https:\/\/api.w.org\/{rel}","templated":true}]}}