{"id":3948,"date":"2026-03-06T10:47:59","date_gmt":"2026-03-06T13:47:59","guid":{"rendered":"https:\/\/soldadoadrianojose.com.br\/?p=3948"},"modified":"2026-03-06T10:47:59","modified_gmt":"2026-03-06T13:47:59","slug":"nova-ponte-no-rio-ivai-avanca-com-presenca-estrategica-de-adriano-jose","status":"publish","type":"post","link":"https:\/\/soldadoadrianojose.com.br\/index.php\/2026\/03\/06\/nova-ponte-no-rio-ivai-avanca-com-presenca-estrategica-de-adriano-jose\/","title":{"rendered":"Nova ponte no Rio Iva\u00ed avan\u00e7a com presen\u00e7a estrat\u00e9gica de Adriano Jos\u00e9"},"content":{"rendered":"<p data-start=\"0\" data-end=\"340\">O deputado Adriano Jos\u00e9 integrou o lan\u00e7amento da pedra fundamental da nova ponte sobre o Rio Iva\u00ed, que ligar\u00e1 os munic\u00edpios de <span class=\"hover:entity-accent entity-underline inline cursor-pointer align-baseline\"><span class=\"whitespace-normal\">Japur\u00e1<\/span><\/span> e <span class=\"hover:entity-accent entity-underline inline cursor-pointer align-baseline\"><span class=\"whitespace-normal\">S\u00e3o Carlos do Iva\u00ed<\/span><\/span>. A solenidade marcou o in\u00edcio de uma obra aguardada pela regi\u00e3o e considerada estrat\u00e9gica para o desenvolvimento do Noroeste do Paran\u00e1.<\/p>\n<p data-start=\"342\" data-end=\"744\">Ao lado do governador <span class=\"hover:entity-accent entity-underline inline cursor-pointer align-baseline\"><span class=\"whitespace-normal\">Carlos Massa Ratinho Junior<\/span><\/span>, do secret\u00e1rio das Cidades <span class=\"hover:entity-accent entity-underline inline cursor-pointer align-baseline\"><span class=\"whitespace-normal\">Guto Silva<\/span><\/span> e de lideran\u00e7as locais, o parlamentar destacou a import\u00e2ncia da nova estrutura para a mobilidade e para o fortalecimento da economia regional. Adriano Jos\u00e9 ressaltou que a ponte representar\u00e1 mais seguran\u00e7a no tr\u00e1fego e melhores condi\u00e7\u00f5es para o escoamento da produ\u00e7\u00e3o agr\u00edcola.<\/p>\n<p data-start=\"746\" data-end=\"1089\">Durante o evento, o deputado evidenciou que a liga\u00e7\u00e3o entre Japur\u00e1 e S\u00e3o Carlos do Iva\u00ed simbolizou um avan\u00e7o concreto na integra\u00e7\u00e3o entre os munic\u00edpios, encurtando dist\u00e2ncias e ampliando oportunidades de crescimento. Para ele, investir em infraestrutura significa garantir desenvolvimento sustent\u00e1vel e mais qualidade de vida para a popula\u00e7\u00e3o.<\/p>\n<p data-start=\"1091\" data-end=\"1298\" data-is-last-node=\"\" data-is-only-node=\"\">Adriano Jos\u00e9 reafirmou seu compromisso com obras estruturantes e com o fortalecimento do interior do Estado, destacando que seguir\u00e1 atuando para que novos investimentos avancem em todas as regi\u00f5es do Paran\u00e1.<\/p>\n","protected":false},"excerpt":{"rendered":"<p>O deputado Adriano Jos\u00e9 integrou o lan\u00e7amento da pedra fundamental da nova ponte sobre o Rio Iva\u00ed, que ligar\u00e1 os munic\u00edpios de Japur\u00e1 e S\u00e3o Carlos do Iva\u00ed. A solenidade marcou o in\u00edcio de uma obra aguardada pela regi\u00e3o e considerada estrat\u00e9gica para o desenvolvimento do Noroeste do Paran\u00e1. Ao lado do governador Carlos Massa [&hellip;]<\/p>\n","protected":false},"author":3,"featured_media":3956,"comment_status":"open","ping_status":"open","sticky":false,"template":"","format":"standard","meta":{"footnotes":""},"categories":[1],"tags":[],"class_list":["post-3948","post","type-post","status-publish","format-standard","has-post-thumbnail","hentry","category-gabinete-sd"],"yoast_head":"<!-- This site is optimized with the Yoast SEO plugin v27.4 - https:\/\/yoast.com\/product\/yoast-seo-wordpress\/ -->\n<title>Nova ponte no Rio Iva\u00ed avan\u00e7a com presen\u00e7a estrat\u00e9gica de Adriano Jos\u00e9 - Deputado Adriano Jos\u00e9<\/title>\n<meta name=\"robots\" content=\"index, follow, max-snippet:-1, max-image-preview:large, max-video-preview:-1\" \/>\n<link rel=\"canonical\" href=\"https:\/\/soldadoadrianojose.com.br\/index.php\/2026\/03\/06\/nova-ponte-no-rio-ivai-avanca-com-presenca-estrategica-de-adriano-jose\/\" \/>\n<meta property=\"og:locale\" content=\"pt_BR\" \/>\n<meta property=\"og:type\" content=\"article\" \/>\n<meta property=\"og:title\" content=\"Nova ponte no Rio Iva\u00ed avan\u00e7a com presen\u00e7a estrat\u00e9gica de Adriano Jos\u00e9 - Deputado Adriano Jos\u00e9\" \/>\n<meta property=\"og:description\" content=\"O deputado Adriano Jos\u00e9 integrou o lan\u00e7amento da pedra fundamental da nova ponte sobre o Rio Iva\u00ed, que ligar\u00e1 os munic\u00edpios de Japur\u00e1 e S\u00e3o Carlos do Iva\u00ed. A solenidade marcou o in\u00edcio de uma obra aguardada pela regi\u00e3o e considerada estrat\u00e9gica para o desenvolvimento do Noroeste do Paran\u00e1. Ao lado do governador Carlos Massa [&hellip;]\" \/>\n<meta property=\"og:url\" content=\"https:\/\/soldadoadrianojose.com.br\/index.php\/2026\/03\/06\/nova-ponte-no-rio-ivai-avanca-com-presenca-estrategica-de-adriano-jose\/\" \/>\n<meta property=\"og:site_name\" content=\"Deputado Adriano Jos\u00e9\" \/>\n<meta property=\"article:published_time\" content=\"2026-03-06T13:47:59+00:00\" \/>\n<meta property=\"og:image\" content=\"https:\/\/soldadoadrianojose.com.br\/wp-content\/uploads\/2026\/03\/WhatsApp-Image-2026-03-05-at-21.50.22.jpeg\" \/>\n\t<meta property=\"og:image:width\" content=\"1202\" \/>\n\t<meta property=\"og:image:height\" content=\"1600\" \/>\n\t<meta property=\"og:image:type\" content=\"image\/jpeg\" \/>\n<meta name=\"author\" content=\"Emanuellig admin2\" \/>\n<meta name=\"twitter:card\" content=\"summary_large_image\" \/>\n<meta name=\"twitter:label1\" content=\"Escrito por\" \/>\n\t<meta name=\"twitter:data1\" content=\"Emanuellig admin2\" \/>\n\t<meta name=\"twitter:label2\" content=\"Est. tempo de leitura\" \/>\n\t<meta name=\"twitter:data2\" content=\"2 minutos\" \/>\n<script type=\"application\/ld+json\" class=\"yoast-schema-graph\">{\"@context\":\"https:\\\/\\\/schema.org\",\"@graph\":[{\"@type\":\"Article\",\"@id\":\"https:\\\/\\\/soldadoadrianojose.com.br\\\/index.php\\\/2026\\\/03\\\/06\\\/nova-ponte-no-rio-ivai-avanca-com-presenca-estrategica-de-adriano-jose\\\/#article\",\"isPartOf\":{\"@id\":\"https:\\\/\\\/soldadoadrianojose.com.br\\\/index.php\\\/2026\\\/03\\\/06\\\/nova-ponte-no-rio-ivai-avanca-com-presenca-estrategica-de-adriano-jose\\\/\"},\"author\":{\"name\":\"Emanuellig admin2\",\"@id\":\"https:\\\/\\\/soldadoadrianojose.com.br\\\/#\\\/schema\\\/person\\\/cd48425bd7edd36fa5917c88fbe1cec5\"},\"headline\":\"Nova ponte no Rio Iva\u00ed avan\u00e7a com presen\u00e7a estrat\u00e9gica de Adriano Jos\u00e9\",\"datePublished\":\"2026-03-06T13:47:59+00:00\",\"mainEntityOfPage\":{\"@id\":\"https:\\\/\\\/soldadoadrianojose.com.br\\\/index.php\\\/2026\\\/03\\\/06\\\/nova-ponte-no-rio-ivai-avanca-com-presenca-estrategica-de-adriano-jose\\\/\"},\"wordCount\":223,\"commentCount\":0,\"publisher\":{\"@id\":\"https:\\\/\\\/soldadoadrianojose.com.br\\\/#\\\/schema\\\/person\\\/16f8e8defb7a4bd6c6082efcd1bdb6bb\"},\"image\":{\"@id\":\"https:\\\/\\\/soldadoadrianojose.com.br\\\/index.php\\\/2026\\\/03\\\/06\\\/nova-ponte-no-rio-ivai-avanca-com-presenca-estrategica-de-adriano-jose\\\/#primaryimage\"},\"thumbnailUrl\":\"https:\\\/\\\/soldadoadrianojose.com.br\\\/wp-content\\\/uploads\\\/2026\\\/03\\\/WhatsApp-Image-2026-03-05-at-21.50.22.jpeg\",\"articleSection\":[\"GABINETE SD\"],\"inLanguage\":\"pt-BR\",\"potentialAction\":[{\"@type\":\"CommentAction\",\"name\":\"Comment\",\"target\":[\"https:\\\/\\\/soldadoadrianojose.com.br\\\/index.php\\\/2026\\\/03\\\/06\\\/nova-ponte-no-rio-ivai-avanca-com-presenca-estrategica-de-adriano-jose\\\/#respond\"]}]},{\"@type\":\"WebPage\",\"@id\":\"https:\\\/\\\/soldadoadrianojose.com.br\\\/index.php\\\/2026\\\/03\\\/06\\\/nova-ponte-no-rio-ivai-avanca-com-presenca-estrategica-de-adriano-jose\\\/\",\"url\":\"https:\\\/\\\/soldadoadrianojose.com.br\\\/index.php\\\/2026\\\/03\\\/06\\\/nova-ponte-no-rio-ivai-avanca-com-presenca-estrategica-de-adriano-jose\\\/\",\"name\":\"Nova ponte no Rio Iva\u00ed avan\u00e7a com presen\u00e7a estrat\u00e9gica de Adriano Jos\u00e9 - Deputado Adriano Jos\u00e9\",\"isPartOf\":{\"@id\":\"https:\\\/\\\/soldadoadrianojose.com.br\\\/#website\"},\"primaryImageOfPage\":{\"@id\":\"https:\\\/\\\/soldadoadrianojose.com.br\\\/index.php\\\/2026\\\/03\\\/06\\\/nova-ponte-no-rio-ivai-avanca-com-presenca-estrategica-de-adriano-jose\\\/#primaryimage\"},\"image\":{\"@id\":\"https:\\\/\\\/soldadoadrianojose.com.br\\\/index.php\\\/2026\\\/03\\\/06\\\/nova-ponte-no-rio-ivai-avanca-com-presenca-estrategica-de-adriano-jose\\\/#primaryimage\"},\"thumbnailUrl\":\"https:\\\/\\\/soldadoadrianojose.com.br\\\/wp-content\\\/uploads\\\/2026\\\/03\\\/WhatsApp-Image-2026-03-05-at-21.50.22.jpeg\",\"datePublished\":\"2026-03-06T13:47:59+00:00\",\"breadcrumb\":{\"@id\":\"https:\\\/\\\/soldadoadrianojose.com.br\\\/index.php\\\/2026\\\/03\\\/06\\\/nova-ponte-no-rio-ivai-avanca-com-presenca-estrategica-de-adriano-jose\\\/#breadcrumb\"},\"inLanguage\":\"pt-BR\",\"potentialAction\":[{\"@type\":\"ReadAction\",\"target\":[\"https:\\\/\\\/soldadoadrianojose.com.br\\\/index.php\\\/2026\\\/03\\\/06\\\/nova-ponte-no-rio-ivai-avanca-com-presenca-estrategica-de-adriano-jose\\\/\"]}]},{\"@type\":\"ImageObject\",\"inLanguage\":\"pt-BR\",\"@id\":\"https:\\\/\\\/soldadoadrianojose.com.br\\\/index.php\\\/2026\\\/03\\\/06\\\/nova-ponte-no-rio-ivai-avanca-com-presenca-estrategica-de-adriano-jose\\\/#primaryimage\",\"url\":\"https:\\\/\\\/soldadoadrianojose.com.br\\\/wp-content\\\/uploads\\\/2026\\\/03\\\/WhatsApp-Image-2026-03-05-at-21.50.22.jpeg\",\"contentUrl\":\"https:\\\/\\\/soldadoadrianojose.com.br\\\/wp-content\\\/uploads\\\/2026\\\/03\\\/WhatsApp-Image-2026-03-05-at-21.50.22.jpeg\",\"width\":1202,\"height\":1600},{\"@type\":\"BreadcrumbList\",\"@id\":\"https:\\\/\\\/soldadoadrianojose.com.br\\\/index.php\\\/2026\\\/03\\\/06\\\/nova-ponte-no-rio-ivai-avanca-com-presenca-estrategica-de-adriano-jose\\\/#breadcrumb\",\"itemListElement\":[{\"@type\":\"ListItem\",\"position\":1,\"name\":\"In\u00edcio\",\"item\":\"https:\\\/\\\/soldadoadrianojose.com.br\\\/\"},{\"@type\":\"ListItem\",\"position\":2,\"name\":\"Nova ponte no Rio Iva\u00ed avan\u00e7a com presen\u00e7a estrat\u00e9gica de Adriano Jos\u00e9\"}]},{\"@type\":\"WebSite\",\"@id\":\"https:\\\/\\\/soldadoadrianojose.com.br\\\/#website\",\"url\":\"https:\\\/\\\/soldadoadrianojose.com.br\\\/\",\"name\":\"Deputado Adriano Jos\u00e9\",\"description\":\"Nosso trabalho \u00e9 pelas pessoas\",\"publisher\":{\"@id\":\"https:\\\/\\\/soldadoadrianojose.com.br\\\/#\\\/schema\\\/person\\\/16f8e8defb7a4bd6c6082efcd1bdb6bb\"},\"potentialAction\":[{\"@type\":\"SearchAction\",\"target\":{\"@type\":\"EntryPoint\",\"urlTemplate\":\"https:\\\/\\\/soldadoadrianojose.com.br\\\/?s={search_term_string}\"},\"query-input\":{\"@type\":\"PropertyValueSpecification\",\"valueRequired\":true,\"valueName\":\"search_term_string\"}}],\"inLanguage\":\"pt-BR\"},{\"@type\":[\"Person\",\"Organization\"],\"@id\":\"https:\\\/\\\/soldadoadrianojose.com.br\\\/#\\\/schema\\\/person\\\/16f8e8defb7a4bd6c6082efcd1bdb6bb\",\"name\":\"soldadoadrianojose\",\"image\":{\"@type\":\"ImageObject\",\"inLanguage\":\"pt-BR\",\"@id\":\"https:\\\/\\\/soldadoadrianojose.com.br\\\/wp-content\\\/uploads\\\/2023\\\/02\\\/LOGO_CLEAR-5.png\",\"url\":\"https:\\\/\\\/soldadoadrianojose.com.br\\\/wp-content\\\/uploads\\\/2023\\\/02\\\/LOGO_CLEAR-5.png\",\"contentUrl\":\"https:\\\/\\\/soldadoadrianojose.com.br\\\/wp-content\\\/uploads\\\/2023\\\/02\\\/LOGO_CLEAR-5.png\",\"width\":3508,\"height\":998,\"caption\":\"soldadoadrianojose\"},\"logo\":{\"@id\":\"https:\\\/\\\/soldadoadrianojose.com.br\\\/wp-content\\\/uploads\\\/2023\\\/02\\\/LOGO_CLEAR-5.png\"},\"sameAs\":[\"https:\\\/\\\/soldadoadrianojose.com.br\"]},{\"@type\":\"Person\",\"@id\":\"https:\\\/\\\/soldadoadrianojose.com.br\\\/#\\\/schema\\\/person\\\/cd48425bd7edd36fa5917c88fbe1cec5\",\"name\":\"Emanuellig admin2\",\"image\":{\"@type\":\"ImageObject\",\"inLanguage\":\"pt-BR\",\"@id\":\"https:\\\/\\\/soldadoadrianojose.com.br\\\/wp-content\\\/litespeed\\\/avatar\\\/235a59a115f40132a17fc909e61bc31d.jpg?ver=1777092356\",\"url\":\"https:\\\/\\\/soldadoadrianojose.com.br\\\/wp-content\\\/litespeed\\\/avatar\\\/235a59a115f40132a17fc909e61bc31d.jpg?ver=1777092356\",\"contentUrl\":\"https:\\\/\\\/soldadoadrianojose.com.br\\\/wp-content\\\/litespeed\\\/avatar\\\/235a59a115f40132a17fc909e61bc31d.jpg?ver=1777092356\",\"caption\":\"Emanuellig admin2\"},\"url\":\"https:\\\/\\\/soldadoadrianojose.com.br\\\/index.php\\\/author\\\/manu\\\/\"}]}<\/script>\n<!-- \/ Yoast SEO plugin. -->","yoast_head_json":{"title":"Nova ponte no Rio Iva\u00ed avan\u00e7a com presen\u00e7a estrat\u00e9gica de Adriano Jos\u00e9 - Deputado Adriano Jos\u00e9","robots":{"index":"index","follow":"follow","max-snippet":"max-snippet:-1","max-image-preview":"max-image-preview:large","max-video-preview":"max-video-preview:-1"},"canonical":"https:\/\/soldadoadrianojose.com.br\/index.php\/2026\/03\/06\/nova-ponte-no-rio-ivai-avanca-com-presenca-estrategica-de-adriano-jose\/","og_locale":"pt_BR","og_type":"article","og_title":"Nova ponte no Rio Iva\u00ed avan\u00e7a com presen\u00e7a estrat\u00e9gica de Adriano Jos\u00e9 - Deputado Adriano Jos\u00e9","og_description":"O deputado Adriano Jos\u00e9 integrou o lan\u00e7amento da pedra fundamental da nova ponte sobre o Rio Iva\u00ed, que ligar\u00e1 os munic\u00edpios de Japur\u00e1 e S\u00e3o Carlos do Iva\u00ed. A solenidade marcou o in\u00edcio de uma obra aguardada pela regi\u00e3o e considerada estrat\u00e9gica para o desenvolvimento do Noroeste do Paran\u00e1. Ao lado do governador Carlos Massa [&hellip;]","og_url":"https:\/\/soldadoadrianojose.com.br\/index.php\/2026\/03\/06\/nova-ponte-no-rio-ivai-avanca-com-presenca-estrategica-de-adriano-jose\/","og_site_name":"Deputado Adriano Jos\u00e9","article_published_time":"2026-03-06T13:47:59+00:00","og_image":[{"width":1202,"height":1600,"url":"https:\/\/soldadoadrianojose.com.br\/wp-content\/uploads\/2026\/03\/WhatsApp-Image-2026-03-05-at-21.50.22.jpeg","type":"image\/jpeg"}],"author":"Emanuellig admin2","twitter_card":"summary_large_image","twitter_misc":{"Escrito por":"Emanuellig admin2","Est. tempo de leitura":"2 minutos"},"schema":{"@context":"https:\/\/schema.org","@graph":[{"@type":"Article","@id":"https:\/\/soldadoadrianojose.com.br\/index.php\/2026\/03\/06\/nova-ponte-no-rio-ivai-avanca-com-presenca-estrategica-de-adriano-jose\/#article","isPartOf":{"@id":"https:\/\/soldadoadrianojose.com.br\/index.php\/2026\/03\/06\/nova-ponte-no-rio-ivai-avanca-com-presenca-estrategica-de-adriano-jose\/"},"author":{"name":"Emanuellig admin2","@id":"https:\/\/soldadoadrianojose.com.br\/#\/schema\/person\/cd48425bd7edd36fa5917c88fbe1cec5"},"headline":"Nova ponte no Rio Iva\u00ed avan\u00e7a com presen\u00e7a estrat\u00e9gica de Adriano Jos\u00e9","datePublished":"2026-03-06T13:47:59+00:00","mainEntityOfPage":{"@id":"https:\/\/soldadoadrianojose.com.br\/index.php\/2026\/03\/06\/nova-ponte-no-rio-ivai-avanca-com-presenca-estrategica-de-adriano-jose\/"},"wordCount":223,"commentCount":0,"publisher":{"@id":"https:\/\/soldadoadrianojose.com.br\/#\/schema\/person\/16f8e8defb7a4bd6c6082efcd1bdb6bb"},"image":{"@id":"https:\/\/soldadoadrianojose.com.br\/index.php\/2026\/03\/06\/nova-ponte-no-rio-ivai-avanca-com-presenca-estrategica-de-adriano-jose\/#primaryimage"},"thumbnailUrl":"https:\/\/soldadoadrianojose.com.br\/wp-content\/uploads\/2026\/03\/WhatsApp-Image-2026-03-05-at-21.50.22.jpeg","articleSection":["GABINETE SD"],"inLanguage":"pt-BR","potentialAction":[{"@type":"CommentAction","name":"Comment","target":["https:\/\/soldadoadrianojose.com.br\/index.php\/2026\/03\/06\/nova-ponte-no-rio-ivai-avanca-com-presenca-estrategica-de-adriano-jose\/#respond"]}]},{"@type":"WebPage","@id":"https:\/\/soldadoadrianojose.com.br\/index.php\/2026\/03\/06\/nova-ponte-no-rio-ivai-avanca-com-presenca-estrategica-de-adriano-jose\/","url":"https:\/\/soldadoadrianojose.com.br\/index.php\/2026\/03\/06\/nova-ponte-no-rio-ivai-avanca-com-presenca-estrategica-de-adriano-jose\/","name":"Nova ponte no Rio Iva\u00ed avan\u00e7a com presen\u00e7a estrat\u00e9gica de Adriano Jos\u00e9 - Deputado Adriano Jos\u00e9","isPartOf":{"@id":"https:\/\/soldadoadrianojose.com.br\/#website"},"primaryImageOfPage":{"@id":"https:\/\/soldadoadrianojose.com.br\/index.php\/2026\/03\/06\/nova-ponte-no-rio-ivai-avanca-com-presenca-estrategica-de-adriano-jose\/#primaryimage"},"image":{"@id":"https:\/\/soldadoadrianojose.com.br\/index.php\/2026\/03\/06\/nova-ponte-no-rio-ivai-avanca-com-presenca-estrategica-de-adriano-jose\/#primaryimage"},"thumbnailUrl":"https:\/\/soldadoadrianojose.com.br\/wp-content\/uploads\/2026\/03\/WhatsApp-Image-2026-03-05-at-21.50.22.jpeg","datePublished":"2026-03-06T13:47:59+00:00","breadcrumb":{"@id":"https:\/\/soldadoadrianojose.com.br\/index.php\/2026\/03\/06\/nova-ponte-no-rio-ivai-avanca-com-presenca-estrategica-de-adriano-jose\/#breadcrumb"},"inLanguage":"pt-BR","potentialAction":[{"@type":"ReadAction","target":["https:\/\/soldadoadrianojose.com.br\/index.php\/2026\/03\/06\/nova-ponte-no-rio-ivai-avanca-com-presenca-estrategica-de-adriano-jose\/"]}]},{"@type":"ImageObject","inLanguage":"pt-BR","@id":"https:\/\/soldadoadrianojose.com.br\/index.php\/2026\/03\/06\/nova-ponte-no-rio-ivai-avanca-com-presenca-estrategica-de-adriano-jose\/#primaryimage","url":"https:\/\/soldadoadrianojose.com.br\/wp-content\/uploads\/2026\/03\/WhatsApp-Image-2026-03-05-at-21.50.22.jpeg","contentUrl":"https:\/\/soldadoadrianojose.com.br\/wp-content\/uploads\/2026\/03\/WhatsApp-Image-2026-03-05-at-21.50.22.jpeg","width":1202,"height":1600},{"@type":"BreadcrumbList","@id":"https:\/\/soldadoadrianojose.com.br\/index.php\/2026\/03\/06\/nova-ponte-no-rio-ivai-avanca-com-presenca-estrategica-de-adriano-jose\/#breadcrumb","itemListElement":[{"@type":"ListItem","position":1,"name":"In\u00edcio","item":"https:\/\/soldadoadrianojose.com.br\/"},{"@type":"ListItem","position":2,"name":"Nova ponte no Rio Iva\u00ed avan\u00e7a com presen\u00e7a estrat\u00e9gica de Adriano Jos\u00e9"}]},{"@type":"WebSite","@id":"https:\/\/soldadoadrianojose.com.br\/#website","url":"https:\/\/soldadoadrianojose.com.br\/","name":"Deputado Adriano Jos\u00e9","description":"Nosso trabalho \u00e9 pelas pessoas","publisher":{"@id":"https:\/\/soldadoadrianojose.com.br\/#\/schema\/person\/16f8e8defb7a4bd6c6082efcd1bdb6bb"},"potentialAction":[{"@type":"SearchAction","target":{"@type":"EntryPoint","urlTemplate":"https:\/\/soldadoadrianojose.com.br\/?s={search_term_string}"},"query-input":{"@type":"PropertyValueSpecification","valueRequired":true,"valueName":"search_term_string"}}],"inLanguage":"pt-BR"},{"@type":["Person","Organization"],"@id":"https:\/\/soldadoadrianojose.com.br\/#\/schema\/person\/16f8e8defb7a4bd6c6082efcd1bdb6bb","name":"soldadoadrianojose","image":{"@type":"ImageObject","inLanguage":"pt-BR","@id":"https:\/\/soldadoadrianojose.com.br\/wp-content\/uploads\/2023\/02\/LOGO_CLEAR-5.png","url":"https:\/\/soldadoadrianojose.com.br\/wp-content\/uploads\/2023\/02\/LOGO_CLEAR-5.png","contentUrl":"https:\/\/soldadoadrianojose.com.br\/wp-content\/uploads\/2023\/02\/LOGO_CLEAR-5.png","width":3508,"height":998,"caption":"soldadoadrianojose"},"logo":{"@id":"https:\/\/soldadoadrianojose.com.br\/wp-content\/uploads\/2023\/02\/LOGO_CLEAR-5.png"},"sameAs":["https:\/\/soldadoadrianojose.com.br"]},{"@type":"Person","@id":"https:\/\/soldadoadrianojose.com.br\/#\/schema\/person\/cd48425bd7edd36fa5917c88fbe1cec5","name":"Emanuellig admin2","image":{"@type":"ImageObject","inLanguage":"pt-BR","@id":"https:\/\/soldadoadrianojose.com.br\/wp-content\/litespeed\/avatar\/235a59a115f40132a17fc909e61bc31d.jpg?ver=1777092356","url":"https:\/\/soldadoadrianojose.com.br\/wp-content\/litespeed\/avatar\/235a59a115f40132a17fc909e61bc31d.jpg?ver=1777092356","contentUrl":"https:\/\/soldadoadrianojose.com.br\/wp-content\/litespeed\/avatar\/235a59a115f40132a17fc909e61bc31d.jpg?ver=1777092356","caption":"Emanuellig admin2"},"url":"https:\/\/soldadoadrianojose.com.br\/index.php\/author\/manu\/"}]}},"jetpack_featured_media_url":"https:\/\/soldadoadrianojose.com.br\/wp-content\/uploads\/2026\/03\/WhatsApp-Image-2026-03-05-at-21.50.22.jpeg","_links":{"self":[{"href":"https:\/\/soldadoadrianojose.com.br\/index.php\/wp-json\/wp\/v2\/posts\/3948","targetHints":{"allow":["GET"]}}],"collection":[{"href":"https:\/\/soldadoadrianojose.com.br\/index.php\/wp-json\/wp\/v2\/posts"}],"about":[{"href":"https:\/\/soldadoadrianojose.com.br\/index.php\/wp-json\/wp\/v2\/types\/post"}],"author":[{"embeddable":true,"href":"https:\/\/soldadoadrianojose.com.br\/index.php\/wp-json\/wp\/v2\/users\/3"}],"replies":[{"embeddable":true,"href":"https:\/\/soldadoadrianojose.com.br\/index.php\/wp-json\/wp\/v2\/comments?post=3948"}],"version-history":[{"count":1,"href":"https:\/\/soldadoadrianojose.com.br\/index.php\/wp-json\/wp\/v2\/posts\/3948\/revisions"}],"predecessor-version":[{"id":3957,"href":"https:\/\/soldadoadrianojose.com.br\/index.php\/wp-json\/wp\/v2\/posts\/3948\/revisions\/3957"}],"wp:featuredmedia":[{"embeddable":true,"href":"https:\/\/soldadoadrianojose.com.br\/index.php\/wp-json\/wp\/v2\/media\/3956"}],"wp:attachment":[{"href":"https:\/\/soldadoadrianojose.com.br\/index.php\/wp-json\/wp\/v2\/media?parent=3948"}],"wp:term":[{"taxonomy":"category","embeddable":true,"href":"https:\/\/soldadoadrianojose.com.br\/index.php\/wp-json\/wp\/v2\/categories?post=3948"},{"taxonomy":"post_tag","embeddable":true,"href":"https:\/\/soldadoadrianojose.com.br\/index.php\/wp-json\/wp\/v2\/tags?post=3948"}],"curies":[{"name":"wp","href":"https:\/\/api.w.org\/{rel}","templated":true}]}}