{"id":3950,"date":"2026-03-05T15:53:21","date_gmt":"2026-03-05T18:53:21","guid":{"rendered":"https:\/\/soldadoadrianojose.com.br\/?p=3950"},"modified":"2026-03-05T15:53:21","modified_gmt":"2026-03-05T18:53:21","slug":"adriano-jose-integra-seminario-estadual-e-fortalece-pauta-da-infraestrutura-escolar-em-foz-do-iguacu","status":"publish","type":"post","link":"https:\/\/soldadoadrianojose.com.br\/index.php\/2026\/03\/05\/adriano-jose-integra-seminario-estadual-e-fortalece-pauta-da-infraestrutura-escolar-em-foz-do-iguacu\/","title":{"rendered":"Adriano Jos\u00e9 integra semin\u00e1rio estadual e fortalece pauta da infraestrutura escolar em Foz do Igua\u00e7u"},"content":{"rendered":"<p>O deputado Adriano Jos\u00e9 integrou a agenda do Semin\u00e1rio de Diretores e do an\u00fancio do projeto Escola Mais Bonita 2026, realizado em Foz do Igua\u00e7u. O encontro reuniu gestores da educa\u00e7\u00e3o de diversas regi\u00f5es do Estado para debater melhorias na infraestrutura escolar e novas estrat\u00e9gias para fortalecer o ambiente de ensino na rede p\u00fablica.<\/p>\n<p>O evento contou com a presen\u00e7a do governador\u00a0 Ratinho Junior e do secret\u00e1rio das Cidades Guto Silva, que apresentaram as diretrizes do programa voltado \u00e0 moderniza\u00e7\u00e3o e revitaliza\u00e7\u00e3o das unidades escolares. A iniciativa foi destacada como um passo importante para garantir espa\u00e7os mais adequados, seguros e acolhedores para alunos e profissionais da educa\u00e7\u00e3o.<\/p>\n<p>Durante a programa\u00e7\u00e3o, Adriano Jos\u00e9 ressaltou a import\u00e2ncia de investir na estrutura f\u00edsica das escolas como parte fundamental da pol\u00edtica educacional. Segundo o parlamentar, ambientes bem cuidados impactam diretamente no aprendizado, na motiva\u00e7\u00e3o dos estudantes e na valoriza\u00e7\u00e3o dos professores.<\/p>\n<p>Ao acompanhar a agenda, o deputado reafirmou seu compromisso com a\u00e7\u00f5es que promovam qualidade na educa\u00e7\u00e3o p\u00fablica e desenvolvimento para os munic\u00edpios paranaenses. Ele destacou que continuar\u00e1 atuando para que investimentos estruturantes cheguem \u00e0s cidades e fortale\u00e7am o futuro das pr\u00f3ximas gera\u00e7\u00f5es.<\/p>\n","protected":false},"excerpt":{"rendered":"<p>O deputado Adriano Jos\u00e9 integrou a agenda do Semin\u00e1rio de Diretores e do an\u00fancio do projeto Escola Mais Bonita 2026, realizado em Foz do Igua\u00e7u. O encontro reuniu gestores da educa\u00e7\u00e3o de diversas regi\u00f5es do Estado para debater melhorias na infraestrutura escolar e novas estrat\u00e9gias para fortalecer o ambiente de ensino na rede p\u00fablica. O [&hellip;]<\/p>\n","protected":false},"author":3,"featured_media":3951,"comment_status":"open","ping_status":"open","sticky":false,"template":"","format":"standard","meta":{"footnotes":""},"categories":[1],"tags":[],"class_list":["post-3950","post","type-post","status-publish","format-standard","has-post-thumbnail","hentry","category-gabinete-sd"],"yoast_head":"<!-- This site is optimized with the Yoast SEO plugin v27.4 - https:\/\/yoast.com\/product\/yoast-seo-wordpress\/ -->\n<title>Adriano Jos\u00e9 integra semin\u00e1rio estadual e fortalece pauta da infraestrutura escolar em Foz do Igua\u00e7u - Deputado Adriano Jos\u00e9<\/title>\n<meta name=\"robots\" content=\"index, follow, max-snippet:-1, max-image-preview:large, max-video-preview:-1\" \/>\n<link rel=\"canonical\" href=\"https:\/\/soldadoadrianojose.com.br\/index.php\/2026\/03\/05\/adriano-jose-integra-seminario-estadual-e-fortalece-pauta-da-infraestrutura-escolar-em-foz-do-iguacu\/\" \/>\n<meta property=\"og:locale\" content=\"pt_BR\" \/>\n<meta property=\"og:type\" content=\"article\" \/>\n<meta property=\"og:title\" content=\"Adriano Jos\u00e9 integra semin\u00e1rio estadual e fortalece pauta da infraestrutura escolar em Foz do Igua\u00e7u - Deputado Adriano Jos\u00e9\" \/>\n<meta property=\"og:description\" content=\"O deputado Adriano Jos\u00e9 integrou a agenda do Semin\u00e1rio de Diretores e do an\u00fancio do projeto Escola Mais Bonita 2026, realizado em Foz do Igua\u00e7u. O encontro reuniu gestores da educa\u00e7\u00e3o de diversas regi\u00f5es do Estado para debater melhorias na infraestrutura escolar e novas estrat\u00e9gias para fortalecer o ambiente de ensino na rede p\u00fablica. O [&hellip;]\" \/>\n<meta property=\"og:url\" content=\"https:\/\/soldadoadrianojose.com.br\/index.php\/2026\/03\/05\/adriano-jose-integra-seminario-estadual-e-fortalece-pauta-da-infraestrutura-escolar-em-foz-do-iguacu\/\" \/>\n<meta property=\"og:site_name\" content=\"Deputado Adriano Jos\u00e9\" \/>\n<meta property=\"article:published_time\" content=\"2026-03-05T18:53:21+00:00\" \/>\n<meta property=\"og:image\" content=\"https:\/\/soldadoadrianojose.com.br\/wp-content\/uploads\/2026\/03\/20260305_agb_educacao_foz-11-scaled.jpg\" \/>\n\t<meta property=\"og:image:width\" content=\"2560\" \/>\n\t<meta property=\"og:image:height\" content=\"1707\" \/>\n\t<meta property=\"og:image:type\" content=\"image\/jpeg\" \/>\n<meta name=\"author\" content=\"Emanuellig admin2\" \/>\n<meta name=\"twitter:card\" content=\"summary_large_image\" \/>\n<meta name=\"twitter:label1\" content=\"Escrito por\" \/>\n\t<meta name=\"twitter:data1\" content=\"Emanuellig admin2\" \/>\n\t<meta name=\"twitter:label2\" content=\"Est. tempo de leitura\" \/>\n\t<meta name=\"twitter:data2\" content=\"2 minutos\" \/>\n<script type=\"application\/ld+json\" class=\"yoast-schema-graph\">{\"@context\":\"https:\\\/\\\/schema.org\",\"@graph\":[{\"@type\":\"Article\",\"@id\":\"https:\\\/\\\/soldadoadrianojose.com.br\\\/index.php\\\/2026\\\/03\\\/05\\\/adriano-jose-integra-seminario-estadual-e-fortalece-pauta-da-infraestrutura-escolar-em-foz-do-iguacu\\\/#article\",\"isPartOf\":{\"@id\":\"https:\\\/\\\/soldadoadrianojose.com.br\\\/index.php\\\/2026\\\/03\\\/05\\\/adriano-jose-integra-seminario-estadual-e-fortalece-pauta-da-infraestrutura-escolar-em-foz-do-iguacu\\\/\"},\"author\":{\"name\":\"Emanuellig admin2\",\"@id\":\"https:\\\/\\\/soldadoadrianojose.com.br\\\/#\\\/schema\\\/person\\\/cd48425bd7edd36fa5917c88fbe1cec5\"},\"headline\":\"Adriano Jos\u00e9 integra semin\u00e1rio estadual e fortalece pauta da infraestrutura escolar em Foz do Igua\u00e7u\",\"datePublished\":\"2026-03-05T18:53:21+00:00\",\"mainEntityOfPage\":{\"@id\":\"https:\\\/\\\/soldadoadrianojose.com.br\\\/index.php\\\/2026\\\/03\\\/05\\\/adriano-jose-integra-seminario-estadual-e-fortalece-pauta-da-infraestrutura-escolar-em-foz-do-iguacu\\\/\"},\"wordCount\":230,\"commentCount\":0,\"publisher\":{\"@id\":\"https:\\\/\\\/soldadoadrianojose.com.br\\\/#\\\/schema\\\/person\\\/16f8e8defb7a4bd6c6082efcd1bdb6bb\"},\"image\":{\"@id\":\"https:\\\/\\\/soldadoadrianojose.com.br\\\/index.php\\\/2026\\\/03\\\/05\\\/adriano-jose-integra-seminario-estadual-e-fortalece-pauta-da-infraestrutura-escolar-em-foz-do-iguacu\\\/#primaryimage\"},\"thumbnailUrl\":\"https:\\\/\\\/soldadoadrianojose.com.br\\\/wp-content\\\/uploads\\\/2026\\\/03\\\/20260305_agb_educacao_foz-11-scaled.jpg\",\"articleSection\":[\"GABINETE SD\"],\"inLanguage\":\"pt-BR\",\"potentialAction\":[{\"@type\":\"CommentAction\",\"name\":\"Comment\",\"target\":[\"https:\\\/\\\/soldadoadrianojose.com.br\\\/index.php\\\/2026\\\/03\\\/05\\\/adriano-jose-integra-seminario-estadual-e-fortalece-pauta-da-infraestrutura-escolar-em-foz-do-iguacu\\\/#respond\"]}]},{\"@type\":\"WebPage\",\"@id\":\"https:\\\/\\\/soldadoadrianojose.com.br\\\/index.php\\\/2026\\\/03\\\/05\\\/adriano-jose-integra-seminario-estadual-e-fortalece-pauta-da-infraestrutura-escolar-em-foz-do-iguacu\\\/\",\"url\":\"https:\\\/\\\/soldadoadrianojose.com.br\\\/index.php\\\/2026\\\/03\\\/05\\\/adriano-jose-integra-seminario-estadual-e-fortalece-pauta-da-infraestrutura-escolar-em-foz-do-iguacu\\\/\",\"name\":\"Adriano Jos\u00e9 integra semin\u00e1rio estadual e fortalece pauta da infraestrutura escolar em Foz do Igua\u00e7u - Deputado Adriano Jos\u00e9\",\"isPartOf\":{\"@id\":\"https:\\\/\\\/soldadoadrianojose.com.br\\\/#website\"},\"primaryImageOfPage\":{\"@id\":\"https:\\\/\\\/soldadoadrianojose.com.br\\\/index.php\\\/2026\\\/03\\\/05\\\/adriano-jose-integra-seminario-estadual-e-fortalece-pauta-da-infraestrutura-escolar-em-foz-do-iguacu\\\/#primaryimage\"},\"image\":{\"@id\":\"https:\\\/\\\/soldadoadrianojose.com.br\\\/index.php\\\/2026\\\/03\\\/05\\\/adriano-jose-integra-seminario-estadual-e-fortalece-pauta-da-infraestrutura-escolar-em-foz-do-iguacu\\\/#primaryimage\"},\"thumbnailUrl\":\"https:\\\/\\\/soldadoadrianojose.com.br\\\/wp-content\\\/uploads\\\/2026\\\/03\\\/20260305_agb_educacao_foz-11-scaled.jpg\",\"datePublished\":\"2026-03-05T18:53:21+00:00\",\"breadcrumb\":{\"@id\":\"https:\\\/\\\/soldadoadrianojose.com.br\\\/index.php\\\/2026\\\/03\\\/05\\\/adriano-jose-integra-seminario-estadual-e-fortalece-pauta-da-infraestrutura-escolar-em-foz-do-iguacu\\\/#breadcrumb\"},\"inLanguage\":\"pt-BR\",\"potentialAction\":[{\"@type\":\"ReadAction\",\"target\":[\"https:\\\/\\\/soldadoadrianojose.com.br\\\/index.php\\\/2026\\\/03\\\/05\\\/adriano-jose-integra-seminario-estadual-e-fortalece-pauta-da-infraestrutura-escolar-em-foz-do-iguacu\\\/\"]}]},{\"@type\":\"ImageObject\",\"inLanguage\":\"pt-BR\",\"@id\":\"https:\\\/\\\/soldadoadrianojose.com.br\\\/index.php\\\/2026\\\/03\\\/05\\\/adriano-jose-integra-seminario-estadual-e-fortalece-pauta-da-infraestrutura-escolar-em-foz-do-iguacu\\\/#primaryimage\",\"url\":\"https:\\\/\\\/soldadoadrianojose.com.br\\\/wp-content\\\/uploads\\\/2026\\\/03\\\/20260305_agb_educacao_foz-11-scaled.jpg\",\"contentUrl\":\"https:\\\/\\\/soldadoadrianojose.com.br\\\/wp-content\\\/uploads\\\/2026\\\/03\\\/20260305_agb_educacao_foz-11-scaled.jpg\",\"width\":2560,\"height\":1707,\"caption\":\"O governador Carlos Massa Ratinho Junior e o secret\u00e1rio de Educa\u00e7\u00e3o, Roni Miranda, anunciam nesta quinta-feira (5) no Semin\u00e1rio de Diretores da rede estadual novos investimentos do programa Escola Mais Bonita, em Foz do Igua\u00e7u. Foto: Geraldo Bubniak\\\/AEN\"},{\"@type\":\"BreadcrumbList\",\"@id\":\"https:\\\/\\\/soldadoadrianojose.com.br\\\/index.php\\\/2026\\\/03\\\/05\\\/adriano-jose-integra-seminario-estadual-e-fortalece-pauta-da-infraestrutura-escolar-em-foz-do-iguacu\\\/#breadcrumb\",\"itemListElement\":[{\"@type\":\"ListItem\",\"position\":1,\"name\":\"In\u00edcio\",\"item\":\"https:\\\/\\\/soldadoadrianojose.com.br\\\/\"},{\"@type\":\"ListItem\",\"position\":2,\"name\":\"Adriano Jos\u00e9 integra semin\u00e1rio estadual e fortalece pauta da infraestrutura escolar em Foz do Igua\u00e7u\"}]},{\"@type\":\"WebSite\",\"@id\":\"https:\\\/\\\/soldadoadrianojose.com.br\\\/#website\",\"url\":\"https:\\\/\\\/soldadoadrianojose.com.br\\\/\",\"name\":\"Deputado Adriano Jos\u00e9\",\"description\":\"Nosso trabalho \u00e9 pelas pessoas\",\"publisher\":{\"@id\":\"https:\\\/\\\/soldadoadrianojose.com.br\\\/#\\\/schema\\\/person\\\/16f8e8defb7a4bd6c6082efcd1bdb6bb\"},\"potentialAction\":[{\"@type\":\"SearchAction\",\"target\":{\"@type\":\"EntryPoint\",\"urlTemplate\":\"https:\\\/\\\/soldadoadrianojose.com.br\\\/?s={search_term_string}\"},\"query-input\":{\"@type\":\"PropertyValueSpecification\",\"valueRequired\":true,\"valueName\":\"search_term_string\"}}],\"inLanguage\":\"pt-BR\"},{\"@type\":[\"Person\",\"Organization\"],\"@id\":\"https:\\\/\\\/soldadoadrianojose.com.br\\\/#\\\/schema\\\/person\\\/16f8e8defb7a4bd6c6082efcd1bdb6bb\",\"name\":\"soldadoadrianojose\",\"image\":{\"@type\":\"ImageObject\",\"inLanguage\":\"pt-BR\",\"@id\":\"https:\\\/\\\/soldadoadrianojose.com.br\\\/wp-content\\\/uploads\\\/2023\\\/02\\\/LOGO_CLEAR-5.png\",\"url\":\"https:\\\/\\\/soldadoadrianojose.com.br\\\/wp-content\\\/uploads\\\/2023\\\/02\\\/LOGO_CLEAR-5.png\",\"contentUrl\":\"https:\\\/\\\/soldadoadrianojose.com.br\\\/wp-content\\\/uploads\\\/2023\\\/02\\\/LOGO_CLEAR-5.png\",\"width\":3508,\"height\":998,\"caption\":\"soldadoadrianojose\"},\"logo\":{\"@id\":\"https:\\\/\\\/soldadoadrianojose.com.br\\\/wp-content\\\/uploads\\\/2023\\\/02\\\/LOGO_CLEAR-5.png\"},\"sameAs\":[\"https:\\\/\\\/soldadoadrianojose.com.br\"]},{\"@type\":\"Person\",\"@id\":\"https:\\\/\\\/soldadoadrianojose.com.br\\\/#\\\/schema\\\/person\\\/cd48425bd7edd36fa5917c88fbe1cec5\",\"name\":\"Emanuellig admin2\",\"image\":{\"@type\":\"ImageObject\",\"inLanguage\":\"pt-BR\",\"@id\":\"https:\\\/\\\/soldadoadrianojose.com.br\\\/wp-content\\\/litespeed\\\/avatar\\\/235a59a115f40132a17fc909e61bc31d.jpg?ver=1777092356\",\"url\":\"https:\\\/\\\/soldadoadrianojose.com.br\\\/wp-content\\\/litespeed\\\/avatar\\\/235a59a115f40132a17fc909e61bc31d.jpg?ver=1777092356\",\"contentUrl\":\"https:\\\/\\\/soldadoadrianojose.com.br\\\/wp-content\\\/litespeed\\\/avatar\\\/235a59a115f40132a17fc909e61bc31d.jpg?ver=1777092356\",\"caption\":\"Emanuellig admin2\"},\"url\":\"https:\\\/\\\/soldadoadrianojose.com.br\\\/index.php\\\/author\\\/manu\\\/\"}]}<\/script>\n<!-- \/ Yoast SEO plugin. -->","yoast_head_json":{"title":"Adriano Jos\u00e9 integra semin\u00e1rio estadual e fortalece pauta da infraestrutura escolar em Foz do Igua\u00e7u - Deputado Adriano Jos\u00e9","robots":{"index":"index","follow":"follow","max-snippet":"max-snippet:-1","max-image-preview":"max-image-preview:large","max-video-preview":"max-video-preview:-1"},"canonical":"https:\/\/soldadoadrianojose.com.br\/index.php\/2026\/03\/05\/adriano-jose-integra-seminario-estadual-e-fortalece-pauta-da-infraestrutura-escolar-em-foz-do-iguacu\/","og_locale":"pt_BR","og_type":"article","og_title":"Adriano Jos\u00e9 integra semin\u00e1rio estadual e fortalece pauta da infraestrutura escolar em Foz do Igua\u00e7u - Deputado Adriano Jos\u00e9","og_description":"O deputado Adriano Jos\u00e9 integrou a agenda do Semin\u00e1rio de Diretores e do an\u00fancio do projeto Escola Mais Bonita 2026, realizado em Foz do Igua\u00e7u. O encontro reuniu gestores da educa\u00e7\u00e3o de diversas regi\u00f5es do Estado para debater melhorias na infraestrutura escolar e novas estrat\u00e9gias para fortalecer o ambiente de ensino na rede p\u00fablica. O [&hellip;]","og_url":"https:\/\/soldadoadrianojose.com.br\/index.php\/2026\/03\/05\/adriano-jose-integra-seminario-estadual-e-fortalece-pauta-da-infraestrutura-escolar-em-foz-do-iguacu\/","og_site_name":"Deputado Adriano Jos\u00e9","article_published_time":"2026-03-05T18:53:21+00:00","og_image":[{"width":2560,"height":1707,"url":"https:\/\/soldadoadrianojose.com.br\/wp-content\/uploads\/2026\/03\/20260305_agb_educacao_foz-11-scaled.jpg","type":"image\/jpeg"}],"author":"Emanuellig admin2","twitter_card":"summary_large_image","twitter_misc":{"Escrito por":"Emanuellig admin2","Est. tempo de leitura":"2 minutos"},"schema":{"@context":"https:\/\/schema.org","@graph":[{"@type":"Article","@id":"https:\/\/soldadoadrianojose.com.br\/index.php\/2026\/03\/05\/adriano-jose-integra-seminario-estadual-e-fortalece-pauta-da-infraestrutura-escolar-em-foz-do-iguacu\/#article","isPartOf":{"@id":"https:\/\/soldadoadrianojose.com.br\/index.php\/2026\/03\/05\/adriano-jose-integra-seminario-estadual-e-fortalece-pauta-da-infraestrutura-escolar-em-foz-do-iguacu\/"},"author":{"name":"Emanuellig admin2","@id":"https:\/\/soldadoadrianojose.com.br\/#\/schema\/person\/cd48425bd7edd36fa5917c88fbe1cec5"},"headline":"Adriano Jos\u00e9 integra semin\u00e1rio estadual e fortalece pauta da infraestrutura escolar em Foz do Igua\u00e7u","datePublished":"2026-03-05T18:53:21+00:00","mainEntityOfPage":{"@id":"https:\/\/soldadoadrianojose.com.br\/index.php\/2026\/03\/05\/adriano-jose-integra-seminario-estadual-e-fortalece-pauta-da-infraestrutura-escolar-em-foz-do-iguacu\/"},"wordCount":230,"commentCount":0,"publisher":{"@id":"https:\/\/soldadoadrianojose.com.br\/#\/schema\/person\/16f8e8defb7a4bd6c6082efcd1bdb6bb"},"image":{"@id":"https:\/\/soldadoadrianojose.com.br\/index.php\/2026\/03\/05\/adriano-jose-integra-seminario-estadual-e-fortalece-pauta-da-infraestrutura-escolar-em-foz-do-iguacu\/#primaryimage"},"thumbnailUrl":"https:\/\/soldadoadrianojose.com.br\/wp-content\/uploads\/2026\/03\/20260305_agb_educacao_foz-11-scaled.jpg","articleSection":["GABINETE SD"],"inLanguage":"pt-BR","potentialAction":[{"@type":"CommentAction","name":"Comment","target":["https:\/\/soldadoadrianojose.com.br\/index.php\/2026\/03\/05\/adriano-jose-integra-seminario-estadual-e-fortalece-pauta-da-infraestrutura-escolar-em-foz-do-iguacu\/#respond"]}]},{"@type":"WebPage","@id":"https:\/\/soldadoadrianojose.com.br\/index.php\/2026\/03\/05\/adriano-jose-integra-seminario-estadual-e-fortalece-pauta-da-infraestrutura-escolar-em-foz-do-iguacu\/","url":"https:\/\/soldadoadrianojose.com.br\/index.php\/2026\/03\/05\/adriano-jose-integra-seminario-estadual-e-fortalece-pauta-da-infraestrutura-escolar-em-foz-do-iguacu\/","name":"Adriano Jos\u00e9 integra semin\u00e1rio estadual e fortalece pauta da infraestrutura escolar em Foz do Igua\u00e7u - Deputado Adriano Jos\u00e9","isPartOf":{"@id":"https:\/\/soldadoadrianojose.com.br\/#website"},"primaryImageOfPage":{"@id":"https:\/\/soldadoadrianojose.com.br\/index.php\/2026\/03\/05\/adriano-jose-integra-seminario-estadual-e-fortalece-pauta-da-infraestrutura-escolar-em-foz-do-iguacu\/#primaryimage"},"image":{"@id":"https:\/\/soldadoadrianojose.com.br\/index.php\/2026\/03\/05\/adriano-jose-integra-seminario-estadual-e-fortalece-pauta-da-infraestrutura-escolar-em-foz-do-iguacu\/#primaryimage"},"thumbnailUrl":"https:\/\/soldadoadrianojose.com.br\/wp-content\/uploads\/2026\/03\/20260305_agb_educacao_foz-11-scaled.jpg","datePublished":"2026-03-05T18:53:21+00:00","breadcrumb":{"@id":"https:\/\/soldadoadrianojose.com.br\/index.php\/2026\/03\/05\/adriano-jose-integra-seminario-estadual-e-fortalece-pauta-da-infraestrutura-escolar-em-foz-do-iguacu\/#breadcrumb"},"inLanguage":"pt-BR","potentialAction":[{"@type":"ReadAction","target":["https:\/\/soldadoadrianojose.com.br\/index.php\/2026\/03\/05\/adriano-jose-integra-seminario-estadual-e-fortalece-pauta-da-infraestrutura-escolar-em-foz-do-iguacu\/"]}]},{"@type":"ImageObject","inLanguage":"pt-BR","@id":"https:\/\/soldadoadrianojose.com.br\/index.php\/2026\/03\/05\/adriano-jose-integra-seminario-estadual-e-fortalece-pauta-da-infraestrutura-escolar-em-foz-do-iguacu\/#primaryimage","url":"https:\/\/soldadoadrianojose.com.br\/wp-content\/uploads\/2026\/03\/20260305_agb_educacao_foz-11-scaled.jpg","contentUrl":"https:\/\/soldadoadrianojose.com.br\/wp-content\/uploads\/2026\/03\/20260305_agb_educacao_foz-11-scaled.jpg","width":2560,"height":1707,"caption":"O governador Carlos Massa Ratinho Junior e o secret\u00e1rio de Educa\u00e7\u00e3o, Roni Miranda, anunciam nesta quinta-feira (5) no Semin\u00e1rio de Diretores da rede estadual novos investimentos do programa Escola Mais Bonita, em Foz do Igua\u00e7u. Foto: Geraldo Bubniak\/AEN"},{"@type":"BreadcrumbList","@id":"https:\/\/soldadoadrianojose.com.br\/index.php\/2026\/03\/05\/adriano-jose-integra-seminario-estadual-e-fortalece-pauta-da-infraestrutura-escolar-em-foz-do-iguacu\/#breadcrumb","itemListElement":[{"@type":"ListItem","position":1,"name":"In\u00edcio","item":"https:\/\/soldadoadrianojose.com.br\/"},{"@type":"ListItem","position":2,"name":"Adriano Jos\u00e9 integra semin\u00e1rio estadual e fortalece pauta da infraestrutura escolar em Foz do Igua\u00e7u"}]},{"@type":"WebSite","@id":"https:\/\/soldadoadrianojose.com.br\/#website","url":"https:\/\/soldadoadrianojose.com.br\/","name":"Deputado Adriano Jos\u00e9","description":"Nosso trabalho \u00e9 pelas pessoas","publisher":{"@id":"https:\/\/soldadoadrianojose.com.br\/#\/schema\/person\/16f8e8defb7a4bd6c6082efcd1bdb6bb"},"potentialAction":[{"@type":"SearchAction","target":{"@type":"EntryPoint","urlTemplate":"https:\/\/soldadoadrianojose.com.br\/?s={search_term_string}"},"query-input":{"@type":"PropertyValueSpecification","valueRequired":true,"valueName":"search_term_string"}}],"inLanguage":"pt-BR"},{"@type":["Person","Organization"],"@id":"https:\/\/soldadoadrianojose.com.br\/#\/schema\/person\/16f8e8defb7a4bd6c6082efcd1bdb6bb","name":"soldadoadrianojose","image":{"@type":"ImageObject","inLanguage":"pt-BR","@id":"https:\/\/soldadoadrianojose.com.br\/wp-content\/uploads\/2023\/02\/LOGO_CLEAR-5.png","url":"https:\/\/soldadoadrianojose.com.br\/wp-content\/uploads\/2023\/02\/LOGO_CLEAR-5.png","contentUrl":"https:\/\/soldadoadrianojose.com.br\/wp-content\/uploads\/2023\/02\/LOGO_CLEAR-5.png","width":3508,"height":998,"caption":"soldadoadrianojose"},"logo":{"@id":"https:\/\/soldadoadrianojose.com.br\/wp-content\/uploads\/2023\/02\/LOGO_CLEAR-5.png"},"sameAs":["https:\/\/soldadoadrianojose.com.br"]},{"@type":"Person","@id":"https:\/\/soldadoadrianojose.com.br\/#\/schema\/person\/cd48425bd7edd36fa5917c88fbe1cec5","name":"Emanuellig admin2","image":{"@type":"ImageObject","inLanguage":"pt-BR","@id":"https:\/\/soldadoadrianojose.com.br\/wp-content\/litespeed\/avatar\/235a59a115f40132a17fc909e61bc31d.jpg?ver=1777092356","url":"https:\/\/soldadoadrianojose.com.br\/wp-content\/litespeed\/avatar\/235a59a115f40132a17fc909e61bc31d.jpg?ver=1777092356","contentUrl":"https:\/\/soldadoadrianojose.com.br\/wp-content\/litespeed\/avatar\/235a59a115f40132a17fc909e61bc31d.jpg?ver=1777092356","caption":"Emanuellig admin2"},"url":"https:\/\/soldadoadrianojose.com.br\/index.php\/author\/manu\/"}]}},"jetpack_featured_media_url":"https:\/\/soldadoadrianojose.com.br\/wp-content\/uploads\/2026\/03\/20260305_agb_educacao_foz-11-scaled.jpg","_links":{"self":[{"href":"https:\/\/soldadoadrianojose.com.br\/index.php\/wp-json\/wp\/v2\/posts\/3950","targetHints":{"allow":["GET"]}}],"collection":[{"href":"https:\/\/soldadoadrianojose.com.br\/index.php\/wp-json\/wp\/v2\/posts"}],"about":[{"href":"https:\/\/soldadoadrianojose.com.br\/index.php\/wp-json\/wp\/v2\/types\/post"}],"author":[{"embeddable":true,"href":"https:\/\/soldadoadrianojose.com.br\/index.php\/wp-json\/wp\/v2\/users\/3"}],"replies":[{"embeddable":true,"href":"https:\/\/soldadoadrianojose.com.br\/index.php\/wp-json\/wp\/v2\/comments?post=3950"}],"version-history":[{"count":1,"href":"https:\/\/soldadoadrianojose.com.br\/index.php\/wp-json\/wp\/v2\/posts\/3950\/revisions"}],"predecessor-version":[{"id":3952,"href":"https:\/\/soldadoadrianojose.com.br\/index.php\/wp-json\/wp\/v2\/posts\/3950\/revisions\/3952"}],"wp:featuredmedia":[{"embeddable":true,"href":"https:\/\/soldadoadrianojose.com.br\/index.php\/wp-json\/wp\/v2\/media\/3951"}],"wp:attachment":[{"href":"https:\/\/soldadoadrianojose.com.br\/index.php\/wp-json\/wp\/v2\/media?parent=3950"}],"wp:term":[{"taxonomy":"category","embeddable":true,"href":"https:\/\/soldadoadrianojose.com.br\/index.php\/wp-json\/wp\/v2\/categories?post=3950"},{"taxonomy":"post_tag","embeddable":true,"href":"https:\/\/soldadoadrianojose.com.br\/index.php\/wp-json\/wp\/v2\/tags?post=3950"}],"curies":[{"name":"wp","href":"https:\/\/api.w.org\/{rel}","templated":true}]}}