{"id":3959,"date":"2026-03-06T11:04:06","date_gmt":"2026-03-06T14:04:06","guid":{"rendered":"https:\/\/soldadoadrianojose.com.br\/?p=3959"},"modified":"2026-03-06T11:04:06","modified_gmt":"2026-03-06T14:04:06","slug":"deputado-adriano-jose-atua-por-investimentos-que-fortalecem-terra-rica","status":"publish","type":"post","link":"https:\/\/soldadoadrianojose.com.br\/index.php\/2026\/03\/06\/deputado-adriano-jose-atua-por-investimentos-que-fortalecem-terra-rica\/","title":{"rendered":"Deputado Adriano Jos\u00e9 atua por investimentos que fortalecem Terra Rica"},"content":{"rendered":"<p data-start=\"100\" data-end=\"578\">O munic\u00edpio de Terra Rica, na regi\u00e3o Noroeste do Paran\u00e1, foi contemplado com a entrega de unidades habitacionais e com a libera\u00e7\u00e3o de recursos destinados \u00e0 melhoria de estradas rurais. As a\u00e7\u00f5es fazem parte das pol\u00edticas p\u00fablicas do Governo do Estado voltadas \u00e0 redu\u00e7\u00e3o do d\u00e9ficit habitacional e ao fortalecimento da infraestrutura nos munic\u00edpios. O deputado estadual Adriano Jos\u00e9 atuou diretamente nas articula\u00e7\u00f5es que contribu\u00edram para viabilizar os investimentos no munic\u00edpio.<\/p>\n<p data-start=\"580\" data-end=\"994\">A agenda contou com a presen\u00e7a do governador do Paran\u00e1, Ratinho Junior, e do secret\u00e1rio de Estado das Cidades, Guto Silva, al\u00e9m de lideran\u00e7as locais. Participaram do encontro o prefeito de Terra Rica, Agnaldo Souza, o vice-prefeito Alexsander Medeiros, o vereador Igor Lehn, o ex-prefeito Julio Leite, o secret\u00e1rio municipal de Esporte, Kalunga , e as lideran\u00e7as Castanha, Cristiano e Alan Silva.<\/p>\n<p data-start=\"996\" data-end=\"1403\">Os investimentos em habita\u00e7\u00e3o fazem parte de programas estaduais que buscam ampliar o acesso \u00e0 moradia digna para fam\u00edlias paranaenses. J\u00e1 os recursos destinados \u00e0s estradas rurais t\u00eam como objetivo melhorar a trafegabilidade nas vias do interior, garantindo melhores condi\u00e7\u00f5es para o escoamento da produ\u00e7\u00e3o agr\u00edcola, o transporte escolar e o deslocamento di\u00e1rio das fam\u00edlias que vivem e trabalham no campo.<\/p>\n<p data-start=\"1405\" data-end=\"1804\">Para o deputado Adriano Jos\u00e9, a iniciativa representa um avan\u00e7o importante para o munic\u00edpio e para a regi\u00e3o. \u201cNosso trabalho \u00e9 aproximar as demandas das cidades das decis\u00f5es do Governo do Estado. Terra Rica tem potencial de crescimento e esses investimentos em habita\u00e7\u00e3o e infraestrutura rural s\u00e3o fundamentais para melhorar a qualidade de vida da popula\u00e7\u00e3o e fortalecer a economia local\u201d, destacou.<\/p>\n<p data-start=\"1806\" data-end=\"2181\" data-is-last-node=\"\" data-is-only-node=\"\">Segundo o parlamentar, a parceria com o governador Ratinho Junior e com o secret\u00e1rio das Cidades, Guto Silva, tem sido determinante para levar novos projetos aos munic\u00edpios paranaenses. \u201cQuando h\u00e1 uni\u00e3o entre Estado e munic\u00edpio, os resultados aparecem. Seguiremos trabalhando para garantir mais investimentos e oportunidades para cidades como Terra Rica\u201d, afirmou o deputado.<\/p>\n","protected":false},"excerpt":{"rendered":"<p>O munic\u00edpio de Terra Rica, na regi\u00e3o Noroeste do Paran\u00e1, foi contemplado com a entrega de unidades habitacionais e com a libera\u00e7\u00e3o de recursos destinados \u00e0 melhoria de estradas rurais. As a\u00e7\u00f5es fazem parte das pol\u00edticas p\u00fablicas do Governo do Estado voltadas \u00e0 redu\u00e7\u00e3o do d\u00e9ficit habitacional e ao fortalecimento da infraestrutura nos munic\u00edpios. O [&hellip;]<\/p>\n","protected":false},"author":3,"featured_media":3960,"comment_status":"open","ping_status":"open","sticky":false,"template":"","format":"standard","meta":{"footnotes":""},"categories":[1],"tags":[],"class_list":["post-3959","post","type-post","status-publish","format-standard","has-post-thumbnail","hentry","category-gabinete-sd"],"yoast_head":"<!-- This site is optimized with the Yoast SEO plugin v27.4 - https:\/\/yoast.com\/product\/yoast-seo-wordpress\/ -->\n<title>Deputado Adriano Jos\u00e9 atua por investimentos que fortalecem Terra Rica - Deputado Adriano Jos\u00e9<\/title>\n<meta name=\"robots\" content=\"index, follow, max-snippet:-1, max-image-preview:large, max-video-preview:-1\" \/>\n<link rel=\"canonical\" href=\"https:\/\/soldadoadrianojose.com.br\/index.php\/2026\/03\/06\/deputado-adriano-jose-atua-por-investimentos-que-fortalecem-terra-rica\/\" \/>\n<meta property=\"og:locale\" content=\"pt_BR\" \/>\n<meta property=\"og:type\" content=\"article\" \/>\n<meta property=\"og:title\" content=\"Deputado Adriano Jos\u00e9 atua por investimentos que fortalecem Terra Rica - Deputado Adriano Jos\u00e9\" \/>\n<meta property=\"og:description\" content=\"O munic\u00edpio de Terra Rica, na regi\u00e3o Noroeste do Paran\u00e1, foi contemplado com a entrega de unidades habitacionais e com a libera\u00e7\u00e3o de recursos destinados \u00e0 melhoria de estradas rurais. As a\u00e7\u00f5es fazem parte das pol\u00edticas p\u00fablicas do Governo do Estado voltadas \u00e0 redu\u00e7\u00e3o do d\u00e9ficit habitacional e ao fortalecimento da infraestrutura nos munic\u00edpios. O [&hellip;]\" \/>\n<meta property=\"og:url\" content=\"https:\/\/soldadoadrianojose.com.br\/index.php\/2026\/03\/06\/deputado-adriano-jose-atua-por-investimentos-que-fortalecem-terra-rica\/\" \/>\n<meta property=\"og:site_name\" content=\"Deputado Adriano Jos\u00e9\" \/>\n<meta property=\"article:published_time\" content=\"2026-03-06T14:04:06+00:00\" \/>\n<meta property=\"og:image\" content=\"https:\/\/soldadoadrianojose.com.br\/wp-content\/uploads\/2026\/03\/WhatsApp-Image-2026-03-05-at-21.50.01.jpeg\" \/>\n\t<meta property=\"og:image:width\" content=\"1320\" \/>\n\t<meta property=\"og:image:height\" content=\"1320\" \/>\n\t<meta property=\"og:image:type\" content=\"image\/jpeg\" \/>\n<meta name=\"author\" content=\"Emanuellig admin2\" \/>\n<meta name=\"twitter:card\" content=\"summary_large_image\" \/>\n<meta name=\"twitter:label1\" content=\"Escrito por\" \/>\n\t<meta name=\"twitter:data1\" content=\"Emanuellig admin2\" \/>\n\t<meta name=\"twitter:label2\" content=\"Est. tempo de leitura\" \/>\n\t<meta name=\"twitter:data2\" content=\"2 minutos\" \/>\n<script type=\"application\/ld+json\" class=\"yoast-schema-graph\">{\"@context\":\"https:\\\/\\\/schema.org\",\"@graph\":[{\"@type\":\"Article\",\"@id\":\"https:\\\/\\\/soldadoadrianojose.com.br\\\/index.php\\\/2026\\\/03\\\/06\\\/deputado-adriano-jose-atua-por-investimentos-que-fortalecem-terra-rica\\\/#article\",\"isPartOf\":{\"@id\":\"https:\\\/\\\/soldadoadrianojose.com.br\\\/index.php\\\/2026\\\/03\\\/06\\\/deputado-adriano-jose-atua-por-investimentos-que-fortalecem-terra-rica\\\/\"},\"author\":{\"name\":\"Emanuellig admin2\",\"@id\":\"https:\\\/\\\/soldadoadrianojose.com.br\\\/#\\\/schema\\\/person\\\/cd48425bd7edd36fa5917c88fbe1cec5\"},\"headline\":\"Deputado Adriano Jos\u00e9 atua por investimentos que fortalecem Terra Rica\",\"datePublished\":\"2026-03-06T14:04:06+00:00\",\"mainEntityOfPage\":{\"@id\":\"https:\\\/\\\/soldadoadrianojose.com.br\\\/index.php\\\/2026\\\/03\\\/06\\\/deputado-adriano-jose-atua-por-investimentos-que-fortalecem-terra-rica\\\/\"},\"wordCount\":352,\"commentCount\":0,\"publisher\":{\"@id\":\"https:\\\/\\\/soldadoadrianojose.com.br\\\/#\\\/schema\\\/person\\\/16f8e8defb7a4bd6c6082efcd1bdb6bb\"},\"image\":{\"@id\":\"https:\\\/\\\/soldadoadrianojose.com.br\\\/index.php\\\/2026\\\/03\\\/06\\\/deputado-adriano-jose-atua-por-investimentos-que-fortalecem-terra-rica\\\/#primaryimage\"},\"thumbnailUrl\":\"https:\\\/\\\/soldadoadrianojose.com.br\\\/wp-content\\\/uploads\\\/2026\\\/03\\\/WhatsApp-Image-2026-03-05-at-21.50.01.jpeg\",\"articleSection\":[\"GABINETE SD\"],\"inLanguage\":\"pt-BR\",\"potentialAction\":[{\"@type\":\"CommentAction\",\"name\":\"Comment\",\"target\":[\"https:\\\/\\\/soldadoadrianojose.com.br\\\/index.php\\\/2026\\\/03\\\/06\\\/deputado-adriano-jose-atua-por-investimentos-que-fortalecem-terra-rica\\\/#respond\"]}]},{\"@type\":\"WebPage\",\"@id\":\"https:\\\/\\\/soldadoadrianojose.com.br\\\/index.php\\\/2026\\\/03\\\/06\\\/deputado-adriano-jose-atua-por-investimentos-que-fortalecem-terra-rica\\\/\",\"url\":\"https:\\\/\\\/soldadoadrianojose.com.br\\\/index.php\\\/2026\\\/03\\\/06\\\/deputado-adriano-jose-atua-por-investimentos-que-fortalecem-terra-rica\\\/\",\"name\":\"Deputado Adriano Jos\u00e9 atua por investimentos que fortalecem Terra Rica - Deputado Adriano Jos\u00e9\",\"isPartOf\":{\"@id\":\"https:\\\/\\\/soldadoadrianojose.com.br\\\/#website\"},\"primaryImageOfPage\":{\"@id\":\"https:\\\/\\\/soldadoadrianojose.com.br\\\/index.php\\\/2026\\\/03\\\/06\\\/deputado-adriano-jose-atua-por-investimentos-que-fortalecem-terra-rica\\\/#primaryimage\"},\"image\":{\"@id\":\"https:\\\/\\\/soldadoadrianojose.com.br\\\/index.php\\\/2026\\\/03\\\/06\\\/deputado-adriano-jose-atua-por-investimentos-que-fortalecem-terra-rica\\\/#primaryimage\"},\"thumbnailUrl\":\"https:\\\/\\\/soldadoadrianojose.com.br\\\/wp-content\\\/uploads\\\/2026\\\/03\\\/WhatsApp-Image-2026-03-05-at-21.50.01.jpeg\",\"datePublished\":\"2026-03-06T14:04:06+00:00\",\"breadcrumb\":{\"@id\":\"https:\\\/\\\/soldadoadrianojose.com.br\\\/index.php\\\/2026\\\/03\\\/06\\\/deputado-adriano-jose-atua-por-investimentos-que-fortalecem-terra-rica\\\/#breadcrumb\"},\"inLanguage\":\"pt-BR\",\"potentialAction\":[{\"@type\":\"ReadAction\",\"target\":[\"https:\\\/\\\/soldadoadrianojose.com.br\\\/index.php\\\/2026\\\/03\\\/06\\\/deputado-adriano-jose-atua-por-investimentos-que-fortalecem-terra-rica\\\/\"]}]},{\"@type\":\"ImageObject\",\"inLanguage\":\"pt-BR\",\"@id\":\"https:\\\/\\\/soldadoadrianojose.com.br\\\/index.php\\\/2026\\\/03\\\/06\\\/deputado-adriano-jose-atua-por-investimentos-que-fortalecem-terra-rica\\\/#primaryimage\",\"url\":\"https:\\\/\\\/soldadoadrianojose.com.br\\\/wp-content\\\/uploads\\\/2026\\\/03\\\/WhatsApp-Image-2026-03-05-at-21.50.01.jpeg\",\"contentUrl\":\"https:\\\/\\\/soldadoadrianojose.com.br\\\/wp-content\\\/uploads\\\/2026\\\/03\\\/WhatsApp-Image-2026-03-05-at-21.50.01.jpeg\",\"width\":1320,\"height\":1320},{\"@type\":\"BreadcrumbList\",\"@id\":\"https:\\\/\\\/soldadoadrianojose.com.br\\\/index.php\\\/2026\\\/03\\\/06\\\/deputado-adriano-jose-atua-por-investimentos-que-fortalecem-terra-rica\\\/#breadcrumb\",\"itemListElement\":[{\"@type\":\"ListItem\",\"position\":1,\"name\":\"In\u00edcio\",\"item\":\"https:\\\/\\\/soldadoadrianojose.com.br\\\/\"},{\"@type\":\"ListItem\",\"position\":2,\"name\":\"Deputado Adriano Jos\u00e9 atua por investimentos que fortalecem Terra Rica\"}]},{\"@type\":\"WebSite\",\"@id\":\"https:\\\/\\\/soldadoadrianojose.com.br\\\/#website\",\"url\":\"https:\\\/\\\/soldadoadrianojose.com.br\\\/\",\"name\":\"Deputado Adriano Jos\u00e9\",\"description\":\"Nosso trabalho \u00e9 pelas pessoas\",\"publisher\":{\"@id\":\"https:\\\/\\\/soldadoadrianojose.com.br\\\/#\\\/schema\\\/person\\\/16f8e8defb7a4bd6c6082efcd1bdb6bb\"},\"potentialAction\":[{\"@type\":\"SearchAction\",\"target\":{\"@type\":\"EntryPoint\",\"urlTemplate\":\"https:\\\/\\\/soldadoadrianojose.com.br\\\/?s={search_term_string}\"},\"query-input\":{\"@type\":\"PropertyValueSpecification\",\"valueRequired\":true,\"valueName\":\"search_term_string\"}}],\"inLanguage\":\"pt-BR\"},{\"@type\":[\"Person\",\"Organization\"],\"@id\":\"https:\\\/\\\/soldadoadrianojose.com.br\\\/#\\\/schema\\\/person\\\/16f8e8defb7a4bd6c6082efcd1bdb6bb\",\"name\":\"soldadoadrianojose\",\"image\":{\"@type\":\"ImageObject\",\"inLanguage\":\"pt-BR\",\"@id\":\"https:\\\/\\\/soldadoadrianojose.com.br\\\/wp-content\\\/uploads\\\/2023\\\/02\\\/LOGO_CLEAR-5.png\",\"url\":\"https:\\\/\\\/soldadoadrianojose.com.br\\\/wp-content\\\/uploads\\\/2023\\\/02\\\/LOGO_CLEAR-5.png\",\"contentUrl\":\"https:\\\/\\\/soldadoadrianojose.com.br\\\/wp-content\\\/uploads\\\/2023\\\/02\\\/LOGO_CLEAR-5.png\",\"width\":3508,\"height\":998,\"caption\":\"soldadoadrianojose\"},\"logo\":{\"@id\":\"https:\\\/\\\/soldadoadrianojose.com.br\\\/wp-content\\\/uploads\\\/2023\\\/02\\\/LOGO_CLEAR-5.png\"},\"sameAs\":[\"https:\\\/\\\/soldadoadrianojose.com.br\"]},{\"@type\":\"Person\",\"@id\":\"https:\\\/\\\/soldadoadrianojose.com.br\\\/#\\\/schema\\\/person\\\/cd48425bd7edd36fa5917c88fbe1cec5\",\"name\":\"Emanuellig admin2\",\"image\":{\"@type\":\"ImageObject\",\"inLanguage\":\"pt-BR\",\"@id\":\"https:\\\/\\\/soldadoadrianojose.com.br\\\/wp-content\\\/litespeed\\\/avatar\\\/235a59a115f40132a17fc909e61bc31d.jpg?ver=1777092356\",\"url\":\"https:\\\/\\\/soldadoadrianojose.com.br\\\/wp-content\\\/litespeed\\\/avatar\\\/235a59a115f40132a17fc909e61bc31d.jpg?ver=1777092356\",\"contentUrl\":\"https:\\\/\\\/soldadoadrianojose.com.br\\\/wp-content\\\/litespeed\\\/avatar\\\/235a59a115f40132a17fc909e61bc31d.jpg?ver=1777092356\",\"caption\":\"Emanuellig admin2\"},\"url\":\"https:\\\/\\\/soldadoadrianojose.com.br\\\/index.php\\\/author\\\/manu\\\/\"}]}<\/script>\n<!-- \/ Yoast SEO plugin. -->","yoast_head_json":{"title":"Deputado Adriano Jos\u00e9 atua por investimentos que fortalecem Terra Rica - Deputado Adriano Jos\u00e9","robots":{"index":"index","follow":"follow","max-snippet":"max-snippet:-1","max-image-preview":"max-image-preview:large","max-video-preview":"max-video-preview:-1"},"canonical":"https:\/\/soldadoadrianojose.com.br\/index.php\/2026\/03\/06\/deputado-adriano-jose-atua-por-investimentos-que-fortalecem-terra-rica\/","og_locale":"pt_BR","og_type":"article","og_title":"Deputado Adriano Jos\u00e9 atua por investimentos que fortalecem Terra Rica - Deputado Adriano Jos\u00e9","og_description":"O munic\u00edpio de Terra Rica, na regi\u00e3o Noroeste do Paran\u00e1, foi contemplado com a entrega de unidades habitacionais e com a libera\u00e7\u00e3o de recursos destinados \u00e0 melhoria de estradas rurais. As a\u00e7\u00f5es fazem parte das pol\u00edticas p\u00fablicas do Governo do Estado voltadas \u00e0 redu\u00e7\u00e3o do d\u00e9ficit habitacional e ao fortalecimento da infraestrutura nos munic\u00edpios. O [&hellip;]","og_url":"https:\/\/soldadoadrianojose.com.br\/index.php\/2026\/03\/06\/deputado-adriano-jose-atua-por-investimentos-que-fortalecem-terra-rica\/","og_site_name":"Deputado Adriano Jos\u00e9","article_published_time":"2026-03-06T14:04:06+00:00","og_image":[{"width":1320,"height":1320,"url":"https:\/\/soldadoadrianojose.com.br\/wp-content\/uploads\/2026\/03\/WhatsApp-Image-2026-03-05-at-21.50.01.jpeg","type":"image\/jpeg"}],"author":"Emanuellig admin2","twitter_card":"summary_large_image","twitter_misc":{"Escrito por":"Emanuellig admin2","Est. tempo de leitura":"2 minutos"},"schema":{"@context":"https:\/\/schema.org","@graph":[{"@type":"Article","@id":"https:\/\/soldadoadrianojose.com.br\/index.php\/2026\/03\/06\/deputado-adriano-jose-atua-por-investimentos-que-fortalecem-terra-rica\/#article","isPartOf":{"@id":"https:\/\/soldadoadrianojose.com.br\/index.php\/2026\/03\/06\/deputado-adriano-jose-atua-por-investimentos-que-fortalecem-terra-rica\/"},"author":{"name":"Emanuellig admin2","@id":"https:\/\/soldadoadrianojose.com.br\/#\/schema\/person\/cd48425bd7edd36fa5917c88fbe1cec5"},"headline":"Deputado Adriano Jos\u00e9 atua por investimentos que fortalecem Terra Rica","datePublished":"2026-03-06T14:04:06+00:00","mainEntityOfPage":{"@id":"https:\/\/soldadoadrianojose.com.br\/index.php\/2026\/03\/06\/deputado-adriano-jose-atua-por-investimentos-que-fortalecem-terra-rica\/"},"wordCount":352,"commentCount":0,"publisher":{"@id":"https:\/\/soldadoadrianojose.com.br\/#\/schema\/person\/16f8e8defb7a4bd6c6082efcd1bdb6bb"},"image":{"@id":"https:\/\/soldadoadrianojose.com.br\/index.php\/2026\/03\/06\/deputado-adriano-jose-atua-por-investimentos-que-fortalecem-terra-rica\/#primaryimage"},"thumbnailUrl":"https:\/\/soldadoadrianojose.com.br\/wp-content\/uploads\/2026\/03\/WhatsApp-Image-2026-03-05-at-21.50.01.jpeg","articleSection":["GABINETE SD"],"inLanguage":"pt-BR","potentialAction":[{"@type":"CommentAction","name":"Comment","target":["https:\/\/soldadoadrianojose.com.br\/index.php\/2026\/03\/06\/deputado-adriano-jose-atua-por-investimentos-que-fortalecem-terra-rica\/#respond"]}]},{"@type":"WebPage","@id":"https:\/\/soldadoadrianojose.com.br\/index.php\/2026\/03\/06\/deputado-adriano-jose-atua-por-investimentos-que-fortalecem-terra-rica\/","url":"https:\/\/soldadoadrianojose.com.br\/index.php\/2026\/03\/06\/deputado-adriano-jose-atua-por-investimentos-que-fortalecem-terra-rica\/","name":"Deputado Adriano Jos\u00e9 atua por investimentos que fortalecem Terra Rica - Deputado Adriano Jos\u00e9","isPartOf":{"@id":"https:\/\/soldadoadrianojose.com.br\/#website"},"primaryImageOfPage":{"@id":"https:\/\/soldadoadrianojose.com.br\/index.php\/2026\/03\/06\/deputado-adriano-jose-atua-por-investimentos-que-fortalecem-terra-rica\/#primaryimage"},"image":{"@id":"https:\/\/soldadoadrianojose.com.br\/index.php\/2026\/03\/06\/deputado-adriano-jose-atua-por-investimentos-que-fortalecem-terra-rica\/#primaryimage"},"thumbnailUrl":"https:\/\/soldadoadrianojose.com.br\/wp-content\/uploads\/2026\/03\/WhatsApp-Image-2026-03-05-at-21.50.01.jpeg","datePublished":"2026-03-06T14:04:06+00:00","breadcrumb":{"@id":"https:\/\/soldadoadrianojose.com.br\/index.php\/2026\/03\/06\/deputado-adriano-jose-atua-por-investimentos-que-fortalecem-terra-rica\/#breadcrumb"},"inLanguage":"pt-BR","potentialAction":[{"@type":"ReadAction","target":["https:\/\/soldadoadrianojose.com.br\/index.php\/2026\/03\/06\/deputado-adriano-jose-atua-por-investimentos-que-fortalecem-terra-rica\/"]}]},{"@type":"ImageObject","inLanguage":"pt-BR","@id":"https:\/\/soldadoadrianojose.com.br\/index.php\/2026\/03\/06\/deputado-adriano-jose-atua-por-investimentos-que-fortalecem-terra-rica\/#primaryimage","url":"https:\/\/soldadoadrianojose.com.br\/wp-content\/uploads\/2026\/03\/WhatsApp-Image-2026-03-05-at-21.50.01.jpeg","contentUrl":"https:\/\/soldadoadrianojose.com.br\/wp-content\/uploads\/2026\/03\/WhatsApp-Image-2026-03-05-at-21.50.01.jpeg","width":1320,"height":1320},{"@type":"BreadcrumbList","@id":"https:\/\/soldadoadrianojose.com.br\/index.php\/2026\/03\/06\/deputado-adriano-jose-atua-por-investimentos-que-fortalecem-terra-rica\/#breadcrumb","itemListElement":[{"@type":"ListItem","position":1,"name":"In\u00edcio","item":"https:\/\/soldadoadrianojose.com.br\/"},{"@type":"ListItem","position":2,"name":"Deputado Adriano Jos\u00e9 atua por investimentos que fortalecem Terra Rica"}]},{"@type":"WebSite","@id":"https:\/\/soldadoadrianojose.com.br\/#website","url":"https:\/\/soldadoadrianojose.com.br\/","name":"Deputado Adriano Jos\u00e9","description":"Nosso trabalho \u00e9 pelas pessoas","publisher":{"@id":"https:\/\/soldadoadrianojose.com.br\/#\/schema\/person\/16f8e8defb7a4bd6c6082efcd1bdb6bb"},"potentialAction":[{"@type":"SearchAction","target":{"@type":"EntryPoint","urlTemplate":"https:\/\/soldadoadrianojose.com.br\/?s={search_term_string}"},"query-input":{"@type":"PropertyValueSpecification","valueRequired":true,"valueName":"search_term_string"}}],"inLanguage":"pt-BR"},{"@type":["Person","Organization"],"@id":"https:\/\/soldadoadrianojose.com.br\/#\/schema\/person\/16f8e8defb7a4bd6c6082efcd1bdb6bb","name":"soldadoadrianojose","image":{"@type":"ImageObject","inLanguage":"pt-BR","@id":"https:\/\/soldadoadrianojose.com.br\/wp-content\/uploads\/2023\/02\/LOGO_CLEAR-5.png","url":"https:\/\/soldadoadrianojose.com.br\/wp-content\/uploads\/2023\/02\/LOGO_CLEAR-5.png","contentUrl":"https:\/\/soldadoadrianojose.com.br\/wp-content\/uploads\/2023\/02\/LOGO_CLEAR-5.png","width":3508,"height":998,"caption":"soldadoadrianojose"},"logo":{"@id":"https:\/\/soldadoadrianojose.com.br\/wp-content\/uploads\/2023\/02\/LOGO_CLEAR-5.png"},"sameAs":["https:\/\/soldadoadrianojose.com.br"]},{"@type":"Person","@id":"https:\/\/soldadoadrianojose.com.br\/#\/schema\/person\/cd48425bd7edd36fa5917c88fbe1cec5","name":"Emanuellig admin2","image":{"@type":"ImageObject","inLanguage":"pt-BR","@id":"https:\/\/soldadoadrianojose.com.br\/wp-content\/litespeed\/avatar\/235a59a115f40132a17fc909e61bc31d.jpg?ver=1777092356","url":"https:\/\/soldadoadrianojose.com.br\/wp-content\/litespeed\/avatar\/235a59a115f40132a17fc909e61bc31d.jpg?ver=1777092356","contentUrl":"https:\/\/soldadoadrianojose.com.br\/wp-content\/litespeed\/avatar\/235a59a115f40132a17fc909e61bc31d.jpg?ver=1777092356","caption":"Emanuellig admin2"},"url":"https:\/\/soldadoadrianojose.com.br\/index.php\/author\/manu\/"}]}},"jetpack_featured_media_url":"https:\/\/soldadoadrianojose.com.br\/wp-content\/uploads\/2026\/03\/WhatsApp-Image-2026-03-05-at-21.50.01.jpeg","_links":{"self":[{"href":"https:\/\/soldadoadrianojose.com.br\/index.php\/wp-json\/wp\/v2\/posts\/3959","targetHints":{"allow":["GET"]}}],"collection":[{"href":"https:\/\/soldadoadrianojose.com.br\/index.php\/wp-json\/wp\/v2\/posts"}],"about":[{"href":"https:\/\/soldadoadrianojose.com.br\/index.php\/wp-json\/wp\/v2\/types\/post"}],"author":[{"embeddable":true,"href":"https:\/\/soldadoadrianojose.com.br\/index.php\/wp-json\/wp\/v2\/users\/3"}],"replies":[{"embeddable":true,"href":"https:\/\/soldadoadrianojose.com.br\/index.php\/wp-json\/wp\/v2\/comments?post=3959"}],"version-history":[{"count":1,"href":"https:\/\/soldadoadrianojose.com.br\/index.php\/wp-json\/wp\/v2\/posts\/3959\/revisions"}],"predecessor-version":[{"id":3961,"href":"https:\/\/soldadoadrianojose.com.br\/index.php\/wp-json\/wp\/v2\/posts\/3959\/revisions\/3961"}],"wp:featuredmedia":[{"embeddable":true,"href":"https:\/\/soldadoadrianojose.com.br\/index.php\/wp-json\/wp\/v2\/media\/3960"}],"wp:attachment":[{"href":"https:\/\/soldadoadrianojose.com.br\/index.php\/wp-json\/wp\/v2\/media?parent=3959"}],"wp:term":[{"taxonomy":"category","embeddable":true,"href":"https:\/\/soldadoadrianojose.com.br\/index.php\/wp-json\/wp\/v2\/categories?post=3959"},{"taxonomy":"post_tag","embeddable":true,"href":"https:\/\/soldadoadrianojose.com.br\/index.php\/wp-json\/wp\/v2\/tags?post=3959"}],"curies":[{"name":"wp","href":"https:\/\/api.w.org\/{rel}","templated":true}]}}