{"id":3963,"date":"2026-03-09T17:18:53","date_gmt":"2026-03-09T20:18:53","guid":{"rendered":"https:\/\/soldadoadrianojose.com.br\/?p=3963"},"modified":"2026-03-09T17:18:53","modified_gmt":"2026-03-09T20:18:53","slug":"deputado-adriano-jose-homenageia-dr-joao-elias-medico-especialista-em-coluna-com-mencao-honrosa","status":"publish","type":"post","link":"https:\/\/soldadoadrianojose.com.br\/index.php\/2026\/03\/09\/deputado-adriano-jose-homenageia-dr-joao-elias-medico-especialista-em-coluna-com-mencao-honrosa\/","title":{"rendered":"Deputado Adriano Jos\u00e9 homenageia Dr. Jo\u00e3o Elias, m\u00e9dico especialista em coluna com men\u00e7\u00e3o honrosa"},"content":{"rendered":"<p data-start=\"87\" data-end=\"498\">O m\u00e9dico especialista em coluna <strong data-start=\"119\" data-end=\"152\">Dr. Jo\u00e3o Elias Ferreira Braga<\/strong> foi homenageado com uma men\u00e7\u00e3o honrosa em reconhecimento \u00e0 sua relevante contribui\u00e7\u00e3o para a medicina e para a sa\u00fade p\u00fablica no Paran\u00e1. A homenagem foi entregue pelo deputado estadual Adriano Jos\u00e9, destacando a trajet\u00f3ria profissional do m\u00e9dico e seu papel no fortalecimento do atendimento especializado em doen\u00e7as da coluna vertebral no estado.<\/p>\n<p data-start=\"500\" data-end=\"887\">Integrante do Grupo da Coluna do Hospital do Trabalhador, em Curitiba, o Dr. Jo\u00e3o Elias Ferreira Braga se destaca pela atua\u00e7\u00e3o t\u00e9cnica e pelo compromisso com a excel\u00eancia no atendimento m\u00e9dico. Seu trabalho contribuiu para que o servi\u00e7o se consolidasse como refer\u00eancia no Paran\u00e1 e tamb\u00e9m em \u00e2mbito nacional, especialmente no tratamento de casos complexos relacionados \u00e0 coluna vertebral.<\/p>\n<p data-start=\"889\" data-end=\"1198\">Al\u00e9m de sua atua\u00e7\u00e3o cl\u00ednica e cir\u00fargica, o m\u00e9dico \u00e9 respons\u00e1vel pela \u00e1rea de Deformidades Pedi\u00e1tricas da Coluna Vertebral. A fun\u00e7\u00e3o exige alto n\u00edvel de especializa\u00e7\u00e3o e envolve o tratamento de crian\u00e7as com condi\u00e7\u00f5es que podem comprometer o desenvolvimento e a qualidade de vida ao longo de toda a vida adulta.<\/p>\n<p data-start=\"1200\" data-end=\"1611\">Durante a homenagem, o deputado Adriano Jos\u00e9 destacou a import\u00e2ncia de reconhecer profissionais que fazem a diferen\u00e7a no sistema de sa\u00fade. \u201cO Dr. Jo\u00e3o Elias representa o que h\u00e1 de melhor na medicina: conhecimento, dedica\u00e7\u00e3o e compromisso com a vida. Seu trabalho no Hospital do Trabalhador tem ajudado a transformar o servi\u00e7o em uma refer\u00eancia, levando esperan\u00e7a e qualidade de vida a muitas fam\u00edlias\u201d, afirmou.<\/p>\n<p data-start=\"1613\" data-end=\"1970\" data-is-last-node=\"\" data-is-only-node=\"\">Para o parlamentar, valorizar profissionais que atuam com excel\u00eancia na sa\u00fade p\u00fablica \u00e9 fundamental para fortalecer o sistema e incentivar boas pr\u00e1ticas na medicina. \u201cReconhecer trajet\u00f3rias como a do Dr. Jo\u00e3o Elias \u00e9 tamb\u00e9m reconhecer a import\u00e2ncia de quem trabalha diariamente para salvar vidas e melhorar a sa\u00fade da nossa popula\u00e7\u00e3o\u201d, completou o deputado.<\/p>\n","protected":false},"excerpt":{"rendered":"<p>O m\u00e9dico especialista em coluna Dr. Jo\u00e3o Elias Ferreira Braga foi homenageado com uma men\u00e7\u00e3o honrosa em reconhecimento \u00e0 sua relevante contribui\u00e7\u00e3o para a medicina e para a sa\u00fade p\u00fablica no Paran\u00e1. A homenagem foi entregue pelo deputado estadual Adriano Jos\u00e9, destacando a trajet\u00f3ria profissional do m\u00e9dico e seu papel no fortalecimento do atendimento especializado [&hellip;]<\/p>\n","protected":false},"author":3,"featured_media":3971,"comment_status":"open","ping_status":"open","sticky":false,"template":"","format":"standard","meta":{"footnotes":""},"categories":[1],"tags":[],"class_list":["post-3963","post","type-post","status-publish","format-standard","has-post-thumbnail","hentry","category-gabinete-sd"],"yoast_head":"<!-- This site is optimized with the Yoast SEO plugin v27.4 - https:\/\/yoast.com\/product\/yoast-seo-wordpress\/ -->\n<title>Deputado Adriano Jos\u00e9 homenageia Dr. Jo\u00e3o Elias, m\u00e9dico especialista em coluna com men\u00e7\u00e3o honrosa - Deputado Adriano Jos\u00e9<\/title>\n<meta name=\"robots\" content=\"index, follow, max-snippet:-1, max-image-preview:large, max-video-preview:-1\" \/>\n<link rel=\"canonical\" href=\"https:\/\/soldadoadrianojose.com.br\/index.php\/2026\/03\/09\/deputado-adriano-jose-homenageia-dr-joao-elias-medico-especialista-em-coluna-com-mencao-honrosa\/\" \/>\n<meta property=\"og:locale\" content=\"pt_BR\" \/>\n<meta property=\"og:type\" content=\"article\" \/>\n<meta property=\"og:title\" content=\"Deputado Adriano Jos\u00e9 homenageia Dr. Jo\u00e3o Elias, m\u00e9dico especialista em coluna com men\u00e7\u00e3o honrosa - Deputado Adriano Jos\u00e9\" \/>\n<meta property=\"og:description\" content=\"O m\u00e9dico especialista em coluna Dr. Jo\u00e3o Elias Ferreira Braga foi homenageado com uma men\u00e7\u00e3o honrosa em reconhecimento \u00e0 sua relevante contribui\u00e7\u00e3o para a medicina e para a sa\u00fade p\u00fablica no Paran\u00e1. A homenagem foi entregue pelo deputado estadual Adriano Jos\u00e9, destacando a trajet\u00f3ria profissional do m\u00e9dico e seu papel no fortalecimento do atendimento especializado [&hellip;]\" \/>\n<meta property=\"og:url\" content=\"https:\/\/soldadoadrianojose.com.br\/index.php\/2026\/03\/09\/deputado-adriano-jose-homenageia-dr-joao-elias-medico-especialista-em-coluna-com-mencao-honrosa\/\" \/>\n<meta property=\"og:site_name\" content=\"Deputado Adriano Jos\u00e9\" \/>\n<meta property=\"article:published_time\" content=\"2026-03-09T20:18:53+00:00\" \/>\n<meta property=\"og:image\" content=\"https:\/\/soldadoadrianojose.com.br\/wp-content\/uploads\/2026\/03\/WhatsApp-Image-2026-03-09-at-17.16.56.jpeg\" \/>\n\t<meta property=\"og:image:width\" content=\"1600\" \/>\n\t<meta property=\"og:image:height\" content=\"1073\" \/>\n\t<meta property=\"og:image:type\" content=\"image\/jpeg\" \/>\n<meta name=\"author\" content=\"Emanuellig admin2\" \/>\n<meta name=\"twitter:card\" content=\"summary_large_image\" \/>\n<meta name=\"twitter:label1\" content=\"Escrito por\" \/>\n\t<meta name=\"twitter:data1\" content=\"Emanuellig admin2\" \/>\n\t<meta name=\"twitter:label2\" content=\"Est. tempo de leitura\" \/>\n\t<meta name=\"twitter:data2\" content=\"2 minutos\" \/>\n<script type=\"application\/ld+json\" class=\"yoast-schema-graph\">{\"@context\":\"https:\\\/\\\/schema.org\",\"@graph\":[{\"@type\":\"Article\",\"@id\":\"https:\\\/\\\/soldadoadrianojose.com.br\\\/index.php\\\/2026\\\/03\\\/09\\\/deputado-adriano-jose-homenageia-dr-joao-elias-medico-especialista-em-coluna-com-mencao-honrosa\\\/#article\",\"isPartOf\":{\"@id\":\"https:\\\/\\\/soldadoadrianojose.com.br\\\/index.php\\\/2026\\\/03\\\/09\\\/deputado-adriano-jose-homenageia-dr-joao-elias-medico-especialista-em-coluna-com-mencao-honrosa\\\/\"},\"author\":{\"name\":\"Emanuellig admin2\",\"@id\":\"https:\\\/\\\/soldadoadrianojose.com.br\\\/#\\\/schema\\\/person\\\/cd48425bd7edd36fa5917c88fbe1cec5\"},\"headline\":\"Deputado Adriano Jos\u00e9 homenageia Dr. Jo\u00e3o Elias, m\u00e9dico especialista em coluna com men\u00e7\u00e3o honrosa\",\"datePublished\":\"2026-03-09T20:18:53+00:00\",\"mainEntityOfPage\":{\"@id\":\"https:\\\/\\\/soldadoadrianojose.com.br\\\/index.php\\\/2026\\\/03\\\/09\\\/deputado-adriano-jose-homenageia-dr-joao-elias-medico-especialista-em-coluna-com-mencao-honrosa\\\/\"},\"wordCount\":351,\"commentCount\":0,\"publisher\":{\"@id\":\"https:\\\/\\\/soldadoadrianojose.com.br\\\/#\\\/schema\\\/person\\\/16f8e8defb7a4bd6c6082efcd1bdb6bb\"},\"image\":{\"@id\":\"https:\\\/\\\/soldadoadrianojose.com.br\\\/index.php\\\/2026\\\/03\\\/09\\\/deputado-adriano-jose-homenageia-dr-joao-elias-medico-especialista-em-coluna-com-mencao-honrosa\\\/#primaryimage\"},\"thumbnailUrl\":\"https:\\\/\\\/soldadoadrianojose.com.br\\\/wp-content\\\/uploads\\\/2026\\\/03\\\/WhatsApp-Image-2026-03-09-at-17.16.56.jpeg\",\"articleSection\":[\"GABINETE SD\"],\"inLanguage\":\"pt-BR\",\"potentialAction\":[{\"@type\":\"CommentAction\",\"name\":\"Comment\",\"target\":[\"https:\\\/\\\/soldadoadrianojose.com.br\\\/index.php\\\/2026\\\/03\\\/09\\\/deputado-adriano-jose-homenageia-dr-joao-elias-medico-especialista-em-coluna-com-mencao-honrosa\\\/#respond\"]}]},{\"@type\":\"WebPage\",\"@id\":\"https:\\\/\\\/soldadoadrianojose.com.br\\\/index.php\\\/2026\\\/03\\\/09\\\/deputado-adriano-jose-homenageia-dr-joao-elias-medico-especialista-em-coluna-com-mencao-honrosa\\\/\",\"url\":\"https:\\\/\\\/soldadoadrianojose.com.br\\\/index.php\\\/2026\\\/03\\\/09\\\/deputado-adriano-jose-homenageia-dr-joao-elias-medico-especialista-em-coluna-com-mencao-honrosa\\\/\",\"name\":\"Deputado Adriano Jos\u00e9 homenageia Dr. Jo\u00e3o Elias, m\u00e9dico especialista em coluna com men\u00e7\u00e3o honrosa - Deputado Adriano Jos\u00e9\",\"isPartOf\":{\"@id\":\"https:\\\/\\\/soldadoadrianojose.com.br\\\/#website\"},\"primaryImageOfPage\":{\"@id\":\"https:\\\/\\\/soldadoadrianojose.com.br\\\/index.php\\\/2026\\\/03\\\/09\\\/deputado-adriano-jose-homenageia-dr-joao-elias-medico-especialista-em-coluna-com-mencao-honrosa\\\/#primaryimage\"},\"image\":{\"@id\":\"https:\\\/\\\/soldadoadrianojose.com.br\\\/index.php\\\/2026\\\/03\\\/09\\\/deputado-adriano-jose-homenageia-dr-joao-elias-medico-especialista-em-coluna-com-mencao-honrosa\\\/#primaryimage\"},\"thumbnailUrl\":\"https:\\\/\\\/soldadoadrianojose.com.br\\\/wp-content\\\/uploads\\\/2026\\\/03\\\/WhatsApp-Image-2026-03-09-at-17.16.56.jpeg\",\"datePublished\":\"2026-03-09T20:18:53+00:00\",\"breadcrumb\":{\"@id\":\"https:\\\/\\\/soldadoadrianojose.com.br\\\/index.php\\\/2026\\\/03\\\/09\\\/deputado-adriano-jose-homenageia-dr-joao-elias-medico-especialista-em-coluna-com-mencao-honrosa\\\/#breadcrumb\"},\"inLanguage\":\"pt-BR\",\"potentialAction\":[{\"@type\":\"ReadAction\",\"target\":[\"https:\\\/\\\/soldadoadrianojose.com.br\\\/index.php\\\/2026\\\/03\\\/09\\\/deputado-adriano-jose-homenageia-dr-joao-elias-medico-especialista-em-coluna-com-mencao-honrosa\\\/\"]}]},{\"@type\":\"ImageObject\",\"inLanguage\":\"pt-BR\",\"@id\":\"https:\\\/\\\/soldadoadrianojose.com.br\\\/index.php\\\/2026\\\/03\\\/09\\\/deputado-adriano-jose-homenageia-dr-joao-elias-medico-especialista-em-coluna-com-mencao-honrosa\\\/#primaryimage\",\"url\":\"https:\\\/\\\/soldadoadrianojose.com.br\\\/wp-content\\\/uploads\\\/2026\\\/03\\\/WhatsApp-Image-2026-03-09-at-17.16.56.jpeg\",\"contentUrl\":\"https:\\\/\\\/soldadoadrianojose.com.br\\\/wp-content\\\/uploads\\\/2026\\\/03\\\/WhatsApp-Image-2026-03-09-at-17.16.56.jpeg\",\"width\":1600,\"height\":1073},{\"@type\":\"BreadcrumbList\",\"@id\":\"https:\\\/\\\/soldadoadrianojose.com.br\\\/index.php\\\/2026\\\/03\\\/09\\\/deputado-adriano-jose-homenageia-dr-joao-elias-medico-especialista-em-coluna-com-mencao-honrosa\\\/#breadcrumb\",\"itemListElement\":[{\"@type\":\"ListItem\",\"position\":1,\"name\":\"In\u00edcio\",\"item\":\"https:\\\/\\\/soldadoadrianojose.com.br\\\/\"},{\"@type\":\"ListItem\",\"position\":2,\"name\":\"Deputado Adriano Jos\u00e9 homenageia Dr. Jo\u00e3o Elias, m\u00e9dico especialista em coluna com men\u00e7\u00e3o honrosa\"}]},{\"@type\":\"WebSite\",\"@id\":\"https:\\\/\\\/soldadoadrianojose.com.br\\\/#website\",\"url\":\"https:\\\/\\\/soldadoadrianojose.com.br\\\/\",\"name\":\"Deputado Adriano Jos\u00e9\",\"description\":\"Nosso trabalho \u00e9 pelas pessoas\",\"publisher\":{\"@id\":\"https:\\\/\\\/soldadoadrianojose.com.br\\\/#\\\/schema\\\/person\\\/16f8e8defb7a4bd6c6082efcd1bdb6bb\"},\"potentialAction\":[{\"@type\":\"SearchAction\",\"target\":{\"@type\":\"EntryPoint\",\"urlTemplate\":\"https:\\\/\\\/soldadoadrianojose.com.br\\\/?s={search_term_string}\"},\"query-input\":{\"@type\":\"PropertyValueSpecification\",\"valueRequired\":true,\"valueName\":\"search_term_string\"}}],\"inLanguage\":\"pt-BR\"},{\"@type\":[\"Person\",\"Organization\"],\"@id\":\"https:\\\/\\\/soldadoadrianojose.com.br\\\/#\\\/schema\\\/person\\\/16f8e8defb7a4bd6c6082efcd1bdb6bb\",\"name\":\"soldadoadrianojose\",\"image\":{\"@type\":\"ImageObject\",\"inLanguage\":\"pt-BR\",\"@id\":\"https:\\\/\\\/soldadoadrianojose.com.br\\\/wp-content\\\/uploads\\\/2023\\\/02\\\/LOGO_CLEAR-5.png\",\"url\":\"https:\\\/\\\/soldadoadrianojose.com.br\\\/wp-content\\\/uploads\\\/2023\\\/02\\\/LOGO_CLEAR-5.png\",\"contentUrl\":\"https:\\\/\\\/soldadoadrianojose.com.br\\\/wp-content\\\/uploads\\\/2023\\\/02\\\/LOGO_CLEAR-5.png\",\"width\":3508,\"height\":998,\"caption\":\"soldadoadrianojose\"},\"logo\":{\"@id\":\"https:\\\/\\\/soldadoadrianojose.com.br\\\/wp-content\\\/uploads\\\/2023\\\/02\\\/LOGO_CLEAR-5.png\"},\"sameAs\":[\"https:\\\/\\\/soldadoadrianojose.com.br\"]},{\"@type\":\"Person\",\"@id\":\"https:\\\/\\\/soldadoadrianojose.com.br\\\/#\\\/schema\\\/person\\\/cd48425bd7edd36fa5917c88fbe1cec5\",\"name\":\"Emanuellig admin2\",\"image\":{\"@type\":\"ImageObject\",\"inLanguage\":\"pt-BR\",\"@id\":\"https:\\\/\\\/soldadoadrianojose.com.br\\\/wp-content\\\/litespeed\\\/avatar\\\/235a59a115f40132a17fc909e61bc31d.jpg?ver=1777092356\",\"url\":\"https:\\\/\\\/soldadoadrianojose.com.br\\\/wp-content\\\/litespeed\\\/avatar\\\/235a59a115f40132a17fc909e61bc31d.jpg?ver=1777092356\",\"contentUrl\":\"https:\\\/\\\/soldadoadrianojose.com.br\\\/wp-content\\\/litespeed\\\/avatar\\\/235a59a115f40132a17fc909e61bc31d.jpg?ver=1777092356\",\"caption\":\"Emanuellig admin2\"},\"url\":\"https:\\\/\\\/soldadoadrianojose.com.br\\\/index.php\\\/author\\\/manu\\\/\"}]}<\/script>\n<!-- \/ Yoast SEO plugin. -->","yoast_head_json":{"title":"Deputado Adriano Jos\u00e9 homenageia Dr. Jo\u00e3o Elias, m\u00e9dico especialista em coluna com men\u00e7\u00e3o honrosa - Deputado Adriano Jos\u00e9","robots":{"index":"index","follow":"follow","max-snippet":"max-snippet:-1","max-image-preview":"max-image-preview:large","max-video-preview":"max-video-preview:-1"},"canonical":"https:\/\/soldadoadrianojose.com.br\/index.php\/2026\/03\/09\/deputado-adriano-jose-homenageia-dr-joao-elias-medico-especialista-em-coluna-com-mencao-honrosa\/","og_locale":"pt_BR","og_type":"article","og_title":"Deputado Adriano Jos\u00e9 homenageia Dr. Jo\u00e3o Elias, m\u00e9dico especialista em coluna com men\u00e7\u00e3o honrosa - Deputado Adriano Jos\u00e9","og_description":"O m\u00e9dico especialista em coluna Dr. Jo\u00e3o Elias Ferreira Braga foi homenageado com uma men\u00e7\u00e3o honrosa em reconhecimento \u00e0 sua relevante contribui\u00e7\u00e3o para a medicina e para a sa\u00fade p\u00fablica no Paran\u00e1. A homenagem foi entregue pelo deputado estadual Adriano Jos\u00e9, destacando a trajet\u00f3ria profissional do m\u00e9dico e seu papel no fortalecimento do atendimento especializado [&hellip;]","og_url":"https:\/\/soldadoadrianojose.com.br\/index.php\/2026\/03\/09\/deputado-adriano-jose-homenageia-dr-joao-elias-medico-especialista-em-coluna-com-mencao-honrosa\/","og_site_name":"Deputado Adriano Jos\u00e9","article_published_time":"2026-03-09T20:18:53+00:00","og_image":[{"width":1600,"height":1073,"url":"https:\/\/soldadoadrianojose.com.br\/wp-content\/uploads\/2026\/03\/WhatsApp-Image-2026-03-09-at-17.16.56.jpeg","type":"image\/jpeg"}],"author":"Emanuellig admin2","twitter_card":"summary_large_image","twitter_misc":{"Escrito por":"Emanuellig admin2","Est. tempo de leitura":"2 minutos"},"schema":{"@context":"https:\/\/schema.org","@graph":[{"@type":"Article","@id":"https:\/\/soldadoadrianojose.com.br\/index.php\/2026\/03\/09\/deputado-adriano-jose-homenageia-dr-joao-elias-medico-especialista-em-coluna-com-mencao-honrosa\/#article","isPartOf":{"@id":"https:\/\/soldadoadrianojose.com.br\/index.php\/2026\/03\/09\/deputado-adriano-jose-homenageia-dr-joao-elias-medico-especialista-em-coluna-com-mencao-honrosa\/"},"author":{"name":"Emanuellig admin2","@id":"https:\/\/soldadoadrianojose.com.br\/#\/schema\/person\/cd48425bd7edd36fa5917c88fbe1cec5"},"headline":"Deputado Adriano Jos\u00e9 homenageia Dr. Jo\u00e3o Elias, m\u00e9dico especialista em coluna com men\u00e7\u00e3o honrosa","datePublished":"2026-03-09T20:18:53+00:00","mainEntityOfPage":{"@id":"https:\/\/soldadoadrianojose.com.br\/index.php\/2026\/03\/09\/deputado-adriano-jose-homenageia-dr-joao-elias-medico-especialista-em-coluna-com-mencao-honrosa\/"},"wordCount":351,"commentCount":0,"publisher":{"@id":"https:\/\/soldadoadrianojose.com.br\/#\/schema\/person\/16f8e8defb7a4bd6c6082efcd1bdb6bb"},"image":{"@id":"https:\/\/soldadoadrianojose.com.br\/index.php\/2026\/03\/09\/deputado-adriano-jose-homenageia-dr-joao-elias-medico-especialista-em-coluna-com-mencao-honrosa\/#primaryimage"},"thumbnailUrl":"https:\/\/soldadoadrianojose.com.br\/wp-content\/uploads\/2026\/03\/WhatsApp-Image-2026-03-09-at-17.16.56.jpeg","articleSection":["GABINETE SD"],"inLanguage":"pt-BR","potentialAction":[{"@type":"CommentAction","name":"Comment","target":["https:\/\/soldadoadrianojose.com.br\/index.php\/2026\/03\/09\/deputado-adriano-jose-homenageia-dr-joao-elias-medico-especialista-em-coluna-com-mencao-honrosa\/#respond"]}]},{"@type":"WebPage","@id":"https:\/\/soldadoadrianojose.com.br\/index.php\/2026\/03\/09\/deputado-adriano-jose-homenageia-dr-joao-elias-medico-especialista-em-coluna-com-mencao-honrosa\/","url":"https:\/\/soldadoadrianojose.com.br\/index.php\/2026\/03\/09\/deputado-adriano-jose-homenageia-dr-joao-elias-medico-especialista-em-coluna-com-mencao-honrosa\/","name":"Deputado Adriano Jos\u00e9 homenageia Dr. Jo\u00e3o Elias, m\u00e9dico especialista em coluna com men\u00e7\u00e3o honrosa - Deputado Adriano Jos\u00e9","isPartOf":{"@id":"https:\/\/soldadoadrianojose.com.br\/#website"},"primaryImageOfPage":{"@id":"https:\/\/soldadoadrianojose.com.br\/index.php\/2026\/03\/09\/deputado-adriano-jose-homenageia-dr-joao-elias-medico-especialista-em-coluna-com-mencao-honrosa\/#primaryimage"},"image":{"@id":"https:\/\/soldadoadrianojose.com.br\/index.php\/2026\/03\/09\/deputado-adriano-jose-homenageia-dr-joao-elias-medico-especialista-em-coluna-com-mencao-honrosa\/#primaryimage"},"thumbnailUrl":"https:\/\/soldadoadrianojose.com.br\/wp-content\/uploads\/2026\/03\/WhatsApp-Image-2026-03-09-at-17.16.56.jpeg","datePublished":"2026-03-09T20:18:53+00:00","breadcrumb":{"@id":"https:\/\/soldadoadrianojose.com.br\/index.php\/2026\/03\/09\/deputado-adriano-jose-homenageia-dr-joao-elias-medico-especialista-em-coluna-com-mencao-honrosa\/#breadcrumb"},"inLanguage":"pt-BR","potentialAction":[{"@type":"ReadAction","target":["https:\/\/soldadoadrianojose.com.br\/index.php\/2026\/03\/09\/deputado-adriano-jose-homenageia-dr-joao-elias-medico-especialista-em-coluna-com-mencao-honrosa\/"]}]},{"@type":"ImageObject","inLanguage":"pt-BR","@id":"https:\/\/soldadoadrianojose.com.br\/index.php\/2026\/03\/09\/deputado-adriano-jose-homenageia-dr-joao-elias-medico-especialista-em-coluna-com-mencao-honrosa\/#primaryimage","url":"https:\/\/soldadoadrianojose.com.br\/wp-content\/uploads\/2026\/03\/WhatsApp-Image-2026-03-09-at-17.16.56.jpeg","contentUrl":"https:\/\/soldadoadrianojose.com.br\/wp-content\/uploads\/2026\/03\/WhatsApp-Image-2026-03-09-at-17.16.56.jpeg","width":1600,"height":1073},{"@type":"BreadcrumbList","@id":"https:\/\/soldadoadrianojose.com.br\/index.php\/2026\/03\/09\/deputado-adriano-jose-homenageia-dr-joao-elias-medico-especialista-em-coluna-com-mencao-honrosa\/#breadcrumb","itemListElement":[{"@type":"ListItem","position":1,"name":"In\u00edcio","item":"https:\/\/soldadoadrianojose.com.br\/"},{"@type":"ListItem","position":2,"name":"Deputado Adriano Jos\u00e9 homenageia Dr. Jo\u00e3o Elias, m\u00e9dico especialista em coluna com men\u00e7\u00e3o honrosa"}]},{"@type":"WebSite","@id":"https:\/\/soldadoadrianojose.com.br\/#website","url":"https:\/\/soldadoadrianojose.com.br\/","name":"Deputado Adriano Jos\u00e9","description":"Nosso trabalho \u00e9 pelas pessoas","publisher":{"@id":"https:\/\/soldadoadrianojose.com.br\/#\/schema\/person\/16f8e8defb7a4bd6c6082efcd1bdb6bb"},"potentialAction":[{"@type":"SearchAction","target":{"@type":"EntryPoint","urlTemplate":"https:\/\/soldadoadrianojose.com.br\/?s={search_term_string}"},"query-input":{"@type":"PropertyValueSpecification","valueRequired":true,"valueName":"search_term_string"}}],"inLanguage":"pt-BR"},{"@type":["Person","Organization"],"@id":"https:\/\/soldadoadrianojose.com.br\/#\/schema\/person\/16f8e8defb7a4bd6c6082efcd1bdb6bb","name":"soldadoadrianojose","image":{"@type":"ImageObject","inLanguage":"pt-BR","@id":"https:\/\/soldadoadrianojose.com.br\/wp-content\/uploads\/2023\/02\/LOGO_CLEAR-5.png","url":"https:\/\/soldadoadrianojose.com.br\/wp-content\/uploads\/2023\/02\/LOGO_CLEAR-5.png","contentUrl":"https:\/\/soldadoadrianojose.com.br\/wp-content\/uploads\/2023\/02\/LOGO_CLEAR-5.png","width":3508,"height":998,"caption":"soldadoadrianojose"},"logo":{"@id":"https:\/\/soldadoadrianojose.com.br\/wp-content\/uploads\/2023\/02\/LOGO_CLEAR-5.png"},"sameAs":["https:\/\/soldadoadrianojose.com.br"]},{"@type":"Person","@id":"https:\/\/soldadoadrianojose.com.br\/#\/schema\/person\/cd48425bd7edd36fa5917c88fbe1cec5","name":"Emanuellig admin2","image":{"@type":"ImageObject","inLanguage":"pt-BR","@id":"https:\/\/soldadoadrianojose.com.br\/wp-content\/litespeed\/avatar\/235a59a115f40132a17fc909e61bc31d.jpg?ver=1777092356","url":"https:\/\/soldadoadrianojose.com.br\/wp-content\/litespeed\/avatar\/235a59a115f40132a17fc909e61bc31d.jpg?ver=1777092356","contentUrl":"https:\/\/soldadoadrianojose.com.br\/wp-content\/litespeed\/avatar\/235a59a115f40132a17fc909e61bc31d.jpg?ver=1777092356","caption":"Emanuellig admin2"},"url":"https:\/\/soldadoadrianojose.com.br\/index.php\/author\/manu\/"}]}},"jetpack_featured_media_url":"https:\/\/soldadoadrianojose.com.br\/wp-content\/uploads\/2026\/03\/WhatsApp-Image-2026-03-09-at-17.16.56.jpeg","_links":{"self":[{"href":"https:\/\/soldadoadrianojose.com.br\/index.php\/wp-json\/wp\/v2\/posts\/3963","targetHints":{"allow":["GET"]}}],"collection":[{"href":"https:\/\/soldadoadrianojose.com.br\/index.php\/wp-json\/wp\/v2\/posts"}],"about":[{"href":"https:\/\/soldadoadrianojose.com.br\/index.php\/wp-json\/wp\/v2\/types\/post"}],"author":[{"embeddable":true,"href":"https:\/\/soldadoadrianojose.com.br\/index.php\/wp-json\/wp\/v2\/users\/3"}],"replies":[{"embeddable":true,"href":"https:\/\/soldadoadrianojose.com.br\/index.php\/wp-json\/wp\/v2\/comments?post=3963"}],"version-history":[{"count":2,"href":"https:\/\/soldadoadrianojose.com.br\/index.php\/wp-json\/wp\/v2\/posts\/3963\/revisions"}],"predecessor-version":[{"id":3970,"href":"https:\/\/soldadoadrianojose.com.br\/index.php\/wp-json\/wp\/v2\/posts\/3963\/revisions\/3970"}],"wp:featuredmedia":[{"embeddable":true,"href":"https:\/\/soldadoadrianojose.com.br\/index.php\/wp-json\/wp\/v2\/media\/3971"}],"wp:attachment":[{"href":"https:\/\/soldadoadrianojose.com.br\/index.php\/wp-json\/wp\/v2\/media?parent=3963"}],"wp:term":[{"taxonomy":"category","embeddable":true,"href":"https:\/\/soldadoadrianojose.com.br\/index.php\/wp-json\/wp\/v2\/categories?post=3963"},{"taxonomy":"post_tag","embeddable":true,"href":"https:\/\/soldadoadrianojose.com.br\/index.php\/wp-json\/wp\/v2\/tags?post=3963"}],"curies":[{"name":"wp","href":"https:\/\/api.w.org\/{rel}","templated":true}]}}