{"id":3966,"date":"2026-03-09T12:15:28","date_gmt":"2026-03-09T15:15:28","guid":{"rendered":"https:\/\/soldadoadrianojose.com.br\/?p=3966"},"modified":"2026-03-09T12:15:28","modified_gmt":"2026-03-09T15:15:28","slug":"em-sarandi-deputado-adriano-jose-celebra-o-dia-da-mulher-com-participacao-no-pedal-da-mulher","status":"publish","type":"post","link":"https:\/\/soldadoadrianojose.com.br\/index.php\/2026\/03\/09\/em-sarandi-deputado-adriano-jose-celebra-o-dia-da-mulher-com-participacao-no-pedal-da-mulher\/","title":{"rendered":"Em Sarandi, deputado Adriano Jos\u00e9 celebra o Dia da Mulher com participa\u00e7\u00e3o no \u201cPedal da Mulher\u201d"},"content":{"rendered":"<p data-start=\"114\" data-end=\"530\">O deputado estadual Adriano Jos\u00e9 marcou presen\u00e7a, em Sarandi, do evento <strong data-start=\"181\" data-end=\"202\">\u201cPedal da Mulher\u201d<\/strong>, uma mobiliza\u00e7\u00e3o que celebrou o Dia Internacional da Mulher e reuniu dezenas de participantes em um momento de integra\u00e7\u00e3o, esporte e valoriza\u00e7\u00e3o da presen\u00e7a feminina na sociedade. A atividade contou com a presen\u00e7a do prefeito de Sarandi, Carlos de Paula, e da secret\u00e1ria municipal de Desenvolvimento Econ\u00f4mico, Janaina Santoro.<\/p>\n<p data-start=\"532\" data-end=\"851\">O evento teve como mensagem central o incentivo ao respeito e \u00e0 igualdade entre homens e mulheres. Estampado no banner da mobiliza\u00e7\u00e3o, o lema <strong data-start=\"674\" data-end=\"729\">\u201cCada pedalada \u00e9 um passo por respeito e igualdade\u201d<\/strong> sintetizou o esp\u00edrito da iniciativa, que buscou unir atividade f\u00edsica, conscientiza\u00e7\u00e3o social e participa\u00e7\u00e3o comunit\u00e1ria.<\/p>\n<p data-start=\"853\" data-end=\"1210\">Para o deputado Adriano Jos\u00e9, a\u00e7\u00f5es como essa s\u00e3o importantes para fortalecer o debate sobre o papel da mulher na sociedade e reconhecer as conquistas femininas ao longo dos anos. Segundo ele, al\u00e9m de celebrar a data, o momento tamb\u00e9m refor\u00e7a a necessidade de continuar avan\u00e7ando em pol\u00edticas p\u00fablicas que garantam mais oportunidades e prote\u00e7\u00e3o \u00e0s mulheres.<\/p>\n<p data-start=\"1212\" data-end=\"1483\">\u201c\u00c9 muito importante ver a comunidade reunida em um evento que valoriza as mulheres e refor\u00e7a a luta por respeito e igualdade. Cada passo, cada pedalada, representa tamb\u00e9m o compromisso de toda a sociedade em construir um futuro mais justo para todas\u201d, afirmou o deputado.<\/p>\n<p data-start=\"1485\" data-end=\"1886\" data-is-last-node=\"\" data-is-only-node=\"\">Adriano Jos\u00e9 tamb\u00e9m destacou a import\u00e2ncia da parceria entre lideran\u00e7as locais para promover a\u00e7\u00f5es que incentivem a participa\u00e7\u00e3o da popula\u00e7\u00e3o em iniciativas de conscientiza\u00e7\u00e3o e valoriza\u00e7\u00e3o social. \u201cQuando o poder p\u00fablico e a comunidade caminham juntos, conseguimos fortalecer mensagens importantes e inspirar novas gera\u00e7\u00f5es a seguir construindo uma sociedade mais equilibrada e respeitosa\u201d, concluiu.<\/p>\n","protected":false},"excerpt":{"rendered":"<p>O deputado estadual Adriano Jos\u00e9 marcou presen\u00e7a, em Sarandi, do evento \u201cPedal da Mulher\u201d, uma mobiliza\u00e7\u00e3o que celebrou o Dia Internacional da Mulher e reuniu dezenas de participantes em um momento de integra\u00e7\u00e3o, esporte e valoriza\u00e7\u00e3o da presen\u00e7a feminina na sociedade. A atividade contou com a presen\u00e7a do prefeito de Sarandi, Carlos de Paula, e [&hellip;]<\/p>\n","protected":false},"author":3,"featured_media":3967,"comment_status":"open","ping_status":"open","sticky":false,"template":"","format":"standard","meta":{"footnotes":""},"categories":[1],"tags":[],"class_list":["post-3966","post","type-post","status-publish","format-standard","has-post-thumbnail","hentry","category-gabinete-sd"],"yoast_head":"<!-- This site is optimized with the Yoast SEO plugin v27.4 - https:\/\/yoast.com\/product\/yoast-seo-wordpress\/ -->\n<title>Em Sarandi, deputado Adriano Jos\u00e9 celebra o Dia da Mulher com participa\u00e7\u00e3o no \u201cPedal da Mulher\u201d - Deputado Adriano Jos\u00e9<\/title>\n<meta name=\"robots\" content=\"index, follow, max-snippet:-1, max-image-preview:large, max-video-preview:-1\" \/>\n<link rel=\"canonical\" href=\"https:\/\/soldadoadrianojose.com.br\/index.php\/2026\/03\/09\/em-sarandi-deputado-adriano-jose-celebra-o-dia-da-mulher-com-participacao-no-pedal-da-mulher\/\" \/>\n<meta property=\"og:locale\" content=\"pt_BR\" \/>\n<meta property=\"og:type\" content=\"article\" \/>\n<meta property=\"og:title\" content=\"Em Sarandi, deputado Adriano Jos\u00e9 celebra o Dia da Mulher com participa\u00e7\u00e3o no \u201cPedal da Mulher\u201d - Deputado Adriano Jos\u00e9\" \/>\n<meta property=\"og:description\" content=\"O deputado estadual Adriano Jos\u00e9 marcou presen\u00e7a, em Sarandi, do evento \u201cPedal da Mulher\u201d, uma mobiliza\u00e7\u00e3o que celebrou o Dia Internacional da Mulher e reuniu dezenas de participantes em um momento de integra\u00e7\u00e3o, esporte e valoriza\u00e7\u00e3o da presen\u00e7a feminina na sociedade. A atividade contou com a presen\u00e7a do prefeito de Sarandi, Carlos de Paula, e [&hellip;]\" \/>\n<meta property=\"og:url\" content=\"https:\/\/soldadoadrianojose.com.br\/index.php\/2026\/03\/09\/em-sarandi-deputado-adriano-jose-celebra-o-dia-da-mulher-com-participacao-no-pedal-da-mulher\/\" \/>\n<meta property=\"og:site_name\" content=\"Deputado Adriano Jos\u00e9\" \/>\n<meta property=\"article:published_time\" content=\"2026-03-09T15:15:28+00:00\" \/>\n<meta property=\"og:image\" content=\"https:\/\/soldadoadrianojose.com.br\/wp-content\/uploads\/2026\/03\/WhatsApp-Image-2026-03-09-at-12.08.51.jpeg\" \/>\n\t<meta property=\"og:image:width\" content=\"1280\" \/>\n\t<meta property=\"og:image:height\" content=\"1211\" \/>\n\t<meta property=\"og:image:type\" content=\"image\/jpeg\" \/>\n<meta name=\"author\" content=\"Emanuellig admin2\" \/>\n<meta name=\"twitter:card\" content=\"summary_large_image\" \/>\n<meta name=\"twitter:label1\" content=\"Escrito por\" \/>\n\t<meta name=\"twitter:data1\" content=\"Emanuellig admin2\" \/>\n\t<meta name=\"twitter:label2\" content=\"Est. tempo de leitura\" \/>\n\t<meta name=\"twitter:data2\" content=\"2 minutos\" \/>\n<script type=\"application\/ld+json\" class=\"yoast-schema-graph\">{\"@context\":\"https:\\\/\\\/schema.org\",\"@graph\":[{\"@type\":\"Article\",\"@id\":\"https:\\\/\\\/soldadoadrianojose.com.br\\\/index.php\\\/2026\\\/03\\\/09\\\/em-sarandi-deputado-adriano-jose-celebra-o-dia-da-mulher-com-participacao-no-pedal-da-mulher\\\/#article\",\"isPartOf\":{\"@id\":\"https:\\\/\\\/soldadoadrianojose.com.br\\\/index.php\\\/2026\\\/03\\\/09\\\/em-sarandi-deputado-adriano-jose-celebra-o-dia-da-mulher-com-participacao-no-pedal-da-mulher\\\/\"},\"author\":{\"name\":\"Emanuellig admin2\",\"@id\":\"https:\\\/\\\/soldadoadrianojose.com.br\\\/#\\\/schema\\\/person\\\/cd48425bd7edd36fa5917c88fbe1cec5\"},\"headline\":\"Em Sarandi, deputado Adriano Jos\u00e9 celebra o Dia da Mulher com participa\u00e7\u00e3o no \u201cPedal da Mulher\u201d\",\"datePublished\":\"2026-03-09T15:15:28+00:00\",\"mainEntityOfPage\":{\"@id\":\"https:\\\/\\\/soldadoadrianojose.com.br\\\/index.php\\\/2026\\\/03\\\/09\\\/em-sarandi-deputado-adriano-jose-celebra-o-dia-da-mulher-com-participacao-no-pedal-da-mulher\\\/\"},\"wordCount\":316,\"commentCount\":0,\"publisher\":{\"@id\":\"https:\\\/\\\/soldadoadrianojose.com.br\\\/#\\\/schema\\\/person\\\/16f8e8defb7a4bd6c6082efcd1bdb6bb\"},\"image\":{\"@id\":\"https:\\\/\\\/soldadoadrianojose.com.br\\\/index.php\\\/2026\\\/03\\\/09\\\/em-sarandi-deputado-adriano-jose-celebra-o-dia-da-mulher-com-participacao-no-pedal-da-mulher\\\/#primaryimage\"},\"thumbnailUrl\":\"https:\\\/\\\/soldadoadrianojose.com.br\\\/wp-content\\\/uploads\\\/2026\\\/03\\\/WhatsApp-Image-2026-03-09-at-12.08.51.jpeg\",\"articleSection\":[\"GABINETE SD\"],\"inLanguage\":\"pt-BR\",\"potentialAction\":[{\"@type\":\"CommentAction\",\"name\":\"Comment\",\"target\":[\"https:\\\/\\\/soldadoadrianojose.com.br\\\/index.php\\\/2026\\\/03\\\/09\\\/em-sarandi-deputado-adriano-jose-celebra-o-dia-da-mulher-com-participacao-no-pedal-da-mulher\\\/#respond\"]}]},{\"@type\":\"WebPage\",\"@id\":\"https:\\\/\\\/soldadoadrianojose.com.br\\\/index.php\\\/2026\\\/03\\\/09\\\/em-sarandi-deputado-adriano-jose-celebra-o-dia-da-mulher-com-participacao-no-pedal-da-mulher\\\/\",\"url\":\"https:\\\/\\\/soldadoadrianojose.com.br\\\/index.php\\\/2026\\\/03\\\/09\\\/em-sarandi-deputado-adriano-jose-celebra-o-dia-da-mulher-com-participacao-no-pedal-da-mulher\\\/\",\"name\":\"Em Sarandi, deputado Adriano Jos\u00e9 celebra o Dia da Mulher com participa\u00e7\u00e3o no \u201cPedal da Mulher\u201d - Deputado Adriano Jos\u00e9\",\"isPartOf\":{\"@id\":\"https:\\\/\\\/soldadoadrianojose.com.br\\\/#website\"},\"primaryImageOfPage\":{\"@id\":\"https:\\\/\\\/soldadoadrianojose.com.br\\\/index.php\\\/2026\\\/03\\\/09\\\/em-sarandi-deputado-adriano-jose-celebra-o-dia-da-mulher-com-participacao-no-pedal-da-mulher\\\/#primaryimage\"},\"image\":{\"@id\":\"https:\\\/\\\/soldadoadrianojose.com.br\\\/index.php\\\/2026\\\/03\\\/09\\\/em-sarandi-deputado-adriano-jose-celebra-o-dia-da-mulher-com-participacao-no-pedal-da-mulher\\\/#primaryimage\"},\"thumbnailUrl\":\"https:\\\/\\\/soldadoadrianojose.com.br\\\/wp-content\\\/uploads\\\/2026\\\/03\\\/WhatsApp-Image-2026-03-09-at-12.08.51.jpeg\",\"datePublished\":\"2026-03-09T15:15:28+00:00\",\"breadcrumb\":{\"@id\":\"https:\\\/\\\/soldadoadrianojose.com.br\\\/index.php\\\/2026\\\/03\\\/09\\\/em-sarandi-deputado-adriano-jose-celebra-o-dia-da-mulher-com-participacao-no-pedal-da-mulher\\\/#breadcrumb\"},\"inLanguage\":\"pt-BR\",\"potentialAction\":[{\"@type\":\"ReadAction\",\"target\":[\"https:\\\/\\\/soldadoadrianojose.com.br\\\/index.php\\\/2026\\\/03\\\/09\\\/em-sarandi-deputado-adriano-jose-celebra-o-dia-da-mulher-com-participacao-no-pedal-da-mulher\\\/\"]}]},{\"@type\":\"ImageObject\",\"inLanguage\":\"pt-BR\",\"@id\":\"https:\\\/\\\/soldadoadrianojose.com.br\\\/index.php\\\/2026\\\/03\\\/09\\\/em-sarandi-deputado-adriano-jose-celebra-o-dia-da-mulher-com-participacao-no-pedal-da-mulher\\\/#primaryimage\",\"url\":\"https:\\\/\\\/soldadoadrianojose.com.br\\\/wp-content\\\/uploads\\\/2026\\\/03\\\/WhatsApp-Image-2026-03-09-at-12.08.51.jpeg\",\"contentUrl\":\"https:\\\/\\\/soldadoadrianojose.com.br\\\/wp-content\\\/uploads\\\/2026\\\/03\\\/WhatsApp-Image-2026-03-09-at-12.08.51.jpeg\",\"width\":1280,\"height\":1211},{\"@type\":\"BreadcrumbList\",\"@id\":\"https:\\\/\\\/soldadoadrianojose.com.br\\\/index.php\\\/2026\\\/03\\\/09\\\/em-sarandi-deputado-adriano-jose-celebra-o-dia-da-mulher-com-participacao-no-pedal-da-mulher\\\/#breadcrumb\",\"itemListElement\":[{\"@type\":\"ListItem\",\"position\":1,\"name\":\"In\u00edcio\",\"item\":\"https:\\\/\\\/soldadoadrianojose.com.br\\\/\"},{\"@type\":\"ListItem\",\"position\":2,\"name\":\"Em Sarandi, deputado Adriano Jos\u00e9 celebra o Dia da Mulher com participa\u00e7\u00e3o no \u201cPedal da Mulher\u201d\"}]},{\"@type\":\"WebSite\",\"@id\":\"https:\\\/\\\/soldadoadrianojose.com.br\\\/#website\",\"url\":\"https:\\\/\\\/soldadoadrianojose.com.br\\\/\",\"name\":\"Deputado Adriano Jos\u00e9\",\"description\":\"Nosso trabalho \u00e9 pelas pessoas\",\"publisher\":{\"@id\":\"https:\\\/\\\/soldadoadrianojose.com.br\\\/#\\\/schema\\\/person\\\/16f8e8defb7a4bd6c6082efcd1bdb6bb\"},\"potentialAction\":[{\"@type\":\"SearchAction\",\"target\":{\"@type\":\"EntryPoint\",\"urlTemplate\":\"https:\\\/\\\/soldadoadrianojose.com.br\\\/?s={search_term_string}\"},\"query-input\":{\"@type\":\"PropertyValueSpecification\",\"valueRequired\":true,\"valueName\":\"search_term_string\"}}],\"inLanguage\":\"pt-BR\"},{\"@type\":[\"Person\",\"Organization\"],\"@id\":\"https:\\\/\\\/soldadoadrianojose.com.br\\\/#\\\/schema\\\/person\\\/16f8e8defb7a4bd6c6082efcd1bdb6bb\",\"name\":\"soldadoadrianojose\",\"image\":{\"@type\":\"ImageObject\",\"inLanguage\":\"pt-BR\",\"@id\":\"https:\\\/\\\/soldadoadrianojose.com.br\\\/wp-content\\\/uploads\\\/2023\\\/02\\\/LOGO_CLEAR-5.png\",\"url\":\"https:\\\/\\\/soldadoadrianojose.com.br\\\/wp-content\\\/uploads\\\/2023\\\/02\\\/LOGO_CLEAR-5.png\",\"contentUrl\":\"https:\\\/\\\/soldadoadrianojose.com.br\\\/wp-content\\\/uploads\\\/2023\\\/02\\\/LOGO_CLEAR-5.png\",\"width\":3508,\"height\":998,\"caption\":\"soldadoadrianojose\"},\"logo\":{\"@id\":\"https:\\\/\\\/soldadoadrianojose.com.br\\\/wp-content\\\/uploads\\\/2023\\\/02\\\/LOGO_CLEAR-5.png\"},\"sameAs\":[\"https:\\\/\\\/soldadoadrianojose.com.br\"]},{\"@type\":\"Person\",\"@id\":\"https:\\\/\\\/soldadoadrianojose.com.br\\\/#\\\/schema\\\/person\\\/cd48425bd7edd36fa5917c88fbe1cec5\",\"name\":\"Emanuellig admin2\",\"image\":{\"@type\":\"ImageObject\",\"inLanguage\":\"pt-BR\",\"@id\":\"https:\\\/\\\/soldadoadrianojose.com.br\\\/wp-content\\\/litespeed\\\/avatar\\\/235a59a115f40132a17fc909e61bc31d.jpg?ver=1777092356\",\"url\":\"https:\\\/\\\/soldadoadrianojose.com.br\\\/wp-content\\\/litespeed\\\/avatar\\\/235a59a115f40132a17fc909e61bc31d.jpg?ver=1777092356\",\"contentUrl\":\"https:\\\/\\\/soldadoadrianojose.com.br\\\/wp-content\\\/litespeed\\\/avatar\\\/235a59a115f40132a17fc909e61bc31d.jpg?ver=1777092356\",\"caption\":\"Emanuellig admin2\"},\"url\":\"https:\\\/\\\/soldadoadrianojose.com.br\\\/index.php\\\/author\\\/manu\\\/\"}]}<\/script>\n<!-- \/ Yoast SEO plugin. -->","yoast_head_json":{"title":"Em Sarandi, deputado Adriano Jos\u00e9 celebra o Dia da Mulher com participa\u00e7\u00e3o no \u201cPedal da Mulher\u201d - Deputado Adriano Jos\u00e9","robots":{"index":"index","follow":"follow","max-snippet":"max-snippet:-1","max-image-preview":"max-image-preview:large","max-video-preview":"max-video-preview:-1"},"canonical":"https:\/\/soldadoadrianojose.com.br\/index.php\/2026\/03\/09\/em-sarandi-deputado-adriano-jose-celebra-o-dia-da-mulher-com-participacao-no-pedal-da-mulher\/","og_locale":"pt_BR","og_type":"article","og_title":"Em Sarandi, deputado Adriano Jos\u00e9 celebra o Dia da Mulher com participa\u00e7\u00e3o no \u201cPedal da Mulher\u201d - Deputado Adriano Jos\u00e9","og_description":"O deputado estadual Adriano Jos\u00e9 marcou presen\u00e7a, em Sarandi, do evento \u201cPedal da Mulher\u201d, uma mobiliza\u00e7\u00e3o que celebrou o Dia Internacional da Mulher e reuniu dezenas de participantes em um momento de integra\u00e7\u00e3o, esporte e valoriza\u00e7\u00e3o da presen\u00e7a feminina na sociedade. A atividade contou com a presen\u00e7a do prefeito de Sarandi, Carlos de Paula, e [&hellip;]","og_url":"https:\/\/soldadoadrianojose.com.br\/index.php\/2026\/03\/09\/em-sarandi-deputado-adriano-jose-celebra-o-dia-da-mulher-com-participacao-no-pedal-da-mulher\/","og_site_name":"Deputado Adriano Jos\u00e9","article_published_time":"2026-03-09T15:15:28+00:00","og_image":[{"width":1280,"height":1211,"url":"https:\/\/soldadoadrianojose.com.br\/wp-content\/uploads\/2026\/03\/WhatsApp-Image-2026-03-09-at-12.08.51.jpeg","type":"image\/jpeg"}],"author":"Emanuellig admin2","twitter_card":"summary_large_image","twitter_misc":{"Escrito por":"Emanuellig admin2","Est. tempo de leitura":"2 minutos"},"schema":{"@context":"https:\/\/schema.org","@graph":[{"@type":"Article","@id":"https:\/\/soldadoadrianojose.com.br\/index.php\/2026\/03\/09\/em-sarandi-deputado-adriano-jose-celebra-o-dia-da-mulher-com-participacao-no-pedal-da-mulher\/#article","isPartOf":{"@id":"https:\/\/soldadoadrianojose.com.br\/index.php\/2026\/03\/09\/em-sarandi-deputado-adriano-jose-celebra-o-dia-da-mulher-com-participacao-no-pedal-da-mulher\/"},"author":{"name":"Emanuellig admin2","@id":"https:\/\/soldadoadrianojose.com.br\/#\/schema\/person\/cd48425bd7edd36fa5917c88fbe1cec5"},"headline":"Em Sarandi, deputado Adriano Jos\u00e9 celebra o Dia da Mulher com participa\u00e7\u00e3o no \u201cPedal da Mulher\u201d","datePublished":"2026-03-09T15:15:28+00:00","mainEntityOfPage":{"@id":"https:\/\/soldadoadrianojose.com.br\/index.php\/2026\/03\/09\/em-sarandi-deputado-adriano-jose-celebra-o-dia-da-mulher-com-participacao-no-pedal-da-mulher\/"},"wordCount":316,"commentCount":0,"publisher":{"@id":"https:\/\/soldadoadrianojose.com.br\/#\/schema\/person\/16f8e8defb7a4bd6c6082efcd1bdb6bb"},"image":{"@id":"https:\/\/soldadoadrianojose.com.br\/index.php\/2026\/03\/09\/em-sarandi-deputado-adriano-jose-celebra-o-dia-da-mulher-com-participacao-no-pedal-da-mulher\/#primaryimage"},"thumbnailUrl":"https:\/\/soldadoadrianojose.com.br\/wp-content\/uploads\/2026\/03\/WhatsApp-Image-2026-03-09-at-12.08.51.jpeg","articleSection":["GABINETE SD"],"inLanguage":"pt-BR","potentialAction":[{"@type":"CommentAction","name":"Comment","target":["https:\/\/soldadoadrianojose.com.br\/index.php\/2026\/03\/09\/em-sarandi-deputado-adriano-jose-celebra-o-dia-da-mulher-com-participacao-no-pedal-da-mulher\/#respond"]}]},{"@type":"WebPage","@id":"https:\/\/soldadoadrianojose.com.br\/index.php\/2026\/03\/09\/em-sarandi-deputado-adriano-jose-celebra-o-dia-da-mulher-com-participacao-no-pedal-da-mulher\/","url":"https:\/\/soldadoadrianojose.com.br\/index.php\/2026\/03\/09\/em-sarandi-deputado-adriano-jose-celebra-o-dia-da-mulher-com-participacao-no-pedal-da-mulher\/","name":"Em Sarandi, deputado Adriano Jos\u00e9 celebra o Dia da Mulher com participa\u00e7\u00e3o no \u201cPedal da Mulher\u201d - Deputado Adriano Jos\u00e9","isPartOf":{"@id":"https:\/\/soldadoadrianojose.com.br\/#website"},"primaryImageOfPage":{"@id":"https:\/\/soldadoadrianojose.com.br\/index.php\/2026\/03\/09\/em-sarandi-deputado-adriano-jose-celebra-o-dia-da-mulher-com-participacao-no-pedal-da-mulher\/#primaryimage"},"image":{"@id":"https:\/\/soldadoadrianojose.com.br\/index.php\/2026\/03\/09\/em-sarandi-deputado-adriano-jose-celebra-o-dia-da-mulher-com-participacao-no-pedal-da-mulher\/#primaryimage"},"thumbnailUrl":"https:\/\/soldadoadrianojose.com.br\/wp-content\/uploads\/2026\/03\/WhatsApp-Image-2026-03-09-at-12.08.51.jpeg","datePublished":"2026-03-09T15:15:28+00:00","breadcrumb":{"@id":"https:\/\/soldadoadrianojose.com.br\/index.php\/2026\/03\/09\/em-sarandi-deputado-adriano-jose-celebra-o-dia-da-mulher-com-participacao-no-pedal-da-mulher\/#breadcrumb"},"inLanguage":"pt-BR","potentialAction":[{"@type":"ReadAction","target":["https:\/\/soldadoadrianojose.com.br\/index.php\/2026\/03\/09\/em-sarandi-deputado-adriano-jose-celebra-o-dia-da-mulher-com-participacao-no-pedal-da-mulher\/"]}]},{"@type":"ImageObject","inLanguage":"pt-BR","@id":"https:\/\/soldadoadrianojose.com.br\/index.php\/2026\/03\/09\/em-sarandi-deputado-adriano-jose-celebra-o-dia-da-mulher-com-participacao-no-pedal-da-mulher\/#primaryimage","url":"https:\/\/soldadoadrianojose.com.br\/wp-content\/uploads\/2026\/03\/WhatsApp-Image-2026-03-09-at-12.08.51.jpeg","contentUrl":"https:\/\/soldadoadrianojose.com.br\/wp-content\/uploads\/2026\/03\/WhatsApp-Image-2026-03-09-at-12.08.51.jpeg","width":1280,"height":1211},{"@type":"BreadcrumbList","@id":"https:\/\/soldadoadrianojose.com.br\/index.php\/2026\/03\/09\/em-sarandi-deputado-adriano-jose-celebra-o-dia-da-mulher-com-participacao-no-pedal-da-mulher\/#breadcrumb","itemListElement":[{"@type":"ListItem","position":1,"name":"In\u00edcio","item":"https:\/\/soldadoadrianojose.com.br\/"},{"@type":"ListItem","position":2,"name":"Em Sarandi, deputado Adriano Jos\u00e9 celebra o Dia da Mulher com participa\u00e7\u00e3o no \u201cPedal da Mulher\u201d"}]},{"@type":"WebSite","@id":"https:\/\/soldadoadrianojose.com.br\/#website","url":"https:\/\/soldadoadrianojose.com.br\/","name":"Deputado Adriano Jos\u00e9","description":"Nosso trabalho \u00e9 pelas pessoas","publisher":{"@id":"https:\/\/soldadoadrianojose.com.br\/#\/schema\/person\/16f8e8defb7a4bd6c6082efcd1bdb6bb"},"potentialAction":[{"@type":"SearchAction","target":{"@type":"EntryPoint","urlTemplate":"https:\/\/soldadoadrianojose.com.br\/?s={search_term_string}"},"query-input":{"@type":"PropertyValueSpecification","valueRequired":true,"valueName":"search_term_string"}}],"inLanguage":"pt-BR"},{"@type":["Person","Organization"],"@id":"https:\/\/soldadoadrianojose.com.br\/#\/schema\/person\/16f8e8defb7a4bd6c6082efcd1bdb6bb","name":"soldadoadrianojose","image":{"@type":"ImageObject","inLanguage":"pt-BR","@id":"https:\/\/soldadoadrianojose.com.br\/wp-content\/uploads\/2023\/02\/LOGO_CLEAR-5.png","url":"https:\/\/soldadoadrianojose.com.br\/wp-content\/uploads\/2023\/02\/LOGO_CLEAR-5.png","contentUrl":"https:\/\/soldadoadrianojose.com.br\/wp-content\/uploads\/2023\/02\/LOGO_CLEAR-5.png","width":3508,"height":998,"caption":"soldadoadrianojose"},"logo":{"@id":"https:\/\/soldadoadrianojose.com.br\/wp-content\/uploads\/2023\/02\/LOGO_CLEAR-5.png"},"sameAs":["https:\/\/soldadoadrianojose.com.br"]},{"@type":"Person","@id":"https:\/\/soldadoadrianojose.com.br\/#\/schema\/person\/cd48425bd7edd36fa5917c88fbe1cec5","name":"Emanuellig admin2","image":{"@type":"ImageObject","inLanguage":"pt-BR","@id":"https:\/\/soldadoadrianojose.com.br\/wp-content\/litespeed\/avatar\/235a59a115f40132a17fc909e61bc31d.jpg?ver=1777092356","url":"https:\/\/soldadoadrianojose.com.br\/wp-content\/litespeed\/avatar\/235a59a115f40132a17fc909e61bc31d.jpg?ver=1777092356","contentUrl":"https:\/\/soldadoadrianojose.com.br\/wp-content\/litespeed\/avatar\/235a59a115f40132a17fc909e61bc31d.jpg?ver=1777092356","caption":"Emanuellig admin2"},"url":"https:\/\/soldadoadrianojose.com.br\/index.php\/author\/manu\/"}]}},"jetpack_featured_media_url":"https:\/\/soldadoadrianojose.com.br\/wp-content\/uploads\/2026\/03\/WhatsApp-Image-2026-03-09-at-12.08.51.jpeg","_links":{"self":[{"href":"https:\/\/soldadoadrianojose.com.br\/index.php\/wp-json\/wp\/v2\/posts\/3966","targetHints":{"allow":["GET"]}}],"collection":[{"href":"https:\/\/soldadoadrianojose.com.br\/index.php\/wp-json\/wp\/v2\/posts"}],"about":[{"href":"https:\/\/soldadoadrianojose.com.br\/index.php\/wp-json\/wp\/v2\/types\/post"}],"author":[{"embeddable":true,"href":"https:\/\/soldadoadrianojose.com.br\/index.php\/wp-json\/wp\/v2\/users\/3"}],"replies":[{"embeddable":true,"href":"https:\/\/soldadoadrianojose.com.br\/index.php\/wp-json\/wp\/v2\/comments?post=3966"}],"version-history":[{"count":2,"href":"https:\/\/soldadoadrianojose.com.br\/index.php\/wp-json\/wp\/v2\/posts\/3966\/revisions"}],"predecessor-version":[{"id":3969,"href":"https:\/\/soldadoadrianojose.com.br\/index.php\/wp-json\/wp\/v2\/posts\/3966\/revisions\/3969"}],"wp:featuredmedia":[{"embeddable":true,"href":"https:\/\/soldadoadrianojose.com.br\/index.php\/wp-json\/wp\/v2\/media\/3967"}],"wp:attachment":[{"href":"https:\/\/soldadoadrianojose.com.br\/index.php\/wp-json\/wp\/v2\/media?parent=3966"}],"wp:term":[{"taxonomy":"category","embeddable":true,"href":"https:\/\/soldadoadrianojose.com.br\/index.php\/wp-json\/wp\/v2\/categories?post=3966"},{"taxonomy":"post_tag","embeddable":true,"href":"https:\/\/soldadoadrianojose.com.br\/index.php\/wp-json\/wp\/v2\/tags?post=3966"}],"curies":[{"name":"wp","href":"https:\/\/api.w.org\/{rel}","templated":true}]}}