{"id":4003,"date":"2026-03-12T23:43:51","date_gmt":"2026-03-13T02:43:51","guid":{"rendered":"https:\/\/soldadoadrianojose.com.br\/?p=4003"},"modified":"2026-03-12T23:43:51","modified_gmt":"2026-03-13T02:43:51","slug":"deputado-adriano-jose-reforca-parceria-entre-estado-e-municipios-durante-anuncio-de-r-290-milhoes-para-infraestrutura-rural-em-umuarama","status":"publish","type":"post","link":"https:\/\/soldadoadrianojose.com.br\/index.php\/2026\/03\/12\/deputado-adriano-jose-reforca-parceria-entre-estado-e-municipios-durante-anuncio-de-r-290-milhoes-para-infraestrutura-rural-em-umuarama\/","title":{"rendered":"Deputado Adriano Jos\u00e9 refor\u00e7a parceria entre Estado e munic\u00edpios durante an\u00fancio de R$ 290 milh\u00f5es para infraestrutura rural em Umuarama"},"content":{"rendered":"<p><span style=\"color: #333333;\"><span style=\"font-family: Arial, Helvetica, sans-serif;\"><span style=\"font-size: small;\">O deputado estadual Adriano Jos\u00e9 representou a Assembleia Legislativa do Paran\u00e1 nesta quinta-feira (12), em Umuarama, durante o an\u00fancio de aproximadamente R$ 290 milh\u00f5es em investimentos voltados \u00e0 infraestrutura rural dos munic\u00edpios que integram a Associa\u00e7\u00e3o dos Munic\u00edpios do Entre Rios (Amerios). A agenda institucional foi conduzida pelo governador Carlos Massa Ratinho Junior e refor\u00e7ou o alinhamento entre o Governo do Estado, o Legislativo e as administra\u00e7\u00f5es municipais para fortalecer o desenvolvimento regional.<\/span><\/span><\/span><\/p>\n<p><span style=\"color: #333333;\"><span style=\"font-family: Arial, Helvetica, sans-serif;\"><span style=\"font-size: small;\">Os recursos fazem parte do Programa Estrada Boa, coordenado pela Secretaria da Agricultura e do Abastecimento do Paran\u00e1, e contemplam tanto a pavimenta\u00e7\u00e3o de estradas rurais quanto a aquisi\u00e7\u00e3o de maquin\u00e1rios para as prefeituras. Ao todo, mais de 177 quil\u00f4metros de vias rurais ser\u00e3o beneficiados, ampliando a seguran\u00e7a no transporte, facilitando o acesso das comunidades e garantindo melhores condi\u00e7\u00f5es para o escoamento da produ\u00e7\u00e3o agr\u00edcola.<\/span><\/span><\/span><\/p>\n<p><span style=\"color: #333333;\"><span style=\"font-family: Arial, Helvetica, sans-serif;\"><span style=\"font-size: small;\">Entre as obras previstas est\u00e3o melhorias em importantes corredores rurais da regi\u00e3o, como a Estrada \u00c1gua Amarela, em Brasil\u00e2ndia do Sul; Estrada Jangada, em Cafezal do Sul; Estrada do Meio, em Francisco Alves; Estrada Fl\u00f3rida Botura, em Ipor\u00e3; Estrada 3 Irm\u00e3os, em Maria Helena; Estrada Gavi\u00e3o, em Mariluz; Estrada Ipiranga, em P\u00e9rola; Estrada 215, em Umuarama; e Estrada Fuma\u00e7a, em Xambr\u00ea. Al\u00e9m das obras, o pacote inclui a entrega de equipamentos como retroescavadeiras, motoniveladoras, p\u00e1s carregadeiras e rolos compressores, que ir\u00e3o refor\u00e7ar a capacidade de manuten\u00e7\u00e3o das estradas pelas prefeituras.<\/span><\/span><\/span><\/p>\n<p><span style=\"color: #333333;\"><span style=\"font-family: Arial, Helvetica, sans-serif;\"><span style=\"font-size: small;\">Durante a agenda, Adriano Jos\u00e9 destacou que o investimento representa um avan\u00e7o estrat\u00e9gico para a economia regional, especialmente para o agroneg\u00f3cio. \u201cEstamos falando de infraestrutura que garante mais efici\u00eancia para quem produz, mais seguran\u00e7a para quem utiliza essas estradas e mais desenvolvimento para os munic\u00edpios. O trabalho conjunto entre o Governo do Estado, a Assembleia Legislativa e as lideran\u00e7as municipais tem permitido que investimentos estruturantes cheguem onde a popula\u00e7\u00e3o precisa\u201d, afirmou.<\/span><\/span><\/span><\/p>\n<p><span style=\"color: #333333;\"><span style=\"font-family: Arial, Helvetica, sans-serif;\"><span style=\"font-size: small;\">Ap\u00f3s o an\u00fancio dos recursos, a agenda institucional seguiu com a abertura oficial da ExpoUmuarama, um dos eventos mais tradicionais do agroneg\u00f3cio na regi\u00e3o Noroeste do Paran\u00e1. A feira segue at\u00e9 o dia 22 de mar\u00e7o e deve receber cerca de 300 mil visitantes, consolidando-se como um importante espa\u00e7o de neg\u00f3cios, inova\u00e7\u00e3o e valoriza\u00e7\u00e3o da for\u00e7a produtiva do campo paranaense.<\/span><\/span><\/span><\/p>\n","protected":false},"excerpt":{"rendered":"<p>O deputado estadual Adriano Jos\u00e9 representou a Assembleia Legislativa do Paran\u00e1 nesta quinta-feira (12), em Umuarama, durante o an\u00fancio de aproximadamente R$ 290 milh\u00f5es em investimentos voltados \u00e0 infraestrutura rural dos munic\u00edpios que integram a Associa\u00e7\u00e3o dos Munic\u00edpios do Entre Rios (Amerios). A agenda institucional foi conduzida pelo governador Carlos Massa Ratinho Junior e refor\u00e7ou [&hellip;]<\/p>\n","protected":false},"author":3,"featured_media":4009,"comment_status":"open","ping_status":"open","sticky":false,"template":"","format":"standard","meta":{"footnotes":""},"categories":[1],"tags":[],"class_list":["post-4003","post","type-post","status-publish","format-standard","has-post-thumbnail","hentry","category-gabinete-sd"],"yoast_head":"<!-- This site is optimized with the Yoast SEO plugin v27.4 - https:\/\/yoast.com\/product\/yoast-seo-wordpress\/ -->\n<title>Deputado Adriano Jos\u00e9 refor\u00e7a parceria entre Estado e munic\u00edpios durante an\u00fancio de R$ 290 milh\u00f5es para infraestrutura rural em Umuarama - Deputado Adriano Jos\u00e9<\/title>\n<meta name=\"robots\" content=\"index, follow, max-snippet:-1, max-image-preview:large, max-video-preview:-1\" \/>\n<link rel=\"canonical\" href=\"https:\/\/soldadoadrianojose.com.br\/index.php\/2026\/03\/12\/deputado-adriano-jose-reforca-parceria-entre-estado-e-municipios-durante-anuncio-de-r-290-milhoes-para-infraestrutura-rural-em-umuarama\/\" \/>\n<meta property=\"og:locale\" content=\"pt_BR\" \/>\n<meta property=\"og:type\" content=\"article\" \/>\n<meta property=\"og:title\" content=\"Deputado Adriano Jos\u00e9 refor\u00e7a parceria entre Estado e munic\u00edpios durante an\u00fancio de R$ 290 milh\u00f5es para infraestrutura rural em Umuarama - Deputado Adriano Jos\u00e9\" \/>\n<meta property=\"og:description\" content=\"O deputado estadual Adriano Jos\u00e9 representou a Assembleia Legislativa do Paran\u00e1 nesta quinta-feira (12), em Umuarama, durante o an\u00fancio de aproximadamente R$ 290 milh\u00f5es em investimentos voltados \u00e0 infraestrutura rural dos munic\u00edpios que integram a Associa\u00e7\u00e3o dos Munic\u00edpios do Entre Rios (Amerios). A agenda institucional foi conduzida pelo governador Carlos Massa Ratinho Junior e refor\u00e7ou [&hellip;]\" \/>\n<meta property=\"og:url\" content=\"https:\/\/soldadoadrianojose.com.br\/index.php\/2026\/03\/12\/deputado-adriano-jose-reforca-parceria-entre-estado-e-municipios-durante-anuncio-de-r-290-milhoes-para-infraestrutura-rural-em-umuarama\/\" \/>\n<meta property=\"og:site_name\" content=\"Deputado Adriano Jos\u00e9\" \/>\n<meta property=\"article:published_time\" content=\"2026-03-13T02:43:51+00:00\" \/>\n<meta property=\"og:image\" content=\"https:\/\/soldadoadrianojose.com.br\/wp-content\/uploads\/2026\/03\/expo_umuarama_foto_rdziura-9752_0-scaled.jpg\" \/>\n\t<meta property=\"og:image:width\" content=\"2560\" \/>\n\t<meta property=\"og:image:height\" content=\"1707\" \/>\n\t<meta property=\"og:image:type\" content=\"image\/jpeg\" \/>\n<meta name=\"author\" content=\"Emanuellig admin2\" \/>\n<meta name=\"twitter:card\" content=\"summary_large_image\" \/>\n<meta name=\"twitter:label1\" content=\"Escrito por\" \/>\n\t<meta name=\"twitter:data1\" content=\"Emanuellig admin2\" \/>\n\t<meta name=\"twitter:label2\" content=\"Est. tempo de leitura\" \/>\n\t<meta name=\"twitter:data2\" content=\"3 minutos\" \/>\n<script type=\"application\/ld+json\" class=\"yoast-schema-graph\">{\"@context\":\"https:\\\/\\\/schema.org\",\"@graph\":[{\"@type\":\"Article\",\"@id\":\"https:\\\/\\\/soldadoadrianojose.com.br\\\/index.php\\\/2026\\\/03\\\/12\\\/deputado-adriano-jose-reforca-parceria-entre-estado-e-municipios-durante-anuncio-de-r-290-milhoes-para-infraestrutura-rural-em-umuarama\\\/#article\",\"isPartOf\":{\"@id\":\"https:\\\/\\\/soldadoadrianojose.com.br\\\/index.php\\\/2026\\\/03\\\/12\\\/deputado-adriano-jose-reforca-parceria-entre-estado-e-municipios-durante-anuncio-de-r-290-milhoes-para-infraestrutura-rural-em-umuarama\\\/\"},\"author\":{\"name\":\"Emanuellig admin2\",\"@id\":\"https:\\\/\\\/soldadoadrianojose.com.br\\\/#\\\/schema\\\/person\\\/cd48425bd7edd36fa5917c88fbe1cec5\"},\"headline\":\"Deputado Adriano Jos\u00e9 refor\u00e7a parceria entre Estado e munic\u00edpios durante an\u00fancio de R$ 290 milh\u00f5es para infraestrutura rural em Umuarama\",\"datePublished\":\"2026-03-13T02:43:51+00:00\",\"mainEntityOfPage\":{\"@id\":\"https:\\\/\\\/soldadoadrianojose.com.br\\\/index.php\\\/2026\\\/03\\\/12\\\/deputado-adriano-jose-reforca-parceria-entre-estado-e-municipios-durante-anuncio-de-r-290-milhoes-para-infraestrutura-rural-em-umuarama\\\/\"},\"wordCount\":421,\"commentCount\":0,\"publisher\":{\"@id\":\"https:\\\/\\\/soldadoadrianojose.com.br\\\/#\\\/schema\\\/person\\\/16f8e8defb7a4bd6c6082efcd1bdb6bb\"},\"image\":{\"@id\":\"https:\\\/\\\/soldadoadrianojose.com.br\\\/index.php\\\/2026\\\/03\\\/12\\\/deputado-adriano-jose-reforca-parceria-entre-estado-e-municipios-durante-anuncio-de-r-290-milhoes-para-infraestrutura-rural-em-umuarama\\\/#primaryimage\"},\"thumbnailUrl\":\"https:\\\/\\\/soldadoadrianojose.com.br\\\/wp-content\\\/uploads\\\/2026\\\/03\\\/expo_umuarama_foto_rdziura-9752_0-scaled.jpg\",\"articleSection\":[\"GABINETE SD\"],\"inLanguage\":\"pt-BR\",\"potentialAction\":[{\"@type\":\"CommentAction\",\"name\":\"Comment\",\"target\":[\"https:\\\/\\\/soldadoadrianojose.com.br\\\/index.php\\\/2026\\\/03\\\/12\\\/deputado-adriano-jose-reforca-parceria-entre-estado-e-municipios-durante-anuncio-de-r-290-milhoes-para-infraestrutura-rural-em-umuarama\\\/#respond\"]}]},{\"@type\":\"WebPage\",\"@id\":\"https:\\\/\\\/soldadoadrianojose.com.br\\\/index.php\\\/2026\\\/03\\\/12\\\/deputado-adriano-jose-reforca-parceria-entre-estado-e-municipios-durante-anuncio-de-r-290-milhoes-para-infraestrutura-rural-em-umuarama\\\/\",\"url\":\"https:\\\/\\\/soldadoadrianojose.com.br\\\/index.php\\\/2026\\\/03\\\/12\\\/deputado-adriano-jose-reforca-parceria-entre-estado-e-municipios-durante-anuncio-de-r-290-milhoes-para-infraestrutura-rural-em-umuarama\\\/\",\"name\":\"Deputado Adriano Jos\u00e9 refor\u00e7a parceria entre Estado e munic\u00edpios durante an\u00fancio de R$ 290 milh\u00f5es para infraestrutura rural em Umuarama - Deputado Adriano Jos\u00e9\",\"isPartOf\":{\"@id\":\"https:\\\/\\\/soldadoadrianojose.com.br\\\/#website\"},\"primaryImageOfPage\":{\"@id\":\"https:\\\/\\\/soldadoadrianojose.com.br\\\/index.php\\\/2026\\\/03\\\/12\\\/deputado-adriano-jose-reforca-parceria-entre-estado-e-municipios-durante-anuncio-de-r-290-milhoes-para-infraestrutura-rural-em-umuarama\\\/#primaryimage\"},\"image\":{\"@id\":\"https:\\\/\\\/soldadoadrianojose.com.br\\\/index.php\\\/2026\\\/03\\\/12\\\/deputado-adriano-jose-reforca-parceria-entre-estado-e-municipios-durante-anuncio-de-r-290-milhoes-para-infraestrutura-rural-em-umuarama\\\/#primaryimage\"},\"thumbnailUrl\":\"https:\\\/\\\/soldadoadrianojose.com.br\\\/wp-content\\\/uploads\\\/2026\\\/03\\\/expo_umuarama_foto_rdziura-9752_0-scaled.jpg\",\"datePublished\":\"2026-03-13T02:43:51+00:00\",\"breadcrumb\":{\"@id\":\"https:\\\/\\\/soldadoadrianojose.com.br\\\/index.php\\\/2026\\\/03\\\/12\\\/deputado-adriano-jose-reforca-parceria-entre-estado-e-municipios-durante-anuncio-de-r-290-milhoes-para-infraestrutura-rural-em-umuarama\\\/#breadcrumb\"},\"inLanguage\":\"pt-BR\",\"potentialAction\":[{\"@type\":\"ReadAction\",\"target\":[\"https:\\\/\\\/soldadoadrianojose.com.br\\\/index.php\\\/2026\\\/03\\\/12\\\/deputado-adriano-jose-reforca-parceria-entre-estado-e-municipios-durante-anuncio-de-r-290-milhoes-para-infraestrutura-rural-em-umuarama\\\/\"]}]},{\"@type\":\"ImageObject\",\"inLanguage\":\"pt-BR\",\"@id\":\"https:\\\/\\\/soldadoadrianojose.com.br\\\/index.php\\\/2026\\\/03\\\/12\\\/deputado-adriano-jose-reforca-parceria-entre-estado-e-municipios-durante-anuncio-de-r-290-milhoes-para-infraestrutura-rural-em-umuarama\\\/#primaryimage\",\"url\":\"https:\\\/\\\/soldadoadrianojose.com.br\\\/wp-content\\\/uploads\\\/2026\\\/03\\\/expo_umuarama_foto_rdziura-9752_0-scaled.jpg\",\"contentUrl\":\"https:\\\/\\\/soldadoadrianojose.com.br\\\/wp-content\\\/uploads\\\/2026\\\/03\\\/expo_umuarama_foto_rdziura-9752_0-scaled.jpg\",\"width\":2560,\"height\":1707},{\"@type\":\"BreadcrumbList\",\"@id\":\"https:\\\/\\\/soldadoadrianojose.com.br\\\/index.php\\\/2026\\\/03\\\/12\\\/deputado-adriano-jose-reforca-parceria-entre-estado-e-municipios-durante-anuncio-de-r-290-milhoes-para-infraestrutura-rural-em-umuarama\\\/#breadcrumb\",\"itemListElement\":[{\"@type\":\"ListItem\",\"position\":1,\"name\":\"In\u00edcio\",\"item\":\"https:\\\/\\\/soldadoadrianojose.com.br\\\/\"},{\"@type\":\"ListItem\",\"position\":2,\"name\":\"Deputado Adriano Jos\u00e9 refor\u00e7a parceria entre Estado e munic\u00edpios durante an\u00fancio de R$ 290 milh\u00f5es para infraestrutura rural em Umuarama\"}]},{\"@type\":\"WebSite\",\"@id\":\"https:\\\/\\\/soldadoadrianojose.com.br\\\/#website\",\"url\":\"https:\\\/\\\/soldadoadrianojose.com.br\\\/\",\"name\":\"Deputado Adriano Jos\u00e9\",\"description\":\"Nosso trabalho \u00e9 pelas pessoas\",\"publisher\":{\"@id\":\"https:\\\/\\\/soldadoadrianojose.com.br\\\/#\\\/schema\\\/person\\\/16f8e8defb7a4bd6c6082efcd1bdb6bb\"},\"potentialAction\":[{\"@type\":\"SearchAction\",\"target\":{\"@type\":\"EntryPoint\",\"urlTemplate\":\"https:\\\/\\\/soldadoadrianojose.com.br\\\/?s={search_term_string}\"},\"query-input\":{\"@type\":\"PropertyValueSpecification\",\"valueRequired\":true,\"valueName\":\"search_term_string\"}}],\"inLanguage\":\"pt-BR\"},{\"@type\":[\"Person\",\"Organization\"],\"@id\":\"https:\\\/\\\/soldadoadrianojose.com.br\\\/#\\\/schema\\\/person\\\/16f8e8defb7a4bd6c6082efcd1bdb6bb\",\"name\":\"soldadoadrianojose\",\"image\":{\"@type\":\"ImageObject\",\"inLanguage\":\"pt-BR\",\"@id\":\"https:\\\/\\\/soldadoadrianojose.com.br\\\/wp-content\\\/uploads\\\/2023\\\/02\\\/LOGO_CLEAR-5.png\",\"url\":\"https:\\\/\\\/soldadoadrianojose.com.br\\\/wp-content\\\/uploads\\\/2023\\\/02\\\/LOGO_CLEAR-5.png\",\"contentUrl\":\"https:\\\/\\\/soldadoadrianojose.com.br\\\/wp-content\\\/uploads\\\/2023\\\/02\\\/LOGO_CLEAR-5.png\",\"width\":3508,\"height\":998,\"caption\":\"soldadoadrianojose\"},\"logo\":{\"@id\":\"https:\\\/\\\/soldadoadrianojose.com.br\\\/wp-content\\\/uploads\\\/2023\\\/02\\\/LOGO_CLEAR-5.png\"},\"sameAs\":[\"https:\\\/\\\/soldadoadrianojose.com.br\"]},{\"@type\":\"Person\",\"@id\":\"https:\\\/\\\/soldadoadrianojose.com.br\\\/#\\\/schema\\\/person\\\/cd48425bd7edd36fa5917c88fbe1cec5\",\"name\":\"Emanuellig admin2\",\"image\":{\"@type\":\"ImageObject\",\"inLanguage\":\"pt-BR\",\"@id\":\"https:\\\/\\\/soldadoadrianojose.com.br\\\/wp-content\\\/litespeed\\\/avatar\\\/235a59a115f40132a17fc909e61bc31d.jpg?ver=1777092356\",\"url\":\"https:\\\/\\\/soldadoadrianojose.com.br\\\/wp-content\\\/litespeed\\\/avatar\\\/235a59a115f40132a17fc909e61bc31d.jpg?ver=1777092356\",\"contentUrl\":\"https:\\\/\\\/soldadoadrianojose.com.br\\\/wp-content\\\/litespeed\\\/avatar\\\/235a59a115f40132a17fc909e61bc31d.jpg?ver=1777092356\",\"caption\":\"Emanuellig admin2\"},\"url\":\"https:\\\/\\\/soldadoadrianojose.com.br\\\/index.php\\\/author\\\/manu\\\/\"}]}<\/script>\n<!-- \/ Yoast SEO plugin. -->","yoast_head_json":{"title":"Deputado Adriano Jos\u00e9 refor\u00e7a parceria entre Estado e munic\u00edpios durante an\u00fancio de R$ 290 milh\u00f5es para infraestrutura rural em Umuarama - Deputado Adriano Jos\u00e9","robots":{"index":"index","follow":"follow","max-snippet":"max-snippet:-1","max-image-preview":"max-image-preview:large","max-video-preview":"max-video-preview:-1"},"canonical":"https:\/\/soldadoadrianojose.com.br\/index.php\/2026\/03\/12\/deputado-adriano-jose-reforca-parceria-entre-estado-e-municipios-durante-anuncio-de-r-290-milhoes-para-infraestrutura-rural-em-umuarama\/","og_locale":"pt_BR","og_type":"article","og_title":"Deputado Adriano Jos\u00e9 refor\u00e7a parceria entre Estado e munic\u00edpios durante an\u00fancio de R$ 290 milh\u00f5es para infraestrutura rural em Umuarama - Deputado Adriano Jos\u00e9","og_description":"O deputado estadual Adriano Jos\u00e9 representou a Assembleia Legislativa do Paran\u00e1 nesta quinta-feira (12), em Umuarama, durante o an\u00fancio de aproximadamente R$ 290 milh\u00f5es em investimentos voltados \u00e0 infraestrutura rural dos munic\u00edpios que integram a Associa\u00e7\u00e3o dos Munic\u00edpios do Entre Rios (Amerios). A agenda institucional foi conduzida pelo governador Carlos Massa Ratinho Junior e refor\u00e7ou [&hellip;]","og_url":"https:\/\/soldadoadrianojose.com.br\/index.php\/2026\/03\/12\/deputado-adriano-jose-reforca-parceria-entre-estado-e-municipios-durante-anuncio-de-r-290-milhoes-para-infraestrutura-rural-em-umuarama\/","og_site_name":"Deputado Adriano Jos\u00e9","article_published_time":"2026-03-13T02:43:51+00:00","og_image":[{"width":2560,"height":1707,"url":"https:\/\/soldadoadrianojose.com.br\/wp-content\/uploads\/2026\/03\/expo_umuarama_foto_rdziura-9752_0-scaled.jpg","type":"image\/jpeg"}],"author":"Emanuellig admin2","twitter_card":"summary_large_image","twitter_misc":{"Escrito por":"Emanuellig admin2","Est. tempo de leitura":"3 minutos"},"schema":{"@context":"https:\/\/schema.org","@graph":[{"@type":"Article","@id":"https:\/\/soldadoadrianojose.com.br\/index.php\/2026\/03\/12\/deputado-adriano-jose-reforca-parceria-entre-estado-e-municipios-durante-anuncio-de-r-290-milhoes-para-infraestrutura-rural-em-umuarama\/#article","isPartOf":{"@id":"https:\/\/soldadoadrianojose.com.br\/index.php\/2026\/03\/12\/deputado-adriano-jose-reforca-parceria-entre-estado-e-municipios-durante-anuncio-de-r-290-milhoes-para-infraestrutura-rural-em-umuarama\/"},"author":{"name":"Emanuellig admin2","@id":"https:\/\/soldadoadrianojose.com.br\/#\/schema\/person\/cd48425bd7edd36fa5917c88fbe1cec5"},"headline":"Deputado Adriano Jos\u00e9 refor\u00e7a parceria entre Estado e munic\u00edpios durante an\u00fancio de R$ 290 milh\u00f5es para infraestrutura rural em Umuarama","datePublished":"2026-03-13T02:43:51+00:00","mainEntityOfPage":{"@id":"https:\/\/soldadoadrianojose.com.br\/index.php\/2026\/03\/12\/deputado-adriano-jose-reforca-parceria-entre-estado-e-municipios-durante-anuncio-de-r-290-milhoes-para-infraestrutura-rural-em-umuarama\/"},"wordCount":421,"commentCount":0,"publisher":{"@id":"https:\/\/soldadoadrianojose.com.br\/#\/schema\/person\/16f8e8defb7a4bd6c6082efcd1bdb6bb"},"image":{"@id":"https:\/\/soldadoadrianojose.com.br\/index.php\/2026\/03\/12\/deputado-adriano-jose-reforca-parceria-entre-estado-e-municipios-durante-anuncio-de-r-290-milhoes-para-infraestrutura-rural-em-umuarama\/#primaryimage"},"thumbnailUrl":"https:\/\/soldadoadrianojose.com.br\/wp-content\/uploads\/2026\/03\/expo_umuarama_foto_rdziura-9752_0-scaled.jpg","articleSection":["GABINETE SD"],"inLanguage":"pt-BR","potentialAction":[{"@type":"CommentAction","name":"Comment","target":["https:\/\/soldadoadrianojose.com.br\/index.php\/2026\/03\/12\/deputado-adriano-jose-reforca-parceria-entre-estado-e-municipios-durante-anuncio-de-r-290-milhoes-para-infraestrutura-rural-em-umuarama\/#respond"]}]},{"@type":"WebPage","@id":"https:\/\/soldadoadrianojose.com.br\/index.php\/2026\/03\/12\/deputado-adriano-jose-reforca-parceria-entre-estado-e-municipios-durante-anuncio-de-r-290-milhoes-para-infraestrutura-rural-em-umuarama\/","url":"https:\/\/soldadoadrianojose.com.br\/index.php\/2026\/03\/12\/deputado-adriano-jose-reforca-parceria-entre-estado-e-municipios-durante-anuncio-de-r-290-milhoes-para-infraestrutura-rural-em-umuarama\/","name":"Deputado Adriano Jos\u00e9 refor\u00e7a parceria entre Estado e munic\u00edpios durante an\u00fancio de R$ 290 milh\u00f5es para infraestrutura rural em Umuarama - Deputado Adriano Jos\u00e9","isPartOf":{"@id":"https:\/\/soldadoadrianojose.com.br\/#website"},"primaryImageOfPage":{"@id":"https:\/\/soldadoadrianojose.com.br\/index.php\/2026\/03\/12\/deputado-adriano-jose-reforca-parceria-entre-estado-e-municipios-durante-anuncio-de-r-290-milhoes-para-infraestrutura-rural-em-umuarama\/#primaryimage"},"image":{"@id":"https:\/\/soldadoadrianojose.com.br\/index.php\/2026\/03\/12\/deputado-adriano-jose-reforca-parceria-entre-estado-e-municipios-durante-anuncio-de-r-290-milhoes-para-infraestrutura-rural-em-umuarama\/#primaryimage"},"thumbnailUrl":"https:\/\/soldadoadrianojose.com.br\/wp-content\/uploads\/2026\/03\/expo_umuarama_foto_rdziura-9752_0-scaled.jpg","datePublished":"2026-03-13T02:43:51+00:00","breadcrumb":{"@id":"https:\/\/soldadoadrianojose.com.br\/index.php\/2026\/03\/12\/deputado-adriano-jose-reforca-parceria-entre-estado-e-municipios-durante-anuncio-de-r-290-milhoes-para-infraestrutura-rural-em-umuarama\/#breadcrumb"},"inLanguage":"pt-BR","potentialAction":[{"@type":"ReadAction","target":["https:\/\/soldadoadrianojose.com.br\/index.php\/2026\/03\/12\/deputado-adriano-jose-reforca-parceria-entre-estado-e-municipios-durante-anuncio-de-r-290-milhoes-para-infraestrutura-rural-em-umuarama\/"]}]},{"@type":"ImageObject","inLanguage":"pt-BR","@id":"https:\/\/soldadoadrianojose.com.br\/index.php\/2026\/03\/12\/deputado-adriano-jose-reforca-parceria-entre-estado-e-municipios-durante-anuncio-de-r-290-milhoes-para-infraestrutura-rural-em-umuarama\/#primaryimage","url":"https:\/\/soldadoadrianojose.com.br\/wp-content\/uploads\/2026\/03\/expo_umuarama_foto_rdziura-9752_0-scaled.jpg","contentUrl":"https:\/\/soldadoadrianojose.com.br\/wp-content\/uploads\/2026\/03\/expo_umuarama_foto_rdziura-9752_0-scaled.jpg","width":2560,"height":1707},{"@type":"BreadcrumbList","@id":"https:\/\/soldadoadrianojose.com.br\/index.php\/2026\/03\/12\/deputado-adriano-jose-reforca-parceria-entre-estado-e-municipios-durante-anuncio-de-r-290-milhoes-para-infraestrutura-rural-em-umuarama\/#breadcrumb","itemListElement":[{"@type":"ListItem","position":1,"name":"In\u00edcio","item":"https:\/\/soldadoadrianojose.com.br\/"},{"@type":"ListItem","position":2,"name":"Deputado Adriano Jos\u00e9 refor\u00e7a parceria entre Estado e munic\u00edpios durante an\u00fancio de R$ 290 milh\u00f5es para infraestrutura rural em Umuarama"}]},{"@type":"WebSite","@id":"https:\/\/soldadoadrianojose.com.br\/#website","url":"https:\/\/soldadoadrianojose.com.br\/","name":"Deputado Adriano Jos\u00e9","description":"Nosso trabalho \u00e9 pelas pessoas","publisher":{"@id":"https:\/\/soldadoadrianojose.com.br\/#\/schema\/person\/16f8e8defb7a4bd6c6082efcd1bdb6bb"},"potentialAction":[{"@type":"SearchAction","target":{"@type":"EntryPoint","urlTemplate":"https:\/\/soldadoadrianojose.com.br\/?s={search_term_string}"},"query-input":{"@type":"PropertyValueSpecification","valueRequired":true,"valueName":"search_term_string"}}],"inLanguage":"pt-BR"},{"@type":["Person","Organization"],"@id":"https:\/\/soldadoadrianojose.com.br\/#\/schema\/person\/16f8e8defb7a4bd6c6082efcd1bdb6bb","name":"soldadoadrianojose","image":{"@type":"ImageObject","inLanguage":"pt-BR","@id":"https:\/\/soldadoadrianojose.com.br\/wp-content\/uploads\/2023\/02\/LOGO_CLEAR-5.png","url":"https:\/\/soldadoadrianojose.com.br\/wp-content\/uploads\/2023\/02\/LOGO_CLEAR-5.png","contentUrl":"https:\/\/soldadoadrianojose.com.br\/wp-content\/uploads\/2023\/02\/LOGO_CLEAR-5.png","width":3508,"height":998,"caption":"soldadoadrianojose"},"logo":{"@id":"https:\/\/soldadoadrianojose.com.br\/wp-content\/uploads\/2023\/02\/LOGO_CLEAR-5.png"},"sameAs":["https:\/\/soldadoadrianojose.com.br"]},{"@type":"Person","@id":"https:\/\/soldadoadrianojose.com.br\/#\/schema\/person\/cd48425bd7edd36fa5917c88fbe1cec5","name":"Emanuellig admin2","image":{"@type":"ImageObject","inLanguage":"pt-BR","@id":"https:\/\/soldadoadrianojose.com.br\/wp-content\/litespeed\/avatar\/235a59a115f40132a17fc909e61bc31d.jpg?ver=1777092356","url":"https:\/\/soldadoadrianojose.com.br\/wp-content\/litespeed\/avatar\/235a59a115f40132a17fc909e61bc31d.jpg?ver=1777092356","contentUrl":"https:\/\/soldadoadrianojose.com.br\/wp-content\/litespeed\/avatar\/235a59a115f40132a17fc909e61bc31d.jpg?ver=1777092356","caption":"Emanuellig admin2"},"url":"https:\/\/soldadoadrianojose.com.br\/index.php\/author\/manu\/"}]}},"jetpack_featured_media_url":"https:\/\/soldadoadrianojose.com.br\/wp-content\/uploads\/2026\/03\/expo_umuarama_foto_rdziura-9752_0-scaled.jpg","_links":{"self":[{"href":"https:\/\/soldadoadrianojose.com.br\/index.php\/wp-json\/wp\/v2\/posts\/4003","targetHints":{"allow":["GET"]}}],"collection":[{"href":"https:\/\/soldadoadrianojose.com.br\/index.php\/wp-json\/wp\/v2\/posts"}],"about":[{"href":"https:\/\/soldadoadrianojose.com.br\/index.php\/wp-json\/wp\/v2\/types\/post"}],"author":[{"embeddable":true,"href":"https:\/\/soldadoadrianojose.com.br\/index.php\/wp-json\/wp\/v2\/users\/3"}],"replies":[{"embeddable":true,"href":"https:\/\/soldadoadrianojose.com.br\/index.php\/wp-json\/wp\/v2\/comments?post=4003"}],"version-history":[{"count":1,"href":"https:\/\/soldadoadrianojose.com.br\/index.php\/wp-json\/wp\/v2\/posts\/4003\/revisions"}],"predecessor-version":[{"id":4004,"href":"https:\/\/soldadoadrianojose.com.br\/index.php\/wp-json\/wp\/v2\/posts\/4003\/revisions\/4004"}],"wp:featuredmedia":[{"embeddable":true,"href":"https:\/\/soldadoadrianojose.com.br\/index.php\/wp-json\/wp\/v2\/media\/4009"}],"wp:attachment":[{"href":"https:\/\/soldadoadrianojose.com.br\/index.php\/wp-json\/wp\/v2\/media?parent=4003"}],"wp:term":[{"taxonomy":"category","embeddable":true,"href":"https:\/\/soldadoadrianojose.com.br\/index.php\/wp-json\/wp\/v2\/categories?post=4003"},{"taxonomy":"post_tag","embeddable":true,"href":"https:\/\/soldadoadrianojose.com.br\/index.php\/wp-json\/wp\/v2\/tags?post=4003"}],"curies":[{"name":"wp","href":"https:\/\/api.w.org\/{rel}","templated":true}]}}