{"id":4010,"date":"2026-03-13T13:50:15","date_gmt":"2026-03-13T16:50:15","guid":{"rendered":"https:\/\/soldadoadrianojose.com.br\/?p=4010"},"modified":"2026-03-13T13:50:15","modified_gmt":"2026-03-13T16:50:15","slug":"deputado-adriano-jose-destaca-investimentos-do-estado-e-entrega-de-novo-viaduto-em-ipora","status":"publish","type":"post","link":"https:\/\/soldadoadrianojose.com.br\/index.php\/2026\/03\/13\/deputado-adriano-jose-destaca-investimentos-do-estado-e-entrega-de-novo-viaduto-em-ipora\/","title":{"rendered":"Deputado Adriano Jos\u00e9 destaca investimentos do Estado e entrega de novo viaduto em Ipor\u00e3"},"content":{"rendered":"<p>Representando a Assembleia Legislativa do Paran\u00e1, o deputado estadual Adriano Jos\u00e9 destaca a entrega de importantes investimentos em infraestrutura para o munic\u00edpio de Ipor\u00e3, no Noroeste do Estado. Nesta sexta-feira (13), o governador Carlos Massa Ratinho Junior inaugura o novo viaduto estadual sobre a PRC-272, obra que refor\u00e7a a mobilidade urbana e amplia a seguran\u00e7a no tr\u00e1fego da regi\u00e3o.<\/p>\n<p>&nbsp;<\/p>\n<p>A nova estrutura recebeu investimento de R$ 7,2 milh\u00f5es e foi projetada para facilitar o acesso dos moradores \u00e0 sede do munic\u00edpio, al\u00e9m de organizar o fluxo de ve\u00edculos em um ponto estrat\u00e9gico da rodovia. O viaduto tamb\u00e9m conta com ilumina\u00e7\u00e3o em LED, garantindo mais visibilidade e seguran\u00e7a para motoristas e pedestres que utilizam diariamente o trecho.<\/p>\n<p>Al\u00e9m da entrega do viaduto, o Governo do Estado formaliza autoriza\u00e7\u00f5es para pavimenta\u00e7\u00e3o de duas importantes estradas rurais: a Estrada Fl\u00f3rida Botura, com 4,6 quil\u00f4metros de extens\u00e3o, e a Estrada Estiva, com 10,9 quil\u00f4metros. As obras somam investimento de R$ 18,5 milh\u00f5es e devem melhorar as condi\u00e7\u00f5es de mobilidade na zona rural, beneficiando produtores e moradores da regi\u00e3o.<\/p>\n<p>&nbsp;<\/p>\n<p>Outro an\u00fancio importante envolve a confirma\u00e7\u00e3o de conv\u00eanios da Secretaria das Cidades que totalizam R$ 65 milh\u00f5es para Ipor\u00e3. Os recursos ser\u00e3o destinados \u00e0 constru\u00e7\u00e3o de um barrac\u00e3o industrial, moderniza\u00e7\u00e3o da ilumina\u00e7\u00e3o p\u00fablica com tecnologia LED, reforma do terminal rodovi\u00e1rio e novas obras de pavimenta\u00e7\u00e3o urbana.<\/p>\n<p>&nbsp;<\/p>\n<p>Para Adriano Jos\u00e9, os investimentos representam mais um avan\u00e7o concreto para o desenvolvimento regional. \u201cNosso trabalho na Assembleia Legislativa \u00e9 justamente fortalecer essa articula\u00e7\u00e3o com o Governo do Estado para que investimentos como esses cheguem aos munic\u00edpios. Ipor\u00e3 recebe hoje obras que melhoram a mobilidade, incentivam o desenvolvimento e garantem mais qualidade de vida para a popula\u00e7\u00e3o\u201d, afirmou o deputado. \u201cO governador Ratinho Junior tem demonstrado compromisso com todas as regi\u00f5es do Paran\u00e1, levando infraestrutura e oportunidades para quem mais precisa.\u201d<\/p>\n","protected":false},"excerpt":{"rendered":"<p>Representando a Assembleia Legislativa do Paran\u00e1, o deputado estadual Adriano Jos\u00e9 destaca a entrega de importantes investimentos em infraestrutura para o munic\u00edpio de Ipor\u00e3, no Noroeste do Estado. Nesta sexta-feira (13), o governador Carlos Massa Ratinho Junior inaugura o novo viaduto estadual sobre a PRC-272, obra que refor\u00e7a a mobilidade urbana e amplia a seguran\u00e7a [&hellip;]<\/p>\n","protected":false},"author":3,"featured_media":4012,"comment_status":"open","ping_status":"open","sticky":false,"template":"","format":"standard","meta":{"footnotes":""},"categories":[1],"tags":[],"class_list":["post-4010","post","type-post","status-publish","format-standard","has-post-thumbnail","hentry","category-gabinete-sd"],"yoast_head":"<!-- This site is optimized with the Yoast SEO plugin v27.4 - https:\/\/yoast.com\/product\/yoast-seo-wordpress\/ -->\n<title>Deputado Adriano Jos\u00e9 destaca investimentos do Estado e entrega de novo viaduto em Ipor\u00e3 - Deputado Adriano Jos\u00e9<\/title>\n<meta name=\"robots\" content=\"index, follow, max-snippet:-1, max-image-preview:large, max-video-preview:-1\" \/>\n<link rel=\"canonical\" href=\"https:\/\/soldadoadrianojose.com.br\/index.php\/2026\/03\/13\/deputado-adriano-jose-destaca-investimentos-do-estado-e-entrega-de-novo-viaduto-em-ipora\/\" \/>\n<meta property=\"og:locale\" content=\"pt_BR\" \/>\n<meta property=\"og:type\" content=\"article\" \/>\n<meta property=\"og:title\" content=\"Deputado Adriano Jos\u00e9 destaca investimentos do Estado e entrega de novo viaduto em Ipor\u00e3 - Deputado Adriano Jos\u00e9\" \/>\n<meta property=\"og:description\" content=\"Representando a Assembleia Legislativa do Paran\u00e1, o deputado estadual Adriano Jos\u00e9 destaca a entrega de importantes investimentos em infraestrutura para o munic\u00edpio de Ipor\u00e3, no Noroeste do Estado. Nesta sexta-feira (13), o governador Carlos Massa Ratinho Junior inaugura o novo viaduto estadual sobre a PRC-272, obra que refor\u00e7a a mobilidade urbana e amplia a seguran\u00e7a [&hellip;]\" \/>\n<meta property=\"og:url\" content=\"https:\/\/soldadoadrianojose.com.br\/index.php\/2026\/03\/13\/deputado-adriano-jose-destaca-investimentos-do-estado-e-entrega-de-novo-viaduto-em-ipora\/\" \/>\n<meta property=\"og:site_name\" content=\"Deputado Adriano Jos\u00e9\" \/>\n<meta property=\"article:published_time\" content=\"2026-03-13T16:50:15+00:00\" \/>\n<meta property=\"og:image\" content=\"https:\/\/soldadoadrianojose.com.br\/wp-content\/uploads\/2026\/03\/20260313_agb_ipora-58-scaled.jpg\" \/>\n\t<meta property=\"og:image:width\" content=\"2560\" \/>\n\t<meta property=\"og:image:height\" content=\"1707\" \/>\n\t<meta property=\"og:image:type\" content=\"image\/jpeg\" \/>\n<meta name=\"author\" content=\"Emanuellig admin2\" \/>\n<meta name=\"twitter:card\" content=\"summary_large_image\" \/>\n<meta name=\"twitter:label1\" content=\"Escrito por\" \/>\n\t<meta name=\"twitter:data1\" content=\"Emanuellig admin2\" \/>\n\t<meta name=\"twitter:label2\" content=\"Est. tempo de leitura\" \/>\n\t<meta name=\"twitter:data2\" content=\"2 minutos\" \/>\n<script type=\"application\/ld+json\" class=\"yoast-schema-graph\">{\"@context\":\"https:\\\/\\\/schema.org\",\"@graph\":[{\"@type\":\"Article\",\"@id\":\"https:\\\/\\\/soldadoadrianojose.com.br\\\/index.php\\\/2026\\\/03\\\/13\\\/deputado-adriano-jose-destaca-investimentos-do-estado-e-entrega-de-novo-viaduto-em-ipora\\\/#article\",\"isPartOf\":{\"@id\":\"https:\\\/\\\/soldadoadrianojose.com.br\\\/index.php\\\/2026\\\/03\\\/13\\\/deputado-adriano-jose-destaca-investimentos-do-estado-e-entrega-de-novo-viaduto-em-ipora\\\/\"},\"author\":{\"name\":\"Emanuellig admin2\",\"@id\":\"https:\\\/\\\/soldadoadrianojose.com.br\\\/#\\\/schema\\\/person\\\/cd48425bd7edd36fa5917c88fbe1cec5\"},\"headline\":\"Deputado Adriano Jos\u00e9 destaca investimentos do Estado e entrega de novo viaduto em Ipor\u00e3\",\"datePublished\":\"2026-03-13T16:50:15+00:00\",\"mainEntityOfPage\":{\"@id\":\"https:\\\/\\\/soldadoadrianojose.com.br\\\/index.php\\\/2026\\\/03\\\/13\\\/deputado-adriano-jose-destaca-investimentos-do-estado-e-entrega-de-novo-viaduto-em-ipora\\\/\"},\"wordCount\":349,\"commentCount\":0,\"publisher\":{\"@id\":\"https:\\\/\\\/soldadoadrianojose.com.br\\\/#\\\/schema\\\/person\\\/16f8e8defb7a4bd6c6082efcd1bdb6bb\"},\"image\":{\"@id\":\"https:\\\/\\\/soldadoadrianojose.com.br\\\/index.php\\\/2026\\\/03\\\/13\\\/deputado-adriano-jose-destaca-investimentos-do-estado-e-entrega-de-novo-viaduto-em-ipora\\\/#primaryimage\"},\"thumbnailUrl\":\"https:\\\/\\\/soldadoadrianojose.com.br\\\/wp-content\\\/uploads\\\/2026\\\/03\\\/20260313_agb_ipora-58-scaled.jpg\",\"articleSection\":[\"GABINETE SD\"],\"inLanguage\":\"pt-BR\",\"potentialAction\":[{\"@type\":\"CommentAction\",\"name\":\"Comment\",\"target\":[\"https:\\\/\\\/soldadoadrianojose.com.br\\\/index.php\\\/2026\\\/03\\\/13\\\/deputado-adriano-jose-destaca-investimentos-do-estado-e-entrega-de-novo-viaduto-em-ipora\\\/#respond\"]}]},{\"@type\":\"WebPage\",\"@id\":\"https:\\\/\\\/soldadoadrianojose.com.br\\\/index.php\\\/2026\\\/03\\\/13\\\/deputado-adriano-jose-destaca-investimentos-do-estado-e-entrega-de-novo-viaduto-em-ipora\\\/\",\"url\":\"https:\\\/\\\/soldadoadrianojose.com.br\\\/index.php\\\/2026\\\/03\\\/13\\\/deputado-adriano-jose-destaca-investimentos-do-estado-e-entrega-de-novo-viaduto-em-ipora\\\/\",\"name\":\"Deputado Adriano Jos\u00e9 destaca investimentos do Estado e entrega de novo viaduto em Ipor\u00e3 - Deputado Adriano Jos\u00e9\",\"isPartOf\":{\"@id\":\"https:\\\/\\\/soldadoadrianojose.com.br\\\/#website\"},\"primaryImageOfPage\":{\"@id\":\"https:\\\/\\\/soldadoadrianojose.com.br\\\/index.php\\\/2026\\\/03\\\/13\\\/deputado-adriano-jose-destaca-investimentos-do-estado-e-entrega-de-novo-viaduto-em-ipora\\\/#primaryimage\"},\"image\":{\"@id\":\"https:\\\/\\\/soldadoadrianojose.com.br\\\/index.php\\\/2026\\\/03\\\/13\\\/deputado-adriano-jose-destaca-investimentos-do-estado-e-entrega-de-novo-viaduto-em-ipora\\\/#primaryimage\"},\"thumbnailUrl\":\"https:\\\/\\\/soldadoadrianojose.com.br\\\/wp-content\\\/uploads\\\/2026\\\/03\\\/20260313_agb_ipora-58-scaled.jpg\",\"datePublished\":\"2026-03-13T16:50:15+00:00\",\"breadcrumb\":{\"@id\":\"https:\\\/\\\/soldadoadrianojose.com.br\\\/index.php\\\/2026\\\/03\\\/13\\\/deputado-adriano-jose-destaca-investimentos-do-estado-e-entrega-de-novo-viaduto-em-ipora\\\/#breadcrumb\"},\"inLanguage\":\"pt-BR\",\"potentialAction\":[{\"@type\":\"ReadAction\",\"target\":[\"https:\\\/\\\/soldadoadrianojose.com.br\\\/index.php\\\/2026\\\/03\\\/13\\\/deputado-adriano-jose-destaca-investimentos-do-estado-e-entrega-de-novo-viaduto-em-ipora\\\/\"]}]},{\"@type\":\"ImageObject\",\"inLanguage\":\"pt-BR\",\"@id\":\"https:\\\/\\\/soldadoadrianojose.com.br\\\/index.php\\\/2026\\\/03\\\/13\\\/deputado-adriano-jose-destaca-investimentos-do-estado-e-entrega-de-novo-viaduto-em-ipora\\\/#primaryimage\",\"url\":\"https:\\\/\\\/soldadoadrianojose.com.br\\\/wp-content\\\/uploads\\\/2026\\\/03\\\/20260313_agb_ipora-58-scaled.jpg\",\"contentUrl\":\"https:\\\/\\\/soldadoadrianojose.com.br\\\/wp-content\\\/uploads\\\/2026\\\/03\\\/20260313_agb_ipora-58-scaled.jpg\",\"width\":2560,\"height\":1707,\"caption\":\"O governador Carlos Massa Ratinho Junior inaugura nesta sexta-feira (13) o novo viaduto estadual sobre a PRC-272 em Ipor\u00e3\"},{\"@type\":\"BreadcrumbList\",\"@id\":\"https:\\\/\\\/soldadoadrianojose.com.br\\\/index.php\\\/2026\\\/03\\\/13\\\/deputado-adriano-jose-destaca-investimentos-do-estado-e-entrega-de-novo-viaduto-em-ipora\\\/#breadcrumb\",\"itemListElement\":[{\"@type\":\"ListItem\",\"position\":1,\"name\":\"In\u00edcio\",\"item\":\"https:\\\/\\\/soldadoadrianojose.com.br\\\/\"},{\"@type\":\"ListItem\",\"position\":2,\"name\":\"Deputado Adriano Jos\u00e9 destaca investimentos do Estado e entrega de novo viaduto em Ipor\u00e3\"}]},{\"@type\":\"WebSite\",\"@id\":\"https:\\\/\\\/soldadoadrianojose.com.br\\\/#website\",\"url\":\"https:\\\/\\\/soldadoadrianojose.com.br\\\/\",\"name\":\"Deputado Adriano Jos\u00e9\",\"description\":\"Nosso trabalho \u00e9 pelas pessoas\",\"publisher\":{\"@id\":\"https:\\\/\\\/soldadoadrianojose.com.br\\\/#\\\/schema\\\/person\\\/16f8e8defb7a4bd6c6082efcd1bdb6bb\"},\"potentialAction\":[{\"@type\":\"SearchAction\",\"target\":{\"@type\":\"EntryPoint\",\"urlTemplate\":\"https:\\\/\\\/soldadoadrianojose.com.br\\\/?s={search_term_string}\"},\"query-input\":{\"@type\":\"PropertyValueSpecification\",\"valueRequired\":true,\"valueName\":\"search_term_string\"}}],\"inLanguage\":\"pt-BR\"},{\"@type\":[\"Person\",\"Organization\"],\"@id\":\"https:\\\/\\\/soldadoadrianojose.com.br\\\/#\\\/schema\\\/person\\\/16f8e8defb7a4bd6c6082efcd1bdb6bb\",\"name\":\"soldadoadrianojose\",\"image\":{\"@type\":\"ImageObject\",\"inLanguage\":\"pt-BR\",\"@id\":\"https:\\\/\\\/soldadoadrianojose.com.br\\\/wp-content\\\/uploads\\\/2023\\\/02\\\/LOGO_CLEAR-5.png\",\"url\":\"https:\\\/\\\/soldadoadrianojose.com.br\\\/wp-content\\\/uploads\\\/2023\\\/02\\\/LOGO_CLEAR-5.png\",\"contentUrl\":\"https:\\\/\\\/soldadoadrianojose.com.br\\\/wp-content\\\/uploads\\\/2023\\\/02\\\/LOGO_CLEAR-5.png\",\"width\":3508,\"height\":998,\"caption\":\"soldadoadrianojose\"},\"logo\":{\"@id\":\"https:\\\/\\\/soldadoadrianojose.com.br\\\/wp-content\\\/uploads\\\/2023\\\/02\\\/LOGO_CLEAR-5.png\"},\"sameAs\":[\"https:\\\/\\\/soldadoadrianojose.com.br\"]},{\"@type\":\"Person\",\"@id\":\"https:\\\/\\\/soldadoadrianojose.com.br\\\/#\\\/schema\\\/person\\\/cd48425bd7edd36fa5917c88fbe1cec5\",\"name\":\"Emanuellig admin2\",\"image\":{\"@type\":\"ImageObject\",\"inLanguage\":\"pt-BR\",\"@id\":\"https:\\\/\\\/soldadoadrianojose.com.br\\\/wp-content\\\/litespeed\\\/avatar\\\/235a59a115f40132a17fc909e61bc31d.jpg?ver=1777092356\",\"url\":\"https:\\\/\\\/soldadoadrianojose.com.br\\\/wp-content\\\/litespeed\\\/avatar\\\/235a59a115f40132a17fc909e61bc31d.jpg?ver=1777092356\",\"contentUrl\":\"https:\\\/\\\/soldadoadrianojose.com.br\\\/wp-content\\\/litespeed\\\/avatar\\\/235a59a115f40132a17fc909e61bc31d.jpg?ver=1777092356\",\"caption\":\"Emanuellig admin2\"},\"url\":\"https:\\\/\\\/soldadoadrianojose.com.br\\\/index.php\\\/author\\\/manu\\\/\"}]}<\/script>\n<!-- \/ Yoast SEO plugin. -->","yoast_head_json":{"title":"Deputado Adriano Jos\u00e9 destaca investimentos do Estado e entrega de novo viaduto em Ipor\u00e3 - Deputado Adriano Jos\u00e9","robots":{"index":"index","follow":"follow","max-snippet":"max-snippet:-1","max-image-preview":"max-image-preview:large","max-video-preview":"max-video-preview:-1"},"canonical":"https:\/\/soldadoadrianojose.com.br\/index.php\/2026\/03\/13\/deputado-adriano-jose-destaca-investimentos-do-estado-e-entrega-de-novo-viaduto-em-ipora\/","og_locale":"pt_BR","og_type":"article","og_title":"Deputado Adriano Jos\u00e9 destaca investimentos do Estado e entrega de novo viaduto em Ipor\u00e3 - Deputado Adriano Jos\u00e9","og_description":"Representando a Assembleia Legislativa do Paran\u00e1, o deputado estadual Adriano Jos\u00e9 destaca a entrega de importantes investimentos em infraestrutura para o munic\u00edpio de Ipor\u00e3, no Noroeste do Estado. Nesta sexta-feira (13), o governador Carlos Massa Ratinho Junior inaugura o novo viaduto estadual sobre a PRC-272, obra que refor\u00e7a a mobilidade urbana e amplia a seguran\u00e7a [&hellip;]","og_url":"https:\/\/soldadoadrianojose.com.br\/index.php\/2026\/03\/13\/deputado-adriano-jose-destaca-investimentos-do-estado-e-entrega-de-novo-viaduto-em-ipora\/","og_site_name":"Deputado Adriano Jos\u00e9","article_published_time":"2026-03-13T16:50:15+00:00","og_image":[{"width":2560,"height":1707,"url":"https:\/\/soldadoadrianojose.com.br\/wp-content\/uploads\/2026\/03\/20260313_agb_ipora-58-scaled.jpg","type":"image\/jpeg"}],"author":"Emanuellig admin2","twitter_card":"summary_large_image","twitter_misc":{"Escrito por":"Emanuellig admin2","Est. tempo de leitura":"2 minutos"},"schema":{"@context":"https:\/\/schema.org","@graph":[{"@type":"Article","@id":"https:\/\/soldadoadrianojose.com.br\/index.php\/2026\/03\/13\/deputado-adriano-jose-destaca-investimentos-do-estado-e-entrega-de-novo-viaduto-em-ipora\/#article","isPartOf":{"@id":"https:\/\/soldadoadrianojose.com.br\/index.php\/2026\/03\/13\/deputado-adriano-jose-destaca-investimentos-do-estado-e-entrega-de-novo-viaduto-em-ipora\/"},"author":{"name":"Emanuellig admin2","@id":"https:\/\/soldadoadrianojose.com.br\/#\/schema\/person\/cd48425bd7edd36fa5917c88fbe1cec5"},"headline":"Deputado Adriano Jos\u00e9 destaca investimentos do Estado e entrega de novo viaduto em Ipor\u00e3","datePublished":"2026-03-13T16:50:15+00:00","mainEntityOfPage":{"@id":"https:\/\/soldadoadrianojose.com.br\/index.php\/2026\/03\/13\/deputado-adriano-jose-destaca-investimentos-do-estado-e-entrega-de-novo-viaduto-em-ipora\/"},"wordCount":349,"commentCount":0,"publisher":{"@id":"https:\/\/soldadoadrianojose.com.br\/#\/schema\/person\/16f8e8defb7a4bd6c6082efcd1bdb6bb"},"image":{"@id":"https:\/\/soldadoadrianojose.com.br\/index.php\/2026\/03\/13\/deputado-adriano-jose-destaca-investimentos-do-estado-e-entrega-de-novo-viaduto-em-ipora\/#primaryimage"},"thumbnailUrl":"https:\/\/soldadoadrianojose.com.br\/wp-content\/uploads\/2026\/03\/20260313_agb_ipora-58-scaled.jpg","articleSection":["GABINETE SD"],"inLanguage":"pt-BR","potentialAction":[{"@type":"CommentAction","name":"Comment","target":["https:\/\/soldadoadrianojose.com.br\/index.php\/2026\/03\/13\/deputado-adriano-jose-destaca-investimentos-do-estado-e-entrega-de-novo-viaduto-em-ipora\/#respond"]}]},{"@type":"WebPage","@id":"https:\/\/soldadoadrianojose.com.br\/index.php\/2026\/03\/13\/deputado-adriano-jose-destaca-investimentos-do-estado-e-entrega-de-novo-viaduto-em-ipora\/","url":"https:\/\/soldadoadrianojose.com.br\/index.php\/2026\/03\/13\/deputado-adriano-jose-destaca-investimentos-do-estado-e-entrega-de-novo-viaduto-em-ipora\/","name":"Deputado Adriano Jos\u00e9 destaca investimentos do Estado e entrega de novo viaduto em Ipor\u00e3 - Deputado Adriano Jos\u00e9","isPartOf":{"@id":"https:\/\/soldadoadrianojose.com.br\/#website"},"primaryImageOfPage":{"@id":"https:\/\/soldadoadrianojose.com.br\/index.php\/2026\/03\/13\/deputado-adriano-jose-destaca-investimentos-do-estado-e-entrega-de-novo-viaduto-em-ipora\/#primaryimage"},"image":{"@id":"https:\/\/soldadoadrianojose.com.br\/index.php\/2026\/03\/13\/deputado-adriano-jose-destaca-investimentos-do-estado-e-entrega-de-novo-viaduto-em-ipora\/#primaryimage"},"thumbnailUrl":"https:\/\/soldadoadrianojose.com.br\/wp-content\/uploads\/2026\/03\/20260313_agb_ipora-58-scaled.jpg","datePublished":"2026-03-13T16:50:15+00:00","breadcrumb":{"@id":"https:\/\/soldadoadrianojose.com.br\/index.php\/2026\/03\/13\/deputado-adriano-jose-destaca-investimentos-do-estado-e-entrega-de-novo-viaduto-em-ipora\/#breadcrumb"},"inLanguage":"pt-BR","potentialAction":[{"@type":"ReadAction","target":["https:\/\/soldadoadrianojose.com.br\/index.php\/2026\/03\/13\/deputado-adriano-jose-destaca-investimentos-do-estado-e-entrega-de-novo-viaduto-em-ipora\/"]}]},{"@type":"ImageObject","inLanguage":"pt-BR","@id":"https:\/\/soldadoadrianojose.com.br\/index.php\/2026\/03\/13\/deputado-adriano-jose-destaca-investimentos-do-estado-e-entrega-de-novo-viaduto-em-ipora\/#primaryimage","url":"https:\/\/soldadoadrianojose.com.br\/wp-content\/uploads\/2026\/03\/20260313_agb_ipora-58-scaled.jpg","contentUrl":"https:\/\/soldadoadrianojose.com.br\/wp-content\/uploads\/2026\/03\/20260313_agb_ipora-58-scaled.jpg","width":2560,"height":1707,"caption":"O governador Carlos Massa Ratinho Junior inaugura nesta sexta-feira (13) o novo viaduto estadual sobre a PRC-272 em Ipor\u00e3"},{"@type":"BreadcrumbList","@id":"https:\/\/soldadoadrianojose.com.br\/index.php\/2026\/03\/13\/deputado-adriano-jose-destaca-investimentos-do-estado-e-entrega-de-novo-viaduto-em-ipora\/#breadcrumb","itemListElement":[{"@type":"ListItem","position":1,"name":"In\u00edcio","item":"https:\/\/soldadoadrianojose.com.br\/"},{"@type":"ListItem","position":2,"name":"Deputado Adriano Jos\u00e9 destaca investimentos do Estado e entrega de novo viaduto em Ipor\u00e3"}]},{"@type":"WebSite","@id":"https:\/\/soldadoadrianojose.com.br\/#website","url":"https:\/\/soldadoadrianojose.com.br\/","name":"Deputado Adriano Jos\u00e9","description":"Nosso trabalho \u00e9 pelas pessoas","publisher":{"@id":"https:\/\/soldadoadrianojose.com.br\/#\/schema\/person\/16f8e8defb7a4bd6c6082efcd1bdb6bb"},"potentialAction":[{"@type":"SearchAction","target":{"@type":"EntryPoint","urlTemplate":"https:\/\/soldadoadrianojose.com.br\/?s={search_term_string}"},"query-input":{"@type":"PropertyValueSpecification","valueRequired":true,"valueName":"search_term_string"}}],"inLanguage":"pt-BR"},{"@type":["Person","Organization"],"@id":"https:\/\/soldadoadrianojose.com.br\/#\/schema\/person\/16f8e8defb7a4bd6c6082efcd1bdb6bb","name":"soldadoadrianojose","image":{"@type":"ImageObject","inLanguage":"pt-BR","@id":"https:\/\/soldadoadrianojose.com.br\/wp-content\/uploads\/2023\/02\/LOGO_CLEAR-5.png","url":"https:\/\/soldadoadrianojose.com.br\/wp-content\/uploads\/2023\/02\/LOGO_CLEAR-5.png","contentUrl":"https:\/\/soldadoadrianojose.com.br\/wp-content\/uploads\/2023\/02\/LOGO_CLEAR-5.png","width":3508,"height":998,"caption":"soldadoadrianojose"},"logo":{"@id":"https:\/\/soldadoadrianojose.com.br\/wp-content\/uploads\/2023\/02\/LOGO_CLEAR-5.png"},"sameAs":["https:\/\/soldadoadrianojose.com.br"]},{"@type":"Person","@id":"https:\/\/soldadoadrianojose.com.br\/#\/schema\/person\/cd48425bd7edd36fa5917c88fbe1cec5","name":"Emanuellig admin2","image":{"@type":"ImageObject","inLanguage":"pt-BR","@id":"https:\/\/soldadoadrianojose.com.br\/wp-content\/litespeed\/avatar\/235a59a115f40132a17fc909e61bc31d.jpg?ver=1777092356","url":"https:\/\/soldadoadrianojose.com.br\/wp-content\/litespeed\/avatar\/235a59a115f40132a17fc909e61bc31d.jpg?ver=1777092356","contentUrl":"https:\/\/soldadoadrianojose.com.br\/wp-content\/litespeed\/avatar\/235a59a115f40132a17fc909e61bc31d.jpg?ver=1777092356","caption":"Emanuellig admin2"},"url":"https:\/\/soldadoadrianojose.com.br\/index.php\/author\/manu\/"}]}},"jetpack_featured_media_url":"https:\/\/soldadoadrianojose.com.br\/wp-content\/uploads\/2026\/03\/20260313_agb_ipora-58-scaled.jpg","_links":{"self":[{"href":"https:\/\/soldadoadrianojose.com.br\/index.php\/wp-json\/wp\/v2\/posts\/4010","targetHints":{"allow":["GET"]}}],"collection":[{"href":"https:\/\/soldadoadrianojose.com.br\/index.php\/wp-json\/wp\/v2\/posts"}],"about":[{"href":"https:\/\/soldadoadrianojose.com.br\/index.php\/wp-json\/wp\/v2\/types\/post"}],"author":[{"embeddable":true,"href":"https:\/\/soldadoadrianojose.com.br\/index.php\/wp-json\/wp\/v2\/users\/3"}],"replies":[{"embeddable":true,"href":"https:\/\/soldadoadrianojose.com.br\/index.php\/wp-json\/wp\/v2\/comments?post=4010"}],"version-history":[{"count":1,"href":"https:\/\/soldadoadrianojose.com.br\/index.php\/wp-json\/wp\/v2\/posts\/4010\/revisions"}],"predecessor-version":[{"id":4011,"href":"https:\/\/soldadoadrianojose.com.br\/index.php\/wp-json\/wp\/v2\/posts\/4010\/revisions\/4011"}],"wp:featuredmedia":[{"embeddable":true,"href":"https:\/\/soldadoadrianojose.com.br\/index.php\/wp-json\/wp\/v2\/media\/4012"}],"wp:attachment":[{"href":"https:\/\/soldadoadrianojose.com.br\/index.php\/wp-json\/wp\/v2\/media?parent=4010"}],"wp:term":[{"taxonomy":"category","embeddable":true,"href":"https:\/\/soldadoadrianojose.com.br\/index.php\/wp-json\/wp\/v2\/categories?post=4010"},{"taxonomy":"post_tag","embeddable":true,"href":"https:\/\/soldadoadrianojose.com.br\/index.php\/wp-json\/wp\/v2\/tags?post=4010"}],"curies":[{"name":"wp","href":"https:\/\/api.w.org\/{rel}","templated":true}]}}