{"id":4013,"date":"2026-03-13T20:15:03","date_gmt":"2026-03-13T23:15:03","guid":{"rendered":"https:\/\/soldadoadrianojose.com.br\/?p=4013"},"modified":"2026-03-13T20:17:05","modified_gmt":"2026-03-13T23:17:05","slug":"nova-sede-da-apae-e-entregue-em-nossa-senhora-das-gracas-com-apoio-do-deputado-adriano-jose","status":"publish","type":"post","link":"https:\/\/soldadoadrianojose.com.br\/index.php\/2026\/03\/13\/nova-sede-da-apae-e-entregue-em-nossa-senhora-das-gracas-com-apoio-do-deputado-adriano-jose\/","title":{"rendered":"Nova sede da Apae \u00e9 entregue em Nossa Senhora das Gra\u00e7as com apoio do deputado Adriano Jos\u00e9"},"content":{"rendered":"<p>Representando a Assembleia Legislativa do Paran\u00e1, o deputado estadual Adriano Jos\u00e9 esteve nesta sexta-feira (13) em Nossa Senhora das Gra\u00e7as para a entrega da nova sede da Associa\u00e7\u00e3o de Pais e Amigos dos Excepcionais (Apae), uma estrutura moderna voltada ao atendimento de pessoas com defici\u00eancia. A solenidade reuniu o governador Ratinho Junior, o vice-governador Darci Piana e o secret\u00e1rio das Cidades, Guto Silva, refor\u00e7ando o compromisso do Governo do Estado com o fortalecimento de pol\u00edticas p\u00fablicas voltadas \u00e0 inclus\u00e3o e ao atendimento especializado em todas as regi\u00f5es do Paran\u00e1.<\/p>\n<p>A nova sede foi viabilizada com investimento de R$ 1,5 milh\u00e3o por meio da Secretaria das Cidades e foi planejada para ampliar a qualidade dos servi\u00e7os oferecidos pela institui\u00e7\u00e3o. O pr\u00e9dio conta com quatro salas de aula, sala de fisioterapia e estimula\u00e7\u00e3o sensorial, consult\u00f3rios para atendimentos t\u00e9cnicos, sala dos professores, sala da pedagoga, al\u00e9m de banheiros adaptados e ambientes estruturados para garantir acessibilidade, conforto e acolhimento aos alunos e suas fam\u00edlias.<\/p>\n<p>Durante mais de duas d\u00e9cadas, a Apae desenvolveu suas atividades em um pr\u00e9dio cedido pela prefeitura municipal. Com a nova estrutura, a institui\u00e7\u00e3o passa a ter melhores condi\u00e7\u00f5es para expandir os atendimentos e fortalecer o trabalho realizado junto \u00e0s pessoas com defici\u00eancia no munic\u00edpio e na regi\u00e3o.<\/p>\n<p>Ao comentar a import\u00e2ncia da iniciativa, o deputado Adriano Jos\u00e9 destacou que investimentos em estruturas como essa representam avan\u00e7o social e humano para toda a comunidade. \u201cA Apae realiza um trabalho extraordin\u00e1rio e essencial. Garantir uma sede adequada significa oferecer dignidade, desenvolvimento e novas oportunidades para essas crian\u00e7as e suas fam\u00edlias que encontram na institui\u00e7\u00e3o apoio e acolhimento\u201d, afirmou.<\/p>\n<p>A entrega da nova estrutura tamb\u00e9m reuniu lideran\u00e7as locais, entre elas o prefeito Clodoaldo Rigieri, a vice-prefeita Dona Maria e os vereadores Adolfo Santos, Jeferson Perozini, Denny Hernandes Paz, Vanessa Salom\u00e3o, Roberio Ferreira, Jonas Ferreira Silva, Kleber Ludwig e Mirim do G\u00e1s, que celebraram a conquista para a cidade e para toda a comunidade atendida pela institui\u00e7\u00e3o.<\/p>\n","protected":false},"excerpt":{"rendered":"<p>Representando a Assembleia Legislativa do Paran\u00e1, o deputado estadual Adriano Jos\u00e9 esteve nesta sexta-feira (13) em Nossa Senhora das Gra\u00e7as para a entrega da nova sede da Associa\u00e7\u00e3o de Pais e Amigos dos Excepcionais (Apae), uma estrutura moderna voltada ao atendimento de pessoas com defici\u00eancia. A solenidade reuniu o governador Ratinho Junior, o vice-governador Darci [&hellip;]<\/p>\n","protected":false},"author":3,"featured_media":4016,"comment_status":"open","ping_status":"open","sticky":false,"template":"","format":"standard","meta":{"footnotes":""},"categories":[1],"tags":[],"class_list":["post-4013","post","type-post","status-publish","format-standard","has-post-thumbnail","hentry","category-gabinete-sd"],"yoast_head":"<!-- This site is optimized with the Yoast SEO plugin v27.4 - https:\/\/yoast.com\/product\/yoast-seo-wordpress\/ -->\n<title>Nova sede da Apae \u00e9 entregue em Nossa Senhora das Gra\u00e7as com apoio do deputado Adriano Jos\u00e9 - Deputado Adriano Jos\u00e9<\/title>\n<meta name=\"robots\" content=\"index, follow, max-snippet:-1, max-image-preview:large, max-video-preview:-1\" \/>\n<link rel=\"canonical\" href=\"https:\/\/soldadoadrianojose.com.br\/index.php\/2026\/03\/13\/nova-sede-da-apae-e-entregue-em-nossa-senhora-das-gracas-com-apoio-do-deputado-adriano-jose\/\" \/>\n<meta property=\"og:locale\" content=\"pt_BR\" \/>\n<meta property=\"og:type\" content=\"article\" \/>\n<meta property=\"og:title\" content=\"Nova sede da Apae \u00e9 entregue em Nossa Senhora das Gra\u00e7as com apoio do deputado Adriano Jos\u00e9 - Deputado Adriano Jos\u00e9\" \/>\n<meta property=\"og:description\" content=\"Representando a Assembleia Legislativa do Paran\u00e1, o deputado estadual Adriano Jos\u00e9 esteve nesta sexta-feira (13) em Nossa Senhora das Gra\u00e7as para a entrega da nova sede da Associa\u00e7\u00e3o de Pais e Amigos dos Excepcionais (Apae), uma estrutura moderna voltada ao atendimento de pessoas com defici\u00eancia. A solenidade reuniu o governador Ratinho Junior, o vice-governador Darci [&hellip;]\" \/>\n<meta property=\"og:url\" content=\"https:\/\/soldadoadrianojose.com.br\/index.php\/2026\/03\/13\/nova-sede-da-apae-e-entregue-em-nossa-senhora-das-gracas-com-apoio-do-deputado-adriano-jose\/\" \/>\n<meta property=\"og:site_name\" content=\"Deputado Adriano Jos\u00e9\" \/>\n<meta property=\"article:published_time\" content=\"2026-03-13T23:15:03+00:00\" \/>\n<meta property=\"article:modified_time\" content=\"2026-03-13T23:17:05+00:00\" \/>\n<meta property=\"og:image\" content=\"https:\/\/soldadoadrianojose.com.br\/wp-content\/uploads\/2026\/03\/080A4636-scaled.jpg\" \/>\n\t<meta property=\"og:image:width\" content=\"2560\" \/>\n\t<meta property=\"og:image:height\" content=\"1707\" \/>\n\t<meta property=\"og:image:type\" content=\"image\/jpeg\" \/>\n<meta name=\"author\" content=\"Emanuellig admin2\" \/>\n<meta name=\"twitter:card\" content=\"summary_large_image\" \/>\n<meta name=\"twitter:label1\" content=\"Escrito por\" \/>\n\t<meta name=\"twitter:data1\" content=\"Emanuellig admin2\" \/>\n\t<meta name=\"twitter:label2\" content=\"Est. tempo de leitura\" \/>\n\t<meta name=\"twitter:data2\" content=\"2 minutos\" \/>\n<script type=\"application\/ld+json\" class=\"yoast-schema-graph\">{\"@context\":\"https:\\\/\\\/schema.org\",\"@graph\":[{\"@type\":\"Article\",\"@id\":\"https:\\\/\\\/soldadoadrianojose.com.br\\\/index.php\\\/2026\\\/03\\\/13\\\/nova-sede-da-apae-e-entregue-em-nossa-senhora-das-gracas-com-apoio-do-deputado-adriano-jose\\\/#article\",\"isPartOf\":{\"@id\":\"https:\\\/\\\/soldadoadrianojose.com.br\\\/index.php\\\/2026\\\/03\\\/13\\\/nova-sede-da-apae-e-entregue-em-nossa-senhora-das-gracas-com-apoio-do-deputado-adriano-jose\\\/\"},\"author\":{\"name\":\"Emanuellig admin2\",\"@id\":\"https:\\\/\\\/soldadoadrianojose.com.br\\\/#\\\/schema\\\/person\\\/cd48425bd7edd36fa5917c88fbe1cec5\"},\"headline\":\"Nova sede da Apae \u00e9 entregue em Nossa Senhora das Gra\u00e7as com apoio do deputado Adriano Jos\u00e9\",\"datePublished\":\"2026-03-13T23:15:03+00:00\",\"dateModified\":\"2026-03-13T23:17:05+00:00\",\"mainEntityOfPage\":{\"@id\":\"https:\\\/\\\/soldadoadrianojose.com.br\\\/index.php\\\/2026\\\/03\\\/13\\\/nova-sede-da-apae-e-entregue-em-nossa-senhora-das-gracas-com-apoio-do-deputado-adriano-jose\\\/\"},\"wordCount\":373,\"commentCount\":0,\"publisher\":{\"@id\":\"https:\\\/\\\/soldadoadrianojose.com.br\\\/#\\\/schema\\\/person\\\/16f8e8defb7a4bd6c6082efcd1bdb6bb\"},\"image\":{\"@id\":\"https:\\\/\\\/soldadoadrianojose.com.br\\\/index.php\\\/2026\\\/03\\\/13\\\/nova-sede-da-apae-e-entregue-em-nossa-senhora-das-gracas-com-apoio-do-deputado-adriano-jose\\\/#primaryimage\"},\"thumbnailUrl\":\"https:\\\/\\\/soldadoadrianojose.com.br\\\/wp-content\\\/uploads\\\/2026\\\/03\\\/080A4636-scaled.jpg\",\"articleSection\":[\"GABINETE SD\"],\"inLanguage\":\"pt-BR\",\"potentialAction\":[{\"@type\":\"CommentAction\",\"name\":\"Comment\",\"target\":[\"https:\\\/\\\/soldadoadrianojose.com.br\\\/index.php\\\/2026\\\/03\\\/13\\\/nova-sede-da-apae-e-entregue-em-nossa-senhora-das-gracas-com-apoio-do-deputado-adriano-jose\\\/#respond\"]}]},{\"@type\":\"WebPage\",\"@id\":\"https:\\\/\\\/soldadoadrianojose.com.br\\\/index.php\\\/2026\\\/03\\\/13\\\/nova-sede-da-apae-e-entregue-em-nossa-senhora-das-gracas-com-apoio-do-deputado-adriano-jose\\\/\",\"url\":\"https:\\\/\\\/soldadoadrianojose.com.br\\\/index.php\\\/2026\\\/03\\\/13\\\/nova-sede-da-apae-e-entregue-em-nossa-senhora-das-gracas-com-apoio-do-deputado-adriano-jose\\\/\",\"name\":\"Nova sede da Apae \u00e9 entregue em Nossa Senhora das Gra\u00e7as com apoio do deputado Adriano Jos\u00e9 - Deputado Adriano Jos\u00e9\",\"isPartOf\":{\"@id\":\"https:\\\/\\\/soldadoadrianojose.com.br\\\/#website\"},\"primaryImageOfPage\":{\"@id\":\"https:\\\/\\\/soldadoadrianojose.com.br\\\/index.php\\\/2026\\\/03\\\/13\\\/nova-sede-da-apae-e-entregue-em-nossa-senhora-das-gracas-com-apoio-do-deputado-adriano-jose\\\/#primaryimage\"},\"image\":{\"@id\":\"https:\\\/\\\/soldadoadrianojose.com.br\\\/index.php\\\/2026\\\/03\\\/13\\\/nova-sede-da-apae-e-entregue-em-nossa-senhora-das-gracas-com-apoio-do-deputado-adriano-jose\\\/#primaryimage\"},\"thumbnailUrl\":\"https:\\\/\\\/soldadoadrianojose.com.br\\\/wp-content\\\/uploads\\\/2026\\\/03\\\/080A4636-scaled.jpg\",\"datePublished\":\"2026-03-13T23:15:03+00:00\",\"dateModified\":\"2026-03-13T23:17:05+00:00\",\"breadcrumb\":{\"@id\":\"https:\\\/\\\/soldadoadrianojose.com.br\\\/index.php\\\/2026\\\/03\\\/13\\\/nova-sede-da-apae-e-entregue-em-nossa-senhora-das-gracas-com-apoio-do-deputado-adriano-jose\\\/#breadcrumb\"},\"inLanguage\":\"pt-BR\",\"potentialAction\":[{\"@type\":\"ReadAction\",\"target\":[\"https:\\\/\\\/soldadoadrianojose.com.br\\\/index.php\\\/2026\\\/03\\\/13\\\/nova-sede-da-apae-e-entregue-em-nossa-senhora-das-gracas-com-apoio-do-deputado-adriano-jose\\\/\"]}]},{\"@type\":\"ImageObject\",\"inLanguage\":\"pt-BR\",\"@id\":\"https:\\\/\\\/soldadoadrianojose.com.br\\\/index.php\\\/2026\\\/03\\\/13\\\/nova-sede-da-apae-e-entregue-em-nossa-senhora-das-gracas-com-apoio-do-deputado-adriano-jose\\\/#primaryimage\",\"url\":\"https:\\\/\\\/soldadoadrianojose.com.br\\\/wp-content\\\/uploads\\\/2026\\\/03\\\/080A4636-scaled.jpg\",\"contentUrl\":\"https:\\\/\\\/soldadoadrianojose.com.br\\\/wp-content\\\/uploads\\\/2026\\\/03\\\/080A4636-scaled.jpg\",\"width\":2560,\"height\":1707},{\"@type\":\"BreadcrumbList\",\"@id\":\"https:\\\/\\\/soldadoadrianojose.com.br\\\/index.php\\\/2026\\\/03\\\/13\\\/nova-sede-da-apae-e-entregue-em-nossa-senhora-das-gracas-com-apoio-do-deputado-adriano-jose\\\/#breadcrumb\",\"itemListElement\":[{\"@type\":\"ListItem\",\"position\":1,\"name\":\"In\u00edcio\",\"item\":\"https:\\\/\\\/soldadoadrianojose.com.br\\\/\"},{\"@type\":\"ListItem\",\"position\":2,\"name\":\"Nova sede da Apae \u00e9 entregue em Nossa Senhora das Gra\u00e7as com apoio do deputado Adriano Jos\u00e9\"}]},{\"@type\":\"WebSite\",\"@id\":\"https:\\\/\\\/soldadoadrianojose.com.br\\\/#website\",\"url\":\"https:\\\/\\\/soldadoadrianojose.com.br\\\/\",\"name\":\"Deputado Adriano Jos\u00e9\",\"description\":\"Nosso trabalho \u00e9 pelas pessoas\",\"publisher\":{\"@id\":\"https:\\\/\\\/soldadoadrianojose.com.br\\\/#\\\/schema\\\/person\\\/16f8e8defb7a4bd6c6082efcd1bdb6bb\"},\"potentialAction\":[{\"@type\":\"SearchAction\",\"target\":{\"@type\":\"EntryPoint\",\"urlTemplate\":\"https:\\\/\\\/soldadoadrianojose.com.br\\\/?s={search_term_string}\"},\"query-input\":{\"@type\":\"PropertyValueSpecification\",\"valueRequired\":true,\"valueName\":\"search_term_string\"}}],\"inLanguage\":\"pt-BR\"},{\"@type\":[\"Person\",\"Organization\"],\"@id\":\"https:\\\/\\\/soldadoadrianojose.com.br\\\/#\\\/schema\\\/person\\\/16f8e8defb7a4bd6c6082efcd1bdb6bb\",\"name\":\"soldadoadrianojose\",\"image\":{\"@type\":\"ImageObject\",\"inLanguage\":\"pt-BR\",\"@id\":\"https:\\\/\\\/soldadoadrianojose.com.br\\\/wp-content\\\/uploads\\\/2023\\\/02\\\/LOGO_CLEAR-5.png\",\"url\":\"https:\\\/\\\/soldadoadrianojose.com.br\\\/wp-content\\\/uploads\\\/2023\\\/02\\\/LOGO_CLEAR-5.png\",\"contentUrl\":\"https:\\\/\\\/soldadoadrianojose.com.br\\\/wp-content\\\/uploads\\\/2023\\\/02\\\/LOGO_CLEAR-5.png\",\"width\":3508,\"height\":998,\"caption\":\"soldadoadrianojose\"},\"logo\":{\"@id\":\"https:\\\/\\\/soldadoadrianojose.com.br\\\/wp-content\\\/uploads\\\/2023\\\/02\\\/LOGO_CLEAR-5.png\"},\"sameAs\":[\"https:\\\/\\\/soldadoadrianojose.com.br\"]},{\"@type\":\"Person\",\"@id\":\"https:\\\/\\\/soldadoadrianojose.com.br\\\/#\\\/schema\\\/person\\\/cd48425bd7edd36fa5917c88fbe1cec5\",\"name\":\"Emanuellig admin2\",\"image\":{\"@type\":\"ImageObject\",\"inLanguage\":\"pt-BR\",\"@id\":\"https:\\\/\\\/soldadoadrianojose.com.br\\\/wp-content\\\/litespeed\\\/avatar\\\/235a59a115f40132a17fc909e61bc31d.jpg?ver=1777092356\",\"url\":\"https:\\\/\\\/soldadoadrianojose.com.br\\\/wp-content\\\/litespeed\\\/avatar\\\/235a59a115f40132a17fc909e61bc31d.jpg?ver=1777092356\",\"contentUrl\":\"https:\\\/\\\/soldadoadrianojose.com.br\\\/wp-content\\\/litespeed\\\/avatar\\\/235a59a115f40132a17fc909e61bc31d.jpg?ver=1777092356\",\"caption\":\"Emanuellig admin2\"},\"url\":\"https:\\\/\\\/soldadoadrianojose.com.br\\\/index.php\\\/author\\\/manu\\\/\"}]}<\/script>\n<!-- \/ Yoast SEO plugin. -->","yoast_head_json":{"title":"Nova sede da Apae \u00e9 entregue em Nossa Senhora das Gra\u00e7as com apoio do deputado Adriano Jos\u00e9 - Deputado Adriano Jos\u00e9","robots":{"index":"index","follow":"follow","max-snippet":"max-snippet:-1","max-image-preview":"max-image-preview:large","max-video-preview":"max-video-preview:-1"},"canonical":"https:\/\/soldadoadrianojose.com.br\/index.php\/2026\/03\/13\/nova-sede-da-apae-e-entregue-em-nossa-senhora-das-gracas-com-apoio-do-deputado-adriano-jose\/","og_locale":"pt_BR","og_type":"article","og_title":"Nova sede da Apae \u00e9 entregue em Nossa Senhora das Gra\u00e7as com apoio do deputado Adriano Jos\u00e9 - Deputado Adriano Jos\u00e9","og_description":"Representando a Assembleia Legislativa do Paran\u00e1, o deputado estadual Adriano Jos\u00e9 esteve nesta sexta-feira (13) em Nossa Senhora das Gra\u00e7as para a entrega da nova sede da Associa\u00e7\u00e3o de Pais e Amigos dos Excepcionais (Apae), uma estrutura moderna voltada ao atendimento de pessoas com defici\u00eancia. A solenidade reuniu o governador Ratinho Junior, o vice-governador Darci [&hellip;]","og_url":"https:\/\/soldadoadrianojose.com.br\/index.php\/2026\/03\/13\/nova-sede-da-apae-e-entregue-em-nossa-senhora-das-gracas-com-apoio-do-deputado-adriano-jose\/","og_site_name":"Deputado Adriano Jos\u00e9","article_published_time":"2026-03-13T23:15:03+00:00","article_modified_time":"2026-03-13T23:17:05+00:00","og_image":[{"width":2560,"height":1707,"url":"https:\/\/soldadoadrianojose.com.br\/wp-content\/uploads\/2026\/03\/080A4636-scaled.jpg","type":"image\/jpeg"}],"author":"Emanuellig admin2","twitter_card":"summary_large_image","twitter_misc":{"Escrito por":"Emanuellig admin2","Est. tempo de leitura":"2 minutos"},"schema":{"@context":"https:\/\/schema.org","@graph":[{"@type":"Article","@id":"https:\/\/soldadoadrianojose.com.br\/index.php\/2026\/03\/13\/nova-sede-da-apae-e-entregue-em-nossa-senhora-das-gracas-com-apoio-do-deputado-adriano-jose\/#article","isPartOf":{"@id":"https:\/\/soldadoadrianojose.com.br\/index.php\/2026\/03\/13\/nova-sede-da-apae-e-entregue-em-nossa-senhora-das-gracas-com-apoio-do-deputado-adriano-jose\/"},"author":{"name":"Emanuellig admin2","@id":"https:\/\/soldadoadrianojose.com.br\/#\/schema\/person\/cd48425bd7edd36fa5917c88fbe1cec5"},"headline":"Nova sede da Apae \u00e9 entregue em Nossa Senhora das Gra\u00e7as com apoio do deputado Adriano Jos\u00e9","datePublished":"2026-03-13T23:15:03+00:00","dateModified":"2026-03-13T23:17:05+00:00","mainEntityOfPage":{"@id":"https:\/\/soldadoadrianojose.com.br\/index.php\/2026\/03\/13\/nova-sede-da-apae-e-entregue-em-nossa-senhora-das-gracas-com-apoio-do-deputado-adriano-jose\/"},"wordCount":373,"commentCount":0,"publisher":{"@id":"https:\/\/soldadoadrianojose.com.br\/#\/schema\/person\/16f8e8defb7a4bd6c6082efcd1bdb6bb"},"image":{"@id":"https:\/\/soldadoadrianojose.com.br\/index.php\/2026\/03\/13\/nova-sede-da-apae-e-entregue-em-nossa-senhora-das-gracas-com-apoio-do-deputado-adriano-jose\/#primaryimage"},"thumbnailUrl":"https:\/\/soldadoadrianojose.com.br\/wp-content\/uploads\/2026\/03\/080A4636-scaled.jpg","articleSection":["GABINETE SD"],"inLanguage":"pt-BR","potentialAction":[{"@type":"CommentAction","name":"Comment","target":["https:\/\/soldadoadrianojose.com.br\/index.php\/2026\/03\/13\/nova-sede-da-apae-e-entregue-em-nossa-senhora-das-gracas-com-apoio-do-deputado-adriano-jose\/#respond"]}]},{"@type":"WebPage","@id":"https:\/\/soldadoadrianojose.com.br\/index.php\/2026\/03\/13\/nova-sede-da-apae-e-entregue-em-nossa-senhora-das-gracas-com-apoio-do-deputado-adriano-jose\/","url":"https:\/\/soldadoadrianojose.com.br\/index.php\/2026\/03\/13\/nova-sede-da-apae-e-entregue-em-nossa-senhora-das-gracas-com-apoio-do-deputado-adriano-jose\/","name":"Nova sede da Apae \u00e9 entregue em Nossa Senhora das Gra\u00e7as com apoio do deputado Adriano Jos\u00e9 - Deputado Adriano Jos\u00e9","isPartOf":{"@id":"https:\/\/soldadoadrianojose.com.br\/#website"},"primaryImageOfPage":{"@id":"https:\/\/soldadoadrianojose.com.br\/index.php\/2026\/03\/13\/nova-sede-da-apae-e-entregue-em-nossa-senhora-das-gracas-com-apoio-do-deputado-adriano-jose\/#primaryimage"},"image":{"@id":"https:\/\/soldadoadrianojose.com.br\/index.php\/2026\/03\/13\/nova-sede-da-apae-e-entregue-em-nossa-senhora-das-gracas-com-apoio-do-deputado-adriano-jose\/#primaryimage"},"thumbnailUrl":"https:\/\/soldadoadrianojose.com.br\/wp-content\/uploads\/2026\/03\/080A4636-scaled.jpg","datePublished":"2026-03-13T23:15:03+00:00","dateModified":"2026-03-13T23:17:05+00:00","breadcrumb":{"@id":"https:\/\/soldadoadrianojose.com.br\/index.php\/2026\/03\/13\/nova-sede-da-apae-e-entregue-em-nossa-senhora-das-gracas-com-apoio-do-deputado-adriano-jose\/#breadcrumb"},"inLanguage":"pt-BR","potentialAction":[{"@type":"ReadAction","target":["https:\/\/soldadoadrianojose.com.br\/index.php\/2026\/03\/13\/nova-sede-da-apae-e-entregue-em-nossa-senhora-das-gracas-com-apoio-do-deputado-adriano-jose\/"]}]},{"@type":"ImageObject","inLanguage":"pt-BR","@id":"https:\/\/soldadoadrianojose.com.br\/index.php\/2026\/03\/13\/nova-sede-da-apae-e-entregue-em-nossa-senhora-das-gracas-com-apoio-do-deputado-adriano-jose\/#primaryimage","url":"https:\/\/soldadoadrianojose.com.br\/wp-content\/uploads\/2026\/03\/080A4636-scaled.jpg","contentUrl":"https:\/\/soldadoadrianojose.com.br\/wp-content\/uploads\/2026\/03\/080A4636-scaled.jpg","width":2560,"height":1707},{"@type":"BreadcrumbList","@id":"https:\/\/soldadoadrianojose.com.br\/index.php\/2026\/03\/13\/nova-sede-da-apae-e-entregue-em-nossa-senhora-das-gracas-com-apoio-do-deputado-adriano-jose\/#breadcrumb","itemListElement":[{"@type":"ListItem","position":1,"name":"In\u00edcio","item":"https:\/\/soldadoadrianojose.com.br\/"},{"@type":"ListItem","position":2,"name":"Nova sede da Apae \u00e9 entregue em Nossa Senhora das Gra\u00e7as com apoio do deputado Adriano Jos\u00e9"}]},{"@type":"WebSite","@id":"https:\/\/soldadoadrianojose.com.br\/#website","url":"https:\/\/soldadoadrianojose.com.br\/","name":"Deputado Adriano Jos\u00e9","description":"Nosso trabalho \u00e9 pelas pessoas","publisher":{"@id":"https:\/\/soldadoadrianojose.com.br\/#\/schema\/person\/16f8e8defb7a4bd6c6082efcd1bdb6bb"},"potentialAction":[{"@type":"SearchAction","target":{"@type":"EntryPoint","urlTemplate":"https:\/\/soldadoadrianojose.com.br\/?s={search_term_string}"},"query-input":{"@type":"PropertyValueSpecification","valueRequired":true,"valueName":"search_term_string"}}],"inLanguage":"pt-BR"},{"@type":["Person","Organization"],"@id":"https:\/\/soldadoadrianojose.com.br\/#\/schema\/person\/16f8e8defb7a4bd6c6082efcd1bdb6bb","name":"soldadoadrianojose","image":{"@type":"ImageObject","inLanguage":"pt-BR","@id":"https:\/\/soldadoadrianojose.com.br\/wp-content\/uploads\/2023\/02\/LOGO_CLEAR-5.png","url":"https:\/\/soldadoadrianojose.com.br\/wp-content\/uploads\/2023\/02\/LOGO_CLEAR-5.png","contentUrl":"https:\/\/soldadoadrianojose.com.br\/wp-content\/uploads\/2023\/02\/LOGO_CLEAR-5.png","width":3508,"height":998,"caption":"soldadoadrianojose"},"logo":{"@id":"https:\/\/soldadoadrianojose.com.br\/wp-content\/uploads\/2023\/02\/LOGO_CLEAR-5.png"},"sameAs":["https:\/\/soldadoadrianojose.com.br"]},{"@type":"Person","@id":"https:\/\/soldadoadrianojose.com.br\/#\/schema\/person\/cd48425bd7edd36fa5917c88fbe1cec5","name":"Emanuellig admin2","image":{"@type":"ImageObject","inLanguage":"pt-BR","@id":"https:\/\/soldadoadrianojose.com.br\/wp-content\/litespeed\/avatar\/235a59a115f40132a17fc909e61bc31d.jpg?ver=1777092356","url":"https:\/\/soldadoadrianojose.com.br\/wp-content\/litespeed\/avatar\/235a59a115f40132a17fc909e61bc31d.jpg?ver=1777092356","contentUrl":"https:\/\/soldadoadrianojose.com.br\/wp-content\/litespeed\/avatar\/235a59a115f40132a17fc909e61bc31d.jpg?ver=1777092356","caption":"Emanuellig admin2"},"url":"https:\/\/soldadoadrianojose.com.br\/index.php\/author\/manu\/"}]}},"jetpack_featured_media_url":"https:\/\/soldadoadrianojose.com.br\/wp-content\/uploads\/2026\/03\/080A4636-scaled.jpg","_links":{"self":[{"href":"https:\/\/soldadoadrianojose.com.br\/index.php\/wp-json\/wp\/v2\/posts\/4013","targetHints":{"allow":["GET"]}}],"collection":[{"href":"https:\/\/soldadoadrianojose.com.br\/index.php\/wp-json\/wp\/v2\/posts"}],"about":[{"href":"https:\/\/soldadoadrianojose.com.br\/index.php\/wp-json\/wp\/v2\/types\/post"}],"author":[{"embeddable":true,"href":"https:\/\/soldadoadrianojose.com.br\/index.php\/wp-json\/wp\/v2\/users\/3"}],"replies":[{"embeddable":true,"href":"https:\/\/soldadoadrianojose.com.br\/index.php\/wp-json\/wp\/v2\/comments?post=4013"}],"version-history":[{"count":1,"href":"https:\/\/soldadoadrianojose.com.br\/index.php\/wp-json\/wp\/v2\/posts\/4013\/revisions"}],"predecessor-version":[{"id":4014,"href":"https:\/\/soldadoadrianojose.com.br\/index.php\/wp-json\/wp\/v2\/posts\/4013\/revisions\/4014"}],"wp:featuredmedia":[{"embeddable":true,"href":"https:\/\/soldadoadrianojose.com.br\/index.php\/wp-json\/wp\/v2\/media\/4016"}],"wp:attachment":[{"href":"https:\/\/soldadoadrianojose.com.br\/index.php\/wp-json\/wp\/v2\/media?parent=4013"}],"wp:term":[{"taxonomy":"category","embeddable":true,"href":"https:\/\/soldadoadrianojose.com.br\/index.php\/wp-json\/wp\/v2\/categories?post=4013"},{"taxonomy":"post_tag","embeddable":true,"href":"https:\/\/soldadoadrianojose.com.br\/index.php\/wp-json\/wp\/v2\/tags?post=4013"}],"curies":[{"name":"wp","href":"https:\/\/api.w.org\/{rel}","templated":true}]}}