{"id":4023,"date":"2026-03-16T11:29:34","date_gmt":"2026-03-16T14:29:34","guid":{"rendered":"https:\/\/soldadoadrianojose.com.br\/?p=4023"},"modified":"2026-03-16T11:29:34","modified_gmt":"2026-03-16T14:29:34","slug":"deputado-adriano-jose-anuncia-inicio-da-pavimentacao-entre-amapora-e-guairaca-apos-64-anos-de-espera","status":"publish","type":"post","link":"https:\/\/soldadoadrianojose.com.br\/index.php\/2026\/03\/16\/deputado-adriano-jose-anuncia-inicio-da-pavimentacao-entre-amapora-e-guairaca-apos-64-anos-de-espera\/","title":{"rendered":"Deputado Adriano Jos\u00e9 anuncia in\u00edcio da pavimenta\u00e7\u00e3o entre Amapor\u00e3 e Guaira\u00e7\u00e1 ap\u00f3s 64 anos de espera"},"content":{"rendered":"<p><span style=\"font-family: Calibri, sans-serif;\"><span style=\"font-size: medium;\">Ap\u00f3s mais de seis d\u00e9cadas de expectativa, a pavimenta\u00e7\u00e3o do trecho que liga os munic\u00edpios de Amapor\u00e3 e Guaira\u00e7\u00e1 come\u00e7ou a sair do papel. A obra, iniciada com a aplica\u00e7\u00e3o de blocos sextavados, representa um avan\u00e7o hist\u00f3rico para a mobilidade e o desenvolvimento regional. Com forte parceria no munic\u00edpio, o deputado estadual Adriano Jos\u00e9 destacou o significado da conquista para as fam\u00edlias da regi\u00e3o.<\/span><\/span><\/p>\n<p><span style=\"font-family: Calibri, sans-serif;\"><span style=\"font-size: medium;\">A iniciativa conta com o apoio do Governo do Estado e integra um conjunto de a\u00e7\u00f5es voltadas \u00e0 melhoria da infraestrutura rural e ao fortalecimento da economia local. Para Adriano Jos\u00e9, o projeto simboliza a uni\u00e3o de esfor\u00e7os entre lideran\u00e7as estaduais e municipais em prol de uma demanda antiga da popula\u00e7\u00e3o. \u201cDepois de 64 anos de espera, ver essa pavimenta\u00e7\u00e3o come\u00e7ar \u00e9 motivo de muita alegria. Esse \u00e9 um sonho que come\u00e7a a se transformar em realidade para as fam\u00edlias de Amapor\u00e3 e Guaira\u00e7\u00e1\u201d, afirmou o deputado.<\/span><\/span><\/p>\n<p><span style=\"font-family: Calibri, sans-serif;\"><span style=\"font-size: medium;\">Durante o an\u00fancio das obras, Adriano Jos\u00e9 tamb\u00e9m reconheceu o papel do governador Ratinho J\u00fanior e do secret\u00e1rio estadual da Agricultura, M\u00e1rcio Nunes, na viabiliza\u00e7\u00e3o do projeto. Segundo ele, a iniciativa exigiu coragem pol\u00edtica e planejamento t\u00e9cnico para sair do papel. \u201cQuero agradecer ao governador Ratinho J\u00fanior e ao secret\u00e1rio M\u00e1rcio Nunes pela coragem e pela iniciativa de enfrentar esse desafio, elaborar os projetos e garantir que essa obra se tornasse poss\u00edvel\u201d, ressaltou.<\/span><\/span><\/p>\n<p><span style=\"font-family: Calibri, sans-serif;\"><span style=\"font-size: medium;\">O deputado tamb\u00e9m destacou o empenho da gest\u00e3o municipal de Amapor\u00e3, liderada pelo prefeito Marcos Marin, al\u00e9m da atua\u00e7\u00e3o de vereadores e lideran\u00e7as locais que acompanharam o projeto desde o in\u00edcio. Para Adriano Jos\u00e9, o resultado \u00e9 fruto de um trabalho coletivo que envolveu diferentes setores da administra\u00e7\u00e3o p\u00fablica e representantes da comunidade.<\/span><\/span><\/p>\n<p>\u201c<span style=\"font-family: Calibri, sans-serif;\"><span style=\"font-size: medium;\">Quero parabenizar o prefeito Marquinho e todo o time que trabalhou intensamente para que esse sonho sa\u00edsse do papel. As fam\u00edlias de Amapor\u00e3 e Guaira\u00e7\u00e1 se sentem representadas e felizes com esse avan\u00e7o. Como deputado estadual, me sinto honrado em estar ao lado de pessoas comprometidas em transformar a vida da nossa gente\u201d, concluiu Adriano Jos\u00e9.<\/span><\/span><\/p>\n","protected":false},"excerpt":{"rendered":"<p>Ap\u00f3s mais de seis d\u00e9cadas de expectativa, a pavimenta\u00e7\u00e3o do trecho que liga os munic\u00edpios de Amapor\u00e3 e Guaira\u00e7\u00e1 come\u00e7ou a sair do papel. A obra, iniciada com a aplica\u00e7\u00e3o de blocos sextavados, representa um avan\u00e7o hist\u00f3rico para a mobilidade e o desenvolvimento regional. Com forte parceria no munic\u00edpio, o deputado estadual Adriano Jos\u00e9 destacou [&hellip;]<\/p>\n","protected":false},"author":3,"featured_media":4026,"comment_status":"open","ping_status":"open","sticky":false,"template":"","format":"standard","meta":{"footnotes":""},"categories":[1],"tags":[],"class_list":["post-4023","post","type-post","status-publish","format-standard","has-post-thumbnail","hentry","category-gabinete-sd"],"yoast_head":"<!-- This site is optimized with the Yoast SEO plugin v27.4 - https:\/\/yoast.com\/product\/yoast-seo-wordpress\/ -->\n<title>Deputado Adriano Jos\u00e9 anuncia in\u00edcio da pavimenta\u00e7\u00e3o entre Amapor\u00e3 e Guaira\u00e7\u00e1 ap\u00f3s 64 anos de espera - Deputado Adriano Jos\u00e9<\/title>\n<meta name=\"robots\" content=\"index, follow, max-snippet:-1, max-image-preview:large, max-video-preview:-1\" \/>\n<link rel=\"canonical\" href=\"https:\/\/soldadoadrianojose.com.br\/index.php\/2026\/03\/16\/deputado-adriano-jose-anuncia-inicio-da-pavimentacao-entre-amapora-e-guairaca-apos-64-anos-de-espera\/\" \/>\n<meta property=\"og:locale\" content=\"pt_BR\" \/>\n<meta property=\"og:type\" content=\"article\" \/>\n<meta property=\"og:title\" content=\"Deputado Adriano Jos\u00e9 anuncia in\u00edcio da pavimenta\u00e7\u00e3o entre Amapor\u00e3 e Guaira\u00e7\u00e1 ap\u00f3s 64 anos de espera - Deputado Adriano Jos\u00e9\" \/>\n<meta property=\"og:description\" content=\"Ap\u00f3s mais de seis d\u00e9cadas de expectativa, a pavimenta\u00e7\u00e3o do trecho que liga os munic\u00edpios de Amapor\u00e3 e Guaira\u00e7\u00e1 come\u00e7ou a sair do papel. A obra, iniciada com a aplica\u00e7\u00e3o de blocos sextavados, representa um avan\u00e7o hist\u00f3rico para a mobilidade e o desenvolvimento regional. Com forte parceria no munic\u00edpio, o deputado estadual Adriano Jos\u00e9 destacou [&hellip;]\" \/>\n<meta property=\"og:url\" content=\"https:\/\/soldadoadrianojose.com.br\/index.php\/2026\/03\/16\/deputado-adriano-jose-anuncia-inicio-da-pavimentacao-entre-amapora-e-guairaca-apos-64-anos-de-espera\/\" \/>\n<meta property=\"og:site_name\" content=\"Deputado Adriano Jos\u00e9\" \/>\n<meta property=\"article:published_time\" content=\"2026-03-16T14:29:34+00:00\" \/>\n<meta property=\"og:image\" content=\"https:\/\/soldadoadrianojose.com.br\/wp-content\/uploads\/2026\/03\/WhatsApp-Image-2026-03-16-at-11.27.42.jpeg\" \/>\n\t<meta property=\"og:image:width\" content=\"960\" \/>\n\t<meta property=\"og:image:height\" content=\"1280\" \/>\n\t<meta property=\"og:image:type\" content=\"image\/jpeg\" \/>\n<meta name=\"author\" content=\"Emanuellig admin2\" \/>\n<meta name=\"twitter:card\" content=\"summary_large_image\" \/>\n<meta name=\"twitter:label1\" content=\"Escrito por\" \/>\n\t<meta name=\"twitter:data1\" content=\"Emanuellig admin2\" \/>\n\t<meta name=\"twitter:label2\" content=\"Est. tempo de leitura\" \/>\n\t<meta name=\"twitter:data2\" content=\"3 minutos\" \/>\n<script type=\"application\/ld+json\" class=\"yoast-schema-graph\">{\"@context\":\"https:\\\/\\\/schema.org\",\"@graph\":[{\"@type\":\"Article\",\"@id\":\"https:\\\/\\\/soldadoadrianojose.com.br\\\/index.php\\\/2026\\\/03\\\/16\\\/deputado-adriano-jose-anuncia-inicio-da-pavimentacao-entre-amapora-e-guairaca-apos-64-anos-de-espera\\\/#article\",\"isPartOf\":{\"@id\":\"https:\\\/\\\/soldadoadrianojose.com.br\\\/index.php\\\/2026\\\/03\\\/16\\\/deputado-adriano-jose-anuncia-inicio-da-pavimentacao-entre-amapora-e-guairaca-apos-64-anos-de-espera\\\/\"},\"author\":{\"name\":\"Emanuellig admin2\",\"@id\":\"https:\\\/\\\/soldadoadrianojose.com.br\\\/#\\\/schema\\\/person\\\/cd48425bd7edd36fa5917c88fbe1cec5\"},\"headline\":\"Deputado Adriano Jos\u00e9 anuncia in\u00edcio da pavimenta\u00e7\u00e3o entre Amapor\u00e3 e Guaira\u00e7\u00e1 ap\u00f3s 64 anos de espera\",\"datePublished\":\"2026-03-16T14:29:34+00:00\",\"mainEntityOfPage\":{\"@id\":\"https:\\\/\\\/soldadoadrianojose.com.br\\\/index.php\\\/2026\\\/03\\\/16\\\/deputado-adriano-jose-anuncia-inicio-da-pavimentacao-entre-amapora-e-guairaca-apos-64-anos-de-espera\\\/\"},\"wordCount\":389,\"commentCount\":0,\"publisher\":{\"@id\":\"https:\\\/\\\/soldadoadrianojose.com.br\\\/#\\\/schema\\\/person\\\/16f8e8defb7a4bd6c6082efcd1bdb6bb\"},\"image\":{\"@id\":\"https:\\\/\\\/soldadoadrianojose.com.br\\\/index.php\\\/2026\\\/03\\\/16\\\/deputado-adriano-jose-anuncia-inicio-da-pavimentacao-entre-amapora-e-guairaca-apos-64-anos-de-espera\\\/#primaryimage\"},\"thumbnailUrl\":\"https:\\\/\\\/soldadoadrianojose.com.br\\\/wp-content\\\/uploads\\\/2026\\\/03\\\/WhatsApp-Image-2026-03-16-at-11.27.42.jpeg\",\"articleSection\":[\"GABINETE SD\"],\"inLanguage\":\"pt-BR\",\"potentialAction\":[{\"@type\":\"CommentAction\",\"name\":\"Comment\",\"target\":[\"https:\\\/\\\/soldadoadrianojose.com.br\\\/index.php\\\/2026\\\/03\\\/16\\\/deputado-adriano-jose-anuncia-inicio-da-pavimentacao-entre-amapora-e-guairaca-apos-64-anos-de-espera\\\/#respond\"]}]},{\"@type\":\"WebPage\",\"@id\":\"https:\\\/\\\/soldadoadrianojose.com.br\\\/index.php\\\/2026\\\/03\\\/16\\\/deputado-adriano-jose-anuncia-inicio-da-pavimentacao-entre-amapora-e-guairaca-apos-64-anos-de-espera\\\/\",\"url\":\"https:\\\/\\\/soldadoadrianojose.com.br\\\/index.php\\\/2026\\\/03\\\/16\\\/deputado-adriano-jose-anuncia-inicio-da-pavimentacao-entre-amapora-e-guairaca-apos-64-anos-de-espera\\\/\",\"name\":\"Deputado Adriano Jos\u00e9 anuncia in\u00edcio da pavimenta\u00e7\u00e3o entre Amapor\u00e3 e Guaira\u00e7\u00e1 ap\u00f3s 64 anos de espera - Deputado Adriano Jos\u00e9\",\"isPartOf\":{\"@id\":\"https:\\\/\\\/soldadoadrianojose.com.br\\\/#website\"},\"primaryImageOfPage\":{\"@id\":\"https:\\\/\\\/soldadoadrianojose.com.br\\\/index.php\\\/2026\\\/03\\\/16\\\/deputado-adriano-jose-anuncia-inicio-da-pavimentacao-entre-amapora-e-guairaca-apos-64-anos-de-espera\\\/#primaryimage\"},\"image\":{\"@id\":\"https:\\\/\\\/soldadoadrianojose.com.br\\\/index.php\\\/2026\\\/03\\\/16\\\/deputado-adriano-jose-anuncia-inicio-da-pavimentacao-entre-amapora-e-guairaca-apos-64-anos-de-espera\\\/#primaryimage\"},\"thumbnailUrl\":\"https:\\\/\\\/soldadoadrianojose.com.br\\\/wp-content\\\/uploads\\\/2026\\\/03\\\/WhatsApp-Image-2026-03-16-at-11.27.42.jpeg\",\"datePublished\":\"2026-03-16T14:29:34+00:00\",\"breadcrumb\":{\"@id\":\"https:\\\/\\\/soldadoadrianojose.com.br\\\/index.php\\\/2026\\\/03\\\/16\\\/deputado-adriano-jose-anuncia-inicio-da-pavimentacao-entre-amapora-e-guairaca-apos-64-anos-de-espera\\\/#breadcrumb\"},\"inLanguage\":\"pt-BR\",\"potentialAction\":[{\"@type\":\"ReadAction\",\"target\":[\"https:\\\/\\\/soldadoadrianojose.com.br\\\/index.php\\\/2026\\\/03\\\/16\\\/deputado-adriano-jose-anuncia-inicio-da-pavimentacao-entre-amapora-e-guairaca-apos-64-anos-de-espera\\\/\"]}]},{\"@type\":\"ImageObject\",\"inLanguage\":\"pt-BR\",\"@id\":\"https:\\\/\\\/soldadoadrianojose.com.br\\\/index.php\\\/2026\\\/03\\\/16\\\/deputado-adriano-jose-anuncia-inicio-da-pavimentacao-entre-amapora-e-guairaca-apos-64-anos-de-espera\\\/#primaryimage\",\"url\":\"https:\\\/\\\/soldadoadrianojose.com.br\\\/wp-content\\\/uploads\\\/2026\\\/03\\\/WhatsApp-Image-2026-03-16-at-11.27.42.jpeg\",\"contentUrl\":\"https:\\\/\\\/soldadoadrianojose.com.br\\\/wp-content\\\/uploads\\\/2026\\\/03\\\/WhatsApp-Image-2026-03-16-at-11.27.42.jpeg\",\"width\":960,\"height\":1280},{\"@type\":\"BreadcrumbList\",\"@id\":\"https:\\\/\\\/soldadoadrianojose.com.br\\\/index.php\\\/2026\\\/03\\\/16\\\/deputado-adriano-jose-anuncia-inicio-da-pavimentacao-entre-amapora-e-guairaca-apos-64-anos-de-espera\\\/#breadcrumb\",\"itemListElement\":[{\"@type\":\"ListItem\",\"position\":1,\"name\":\"In\u00edcio\",\"item\":\"https:\\\/\\\/soldadoadrianojose.com.br\\\/\"},{\"@type\":\"ListItem\",\"position\":2,\"name\":\"Deputado Adriano Jos\u00e9 anuncia in\u00edcio da pavimenta\u00e7\u00e3o entre Amapor\u00e3 e Guaira\u00e7\u00e1 ap\u00f3s 64 anos de espera\"}]},{\"@type\":\"WebSite\",\"@id\":\"https:\\\/\\\/soldadoadrianojose.com.br\\\/#website\",\"url\":\"https:\\\/\\\/soldadoadrianojose.com.br\\\/\",\"name\":\"Deputado Adriano Jos\u00e9\",\"description\":\"Nosso trabalho \u00e9 pelas pessoas\",\"publisher\":{\"@id\":\"https:\\\/\\\/soldadoadrianojose.com.br\\\/#\\\/schema\\\/person\\\/16f8e8defb7a4bd6c6082efcd1bdb6bb\"},\"potentialAction\":[{\"@type\":\"SearchAction\",\"target\":{\"@type\":\"EntryPoint\",\"urlTemplate\":\"https:\\\/\\\/soldadoadrianojose.com.br\\\/?s={search_term_string}\"},\"query-input\":{\"@type\":\"PropertyValueSpecification\",\"valueRequired\":true,\"valueName\":\"search_term_string\"}}],\"inLanguage\":\"pt-BR\"},{\"@type\":[\"Person\",\"Organization\"],\"@id\":\"https:\\\/\\\/soldadoadrianojose.com.br\\\/#\\\/schema\\\/person\\\/16f8e8defb7a4bd6c6082efcd1bdb6bb\",\"name\":\"soldadoadrianojose\",\"image\":{\"@type\":\"ImageObject\",\"inLanguage\":\"pt-BR\",\"@id\":\"https:\\\/\\\/soldadoadrianojose.com.br\\\/wp-content\\\/uploads\\\/2023\\\/02\\\/LOGO_CLEAR-5.png\",\"url\":\"https:\\\/\\\/soldadoadrianojose.com.br\\\/wp-content\\\/uploads\\\/2023\\\/02\\\/LOGO_CLEAR-5.png\",\"contentUrl\":\"https:\\\/\\\/soldadoadrianojose.com.br\\\/wp-content\\\/uploads\\\/2023\\\/02\\\/LOGO_CLEAR-5.png\",\"width\":3508,\"height\":998,\"caption\":\"soldadoadrianojose\"},\"logo\":{\"@id\":\"https:\\\/\\\/soldadoadrianojose.com.br\\\/wp-content\\\/uploads\\\/2023\\\/02\\\/LOGO_CLEAR-5.png\"},\"sameAs\":[\"https:\\\/\\\/soldadoadrianojose.com.br\"]},{\"@type\":\"Person\",\"@id\":\"https:\\\/\\\/soldadoadrianojose.com.br\\\/#\\\/schema\\\/person\\\/cd48425bd7edd36fa5917c88fbe1cec5\",\"name\":\"Emanuellig admin2\",\"image\":{\"@type\":\"ImageObject\",\"inLanguage\":\"pt-BR\",\"@id\":\"https:\\\/\\\/soldadoadrianojose.com.br\\\/wp-content\\\/litespeed\\\/avatar\\\/235a59a115f40132a17fc909e61bc31d.jpg?ver=1777092356\",\"url\":\"https:\\\/\\\/soldadoadrianojose.com.br\\\/wp-content\\\/litespeed\\\/avatar\\\/235a59a115f40132a17fc909e61bc31d.jpg?ver=1777092356\",\"contentUrl\":\"https:\\\/\\\/soldadoadrianojose.com.br\\\/wp-content\\\/litespeed\\\/avatar\\\/235a59a115f40132a17fc909e61bc31d.jpg?ver=1777092356\",\"caption\":\"Emanuellig admin2\"},\"url\":\"https:\\\/\\\/soldadoadrianojose.com.br\\\/index.php\\\/author\\\/manu\\\/\"}]}<\/script>\n<!-- \/ Yoast SEO plugin. -->","yoast_head_json":{"title":"Deputado Adriano Jos\u00e9 anuncia in\u00edcio da pavimenta\u00e7\u00e3o entre Amapor\u00e3 e Guaira\u00e7\u00e1 ap\u00f3s 64 anos de espera - Deputado Adriano Jos\u00e9","robots":{"index":"index","follow":"follow","max-snippet":"max-snippet:-1","max-image-preview":"max-image-preview:large","max-video-preview":"max-video-preview:-1"},"canonical":"https:\/\/soldadoadrianojose.com.br\/index.php\/2026\/03\/16\/deputado-adriano-jose-anuncia-inicio-da-pavimentacao-entre-amapora-e-guairaca-apos-64-anos-de-espera\/","og_locale":"pt_BR","og_type":"article","og_title":"Deputado Adriano Jos\u00e9 anuncia in\u00edcio da pavimenta\u00e7\u00e3o entre Amapor\u00e3 e Guaira\u00e7\u00e1 ap\u00f3s 64 anos de espera - Deputado Adriano Jos\u00e9","og_description":"Ap\u00f3s mais de seis d\u00e9cadas de expectativa, a pavimenta\u00e7\u00e3o do trecho que liga os munic\u00edpios de Amapor\u00e3 e Guaira\u00e7\u00e1 come\u00e7ou a sair do papel. A obra, iniciada com a aplica\u00e7\u00e3o de blocos sextavados, representa um avan\u00e7o hist\u00f3rico para a mobilidade e o desenvolvimento regional. Com forte parceria no munic\u00edpio, o deputado estadual Adriano Jos\u00e9 destacou [&hellip;]","og_url":"https:\/\/soldadoadrianojose.com.br\/index.php\/2026\/03\/16\/deputado-adriano-jose-anuncia-inicio-da-pavimentacao-entre-amapora-e-guairaca-apos-64-anos-de-espera\/","og_site_name":"Deputado Adriano Jos\u00e9","article_published_time":"2026-03-16T14:29:34+00:00","og_image":[{"width":960,"height":1280,"url":"https:\/\/soldadoadrianojose.com.br\/wp-content\/uploads\/2026\/03\/WhatsApp-Image-2026-03-16-at-11.27.42.jpeg","type":"image\/jpeg"}],"author":"Emanuellig admin2","twitter_card":"summary_large_image","twitter_misc":{"Escrito por":"Emanuellig admin2","Est. tempo de leitura":"3 minutos"},"schema":{"@context":"https:\/\/schema.org","@graph":[{"@type":"Article","@id":"https:\/\/soldadoadrianojose.com.br\/index.php\/2026\/03\/16\/deputado-adriano-jose-anuncia-inicio-da-pavimentacao-entre-amapora-e-guairaca-apos-64-anos-de-espera\/#article","isPartOf":{"@id":"https:\/\/soldadoadrianojose.com.br\/index.php\/2026\/03\/16\/deputado-adriano-jose-anuncia-inicio-da-pavimentacao-entre-amapora-e-guairaca-apos-64-anos-de-espera\/"},"author":{"name":"Emanuellig admin2","@id":"https:\/\/soldadoadrianojose.com.br\/#\/schema\/person\/cd48425bd7edd36fa5917c88fbe1cec5"},"headline":"Deputado Adriano Jos\u00e9 anuncia in\u00edcio da pavimenta\u00e7\u00e3o entre Amapor\u00e3 e Guaira\u00e7\u00e1 ap\u00f3s 64 anos de espera","datePublished":"2026-03-16T14:29:34+00:00","mainEntityOfPage":{"@id":"https:\/\/soldadoadrianojose.com.br\/index.php\/2026\/03\/16\/deputado-adriano-jose-anuncia-inicio-da-pavimentacao-entre-amapora-e-guairaca-apos-64-anos-de-espera\/"},"wordCount":389,"commentCount":0,"publisher":{"@id":"https:\/\/soldadoadrianojose.com.br\/#\/schema\/person\/16f8e8defb7a4bd6c6082efcd1bdb6bb"},"image":{"@id":"https:\/\/soldadoadrianojose.com.br\/index.php\/2026\/03\/16\/deputado-adriano-jose-anuncia-inicio-da-pavimentacao-entre-amapora-e-guairaca-apos-64-anos-de-espera\/#primaryimage"},"thumbnailUrl":"https:\/\/soldadoadrianojose.com.br\/wp-content\/uploads\/2026\/03\/WhatsApp-Image-2026-03-16-at-11.27.42.jpeg","articleSection":["GABINETE SD"],"inLanguage":"pt-BR","potentialAction":[{"@type":"CommentAction","name":"Comment","target":["https:\/\/soldadoadrianojose.com.br\/index.php\/2026\/03\/16\/deputado-adriano-jose-anuncia-inicio-da-pavimentacao-entre-amapora-e-guairaca-apos-64-anos-de-espera\/#respond"]}]},{"@type":"WebPage","@id":"https:\/\/soldadoadrianojose.com.br\/index.php\/2026\/03\/16\/deputado-adriano-jose-anuncia-inicio-da-pavimentacao-entre-amapora-e-guairaca-apos-64-anos-de-espera\/","url":"https:\/\/soldadoadrianojose.com.br\/index.php\/2026\/03\/16\/deputado-adriano-jose-anuncia-inicio-da-pavimentacao-entre-amapora-e-guairaca-apos-64-anos-de-espera\/","name":"Deputado Adriano Jos\u00e9 anuncia in\u00edcio da pavimenta\u00e7\u00e3o entre Amapor\u00e3 e Guaira\u00e7\u00e1 ap\u00f3s 64 anos de espera - Deputado Adriano Jos\u00e9","isPartOf":{"@id":"https:\/\/soldadoadrianojose.com.br\/#website"},"primaryImageOfPage":{"@id":"https:\/\/soldadoadrianojose.com.br\/index.php\/2026\/03\/16\/deputado-adriano-jose-anuncia-inicio-da-pavimentacao-entre-amapora-e-guairaca-apos-64-anos-de-espera\/#primaryimage"},"image":{"@id":"https:\/\/soldadoadrianojose.com.br\/index.php\/2026\/03\/16\/deputado-adriano-jose-anuncia-inicio-da-pavimentacao-entre-amapora-e-guairaca-apos-64-anos-de-espera\/#primaryimage"},"thumbnailUrl":"https:\/\/soldadoadrianojose.com.br\/wp-content\/uploads\/2026\/03\/WhatsApp-Image-2026-03-16-at-11.27.42.jpeg","datePublished":"2026-03-16T14:29:34+00:00","breadcrumb":{"@id":"https:\/\/soldadoadrianojose.com.br\/index.php\/2026\/03\/16\/deputado-adriano-jose-anuncia-inicio-da-pavimentacao-entre-amapora-e-guairaca-apos-64-anos-de-espera\/#breadcrumb"},"inLanguage":"pt-BR","potentialAction":[{"@type":"ReadAction","target":["https:\/\/soldadoadrianojose.com.br\/index.php\/2026\/03\/16\/deputado-adriano-jose-anuncia-inicio-da-pavimentacao-entre-amapora-e-guairaca-apos-64-anos-de-espera\/"]}]},{"@type":"ImageObject","inLanguage":"pt-BR","@id":"https:\/\/soldadoadrianojose.com.br\/index.php\/2026\/03\/16\/deputado-adriano-jose-anuncia-inicio-da-pavimentacao-entre-amapora-e-guairaca-apos-64-anos-de-espera\/#primaryimage","url":"https:\/\/soldadoadrianojose.com.br\/wp-content\/uploads\/2026\/03\/WhatsApp-Image-2026-03-16-at-11.27.42.jpeg","contentUrl":"https:\/\/soldadoadrianojose.com.br\/wp-content\/uploads\/2026\/03\/WhatsApp-Image-2026-03-16-at-11.27.42.jpeg","width":960,"height":1280},{"@type":"BreadcrumbList","@id":"https:\/\/soldadoadrianojose.com.br\/index.php\/2026\/03\/16\/deputado-adriano-jose-anuncia-inicio-da-pavimentacao-entre-amapora-e-guairaca-apos-64-anos-de-espera\/#breadcrumb","itemListElement":[{"@type":"ListItem","position":1,"name":"In\u00edcio","item":"https:\/\/soldadoadrianojose.com.br\/"},{"@type":"ListItem","position":2,"name":"Deputado Adriano Jos\u00e9 anuncia in\u00edcio da pavimenta\u00e7\u00e3o entre Amapor\u00e3 e Guaira\u00e7\u00e1 ap\u00f3s 64 anos de espera"}]},{"@type":"WebSite","@id":"https:\/\/soldadoadrianojose.com.br\/#website","url":"https:\/\/soldadoadrianojose.com.br\/","name":"Deputado Adriano Jos\u00e9","description":"Nosso trabalho \u00e9 pelas pessoas","publisher":{"@id":"https:\/\/soldadoadrianojose.com.br\/#\/schema\/person\/16f8e8defb7a4bd6c6082efcd1bdb6bb"},"potentialAction":[{"@type":"SearchAction","target":{"@type":"EntryPoint","urlTemplate":"https:\/\/soldadoadrianojose.com.br\/?s={search_term_string}"},"query-input":{"@type":"PropertyValueSpecification","valueRequired":true,"valueName":"search_term_string"}}],"inLanguage":"pt-BR"},{"@type":["Person","Organization"],"@id":"https:\/\/soldadoadrianojose.com.br\/#\/schema\/person\/16f8e8defb7a4bd6c6082efcd1bdb6bb","name":"soldadoadrianojose","image":{"@type":"ImageObject","inLanguage":"pt-BR","@id":"https:\/\/soldadoadrianojose.com.br\/wp-content\/uploads\/2023\/02\/LOGO_CLEAR-5.png","url":"https:\/\/soldadoadrianojose.com.br\/wp-content\/uploads\/2023\/02\/LOGO_CLEAR-5.png","contentUrl":"https:\/\/soldadoadrianojose.com.br\/wp-content\/uploads\/2023\/02\/LOGO_CLEAR-5.png","width":3508,"height":998,"caption":"soldadoadrianojose"},"logo":{"@id":"https:\/\/soldadoadrianojose.com.br\/wp-content\/uploads\/2023\/02\/LOGO_CLEAR-5.png"},"sameAs":["https:\/\/soldadoadrianojose.com.br"]},{"@type":"Person","@id":"https:\/\/soldadoadrianojose.com.br\/#\/schema\/person\/cd48425bd7edd36fa5917c88fbe1cec5","name":"Emanuellig admin2","image":{"@type":"ImageObject","inLanguage":"pt-BR","@id":"https:\/\/soldadoadrianojose.com.br\/wp-content\/litespeed\/avatar\/235a59a115f40132a17fc909e61bc31d.jpg?ver=1777092356","url":"https:\/\/soldadoadrianojose.com.br\/wp-content\/litespeed\/avatar\/235a59a115f40132a17fc909e61bc31d.jpg?ver=1777092356","contentUrl":"https:\/\/soldadoadrianojose.com.br\/wp-content\/litespeed\/avatar\/235a59a115f40132a17fc909e61bc31d.jpg?ver=1777092356","caption":"Emanuellig admin2"},"url":"https:\/\/soldadoadrianojose.com.br\/index.php\/author\/manu\/"}]}},"jetpack_featured_media_url":"https:\/\/soldadoadrianojose.com.br\/wp-content\/uploads\/2026\/03\/WhatsApp-Image-2026-03-16-at-11.27.42.jpeg","_links":{"self":[{"href":"https:\/\/soldadoadrianojose.com.br\/index.php\/wp-json\/wp\/v2\/posts\/4023","targetHints":{"allow":["GET"]}}],"collection":[{"href":"https:\/\/soldadoadrianojose.com.br\/index.php\/wp-json\/wp\/v2\/posts"}],"about":[{"href":"https:\/\/soldadoadrianojose.com.br\/index.php\/wp-json\/wp\/v2\/types\/post"}],"author":[{"embeddable":true,"href":"https:\/\/soldadoadrianojose.com.br\/index.php\/wp-json\/wp\/v2\/users\/3"}],"replies":[{"embeddable":true,"href":"https:\/\/soldadoadrianojose.com.br\/index.php\/wp-json\/wp\/v2\/comments?post=4023"}],"version-history":[{"count":1,"href":"https:\/\/soldadoadrianojose.com.br\/index.php\/wp-json\/wp\/v2\/posts\/4023\/revisions"}],"predecessor-version":[{"id":4025,"href":"https:\/\/soldadoadrianojose.com.br\/index.php\/wp-json\/wp\/v2\/posts\/4023\/revisions\/4025"}],"wp:featuredmedia":[{"embeddable":true,"href":"https:\/\/soldadoadrianojose.com.br\/index.php\/wp-json\/wp\/v2\/media\/4026"}],"wp:attachment":[{"href":"https:\/\/soldadoadrianojose.com.br\/index.php\/wp-json\/wp\/v2\/media?parent=4023"}],"wp:term":[{"taxonomy":"category","embeddable":true,"href":"https:\/\/soldadoadrianojose.com.br\/index.php\/wp-json\/wp\/v2\/categories?post=4023"},{"taxonomy":"post_tag","embeddable":true,"href":"https:\/\/soldadoadrianojose.com.br\/index.php\/wp-json\/wp\/v2\/tags?post=4023"}],"curies":[{"name":"wp","href":"https:\/\/api.w.org\/{rel}","templated":true}]}}