{"id":4027,"date":"2026-03-16T16:57:59","date_gmt":"2026-03-16T19:57:59","guid":{"rendered":"https:\/\/soldadoadrianojose.com.br\/?p=4027"},"modified":"2026-03-16T16:57:59","modified_gmt":"2026-03-16T19:57:59","slug":"deputado-adriano-jose-homenageia-graciele-andrade-na-assembleia-legislativa-por-trabalho-de-valorizacao-da-autoestima-feminina","status":"publish","type":"post","link":"https:\/\/soldadoadrianojose.com.br\/index.php\/2026\/03\/16\/deputado-adriano-jose-homenageia-graciele-andrade-na-assembleia-legislativa-por-trabalho-de-valorizacao-da-autoestima-feminina\/","title":{"rendered":"Deputado Adriano Jos\u00e9 homenageia Graciele Andrade na Assembleia Legislativa por trabalho de valoriza\u00e7\u00e3o da autoestima feminina"},"content":{"rendered":"<p><span style=\"font-family: Calibri, sans-serif;\"><span style=\"font-size: medium;\">O deputado estadual Adriano Jos\u00e9 prestou uma homenagem especial a Graciele Andrade na Assembleia Legislativa do Paran\u00e1 em reconhecimento ao trabalho que ela desenvolve na valoriza\u00e7\u00e3o da autoestima e do protagonismo feminino. A Men\u00e7\u00e3o Honrosa destaca o impacto de sua atua\u00e7\u00e3o no com\u00e9rcio de moda e nas redes sociais, onde construiu uma comunidade voltada especialmente ao p\u00fablico feminino 40+, promovendo pertencimento, identifica\u00e7\u00e3o e confian\u00e7a entre milhares de mulheres.<\/span><\/span><\/p>\n<p><span style=\"font-family: Calibri, sans-serif;\"><span style=\"font-size: medium;\">A iniciativa, proposta pelo parlamentar, reconhece uma trajet\u00f3ria que vai al\u00e9m do empreendedorismo tradicional. Por meio de sua comunica\u00e7\u00e3o e do contato direto com o p\u00fablico, Graciele transformou o espa\u00e7o da moda em uma plataforma de incentivo ao amor-pr\u00f3prio, \u00e0 autoconfian\u00e7a e \u00e0 valoriza\u00e7\u00e3o da hist\u00f3ria de cada mulher.<\/span><\/span><\/p>\n<p><span style=\"font-family: Calibri, sans-serif;\"><span style=\"font-size: medium;\">Durante a homenagem, Adriano Jos\u00e9 ressaltou que o trabalho desenvolvido por Graciele representa um exemplo de como a comunica\u00e7\u00e3o e o empreendedorismo podem gerar impacto social positivo. \u201cEm um mundo onde muitas vezes a apar\u00eancia \u00e9 tratada de forma superficial, Graciele escolheu um caminho diferente. Ela transformou algo que poderia ser apenas a venda de roupas em uma verdadeira mensagem de valoriza\u00e7\u00e3o e autoestima feminina\u201d, afirmou.<\/span><\/span><\/p>\n<p><span style=\"font-family: Calibri, sans-serif;\"><span style=\"font-size: medium;\">O deputado tamb\u00e9m destacou que a comunicadora criou um espa\u00e7o de acolhimento e inspira\u00e7\u00e3o, especialmente para mulheres que muitas vezes acabam invisibilizadas pela sociedade. \u201cCom sensibilidade e autenticidade, ela mostra todos os dias que estilo, eleg\u00e2ncia e protagonismo n\u00e3o t\u00eam idade\u201d, disse.<\/span><\/span><\/p>\n<p><span style=\"font-family: Calibri, sans-serif;\"><span style=\"font-size: medium;\">Para Adriano Jos\u00e9, reconhecer iniciativas como a de Graciele Andrade \u00e9 valorizar hist\u00f3rias que geram transforma\u00e7\u00e3o na vida das pessoas. \u201cGraciele inspira, conecta e fortalece outras mulheres em todas as fases da vida. Que sua trajet\u00f3ria continue iluminando caminhos e incentivando cada vez mais mulheres a acreditarem em si mesmas\u201d, concluiu o parlamentar.<\/span><\/span><\/p>\n","protected":false},"excerpt":{"rendered":"<p>O deputado estadual Adriano Jos\u00e9 prestou uma homenagem especial a Graciele Andrade na Assembleia Legislativa do Paran\u00e1 em reconhecimento ao trabalho que ela desenvolve na valoriza\u00e7\u00e3o da autoestima e do protagonismo feminino. A Men\u00e7\u00e3o Honrosa destaca o impacto de sua atua\u00e7\u00e3o no com\u00e9rcio de moda e nas redes sociais, onde construiu uma comunidade voltada especialmente [&hellip;]<\/p>\n","protected":false},"author":3,"featured_media":4029,"comment_status":"open","ping_status":"open","sticky":false,"template":"","format":"standard","meta":{"footnotes":""},"categories":[1],"tags":[],"class_list":["post-4027","post","type-post","status-publish","format-standard","has-post-thumbnail","hentry","category-gabinete-sd"],"yoast_head":"<!-- This site is optimized with the Yoast SEO plugin v27.4 - https:\/\/yoast.com\/product\/yoast-seo-wordpress\/ -->\n<title>Deputado Adriano Jos\u00e9 homenageia Graciele Andrade na Assembleia Legislativa por trabalho de valoriza\u00e7\u00e3o da autoestima feminina - Deputado Adriano Jos\u00e9<\/title>\n<meta name=\"robots\" content=\"index, follow, max-snippet:-1, max-image-preview:large, max-video-preview:-1\" \/>\n<link rel=\"canonical\" href=\"https:\/\/soldadoadrianojose.com.br\/index.php\/2026\/03\/16\/deputado-adriano-jose-homenageia-graciele-andrade-na-assembleia-legislativa-por-trabalho-de-valorizacao-da-autoestima-feminina\/\" \/>\n<meta property=\"og:locale\" content=\"pt_BR\" \/>\n<meta property=\"og:type\" content=\"article\" \/>\n<meta property=\"og:title\" content=\"Deputado Adriano Jos\u00e9 homenageia Graciele Andrade na Assembleia Legislativa por trabalho de valoriza\u00e7\u00e3o da autoestima feminina - Deputado Adriano Jos\u00e9\" \/>\n<meta property=\"og:description\" content=\"O deputado estadual Adriano Jos\u00e9 prestou uma homenagem especial a Graciele Andrade na Assembleia Legislativa do Paran\u00e1 em reconhecimento ao trabalho que ela desenvolve na valoriza\u00e7\u00e3o da autoestima e do protagonismo feminino. A Men\u00e7\u00e3o Honrosa destaca o impacto de sua atua\u00e7\u00e3o no com\u00e9rcio de moda e nas redes sociais, onde construiu uma comunidade voltada especialmente [&hellip;]\" \/>\n<meta property=\"og:url\" content=\"https:\/\/soldadoadrianojose.com.br\/index.php\/2026\/03\/16\/deputado-adriano-jose-homenageia-graciele-andrade-na-assembleia-legislativa-por-trabalho-de-valorizacao-da-autoestima-feminina\/\" \/>\n<meta property=\"og:site_name\" content=\"Deputado Adriano Jos\u00e9\" \/>\n<meta property=\"article:published_time\" content=\"2026-03-16T19:57:59+00:00\" \/>\n<meta property=\"og:image\" content=\"https:\/\/soldadoadrianojose.com.br\/wp-content\/uploads\/2026\/03\/55151683204_77661b5cfb_b.jpg\" \/>\n\t<meta property=\"og:image:width\" content=\"1024\" \/>\n\t<meta property=\"og:image:height\" content=\"683\" \/>\n\t<meta property=\"og:image:type\" content=\"image\/jpeg\" \/>\n<meta name=\"author\" content=\"Emanuellig admin2\" \/>\n<meta name=\"twitter:card\" content=\"summary_large_image\" \/>\n<meta name=\"twitter:label1\" content=\"Escrito por\" \/>\n\t<meta name=\"twitter:data1\" content=\"Emanuellig admin2\" \/>\n\t<meta name=\"twitter:label2\" content=\"Est. tempo de leitura\" \/>\n\t<meta name=\"twitter:data2\" content=\"2 minutos\" \/>\n<script type=\"application\/ld+json\" class=\"yoast-schema-graph\">{\"@context\":\"https:\\\/\\\/schema.org\",\"@graph\":[{\"@type\":\"Article\",\"@id\":\"https:\\\/\\\/soldadoadrianojose.com.br\\\/index.php\\\/2026\\\/03\\\/16\\\/deputado-adriano-jose-homenageia-graciele-andrade-na-assembleia-legislativa-por-trabalho-de-valorizacao-da-autoestima-feminina\\\/#article\",\"isPartOf\":{\"@id\":\"https:\\\/\\\/soldadoadrianojose.com.br\\\/index.php\\\/2026\\\/03\\\/16\\\/deputado-adriano-jose-homenageia-graciele-andrade-na-assembleia-legislativa-por-trabalho-de-valorizacao-da-autoestima-feminina\\\/\"},\"author\":{\"name\":\"Emanuellig admin2\",\"@id\":\"https:\\\/\\\/soldadoadrianojose.com.br\\\/#\\\/schema\\\/person\\\/cd48425bd7edd36fa5917c88fbe1cec5\"},\"headline\":\"Deputado Adriano Jos\u00e9 homenageia Graciele Andrade na Assembleia Legislativa por trabalho de valoriza\u00e7\u00e3o da autoestima feminina\",\"datePublished\":\"2026-03-16T19:57:59+00:00\",\"mainEntityOfPage\":{\"@id\":\"https:\\\/\\\/soldadoadrianojose.com.br\\\/index.php\\\/2026\\\/03\\\/16\\\/deputado-adriano-jose-homenageia-graciele-andrade-na-assembleia-legislativa-por-trabalho-de-valorizacao-da-autoestima-feminina\\\/\"},\"wordCount\":318,\"commentCount\":0,\"publisher\":{\"@id\":\"https:\\\/\\\/soldadoadrianojose.com.br\\\/#\\\/schema\\\/person\\\/16f8e8defb7a4bd6c6082efcd1bdb6bb\"},\"image\":{\"@id\":\"https:\\\/\\\/soldadoadrianojose.com.br\\\/index.php\\\/2026\\\/03\\\/16\\\/deputado-adriano-jose-homenageia-graciele-andrade-na-assembleia-legislativa-por-trabalho-de-valorizacao-da-autoestima-feminina\\\/#primaryimage\"},\"thumbnailUrl\":\"https:\\\/\\\/soldadoadrianojose.com.br\\\/wp-content\\\/uploads\\\/2026\\\/03\\\/55151683204_77661b5cfb_b.jpg\",\"articleSection\":[\"GABINETE SD\"],\"inLanguage\":\"pt-BR\",\"potentialAction\":[{\"@type\":\"CommentAction\",\"name\":\"Comment\",\"target\":[\"https:\\\/\\\/soldadoadrianojose.com.br\\\/index.php\\\/2026\\\/03\\\/16\\\/deputado-adriano-jose-homenageia-graciele-andrade-na-assembleia-legislativa-por-trabalho-de-valorizacao-da-autoestima-feminina\\\/#respond\"]}]},{\"@type\":\"WebPage\",\"@id\":\"https:\\\/\\\/soldadoadrianojose.com.br\\\/index.php\\\/2026\\\/03\\\/16\\\/deputado-adriano-jose-homenageia-graciele-andrade-na-assembleia-legislativa-por-trabalho-de-valorizacao-da-autoestima-feminina\\\/\",\"url\":\"https:\\\/\\\/soldadoadrianojose.com.br\\\/index.php\\\/2026\\\/03\\\/16\\\/deputado-adriano-jose-homenageia-graciele-andrade-na-assembleia-legislativa-por-trabalho-de-valorizacao-da-autoestima-feminina\\\/\",\"name\":\"Deputado Adriano Jos\u00e9 homenageia Graciele Andrade na Assembleia Legislativa por trabalho de valoriza\u00e7\u00e3o da autoestima feminina - Deputado Adriano Jos\u00e9\",\"isPartOf\":{\"@id\":\"https:\\\/\\\/soldadoadrianojose.com.br\\\/#website\"},\"primaryImageOfPage\":{\"@id\":\"https:\\\/\\\/soldadoadrianojose.com.br\\\/index.php\\\/2026\\\/03\\\/16\\\/deputado-adriano-jose-homenageia-graciele-andrade-na-assembleia-legislativa-por-trabalho-de-valorizacao-da-autoestima-feminina\\\/#primaryimage\"},\"image\":{\"@id\":\"https:\\\/\\\/soldadoadrianojose.com.br\\\/index.php\\\/2026\\\/03\\\/16\\\/deputado-adriano-jose-homenageia-graciele-andrade-na-assembleia-legislativa-por-trabalho-de-valorizacao-da-autoestima-feminina\\\/#primaryimage\"},\"thumbnailUrl\":\"https:\\\/\\\/soldadoadrianojose.com.br\\\/wp-content\\\/uploads\\\/2026\\\/03\\\/55151683204_77661b5cfb_b.jpg\",\"datePublished\":\"2026-03-16T19:57:59+00:00\",\"breadcrumb\":{\"@id\":\"https:\\\/\\\/soldadoadrianojose.com.br\\\/index.php\\\/2026\\\/03\\\/16\\\/deputado-adriano-jose-homenageia-graciele-andrade-na-assembleia-legislativa-por-trabalho-de-valorizacao-da-autoestima-feminina\\\/#breadcrumb\"},\"inLanguage\":\"pt-BR\",\"potentialAction\":[{\"@type\":\"ReadAction\",\"target\":[\"https:\\\/\\\/soldadoadrianojose.com.br\\\/index.php\\\/2026\\\/03\\\/16\\\/deputado-adriano-jose-homenageia-graciele-andrade-na-assembleia-legislativa-por-trabalho-de-valorizacao-da-autoestima-feminina\\\/\"]}]},{\"@type\":\"ImageObject\",\"inLanguage\":\"pt-BR\",\"@id\":\"https:\\\/\\\/soldadoadrianojose.com.br\\\/index.php\\\/2026\\\/03\\\/16\\\/deputado-adriano-jose-homenageia-graciele-andrade-na-assembleia-legislativa-por-trabalho-de-valorizacao-da-autoestima-feminina\\\/#primaryimage\",\"url\":\"https:\\\/\\\/soldadoadrianojose.com.br\\\/wp-content\\\/uploads\\\/2026\\\/03\\\/55151683204_77661b5cfb_b.jpg\",\"contentUrl\":\"https:\\\/\\\/soldadoadrianojose.com.br\\\/wp-content\\\/uploads\\\/2026\\\/03\\\/55151683204_77661b5cfb_b.jpg\",\"width\":1024,\"height\":683},{\"@type\":\"BreadcrumbList\",\"@id\":\"https:\\\/\\\/soldadoadrianojose.com.br\\\/index.php\\\/2026\\\/03\\\/16\\\/deputado-adriano-jose-homenageia-graciele-andrade-na-assembleia-legislativa-por-trabalho-de-valorizacao-da-autoestima-feminina\\\/#breadcrumb\",\"itemListElement\":[{\"@type\":\"ListItem\",\"position\":1,\"name\":\"In\u00edcio\",\"item\":\"https:\\\/\\\/soldadoadrianojose.com.br\\\/\"},{\"@type\":\"ListItem\",\"position\":2,\"name\":\"Deputado Adriano Jos\u00e9 homenageia Graciele Andrade na Assembleia Legislativa por trabalho de valoriza\u00e7\u00e3o da autoestima feminina\"}]},{\"@type\":\"WebSite\",\"@id\":\"https:\\\/\\\/soldadoadrianojose.com.br\\\/#website\",\"url\":\"https:\\\/\\\/soldadoadrianojose.com.br\\\/\",\"name\":\"Deputado Adriano Jos\u00e9\",\"description\":\"Nosso trabalho \u00e9 pelas pessoas\",\"publisher\":{\"@id\":\"https:\\\/\\\/soldadoadrianojose.com.br\\\/#\\\/schema\\\/person\\\/16f8e8defb7a4bd6c6082efcd1bdb6bb\"},\"potentialAction\":[{\"@type\":\"SearchAction\",\"target\":{\"@type\":\"EntryPoint\",\"urlTemplate\":\"https:\\\/\\\/soldadoadrianojose.com.br\\\/?s={search_term_string}\"},\"query-input\":{\"@type\":\"PropertyValueSpecification\",\"valueRequired\":true,\"valueName\":\"search_term_string\"}}],\"inLanguage\":\"pt-BR\"},{\"@type\":[\"Person\",\"Organization\"],\"@id\":\"https:\\\/\\\/soldadoadrianojose.com.br\\\/#\\\/schema\\\/person\\\/16f8e8defb7a4bd6c6082efcd1bdb6bb\",\"name\":\"soldadoadrianojose\",\"image\":{\"@type\":\"ImageObject\",\"inLanguage\":\"pt-BR\",\"@id\":\"https:\\\/\\\/soldadoadrianojose.com.br\\\/wp-content\\\/uploads\\\/2023\\\/02\\\/LOGO_CLEAR-5.png\",\"url\":\"https:\\\/\\\/soldadoadrianojose.com.br\\\/wp-content\\\/uploads\\\/2023\\\/02\\\/LOGO_CLEAR-5.png\",\"contentUrl\":\"https:\\\/\\\/soldadoadrianojose.com.br\\\/wp-content\\\/uploads\\\/2023\\\/02\\\/LOGO_CLEAR-5.png\",\"width\":3508,\"height\":998,\"caption\":\"soldadoadrianojose\"},\"logo\":{\"@id\":\"https:\\\/\\\/soldadoadrianojose.com.br\\\/wp-content\\\/uploads\\\/2023\\\/02\\\/LOGO_CLEAR-5.png\"},\"sameAs\":[\"https:\\\/\\\/soldadoadrianojose.com.br\"]},{\"@type\":\"Person\",\"@id\":\"https:\\\/\\\/soldadoadrianojose.com.br\\\/#\\\/schema\\\/person\\\/cd48425bd7edd36fa5917c88fbe1cec5\",\"name\":\"Emanuellig admin2\",\"image\":{\"@type\":\"ImageObject\",\"inLanguage\":\"pt-BR\",\"@id\":\"https:\\\/\\\/soldadoadrianojose.com.br\\\/wp-content\\\/litespeed\\\/avatar\\\/235a59a115f40132a17fc909e61bc31d.jpg?ver=1777092356\",\"url\":\"https:\\\/\\\/soldadoadrianojose.com.br\\\/wp-content\\\/litespeed\\\/avatar\\\/235a59a115f40132a17fc909e61bc31d.jpg?ver=1777092356\",\"contentUrl\":\"https:\\\/\\\/soldadoadrianojose.com.br\\\/wp-content\\\/litespeed\\\/avatar\\\/235a59a115f40132a17fc909e61bc31d.jpg?ver=1777092356\",\"caption\":\"Emanuellig admin2\"},\"url\":\"https:\\\/\\\/soldadoadrianojose.com.br\\\/index.php\\\/author\\\/manu\\\/\"}]}<\/script>\n<!-- \/ Yoast SEO plugin. -->","yoast_head_json":{"title":"Deputado Adriano Jos\u00e9 homenageia Graciele Andrade na Assembleia Legislativa por trabalho de valoriza\u00e7\u00e3o da autoestima feminina - Deputado Adriano Jos\u00e9","robots":{"index":"index","follow":"follow","max-snippet":"max-snippet:-1","max-image-preview":"max-image-preview:large","max-video-preview":"max-video-preview:-1"},"canonical":"https:\/\/soldadoadrianojose.com.br\/index.php\/2026\/03\/16\/deputado-adriano-jose-homenageia-graciele-andrade-na-assembleia-legislativa-por-trabalho-de-valorizacao-da-autoestima-feminina\/","og_locale":"pt_BR","og_type":"article","og_title":"Deputado Adriano Jos\u00e9 homenageia Graciele Andrade na Assembleia Legislativa por trabalho de valoriza\u00e7\u00e3o da autoestima feminina - Deputado Adriano Jos\u00e9","og_description":"O deputado estadual Adriano Jos\u00e9 prestou uma homenagem especial a Graciele Andrade na Assembleia Legislativa do Paran\u00e1 em reconhecimento ao trabalho que ela desenvolve na valoriza\u00e7\u00e3o da autoestima e do protagonismo feminino. A Men\u00e7\u00e3o Honrosa destaca o impacto de sua atua\u00e7\u00e3o no com\u00e9rcio de moda e nas redes sociais, onde construiu uma comunidade voltada especialmente [&hellip;]","og_url":"https:\/\/soldadoadrianojose.com.br\/index.php\/2026\/03\/16\/deputado-adriano-jose-homenageia-graciele-andrade-na-assembleia-legislativa-por-trabalho-de-valorizacao-da-autoestima-feminina\/","og_site_name":"Deputado Adriano Jos\u00e9","article_published_time":"2026-03-16T19:57:59+00:00","og_image":[{"width":1024,"height":683,"url":"https:\/\/soldadoadrianojose.com.br\/wp-content\/uploads\/2026\/03\/55151683204_77661b5cfb_b.jpg","type":"image\/jpeg"}],"author":"Emanuellig admin2","twitter_card":"summary_large_image","twitter_misc":{"Escrito por":"Emanuellig admin2","Est. tempo de leitura":"2 minutos"},"schema":{"@context":"https:\/\/schema.org","@graph":[{"@type":"Article","@id":"https:\/\/soldadoadrianojose.com.br\/index.php\/2026\/03\/16\/deputado-adriano-jose-homenageia-graciele-andrade-na-assembleia-legislativa-por-trabalho-de-valorizacao-da-autoestima-feminina\/#article","isPartOf":{"@id":"https:\/\/soldadoadrianojose.com.br\/index.php\/2026\/03\/16\/deputado-adriano-jose-homenageia-graciele-andrade-na-assembleia-legislativa-por-trabalho-de-valorizacao-da-autoestima-feminina\/"},"author":{"name":"Emanuellig admin2","@id":"https:\/\/soldadoadrianojose.com.br\/#\/schema\/person\/cd48425bd7edd36fa5917c88fbe1cec5"},"headline":"Deputado Adriano Jos\u00e9 homenageia Graciele Andrade na Assembleia Legislativa por trabalho de valoriza\u00e7\u00e3o da autoestima feminina","datePublished":"2026-03-16T19:57:59+00:00","mainEntityOfPage":{"@id":"https:\/\/soldadoadrianojose.com.br\/index.php\/2026\/03\/16\/deputado-adriano-jose-homenageia-graciele-andrade-na-assembleia-legislativa-por-trabalho-de-valorizacao-da-autoestima-feminina\/"},"wordCount":318,"commentCount":0,"publisher":{"@id":"https:\/\/soldadoadrianojose.com.br\/#\/schema\/person\/16f8e8defb7a4bd6c6082efcd1bdb6bb"},"image":{"@id":"https:\/\/soldadoadrianojose.com.br\/index.php\/2026\/03\/16\/deputado-adriano-jose-homenageia-graciele-andrade-na-assembleia-legislativa-por-trabalho-de-valorizacao-da-autoestima-feminina\/#primaryimage"},"thumbnailUrl":"https:\/\/soldadoadrianojose.com.br\/wp-content\/uploads\/2026\/03\/55151683204_77661b5cfb_b.jpg","articleSection":["GABINETE SD"],"inLanguage":"pt-BR","potentialAction":[{"@type":"CommentAction","name":"Comment","target":["https:\/\/soldadoadrianojose.com.br\/index.php\/2026\/03\/16\/deputado-adriano-jose-homenageia-graciele-andrade-na-assembleia-legislativa-por-trabalho-de-valorizacao-da-autoestima-feminina\/#respond"]}]},{"@type":"WebPage","@id":"https:\/\/soldadoadrianojose.com.br\/index.php\/2026\/03\/16\/deputado-adriano-jose-homenageia-graciele-andrade-na-assembleia-legislativa-por-trabalho-de-valorizacao-da-autoestima-feminina\/","url":"https:\/\/soldadoadrianojose.com.br\/index.php\/2026\/03\/16\/deputado-adriano-jose-homenageia-graciele-andrade-na-assembleia-legislativa-por-trabalho-de-valorizacao-da-autoestima-feminina\/","name":"Deputado Adriano Jos\u00e9 homenageia Graciele Andrade na Assembleia Legislativa por trabalho de valoriza\u00e7\u00e3o da autoestima feminina - Deputado Adriano Jos\u00e9","isPartOf":{"@id":"https:\/\/soldadoadrianojose.com.br\/#website"},"primaryImageOfPage":{"@id":"https:\/\/soldadoadrianojose.com.br\/index.php\/2026\/03\/16\/deputado-adriano-jose-homenageia-graciele-andrade-na-assembleia-legislativa-por-trabalho-de-valorizacao-da-autoestima-feminina\/#primaryimage"},"image":{"@id":"https:\/\/soldadoadrianojose.com.br\/index.php\/2026\/03\/16\/deputado-adriano-jose-homenageia-graciele-andrade-na-assembleia-legislativa-por-trabalho-de-valorizacao-da-autoestima-feminina\/#primaryimage"},"thumbnailUrl":"https:\/\/soldadoadrianojose.com.br\/wp-content\/uploads\/2026\/03\/55151683204_77661b5cfb_b.jpg","datePublished":"2026-03-16T19:57:59+00:00","breadcrumb":{"@id":"https:\/\/soldadoadrianojose.com.br\/index.php\/2026\/03\/16\/deputado-adriano-jose-homenageia-graciele-andrade-na-assembleia-legislativa-por-trabalho-de-valorizacao-da-autoestima-feminina\/#breadcrumb"},"inLanguage":"pt-BR","potentialAction":[{"@type":"ReadAction","target":["https:\/\/soldadoadrianojose.com.br\/index.php\/2026\/03\/16\/deputado-adriano-jose-homenageia-graciele-andrade-na-assembleia-legislativa-por-trabalho-de-valorizacao-da-autoestima-feminina\/"]}]},{"@type":"ImageObject","inLanguage":"pt-BR","@id":"https:\/\/soldadoadrianojose.com.br\/index.php\/2026\/03\/16\/deputado-adriano-jose-homenageia-graciele-andrade-na-assembleia-legislativa-por-trabalho-de-valorizacao-da-autoestima-feminina\/#primaryimage","url":"https:\/\/soldadoadrianojose.com.br\/wp-content\/uploads\/2026\/03\/55151683204_77661b5cfb_b.jpg","contentUrl":"https:\/\/soldadoadrianojose.com.br\/wp-content\/uploads\/2026\/03\/55151683204_77661b5cfb_b.jpg","width":1024,"height":683},{"@type":"BreadcrumbList","@id":"https:\/\/soldadoadrianojose.com.br\/index.php\/2026\/03\/16\/deputado-adriano-jose-homenageia-graciele-andrade-na-assembleia-legislativa-por-trabalho-de-valorizacao-da-autoestima-feminina\/#breadcrumb","itemListElement":[{"@type":"ListItem","position":1,"name":"In\u00edcio","item":"https:\/\/soldadoadrianojose.com.br\/"},{"@type":"ListItem","position":2,"name":"Deputado Adriano Jos\u00e9 homenageia Graciele Andrade na Assembleia Legislativa por trabalho de valoriza\u00e7\u00e3o da autoestima feminina"}]},{"@type":"WebSite","@id":"https:\/\/soldadoadrianojose.com.br\/#website","url":"https:\/\/soldadoadrianojose.com.br\/","name":"Deputado Adriano Jos\u00e9","description":"Nosso trabalho \u00e9 pelas pessoas","publisher":{"@id":"https:\/\/soldadoadrianojose.com.br\/#\/schema\/person\/16f8e8defb7a4bd6c6082efcd1bdb6bb"},"potentialAction":[{"@type":"SearchAction","target":{"@type":"EntryPoint","urlTemplate":"https:\/\/soldadoadrianojose.com.br\/?s={search_term_string}"},"query-input":{"@type":"PropertyValueSpecification","valueRequired":true,"valueName":"search_term_string"}}],"inLanguage":"pt-BR"},{"@type":["Person","Organization"],"@id":"https:\/\/soldadoadrianojose.com.br\/#\/schema\/person\/16f8e8defb7a4bd6c6082efcd1bdb6bb","name":"soldadoadrianojose","image":{"@type":"ImageObject","inLanguage":"pt-BR","@id":"https:\/\/soldadoadrianojose.com.br\/wp-content\/uploads\/2023\/02\/LOGO_CLEAR-5.png","url":"https:\/\/soldadoadrianojose.com.br\/wp-content\/uploads\/2023\/02\/LOGO_CLEAR-5.png","contentUrl":"https:\/\/soldadoadrianojose.com.br\/wp-content\/uploads\/2023\/02\/LOGO_CLEAR-5.png","width":3508,"height":998,"caption":"soldadoadrianojose"},"logo":{"@id":"https:\/\/soldadoadrianojose.com.br\/wp-content\/uploads\/2023\/02\/LOGO_CLEAR-5.png"},"sameAs":["https:\/\/soldadoadrianojose.com.br"]},{"@type":"Person","@id":"https:\/\/soldadoadrianojose.com.br\/#\/schema\/person\/cd48425bd7edd36fa5917c88fbe1cec5","name":"Emanuellig admin2","image":{"@type":"ImageObject","inLanguage":"pt-BR","@id":"https:\/\/soldadoadrianojose.com.br\/wp-content\/litespeed\/avatar\/235a59a115f40132a17fc909e61bc31d.jpg?ver=1777092356","url":"https:\/\/soldadoadrianojose.com.br\/wp-content\/litespeed\/avatar\/235a59a115f40132a17fc909e61bc31d.jpg?ver=1777092356","contentUrl":"https:\/\/soldadoadrianojose.com.br\/wp-content\/litespeed\/avatar\/235a59a115f40132a17fc909e61bc31d.jpg?ver=1777092356","caption":"Emanuellig admin2"},"url":"https:\/\/soldadoadrianojose.com.br\/index.php\/author\/manu\/"}]}},"jetpack_featured_media_url":"https:\/\/soldadoadrianojose.com.br\/wp-content\/uploads\/2026\/03\/55151683204_77661b5cfb_b.jpg","_links":{"self":[{"href":"https:\/\/soldadoadrianojose.com.br\/index.php\/wp-json\/wp\/v2\/posts\/4027","targetHints":{"allow":["GET"]}}],"collection":[{"href":"https:\/\/soldadoadrianojose.com.br\/index.php\/wp-json\/wp\/v2\/posts"}],"about":[{"href":"https:\/\/soldadoadrianojose.com.br\/index.php\/wp-json\/wp\/v2\/types\/post"}],"author":[{"embeddable":true,"href":"https:\/\/soldadoadrianojose.com.br\/index.php\/wp-json\/wp\/v2\/users\/3"}],"replies":[{"embeddable":true,"href":"https:\/\/soldadoadrianojose.com.br\/index.php\/wp-json\/wp\/v2\/comments?post=4027"}],"version-history":[{"count":1,"href":"https:\/\/soldadoadrianojose.com.br\/index.php\/wp-json\/wp\/v2\/posts\/4027\/revisions"}],"predecessor-version":[{"id":4028,"href":"https:\/\/soldadoadrianojose.com.br\/index.php\/wp-json\/wp\/v2\/posts\/4027\/revisions\/4028"}],"wp:featuredmedia":[{"embeddable":true,"href":"https:\/\/soldadoadrianojose.com.br\/index.php\/wp-json\/wp\/v2\/media\/4029"}],"wp:attachment":[{"href":"https:\/\/soldadoadrianojose.com.br\/index.php\/wp-json\/wp\/v2\/media?parent=4027"}],"wp:term":[{"taxonomy":"category","embeddable":true,"href":"https:\/\/soldadoadrianojose.com.br\/index.php\/wp-json\/wp\/v2\/categories?post=4027"},{"taxonomy":"post_tag","embeddable":true,"href":"https:\/\/soldadoadrianojose.com.br\/index.php\/wp-json\/wp\/v2\/tags?post=4027"}],"curies":[{"name":"wp","href":"https:\/\/api.w.org\/{rel}","templated":true}]}}