{"id":501,"date":"2023-02-28T18:55:53","date_gmt":"2023-02-28T21:55:53","guid":{"rendered":"https:\/\/soldadoadrianojose.com.br\/?p=501"},"modified":"2023-02-28T18:58:14","modified_gmt":"2023-02-28T21:58:14","slug":"comissao-de-segurancaa-publica-na-assembleia-sera-presidida-pelo-deputado-soldado-adriano-pp","status":"publish","type":"post","link":"https:\/\/soldadoadrianojose.com.br\/index.php\/2023\/02\/28\/comissao-de-segurancaa-publica-na-assembleia-sera-presidida-pelo-deputado-soldado-adriano-pp\/","title":{"rendered":"Comiss\u00e3o de Seguran\u00e7a P\u00fablica na Assembleia ser\u00e1 presidida pelo deputado Soldado Adriano (PP)"},"content":{"rendered":"\n<p>O deputado Soldado Adriano (PP) ser\u00e1 o presidente da Comiss\u00e3o de Seguran\u00e7a P\u00fablica da Assembleia Legislativa. Com a experi\u00eancia de quem j\u00e1 foi Policial Militar, o parlamentar vai atuar na comiss\u00e3o que ir\u00e1 avaliar e propor a\u00e7\u00f5es que possam melhorar a seguran\u00e7a dos cidad\u00e3os do Paran\u00e1.<\/p>\n\n\n\n<p>\u201cA escolha para presidir a Comiss\u00e3o de Seguran\u00e7a P\u00fablica \u00e9 uma das primeiras vit\u00f3rias do nosso segundo mandato, uma vez que no comando desta comiss\u00e3o, juntamente com os demais deputados que foram escolhidos, podemos iniciar um trabalho legislativo para ajudar o governo do Estado a desenvolver pol\u00edticas p\u00fablicas que promovam efetivamente a seguran\u00e7a das pessoas, das fam\u00edlias que vivem no campo e de munic\u00edpios que est\u00e3o sofrendo com a criminalidade\u201d, afirma.<\/p>\n\n\n\n<p>Ainda segundo o parlamentar, a presid\u00eancia da Comiss\u00e3o de Seguran\u00e7a P\u00fablica dar\u00e1 a oportunidade de acompanhar tudo o que passa na Assembleia relacionado \u00e0s For\u00e7as de Seguran\u00e7a.<\/p>\n\n\n\n<p>\u201cIsso aumenta a nossa responsabilidade como deputado, mas nos d\u00e1 a oportunidade de devolver ao cidad\u00e3o paranaense, ao eleitor que acreditou nas nossas propostas, tudo o que ele espera do nosso mandato, que \u00e9 trabalhar para servir as pessoas, especialmente na Seguran\u00e7a P\u00fablica, cuidando tamb\u00e9m dos nossos valorosos policiais, em termos de projetos de sa\u00fade, reestrutura\u00e7\u00e3o, efetivo, estruturas e tudo o mais que circunda o universo policial, trabalhando de forma alinhada e harm\u00f4nica com o Executivo&#8221;, pontuou Adriano.<\/p>\n\n\n\n<p>Eleito pela primeira vez em 2018, Adriano Jos\u00e9 exerce atualmente seu segundo mandato como deputado estadual e \u00e9 l\u00edder do Partido Progressista na bancada da Assembleia Legislativa do Paran\u00e1.<\/p>\n\n\n\n<p>Tamb\u00e9m formam a Comiss\u00e3o de Seguran\u00e7a P\u00fablica da Casa os deputados Tito Barrichello (Uni\u00e3o), como vice-presidente, Ricardo Arruda (PL), Requi\u00e3o Filho (PT), Samuel Dantas (PROS), Marcio Pacheco (Republicanos) e Marcelo Rangel (PSD). \u201cTemos muito trabalho pela frente j\u00e1 que este tema \u00e9 um dos mais importantes do Estado do Paran\u00e1\u201d, conclui o deputado.<\/p>\n\n\n\n<p>Foto: <strong>Eleozir Jos\u00e9 da Silv<\/strong><\/p>\n","protected":false},"excerpt":{"rendered":"<p>O deputado Soldado Adriano (PP) ser\u00e1 o presidente da Comiss\u00e3o de Seguran\u00e7a P\u00fablica da Assembleia Legislativa. Com a experi\u00eancia de quem j\u00e1 foi Policial Militar, o parlamentar vai atuar na comiss\u00e3o que ir\u00e1 avaliar e propor a\u00e7\u00f5es que possam melhorar a seguran\u00e7a dos cidad\u00e3os do Paran\u00e1. \u201cA escolha para presidir a Comiss\u00e3o de Seguran\u00e7a P\u00fablica [&hellip;]<\/p>\n","protected":false},"author":1,"featured_media":256,"comment_status":"open","ping_status":"open","sticky":false,"template":"","format":"standard","meta":{"footnotes":""},"categories":[1],"tags":[],"class_list":["post-501","post","type-post","status-publish","format-standard","has-post-thumbnail","hentry","category-gabinete-sd"],"yoast_head":"<!-- This site is optimized with the Yoast SEO plugin v27.4 - https:\/\/yoast.com\/product\/yoast-seo-wordpress\/ -->\n<title>Comiss\u00e3o de Seguran\u00e7a P\u00fablica na Assembleia ser\u00e1 presidida pelo deputado Soldado Adriano (PP) - Deputado Adriano Jos\u00e9<\/title>\n<meta name=\"robots\" content=\"index, follow, max-snippet:-1, max-image-preview:large, max-video-preview:-1\" \/>\n<link rel=\"canonical\" href=\"https:\/\/soldadoadrianojose.com.br\/index.php\/2023\/02\/28\/comissao-de-segurancaa-publica-na-assembleia-sera-presidida-pelo-deputado-soldado-adriano-pp\/\" \/>\n<meta property=\"og:locale\" content=\"pt_BR\" \/>\n<meta property=\"og:type\" content=\"article\" \/>\n<meta property=\"og:title\" content=\"Comiss\u00e3o de Seguran\u00e7a P\u00fablica na Assembleia ser\u00e1 presidida pelo deputado Soldado Adriano (PP) - Deputado Adriano Jos\u00e9\" \/>\n<meta property=\"og:description\" content=\"O deputado Soldado Adriano (PP) ser\u00e1 o presidente da Comiss\u00e3o de Seguran\u00e7a P\u00fablica da Assembleia Legislativa. Com a experi\u00eancia de quem j\u00e1 foi Policial Militar, o parlamentar vai atuar na comiss\u00e3o que ir\u00e1 avaliar e propor a\u00e7\u00f5es que possam melhorar a seguran\u00e7a dos cidad\u00e3os do Paran\u00e1. \u201cA escolha para presidir a Comiss\u00e3o de Seguran\u00e7a P\u00fablica [&hellip;]\" \/>\n<meta property=\"og:url\" content=\"https:\/\/soldadoadrianojose.com.br\/index.php\/2023\/02\/28\/comissao-de-segurancaa-publica-na-assembleia-sera-presidida-pelo-deputado-soldado-adriano-pp\/\" \/>\n<meta property=\"og:site_name\" content=\"Deputado Adriano Jos\u00e9\" \/>\n<meta property=\"article:published_time\" content=\"2023-02-28T21:55:53+00:00\" \/>\n<meta property=\"article:modified_time\" content=\"2023-02-28T21:58:14+00:00\" \/>\n<meta property=\"og:image\" content=\"https:\/\/soldadoadrianojose.com.br\/wp-content\/uploads\/2023\/02\/WhatsApp-Image-2023-02-13-at-09.02.10.jpeg\" \/>\n\t<meta property=\"og:image:width\" content=\"1280\" \/>\n\t<meta property=\"og:image:height\" content=\"913\" \/>\n\t<meta property=\"og:image:type\" content=\"image\/jpeg\" \/>\n<meta name=\"author\" content=\"soldadoadrianojose\" \/>\n<meta name=\"twitter:card\" content=\"summary_large_image\" \/>\n<meta name=\"twitter:label1\" content=\"Escrito por\" \/>\n\t<meta name=\"twitter:data1\" content=\"soldadoadrianojose\" \/>\n\t<meta name=\"twitter:label2\" content=\"Est. tempo de leitura\" \/>\n\t<meta name=\"twitter:data2\" content=\"2 minutos\" \/>\n<script type=\"application\/ld+json\" class=\"yoast-schema-graph\">{\"@context\":\"https:\\\/\\\/schema.org\",\"@graph\":[{\"@type\":\"Article\",\"@id\":\"https:\\\/\\\/soldadoadrianojose.com.br\\\/index.php\\\/2023\\\/02\\\/28\\\/comissao-de-segurancaa-publica-na-assembleia-sera-presidida-pelo-deputado-soldado-adriano-pp\\\/#article\",\"isPartOf\":{\"@id\":\"https:\\\/\\\/soldadoadrianojose.com.br\\\/index.php\\\/2023\\\/02\\\/28\\\/comissao-de-segurancaa-publica-na-assembleia-sera-presidida-pelo-deputado-soldado-adriano-pp\\\/\"},\"author\":{\"name\":\"soldadoadrianojose\",\"@id\":\"https:\\\/\\\/soldadoadrianojose.com.br\\\/#\\\/schema\\\/person\\\/16f8e8defb7a4bd6c6082efcd1bdb6bb\"},\"headline\":\"Comiss\u00e3o de Seguran\u00e7a P\u00fablica na Assembleia ser\u00e1 presidida pelo deputado Soldado Adriano (PP)\",\"datePublished\":\"2023-02-28T21:55:53+00:00\",\"dateModified\":\"2023-02-28T21:58:14+00:00\",\"mainEntityOfPage\":{\"@id\":\"https:\\\/\\\/soldadoadrianojose.com.br\\\/index.php\\\/2023\\\/02\\\/28\\\/comissao-de-segurancaa-publica-na-assembleia-sera-presidida-pelo-deputado-soldado-adriano-pp\\\/\"},\"wordCount\":359,\"commentCount\":0,\"publisher\":{\"@id\":\"https:\\\/\\\/soldadoadrianojose.com.br\\\/#\\\/schema\\\/person\\\/16f8e8defb7a4bd6c6082efcd1bdb6bb\"},\"image\":{\"@id\":\"https:\\\/\\\/soldadoadrianojose.com.br\\\/index.php\\\/2023\\\/02\\\/28\\\/comissao-de-segurancaa-publica-na-assembleia-sera-presidida-pelo-deputado-soldado-adriano-pp\\\/#primaryimage\"},\"thumbnailUrl\":\"https:\\\/\\\/soldadoadrianojose.com.br\\\/wp-content\\\/uploads\\\/2023\\\/02\\\/WhatsApp-Image-2023-02-13-at-09.02.10.jpeg\",\"articleSection\":[\"GABINETE SD\"],\"inLanguage\":\"pt-BR\",\"potentialAction\":[{\"@type\":\"CommentAction\",\"name\":\"Comment\",\"target\":[\"https:\\\/\\\/soldadoadrianojose.com.br\\\/index.php\\\/2023\\\/02\\\/28\\\/comissao-de-segurancaa-publica-na-assembleia-sera-presidida-pelo-deputado-soldado-adriano-pp\\\/#respond\"]}]},{\"@type\":\"WebPage\",\"@id\":\"https:\\\/\\\/soldadoadrianojose.com.br\\\/index.php\\\/2023\\\/02\\\/28\\\/comissao-de-segurancaa-publica-na-assembleia-sera-presidida-pelo-deputado-soldado-adriano-pp\\\/\",\"url\":\"https:\\\/\\\/soldadoadrianojose.com.br\\\/index.php\\\/2023\\\/02\\\/28\\\/comissao-de-segurancaa-publica-na-assembleia-sera-presidida-pelo-deputado-soldado-adriano-pp\\\/\",\"name\":\"Comiss\u00e3o de Seguran\u00e7a P\u00fablica na Assembleia ser\u00e1 presidida pelo deputado Soldado Adriano (PP) - Deputado Adriano Jos\u00e9\",\"isPartOf\":{\"@id\":\"https:\\\/\\\/soldadoadrianojose.com.br\\\/#website\"},\"primaryImageOfPage\":{\"@id\":\"https:\\\/\\\/soldadoadrianojose.com.br\\\/index.php\\\/2023\\\/02\\\/28\\\/comissao-de-segurancaa-publica-na-assembleia-sera-presidida-pelo-deputado-soldado-adriano-pp\\\/#primaryimage\"},\"image\":{\"@id\":\"https:\\\/\\\/soldadoadrianojose.com.br\\\/index.php\\\/2023\\\/02\\\/28\\\/comissao-de-segurancaa-publica-na-assembleia-sera-presidida-pelo-deputado-soldado-adriano-pp\\\/#primaryimage\"},\"thumbnailUrl\":\"https:\\\/\\\/soldadoadrianojose.com.br\\\/wp-content\\\/uploads\\\/2023\\\/02\\\/WhatsApp-Image-2023-02-13-at-09.02.10.jpeg\",\"datePublished\":\"2023-02-28T21:55:53+00:00\",\"dateModified\":\"2023-02-28T21:58:14+00:00\",\"breadcrumb\":{\"@id\":\"https:\\\/\\\/soldadoadrianojose.com.br\\\/index.php\\\/2023\\\/02\\\/28\\\/comissao-de-segurancaa-publica-na-assembleia-sera-presidida-pelo-deputado-soldado-adriano-pp\\\/#breadcrumb\"},\"inLanguage\":\"pt-BR\",\"potentialAction\":[{\"@type\":\"ReadAction\",\"target\":[\"https:\\\/\\\/soldadoadrianojose.com.br\\\/index.php\\\/2023\\\/02\\\/28\\\/comissao-de-segurancaa-publica-na-assembleia-sera-presidida-pelo-deputado-soldado-adriano-pp\\\/\"]}]},{\"@type\":\"ImageObject\",\"inLanguage\":\"pt-BR\",\"@id\":\"https:\\\/\\\/soldadoadrianojose.com.br\\\/index.php\\\/2023\\\/02\\\/28\\\/comissao-de-segurancaa-publica-na-assembleia-sera-presidida-pelo-deputado-soldado-adriano-pp\\\/#primaryimage\",\"url\":\"https:\\\/\\\/soldadoadrianojose.com.br\\\/wp-content\\\/uploads\\\/2023\\\/02\\\/WhatsApp-Image-2023-02-13-at-09.02.10.jpeg\",\"contentUrl\":\"https:\\\/\\\/soldadoadrianojose.com.br\\\/wp-content\\\/uploads\\\/2023\\\/02\\\/WhatsApp-Image-2023-02-13-at-09.02.10.jpeg\",\"width\":1280,\"height\":913},{\"@type\":\"BreadcrumbList\",\"@id\":\"https:\\\/\\\/soldadoadrianojose.com.br\\\/index.php\\\/2023\\\/02\\\/28\\\/comissao-de-segurancaa-publica-na-assembleia-sera-presidida-pelo-deputado-soldado-adriano-pp\\\/#breadcrumb\",\"itemListElement\":[{\"@type\":\"ListItem\",\"position\":1,\"name\":\"In\u00edcio\",\"item\":\"https:\\\/\\\/soldadoadrianojose.com.br\\\/\"},{\"@type\":\"ListItem\",\"position\":2,\"name\":\"Comiss\u00e3o de Seguran\u00e7a P\u00fablica na Assembleia ser\u00e1 presidida pelo deputado Soldado Adriano (PP)\"}]},{\"@type\":\"WebSite\",\"@id\":\"https:\\\/\\\/soldadoadrianojose.com.br\\\/#website\",\"url\":\"https:\\\/\\\/soldadoadrianojose.com.br\\\/\",\"name\":\"Deputado Adriano Jos\u00e9\",\"description\":\"Nosso trabalho \u00e9 pelas pessoas\",\"publisher\":{\"@id\":\"https:\\\/\\\/soldadoadrianojose.com.br\\\/#\\\/schema\\\/person\\\/16f8e8defb7a4bd6c6082efcd1bdb6bb\"},\"potentialAction\":[{\"@type\":\"SearchAction\",\"target\":{\"@type\":\"EntryPoint\",\"urlTemplate\":\"https:\\\/\\\/soldadoadrianojose.com.br\\\/?s={search_term_string}\"},\"query-input\":{\"@type\":\"PropertyValueSpecification\",\"valueRequired\":true,\"valueName\":\"search_term_string\"}}],\"inLanguage\":\"pt-BR\"},{\"@type\":[\"Person\",\"Organization\"],\"@id\":\"https:\\\/\\\/soldadoadrianojose.com.br\\\/#\\\/schema\\\/person\\\/16f8e8defb7a4bd6c6082efcd1bdb6bb\",\"name\":\"soldadoadrianojose\",\"image\":{\"@type\":\"ImageObject\",\"inLanguage\":\"pt-BR\",\"@id\":\"https:\\\/\\\/soldadoadrianojose.com.br\\\/wp-content\\\/uploads\\\/2023\\\/02\\\/LOGO_CLEAR-5.png\",\"url\":\"https:\\\/\\\/soldadoadrianojose.com.br\\\/wp-content\\\/uploads\\\/2023\\\/02\\\/LOGO_CLEAR-5.png\",\"contentUrl\":\"https:\\\/\\\/soldadoadrianojose.com.br\\\/wp-content\\\/uploads\\\/2023\\\/02\\\/LOGO_CLEAR-5.png\",\"width\":3508,\"height\":998,\"caption\":\"soldadoadrianojose\"},\"logo\":{\"@id\":\"https:\\\/\\\/soldadoadrianojose.com.br\\\/wp-content\\\/uploads\\\/2023\\\/02\\\/LOGO_CLEAR-5.png\"},\"sameAs\":[\"https:\\\/\\\/soldadoadrianojose.com.br\"],\"url\":\"https:\\\/\\\/soldadoadrianojose.com.br\\\/index.php\\\/author\\\/soldadoadrianojose\\\/\"}]}<\/script>\n<!-- \/ Yoast SEO plugin. -->","yoast_head_json":{"title":"Comiss\u00e3o de Seguran\u00e7a P\u00fablica na Assembleia ser\u00e1 presidida pelo deputado Soldado Adriano (PP) - Deputado Adriano Jos\u00e9","robots":{"index":"index","follow":"follow","max-snippet":"max-snippet:-1","max-image-preview":"max-image-preview:large","max-video-preview":"max-video-preview:-1"},"canonical":"https:\/\/soldadoadrianojose.com.br\/index.php\/2023\/02\/28\/comissao-de-segurancaa-publica-na-assembleia-sera-presidida-pelo-deputado-soldado-adriano-pp\/","og_locale":"pt_BR","og_type":"article","og_title":"Comiss\u00e3o de Seguran\u00e7a P\u00fablica na Assembleia ser\u00e1 presidida pelo deputado Soldado Adriano (PP) - Deputado Adriano Jos\u00e9","og_description":"O deputado Soldado Adriano (PP) ser\u00e1 o presidente da Comiss\u00e3o de Seguran\u00e7a P\u00fablica da Assembleia Legislativa. Com a experi\u00eancia de quem j\u00e1 foi Policial Militar, o parlamentar vai atuar na comiss\u00e3o que ir\u00e1 avaliar e propor a\u00e7\u00f5es que possam melhorar a seguran\u00e7a dos cidad\u00e3os do Paran\u00e1. \u201cA escolha para presidir a Comiss\u00e3o de Seguran\u00e7a P\u00fablica [&hellip;]","og_url":"https:\/\/soldadoadrianojose.com.br\/index.php\/2023\/02\/28\/comissao-de-segurancaa-publica-na-assembleia-sera-presidida-pelo-deputado-soldado-adriano-pp\/","og_site_name":"Deputado Adriano Jos\u00e9","article_published_time":"2023-02-28T21:55:53+00:00","article_modified_time":"2023-02-28T21:58:14+00:00","og_image":[{"width":1280,"height":913,"url":"https:\/\/soldadoadrianojose.com.br\/wp-content\/uploads\/2023\/02\/WhatsApp-Image-2023-02-13-at-09.02.10.jpeg","type":"image\/jpeg"}],"author":"soldadoadrianojose","twitter_card":"summary_large_image","twitter_misc":{"Escrito por":"soldadoadrianojose","Est. tempo de leitura":"2 minutos"},"schema":{"@context":"https:\/\/schema.org","@graph":[{"@type":"Article","@id":"https:\/\/soldadoadrianojose.com.br\/index.php\/2023\/02\/28\/comissao-de-segurancaa-publica-na-assembleia-sera-presidida-pelo-deputado-soldado-adriano-pp\/#article","isPartOf":{"@id":"https:\/\/soldadoadrianojose.com.br\/index.php\/2023\/02\/28\/comissao-de-segurancaa-publica-na-assembleia-sera-presidida-pelo-deputado-soldado-adriano-pp\/"},"author":{"name":"soldadoadrianojose","@id":"https:\/\/soldadoadrianojose.com.br\/#\/schema\/person\/16f8e8defb7a4bd6c6082efcd1bdb6bb"},"headline":"Comiss\u00e3o de Seguran\u00e7a P\u00fablica na Assembleia ser\u00e1 presidida pelo deputado Soldado Adriano (PP)","datePublished":"2023-02-28T21:55:53+00:00","dateModified":"2023-02-28T21:58:14+00:00","mainEntityOfPage":{"@id":"https:\/\/soldadoadrianojose.com.br\/index.php\/2023\/02\/28\/comissao-de-segurancaa-publica-na-assembleia-sera-presidida-pelo-deputado-soldado-adriano-pp\/"},"wordCount":359,"commentCount":0,"publisher":{"@id":"https:\/\/soldadoadrianojose.com.br\/#\/schema\/person\/16f8e8defb7a4bd6c6082efcd1bdb6bb"},"image":{"@id":"https:\/\/soldadoadrianojose.com.br\/index.php\/2023\/02\/28\/comissao-de-segurancaa-publica-na-assembleia-sera-presidida-pelo-deputado-soldado-adriano-pp\/#primaryimage"},"thumbnailUrl":"https:\/\/soldadoadrianojose.com.br\/wp-content\/uploads\/2023\/02\/WhatsApp-Image-2023-02-13-at-09.02.10.jpeg","articleSection":["GABINETE SD"],"inLanguage":"pt-BR","potentialAction":[{"@type":"CommentAction","name":"Comment","target":["https:\/\/soldadoadrianojose.com.br\/index.php\/2023\/02\/28\/comissao-de-segurancaa-publica-na-assembleia-sera-presidida-pelo-deputado-soldado-adriano-pp\/#respond"]}]},{"@type":"WebPage","@id":"https:\/\/soldadoadrianojose.com.br\/index.php\/2023\/02\/28\/comissao-de-segurancaa-publica-na-assembleia-sera-presidida-pelo-deputado-soldado-adriano-pp\/","url":"https:\/\/soldadoadrianojose.com.br\/index.php\/2023\/02\/28\/comissao-de-segurancaa-publica-na-assembleia-sera-presidida-pelo-deputado-soldado-adriano-pp\/","name":"Comiss\u00e3o de Seguran\u00e7a P\u00fablica na Assembleia ser\u00e1 presidida pelo deputado Soldado Adriano (PP) - Deputado Adriano Jos\u00e9","isPartOf":{"@id":"https:\/\/soldadoadrianojose.com.br\/#website"},"primaryImageOfPage":{"@id":"https:\/\/soldadoadrianojose.com.br\/index.php\/2023\/02\/28\/comissao-de-segurancaa-publica-na-assembleia-sera-presidida-pelo-deputado-soldado-adriano-pp\/#primaryimage"},"image":{"@id":"https:\/\/soldadoadrianojose.com.br\/index.php\/2023\/02\/28\/comissao-de-segurancaa-publica-na-assembleia-sera-presidida-pelo-deputado-soldado-adriano-pp\/#primaryimage"},"thumbnailUrl":"https:\/\/soldadoadrianojose.com.br\/wp-content\/uploads\/2023\/02\/WhatsApp-Image-2023-02-13-at-09.02.10.jpeg","datePublished":"2023-02-28T21:55:53+00:00","dateModified":"2023-02-28T21:58:14+00:00","breadcrumb":{"@id":"https:\/\/soldadoadrianojose.com.br\/index.php\/2023\/02\/28\/comissao-de-segurancaa-publica-na-assembleia-sera-presidida-pelo-deputado-soldado-adriano-pp\/#breadcrumb"},"inLanguage":"pt-BR","potentialAction":[{"@type":"ReadAction","target":["https:\/\/soldadoadrianojose.com.br\/index.php\/2023\/02\/28\/comissao-de-segurancaa-publica-na-assembleia-sera-presidida-pelo-deputado-soldado-adriano-pp\/"]}]},{"@type":"ImageObject","inLanguage":"pt-BR","@id":"https:\/\/soldadoadrianojose.com.br\/index.php\/2023\/02\/28\/comissao-de-segurancaa-publica-na-assembleia-sera-presidida-pelo-deputado-soldado-adriano-pp\/#primaryimage","url":"https:\/\/soldadoadrianojose.com.br\/wp-content\/uploads\/2023\/02\/WhatsApp-Image-2023-02-13-at-09.02.10.jpeg","contentUrl":"https:\/\/soldadoadrianojose.com.br\/wp-content\/uploads\/2023\/02\/WhatsApp-Image-2023-02-13-at-09.02.10.jpeg","width":1280,"height":913},{"@type":"BreadcrumbList","@id":"https:\/\/soldadoadrianojose.com.br\/index.php\/2023\/02\/28\/comissao-de-segurancaa-publica-na-assembleia-sera-presidida-pelo-deputado-soldado-adriano-pp\/#breadcrumb","itemListElement":[{"@type":"ListItem","position":1,"name":"In\u00edcio","item":"https:\/\/soldadoadrianojose.com.br\/"},{"@type":"ListItem","position":2,"name":"Comiss\u00e3o de Seguran\u00e7a P\u00fablica na Assembleia ser\u00e1 presidida pelo deputado Soldado Adriano (PP)"}]},{"@type":"WebSite","@id":"https:\/\/soldadoadrianojose.com.br\/#website","url":"https:\/\/soldadoadrianojose.com.br\/","name":"Deputado Adriano Jos\u00e9","description":"Nosso trabalho \u00e9 pelas pessoas","publisher":{"@id":"https:\/\/soldadoadrianojose.com.br\/#\/schema\/person\/16f8e8defb7a4bd6c6082efcd1bdb6bb"},"potentialAction":[{"@type":"SearchAction","target":{"@type":"EntryPoint","urlTemplate":"https:\/\/soldadoadrianojose.com.br\/?s={search_term_string}"},"query-input":{"@type":"PropertyValueSpecification","valueRequired":true,"valueName":"search_term_string"}}],"inLanguage":"pt-BR"},{"@type":["Person","Organization"],"@id":"https:\/\/soldadoadrianojose.com.br\/#\/schema\/person\/16f8e8defb7a4bd6c6082efcd1bdb6bb","name":"soldadoadrianojose","image":{"@type":"ImageObject","inLanguage":"pt-BR","@id":"https:\/\/soldadoadrianojose.com.br\/wp-content\/uploads\/2023\/02\/LOGO_CLEAR-5.png","url":"https:\/\/soldadoadrianojose.com.br\/wp-content\/uploads\/2023\/02\/LOGO_CLEAR-5.png","contentUrl":"https:\/\/soldadoadrianojose.com.br\/wp-content\/uploads\/2023\/02\/LOGO_CLEAR-5.png","width":3508,"height":998,"caption":"soldadoadrianojose"},"logo":{"@id":"https:\/\/soldadoadrianojose.com.br\/wp-content\/uploads\/2023\/02\/LOGO_CLEAR-5.png"},"sameAs":["https:\/\/soldadoadrianojose.com.br"],"url":"https:\/\/soldadoadrianojose.com.br\/index.php\/author\/soldadoadrianojose\/"}]}},"jetpack_featured_media_url":"https:\/\/soldadoadrianojose.com.br\/wp-content\/uploads\/2023\/02\/WhatsApp-Image-2023-02-13-at-09.02.10.jpeg","_links":{"self":[{"href":"https:\/\/soldadoadrianojose.com.br\/index.php\/wp-json\/wp\/v2\/posts\/501","targetHints":{"allow":["GET"]}}],"collection":[{"href":"https:\/\/soldadoadrianojose.com.br\/index.php\/wp-json\/wp\/v2\/posts"}],"about":[{"href":"https:\/\/soldadoadrianojose.com.br\/index.php\/wp-json\/wp\/v2\/types\/post"}],"author":[{"embeddable":true,"href":"https:\/\/soldadoadrianojose.com.br\/index.php\/wp-json\/wp\/v2\/users\/1"}],"replies":[{"embeddable":true,"href":"https:\/\/soldadoadrianojose.com.br\/index.php\/wp-json\/wp\/v2\/comments?post=501"}],"version-history":[{"count":1,"href":"https:\/\/soldadoadrianojose.com.br\/index.php\/wp-json\/wp\/v2\/posts\/501\/revisions"}],"predecessor-version":[{"id":503,"href":"https:\/\/soldadoadrianojose.com.br\/index.php\/wp-json\/wp\/v2\/posts\/501\/revisions\/503"}],"wp:featuredmedia":[{"embeddable":true,"href":"https:\/\/soldadoadrianojose.com.br\/index.php\/wp-json\/wp\/v2\/media\/256"}],"wp:attachment":[{"href":"https:\/\/soldadoadrianojose.com.br\/index.php\/wp-json\/wp\/v2\/media?parent=501"}],"wp:term":[{"taxonomy":"category","embeddable":true,"href":"https:\/\/soldadoadrianojose.com.br\/index.php\/wp-json\/wp\/v2\/categories?post=501"},{"taxonomy":"post_tag","embeddable":true,"href":"https:\/\/soldadoadrianojose.com.br\/index.php\/wp-json\/wp\/v2\/tags?post=501"}],"curies":[{"name":"wp","href":"https:\/\/api.w.org\/{rel}","templated":true}]}}