{"id":515,"date":"2023-03-07T14:17:09","date_gmt":"2023-03-07T17:17:09","guid":{"rendered":"https:\/\/soldadoadrianojose.com.br\/?p=515"},"modified":"2023-03-07T14:17:09","modified_gmt":"2023-03-07T17:17:09","slug":"grande-expediente-homenageia-o-dia-internacional-da-mulher","status":"publish","type":"post","link":"https:\/\/soldadoadrianojose.com.br\/index.php\/2023\/03\/07\/grande-expediente-homenageia-o-dia-internacional-da-mulher\/","title":{"rendered":"Grande Expediente homenageia o Dia Internacional da Mulher"},"content":{"rendered":"\n<p>Na ocasi\u00e3o, o Pr\u00eamio Rosy de Macedo, criado pela Bancada Feminina na Casa, ser\u00e1 concedido a dez mulheres de destaque em suas atividades.<\/p>\n\n\n\n<p>A Assembleia Legislativa do Paran\u00e1 promove no Grande Expediente da sess\u00e3o plen\u00e1ria desta quarta-feira (8) uma homenagem especial \u00e0s paranaenses em comemora\u00e7\u00e3o ao Dia Internacional da Mulher. A proposi\u00e7\u00e3o \u00e9 da lideran\u00e7a da Bancada Feminina, da Comiss\u00e3o de Defesa dos Direitos da Mulher e Procuradoria Especial da Mulher. Durante a ocasi\u00e3o dez mulheres ser\u00e3o agraciadas com o Pr\u00eamio Rosy de Macedo.<\/p>\n\n\n\n<p>O objetivo \u00e9 homenagear mulheres que se destaquem em suas atividades e que representem a for\u00e7a, garra e determina\u00e7\u00e3o da mulher. O projeto do pr\u00eamio \u00e9 de autoria do presidente da Assembleia Legislativa, deputado Ademar Traiano (PSD) e do primeiro secretario da casa, deputado Alexandre Curi (PSD) e das deputadas que integram a bancada feminina na Assembleia Legislativa: Mabel Canto (PSDB), Ana J\u00falia (PT), Cantora Mara Lima (REP), Cloara Pinheiro (PSD), Cristina Silvestri (PSDB), Fl\u00e1via Francischini (UNI\u00c3O), Luciana Rafagnin (PT), M\u00e1rcia Hu\u00e7ulak (PSD), Maria Victoria (PP) e Marli Paulino (SD).<\/p>\n\n\n\n<p>\u201cA iniciativa \u00e9 muito importante porque valoriza a mulher paranaense ao mesmo tempo em que homenageia uma pioneira da nossa pol\u00edtica, que desbravou os caminhos para que hoje a Assembleia tivesse a maior bancada feminina da sua hist\u00f3ria, dentre outras grandes conquistas\u201d, destacou Curi.<\/p>\n\n\n\n<p><strong>Hist\u00f3ria<\/strong><\/p>\n\n\n\n<p>Rosy de Macedo Pinheiro Lima foi a primeira deputada paranaense, com apenas 19 anos, recebeu o grau de bacharel em Direito pela Faculdade de Direito do Paran\u00e1. Em dezembro do mesmo ano, juntamente com Ilnah Secundino e Delo\u00e9 Scala, fundou o Centro Paranaense Feminino de Cultura. Logo depois foi estudar no Rio de Janeiro, onde concluiu o curso de doutorado em Direito Privado. Foi a primeira brasileira a conquistar o t\u00edtulo de doutor em Direito pela Universidade do Brasil. Advogada obteve, em 1943, uma bolsa de estudos na Inglaterra, onde frequentou a Universidade de Cambridge, onde teve sua tese aprovada. Tamb\u00e9m se dedicou ao jornalismo e \u00e0s letras, com v\u00e1rios trabalhos em prosa e em verso.<\/p>\n","protected":false},"excerpt":{"rendered":"<p>Na ocasi\u00e3o, o Pr\u00eamio Rosy de Macedo, criado pela Bancada Feminina na Casa, ser\u00e1 concedido a dez mulheres de destaque em suas atividades. A Assembleia Legislativa do Paran\u00e1 promove no Grande Expediente da sess\u00e3o plen\u00e1ria desta quarta-feira (8) uma homenagem especial \u00e0s paranaenses em comemora\u00e7\u00e3o ao Dia Internacional da Mulher. A proposi\u00e7\u00e3o \u00e9 da lideran\u00e7a [&hellip;]<\/p>\n","protected":false},"author":1,"featured_media":516,"comment_status":"open","ping_status":"open","sticky":false,"template":"","format":"standard","meta":{"footnotes":""},"categories":[5],"tags":[],"class_list":["post-515","post","type-post","status-publish","format-standard","has-post-thumbnail","hentry","category-parana"],"yoast_head":"<!-- This site is optimized with the Yoast SEO plugin v27.4 - https:\/\/yoast.com\/product\/yoast-seo-wordpress\/ -->\n<title>Grande Expediente homenageia o Dia Internacional da Mulher - Deputado Adriano Jos\u00e9<\/title>\n<meta name=\"robots\" content=\"index, follow, max-snippet:-1, max-image-preview:large, max-video-preview:-1\" \/>\n<link rel=\"canonical\" href=\"https:\/\/soldadoadrianojose.com.br\/index.php\/2023\/03\/07\/grande-expediente-homenageia-o-dia-internacional-da-mulher\/\" \/>\n<meta property=\"og:locale\" content=\"pt_BR\" \/>\n<meta property=\"og:type\" content=\"article\" \/>\n<meta property=\"og:title\" content=\"Grande Expediente homenageia o Dia Internacional da Mulher - Deputado Adriano Jos\u00e9\" \/>\n<meta property=\"og:description\" content=\"Na ocasi\u00e3o, o Pr\u00eamio Rosy de Macedo, criado pela Bancada Feminina na Casa, ser\u00e1 concedido a dez mulheres de destaque em suas atividades. A Assembleia Legislativa do Paran\u00e1 promove no Grande Expediente da sess\u00e3o plen\u00e1ria desta quarta-feira (8) uma homenagem especial \u00e0s paranaenses em comemora\u00e7\u00e3o ao Dia Internacional da Mulher. A proposi\u00e7\u00e3o \u00e9 da lideran\u00e7a [&hellip;]\" \/>\n<meta property=\"og:url\" content=\"https:\/\/soldadoadrianojose.com.br\/index.php\/2023\/03\/07\/grande-expediente-homenageia-o-dia-internacional-da-mulher\/\" \/>\n<meta property=\"og:site_name\" content=\"Deputado Adriano Jos\u00e9\" \/>\n<meta property=\"article:published_time\" content=\"2023-03-07T17:17:09+00:00\" \/>\n<meta property=\"og:image\" content=\"https:\/\/soldadoadrianojose.com.br\/wp-content\/uploads\/2023\/03\/nDXflzfQR1TZutwkB0cSbJWrrm00azq024kYApH4.jpeg\" \/>\n\t<meta property=\"og:image:width\" content=\"863\" \/>\n\t<meta property=\"og:image:height\" content=\"573\" \/>\n\t<meta property=\"og:image:type\" content=\"image\/jpeg\" \/>\n<meta name=\"author\" content=\"soldadoadrianojose\" \/>\n<meta name=\"twitter:card\" content=\"summary_large_image\" \/>\n<meta name=\"twitter:label1\" content=\"Escrito por\" \/>\n\t<meta name=\"twitter:data1\" content=\"soldadoadrianojose\" \/>\n\t<meta name=\"twitter:label2\" content=\"Est. tempo de leitura\" \/>\n\t<meta name=\"twitter:data2\" content=\"2 minutos\" \/>\n<script type=\"application\/ld+json\" class=\"yoast-schema-graph\">{\"@context\":\"https:\\\/\\\/schema.org\",\"@graph\":[{\"@type\":\"Article\",\"@id\":\"https:\\\/\\\/soldadoadrianojose.com.br\\\/index.php\\\/2023\\\/03\\\/07\\\/grande-expediente-homenageia-o-dia-internacional-da-mulher\\\/#article\",\"isPartOf\":{\"@id\":\"https:\\\/\\\/soldadoadrianojose.com.br\\\/index.php\\\/2023\\\/03\\\/07\\\/grande-expediente-homenageia-o-dia-internacional-da-mulher\\\/\"},\"author\":{\"name\":\"soldadoadrianojose\",\"@id\":\"https:\\\/\\\/soldadoadrianojose.com.br\\\/#\\\/schema\\\/person\\\/16f8e8defb7a4bd6c6082efcd1bdb6bb\"},\"headline\":\"Grande Expediente homenageia o Dia Internacional da Mulher\",\"datePublished\":\"2023-03-07T17:17:09+00:00\",\"mainEntityOfPage\":{\"@id\":\"https:\\\/\\\/soldadoadrianojose.com.br\\\/index.php\\\/2023\\\/03\\\/07\\\/grande-expediente-homenageia-o-dia-internacional-da-mulher\\\/\"},\"wordCount\":361,\"commentCount\":0,\"publisher\":{\"@id\":\"https:\\\/\\\/soldadoadrianojose.com.br\\\/#\\\/schema\\\/person\\\/16f8e8defb7a4bd6c6082efcd1bdb6bb\"},\"image\":{\"@id\":\"https:\\\/\\\/soldadoadrianojose.com.br\\\/index.php\\\/2023\\\/03\\\/07\\\/grande-expediente-homenageia-o-dia-internacional-da-mulher\\\/#primaryimage\"},\"thumbnailUrl\":\"https:\\\/\\\/soldadoadrianojose.com.br\\\/wp-content\\\/uploads\\\/2023\\\/03\\\/nDXflzfQR1TZutwkB0cSbJWrrm00azq024kYApH4.jpeg\",\"articleSection\":[\"PARAN\u00c1\"],\"inLanguage\":\"pt-BR\",\"potentialAction\":[{\"@type\":\"CommentAction\",\"name\":\"Comment\",\"target\":[\"https:\\\/\\\/soldadoadrianojose.com.br\\\/index.php\\\/2023\\\/03\\\/07\\\/grande-expediente-homenageia-o-dia-internacional-da-mulher\\\/#respond\"]}]},{\"@type\":\"WebPage\",\"@id\":\"https:\\\/\\\/soldadoadrianojose.com.br\\\/index.php\\\/2023\\\/03\\\/07\\\/grande-expediente-homenageia-o-dia-internacional-da-mulher\\\/\",\"url\":\"https:\\\/\\\/soldadoadrianojose.com.br\\\/index.php\\\/2023\\\/03\\\/07\\\/grande-expediente-homenageia-o-dia-internacional-da-mulher\\\/\",\"name\":\"Grande Expediente homenageia o Dia Internacional da Mulher - Deputado Adriano Jos\u00e9\",\"isPartOf\":{\"@id\":\"https:\\\/\\\/soldadoadrianojose.com.br\\\/#website\"},\"primaryImageOfPage\":{\"@id\":\"https:\\\/\\\/soldadoadrianojose.com.br\\\/index.php\\\/2023\\\/03\\\/07\\\/grande-expediente-homenageia-o-dia-internacional-da-mulher\\\/#primaryimage\"},\"image\":{\"@id\":\"https:\\\/\\\/soldadoadrianojose.com.br\\\/index.php\\\/2023\\\/03\\\/07\\\/grande-expediente-homenageia-o-dia-internacional-da-mulher\\\/#primaryimage\"},\"thumbnailUrl\":\"https:\\\/\\\/soldadoadrianojose.com.br\\\/wp-content\\\/uploads\\\/2023\\\/03\\\/nDXflzfQR1TZutwkB0cSbJWrrm00azq024kYApH4.jpeg\",\"datePublished\":\"2023-03-07T17:17:09+00:00\",\"breadcrumb\":{\"@id\":\"https:\\\/\\\/soldadoadrianojose.com.br\\\/index.php\\\/2023\\\/03\\\/07\\\/grande-expediente-homenageia-o-dia-internacional-da-mulher\\\/#breadcrumb\"},\"inLanguage\":\"pt-BR\",\"potentialAction\":[{\"@type\":\"ReadAction\",\"target\":[\"https:\\\/\\\/soldadoadrianojose.com.br\\\/index.php\\\/2023\\\/03\\\/07\\\/grande-expediente-homenageia-o-dia-internacional-da-mulher\\\/\"]}]},{\"@type\":\"ImageObject\",\"inLanguage\":\"pt-BR\",\"@id\":\"https:\\\/\\\/soldadoadrianojose.com.br\\\/index.php\\\/2023\\\/03\\\/07\\\/grande-expediente-homenageia-o-dia-internacional-da-mulher\\\/#primaryimage\",\"url\":\"https:\\\/\\\/soldadoadrianojose.com.br\\\/wp-content\\\/uploads\\\/2023\\\/03\\\/nDXflzfQR1TZutwkB0cSbJWrrm00azq024kYApH4.jpeg\",\"contentUrl\":\"https:\\\/\\\/soldadoadrianojose.com.br\\\/wp-content\\\/uploads\\\/2023\\\/03\\\/nDXflzfQR1TZutwkB0cSbJWrrm00azq024kYApH4.jpeg\",\"width\":863,\"height\":573},{\"@type\":\"BreadcrumbList\",\"@id\":\"https:\\\/\\\/soldadoadrianojose.com.br\\\/index.php\\\/2023\\\/03\\\/07\\\/grande-expediente-homenageia-o-dia-internacional-da-mulher\\\/#breadcrumb\",\"itemListElement\":[{\"@type\":\"ListItem\",\"position\":1,\"name\":\"In\u00edcio\",\"item\":\"https:\\\/\\\/soldadoadrianojose.com.br\\\/\"},{\"@type\":\"ListItem\",\"position\":2,\"name\":\"Grande Expediente homenageia o Dia Internacional da Mulher\"}]},{\"@type\":\"WebSite\",\"@id\":\"https:\\\/\\\/soldadoadrianojose.com.br\\\/#website\",\"url\":\"https:\\\/\\\/soldadoadrianojose.com.br\\\/\",\"name\":\"Deputado Adriano Jos\u00e9\",\"description\":\"Nosso trabalho \u00e9 pelas pessoas\",\"publisher\":{\"@id\":\"https:\\\/\\\/soldadoadrianojose.com.br\\\/#\\\/schema\\\/person\\\/16f8e8defb7a4bd6c6082efcd1bdb6bb\"},\"potentialAction\":[{\"@type\":\"SearchAction\",\"target\":{\"@type\":\"EntryPoint\",\"urlTemplate\":\"https:\\\/\\\/soldadoadrianojose.com.br\\\/?s={search_term_string}\"},\"query-input\":{\"@type\":\"PropertyValueSpecification\",\"valueRequired\":true,\"valueName\":\"search_term_string\"}}],\"inLanguage\":\"pt-BR\"},{\"@type\":[\"Person\",\"Organization\"],\"@id\":\"https:\\\/\\\/soldadoadrianojose.com.br\\\/#\\\/schema\\\/person\\\/16f8e8defb7a4bd6c6082efcd1bdb6bb\",\"name\":\"soldadoadrianojose\",\"image\":{\"@type\":\"ImageObject\",\"inLanguage\":\"pt-BR\",\"@id\":\"https:\\\/\\\/soldadoadrianojose.com.br\\\/wp-content\\\/uploads\\\/2023\\\/02\\\/LOGO_CLEAR-5.png\",\"url\":\"https:\\\/\\\/soldadoadrianojose.com.br\\\/wp-content\\\/uploads\\\/2023\\\/02\\\/LOGO_CLEAR-5.png\",\"contentUrl\":\"https:\\\/\\\/soldadoadrianojose.com.br\\\/wp-content\\\/uploads\\\/2023\\\/02\\\/LOGO_CLEAR-5.png\",\"width\":3508,\"height\":998,\"caption\":\"soldadoadrianojose\"},\"logo\":{\"@id\":\"https:\\\/\\\/soldadoadrianojose.com.br\\\/wp-content\\\/uploads\\\/2023\\\/02\\\/LOGO_CLEAR-5.png\"},\"sameAs\":[\"https:\\\/\\\/soldadoadrianojose.com.br\"],\"url\":\"https:\\\/\\\/soldadoadrianojose.com.br\\\/index.php\\\/author\\\/soldadoadrianojose\\\/\"}]}<\/script>\n<!-- \/ Yoast SEO plugin. -->","yoast_head_json":{"title":"Grande Expediente homenageia o Dia Internacional da Mulher - Deputado Adriano Jos\u00e9","robots":{"index":"index","follow":"follow","max-snippet":"max-snippet:-1","max-image-preview":"max-image-preview:large","max-video-preview":"max-video-preview:-1"},"canonical":"https:\/\/soldadoadrianojose.com.br\/index.php\/2023\/03\/07\/grande-expediente-homenageia-o-dia-internacional-da-mulher\/","og_locale":"pt_BR","og_type":"article","og_title":"Grande Expediente homenageia o Dia Internacional da Mulher - Deputado Adriano Jos\u00e9","og_description":"Na ocasi\u00e3o, o Pr\u00eamio Rosy de Macedo, criado pela Bancada Feminina na Casa, ser\u00e1 concedido a dez mulheres de destaque em suas atividades. A Assembleia Legislativa do Paran\u00e1 promove no Grande Expediente da sess\u00e3o plen\u00e1ria desta quarta-feira (8) uma homenagem especial \u00e0s paranaenses em comemora\u00e7\u00e3o ao Dia Internacional da Mulher. A proposi\u00e7\u00e3o \u00e9 da lideran\u00e7a [&hellip;]","og_url":"https:\/\/soldadoadrianojose.com.br\/index.php\/2023\/03\/07\/grande-expediente-homenageia-o-dia-internacional-da-mulher\/","og_site_name":"Deputado Adriano Jos\u00e9","article_published_time":"2023-03-07T17:17:09+00:00","og_image":[{"width":863,"height":573,"url":"https:\/\/soldadoadrianojose.com.br\/wp-content\/uploads\/2023\/03\/nDXflzfQR1TZutwkB0cSbJWrrm00azq024kYApH4.jpeg","type":"image\/jpeg"}],"author":"soldadoadrianojose","twitter_card":"summary_large_image","twitter_misc":{"Escrito por":"soldadoadrianojose","Est. tempo de leitura":"2 minutos"},"schema":{"@context":"https:\/\/schema.org","@graph":[{"@type":"Article","@id":"https:\/\/soldadoadrianojose.com.br\/index.php\/2023\/03\/07\/grande-expediente-homenageia-o-dia-internacional-da-mulher\/#article","isPartOf":{"@id":"https:\/\/soldadoadrianojose.com.br\/index.php\/2023\/03\/07\/grande-expediente-homenageia-o-dia-internacional-da-mulher\/"},"author":{"name":"soldadoadrianojose","@id":"https:\/\/soldadoadrianojose.com.br\/#\/schema\/person\/16f8e8defb7a4bd6c6082efcd1bdb6bb"},"headline":"Grande Expediente homenageia o Dia Internacional da Mulher","datePublished":"2023-03-07T17:17:09+00:00","mainEntityOfPage":{"@id":"https:\/\/soldadoadrianojose.com.br\/index.php\/2023\/03\/07\/grande-expediente-homenageia-o-dia-internacional-da-mulher\/"},"wordCount":361,"commentCount":0,"publisher":{"@id":"https:\/\/soldadoadrianojose.com.br\/#\/schema\/person\/16f8e8defb7a4bd6c6082efcd1bdb6bb"},"image":{"@id":"https:\/\/soldadoadrianojose.com.br\/index.php\/2023\/03\/07\/grande-expediente-homenageia-o-dia-internacional-da-mulher\/#primaryimage"},"thumbnailUrl":"https:\/\/soldadoadrianojose.com.br\/wp-content\/uploads\/2023\/03\/nDXflzfQR1TZutwkB0cSbJWrrm00azq024kYApH4.jpeg","articleSection":["PARAN\u00c1"],"inLanguage":"pt-BR","potentialAction":[{"@type":"CommentAction","name":"Comment","target":["https:\/\/soldadoadrianojose.com.br\/index.php\/2023\/03\/07\/grande-expediente-homenageia-o-dia-internacional-da-mulher\/#respond"]}]},{"@type":"WebPage","@id":"https:\/\/soldadoadrianojose.com.br\/index.php\/2023\/03\/07\/grande-expediente-homenageia-o-dia-internacional-da-mulher\/","url":"https:\/\/soldadoadrianojose.com.br\/index.php\/2023\/03\/07\/grande-expediente-homenageia-o-dia-internacional-da-mulher\/","name":"Grande Expediente homenageia o Dia Internacional da Mulher - Deputado Adriano Jos\u00e9","isPartOf":{"@id":"https:\/\/soldadoadrianojose.com.br\/#website"},"primaryImageOfPage":{"@id":"https:\/\/soldadoadrianojose.com.br\/index.php\/2023\/03\/07\/grande-expediente-homenageia-o-dia-internacional-da-mulher\/#primaryimage"},"image":{"@id":"https:\/\/soldadoadrianojose.com.br\/index.php\/2023\/03\/07\/grande-expediente-homenageia-o-dia-internacional-da-mulher\/#primaryimage"},"thumbnailUrl":"https:\/\/soldadoadrianojose.com.br\/wp-content\/uploads\/2023\/03\/nDXflzfQR1TZutwkB0cSbJWrrm00azq024kYApH4.jpeg","datePublished":"2023-03-07T17:17:09+00:00","breadcrumb":{"@id":"https:\/\/soldadoadrianojose.com.br\/index.php\/2023\/03\/07\/grande-expediente-homenageia-o-dia-internacional-da-mulher\/#breadcrumb"},"inLanguage":"pt-BR","potentialAction":[{"@type":"ReadAction","target":["https:\/\/soldadoadrianojose.com.br\/index.php\/2023\/03\/07\/grande-expediente-homenageia-o-dia-internacional-da-mulher\/"]}]},{"@type":"ImageObject","inLanguage":"pt-BR","@id":"https:\/\/soldadoadrianojose.com.br\/index.php\/2023\/03\/07\/grande-expediente-homenageia-o-dia-internacional-da-mulher\/#primaryimage","url":"https:\/\/soldadoadrianojose.com.br\/wp-content\/uploads\/2023\/03\/nDXflzfQR1TZutwkB0cSbJWrrm00azq024kYApH4.jpeg","contentUrl":"https:\/\/soldadoadrianojose.com.br\/wp-content\/uploads\/2023\/03\/nDXflzfQR1TZutwkB0cSbJWrrm00azq024kYApH4.jpeg","width":863,"height":573},{"@type":"BreadcrumbList","@id":"https:\/\/soldadoadrianojose.com.br\/index.php\/2023\/03\/07\/grande-expediente-homenageia-o-dia-internacional-da-mulher\/#breadcrumb","itemListElement":[{"@type":"ListItem","position":1,"name":"In\u00edcio","item":"https:\/\/soldadoadrianojose.com.br\/"},{"@type":"ListItem","position":2,"name":"Grande Expediente homenageia o Dia Internacional da Mulher"}]},{"@type":"WebSite","@id":"https:\/\/soldadoadrianojose.com.br\/#website","url":"https:\/\/soldadoadrianojose.com.br\/","name":"Deputado Adriano Jos\u00e9","description":"Nosso trabalho \u00e9 pelas pessoas","publisher":{"@id":"https:\/\/soldadoadrianojose.com.br\/#\/schema\/person\/16f8e8defb7a4bd6c6082efcd1bdb6bb"},"potentialAction":[{"@type":"SearchAction","target":{"@type":"EntryPoint","urlTemplate":"https:\/\/soldadoadrianojose.com.br\/?s={search_term_string}"},"query-input":{"@type":"PropertyValueSpecification","valueRequired":true,"valueName":"search_term_string"}}],"inLanguage":"pt-BR"},{"@type":["Person","Organization"],"@id":"https:\/\/soldadoadrianojose.com.br\/#\/schema\/person\/16f8e8defb7a4bd6c6082efcd1bdb6bb","name":"soldadoadrianojose","image":{"@type":"ImageObject","inLanguage":"pt-BR","@id":"https:\/\/soldadoadrianojose.com.br\/wp-content\/uploads\/2023\/02\/LOGO_CLEAR-5.png","url":"https:\/\/soldadoadrianojose.com.br\/wp-content\/uploads\/2023\/02\/LOGO_CLEAR-5.png","contentUrl":"https:\/\/soldadoadrianojose.com.br\/wp-content\/uploads\/2023\/02\/LOGO_CLEAR-5.png","width":3508,"height":998,"caption":"soldadoadrianojose"},"logo":{"@id":"https:\/\/soldadoadrianojose.com.br\/wp-content\/uploads\/2023\/02\/LOGO_CLEAR-5.png"},"sameAs":["https:\/\/soldadoadrianojose.com.br"],"url":"https:\/\/soldadoadrianojose.com.br\/index.php\/author\/soldadoadrianojose\/"}]}},"jetpack_featured_media_url":"https:\/\/soldadoadrianojose.com.br\/wp-content\/uploads\/2023\/03\/nDXflzfQR1TZutwkB0cSbJWrrm00azq024kYApH4.jpeg","_links":{"self":[{"href":"https:\/\/soldadoadrianojose.com.br\/index.php\/wp-json\/wp\/v2\/posts\/515","targetHints":{"allow":["GET"]}}],"collection":[{"href":"https:\/\/soldadoadrianojose.com.br\/index.php\/wp-json\/wp\/v2\/posts"}],"about":[{"href":"https:\/\/soldadoadrianojose.com.br\/index.php\/wp-json\/wp\/v2\/types\/post"}],"author":[{"embeddable":true,"href":"https:\/\/soldadoadrianojose.com.br\/index.php\/wp-json\/wp\/v2\/users\/1"}],"replies":[{"embeddable":true,"href":"https:\/\/soldadoadrianojose.com.br\/index.php\/wp-json\/wp\/v2\/comments?post=515"}],"version-history":[{"count":1,"href":"https:\/\/soldadoadrianojose.com.br\/index.php\/wp-json\/wp\/v2\/posts\/515\/revisions"}],"predecessor-version":[{"id":517,"href":"https:\/\/soldadoadrianojose.com.br\/index.php\/wp-json\/wp\/v2\/posts\/515\/revisions\/517"}],"wp:featuredmedia":[{"embeddable":true,"href":"https:\/\/soldadoadrianojose.com.br\/index.php\/wp-json\/wp\/v2\/media\/516"}],"wp:attachment":[{"href":"https:\/\/soldadoadrianojose.com.br\/index.php\/wp-json\/wp\/v2\/media?parent=515"}],"wp:term":[{"taxonomy":"category","embeddable":true,"href":"https:\/\/soldadoadrianojose.com.br\/index.php\/wp-json\/wp\/v2\/categories?post=515"},{"taxonomy":"post_tag","embeddable":true,"href":"https:\/\/soldadoadrianojose.com.br\/index.php\/wp-json\/wp\/v2\/tags?post=515"}],"curies":[{"name":"wp","href":"https:\/\/api.w.org\/{rel}","templated":true}]}}