{"id":519,"date":"2023-03-20T17:49:58","date_gmt":"2023-03-20T20:49:58","guid":{"rendered":"https:\/\/soldadoadrianojose.com.br\/?p=519"},"modified":"2023-03-20T18:03:42","modified_gmt":"2023-03-20T21:03:42","slug":"tapa-na-cara-lula-consegue-barrar-cpi-do-8-de-janeiro-no-senado","status":"publish","type":"post","link":"https:\/\/soldadoadrianojose.com.br\/index.php\/2023\/03\/20\/tapa-na-cara-lula-consegue-barrar-cpi-do-8-de-janeiro-no-senado\/","title":{"rendered":"TAPA NA CARA: Lula consegue barrar CPI do 8 de janeiro no Senado"},"content":{"rendered":"\n<figure class=\"wp-block-image size-full\"><img fetchpriority=\"high\" decoding=\"async\" width=\"800\" height=\"533\" src=\"https:\/\/soldadoadrianojose.com.br\/wp-content\/uploads\/2023\/03\/lula-safado-3d53c3ec.jpeg\" alt=\"\" class=\"wp-image-520\" srcset=\"https:\/\/soldadoadrianojose.com.br\/wp-content\/uploads\/2023\/03\/lula-safado-3d53c3ec.jpeg 800w, https:\/\/soldadoadrianojose.com.br\/wp-content\/uploads\/2023\/03\/lula-safado-3d53c3ec-300x200.jpeg 300w, https:\/\/soldadoadrianojose.com.br\/wp-content\/uploads\/2023\/03\/lula-safado-3d53c3ec-768x512.jpeg 768w\" sizes=\"(max-width: 800px) 100vw, 800px\" \/><\/figure>\n\n\n\n<p> <p>via: O Antagonista.<br><a href=\"https:\/\/oantagonista.uol.com.br\/brasil\/urgente-governo-consegue-barrar-cpi-do-8-de-janeiro\/\">https:\/\/oantagonista.uol.com.br\/brasil\/urgente-governo-consegue-barrar-cpi-do-8-de-janeiro\/<\/a><\/p>   <p><strong>Para a surpresa de 0 pessoas!!!<\/strong><\/p> <\/p>\n\n\n\n<p>A CPI dos atos de 8 de janeiro no Senado foi esvaziada ap\u00f3s intensa mobiliza\u00e7\u00e3o do Pal\u00e1cio do Planalto. Os senadores tinham at\u00e9 sexta-feira \u00faltima para confirmar ou n\u00e3o seu apoio \u00e0 investiga\u00e7\u00e3o. Mas apenas 15 parlamentares reafirmaram que querem a CPI. Ela precisava de pelo menos 27 assinaturas.<\/p>\n\n\n\n<p>Como registramos, na lista dos parlamentares que voltaram a endossar a investiga\u00e7\u00e3o est\u00e3o Alessandro Vieira (PSDB), Marcos do Val (Podemos) e Omar Aziz (PSD). Em contrapartida, nove senadores retiraram seus nomes, entre os quais: Humberto Costa (PT-PE), Leila Barros (PDT-DF), Fabiano Contarato (PT-ES) e Randolfe Rodrigues (Rede-AP).<\/p>\n\n\n\n<p>Outros senadores n\u00e3o retiraram seus nomes, mas resolveram ficar em cima do muro. Na pr\u00e1tica, deixaram o assunto caducar. Entre eles, Jorge Kajuru, l\u00edder do PSB no Senado.<br>Em nota encaminhada a este site, Kajuru disse que n\u00e3o ficou em cima do muro, mas jogou a responsabilidade para a colega de parlamento.<br>\u201cN\u00e3o assinei de novo o pedido de CPI, pois a senadora Soraya Thronicke n\u00e3o fez nova solicita\u00e7\u00e3o, como lhe teria sido sugerido pelo presidente da Casa, senador Rodrigo Pacheco\u201d, disse.<\/p>\n\n\n\n<p>E, assim, a CPI dos atos de 8 de janeiro no Senado morreu.<\/p>\n\n\n\n<p><\/p>\n","protected":false},"excerpt":{"rendered":"<p>via: O Antagonista.https:\/\/oantagonista.uol.com.br\/brasil\/urgente-governo-consegue-barrar-cpi-do-8-de-janeiro\/ Para a surpresa de 0 pessoas!!! A CPI dos atos de 8 de janeiro no Senado foi esvaziada ap\u00f3s intensa mobiliza\u00e7\u00e3o do Pal\u00e1cio do Planalto. Os senadores tinham at\u00e9 sexta-feira \u00faltima para confirmar ou n\u00e3o seu apoio \u00e0 investiga\u00e7\u00e3o. Mas apenas 15 parlamentares reafirmaram que querem a CPI. Ela precisava de pelo [&hellip;]<\/p>\n","protected":false},"author":1,"featured_media":520,"comment_status":"open","ping_status":"open","sticky":false,"template":"","format":"standard","meta":{"footnotes":""},"categories":[6],"tags":[],"class_list":["post-519","post","type-post","status-publish","format-standard","has-post-thumbnail","hentry","category-brasil"],"yoast_head":"<!-- This site is optimized with the Yoast SEO plugin v27.4 - https:\/\/yoast.com\/product\/yoast-seo-wordpress\/ -->\n<title>TAPA NA CARA: Lula consegue barrar CPI do 8 de janeiro no Senado - Deputado Adriano Jos\u00e9<\/title>\n<meta name=\"robots\" content=\"index, follow, max-snippet:-1, max-image-preview:large, max-video-preview:-1\" \/>\n<link rel=\"canonical\" href=\"https:\/\/soldadoadrianojose.com.br\/index.php\/2023\/03\/20\/tapa-na-cara-lula-consegue-barrar-cpi-do-8-de-janeiro-no-senado\/\" \/>\n<meta property=\"og:locale\" content=\"pt_BR\" \/>\n<meta property=\"og:type\" content=\"article\" \/>\n<meta property=\"og:title\" content=\"TAPA NA CARA: Lula consegue barrar CPI do 8 de janeiro no Senado - Deputado Adriano Jos\u00e9\" \/>\n<meta property=\"og:description\" content=\"via: O Antagonista.https:\/\/oantagonista.uol.com.br\/brasil\/urgente-governo-consegue-barrar-cpi-do-8-de-janeiro\/ Para a surpresa de 0 pessoas!!! A CPI dos atos de 8 de janeiro no Senado foi esvaziada ap\u00f3s intensa mobiliza\u00e7\u00e3o do Pal\u00e1cio do Planalto. Os senadores tinham at\u00e9 sexta-feira \u00faltima para confirmar ou n\u00e3o seu apoio \u00e0 investiga\u00e7\u00e3o. Mas apenas 15 parlamentares reafirmaram que querem a CPI. Ela precisava de pelo [&hellip;]\" \/>\n<meta property=\"og:url\" content=\"https:\/\/soldadoadrianojose.com.br\/index.php\/2023\/03\/20\/tapa-na-cara-lula-consegue-barrar-cpi-do-8-de-janeiro-no-senado\/\" \/>\n<meta property=\"og:site_name\" content=\"Deputado Adriano Jos\u00e9\" \/>\n<meta property=\"article:published_time\" content=\"2023-03-20T20:49:58+00:00\" \/>\n<meta property=\"article:modified_time\" content=\"2023-03-20T21:03:42+00:00\" \/>\n<meta property=\"og:image\" content=\"https:\/\/soldadoadrianojose.com.br\/wp-content\/uploads\/2023\/03\/lula-safado-3d53c3ec.jpeg\" \/>\n\t<meta property=\"og:image:width\" content=\"800\" \/>\n\t<meta property=\"og:image:height\" content=\"533\" \/>\n\t<meta property=\"og:image:type\" content=\"image\/jpeg\" \/>\n<meta name=\"author\" content=\"soldadoadrianojose\" \/>\n<meta name=\"twitter:card\" content=\"summary_large_image\" \/>\n<meta name=\"twitter:label1\" content=\"Escrito por\" \/>\n\t<meta name=\"twitter:data1\" content=\"soldadoadrianojose\" \/>\n\t<meta name=\"twitter:label2\" content=\"Est. tempo de leitura\" \/>\n\t<meta name=\"twitter:data2\" content=\"1 minuto\" \/>\n<script type=\"application\/ld+json\" class=\"yoast-schema-graph\">{\"@context\":\"https:\\\/\\\/schema.org\",\"@graph\":[{\"@type\":\"Article\",\"@id\":\"https:\\\/\\\/soldadoadrianojose.com.br\\\/index.php\\\/2023\\\/03\\\/20\\\/tapa-na-cara-lula-consegue-barrar-cpi-do-8-de-janeiro-no-senado\\\/#article\",\"isPartOf\":{\"@id\":\"https:\\\/\\\/soldadoadrianojose.com.br\\\/index.php\\\/2023\\\/03\\\/20\\\/tapa-na-cara-lula-consegue-barrar-cpi-do-8-de-janeiro-no-senado\\\/\"},\"author\":{\"name\":\"soldadoadrianojose\",\"@id\":\"https:\\\/\\\/soldadoadrianojose.com.br\\\/#\\\/schema\\\/person\\\/16f8e8defb7a4bd6c6082efcd1bdb6bb\"},\"headline\":\"TAPA NA CARA: Lula consegue barrar CPI do 8 de janeiro no Senado\",\"datePublished\":\"2023-03-20T20:49:58+00:00\",\"dateModified\":\"2023-03-20T21:03:42+00:00\",\"mainEntityOfPage\":{\"@id\":\"https:\\\/\\\/soldadoadrianojose.com.br\\\/index.php\\\/2023\\\/03\\\/20\\\/tapa-na-cara-lula-consegue-barrar-cpi-do-8-de-janeiro-no-senado\\\/\"},\"wordCount\":228,\"commentCount\":0,\"publisher\":{\"@id\":\"https:\\\/\\\/soldadoadrianojose.com.br\\\/#\\\/schema\\\/person\\\/16f8e8defb7a4bd6c6082efcd1bdb6bb\"},\"image\":{\"@id\":\"https:\\\/\\\/soldadoadrianojose.com.br\\\/index.php\\\/2023\\\/03\\\/20\\\/tapa-na-cara-lula-consegue-barrar-cpi-do-8-de-janeiro-no-senado\\\/#primaryimage\"},\"thumbnailUrl\":\"https:\\\/\\\/soldadoadrianojose.com.br\\\/wp-content\\\/uploads\\\/2023\\\/03\\\/lula-safado-3d53c3ec.jpeg\",\"articleSection\":[\"BRASIL\"],\"inLanguage\":\"pt-BR\",\"potentialAction\":[{\"@type\":\"CommentAction\",\"name\":\"Comment\",\"target\":[\"https:\\\/\\\/soldadoadrianojose.com.br\\\/index.php\\\/2023\\\/03\\\/20\\\/tapa-na-cara-lula-consegue-barrar-cpi-do-8-de-janeiro-no-senado\\\/#respond\"]}]},{\"@type\":\"WebPage\",\"@id\":\"https:\\\/\\\/soldadoadrianojose.com.br\\\/index.php\\\/2023\\\/03\\\/20\\\/tapa-na-cara-lula-consegue-barrar-cpi-do-8-de-janeiro-no-senado\\\/\",\"url\":\"https:\\\/\\\/soldadoadrianojose.com.br\\\/index.php\\\/2023\\\/03\\\/20\\\/tapa-na-cara-lula-consegue-barrar-cpi-do-8-de-janeiro-no-senado\\\/\",\"name\":\"TAPA NA CARA: Lula consegue barrar CPI do 8 de janeiro no Senado - Deputado Adriano Jos\u00e9\",\"isPartOf\":{\"@id\":\"https:\\\/\\\/soldadoadrianojose.com.br\\\/#website\"},\"primaryImageOfPage\":{\"@id\":\"https:\\\/\\\/soldadoadrianojose.com.br\\\/index.php\\\/2023\\\/03\\\/20\\\/tapa-na-cara-lula-consegue-barrar-cpi-do-8-de-janeiro-no-senado\\\/#primaryimage\"},\"image\":{\"@id\":\"https:\\\/\\\/soldadoadrianojose.com.br\\\/index.php\\\/2023\\\/03\\\/20\\\/tapa-na-cara-lula-consegue-barrar-cpi-do-8-de-janeiro-no-senado\\\/#primaryimage\"},\"thumbnailUrl\":\"https:\\\/\\\/soldadoadrianojose.com.br\\\/wp-content\\\/uploads\\\/2023\\\/03\\\/lula-safado-3d53c3ec.jpeg\",\"datePublished\":\"2023-03-20T20:49:58+00:00\",\"dateModified\":\"2023-03-20T21:03:42+00:00\",\"breadcrumb\":{\"@id\":\"https:\\\/\\\/soldadoadrianojose.com.br\\\/index.php\\\/2023\\\/03\\\/20\\\/tapa-na-cara-lula-consegue-barrar-cpi-do-8-de-janeiro-no-senado\\\/#breadcrumb\"},\"inLanguage\":\"pt-BR\",\"potentialAction\":[{\"@type\":\"ReadAction\",\"target\":[\"https:\\\/\\\/soldadoadrianojose.com.br\\\/index.php\\\/2023\\\/03\\\/20\\\/tapa-na-cara-lula-consegue-barrar-cpi-do-8-de-janeiro-no-senado\\\/\"]}]},{\"@type\":\"ImageObject\",\"inLanguage\":\"pt-BR\",\"@id\":\"https:\\\/\\\/soldadoadrianojose.com.br\\\/index.php\\\/2023\\\/03\\\/20\\\/tapa-na-cara-lula-consegue-barrar-cpi-do-8-de-janeiro-no-senado\\\/#primaryimage\",\"url\":\"https:\\\/\\\/soldadoadrianojose.com.br\\\/wp-content\\\/uploads\\\/2023\\\/03\\\/lula-safado-3d53c3ec.jpeg\",\"contentUrl\":\"https:\\\/\\\/soldadoadrianojose.com.br\\\/wp-content\\\/uploads\\\/2023\\\/03\\\/lula-safado-3d53c3ec.jpeg\",\"width\":800,\"height\":533},{\"@type\":\"BreadcrumbList\",\"@id\":\"https:\\\/\\\/soldadoadrianojose.com.br\\\/index.php\\\/2023\\\/03\\\/20\\\/tapa-na-cara-lula-consegue-barrar-cpi-do-8-de-janeiro-no-senado\\\/#breadcrumb\",\"itemListElement\":[{\"@type\":\"ListItem\",\"position\":1,\"name\":\"In\u00edcio\",\"item\":\"https:\\\/\\\/soldadoadrianojose.com.br\\\/\"},{\"@type\":\"ListItem\",\"position\":2,\"name\":\"TAPA NA CARA: Lula consegue barrar CPI do 8 de janeiro no Senado\"}]},{\"@type\":\"WebSite\",\"@id\":\"https:\\\/\\\/soldadoadrianojose.com.br\\\/#website\",\"url\":\"https:\\\/\\\/soldadoadrianojose.com.br\\\/\",\"name\":\"Deputado Adriano Jos\u00e9\",\"description\":\"Nosso trabalho \u00e9 pelas pessoas\",\"publisher\":{\"@id\":\"https:\\\/\\\/soldadoadrianojose.com.br\\\/#\\\/schema\\\/person\\\/16f8e8defb7a4bd6c6082efcd1bdb6bb\"},\"potentialAction\":[{\"@type\":\"SearchAction\",\"target\":{\"@type\":\"EntryPoint\",\"urlTemplate\":\"https:\\\/\\\/soldadoadrianojose.com.br\\\/?s={search_term_string}\"},\"query-input\":{\"@type\":\"PropertyValueSpecification\",\"valueRequired\":true,\"valueName\":\"search_term_string\"}}],\"inLanguage\":\"pt-BR\"},{\"@type\":[\"Person\",\"Organization\"],\"@id\":\"https:\\\/\\\/soldadoadrianojose.com.br\\\/#\\\/schema\\\/person\\\/16f8e8defb7a4bd6c6082efcd1bdb6bb\",\"name\":\"soldadoadrianojose\",\"image\":{\"@type\":\"ImageObject\",\"inLanguage\":\"pt-BR\",\"@id\":\"https:\\\/\\\/soldadoadrianojose.com.br\\\/wp-content\\\/uploads\\\/2023\\\/02\\\/LOGO_CLEAR-5.png\",\"url\":\"https:\\\/\\\/soldadoadrianojose.com.br\\\/wp-content\\\/uploads\\\/2023\\\/02\\\/LOGO_CLEAR-5.png\",\"contentUrl\":\"https:\\\/\\\/soldadoadrianojose.com.br\\\/wp-content\\\/uploads\\\/2023\\\/02\\\/LOGO_CLEAR-5.png\",\"width\":3508,\"height\":998,\"caption\":\"soldadoadrianojose\"},\"logo\":{\"@id\":\"https:\\\/\\\/soldadoadrianojose.com.br\\\/wp-content\\\/uploads\\\/2023\\\/02\\\/LOGO_CLEAR-5.png\"},\"sameAs\":[\"https:\\\/\\\/soldadoadrianojose.com.br\"],\"url\":\"https:\\\/\\\/soldadoadrianojose.com.br\\\/index.php\\\/author\\\/soldadoadrianojose\\\/\"}]}<\/script>\n<!-- \/ Yoast SEO plugin. -->","yoast_head_json":{"title":"TAPA NA CARA: Lula consegue barrar CPI do 8 de janeiro no Senado - Deputado Adriano Jos\u00e9","robots":{"index":"index","follow":"follow","max-snippet":"max-snippet:-1","max-image-preview":"max-image-preview:large","max-video-preview":"max-video-preview:-1"},"canonical":"https:\/\/soldadoadrianojose.com.br\/index.php\/2023\/03\/20\/tapa-na-cara-lula-consegue-barrar-cpi-do-8-de-janeiro-no-senado\/","og_locale":"pt_BR","og_type":"article","og_title":"TAPA NA CARA: Lula consegue barrar CPI do 8 de janeiro no Senado - Deputado Adriano Jos\u00e9","og_description":"via: O Antagonista.https:\/\/oantagonista.uol.com.br\/brasil\/urgente-governo-consegue-barrar-cpi-do-8-de-janeiro\/ Para a surpresa de 0 pessoas!!! A CPI dos atos de 8 de janeiro no Senado foi esvaziada ap\u00f3s intensa mobiliza\u00e7\u00e3o do Pal\u00e1cio do Planalto. Os senadores tinham at\u00e9 sexta-feira \u00faltima para confirmar ou n\u00e3o seu apoio \u00e0 investiga\u00e7\u00e3o. Mas apenas 15 parlamentares reafirmaram que querem a CPI. Ela precisava de pelo [&hellip;]","og_url":"https:\/\/soldadoadrianojose.com.br\/index.php\/2023\/03\/20\/tapa-na-cara-lula-consegue-barrar-cpi-do-8-de-janeiro-no-senado\/","og_site_name":"Deputado Adriano Jos\u00e9","article_published_time":"2023-03-20T20:49:58+00:00","article_modified_time":"2023-03-20T21:03:42+00:00","og_image":[{"width":800,"height":533,"url":"https:\/\/soldadoadrianojose.com.br\/wp-content\/uploads\/2023\/03\/lula-safado-3d53c3ec.jpeg","type":"image\/jpeg"}],"author":"soldadoadrianojose","twitter_card":"summary_large_image","twitter_misc":{"Escrito por":"soldadoadrianojose","Est. tempo de leitura":"1 minuto"},"schema":{"@context":"https:\/\/schema.org","@graph":[{"@type":"Article","@id":"https:\/\/soldadoadrianojose.com.br\/index.php\/2023\/03\/20\/tapa-na-cara-lula-consegue-barrar-cpi-do-8-de-janeiro-no-senado\/#article","isPartOf":{"@id":"https:\/\/soldadoadrianojose.com.br\/index.php\/2023\/03\/20\/tapa-na-cara-lula-consegue-barrar-cpi-do-8-de-janeiro-no-senado\/"},"author":{"name":"soldadoadrianojose","@id":"https:\/\/soldadoadrianojose.com.br\/#\/schema\/person\/16f8e8defb7a4bd6c6082efcd1bdb6bb"},"headline":"TAPA NA CARA: Lula consegue barrar CPI do 8 de janeiro no Senado","datePublished":"2023-03-20T20:49:58+00:00","dateModified":"2023-03-20T21:03:42+00:00","mainEntityOfPage":{"@id":"https:\/\/soldadoadrianojose.com.br\/index.php\/2023\/03\/20\/tapa-na-cara-lula-consegue-barrar-cpi-do-8-de-janeiro-no-senado\/"},"wordCount":228,"commentCount":0,"publisher":{"@id":"https:\/\/soldadoadrianojose.com.br\/#\/schema\/person\/16f8e8defb7a4bd6c6082efcd1bdb6bb"},"image":{"@id":"https:\/\/soldadoadrianojose.com.br\/index.php\/2023\/03\/20\/tapa-na-cara-lula-consegue-barrar-cpi-do-8-de-janeiro-no-senado\/#primaryimage"},"thumbnailUrl":"https:\/\/soldadoadrianojose.com.br\/wp-content\/uploads\/2023\/03\/lula-safado-3d53c3ec.jpeg","articleSection":["BRASIL"],"inLanguage":"pt-BR","potentialAction":[{"@type":"CommentAction","name":"Comment","target":["https:\/\/soldadoadrianojose.com.br\/index.php\/2023\/03\/20\/tapa-na-cara-lula-consegue-barrar-cpi-do-8-de-janeiro-no-senado\/#respond"]}]},{"@type":"WebPage","@id":"https:\/\/soldadoadrianojose.com.br\/index.php\/2023\/03\/20\/tapa-na-cara-lula-consegue-barrar-cpi-do-8-de-janeiro-no-senado\/","url":"https:\/\/soldadoadrianojose.com.br\/index.php\/2023\/03\/20\/tapa-na-cara-lula-consegue-barrar-cpi-do-8-de-janeiro-no-senado\/","name":"TAPA NA CARA: Lula consegue barrar CPI do 8 de janeiro no Senado - Deputado Adriano Jos\u00e9","isPartOf":{"@id":"https:\/\/soldadoadrianojose.com.br\/#website"},"primaryImageOfPage":{"@id":"https:\/\/soldadoadrianojose.com.br\/index.php\/2023\/03\/20\/tapa-na-cara-lula-consegue-barrar-cpi-do-8-de-janeiro-no-senado\/#primaryimage"},"image":{"@id":"https:\/\/soldadoadrianojose.com.br\/index.php\/2023\/03\/20\/tapa-na-cara-lula-consegue-barrar-cpi-do-8-de-janeiro-no-senado\/#primaryimage"},"thumbnailUrl":"https:\/\/soldadoadrianojose.com.br\/wp-content\/uploads\/2023\/03\/lula-safado-3d53c3ec.jpeg","datePublished":"2023-03-20T20:49:58+00:00","dateModified":"2023-03-20T21:03:42+00:00","breadcrumb":{"@id":"https:\/\/soldadoadrianojose.com.br\/index.php\/2023\/03\/20\/tapa-na-cara-lula-consegue-barrar-cpi-do-8-de-janeiro-no-senado\/#breadcrumb"},"inLanguage":"pt-BR","potentialAction":[{"@type":"ReadAction","target":["https:\/\/soldadoadrianojose.com.br\/index.php\/2023\/03\/20\/tapa-na-cara-lula-consegue-barrar-cpi-do-8-de-janeiro-no-senado\/"]}]},{"@type":"ImageObject","inLanguage":"pt-BR","@id":"https:\/\/soldadoadrianojose.com.br\/index.php\/2023\/03\/20\/tapa-na-cara-lula-consegue-barrar-cpi-do-8-de-janeiro-no-senado\/#primaryimage","url":"https:\/\/soldadoadrianojose.com.br\/wp-content\/uploads\/2023\/03\/lula-safado-3d53c3ec.jpeg","contentUrl":"https:\/\/soldadoadrianojose.com.br\/wp-content\/uploads\/2023\/03\/lula-safado-3d53c3ec.jpeg","width":800,"height":533},{"@type":"BreadcrumbList","@id":"https:\/\/soldadoadrianojose.com.br\/index.php\/2023\/03\/20\/tapa-na-cara-lula-consegue-barrar-cpi-do-8-de-janeiro-no-senado\/#breadcrumb","itemListElement":[{"@type":"ListItem","position":1,"name":"In\u00edcio","item":"https:\/\/soldadoadrianojose.com.br\/"},{"@type":"ListItem","position":2,"name":"TAPA NA CARA: Lula consegue barrar CPI do 8 de janeiro no Senado"}]},{"@type":"WebSite","@id":"https:\/\/soldadoadrianojose.com.br\/#website","url":"https:\/\/soldadoadrianojose.com.br\/","name":"Deputado Adriano Jos\u00e9","description":"Nosso trabalho \u00e9 pelas pessoas","publisher":{"@id":"https:\/\/soldadoadrianojose.com.br\/#\/schema\/person\/16f8e8defb7a4bd6c6082efcd1bdb6bb"},"potentialAction":[{"@type":"SearchAction","target":{"@type":"EntryPoint","urlTemplate":"https:\/\/soldadoadrianojose.com.br\/?s={search_term_string}"},"query-input":{"@type":"PropertyValueSpecification","valueRequired":true,"valueName":"search_term_string"}}],"inLanguage":"pt-BR"},{"@type":["Person","Organization"],"@id":"https:\/\/soldadoadrianojose.com.br\/#\/schema\/person\/16f8e8defb7a4bd6c6082efcd1bdb6bb","name":"soldadoadrianojose","image":{"@type":"ImageObject","inLanguage":"pt-BR","@id":"https:\/\/soldadoadrianojose.com.br\/wp-content\/uploads\/2023\/02\/LOGO_CLEAR-5.png","url":"https:\/\/soldadoadrianojose.com.br\/wp-content\/uploads\/2023\/02\/LOGO_CLEAR-5.png","contentUrl":"https:\/\/soldadoadrianojose.com.br\/wp-content\/uploads\/2023\/02\/LOGO_CLEAR-5.png","width":3508,"height":998,"caption":"soldadoadrianojose"},"logo":{"@id":"https:\/\/soldadoadrianojose.com.br\/wp-content\/uploads\/2023\/02\/LOGO_CLEAR-5.png"},"sameAs":["https:\/\/soldadoadrianojose.com.br"],"url":"https:\/\/soldadoadrianojose.com.br\/index.php\/author\/soldadoadrianojose\/"}]}},"jetpack_featured_media_url":"https:\/\/soldadoadrianojose.com.br\/wp-content\/uploads\/2023\/03\/lula-safado-3d53c3ec.jpeg","_links":{"self":[{"href":"https:\/\/soldadoadrianojose.com.br\/index.php\/wp-json\/wp\/v2\/posts\/519","targetHints":{"allow":["GET"]}}],"collection":[{"href":"https:\/\/soldadoadrianojose.com.br\/index.php\/wp-json\/wp\/v2\/posts"}],"about":[{"href":"https:\/\/soldadoadrianojose.com.br\/index.php\/wp-json\/wp\/v2\/types\/post"}],"author":[{"embeddable":true,"href":"https:\/\/soldadoadrianojose.com.br\/index.php\/wp-json\/wp\/v2\/users\/1"}],"replies":[{"embeddable":true,"href":"https:\/\/soldadoadrianojose.com.br\/index.php\/wp-json\/wp\/v2\/comments?post=519"}],"version-history":[{"count":6,"href":"https:\/\/soldadoadrianojose.com.br\/index.php\/wp-json\/wp\/v2\/posts\/519\/revisions"}],"predecessor-version":[{"id":527,"href":"https:\/\/soldadoadrianojose.com.br\/index.php\/wp-json\/wp\/v2\/posts\/519\/revisions\/527"}],"wp:featuredmedia":[{"embeddable":true,"href":"https:\/\/soldadoadrianojose.com.br\/index.php\/wp-json\/wp\/v2\/media\/520"}],"wp:attachment":[{"href":"https:\/\/soldadoadrianojose.com.br\/index.php\/wp-json\/wp\/v2\/media?parent=519"}],"wp:term":[{"taxonomy":"category","embeddable":true,"href":"https:\/\/soldadoadrianojose.com.br\/index.php\/wp-json\/wp\/v2\/categories?post=519"},{"taxonomy":"post_tag","embeddable":true,"href":"https:\/\/soldadoadrianojose.com.br\/index.php\/wp-json\/wp\/v2\/tags?post=519"}],"curies":[{"name":"wp","href":"https:\/\/api.w.org\/{rel}","templated":true}]}}