{"id":539,"date":"2023-03-21T06:26:53","date_gmt":"2023-03-21T09:26:53","guid":{"rendered":"https:\/\/soldadoadrianojose.com.br\/?p=539"},"modified":"2023-03-21T06:26:55","modified_gmt":"2023-03-21T09:26:55","slug":"segue-para-sancao-projeto-que-cria-o-fundo-estadual-dos-direitos-da-mulher","status":"publish","type":"post","link":"https:\/\/soldadoadrianojose.com.br\/index.php\/2023\/03\/21\/segue-para-sancao-projeto-que-cria-o-fundo-estadual-dos-direitos-da-mulher\/","title":{"rendered":"Segue para san\u00e7\u00e3o projeto que cria o Fundo Estadual dos Direitos da Mulher"},"content":{"rendered":"\n<figure class=\"wp-block-image size-full\"><img fetchpriority=\"high\" decoding=\"async\" width=\"863\" height=\"575\" src=\"https:\/\/soldadoadrianojose.com.br\/wp-content\/uploads\/2023\/03\/dekYZyvvvyE3q67XXjc4QYHdxP7Vfnwr7tWYKZ28.jpeg\" alt=\"\" class=\"wp-image-541\" srcset=\"https:\/\/soldadoadrianojose.com.br\/wp-content\/uploads\/2023\/03\/dekYZyvvvyE3q67XXjc4QYHdxP7Vfnwr7tWYKZ28.jpeg 863w, https:\/\/soldadoadrianojose.com.br\/wp-content\/uploads\/2023\/03\/dekYZyvvvyE3q67XXjc4QYHdxP7Vfnwr7tWYKZ28-300x200.jpeg 300w, https:\/\/soldadoadrianojose.com.br\/wp-content\/uploads\/2023\/03\/dekYZyvvvyE3q67XXjc4QYHdxP7Vfnwr7tWYKZ28-768x512.jpeg 768w\" sizes=\"(max-width: 863px) 100vw, 863px\" \/><\/figure>\n\n\n\n<p>Projeto do Poder Executivo foi aprovado por unanimidade na sess\u00e3o plen\u00e1ria desta segunda-feira (20), na Assembleia Legislativa do Paran\u00e1.<\/p>\n\n\n\n<p>O Paran\u00e1 passar\u00e1 a contar com um Fundo Estadual dos Direitos da Mulher (FEDIM\/PR). O projeto de lei 27\/2023 foi aprovado por unanimidade nesta segunda-feira (20), na Assembleia Legislativa do Paran\u00e1. A iniciativa do Governo do Estado tem como objetivo dar suporte financeiro no planejamento, implanta\u00e7\u00e3o e execu\u00e7\u00e3o de planos, programas e projetos voltados \u00e0 promo\u00e7\u00e3o e defesa dos direitos das mulheres.<\/p>\n\n\n\n<p>A medida foi aprovada em segunda discuss\u00e3o, com requerimento de dispensa de reda\u00e7\u00e3o final e segue para san\u00e7\u00e3o. O lan\u00e7amento do Fundo far\u00e1 parte do Encontro das Primeiras-Damas, com a participa\u00e7\u00e3o de mulheres de praticamente todas as cidades e a presen\u00e7a de deputadas estaduais. O evento desta ter\u00e7a-feira (21), \u00e0s 16 horas, no Museu Oscar Niemeyer, servir\u00e1 para apresentar pol\u00edticas p\u00fablicas e programas do estado voltados \u00e0s mulheres.<\/p>\n\n\n\n<p>De acordo com o governo, os recursos aportados ao FEDIM\/PR ser\u00e3o provenientes de diversas fontes, como recursos destinados na Lei Or\u00e7ament\u00e1ria Anual (LOA), o Fundo Estadual de Combate \u00e0 Pobreza do Paran\u00e1 \u2013 FECOP, de produtos da arrecada\u00e7\u00e3o da explora\u00e7\u00e3o do servi\u00e7o estadual de loteria \u2013 Lotepar, dentre outros. O fundo ser\u00e1 administrado pela Secretaria Estadual da Mulher e Igualdade Racial (SEMI).<\/p>\n\n\n\n<p><strong>Reforma<\/strong><\/p>\n\n\n\n<p>Os deputados tamb\u00e9m aprovaram a proposta do Governo que altera uma s\u00e9rie de leis estaduais. A proposta&nbsp;<strong><a href=\"http:\/\/portal.assembleia.pr.leg.br\/modules\/mod_legislativo_arquivo\/mod_legislativo_arquivo.php?leiCod=111515&amp;tipo=I\">96\/2023<\/a><\/strong>&nbsp;traz adequa\u00e7\u00f5es ap\u00f3s as mudan\u00e7as promovidas pela Reforma Administrativa do Estado. Foram 43 votos a favor e oito contr\u00e1rios.<\/p>\n\n\n\n<p>Segundo o Poder Executivo, o texto, que avan\u00e7ou em primeiro turno, faz uma ampla revis\u00e3o de leis estaduais afetadas pelas recentes altera\u00e7\u00f5es aprovadas no Paran\u00e1, que promoveram a moderniza\u00e7\u00e3o e desburocratiza\u00e7\u00e3o da gest\u00e3o administrativa.<\/p>\n\n\n\n<p><strong>Liberdade de imprensa<\/strong><\/p>\n\n\n\n<p>Avan\u00e7ou em primeira discuss\u00e3o o projeto de lei&nbsp;<strong><a href=\"http:\/\/portal.assembleia.pr.leg.br\/modules\/mod_legislativo_arquivo\/mod_legislativo_arquivo.php?leiCod=105782&amp;tipo=I\">133\/2022<\/a><\/strong>, que institui a Semana de Conscientiza\u00e7\u00e3o sobre a Import\u00e2ncia da Liberdade de Imprensa para a Democracia, a ser comemorada na primeira semana de abril, em alus\u00e3o ao Dia do Jornalista \u2013 07 de abril.<\/p>\n\n\n\n<p>A iniciativa \u00e9 da deputada Luciana Rafagnin (PT) e tem o objetivo do projeto \u00e9 promover campanhas de informa\u00e7\u00e3o e conscientiza\u00e7\u00e3o da popula\u00e7\u00e3o sobre a import\u00e2ncia da liberdade de imprensa para a transpar\u00eancia e publicidade das informa\u00e7\u00f5es pol\u00edticas e sociais.<\/p>\n\n\n\n<p>Tamb\u00e9m visa debater o tema promovendo semin\u00e1rios, palestras e rodas de conversas pretende e combater todas as formas de viol\u00eancia cometidas contra os jornalistas, fotojornalistas, rep\u00f3rteres cinematogr\u00e1ficos e demais profissionais da \u00e1rea da comunica\u00e7\u00e3o.<\/p>\n\n\n\n<p>Na justificativa, a parlamentar indica que entre 2017 e 2021, houve mais de 60 epis\u00f3dios de agress\u00f5es contra trabalhadores da imprensa paranaense, segundo a Federa\u00e7\u00e3o Nacional dos Jornalistas (FENAJ) e outras entidades.<\/p>\n\n\n\n<p><strong>Abono de faltas<\/strong><\/p>\n\n\n\n<p>Os deputados tamb\u00e9m aprovaram em primeira vota\u00e7\u00e3o a proposta&nbsp;<strong><a href=\"http:\/\/portal.assembleia.pr.leg.br\/modules\/mod_legislativo_arquivo\/mod_legislativo_arquivo.php?leiCod=110681&amp;tipo=I\">521\/2022<\/a><\/strong>,&nbsp;que trata sobre o abono de faltas, a reposi\u00e7\u00e3o ou a compensa\u00e7\u00e3o de conte\u00fado escolar aos estudantes da rede p\u00fablica estadual de ensino convocados para participar de competi\u00e7\u00f5es desportivas oficiais em eventos estaduais, nacionais e internacionais.<\/p>\n\n\n\n<p>O projeto foi encaminhado pelo Executivo e recebeu emenda na CCJ. O texto define que, para garantir o abono de faltas, os alunos dever\u00e3o realizar atividades \u00e0 dist\u00e2ncia, reposi\u00e7\u00e3o de conte\u00fados e aplica\u00e7\u00e3o de provas em segunda chamada. A proposta tem o objetivo de valorizar os estudantes atletas que representam o Paran\u00e1 em tais oportunidades.<\/p>\n\n\n\n<p><strong>Segunda discuss\u00e3o<\/strong><\/p>\n\n\n\n<p>Os deputados aprovaram em segunda discuss\u00e3o a proposta&nbsp;<strong><a href=\"http:\/\/portal.assembleia.pr.leg.br\/modules\/mod_legislativo_arquivo\/mod_legislativo_arquivo.php?leiCod=110674&amp;tipo=I\">518\/2022<\/a><\/strong>, sobre escritura de p\u00fablica de im\u00f3vel doado ao munic\u00edpio de Tamarana. O projeto&nbsp;<strong><a href=\"http:\/\/portal.assembleia.pr.leg.br\/modules\/mod_legislativo_arquivo\/mod_legislativo_arquivo.php?leiCod=111334&amp;tipo=I\">58\/2023<\/a><\/strong>, sobre a desafeta\u00e7\u00e3o de trechos rodovi\u00e1rios em Pinhais, foi igualmente aprovado em segundo turno.<\/p>\n\n\n\n<p><strong>Reda\u00e7\u00e3o final<\/strong><\/p>\n\n\n\n<p>Quatro itens foram aprovados em reda\u00e7\u00e3o final e seguem para san\u00e7\u00e3o ou veto governamental. S\u00e3o eles: projeto de lei &nbsp;<strong><a href=\"http:\/\/portal.assembleia.pr.leg.br\/modules\/mod_legislativo_arquivo\/mod_legislativo_arquivo.php?leiCod=94977&amp;tipo=I\">638\/2020<\/a><\/strong>&nbsp;, que obriga casas noturnas e bares disponibilizarem tampas ou prote\u00e7\u00f5es de copos aos consumidores de bebidas que os solicitarem no Paran\u00e1; o &nbsp;<strong><a href=\"http:\/\/portal.assembleia.pr.leg.br\/modules\/mod_legislativo_arquivo\/mod_legislativo_arquivo.php?leiCod=105249&amp;tipo=I\">86\/2022<\/a><\/strong>&nbsp; para instituir o Paran\u00e1 a Campanha Vis\u00e3o Zero no Paran\u00e1, com o objetivo de zerar o n\u00famero de mortes e feridos graves no tr\u00e2nsito; a proposta&nbsp;<strong><a href=\"http:\/\/portal.assembleia.pr.leg.br\/modules\/mod_legislativo_arquivo\/mod_legislativo_arquivo.php?leiCod=109907&amp;tipo=I\">454\/2022<\/a><\/strong>&nbsp;, que cria o Dia do Sanepariano, a ser comemorado no dia 22 de mar\u00e7o; e ainda a iniciativa&nbsp;<strong><a href=\"http:\/\/portal.assembleia.pr.leg.br\/modules\/mod_legislativo_arquivo\/mod_legislativo_arquivo.php?leiCod=110995&amp;tipo=I\">1\/2023&nbsp;<\/a><\/strong>, proposta pela Bancada Feminina da Assembleia e que cria \u00e1reas espec\u00edficas de interna\u00e7\u00e3o para parturientes de beb\u00eas natimortos ou com \u00f3bito fetal.<\/p>\n\n\n\n<p><strong>Miss\u00e3o<\/strong><\/p>\n\n\n\n<p>Durante a sess\u00e3o, o primeiro vice-presidente da Assembleia, Marcel Micheletto (PL), fez um balan\u00e7o da miss\u00e3o internacional paranaense realizada este m\u00eas no Jap\u00e3o e Coreia do Sul. O parlamentar representou a Assembleia Legislativa e falou dos importantes avan\u00e7os que a extensa agenda no Oriente deve trazer ao estado,<\/p>\n\n\n\n<p>O parlamentar participou de uma s\u00e9rie de encontros bilaterais para negociar a abertura do mercado da carne paranaense e tamb\u00e9m com a busca de parcerias para fortalecer a educa\u00e7\u00e3o, projetos de sustentabilidade e a atra\u00e7\u00e3o de novos neg\u00f3cios.<\/p>\n\n\n\n<p>\u201cO governo tomou uma decis\u00e3o importante h\u00e1 alguns anos, como tornar o Paran\u00e1 livre da aftosa sem vacina e hoje abriu o mercado para muitos pa\u00edses\u201d, citou. \u201cEsses tratados, esses neg\u00f3cios t\u00eam gerando emprego, renda, trabalho, qualidade de vida e tributos\u201d, afirmou.<\/p>\n\n\n\n<p>Micheletto tamb\u00e9m ressaltou a import\u00e2ncia da Assembleia Legislativa, atrav\u00e9s da Comiss\u00e3o de Agricultura. \u201cForam feitas v\u00e1rias audi\u00eancias p\u00fablicas que ajudaram mostrando a import\u00e2ncia desses atos para concretizar esse sonho, fazendo o Paran\u00e1 um case de sucesso\u201d, discursou.<\/p>\n\n\n\n<p><strong>Transmiss\u00e3o<\/strong><\/p>\n\n\n\n<p>Os deputados voltam a se reunir nesta ter\u00e7a-feira (21), a partir das 14h30 e pode ser acompanhada pela TV Assembleia por meio do canal 10.2, em TV aberta, e do canal 16, da Claro\/NET. O conte\u00fado tamb\u00e9m pode ser acessado pelo canal do&nbsp;<a href=\"https:\/\/www.youtube.com\/user\/TVSinalAssembleiaPR\"><strong>Youtube do Legislativo<\/strong><\/a>.<\/p>\n\n\n\n<figure class=\"wp-block-embed\"><div class=\"wp-block-embed__wrapper\">\nhttps:\/\/www.youtube-nocookie.com\/embed\/_eVbv6N9jIk\n<\/div><\/figure>\n\n\n\n<figure class=\"wp-block-embed\"><div class=\"wp-block-embed__wrapper\">\nhttps:\/\/flickrembed.com\/cms_embed.php?source=flickr&#038;layout=responsive&#038;input=72177720306859311&#038;sort=1&#038;by=album&#038;theme=compact_top&#038;scale=fit&#038;speed=3000&#038;limit=500&#038;skin=default&#038;autoplay=false\n<\/div><\/figure>\n","protected":false},"excerpt":{"rendered":"<p>Projeto do Poder Executivo foi aprovado por unanimidade na sess\u00e3o plen\u00e1ria desta segunda-feira (20), na Assembleia Legislativa do Paran\u00e1. O Paran\u00e1 passar\u00e1 a contar com um Fundo Estadual dos Direitos da Mulher (FEDIM\/PR). O projeto de lei 27\/2023 foi aprovado por unanimidade nesta segunda-feira (20), na Assembleia Legislativa do Paran\u00e1. A iniciativa do Governo do [&hellip;]<\/p>\n","protected":false},"author":1,"featured_media":541,"comment_status":"open","ping_status":"open","sticky":false,"template":"","format":"standard","meta":{"footnotes":""},"categories":[5],"tags":[],"class_list":["post-539","post","type-post","status-publish","format-standard","has-post-thumbnail","hentry","category-parana"],"yoast_head":"<!-- This site is optimized with the Yoast SEO plugin v27.4 - https:\/\/yoast.com\/product\/yoast-seo-wordpress\/ -->\n<title>Segue para san\u00e7\u00e3o projeto que cria o Fundo Estadual dos Direitos da Mulher - Deputado Adriano Jos\u00e9<\/title>\n<meta name=\"robots\" content=\"index, follow, max-snippet:-1, max-image-preview:large, max-video-preview:-1\" \/>\n<link rel=\"canonical\" href=\"https:\/\/soldadoadrianojose.com.br\/index.php\/2023\/03\/21\/segue-para-sancao-projeto-que-cria-o-fundo-estadual-dos-direitos-da-mulher\/\" \/>\n<meta property=\"og:locale\" content=\"pt_BR\" \/>\n<meta property=\"og:type\" content=\"article\" \/>\n<meta property=\"og:title\" content=\"Segue para san\u00e7\u00e3o projeto que cria o Fundo Estadual dos Direitos da Mulher - Deputado Adriano Jos\u00e9\" \/>\n<meta property=\"og:description\" content=\"Projeto do Poder Executivo foi aprovado por unanimidade na sess\u00e3o plen\u00e1ria desta segunda-feira (20), na Assembleia Legislativa do Paran\u00e1. O Paran\u00e1 passar\u00e1 a contar com um Fundo Estadual dos Direitos da Mulher (FEDIM\/PR). O projeto de lei 27\/2023 foi aprovado por unanimidade nesta segunda-feira (20), na Assembleia Legislativa do Paran\u00e1. A iniciativa do Governo do [&hellip;]\" \/>\n<meta property=\"og:url\" content=\"https:\/\/soldadoadrianojose.com.br\/index.php\/2023\/03\/21\/segue-para-sancao-projeto-que-cria-o-fundo-estadual-dos-direitos-da-mulher\/\" \/>\n<meta property=\"og:site_name\" content=\"Deputado Adriano Jos\u00e9\" \/>\n<meta property=\"article:published_time\" content=\"2023-03-21T09:26:53+00:00\" \/>\n<meta property=\"article:modified_time\" content=\"2023-03-21T09:26:55+00:00\" \/>\n<meta property=\"og:image\" content=\"https:\/\/soldadoadrianojose.com.br\/wp-content\/uploads\/2023\/03\/dekYZyvvvyE3q67XXjc4QYHdxP7Vfnwr7tWYKZ28.jpeg\" \/>\n\t<meta property=\"og:image:width\" content=\"863\" \/>\n\t<meta property=\"og:image:height\" content=\"575\" \/>\n\t<meta property=\"og:image:type\" content=\"image\/jpeg\" \/>\n<meta name=\"author\" content=\"soldadoadrianojose\" \/>\n<meta name=\"twitter:card\" content=\"summary_large_image\" \/>\n<meta name=\"twitter:label1\" content=\"Escrito por\" \/>\n\t<meta name=\"twitter:data1\" content=\"soldadoadrianojose\" \/>\n\t<meta name=\"twitter:label2\" content=\"Est. tempo de leitura\" \/>\n\t<meta name=\"twitter:data2\" content=\"6 minutos\" \/>\n<script type=\"application\/ld+json\" class=\"yoast-schema-graph\">{\"@context\":\"https:\\\/\\\/schema.org\",\"@graph\":[{\"@type\":\"Article\",\"@id\":\"https:\\\/\\\/soldadoadrianojose.com.br\\\/index.php\\\/2023\\\/03\\\/21\\\/segue-para-sancao-projeto-que-cria-o-fundo-estadual-dos-direitos-da-mulher\\\/#article\",\"isPartOf\":{\"@id\":\"https:\\\/\\\/soldadoadrianojose.com.br\\\/index.php\\\/2023\\\/03\\\/21\\\/segue-para-sancao-projeto-que-cria-o-fundo-estadual-dos-direitos-da-mulher\\\/\"},\"author\":{\"name\":\"soldadoadrianojose\",\"@id\":\"https:\\\/\\\/soldadoadrianojose.com.br\\\/#\\\/schema\\\/person\\\/16f8e8defb7a4bd6c6082efcd1bdb6bb\"},\"headline\":\"Segue para san\u00e7\u00e3o projeto que cria o Fundo Estadual dos Direitos da Mulher\",\"datePublished\":\"2023-03-21T09:26:53+00:00\",\"dateModified\":\"2023-03-21T09:26:55+00:00\",\"mainEntityOfPage\":{\"@id\":\"https:\\\/\\\/soldadoadrianojose.com.br\\\/index.php\\\/2023\\\/03\\\/21\\\/segue-para-sancao-projeto-que-cria-o-fundo-estadual-dos-direitos-da-mulher\\\/\"},\"wordCount\":1061,\"commentCount\":0,\"publisher\":{\"@id\":\"https:\\\/\\\/soldadoadrianojose.com.br\\\/#\\\/schema\\\/person\\\/16f8e8defb7a4bd6c6082efcd1bdb6bb\"},\"image\":{\"@id\":\"https:\\\/\\\/soldadoadrianojose.com.br\\\/index.php\\\/2023\\\/03\\\/21\\\/segue-para-sancao-projeto-que-cria-o-fundo-estadual-dos-direitos-da-mulher\\\/#primaryimage\"},\"thumbnailUrl\":\"https:\\\/\\\/soldadoadrianojose.com.br\\\/wp-content\\\/uploads\\\/2023\\\/03\\\/dekYZyvvvyE3q67XXjc4QYHdxP7Vfnwr7tWYKZ28.jpeg\",\"articleSection\":[\"PARAN\u00c1\"],\"inLanguage\":\"pt-BR\",\"potentialAction\":[{\"@type\":\"CommentAction\",\"name\":\"Comment\",\"target\":[\"https:\\\/\\\/soldadoadrianojose.com.br\\\/index.php\\\/2023\\\/03\\\/21\\\/segue-para-sancao-projeto-que-cria-o-fundo-estadual-dos-direitos-da-mulher\\\/#respond\"]}]},{\"@type\":\"WebPage\",\"@id\":\"https:\\\/\\\/soldadoadrianojose.com.br\\\/index.php\\\/2023\\\/03\\\/21\\\/segue-para-sancao-projeto-que-cria-o-fundo-estadual-dos-direitos-da-mulher\\\/\",\"url\":\"https:\\\/\\\/soldadoadrianojose.com.br\\\/index.php\\\/2023\\\/03\\\/21\\\/segue-para-sancao-projeto-que-cria-o-fundo-estadual-dos-direitos-da-mulher\\\/\",\"name\":\"Segue para san\u00e7\u00e3o projeto que cria o Fundo Estadual dos Direitos da Mulher - Deputado Adriano Jos\u00e9\",\"isPartOf\":{\"@id\":\"https:\\\/\\\/soldadoadrianojose.com.br\\\/#website\"},\"primaryImageOfPage\":{\"@id\":\"https:\\\/\\\/soldadoadrianojose.com.br\\\/index.php\\\/2023\\\/03\\\/21\\\/segue-para-sancao-projeto-que-cria-o-fundo-estadual-dos-direitos-da-mulher\\\/#primaryimage\"},\"image\":{\"@id\":\"https:\\\/\\\/soldadoadrianojose.com.br\\\/index.php\\\/2023\\\/03\\\/21\\\/segue-para-sancao-projeto-que-cria-o-fundo-estadual-dos-direitos-da-mulher\\\/#primaryimage\"},\"thumbnailUrl\":\"https:\\\/\\\/soldadoadrianojose.com.br\\\/wp-content\\\/uploads\\\/2023\\\/03\\\/dekYZyvvvyE3q67XXjc4QYHdxP7Vfnwr7tWYKZ28.jpeg\",\"datePublished\":\"2023-03-21T09:26:53+00:00\",\"dateModified\":\"2023-03-21T09:26:55+00:00\",\"breadcrumb\":{\"@id\":\"https:\\\/\\\/soldadoadrianojose.com.br\\\/index.php\\\/2023\\\/03\\\/21\\\/segue-para-sancao-projeto-que-cria-o-fundo-estadual-dos-direitos-da-mulher\\\/#breadcrumb\"},\"inLanguage\":\"pt-BR\",\"potentialAction\":[{\"@type\":\"ReadAction\",\"target\":[\"https:\\\/\\\/soldadoadrianojose.com.br\\\/index.php\\\/2023\\\/03\\\/21\\\/segue-para-sancao-projeto-que-cria-o-fundo-estadual-dos-direitos-da-mulher\\\/\"]}]},{\"@type\":\"ImageObject\",\"inLanguage\":\"pt-BR\",\"@id\":\"https:\\\/\\\/soldadoadrianojose.com.br\\\/index.php\\\/2023\\\/03\\\/21\\\/segue-para-sancao-projeto-que-cria-o-fundo-estadual-dos-direitos-da-mulher\\\/#primaryimage\",\"url\":\"https:\\\/\\\/soldadoadrianojose.com.br\\\/wp-content\\\/uploads\\\/2023\\\/03\\\/dekYZyvvvyE3q67XXjc4QYHdxP7Vfnwr7tWYKZ28.jpeg\",\"contentUrl\":\"https:\\\/\\\/soldadoadrianojose.com.br\\\/wp-content\\\/uploads\\\/2023\\\/03\\\/dekYZyvvvyE3q67XXjc4QYHdxP7Vfnwr7tWYKZ28.jpeg\",\"width\":863,\"height\":575},{\"@type\":\"BreadcrumbList\",\"@id\":\"https:\\\/\\\/soldadoadrianojose.com.br\\\/index.php\\\/2023\\\/03\\\/21\\\/segue-para-sancao-projeto-que-cria-o-fundo-estadual-dos-direitos-da-mulher\\\/#breadcrumb\",\"itemListElement\":[{\"@type\":\"ListItem\",\"position\":1,\"name\":\"In\u00edcio\",\"item\":\"https:\\\/\\\/soldadoadrianojose.com.br\\\/\"},{\"@type\":\"ListItem\",\"position\":2,\"name\":\"Segue para san\u00e7\u00e3o projeto que cria o Fundo Estadual dos Direitos da Mulher\"}]},{\"@type\":\"WebSite\",\"@id\":\"https:\\\/\\\/soldadoadrianojose.com.br\\\/#website\",\"url\":\"https:\\\/\\\/soldadoadrianojose.com.br\\\/\",\"name\":\"Deputado Adriano Jos\u00e9\",\"description\":\"Nosso trabalho \u00e9 pelas pessoas\",\"publisher\":{\"@id\":\"https:\\\/\\\/soldadoadrianojose.com.br\\\/#\\\/schema\\\/person\\\/16f8e8defb7a4bd6c6082efcd1bdb6bb\"},\"potentialAction\":[{\"@type\":\"SearchAction\",\"target\":{\"@type\":\"EntryPoint\",\"urlTemplate\":\"https:\\\/\\\/soldadoadrianojose.com.br\\\/?s={search_term_string}\"},\"query-input\":{\"@type\":\"PropertyValueSpecification\",\"valueRequired\":true,\"valueName\":\"search_term_string\"}}],\"inLanguage\":\"pt-BR\"},{\"@type\":[\"Person\",\"Organization\"],\"@id\":\"https:\\\/\\\/soldadoadrianojose.com.br\\\/#\\\/schema\\\/person\\\/16f8e8defb7a4bd6c6082efcd1bdb6bb\",\"name\":\"soldadoadrianojose\",\"image\":{\"@type\":\"ImageObject\",\"inLanguage\":\"pt-BR\",\"@id\":\"https:\\\/\\\/soldadoadrianojose.com.br\\\/wp-content\\\/uploads\\\/2023\\\/02\\\/LOGO_CLEAR-5.png\",\"url\":\"https:\\\/\\\/soldadoadrianojose.com.br\\\/wp-content\\\/uploads\\\/2023\\\/02\\\/LOGO_CLEAR-5.png\",\"contentUrl\":\"https:\\\/\\\/soldadoadrianojose.com.br\\\/wp-content\\\/uploads\\\/2023\\\/02\\\/LOGO_CLEAR-5.png\",\"width\":3508,\"height\":998,\"caption\":\"soldadoadrianojose\"},\"logo\":{\"@id\":\"https:\\\/\\\/soldadoadrianojose.com.br\\\/wp-content\\\/uploads\\\/2023\\\/02\\\/LOGO_CLEAR-5.png\"},\"sameAs\":[\"https:\\\/\\\/soldadoadrianojose.com.br\"],\"url\":\"https:\\\/\\\/soldadoadrianojose.com.br\\\/index.php\\\/author\\\/soldadoadrianojose\\\/\"}]}<\/script>\n<!-- \/ Yoast SEO plugin. -->","yoast_head_json":{"title":"Segue para san\u00e7\u00e3o projeto que cria o Fundo Estadual dos Direitos da Mulher - Deputado Adriano Jos\u00e9","robots":{"index":"index","follow":"follow","max-snippet":"max-snippet:-1","max-image-preview":"max-image-preview:large","max-video-preview":"max-video-preview:-1"},"canonical":"https:\/\/soldadoadrianojose.com.br\/index.php\/2023\/03\/21\/segue-para-sancao-projeto-que-cria-o-fundo-estadual-dos-direitos-da-mulher\/","og_locale":"pt_BR","og_type":"article","og_title":"Segue para san\u00e7\u00e3o projeto que cria o Fundo Estadual dos Direitos da Mulher - Deputado Adriano Jos\u00e9","og_description":"Projeto do Poder Executivo foi aprovado por unanimidade na sess\u00e3o plen\u00e1ria desta segunda-feira (20), na Assembleia Legislativa do Paran\u00e1. O Paran\u00e1 passar\u00e1 a contar com um Fundo Estadual dos Direitos da Mulher (FEDIM\/PR). O projeto de lei 27\/2023 foi aprovado por unanimidade nesta segunda-feira (20), na Assembleia Legislativa do Paran\u00e1. A iniciativa do Governo do [&hellip;]","og_url":"https:\/\/soldadoadrianojose.com.br\/index.php\/2023\/03\/21\/segue-para-sancao-projeto-que-cria-o-fundo-estadual-dos-direitos-da-mulher\/","og_site_name":"Deputado Adriano Jos\u00e9","article_published_time":"2023-03-21T09:26:53+00:00","article_modified_time":"2023-03-21T09:26:55+00:00","og_image":[{"width":863,"height":575,"url":"https:\/\/soldadoadrianojose.com.br\/wp-content\/uploads\/2023\/03\/dekYZyvvvyE3q67XXjc4QYHdxP7Vfnwr7tWYKZ28.jpeg","type":"image\/jpeg"}],"author":"soldadoadrianojose","twitter_card":"summary_large_image","twitter_misc":{"Escrito por":"soldadoadrianojose","Est. tempo de leitura":"6 minutos"},"schema":{"@context":"https:\/\/schema.org","@graph":[{"@type":"Article","@id":"https:\/\/soldadoadrianojose.com.br\/index.php\/2023\/03\/21\/segue-para-sancao-projeto-que-cria-o-fundo-estadual-dos-direitos-da-mulher\/#article","isPartOf":{"@id":"https:\/\/soldadoadrianojose.com.br\/index.php\/2023\/03\/21\/segue-para-sancao-projeto-que-cria-o-fundo-estadual-dos-direitos-da-mulher\/"},"author":{"name":"soldadoadrianojose","@id":"https:\/\/soldadoadrianojose.com.br\/#\/schema\/person\/16f8e8defb7a4bd6c6082efcd1bdb6bb"},"headline":"Segue para san\u00e7\u00e3o projeto que cria o Fundo Estadual dos Direitos da Mulher","datePublished":"2023-03-21T09:26:53+00:00","dateModified":"2023-03-21T09:26:55+00:00","mainEntityOfPage":{"@id":"https:\/\/soldadoadrianojose.com.br\/index.php\/2023\/03\/21\/segue-para-sancao-projeto-que-cria-o-fundo-estadual-dos-direitos-da-mulher\/"},"wordCount":1061,"commentCount":0,"publisher":{"@id":"https:\/\/soldadoadrianojose.com.br\/#\/schema\/person\/16f8e8defb7a4bd6c6082efcd1bdb6bb"},"image":{"@id":"https:\/\/soldadoadrianojose.com.br\/index.php\/2023\/03\/21\/segue-para-sancao-projeto-que-cria-o-fundo-estadual-dos-direitos-da-mulher\/#primaryimage"},"thumbnailUrl":"https:\/\/soldadoadrianojose.com.br\/wp-content\/uploads\/2023\/03\/dekYZyvvvyE3q67XXjc4QYHdxP7Vfnwr7tWYKZ28.jpeg","articleSection":["PARAN\u00c1"],"inLanguage":"pt-BR","potentialAction":[{"@type":"CommentAction","name":"Comment","target":["https:\/\/soldadoadrianojose.com.br\/index.php\/2023\/03\/21\/segue-para-sancao-projeto-que-cria-o-fundo-estadual-dos-direitos-da-mulher\/#respond"]}]},{"@type":"WebPage","@id":"https:\/\/soldadoadrianojose.com.br\/index.php\/2023\/03\/21\/segue-para-sancao-projeto-que-cria-o-fundo-estadual-dos-direitos-da-mulher\/","url":"https:\/\/soldadoadrianojose.com.br\/index.php\/2023\/03\/21\/segue-para-sancao-projeto-que-cria-o-fundo-estadual-dos-direitos-da-mulher\/","name":"Segue para san\u00e7\u00e3o projeto que cria o Fundo Estadual dos Direitos da Mulher - Deputado Adriano Jos\u00e9","isPartOf":{"@id":"https:\/\/soldadoadrianojose.com.br\/#website"},"primaryImageOfPage":{"@id":"https:\/\/soldadoadrianojose.com.br\/index.php\/2023\/03\/21\/segue-para-sancao-projeto-que-cria-o-fundo-estadual-dos-direitos-da-mulher\/#primaryimage"},"image":{"@id":"https:\/\/soldadoadrianojose.com.br\/index.php\/2023\/03\/21\/segue-para-sancao-projeto-que-cria-o-fundo-estadual-dos-direitos-da-mulher\/#primaryimage"},"thumbnailUrl":"https:\/\/soldadoadrianojose.com.br\/wp-content\/uploads\/2023\/03\/dekYZyvvvyE3q67XXjc4QYHdxP7Vfnwr7tWYKZ28.jpeg","datePublished":"2023-03-21T09:26:53+00:00","dateModified":"2023-03-21T09:26:55+00:00","breadcrumb":{"@id":"https:\/\/soldadoadrianojose.com.br\/index.php\/2023\/03\/21\/segue-para-sancao-projeto-que-cria-o-fundo-estadual-dos-direitos-da-mulher\/#breadcrumb"},"inLanguage":"pt-BR","potentialAction":[{"@type":"ReadAction","target":["https:\/\/soldadoadrianojose.com.br\/index.php\/2023\/03\/21\/segue-para-sancao-projeto-que-cria-o-fundo-estadual-dos-direitos-da-mulher\/"]}]},{"@type":"ImageObject","inLanguage":"pt-BR","@id":"https:\/\/soldadoadrianojose.com.br\/index.php\/2023\/03\/21\/segue-para-sancao-projeto-que-cria-o-fundo-estadual-dos-direitos-da-mulher\/#primaryimage","url":"https:\/\/soldadoadrianojose.com.br\/wp-content\/uploads\/2023\/03\/dekYZyvvvyE3q67XXjc4QYHdxP7Vfnwr7tWYKZ28.jpeg","contentUrl":"https:\/\/soldadoadrianojose.com.br\/wp-content\/uploads\/2023\/03\/dekYZyvvvyE3q67XXjc4QYHdxP7Vfnwr7tWYKZ28.jpeg","width":863,"height":575},{"@type":"BreadcrumbList","@id":"https:\/\/soldadoadrianojose.com.br\/index.php\/2023\/03\/21\/segue-para-sancao-projeto-que-cria-o-fundo-estadual-dos-direitos-da-mulher\/#breadcrumb","itemListElement":[{"@type":"ListItem","position":1,"name":"In\u00edcio","item":"https:\/\/soldadoadrianojose.com.br\/"},{"@type":"ListItem","position":2,"name":"Segue para san\u00e7\u00e3o projeto que cria o Fundo Estadual dos Direitos da Mulher"}]},{"@type":"WebSite","@id":"https:\/\/soldadoadrianojose.com.br\/#website","url":"https:\/\/soldadoadrianojose.com.br\/","name":"Deputado Adriano Jos\u00e9","description":"Nosso trabalho \u00e9 pelas pessoas","publisher":{"@id":"https:\/\/soldadoadrianojose.com.br\/#\/schema\/person\/16f8e8defb7a4bd6c6082efcd1bdb6bb"},"potentialAction":[{"@type":"SearchAction","target":{"@type":"EntryPoint","urlTemplate":"https:\/\/soldadoadrianojose.com.br\/?s={search_term_string}"},"query-input":{"@type":"PropertyValueSpecification","valueRequired":true,"valueName":"search_term_string"}}],"inLanguage":"pt-BR"},{"@type":["Person","Organization"],"@id":"https:\/\/soldadoadrianojose.com.br\/#\/schema\/person\/16f8e8defb7a4bd6c6082efcd1bdb6bb","name":"soldadoadrianojose","image":{"@type":"ImageObject","inLanguage":"pt-BR","@id":"https:\/\/soldadoadrianojose.com.br\/wp-content\/uploads\/2023\/02\/LOGO_CLEAR-5.png","url":"https:\/\/soldadoadrianojose.com.br\/wp-content\/uploads\/2023\/02\/LOGO_CLEAR-5.png","contentUrl":"https:\/\/soldadoadrianojose.com.br\/wp-content\/uploads\/2023\/02\/LOGO_CLEAR-5.png","width":3508,"height":998,"caption":"soldadoadrianojose"},"logo":{"@id":"https:\/\/soldadoadrianojose.com.br\/wp-content\/uploads\/2023\/02\/LOGO_CLEAR-5.png"},"sameAs":["https:\/\/soldadoadrianojose.com.br"],"url":"https:\/\/soldadoadrianojose.com.br\/index.php\/author\/soldadoadrianojose\/"}]}},"jetpack_featured_media_url":"https:\/\/soldadoadrianojose.com.br\/wp-content\/uploads\/2023\/03\/dekYZyvvvyE3q67XXjc4QYHdxP7Vfnwr7tWYKZ28.jpeg","_links":{"self":[{"href":"https:\/\/soldadoadrianojose.com.br\/index.php\/wp-json\/wp\/v2\/posts\/539","targetHints":{"allow":["GET"]}}],"collection":[{"href":"https:\/\/soldadoadrianojose.com.br\/index.php\/wp-json\/wp\/v2\/posts"}],"about":[{"href":"https:\/\/soldadoadrianojose.com.br\/index.php\/wp-json\/wp\/v2\/types\/post"}],"author":[{"embeddable":true,"href":"https:\/\/soldadoadrianojose.com.br\/index.php\/wp-json\/wp\/v2\/users\/1"}],"replies":[{"embeddable":true,"href":"https:\/\/soldadoadrianojose.com.br\/index.php\/wp-json\/wp\/v2\/comments?post=539"}],"version-history":[{"count":1,"href":"https:\/\/soldadoadrianojose.com.br\/index.php\/wp-json\/wp\/v2\/posts\/539\/revisions"}],"predecessor-version":[{"id":542,"href":"https:\/\/soldadoadrianojose.com.br\/index.php\/wp-json\/wp\/v2\/posts\/539\/revisions\/542"}],"wp:featuredmedia":[{"embeddable":true,"href":"https:\/\/soldadoadrianojose.com.br\/index.php\/wp-json\/wp\/v2\/media\/541"}],"wp:attachment":[{"href":"https:\/\/soldadoadrianojose.com.br\/index.php\/wp-json\/wp\/v2\/media?parent=539"}],"wp:term":[{"taxonomy":"category","embeddable":true,"href":"https:\/\/soldadoadrianojose.com.br\/index.php\/wp-json\/wp\/v2\/categories?post=539"},{"taxonomy":"post_tag","embeddable":true,"href":"https:\/\/soldadoadrianojose.com.br\/index.php\/wp-json\/wp\/v2\/tags?post=539"}],"curies":[{"name":"wp","href":"https:\/\/api.w.org\/{rel}","templated":true}]}}