{"id":557,"date":"2023-03-21T10:03:58","date_gmt":"2023-03-21T13:03:58","guid":{"rendered":"https:\/\/soldadoadrianojose.com.br\/?p=557"},"modified":"2023-03-21T10:04:01","modified_gmt":"2023-03-21T13:04:01","slug":"absurdo-juiza-revoga-prisao-de-7-e-retira-tornozeleira-de-38-integrantes-do-comando-vermelho","status":"publish","type":"post","link":"https:\/\/soldadoadrianojose.com.br\/index.php\/2023\/03\/21\/absurdo-juiza-revoga-prisao-de-7-e-retira-tornozeleira-de-38-integrantes-do-comando-vermelho\/","title":{"rendered":"ABSURDO: Ju\u00edza revoga pris\u00e3o de 7 e retira tornozeleira de 38 integrantes do Comando Vermelho"},"content":{"rendered":"\n<figure class=\"wp-block-image size-large\"><img fetchpriority=\"high\" decoding=\"async\" width=\"1024\" height=\"683\" src=\"https:\/\/soldadoadrianojose.com.br\/wp-content\/uploads\/2023\/03\/4de2eefa59cfc1b9f05c7e9a0b199043-1024x683.jpeg\" alt=\"\" class=\"wp-image-558\" srcset=\"https:\/\/soldadoadrianojose.com.br\/wp-content\/uploads\/2023\/03\/4de2eefa59cfc1b9f05c7e9a0b199043-1024x683.jpeg 1024w, https:\/\/soldadoadrianojose.com.br\/wp-content\/uploads\/2023\/03\/4de2eefa59cfc1b9f05c7e9a0b199043-300x200.jpeg 300w, https:\/\/soldadoadrianojose.com.br\/wp-content\/uploads\/2023\/03\/4de2eefa59cfc1b9f05c7e9a0b199043-768x512.jpeg 768w, https:\/\/soldadoadrianojose.com.br\/wp-content\/uploads\/2023\/03\/4de2eefa59cfc1b9f05c7e9a0b199043.jpeg 1200w\" sizes=\"(max-width: 1024px) 100vw, 1024px\" \/><\/figure>\n\n\n\n<p>Em decis\u00e3o publicada no Di\u00e1rio de Justi\u00e7a desta sexta-feira (17) a ju\u00edza Ana Cristina Silva Mendes revogou a pris\u00e3o preventiva de 4 acusados, bem como revogou a pris\u00e3o domiciliar de outros 3 e determinou a retirada da monitora\u00e7\u00e3o eletr\u00f4nica de 38 suspeitos de integrar a fac\u00e7\u00e3o criminosa Comando Vermelho, alvos da 1\u00aa fase da Opera\u00e7\u00e3o D\u00e9cimo Mandamento, deflagrada em 2018. A justificativa foi que eles est\u00e3o h\u00e1 mais de 4 anos cumprindo as medidas.<\/p>\n\n\n\n<p>A opera\u00e7\u00e3o, deflagrada pela Delegacia Regional de Barra do Gar\u00e7as e a Ger\u00eancia de Combate ao Crime Organizado (GCCO), identificou que o grupo articulava o cometimento de crimes ordenados de dentro de unidades prisionais.<\/p>\n\n\n\n<p>As investiga\u00e7\u00f5es come\u00e7aram ap\u00f3s viaturas do Sistema Socioeducativo terem sido incendiadas em Barra do Gar\u00e7as.<\/p>\n\n\n\n<p>Na decis\u00e3o publicada no Di\u00e1rio de Justi\u00e7a a ju\u00edza cita que os r\u00e9us s\u00e3o acusados de promoverem, constitu\u00edrem e integrarem a organiza\u00e7\u00e3o criminosa armada, que \u201c\u00e9 estruturalmente ordenada e caracterizada pela divis\u00e3o de tarefas, com o objetivo de praticar crimes, notadamente os delitos de furto qualificado, roubo majorado e tr\u00e1fico de drogas\u201d.<\/p>\n\n\n\n<p>No entanto, ela considerou o longo per\u00edodo que os alvos est\u00e3o cumprindo as medidas impostas pela Justi\u00e7a, ainda aguardando a conclus\u00e3o do processo, que segundo ela, deve demorar. Com base nisso ela decidiu pela revoga\u00e7\u00e3o das pris\u00f5es e retirada das tornozeleiras.<\/p>\n\n\n\n<p>\u201cOs acusados est\u00e3o submetidos as ordens judicias deste processo h\u00e1 mais de 04 anos e dada a complexidade do feito a elabora\u00e7\u00e3o da senten\u00e7a demandar\u00e1 uma apura\u00e7\u00e3o acurada dos fatos, o que, indubitavelmente causar\u00e1 demora na sua finaliza\u00e7\u00e3o. Embora os delitos em apura\u00e7\u00e3o sejam considerados de extrema periculosidade, n\u00e3o se pode olvidar que a Constitui\u00e7\u00e3o do Brasil garante a todos, [&#8230;], razo\u00e1vel dura\u00e7\u00e3o do processo e meios que garantam a sua celeridade, o que se amolda no caso em an\u00e1lise\u201d.<\/p>\n\n\n\n<p>Foi revogada a pris\u00e3o preventiva de Renildo Silva Rios, Gilson Rodrigues Santos, Luiz Fernando Rodrigues Da Silva e Cleiton Mar\u00e7al Albuquerque Dami\u00e3o.<\/p>\n\n\n\n<p>Foi revogada a pris\u00e3o domiciliar, e demais medidas cautelares, de Carla Eduarda Rodrigues dos Santos, Lady Dayana Marcia Magalh\u00e3es Martines e Izes Ariel Souza.<\/p>\n\n\n\n<p>Por fim ela revogou a monitora\u00e7\u00e3o eletr\u00f4nica de: &nbsp;<\/p>\n\n\n\n<p>Aldemir de Assis Campos<\/p>\n\n\n\n<p>Wanderson Pinheiro de Souza<\/p>\n\n\n\n<p>F\u00e1bio Barbosa Freres<\/p>\n\n\n\n<p>Amaury Milome Souza<\/p>\n\n\n\n<p>Emmylee Souza da Silva<\/p>\n\n\n\n<p>Carlos Leonardo Oliveira Leal<\/p>\n\n\n\n<p>Willian Ferreira Candido<\/p>\n\n\n\n<p>Bruno Ara\u00fajo de Oliveira<\/p>\n\n\n\n<p>Dejaclilton Vieira Moreira<\/p>\n\n\n\n<p>Marloan Gomes Cordeiro<\/p>\n\n\n\n<p>Jer\u00f4nimo Gabriel Alves dos Santos Moreira<\/p>\n\n\n\n<p>Celino de Oliveira Arruda Teixeira<\/p>\n\n\n\n<p>Frank Souza Santos<\/p>\n\n\n\n<p>Fernando Ferreira Abreu<\/p>\n\n\n\n<p>Maxwuel Mendes Vieira<\/p>\n\n\n\n<p>Jean Carlos Moreno Cavalcante<\/p>\n\n\n\n<p>Kywsllen Martins Vieira<\/p>\n\n\n\n<p>Fabio Bastos Santana<\/p>\n\n\n\n<p>Eliomar Martins Santos<\/p>\n\n\n\n<p>Luan Patrik Fernandes Toledo<\/p>\n\n\n\n<p>Joseph Aparecido da Silva<\/p>\n\n\n\n<p>Rom\u00e1rio de Oliveira Goulart<\/p>\n\n\n\n<p>Giovanne Carlos Andrade Souza<\/p>\n\n\n\n<p>Maxsuel Sousa da Silva<\/p>\n\n\n\n<p>Jo\u00e3o Bosco Alves de Oliveira Filho<\/p>\n\n\n\n<p>Wanderson dos Santos Queiroz<\/p>\n\n\n\n<p>Cristian Lucas Pereira Barbosa<\/p>\n\n\n\n<p>Pedro Henrique Souza Lopes<\/p>\n\n\n\n<p>Murilo Jose Borges Farias<\/p>\n\n\n\n<p>Lucas Sousa da Silva<\/p>\n\n\n\n<p>Neilson Gabriel Alves da Silva<\/p>\n\n\n\n<p>Tamiris Heck<\/p>\n\n\n\n<p>Ingrid Freitas dos Reis<\/p>\n\n\n\n<p>Douglas Santos da Silva<\/p>\n\n\n\n<p>Gabriel Richard Brito da Silva<\/p>\n\n\n\n<p>Jheimeson Bruno de Ara\u00fajo<\/p>\n\n\n\n<p>Milton Naves de Souza<\/p>\n\n\n\n<p>Julio Cesar Borges de Oliveira<\/p>\n","protected":false},"excerpt":{"rendered":"<p>Em decis\u00e3o publicada no Di\u00e1rio de Justi\u00e7a desta sexta-feira (17) a ju\u00edza Ana Cristina Silva Mendes revogou a pris\u00e3o preventiva de 4 acusados, bem como revogou a pris\u00e3o domiciliar de outros 3 e determinou a retirada da monitora\u00e7\u00e3o eletr\u00f4nica de 38 suspeitos de integrar a fac\u00e7\u00e3o criminosa Comando Vermelho, alvos da 1\u00aa fase da Opera\u00e7\u00e3o [&hellip;]<\/p>\n","protected":false},"author":1,"featured_media":558,"comment_status":"open","ping_status":"open","sticky":false,"template":"","format":"standard","meta":{"footnotes":""},"categories":[6],"tags":[],"class_list":["post-557","post","type-post","status-publish","format-standard","has-post-thumbnail","hentry","category-brasil"],"yoast_head":"<!-- This site is optimized with the Yoast SEO plugin v27.4 - https:\/\/yoast.com\/product\/yoast-seo-wordpress\/ -->\n<title>ABSURDO: Ju\u00edza revoga pris\u00e3o de 7 e retira tornozeleira de 38 integrantes do Comando Vermelho - Deputado Adriano Jos\u00e9<\/title>\n<meta name=\"robots\" content=\"index, follow, max-snippet:-1, max-image-preview:large, max-video-preview:-1\" \/>\n<link rel=\"canonical\" href=\"https:\/\/soldadoadrianojose.com.br\/index.php\/2023\/03\/21\/absurdo-juiza-revoga-prisao-de-7-e-retira-tornozeleira-de-38-integrantes-do-comando-vermelho\/\" \/>\n<meta property=\"og:locale\" content=\"pt_BR\" \/>\n<meta property=\"og:type\" content=\"article\" \/>\n<meta property=\"og:title\" content=\"ABSURDO: Ju\u00edza revoga pris\u00e3o de 7 e retira tornozeleira de 38 integrantes do Comando Vermelho - Deputado Adriano Jos\u00e9\" \/>\n<meta property=\"og:description\" content=\"Em decis\u00e3o publicada no Di\u00e1rio de Justi\u00e7a desta sexta-feira (17) a ju\u00edza Ana Cristina Silva Mendes revogou a pris\u00e3o preventiva de 4 acusados, bem como revogou a pris\u00e3o domiciliar de outros 3 e determinou a retirada da monitora\u00e7\u00e3o eletr\u00f4nica de 38 suspeitos de integrar a fac\u00e7\u00e3o criminosa Comando Vermelho, alvos da 1\u00aa fase da Opera\u00e7\u00e3o [&hellip;]\" \/>\n<meta property=\"og:url\" content=\"https:\/\/soldadoadrianojose.com.br\/index.php\/2023\/03\/21\/absurdo-juiza-revoga-prisao-de-7-e-retira-tornozeleira-de-38-integrantes-do-comando-vermelho\/\" \/>\n<meta property=\"og:site_name\" content=\"Deputado Adriano Jos\u00e9\" \/>\n<meta property=\"article:published_time\" content=\"2023-03-21T13:03:58+00:00\" \/>\n<meta property=\"article:modified_time\" content=\"2023-03-21T13:04:01+00:00\" \/>\n<meta property=\"og:image\" content=\"https:\/\/soldadoadrianojose.com.br\/wp-content\/uploads\/2023\/03\/4de2eefa59cfc1b9f05c7e9a0b199043.jpeg\" \/>\n\t<meta property=\"og:image:width\" content=\"1200\" \/>\n\t<meta property=\"og:image:height\" content=\"800\" \/>\n\t<meta property=\"og:image:type\" content=\"image\/jpeg\" \/>\n<meta name=\"author\" content=\"soldadoadrianojose\" \/>\n<meta name=\"twitter:card\" content=\"summary_large_image\" \/>\n<meta name=\"twitter:label1\" content=\"Escrito por\" \/>\n\t<meta name=\"twitter:data1\" content=\"soldadoadrianojose\" \/>\n\t<meta name=\"twitter:label2\" content=\"Est. tempo de leitura\" \/>\n\t<meta name=\"twitter:data2\" content=\"3 minutos\" \/>\n<script type=\"application\/ld+json\" class=\"yoast-schema-graph\">{\"@context\":\"https:\\\/\\\/schema.org\",\"@graph\":[{\"@type\":\"Article\",\"@id\":\"https:\\\/\\\/soldadoadrianojose.com.br\\\/index.php\\\/2023\\\/03\\\/21\\\/absurdo-juiza-revoga-prisao-de-7-e-retira-tornozeleira-de-38-integrantes-do-comando-vermelho\\\/#article\",\"isPartOf\":{\"@id\":\"https:\\\/\\\/soldadoadrianojose.com.br\\\/index.php\\\/2023\\\/03\\\/21\\\/absurdo-juiza-revoga-prisao-de-7-e-retira-tornozeleira-de-38-integrantes-do-comando-vermelho\\\/\"},\"author\":{\"name\":\"soldadoadrianojose\",\"@id\":\"https:\\\/\\\/soldadoadrianojose.com.br\\\/#\\\/schema\\\/person\\\/16f8e8defb7a4bd6c6082efcd1bdb6bb\"},\"headline\":\"ABSURDO: Ju\u00edza revoga pris\u00e3o de 7 e retira tornozeleira de 38 integrantes do Comando Vermelho\",\"datePublished\":\"2023-03-21T13:03:58+00:00\",\"dateModified\":\"2023-03-21T13:04:01+00:00\",\"mainEntityOfPage\":{\"@id\":\"https:\\\/\\\/soldadoadrianojose.com.br\\\/index.php\\\/2023\\\/03\\\/21\\\/absurdo-juiza-revoga-prisao-de-7-e-retira-tornozeleira-de-38-integrantes-do-comando-vermelho\\\/\"},\"wordCount\":562,\"commentCount\":0,\"publisher\":{\"@id\":\"https:\\\/\\\/soldadoadrianojose.com.br\\\/#\\\/schema\\\/person\\\/16f8e8defb7a4bd6c6082efcd1bdb6bb\"},\"image\":{\"@id\":\"https:\\\/\\\/soldadoadrianojose.com.br\\\/index.php\\\/2023\\\/03\\\/21\\\/absurdo-juiza-revoga-prisao-de-7-e-retira-tornozeleira-de-38-integrantes-do-comando-vermelho\\\/#primaryimage\"},\"thumbnailUrl\":\"https:\\\/\\\/soldadoadrianojose.com.br\\\/wp-content\\\/uploads\\\/2023\\\/03\\\/4de2eefa59cfc1b9f05c7e9a0b199043.jpeg\",\"articleSection\":[\"BRASIL\"],\"inLanguage\":\"pt-BR\",\"potentialAction\":[{\"@type\":\"CommentAction\",\"name\":\"Comment\",\"target\":[\"https:\\\/\\\/soldadoadrianojose.com.br\\\/index.php\\\/2023\\\/03\\\/21\\\/absurdo-juiza-revoga-prisao-de-7-e-retira-tornozeleira-de-38-integrantes-do-comando-vermelho\\\/#respond\"]}]},{\"@type\":\"WebPage\",\"@id\":\"https:\\\/\\\/soldadoadrianojose.com.br\\\/index.php\\\/2023\\\/03\\\/21\\\/absurdo-juiza-revoga-prisao-de-7-e-retira-tornozeleira-de-38-integrantes-do-comando-vermelho\\\/\",\"url\":\"https:\\\/\\\/soldadoadrianojose.com.br\\\/index.php\\\/2023\\\/03\\\/21\\\/absurdo-juiza-revoga-prisao-de-7-e-retira-tornozeleira-de-38-integrantes-do-comando-vermelho\\\/\",\"name\":\"ABSURDO: Ju\u00edza revoga pris\u00e3o de 7 e retira tornozeleira de 38 integrantes do Comando Vermelho - Deputado Adriano Jos\u00e9\",\"isPartOf\":{\"@id\":\"https:\\\/\\\/soldadoadrianojose.com.br\\\/#website\"},\"primaryImageOfPage\":{\"@id\":\"https:\\\/\\\/soldadoadrianojose.com.br\\\/index.php\\\/2023\\\/03\\\/21\\\/absurdo-juiza-revoga-prisao-de-7-e-retira-tornozeleira-de-38-integrantes-do-comando-vermelho\\\/#primaryimage\"},\"image\":{\"@id\":\"https:\\\/\\\/soldadoadrianojose.com.br\\\/index.php\\\/2023\\\/03\\\/21\\\/absurdo-juiza-revoga-prisao-de-7-e-retira-tornozeleira-de-38-integrantes-do-comando-vermelho\\\/#primaryimage\"},\"thumbnailUrl\":\"https:\\\/\\\/soldadoadrianojose.com.br\\\/wp-content\\\/uploads\\\/2023\\\/03\\\/4de2eefa59cfc1b9f05c7e9a0b199043.jpeg\",\"datePublished\":\"2023-03-21T13:03:58+00:00\",\"dateModified\":\"2023-03-21T13:04:01+00:00\",\"breadcrumb\":{\"@id\":\"https:\\\/\\\/soldadoadrianojose.com.br\\\/index.php\\\/2023\\\/03\\\/21\\\/absurdo-juiza-revoga-prisao-de-7-e-retira-tornozeleira-de-38-integrantes-do-comando-vermelho\\\/#breadcrumb\"},\"inLanguage\":\"pt-BR\",\"potentialAction\":[{\"@type\":\"ReadAction\",\"target\":[\"https:\\\/\\\/soldadoadrianojose.com.br\\\/index.php\\\/2023\\\/03\\\/21\\\/absurdo-juiza-revoga-prisao-de-7-e-retira-tornozeleira-de-38-integrantes-do-comando-vermelho\\\/\"]}]},{\"@type\":\"ImageObject\",\"inLanguage\":\"pt-BR\",\"@id\":\"https:\\\/\\\/soldadoadrianojose.com.br\\\/index.php\\\/2023\\\/03\\\/21\\\/absurdo-juiza-revoga-prisao-de-7-e-retira-tornozeleira-de-38-integrantes-do-comando-vermelho\\\/#primaryimage\",\"url\":\"https:\\\/\\\/soldadoadrianojose.com.br\\\/wp-content\\\/uploads\\\/2023\\\/03\\\/4de2eefa59cfc1b9f05c7e9a0b199043.jpeg\",\"contentUrl\":\"https:\\\/\\\/soldadoadrianojose.com.br\\\/wp-content\\\/uploads\\\/2023\\\/03\\\/4de2eefa59cfc1b9f05c7e9a0b199043.jpeg\",\"width\":1200,\"height\":800},{\"@type\":\"BreadcrumbList\",\"@id\":\"https:\\\/\\\/soldadoadrianojose.com.br\\\/index.php\\\/2023\\\/03\\\/21\\\/absurdo-juiza-revoga-prisao-de-7-e-retira-tornozeleira-de-38-integrantes-do-comando-vermelho\\\/#breadcrumb\",\"itemListElement\":[{\"@type\":\"ListItem\",\"position\":1,\"name\":\"In\u00edcio\",\"item\":\"https:\\\/\\\/soldadoadrianojose.com.br\\\/\"},{\"@type\":\"ListItem\",\"position\":2,\"name\":\"ABSURDO: Ju\u00edza revoga pris\u00e3o de 7 e retira tornozeleira de 38 integrantes do Comando Vermelho\"}]},{\"@type\":\"WebSite\",\"@id\":\"https:\\\/\\\/soldadoadrianojose.com.br\\\/#website\",\"url\":\"https:\\\/\\\/soldadoadrianojose.com.br\\\/\",\"name\":\"Deputado Adriano Jos\u00e9\",\"description\":\"Nosso trabalho \u00e9 pelas pessoas\",\"publisher\":{\"@id\":\"https:\\\/\\\/soldadoadrianojose.com.br\\\/#\\\/schema\\\/person\\\/16f8e8defb7a4bd6c6082efcd1bdb6bb\"},\"potentialAction\":[{\"@type\":\"SearchAction\",\"target\":{\"@type\":\"EntryPoint\",\"urlTemplate\":\"https:\\\/\\\/soldadoadrianojose.com.br\\\/?s={search_term_string}\"},\"query-input\":{\"@type\":\"PropertyValueSpecification\",\"valueRequired\":true,\"valueName\":\"search_term_string\"}}],\"inLanguage\":\"pt-BR\"},{\"@type\":[\"Person\",\"Organization\"],\"@id\":\"https:\\\/\\\/soldadoadrianojose.com.br\\\/#\\\/schema\\\/person\\\/16f8e8defb7a4bd6c6082efcd1bdb6bb\",\"name\":\"soldadoadrianojose\",\"image\":{\"@type\":\"ImageObject\",\"inLanguage\":\"pt-BR\",\"@id\":\"https:\\\/\\\/soldadoadrianojose.com.br\\\/wp-content\\\/uploads\\\/2023\\\/02\\\/LOGO_CLEAR-5.png\",\"url\":\"https:\\\/\\\/soldadoadrianojose.com.br\\\/wp-content\\\/uploads\\\/2023\\\/02\\\/LOGO_CLEAR-5.png\",\"contentUrl\":\"https:\\\/\\\/soldadoadrianojose.com.br\\\/wp-content\\\/uploads\\\/2023\\\/02\\\/LOGO_CLEAR-5.png\",\"width\":3508,\"height\":998,\"caption\":\"soldadoadrianojose\"},\"logo\":{\"@id\":\"https:\\\/\\\/soldadoadrianojose.com.br\\\/wp-content\\\/uploads\\\/2023\\\/02\\\/LOGO_CLEAR-5.png\"},\"sameAs\":[\"https:\\\/\\\/soldadoadrianojose.com.br\"],\"url\":\"https:\\\/\\\/soldadoadrianojose.com.br\\\/index.php\\\/author\\\/soldadoadrianojose\\\/\"}]}<\/script>\n<!-- \/ Yoast SEO plugin. -->","yoast_head_json":{"title":"ABSURDO: Ju\u00edza revoga pris\u00e3o de 7 e retira tornozeleira de 38 integrantes do Comando Vermelho - Deputado Adriano Jos\u00e9","robots":{"index":"index","follow":"follow","max-snippet":"max-snippet:-1","max-image-preview":"max-image-preview:large","max-video-preview":"max-video-preview:-1"},"canonical":"https:\/\/soldadoadrianojose.com.br\/index.php\/2023\/03\/21\/absurdo-juiza-revoga-prisao-de-7-e-retira-tornozeleira-de-38-integrantes-do-comando-vermelho\/","og_locale":"pt_BR","og_type":"article","og_title":"ABSURDO: Ju\u00edza revoga pris\u00e3o de 7 e retira tornozeleira de 38 integrantes do Comando Vermelho - Deputado Adriano Jos\u00e9","og_description":"Em decis\u00e3o publicada no Di\u00e1rio de Justi\u00e7a desta sexta-feira (17) a ju\u00edza Ana Cristina Silva Mendes revogou a pris\u00e3o preventiva de 4 acusados, bem como revogou a pris\u00e3o domiciliar de outros 3 e determinou a retirada da monitora\u00e7\u00e3o eletr\u00f4nica de 38 suspeitos de integrar a fac\u00e7\u00e3o criminosa Comando Vermelho, alvos da 1\u00aa fase da Opera\u00e7\u00e3o [&hellip;]","og_url":"https:\/\/soldadoadrianojose.com.br\/index.php\/2023\/03\/21\/absurdo-juiza-revoga-prisao-de-7-e-retira-tornozeleira-de-38-integrantes-do-comando-vermelho\/","og_site_name":"Deputado Adriano Jos\u00e9","article_published_time":"2023-03-21T13:03:58+00:00","article_modified_time":"2023-03-21T13:04:01+00:00","og_image":[{"width":1200,"height":800,"url":"https:\/\/soldadoadrianojose.com.br\/wp-content\/uploads\/2023\/03\/4de2eefa59cfc1b9f05c7e9a0b199043.jpeg","type":"image\/jpeg"}],"author":"soldadoadrianojose","twitter_card":"summary_large_image","twitter_misc":{"Escrito por":"soldadoadrianojose","Est. tempo de leitura":"3 minutos"},"schema":{"@context":"https:\/\/schema.org","@graph":[{"@type":"Article","@id":"https:\/\/soldadoadrianojose.com.br\/index.php\/2023\/03\/21\/absurdo-juiza-revoga-prisao-de-7-e-retira-tornozeleira-de-38-integrantes-do-comando-vermelho\/#article","isPartOf":{"@id":"https:\/\/soldadoadrianojose.com.br\/index.php\/2023\/03\/21\/absurdo-juiza-revoga-prisao-de-7-e-retira-tornozeleira-de-38-integrantes-do-comando-vermelho\/"},"author":{"name":"soldadoadrianojose","@id":"https:\/\/soldadoadrianojose.com.br\/#\/schema\/person\/16f8e8defb7a4bd6c6082efcd1bdb6bb"},"headline":"ABSURDO: Ju\u00edza revoga pris\u00e3o de 7 e retira tornozeleira de 38 integrantes do Comando Vermelho","datePublished":"2023-03-21T13:03:58+00:00","dateModified":"2023-03-21T13:04:01+00:00","mainEntityOfPage":{"@id":"https:\/\/soldadoadrianojose.com.br\/index.php\/2023\/03\/21\/absurdo-juiza-revoga-prisao-de-7-e-retira-tornozeleira-de-38-integrantes-do-comando-vermelho\/"},"wordCount":562,"commentCount":0,"publisher":{"@id":"https:\/\/soldadoadrianojose.com.br\/#\/schema\/person\/16f8e8defb7a4bd6c6082efcd1bdb6bb"},"image":{"@id":"https:\/\/soldadoadrianojose.com.br\/index.php\/2023\/03\/21\/absurdo-juiza-revoga-prisao-de-7-e-retira-tornozeleira-de-38-integrantes-do-comando-vermelho\/#primaryimage"},"thumbnailUrl":"https:\/\/soldadoadrianojose.com.br\/wp-content\/uploads\/2023\/03\/4de2eefa59cfc1b9f05c7e9a0b199043.jpeg","articleSection":["BRASIL"],"inLanguage":"pt-BR","potentialAction":[{"@type":"CommentAction","name":"Comment","target":["https:\/\/soldadoadrianojose.com.br\/index.php\/2023\/03\/21\/absurdo-juiza-revoga-prisao-de-7-e-retira-tornozeleira-de-38-integrantes-do-comando-vermelho\/#respond"]}]},{"@type":"WebPage","@id":"https:\/\/soldadoadrianojose.com.br\/index.php\/2023\/03\/21\/absurdo-juiza-revoga-prisao-de-7-e-retira-tornozeleira-de-38-integrantes-do-comando-vermelho\/","url":"https:\/\/soldadoadrianojose.com.br\/index.php\/2023\/03\/21\/absurdo-juiza-revoga-prisao-de-7-e-retira-tornozeleira-de-38-integrantes-do-comando-vermelho\/","name":"ABSURDO: Ju\u00edza revoga pris\u00e3o de 7 e retira tornozeleira de 38 integrantes do Comando Vermelho - Deputado Adriano Jos\u00e9","isPartOf":{"@id":"https:\/\/soldadoadrianojose.com.br\/#website"},"primaryImageOfPage":{"@id":"https:\/\/soldadoadrianojose.com.br\/index.php\/2023\/03\/21\/absurdo-juiza-revoga-prisao-de-7-e-retira-tornozeleira-de-38-integrantes-do-comando-vermelho\/#primaryimage"},"image":{"@id":"https:\/\/soldadoadrianojose.com.br\/index.php\/2023\/03\/21\/absurdo-juiza-revoga-prisao-de-7-e-retira-tornozeleira-de-38-integrantes-do-comando-vermelho\/#primaryimage"},"thumbnailUrl":"https:\/\/soldadoadrianojose.com.br\/wp-content\/uploads\/2023\/03\/4de2eefa59cfc1b9f05c7e9a0b199043.jpeg","datePublished":"2023-03-21T13:03:58+00:00","dateModified":"2023-03-21T13:04:01+00:00","breadcrumb":{"@id":"https:\/\/soldadoadrianojose.com.br\/index.php\/2023\/03\/21\/absurdo-juiza-revoga-prisao-de-7-e-retira-tornozeleira-de-38-integrantes-do-comando-vermelho\/#breadcrumb"},"inLanguage":"pt-BR","potentialAction":[{"@type":"ReadAction","target":["https:\/\/soldadoadrianojose.com.br\/index.php\/2023\/03\/21\/absurdo-juiza-revoga-prisao-de-7-e-retira-tornozeleira-de-38-integrantes-do-comando-vermelho\/"]}]},{"@type":"ImageObject","inLanguage":"pt-BR","@id":"https:\/\/soldadoadrianojose.com.br\/index.php\/2023\/03\/21\/absurdo-juiza-revoga-prisao-de-7-e-retira-tornozeleira-de-38-integrantes-do-comando-vermelho\/#primaryimage","url":"https:\/\/soldadoadrianojose.com.br\/wp-content\/uploads\/2023\/03\/4de2eefa59cfc1b9f05c7e9a0b199043.jpeg","contentUrl":"https:\/\/soldadoadrianojose.com.br\/wp-content\/uploads\/2023\/03\/4de2eefa59cfc1b9f05c7e9a0b199043.jpeg","width":1200,"height":800},{"@type":"BreadcrumbList","@id":"https:\/\/soldadoadrianojose.com.br\/index.php\/2023\/03\/21\/absurdo-juiza-revoga-prisao-de-7-e-retira-tornozeleira-de-38-integrantes-do-comando-vermelho\/#breadcrumb","itemListElement":[{"@type":"ListItem","position":1,"name":"In\u00edcio","item":"https:\/\/soldadoadrianojose.com.br\/"},{"@type":"ListItem","position":2,"name":"ABSURDO: Ju\u00edza revoga pris\u00e3o de 7 e retira tornozeleira de 38 integrantes do Comando Vermelho"}]},{"@type":"WebSite","@id":"https:\/\/soldadoadrianojose.com.br\/#website","url":"https:\/\/soldadoadrianojose.com.br\/","name":"Deputado Adriano Jos\u00e9","description":"Nosso trabalho \u00e9 pelas pessoas","publisher":{"@id":"https:\/\/soldadoadrianojose.com.br\/#\/schema\/person\/16f8e8defb7a4bd6c6082efcd1bdb6bb"},"potentialAction":[{"@type":"SearchAction","target":{"@type":"EntryPoint","urlTemplate":"https:\/\/soldadoadrianojose.com.br\/?s={search_term_string}"},"query-input":{"@type":"PropertyValueSpecification","valueRequired":true,"valueName":"search_term_string"}}],"inLanguage":"pt-BR"},{"@type":["Person","Organization"],"@id":"https:\/\/soldadoadrianojose.com.br\/#\/schema\/person\/16f8e8defb7a4bd6c6082efcd1bdb6bb","name":"soldadoadrianojose","image":{"@type":"ImageObject","inLanguage":"pt-BR","@id":"https:\/\/soldadoadrianojose.com.br\/wp-content\/uploads\/2023\/02\/LOGO_CLEAR-5.png","url":"https:\/\/soldadoadrianojose.com.br\/wp-content\/uploads\/2023\/02\/LOGO_CLEAR-5.png","contentUrl":"https:\/\/soldadoadrianojose.com.br\/wp-content\/uploads\/2023\/02\/LOGO_CLEAR-5.png","width":3508,"height":998,"caption":"soldadoadrianojose"},"logo":{"@id":"https:\/\/soldadoadrianojose.com.br\/wp-content\/uploads\/2023\/02\/LOGO_CLEAR-5.png"},"sameAs":["https:\/\/soldadoadrianojose.com.br"],"url":"https:\/\/soldadoadrianojose.com.br\/index.php\/author\/soldadoadrianojose\/"}]}},"jetpack_featured_media_url":"https:\/\/soldadoadrianojose.com.br\/wp-content\/uploads\/2023\/03\/4de2eefa59cfc1b9f05c7e9a0b199043.jpeg","_links":{"self":[{"href":"https:\/\/soldadoadrianojose.com.br\/index.php\/wp-json\/wp\/v2\/posts\/557","targetHints":{"allow":["GET"]}}],"collection":[{"href":"https:\/\/soldadoadrianojose.com.br\/index.php\/wp-json\/wp\/v2\/posts"}],"about":[{"href":"https:\/\/soldadoadrianojose.com.br\/index.php\/wp-json\/wp\/v2\/types\/post"}],"author":[{"embeddable":true,"href":"https:\/\/soldadoadrianojose.com.br\/index.php\/wp-json\/wp\/v2\/users\/1"}],"replies":[{"embeddable":true,"href":"https:\/\/soldadoadrianojose.com.br\/index.php\/wp-json\/wp\/v2\/comments?post=557"}],"version-history":[{"count":1,"href":"https:\/\/soldadoadrianojose.com.br\/index.php\/wp-json\/wp\/v2\/posts\/557\/revisions"}],"predecessor-version":[{"id":559,"href":"https:\/\/soldadoadrianojose.com.br\/index.php\/wp-json\/wp\/v2\/posts\/557\/revisions\/559"}],"wp:featuredmedia":[{"embeddable":true,"href":"https:\/\/soldadoadrianojose.com.br\/index.php\/wp-json\/wp\/v2\/media\/558"}],"wp:attachment":[{"href":"https:\/\/soldadoadrianojose.com.br\/index.php\/wp-json\/wp\/v2\/media?parent=557"}],"wp:term":[{"taxonomy":"category","embeddable":true,"href":"https:\/\/soldadoadrianojose.com.br\/index.php\/wp-json\/wp\/v2\/categories?post=557"},{"taxonomy":"post_tag","embeddable":true,"href":"https:\/\/soldadoadrianojose.com.br\/index.php\/wp-json\/wp\/v2\/tags?post=557"}],"curies":[{"name":"wp","href":"https:\/\/api.w.org\/{rel}","templated":true}]}}