{"id":602,"date":"2023-03-23T08:39:08","date_gmt":"2023-03-23T11:39:08","guid":{"rendered":"https:\/\/soldadoadrianojose.com.br\/?p=602"},"modified":"2023-03-23T08:41:41","modified_gmt":"2023-03-23T11:41:41","slug":"dia-mundial-da-aagua-lancamento-do-programa-rio-limpo-em-maringa","status":"publish","type":"post","link":"https:\/\/soldadoadrianojose.com.br\/index.php\/2023\/03\/23\/dia-mundial-da-aagua-lancamento-do-programa-rio-limpo-em-maringa\/","title":{"rendered":"DIA MUNDIAL DA AGU\u00c1: Lan\u00e7amento do programa Rio Limpo em Maringa"},"content":{"rendered":"\n<p><\/p>\n\n\n\n<figure class=\"wp-block-image size-large\"><img fetchpriority=\"high\" decoding=\"async\" width=\"1024\" height=\"682\" src=\"https:\/\/soldadoadrianojose.com.br\/wp-content\/uploads\/2023\/03\/WhatsApp-Image-2023-03-22-at-11.31.02-1024x682.jpeg\" alt=\"\" class=\"wp-image-603\" srcset=\"https:\/\/soldadoadrianojose.com.br\/wp-content\/uploads\/2023\/03\/WhatsApp-Image-2023-03-22-at-11.31.02-1024x682.jpeg 1024w, https:\/\/soldadoadrianojose.com.br\/wp-content\/uploads\/2023\/03\/WhatsApp-Image-2023-03-22-at-11.31.02-300x200.jpeg 300w, https:\/\/soldadoadrianojose.com.br\/wp-content\/uploads\/2023\/03\/WhatsApp-Image-2023-03-22-at-11.31.02-768x512.jpeg 768w, https:\/\/soldadoadrianojose.com.br\/wp-content\/uploads\/2023\/03\/WhatsApp-Image-2023-03-22-at-11.31.02-1536x1023.jpeg 1536w, https:\/\/soldadoadrianojose.com.br\/wp-content\/uploads\/2023\/03\/WhatsApp-Image-2023-03-22-at-11.31.02.jpeg 1600w\" sizes=\"(max-width: 1024px) 100vw, 1024px\" \/><\/figure>\n\n\n\n<h6 class=\"wp-block-heading\">Ontem foi o dia Dia Mundial da \u00c1gua e em Maring\u00e1 uma comemora\u00e7\u00e3o muito especial marcou a data: o lan\u00e7amento de nova etapa do programa Rio Limpo, que intensifica o monitoramento da qualidade da \u00e1gua dos c\u00f3rregos urbanos e a apresenta\u00e7\u00e3o dos resultados da primeira etapa do programa, que foi realizada pelo Instituto Ambiental de Maring\u00e1 (IAM) na bacia do Ribeir\u00e3o Bandeirantes.\ud83c\udf31<br><br>\u270d\ud83c\udffdV\u00e1rios prefeitos da regi\u00e3o assinaram o Manifesto pelos Rios e se juntaram na luta pela prote\u00e7\u00e3o dos c\u00f3rregos urbanos do Estado.<br><\/h6>\n\n\n\n<h6 class=\"wp-block-heading\">Na companhia dos secret\u00e1rios Valdemar Jorge, Ricardo Barros, Prefeito Ulisses Maia e demais autoridades, juntamente com o governador Ratinho Jr e o Governo do Estado, vamos intensificar as pol\u00edticas p\u00fablicas de preserva\u00e7\u00e3o de nascentes de rios.<br><br>Preservar nossos rios \u00e9 valorizar a vida!<\/h6>\n\n\n\n<p><\/p>\n","protected":false},"excerpt":{"rendered":"<p>Ontem foi o dia Dia Mundial da \u00c1gua e em Maring\u00e1 uma comemora\u00e7\u00e3o muito especial marcou a data: o lan\u00e7amento de nova etapa do programa Rio Limpo, que intensifica o monitoramento da qualidade da \u00e1gua dos c\u00f3rregos urbanos e a apresenta\u00e7\u00e3o dos resultados da primeira etapa do programa, que foi realizada pelo Instituto Ambiental de [&hellip;]<\/p>\n","protected":false},"author":1,"featured_media":605,"comment_status":"open","ping_status":"open","sticky":false,"template":"","format":"standard","meta":{"footnotes":""},"categories":[1,5],"tags":[],"class_list":["post-602","post","type-post","status-publish","format-standard","has-post-thumbnail","hentry","category-gabinete-sd","category-parana"],"yoast_head":"<!-- This site is optimized with the Yoast SEO plugin v27.4 - https:\/\/yoast.com\/product\/yoast-seo-wordpress\/ -->\n<title>DIA MUNDIAL DA AGU\u00c1: Lan\u00e7amento do programa Rio Limpo em Maringa - Deputado Adriano Jos\u00e9<\/title>\n<meta name=\"robots\" content=\"index, follow, max-snippet:-1, max-image-preview:large, max-video-preview:-1\" \/>\n<link rel=\"canonical\" href=\"https:\/\/soldadoadrianojose.com.br\/index.php\/2023\/03\/23\/dia-mundial-da-aagua-lancamento-do-programa-rio-limpo-em-maringa\/\" \/>\n<meta property=\"og:locale\" content=\"pt_BR\" \/>\n<meta property=\"og:type\" content=\"article\" \/>\n<meta property=\"og:title\" content=\"DIA MUNDIAL DA AGU\u00c1: Lan\u00e7amento do programa Rio Limpo em Maringa - Deputado Adriano Jos\u00e9\" \/>\n<meta property=\"og:description\" content=\"Ontem foi o dia Dia Mundial da \u00c1gua e em Maring\u00e1 uma comemora\u00e7\u00e3o muito especial marcou a data: o lan\u00e7amento de nova etapa do programa Rio Limpo, que intensifica o monitoramento da qualidade da \u00e1gua dos c\u00f3rregos urbanos e a apresenta\u00e7\u00e3o dos resultados da primeira etapa do programa, que foi realizada pelo Instituto Ambiental de [&hellip;]\" \/>\n<meta property=\"og:url\" content=\"https:\/\/soldadoadrianojose.com.br\/index.php\/2023\/03\/23\/dia-mundial-da-aagua-lancamento-do-programa-rio-limpo-em-maringa\/\" \/>\n<meta property=\"og:site_name\" content=\"Deputado Adriano Jos\u00e9\" \/>\n<meta property=\"article:published_time\" content=\"2023-03-23T11:39:08+00:00\" \/>\n<meta property=\"article:modified_time\" content=\"2023-03-23T11:41:41+00:00\" \/>\n<meta property=\"og:image\" content=\"https:\/\/soldadoadrianojose.com.br\/wp-content\/uploads\/2023\/03\/bg.jpg\" \/>\n\t<meta property=\"og:image:width\" content=\"1600\" \/>\n\t<meta property=\"og:image:height\" content=\"1066\" \/>\n\t<meta property=\"og:image:type\" content=\"image\/jpeg\" \/>\n<meta name=\"author\" content=\"soldadoadrianojose\" \/>\n<meta name=\"twitter:card\" content=\"summary_large_image\" \/>\n<meta name=\"twitter:label1\" content=\"Escrito por\" \/>\n\t<meta name=\"twitter:data1\" content=\"soldadoadrianojose\" \/>\n\t<meta name=\"twitter:label2\" content=\"Est. tempo de leitura\" \/>\n\t<meta name=\"twitter:data2\" content=\"1 minuto\" \/>\n<script type=\"application\/ld+json\" class=\"yoast-schema-graph\">{\"@context\":\"https:\\\/\\\/schema.org\",\"@graph\":[{\"@type\":\"Article\",\"@id\":\"https:\\\/\\\/soldadoadrianojose.com.br\\\/index.php\\\/2023\\\/03\\\/23\\\/dia-mundial-da-aagua-lancamento-do-programa-rio-limpo-em-maringa\\\/#article\",\"isPartOf\":{\"@id\":\"https:\\\/\\\/soldadoadrianojose.com.br\\\/index.php\\\/2023\\\/03\\\/23\\\/dia-mundial-da-aagua-lancamento-do-programa-rio-limpo-em-maringa\\\/\"},\"author\":{\"name\":\"soldadoadrianojose\",\"@id\":\"https:\\\/\\\/soldadoadrianojose.com.br\\\/#\\\/schema\\\/person\\\/16f8e8defb7a4bd6c6082efcd1bdb6bb\"},\"headline\":\"DIA MUNDIAL DA AGU\u00c1: Lan\u00e7amento do programa Rio Limpo em Maringa\",\"datePublished\":\"2023-03-23T11:39:08+00:00\",\"dateModified\":\"2023-03-23T11:41:41+00:00\",\"mainEntityOfPage\":{\"@id\":\"https:\\\/\\\/soldadoadrianojose.com.br\\\/index.php\\\/2023\\\/03\\\/23\\\/dia-mundial-da-aagua-lancamento-do-programa-rio-limpo-em-maringa\\\/\"},\"wordCount\":150,\"commentCount\":0,\"publisher\":{\"@id\":\"https:\\\/\\\/soldadoadrianojose.com.br\\\/#\\\/schema\\\/person\\\/16f8e8defb7a4bd6c6082efcd1bdb6bb\"},\"image\":{\"@id\":\"https:\\\/\\\/soldadoadrianojose.com.br\\\/index.php\\\/2023\\\/03\\\/23\\\/dia-mundial-da-aagua-lancamento-do-programa-rio-limpo-em-maringa\\\/#primaryimage\"},\"thumbnailUrl\":\"https:\\\/\\\/soldadoadrianojose.com.br\\\/wp-content\\\/uploads\\\/2023\\\/03\\\/bg.jpg\",\"articleSection\":[\"GABINETE SD\",\"PARAN\u00c1\"],\"inLanguage\":\"pt-BR\",\"potentialAction\":[{\"@type\":\"CommentAction\",\"name\":\"Comment\",\"target\":[\"https:\\\/\\\/soldadoadrianojose.com.br\\\/index.php\\\/2023\\\/03\\\/23\\\/dia-mundial-da-aagua-lancamento-do-programa-rio-limpo-em-maringa\\\/#respond\"]}]},{\"@type\":\"WebPage\",\"@id\":\"https:\\\/\\\/soldadoadrianojose.com.br\\\/index.php\\\/2023\\\/03\\\/23\\\/dia-mundial-da-aagua-lancamento-do-programa-rio-limpo-em-maringa\\\/\",\"url\":\"https:\\\/\\\/soldadoadrianojose.com.br\\\/index.php\\\/2023\\\/03\\\/23\\\/dia-mundial-da-aagua-lancamento-do-programa-rio-limpo-em-maringa\\\/\",\"name\":\"DIA MUNDIAL DA AGU\u00c1: Lan\u00e7amento do programa Rio Limpo em Maringa - Deputado Adriano Jos\u00e9\",\"isPartOf\":{\"@id\":\"https:\\\/\\\/soldadoadrianojose.com.br\\\/#website\"},\"primaryImageOfPage\":{\"@id\":\"https:\\\/\\\/soldadoadrianojose.com.br\\\/index.php\\\/2023\\\/03\\\/23\\\/dia-mundial-da-aagua-lancamento-do-programa-rio-limpo-em-maringa\\\/#primaryimage\"},\"image\":{\"@id\":\"https:\\\/\\\/soldadoadrianojose.com.br\\\/index.php\\\/2023\\\/03\\\/23\\\/dia-mundial-da-aagua-lancamento-do-programa-rio-limpo-em-maringa\\\/#primaryimage\"},\"thumbnailUrl\":\"https:\\\/\\\/soldadoadrianojose.com.br\\\/wp-content\\\/uploads\\\/2023\\\/03\\\/bg.jpg\",\"datePublished\":\"2023-03-23T11:39:08+00:00\",\"dateModified\":\"2023-03-23T11:41:41+00:00\",\"breadcrumb\":{\"@id\":\"https:\\\/\\\/soldadoadrianojose.com.br\\\/index.php\\\/2023\\\/03\\\/23\\\/dia-mundial-da-aagua-lancamento-do-programa-rio-limpo-em-maringa\\\/#breadcrumb\"},\"inLanguage\":\"pt-BR\",\"potentialAction\":[{\"@type\":\"ReadAction\",\"target\":[\"https:\\\/\\\/soldadoadrianojose.com.br\\\/index.php\\\/2023\\\/03\\\/23\\\/dia-mundial-da-aagua-lancamento-do-programa-rio-limpo-em-maringa\\\/\"]}]},{\"@type\":\"ImageObject\",\"inLanguage\":\"pt-BR\",\"@id\":\"https:\\\/\\\/soldadoadrianojose.com.br\\\/index.php\\\/2023\\\/03\\\/23\\\/dia-mundial-da-aagua-lancamento-do-programa-rio-limpo-em-maringa\\\/#primaryimage\",\"url\":\"https:\\\/\\\/soldadoadrianojose.com.br\\\/wp-content\\\/uploads\\\/2023\\\/03\\\/bg.jpg\",\"contentUrl\":\"https:\\\/\\\/soldadoadrianojose.com.br\\\/wp-content\\\/uploads\\\/2023\\\/03\\\/bg.jpg\",\"width\":1600,\"height\":1066},{\"@type\":\"BreadcrumbList\",\"@id\":\"https:\\\/\\\/soldadoadrianojose.com.br\\\/index.php\\\/2023\\\/03\\\/23\\\/dia-mundial-da-aagua-lancamento-do-programa-rio-limpo-em-maringa\\\/#breadcrumb\",\"itemListElement\":[{\"@type\":\"ListItem\",\"position\":1,\"name\":\"In\u00edcio\",\"item\":\"https:\\\/\\\/soldadoadrianojose.com.br\\\/\"},{\"@type\":\"ListItem\",\"position\":2,\"name\":\"DIA MUNDIAL DA AGU\u00c1: Lan\u00e7amento do programa Rio Limpo em Maringa\"}]},{\"@type\":\"WebSite\",\"@id\":\"https:\\\/\\\/soldadoadrianojose.com.br\\\/#website\",\"url\":\"https:\\\/\\\/soldadoadrianojose.com.br\\\/\",\"name\":\"Deputado Adriano Jos\u00e9\",\"description\":\"Nosso trabalho \u00e9 pelas pessoas\",\"publisher\":{\"@id\":\"https:\\\/\\\/soldadoadrianojose.com.br\\\/#\\\/schema\\\/person\\\/16f8e8defb7a4bd6c6082efcd1bdb6bb\"},\"potentialAction\":[{\"@type\":\"SearchAction\",\"target\":{\"@type\":\"EntryPoint\",\"urlTemplate\":\"https:\\\/\\\/soldadoadrianojose.com.br\\\/?s={search_term_string}\"},\"query-input\":{\"@type\":\"PropertyValueSpecification\",\"valueRequired\":true,\"valueName\":\"search_term_string\"}}],\"inLanguage\":\"pt-BR\"},{\"@type\":[\"Person\",\"Organization\"],\"@id\":\"https:\\\/\\\/soldadoadrianojose.com.br\\\/#\\\/schema\\\/person\\\/16f8e8defb7a4bd6c6082efcd1bdb6bb\",\"name\":\"soldadoadrianojose\",\"image\":{\"@type\":\"ImageObject\",\"inLanguage\":\"pt-BR\",\"@id\":\"https:\\\/\\\/soldadoadrianojose.com.br\\\/wp-content\\\/uploads\\\/2023\\\/02\\\/LOGO_CLEAR-5.png\",\"url\":\"https:\\\/\\\/soldadoadrianojose.com.br\\\/wp-content\\\/uploads\\\/2023\\\/02\\\/LOGO_CLEAR-5.png\",\"contentUrl\":\"https:\\\/\\\/soldadoadrianojose.com.br\\\/wp-content\\\/uploads\\\/2023\\\/02\\\/LOGO_CLEAR-5.png\",\"width\":3508,\"height\":998,\"caption\":\"soldadoadrianojose\"},\"logo\":{\"@id\":\"https:\\\/\\\/soldadoadrianojose.com.br\\\/wp-content\\\/uploads\\\/2023\\\/02\\\/LOGO_CLEAR-5.png\"},\"sameAs\":[\"https:\\\/\\\/soldadoadrianojose.com.br\"],\"url\":\"https:\\\/\\\/soldadoadrianojose.com.br\\\/index.php\\\/author\\\/soldadoadrianojose\\\/\"}]}<\/script>\n<!-- \/ Yoast SEO plugin. -->","yoast_head_json":{"title":"DIA MUNDIAL DA AGU\u00c1: Lan\u00e7amento do programa Rio Limpo em Maringa - Deputado Adriano Jos\u00e9","robots":{"index":"index","follow":"follow","max-snippet":"max-snippet:-1","max-image-preview":"max-image-preview:large","max-video-preview":"max-video-preview:-1"},"canonical":"https:\/\/soldadoadrianojose.com.br\/index.php\/2023\/03\/23\/dia-mundial-da-aagua-lancamento-do-programa-rio-limpo-em-maringa\/","og_locale":"pt_BR","og_type":"article","og_title":"DIA MUNDIAL DA AGU\u00c1: Lan\u00e7amento do programa Rio Limpo em Maringa - Deputado Adriano Jos\u00e9","og_description":"Ontem foi o dia Dia Mundial da \u00c1gua e em Maring\u00e1 uma comemora\u00e7\u00e3o muito especial marcou a data: o lan\u00e7amento de nova etapa do programa Rio Limpo, que intensifica o monitoramento da qualidade da \u00e1gua dos c\u00f3rregos urbanos e a apresenta\u00e7\u00e3o dos resultados da primeira etapa do programa, que foi realizada pelo Instituto Ambiental de [&hellip;]","og_url":"https:\/\/soldadoadrianojose.com.br\/index.php\/2023\/03\/23\/dia-mundial-da-aagua-lancamento-do-programa-rio-limpo-em-maringa\/","og_site_name":"Deputado Adriano Jos\u00e9","article_published_time":"2023-03-23T11:39:08+00:00","article_modified_time":"2023-03-23T11:41:41+00:00","og_image":[{"width":1600,"height":1066,"url":"https:\/\/soldadoadrianojose.com.br\/wp-content\/uploads\/2023\/03\/bg.jpg","type":"image\/jpeg"}],"author":"soldadoadrianojose","twitter_card":"summary_large_image","twitter_misc":{"Escrito por":"soldadoadrianojose","Est. tempo de leitura":"1 minuto"},"schema":{"@context":"https:\/\/schema.org","@graph":[{"@type":"Article","@id":"https:\/\/soldadoadrianojose.com.br\/index.php\/2023\/03\/23\/dia-mundial-da-aagua-lancamento-do-programa-rio-limpo-em-maringa\/#article","isPartOf":{"@id":"https:\/\/soldadoadrianojose.com.br\/index.php\/2023\/03\/23\/dia-mundial-da-aagua-lancamento-do-programa-rio-limpo-em-maringa\/"},"author":{"name":"soldadoadrianojose","@id":"https:\/\/soldadoadrianojose.com.br\/#\/schema\/person\/16f8e8defb7a4bd6c6082efcd1bdb6bb"},"headline":"DIA MUNDIAL DA AGU\u00c1: Lan\u00e7amento do programa Rio Limpo em Maringa","datePublished":"2023-03-23T11:39:08+00:00","dateModified":"2023-03-23T11:41:41+00:00","mainEntityOfPage":{"@id":"https:\/\/soldadoadrianojose.com.br\/index.php\/2023\/03\/23\/dia-mundial-da-aagua-lancamento-do-programa-rio-limpo-em-maringa\/"},"wordCount":150,"commentCount":0,"publisher":{"@id":"https:\/\/soldadoadrianojose.com.br\/#\/schema\/person\/16f8e8defb7a4bd6c6082efcd1bdb6bb"},"image":{"@id":"https:\/\/soldadoadrianojose.com.br\/index.php\/2023\/03\/23\/dia-mundial-da-aagua-lancamento-do-programa-rio-limpo-em-maringa\/#primaryimage"},"thumbnailUrl":"https:\/\/soldadoadrianojose.com.br\/wp-content\/uploads\/2023\/03\/bg.jpg","articleSection":["GABINETE SD","PARAN\u00c1"],"inLanguage":"pt-BR","potentialAction":[{"@type":"CommentAction","name":"Comment","target":["https:\/\/soldadoadrianojose.com.br\/index.php\/2023\/03\/23\/dia-mundial-da-aagua-lancamento-do-programa-rio-limpo-em-maringa\/#respond"]}]},{"@type":"WebPage","@id":"https:\/\/soldadoadrianojose.com.br\/index.php\/2023\/03\/23\/dia-mundial-da-aagua-lancamento-do-programa-rio-limpo-em-maringa\/","url":"https:\/\/soldadoadrianojose.com.br\/index.php\/2023\/03\/23\/dia-mundial-da-aagua-lancamento-do-programa-rio-limpo-em-maringa\/","name":"DIA MUNDIAL DA AGU\u00c1: Lan\u00e7amento do programa Rio Limpo em Maringa - Deputado Adriano Jos\u00e9","isPartOf":{"@id":"https:\/\/soldadoadrianojose.com.br\/#website"},"primaryImageOfPage":{"@id":"https:\/\/soldadoadrianojose.com.br\/index.php\/2023\/03\/23\/dia-mundial-da-aagua-lancamento-do-programa-rio-limpo-em-maringa\/#primaryimage"},"image":{"@id":"https:\/\/soldadoadrianojose.com.br\/index.php\/2023\/03\/23\/dia-mundial-da-aagua-lancamento-do-programa-rio-limpo-em-maringa\/#primaryimage"},"thumbnailUrl":"https:\/\/soldadoadrianojose.com.br\/wp-content\/uploads\/2023\/03\/bg.jpg","datePublished":"2023-03-23T11:39:08+00:00","dateModified":"2023-03-23T11:41:41+00:00","breadcrumb":{"@id":"https:\/\/soldadoadrianojose.com.br\/index.php\/2023\/03\/23\/dia-mundial-da-aagua-lancamento-do-programa-rio-limpo-em-maringa\/#breadcrumb"},"inLanguage":"pt-BR","potentialAction":[{"@type":"ReadAction","target":["https:\/\/soldadoadrianojose.com.br\/index.php\/2023\/03\/23\/dia-mundial-da-aagua-lancamento-do-programa-rio-limpo-em-maringa\/"]}]},{"@type":"ImageObject","inLanguage":"pt-BR","@id":"https:\/\/soldadoadrianojose.com.br\/index.php\/2023\/03\/23\/dia-mundial-da-aagua-lancamento-do-programa-rio-limpo-em-maringa\/#primaryimage","url":"https:\/\/soldadoadrianojose.com.br\/wp-content\/uploads\/2023\/03\/bg.jpg","contentUrl":"https:\/\/soldadoadrianojose.com.br\/wp-content\/uploads\/2023\/03\/bg.jpg","width":1600,"height":1066},{"@type":"BreadcrumbList","@id":"https:\/\/soldadoadrianojose.com.br\/index.php\/2023\/03\/23\/dia-mundial-da-aagua-lancamento-do-programa-rio-limpo-em-maringa\/#breadcrumb","itemListElement":[{"@type":"ListItem","position":1,"name":"In\u00edcio","item":"https:\/\/soldadoadrianojose.com.br\/"},{"@type":"ListItem","position":2,"name":"DIA MUNDIAL DA AGU\u00c1: Lan\u00e7amento do programa Rio Limpo em Maringa"}]},{"@type":"WebSite","@id":"https:\/\/soldadoadrianojose.com.br\/#website","url":"https:\/\/soldadoadrianojose.com.br\/","name":"Deputado Adriano Jos\u00e9","description":"Nosso trabalho \u00e9 pelas pessoas","publisher":{"@id":"https:\/\/soldadoadrianojose.com.br\/#\/schema\/person\/16f8e8defb7a4bd6c6082efcd1bdb6bb"},"potentialAction":[{"@type":"SearchAction","target":{"@type":"EntryPoint","urlTemplate":"https:\/\/soldadoadrianojose.com.br\/?s={search_term_string}"},"query-input":{"@type":"PropertyValueSpecification","valueRequired":true,"valueName":"search_term_string"}}],"inLanguage":"pt-BR"},{"@type":["Person","Organization"],"@id":"https:\/\/soldadoadrianojose.com.br\/#\/schema\/person\/16f8e8defb7a4bd6c6082efcd1bdb6bb","name":"soldadoadrianojose","image":{"@type":"ImageObject","inLanguage":"pt-BR","@id":"https:\/\/soldadoadrianojose.com.br\/wp-content\/uploads\/2023\/02\/LOGO_CLEAR-5.png","url":"https:\/\/soldadoadrianojose.com.br\/wp-content\/uploads\/2023\/02\/LOGO_CLEAR-5.png","contentUrl":"https:\/\/soldadoadrianojose.com.br\/wp-content\/uploads\/2023\/02\/LOGO_CLEAR-5.png","width":3508,"height":998,"caption":"soldadoadrianojose"},"logo":{"@id":"https:\/\/soldadoadrianojose.com.br\/wp-content\/uploads\/2023\/02\/LOGO_CLEAR-5.png"},"sameAs":["https:\/\/soldadoadrianojose.com.br"],"url":"https:\/\/soldadoadrianojose.com.br\/index.php\/author\/soldadoadrianojose\/"}]}},"jetpack_featured_media_url":"https:\/\/soldadoadrianojose.com.br\/wp-content\/uploads\/2023\/03\/bg.jpg","_links":{"self":[{"href":"https:\/\/soldadoadrianojose.com.br\/index.php\/wp-json\/wp\/v2\/posts\/602","targetHints":{"allow":["GET"]}}],"collection":[{"href":"https:\/\/soldadoadrianojose.com.br\/index.php\/wp-json\/wp\/v2\/posts"}],"about":[{"href":"https:\/\/soldadoadrianojose.com.br\/index.php\/wp-json\/wp\/v2\/types\/post"}],"author":[{"embeddable":true,"href":"https:\/\/soldadoadrianojose.com.br\/index.php\/wp-json\/wp\/v2\/users\/1"}],"replies":[{"embeddable":true,"href":"https:\/\/soldadoadrianojose.com.br\/index.php\/wp-json\/wp\/v2\/comments?post=602"}],"version-history":[{"count":1,"href":"https:\/\/soldadoadrianojose.com.br\/index.php\/wp-json\/wp\/v2\/posts\/602\/revisions"}],"predecessor-version":[{"id":604,"href":"https:\/\/soldadoadrianojose.com.br\/index.php\/wp-json\/wp\/v2\/posts\/602\/revisions\/604"}],"wp:featuredmedia":[{"embeddable":true,"href":"https:\/\/soldadoadrianojose.com.br\/index.php\/wp-json\/wp\/v2\/media\/605"}],"wp:attachment":[{"href":"https:\/\/soldadoadrianojose.com.br\/index.php\/wp-json\/wp\/v2\/media?parent=602"}],"wp:term":[{"taxonomy":"category","embeddable":true,"href":"https:\/\/soldadoadrianojose.com.br\/index.php\/wp-json\/wp\/v2\/categories?post=602"},{"taxonomy":"post_tag","embeddable":true,"href":"https:\/\/soldadoadrianojose.com.br\/index.php\/wp-json\/wp\/v2\/tags?post=602"}],"curies":[{"name":"wp","href":"https:\/\/api.w.org\/{rel}","templated":true}]}}