{"id":625,"date":"2023-03-24T07:40:50","date_gmt":"2023-03-24T10:40:50","guid":{"rendered":"https:\/\/soldadoadrianojose.com.br\/?p=625"},"modified":"2023-03-24T07:40:53","modified_gmt":"2023-03-24T10:40:53","slug":"troca-de-comando-do-corpo-de-bombeiros-de-maringa","status":"publish","type":"post","link":"https:\/\/soldadoadrianojose.com.br\/index.php\/2023\/03\/24\/troca-de-comando-do-corpo-de-bombeiros-de-maringa\/","title":{"rendered":"Troca de Comando do Corpo de Bombeiros de Maring\u00e1"},"content":{"rendered":"\n<figure class=\"wp-block-image size-large\"><img fetchpriority=\"high\" decoding=\"async\" width=\"1024\" height=\"682\" src=\"https:\/\/soldadoadrianojose.com.br\/wp-content\/uploads\/2023\/03\/WhatsApp-Image-2023-03-23-at-19.22.28-1024x682.jpeg\" alt=\"\" class=\"wp-image-626\" srcset=\"https:\/\/soldadoadrianojose.com.br\/wp-content\/uploads\/2023\/03\/WhatsApp-Image-2023-03-23-at-19.22.28-1024x682.jpeg 1024w, https:\/\/soldadoadrianojose.com.br\/wp-content\/uploads\/2023\/03\/WhatsApp-Image-2023-03-23-at-19.22.28-300x200.jpeg 300w, https:\/\/soldadoadrianojose.com.br\/wp-content\/uploads\/2023\/03\/WhatsApp-Image-2023-03-23-at-19.22.28-768x512.jpeg 768w, https:\/\/soldadoadrianojose.com.br\/wp-content\/uploads\/2023\/03\/WhatsApp-Image-2023-03-23-at-19.22.28-1536x1023.jpeg 1536w, https:\/\/soldadoadrianojose.com.br\/wp-content\/uploads\/2023\/03\/WhatsApp-Image-2023-03-23-at-19.22.28.jpeg 1600w\" sizes=\"(max-width: 1024px) 100vw, 1024px\" \/><figcaption class=\"wp-element-caption\">Foto: Wallace Machado<\/figcaption><\/figure>\n\n\n\n<p><\/p>\n\n\n\n<p>ontem (23), estive na C\u00e2mara Municipal prestigiando Troca de Comando do Corpo de Bombeiros de Maring\u00e1.<\/p>\n\n\n\n<p>Muito sucesso aos novos comandantes, os meu amigos Tenente-Coronel QOBM Fabio Roberto de Azevedo Thereza e Tenente-Coronel QOBM Sandro Rodrigues Geraldo.<\/p>\n\n\n\n<p>O Corpo de Bombeiros de Maring\u00e1 est\u00e1 em \u00f3timas m\u00e3os! PARAB\u00c9NS! \ud83d\udc4f\ud83c\udffd\ud83d\udc4f\ud83c\udffd\ud83d\udc4f\ud83c\udffd<\/p>\n\n\n\n<div class=\"wp-block-columns is-layout-flex wp-container-core-columns-is-layout-28f84493 wp-block-columns-is-layout-flex\">\n<div class=\"wp-block-column is-layout-flow wp-block-column-is-layout-flow\" style=\"flex-basis:100%\">\n<figure class=\"wp-block-gallery has-nested-images columns-default is-cropped is-style-rectangular wp-block-gallery-1 is-layout-flex wp-block-gallery-is-layout-flex\">\n<figure class=\"wp-block-image size-large\"><img decoding=\"async\" width=\"1024\" height=\"682\" data-id=\"627\" src=\"https:\/\/soldadoadrianojose.com.br\/wp-content\/uploads\/2023\/03\/WhatsApp-Image-2023-03-23-at-20.17.04-1024x682.jpeg\" alt=\"\" class=\"wp-image-627\" srcset=\"https:\/\/soldadoadrianojose.com.br\/wp-content\/uploads\/2023\/03\/WhatsApp-Image-2023-03-23-at-20.17.04-1024x682.jpeg 1024w, https:\/\/soldadoadrianojose.com.br\/wp-content\/uploads\/2023\/03\/WhatsApp-Image-2023-03-23-at-20.17.04-300x200.jpeg 300w, https:\/\/soldadoadrianojose.com.br\/wp-content\/uploads\/2023\/03\/WhatsApp-Image-2023-03-23-at-20.17.04-768x512.jpeg 768w, https:\/\/soldadoadrianojose.com.br\/wp-content\/uploads\/2023\/03\/WhatsApp-Image-2023-03-23-at-20.17.04-1536x1023.jpeg 1536w, https:\/\/soldadoadrianojose.com.br\/wp-content\/uploads\/2023\/03\/WhatsApp-Image-2023-03-23-at-20.17.04.jpeg 1600w\" sizes=\"(max-width: 1024px) 100vw, 1024px\" \/><figcaption class=\"wp-element-caption\">Foto: Wallace Machado<\/figcaption><\/figure>\n\n\n\n<figure class=\"wp-block-image size-large\"><img decoding=\"async\" width=\"1024\" height=\"681\" data-id=\"628\" src=\"https:\/\/soldadoadrianojose.com.br\/wp-content\/uploads\/2023\/03\/WhatsApp-Image-2023-03-23-at-20.16.33-1024x681.jpeg\" alt=\"\" class=\"wp-image-628\" srcset=\"https:\/\/soldadoadrianojose.com.br\/wp-content\/uploads\/2023\/03\/WhatsApp-Image-2023-03-23-at-20.16.33-1024x681.jpeg 1024w, https:\/\/soldadoadrianojose.com.br\/wp-content\/uploads\/2023\/03\/WhatsApp-Image-2023-03-23-at-20.16.33-300x200.jpeg 300w, https:\/\/soldadoadrianojose.com.br\/wp-content\/uploads\/2023\/03\/WhatsApp-Image-2023-03-23-at-20.16.33-768x511.jpeg 768w, https:\/\/soldadoadrianojose.com.br\/wp-content\/uploads\/2023\/03\/WhatsApp-Image-2023-03-23-at-20.16.33-1536x1021.jpeg 1536w, https:\/\/soldadoadrianojose.com.br\/wp-content\/uploads\/2023\/03\/WhatsApp-Image-2023-03-23-at-20.16.33.jpeg 1600w\" sizes=\"(max-width: 1024px) 100vw, 1024px\" \/><figcaption class=\"wp-element-caption\">Foto: Wallace Machado<\/figcaption><\/figure>\n<\/figure>\n<\/div>\n<\/div>\n","protected":false},"excerpt":{"rendered":"<p>ontem (23), estive na C\u00e2mara Municipal prestigiando Troca de Comando do Corpo de Bombeiros de Maring\u00e1. Muito sucesso aos novos comandantes, os meu amigos Tenente-Coronel QOBM Fabio Roberto de Azevedo Thereza e Tenente-Coronel QOBM Sandro Rodrigues Geraldo. O Corpo de Bombeiros de Maring\u00e1 est\u00e1 em \u00f3timas m\u00e3os! PARAB\u00c9NS! \ud83d\udc4f\ud83c\udffd\ud83d\udc4f\ud83c\udffd\ud83d\udc4f\ud83c\udffd<\/p>\n","protected":false},"author":1,"featured_media":626,"comment_status":"open","ping_status":"open","sticky":false,"template":"","format":"standard","meta":{"footnotes":""},"categories":[1],"tags":[],"class_list":["post-625","post","type-post","status-publish","format-standard","has-post-thumbnail","hentry","category-gabinete-sd"],"yoast_head":"<!-- This site is optimized with the Yoast SEO plugin v27.4 - https:\/\/yoast.com\/product\/yoast-seo-wordpress\/ -->\n<title>Troca de Comando do Corpo de Bombeiros de Maring\u00e1 - Deputado Adriano Jos\u00e9<\/title>\n<meta name=\"robots\" content=\"index, follow, max-snippet:-1, max-image-preview:large, max-video-preview:-1\" \/>\n<link rel=\"canonical\" href=\"https:\/\/soldadoadrianojose.com.br\/index.php\/2023\/03\/24\/troca-de-comando-do-corpo-de-bombeiros-de-maringa\/\" \/>\n<meta property=\"og:locale\" content=\"pt_BR\" \/>\n<meta property=\"og:type\" content=\"article\" \/>\n<meta property=\"og:title\" content=\"Troca de Comando do Corpo de Bombeiros de Maring\u00e1 - Deputado Adriano Jos\u00e9\" \/>\n<meta property=\"og:description\" content=\"ontem (23), estive na C\u00e2mara Municipal prestigiando Troca de Comando do Corpo de Bombeiros de Maring\u00e1. Muito sucesso aos novos comandantes, os meu amigos Tenente-Coronel QOBM Fabio Roberto de Azevedo Thereza e Tenente-Coronel QOBM Sandro Rodrigues Geraldo. O Corpo de Bombeiros de Maring\u00e1 est\u00e1 em \u00f3timas m\u00e3os! PARAB\u00c9NS! \ud83d\udc4f\ud83c\udffd\ud83d\udc4f\ud83c\udffd\ud83d\udc4f\ud83c\udffd\" \/>\n<meta property=\"og:url\" content=\"https:\/\/soldadoadrianojose.com.br\/index.php\/2023\/03\/24\/troca-de-comando-do-corpo-de-bombeiros-de-maringa\/\" \/>\n<meta property=\"og:site_name\" content=\"Deputado Adriano Jos\u00e9\" \/>\n<meta property=\"article:published_time\" content=\"2023-03-24T10:40:50+00:00\" \/>\n<meta property=\"article:modified_time\" content=\"2023-03-24T10:40:53+00:00\" \/>\n<meta property=\"og:image\" content=\"https:\/\/soldadoadrianojose.com.br\/wp-content\/uploads\/2023\/03\/WhatsApp-Image-2023-03-23-at-19.22.28.jpeg\" \/>\n\t<meta property=\"og:image:width\" content=\"1600\" \/>\n\t<meta property=\"og:image:height\" content=\"1066\" \/>\n\t<meta property=\"og:image:type\" content=\"image\/jpeg\" \/>\n<meta name=\"author\" content=\"soldadoadrianojose\" \/>\n<meta name=\"twitter:card\" content=\"summary_large_image\" \/>\n<meta name=\"twitter:label1\" content=\"Escrito por\" \/>\n\t<meta name=\"twitter:data1\" content=\"soldadoadrianojose\" \/>\n\t<meta name=\"twitter:label2\" content=\"Est. tempo de leitura\" \/>\n\t<meta name=\"twitter:data2\" content=\"1 minuto\" \/>\n<script type=\"application\/ld+json\" class=\"yoast-schema-graph\">{\"@context\":\"https:\\\/\\\/schema.org\",\"@graph\":[{\"@type\":\"Article\",\"@id\":\"https:\\\/\\\/soldadoadrianojose.com.br\\\/index.php\\\/2023\\\/03\\\/24\\\/troca-de-comando-do-corpo-de-bombeiros-de-maringa\\\/#article\",\"isPartOf\":{\"@id\":\"https:\\\/\\\/soldadoadrianojose.com.br\\\/index.php\\\/2023\\\/03\\\/24\\\/troca-de-comando-do-corpo-de-bombeiros-de-maringa\\\/\"},\"author\":{\"name\":\"soldadoadrianojose\",\"@id\":\"https:\\\/\\\/soldadoadrianojose.com.br\\\/#\\\/schema\\\/person\\\/16f8e8defb7a4bd6c6082efcd1bdb6bb\"},\"headline\":\"Troca de Comando do Corpo de Bombeiros de Maring\u00e1\",\"datePublished\":\"2023-03-24T10:40:50+00:00\",\"dateModified\":\"2023-03-24T10:40:53+00:00\",\"mainEntityOfPage\":{\"@id\":\"https:\\\/\\\/soldadoadrianojose.com.br\\\/index.php\\\/2023\\\/03\\\/24\\\/troca-de-comando-do-corpo-de-bombeiros-de-maringa\\\/\"},\"wordCount\":68,\"commentCount\":0,\"publisher\":{\"@id\":\"https:\\\/\\\/soldadoadrianojose.com.br\\\/#\\\/schema\\\/person\\\/16f8e8defb7a4bd6c6082efcd1bdb6bb\"},\"image\":{\"@id\":\"https:\\\/\\\/soldadoadrianojose.com.br\\\/index.php\\\/2023\\\/03\\\/24\\\/troca-de-comando-do-corpo-de-bombeiros-de-maringa\\\/#primaryimage\"},\"thumbnailUrl\":\"https:\\\/\\\/soldadoadrianojose.com.br\\\/wp-content\\\/uploads\\\/2023\\\/03\\\/WhatsApp-Image-2023-03-23-at-19.22.28.jpeg\",\"articleSection\":[\"GABINETE SD\"],\"inLanguage\":\"pt-BR\",\"potentialAction\":[{\"@type\":\"CommentAction\",\"name\":\"Comment\",\"target\":[\"https:\\\/\\\/soldadoadrianojose.com.br\\\/index.php\\\/2023\\\/03\\\/24\\\/troca-de-comando-do-corpo-de-bombeiros-de-maringa\\\/#respond\"]}]},{\"@type\":\"WebPage\",\"@id\":\"https:\\\/\\\/soldadoadrianojose.com.br\\\/index.php\\\/2023\\\/03\\\/24\\\/troca-de-comando-do-corpo-de-bombeiros-de-maringa\\\/\",\"url\":\"https:\\\/\\\/soldadoadrianojose.com.br\\\/index.php\\\/2023\\\/03\\\/24\\\/troca-de-comando-do-corpo-de-bombeiros-de-maringa\\\/\",\"name\":\"Troca de Comando do Corpo de Bombeiros de Maring\u00e1 - Deputado Adriano Jos\u00e9\",\"isPartOf\":{\"@id\":\"https:\\\/\\\/soldadoadrianojose.com.br\\\/#website\"},\"primaryImageOfPage\":{\"@id\":\"https:\\\/\\\/soldadoadrianojose.com.br\\\/index.php\\\/2023\\\/03\\\/24\\\/troca-de-comando-do-corpo-de-bombeiros-de-maringa\\\/#primaryimage\"},\"image\":{\"@id\":\"https:\\\/\\\/soldadoadrianojose.com.br\\\/index.php\\\/2023\\\/03\\\/24\\\/troca-de-comando-do-corpo-de-bombeiros-de-maringa\\\/#primaryimage\"},\"thumbnailUrl\":\"https:\\\/\\\/soldadoadrianojose.com.br\\\/wp-content\\\/uploads\\\/2023\\\/03\\\/WhatsApp-Image-2023-03-23-at-19.22.28.jpeg\",\"datePublished\":\"2023-03-24T10:40:50+00:00\",\"dateModified\":\"2023-03-24T10:40:53+00:00\",\"breadcrumb\":{\"@id\":\"https:\\\/\\\/soldadoadrianojose.com.br\\\/index.php\\\/2023\\\/03\\\/24\\\/troca-de-comando-do-corpo-de-bombeiros-de-maringa\\\/#breadcrumb\"},\"inLanguage\":\"pt-BR\",\"potentialAction\":[{\"@type\":\"ReadAction\",\"target\":[\"https:\\\/\\\/soldadoadrianojose.com.br\\\/index.php\\\/2023\\\/03\\\/24\\\/troca-de-comando-do-corpo-de-bombeiros-de-maringa\\\/\"]}]},{\"@type\":\"ImageObject\",\"inLanguage\":\"pt-BR\",\"@id\":\"https:\\\/\\\/soldadoadrianojose.com.br\\\/index.php\\\/2023\\\/03\\\/24\\\/troca-de-comando-do-corpo-de-bombeiros-de-maringa\\\/#primaryimage\",\"url\":\"https:\\\/\\\/soldadoadrianojose.com.br\\\/wp-content\\\/uploads\\\/2023\\\/03\\\/WhatsApp-Image-2023-03-23-at-19.22.28.jpeg\",\"contentUrl\":\"https:\\\/\\\/soldadoadrianojose.com.br\\\/wp-content\\\/uploads\\\/2023\\\/03\\\/WhatsApp-Image-2023-03-23-at-19.22.28.jpeg\",\"width\":1600,\"height\":1066,\"caption\":\"Foto: Wallace Machado\"},{\"@type\":\"BreadcrumbList\",\"@id\":\"https:\\\/\\\/soldadoadrianojose.com.br\\\/index.php\\\/2023\\\/03\\\/24\\\/troca-de-comando-do-corpo-de-bombeiros-de-maringa\\\/#breadcrumb\",\"itemListElement\":[{\"@type\":\"ListItem\",\"position\":1,\"name\":\"In\u00edcio\",\"item\":\"https:\\\/\\\/soldadoadrianojose.com.br\\\/\"},{\"@type\":\"ListItem\",\"position\":2,\"name\":\"Troca de Comando do Corpo de Bombeiros de Maring\u00e1\"}]},{\"@type\":\"WebSite\",\"@id\":\"https:\\\/\\\/soldadoadrianojose.com.br\\\/#website\",\"url\":\"https:\\\/\\\/soldadoadrianojose.com.br\\\/\",\"name\":\"Deputado Adriano Jos\u00e9\",\"description\":\"Nosso trabalho \u00e9 pelas pessoas\",\"publisher\":{\"@id\":\"https:\\\/\\\/soldadoadrianojose.com.br\\\/#\\\/schema\\\/person\\\/16f8e8defb7a4bd6c6082efcd1bdb6bb\"},\"potentialAction\":[{\"@type\":\"SearchAction\",\"target\":{\"@type\":\"EntryPoint\",\"urlTemplate\":\"https:\\\/\\\/soldadoadrianojose.com.br\\\/?s={search_term_string}\"},\"query-input\":{\"@type\":\"PropertyValueSpecification\",\"valueRequired\":true,\"valueName\":\"search_term_string\"}}],\"inLanguage\":\"pt-BR\"},{\"@type\":[\"Person\",\"Organization\"],\"@id\":\"https:\\\/\\\/soldadoadrianojose.com.br\\\/#\\\/schema\\\/person\\\/16f8e8defb7a4bd6c6082efcd1bdb6bb\",\"name\":\"soldadoadrianojose\",\"image\":{\"@type\":\"ImageObject\",\"inLanguage\":\"pt-BR\",\"@id\":\"https:\\\/\\\/soldadoadrianojose.com.br\\\/wp-content\\\/uploads\\\/2023\\\/02\\\/LOGO_CLEAR-5.png\",\"url\":\"https:\\\/\\\/soldadoadrianojose.com.br\\\/wp-content\\\/uploads\\\/2023\\\/02\\\/LOGO_CLEAR-5.png\",\"contentUrl\":\"https:\\\/\\\/soldadoadrianojose.com.br\\\/wp-content\\\/uploads\\\/2023\\\/02\\\/LOGO_CLEAR-5.png\",\"width\":3508,\"height\":998,\"caption\":\"soldadoadrianojose\"},\"logo\":{\"@id\":\"https:\\\/\\\/soldadoadrianojose.com.br\\\/wp-content\\\/uploads\\\/2023\\\/02\\\/LOGO_CLEAR-5.png\"},\"sameAs\":[\"https:\\\/\\\/soldadoadrianojose.com.br\"],\"url\":\"https:\\\/\\\/soldadoadrianojose.com.br\\\/index.php\\\/author\\\/soldadoadrianojose\\\/\"}]}<\/script>\n<!-- \/ Yoast SEO plugin. -->","yoast_head_json":{"title":"Troca de Comando do Corpo de Bombeiros de Maring\u00e1 - Deputado Adriano Jos\u00e9","robots":{"index":"index","follow":"follow","max-snippet":"max-snippet:-1","max-image-preview":"max-image-preview:large","max-video-preview":"max-video-preview:-1"},"canonical":"https:\/\/soldadoadrianojose.com.br\/index.php\/2023\/03\/24\/troca-de-comando-do-corpo-de-bombeiros-de-maringa\/","og_locale":"pt_BR","og_type":"article","og_title":"Troca de Comando do Corpo de Bombeiros de Maring\u00e1 - Deputado Adriano Jos\u00e9","og_description":"ontem (23), estive na C\u00e2mara Municipal prestigiando Troca de Comando do Corpo de Bombeiros de Maring\u00e1. Muito sucesso aos novos comandantes, os meu amigos Tenente-Coronel QOBM Fabio Roberto de Azevedo Thereza e Tenente-Coronel QOBM Sandro Rodrigues Geraldo. O Corpo de Bombeiros de Maring\u00e1 est\u00e1 em \u00f3timas m\u00e3os! PARAB\u00c9NS! \ud83d\udc4f\ud83c\udffd\ud83d\udc4f\ud83c\udffd\ud83d\udc4f\ud83c\udffd","og_url":"https:\/\/soldadoadrianojose.com.br\/index.php\/2023\/03\/24\/troca-de-comando-do-corpo-de-bombeiros-de-maringa\/","og_site_name":"Deputado Adriano Jos\u00e9","article_published_time":"2023-03-24T10:40:50+00:00","article_modified_time":"2023-03-24T10:40:53+00:00","og_image":[{"width":1600,"height":1066,"url":"https:\/\/soldadoadrianojose.com.br\/wp-content\/uploads\/2023\/03\/WhatsApp-Image-2023-03-23-at-19.22.28.jpeg","type":"image\/jpeg"}],"author":"soldadoadrianojose","twitter_card":"summary_large_image","twitter_misc":{"Escrito por":"soldadoadrianojose","Est. tempo de leitura":"1 minuto"},"schema":{"@context":"https:\/\/schema.org","@graph":[{"@type":"Article","@id":"https:\/\/soldadoadrianojose.com.br\/index.php\/2023\/03\/24\/troca-de-comando-do-corpo-de-bombeiros-de-maringa\/#article","isPartOf":{"@id":"https:\/\/soldadoadrianojose.com.br\/index.php\/2023\/03\/24\/troca-de-comando-do-corpo-de-bombeiros-de-maringa\/"},"author":{"name":"soldadoadrianojose","@id":"https:\/\/soldadoadrianojose.com.br\/#\/schema\/person\/16f8e8defb7a4bd6c6082efcd1bdb6bb"},"headline":"Troca de Comando do Corpo de Bombeiros de Maring\u00e1","datePublished":"2023-03-24T10:40:50+00:00","dateModified":"2023-03-24T10:40:53+00:00","mainEntityOfPage":{"@id":"https:\/\/soldadoadrianojose.com.br\/index.php\/2023\/03\/24\/troca-de-comando-do-corpo-de-bombeiros-de-maringa\/"},"wordCount":68,"commentCount":0,"publisher":{"@id":"https:\/\/soldadoadrianojose.com.br\/#\/schema\/person\/16f8e8defb7a4bd6c6082efcd1bdb6bb"},"image":{"@id":"https:\/\/soldadoadrianojose.com.br\/index.php\/2023\/03\/24\/troca-de-comando-do-corpo-de-bombeiros-de-maringa\/#primaryimage"},"thumbnailUrl":"https:\/\/soldadoadrianojose.com.br\/wp-content\/uploads\/2023\/03\/WhatsApp-Image-2023-03-23-at-19.22.28.jpeg","articleSection":["GABINETE SD"],"inLanguage":"pt-BR","potentialAction":[{"@type":"CommentAction","name":"Comment","target":["https:\/\/soldadoadrianojose.com.br\/index.php\/2023\/03\/24\/troca-de-comando-do-corpo-de-bombeiros-de-maringa\/#respond"]}]},{"@type":"WebPage","@id":"https:\/\/soldadoadrianojose.com.br\/index.php\/2023\/03\/24\/troca-de-comando-do-corpo-de-bombeiros-de-maringa\/","url":"https:\/\/soldadoadrianojose.com.br\/index.php\/2023\/03\/24\/troca-de-comando-do-corpo-de-bombeiros-de-maringa\/","name":"Troca de Comando do Corpo de Bombeiros de Maring\u00e1 - Deputado Adriano Jos\u00e9","isPartOf":{"@id":"https:\/\/soldadoadrianojose.com.br\/#website"},"primaryImageOfPage":{"@id":"https:\/\/soldadoadrianojose.com.br\/index.php\/2023\/03\/24\/troca-de-comando-do-corpo-de-bombeiros-de-maringa\/#primaryimage"},"image":{"@id":"https:\/\/soldadoadrianojose.com.br\/index.php\/2023\/03\/24\/troca-de-comando-do-corpo-de-bombeiros-de-maringa\/#primaryimage"},"thumbnailUrl":"https:\/\/soldadoadrianojose.com.br\/wp-content\/uploads\/2023\/03\/WhatsApp-Image-2023-03-23-at-19.22.28.jpeg","datePublished":"2023-03-24T10:40:50+00:00","dateModified":"2023-03-24T10:40:53+00:00","breadcrumb":{"@id":"https:\/\/soldadoadrianojose.com.br\/index.php\/2023\/03\/24\/troca-de-comando-do-corpo-de-bombeiros-de-maringa\/#breadcrumb"},"inLanguage":"pt-BR","potentialAction":[{"@type":"ReadAction","target":["https:\/\/soldadoadrianojose.com.br\/index.php\/2023\/03\/24\/troca-de-comando-do-corpo-de-bombeiros-de-maringa\/"]}]},{"@type":"ImageObject","inLanguage":"pt-BR","@id":"https:\/\/soldadoadrianojose.com.br\/index.php\/2023\/03\/24\/troca-de-comando-do-corpo-de-bombeiros-de-maringa\/#primaryimage","url":"https:\/\/soldadoadrianojose.com.br\/wp-content\/uploads\/2023\/03\/WhatsApp-Image-2023-03-23-at-19.22.28.jpeg","contentUrl":"https:\/\/soldadoadrianojose.com.br\/wp-content\/uploads\/2023\/03\/WhatsApp-Image-2023-03-23-at-19.22.28.jpeg","width":1600,"height":1066,"caption":"Foto: Wallace Machado"},{"@type":"BreadcrumbList","@id":"https:\/\/soldadoadrianojose.com.br\/index.php\/2023\/03\/24\/troca-de-comando-do-corpo-de-bombeiros-de-maringa\/#breadcrumb","itemListElement":[{"@type":"ListItem","position":1,"name":"In\u00edcio","item":"https:\/\/soldadoadrianojose.com.br\/"},{"@type":"ListItem","position":2,"name":"Troca de Comando do Corpo de Bombeiros de Maring\u00e1"}]},{"@type":"WebSite","@id":"https:\/\/soldadoadrianojose.com.br\/#website","url":"https:\/\/soldadoadrianojose.com.br\/","name":"Deputado Adriano Jos\u00e9","description":"Nosso trabalho \u00e9 pelas pessoas","publisher":{"@id":"https:\/\/soldadoadrianojose.com.br\/#\/schema\/person\/16f8e8defb7a4bd6c6082efcd1bdb6bb"},"potentialAction":[{"@type":"SearchAction","target":{"@type":"EntryPoint","urlTemplate":"https:\/\/soldadoadrianojose.com.br\/?s={search_term_string}"},"query-input":{"@type":"PropertyValueSpecification","valueRequired":true,"valueName":"search_term_string"}}],"inLanguage":"pt-BR"},{"@type":["Person","Organization"],"@id":"https:\/\/soldadoadrianojose.com.br\/#\/schema\/person\/16f8e8defb7a4bd6c6082efcd1bdb6bb","name":"soldadoadrianojose","image":{"@type":"ImageObject","inLanguage":"pt-BR","@id":"https:\/\/soldadoadrianojose.com.br\/wp-content\/uploads\/2023\/02\/LOGO_CLEAR-5.png","url":"https:\/\/soldadoadrianojose.com.br\/wp-content\/uploads\/2023\/02\/LOGO_CLEAR-5.png","contentUrl":"https:\/\/soldadoadrianojose.com.br\/wp-content\/uploads\/2023\/02\/LOGO_CLEAR-5.png","width":3508,"height":998,"caption":"soldadoadrianojose"},"logo":{"@id":"https:\/\/soldadoadrianojose.com.br\/wp-content\/uploads\/2023\/02\/LOGO_CLEAR-5.png"},"sameAs":["https:\/\/soldadoadrianojose.com.br"],"url":"https:\/\/soldadoadrianojose.com.br\/index.php\/author\/soldadoadrianojose\/"}]}},"jetpack_featured_media_url":"https:\/\/soldadoadrianojose.com.br\/wp-content\/uploads\/2023\/03\/WhatsApp-Image-2023-03-23-at-19.22.28.jpeg","_links":{"self":[{"href":"https:\/\/soldadoadrianojose.com.br\/index.php\/wp-json\/wp\/v2\/posts\/625","targetHints":{"allow":["GET"]}}],"collection":[{"href":"https:\/\/soldadoadrianojose.com.br\/index.php\/wp-json\/wp\/v2\/posts"}],"about":[{"href":"https:\/\/soldadoadrianojose.com.br\/index.php\/wp-json\/wp\/v2\/types\/post"}],"author":[{"embeddable":true,"href":"https:\/\/soldadoadrianojose.com.br\/index.php\/wp-json\/wp\/v2\/users\/1"}],"replies":[{"embeddable":true,"href":"https:\/\/soldadoadrianojose.com.br\/index.php\/wp-json\/wp\/v2\/comments?post=625"}],"version-history":[{"count":1,"href":"https:\/\/soldadoadrianojose.com.br\/index.php\/wp-json\/wp\/v2\/posts\/625\/revisions"}],"predecessor-version":[{"id":629,"href":"https:\/\/soldadoadrianojose.com.br\/index.php\/wp-json\/wp\/v2\/posts\/625\/revisions\/629"}],"wp:featuredmedia":[{"embeddable":true,"href":"https:\/\/soldadoadrianojose.com.br\/index.php\/wp-json\/wp\/v2\/media\/626"}],"wp:attachment":[{"href":"https:\/\/soldadoadrianojose.com.br\/index.php\/wp-json\/wp\/v2\/media?parent=625"}],"wp:term":[{"taxonomy":"category","embeddable":true,"href":"https:\/\/soldadoadrianojose.com.br\/index.php\/wp-json\/wp\/v2\/categories?post=625"},{"taxonomy":"post_tag","embeddable":true,"href":"https:\/\/soldadoadrianojose.com.br\/index.php\/wp-json\/wp\/v2\/tags?post=625"}],"curies":[{"name":"wp","href":"https:\/\/api.w.org\/{rel}","templated":true}]}}