{"id":630,"date":"2023-03-24T08:03:48","date_gmt":"2023-03-24T11:03:48","guid":{"rendered":"https:\/\/soldadoadrianojose.com.br\/?p=630"},"modified":"2023-03-24T08:03:51","modified_gmt":"2023-03-24T11:03:51","slug":"oportunidade-sai-edital-do-concurso-publico-para-professores-no-parana","status":"publish","type":"post","link":"https:\/\/soldadoadrianojose.com.br\/index.php\/2023\/03\/24\/oportunidade-sai-edital-do-concurso-publico-para-professores-no-parana\/","title":{"rendered":"OPORTUNIDADE: Sai edital do concurso p\u00fablico para professores no Paran\u00e1"},"content":{"rendered":"\n<p><\/p>\n\n\n\n<figure class=\"wp-block-image size-full\"><img fetchpriority=\"high\" decoding=\"async\" width=\"660\" height=\"365\" src=\"https:\/\/soldadoadrianojose.com.br\/wp-content\/uploads\/2023\/03\/concurso-professores.jpeg\" alt=\"\" class=\"wp-image-631\" srcset=\"https:\/\/soldadoadrianojose.com.br\/wp-content\/uploads\/2023\/03\/concurso-professores.jpeg 660w, https:\/\/soldadoadrianojose.com.br\/wp-content\/uploads\/2023\/03\/concurso-professores-300x166.jpeg 300w\" sizes=\"(max-width: 660px) 100vw, 660px\" \/><\/figure>\n\n\n\n<p><strong>Anunciado pelo governador Ratinho Junior (PSD) na \u00faltima segunda-feira (20), o edital para a realiza\u00e7\u00e3o de concurso p\u00fablico para professores da Rede Estadual de Ensino foi publicado nesta quinta-feira (23) no Di\u00e1rio Oficial do Estado. O concurso \u00e9 de responsabilidade e Secretaria da Administra\u00e7\u00e3o e da Previd\u00eancia e ser\u00e1 realizado pelo Instituto Brasileiro de Forma\u00e7\u00e3o e Capacita\u00e7\u00e3o (IBFC).<\/strong><\/p>\n\n\n\n<p>O concurso p\u00fablico (&nbsp;<a href=\"https:\/\/www.aen.pr.gov.br\/sites\/default\/arquivos_restritos\/files\/documento\/2023-03\/edital_011-23_-_abertura_concurso_publico_magisterio_-_para_assessoria_comunicacao.pdf\" target=\"_blank\" rel=\"noreferrer noopener\">Edital n\u00ba 11\/2023<\/a>&nbsp;) ofertar\u00e1 inicialmente 1.256 vagas para professores, sendo 1.109 para doc\u00eancia da Matriz Curricular e 147 vagas para professor-pedagogo, distribu\u00eddas nos 32 N\u00facleos Regionais de Educa\u00e7\u00e3o. Como o prazo de validade do concurso \u00e9 de dois anos, prorrog\u00e1vel pelo mesmo per\u00edodo, a expectativa do Estado \u00e9 que o n\u00famero de candidatos chamados seja muito maior, ou seja, ele servir\u00e1 tamb\u00e9m para um grande cadastro de reserva.<\/p>\n\n\n\n<p><strong><em>Inscri\u00e7\u00f5es<\/em><\/strong><\/p>\n\n\n\n<p>A taxa de inscri\u00e7\u00e3o \u00e9 de R$ 100 para o candidato que opte por concorrer apenas em um cargo (doc\u00eancia ou professor-pedagogo) e de R$ 160 para candidatos que queiram concorrer a dois cargos (dois em doc\u00eancia ou para um cargo de docente e outro de professor-pedagogo). As inscri\u00e7\u00f5es ocorrem de 10 de abril at\u00e9 \u00e0s 23 horas do dia 9 de maio, no site&nbsp;<a href=\"https:\/\/www.ibfc.org.br\/\" target=\"_blank\" rel=\"noreferrer noopener\">https:\/\/www.ibfc.org.br<\/a>. H\u00e1 reservas de vagas para afrodescendentes e pessoas com defici\u00eancia, amparadas pela legisla\u00e7\u00e3o.<\/p>\n\n\n\n<p>De acordo com o edital, o concurso ser\u00e1 dividido em cinco etapas: prova objetiva, prova discursiva e prova pr\u00e1tica, de car\u00e1ter eliminat\u00f3rio e classificat\u00f3rio, prova de t\u00edtulos, de car\u00e1ter classificat\u00f3rio, e avalia\u00e7\u00e3o m\u00e9dica, de car\u00e1ter eliminat\u00f3rio.<\/p>\n\n\n\n<p><strong><em>Regionais<\/em><\/strong><\/p>\n\n\n\n<p>As provas objetivas e discursivas ser\u00e3o realizadas no dia 18 de junho na cidades-sede dos N\u00facleos Regionais da Educa\u00e7\u00e3o: em Apucarana, Assis Chateaubriand, Campo Mour\u00e3o, Corn\u00e9lio Proc\u00f3pio, Cascavel, Cianorte, Curitiba, Dois Vizinhos, Foz do Igua\u00e7u, Francisco Beltr\u00e3o, Goioer\u00ea, Guarapuava, Ibaiti, Irati, Ivaipor\u00e3, Jacarezinho, Laranjeiras do Sul, Londrina, Maring\u00e1, Loanda, Paranagu\u00e1, Paranava\u00ed, Pato Branco, Pitanga, Ponta Grossa, Tel\u00eamaco Borba, Toledo, Umuarama, Uni\u00e3o da Vit\u00f3ria e Wenceslau Braz.<\/p>\n\n\n\n<p>O edital tamb\u00e9m traz informa\u00e7\u00f5es sobre as atribui\u00e7\u00f5es do cargo e o regime jur\u00eddico de contrata\u00e7\u00e3o, detalhamento das provas e do encaminhamento dos t\u00edtulos, al\u00e9m dos procedimentos oficiais da divulga\u00e7\u00e3o do resultado e das possibilidades de recurso.<\/p>\n\n\n\n<p>Todas as informa\u00e7\u00f5es do certame estar\u00e3o dispon\u00edveis no&nbsp;<a href=\"https:\/\/www.administracao.pr.gov.br\/Pagina\/Concursos-Publicos\" target=\"_blank\" rel=\"noreferrer noopener\">portal de Concursos P\u00fablicos do Paran\u00e1<\/a>&nbsp;e no&nbsp;<a href=\"https:\/\/www.ibfc.org.br\/\" target=\"_blank\" rel=\"noreferrer noopener\">site do Instituto Brasileiro de Forma\u00e7\u00e3o e Capacita\u00e7\u00e3o (IBFC)<\/a>.&nbsp;O candidato tamb\u00e9m poder\u00e1 tirar d\u00favidas referentes ao Concurso P\u00fablico junto ao IBFC pelo e-mail&nbsp;concurso@ibfc.org.br, telefone (11) 4788-1430 das 9h \u00e0s 17h, de segunda-feira a sexta-feira, exceto feriados.&nbsp;<em>(AEN; foto: Seed).<\/em><\/p>\n","protected":false},"excerpt":{"rendered":"<p>Anunciado pelo governador Ratinho Junior (PSD) na \u00faltima segunda-feira (20), o edital para a realiza\u00e7\u00e3o de concurso p\u00fablico para professores da Rede Estadual de Ensino foi publicado nesta quinta-feira (23) no Di\u00e1rio Oficial do Estado. O concurso \u00e9 de responsabilidade e Secretaria da Administra\u00e7\u00e3o e da Previd\u00eancia e ser\u00e1 realizado pelo Instituto Brasileiro de Forma\u00e7\u00e3o [&hellip;]<\/p>\n","protected":false},"author":1,"featured_media":631,"comment_status":"open","ping_status":"open","sticky":false,"template":"","format":"standard","meta":{"footnotes":""},"categories":[5],"tags":[],"class_list":["post-630","post","type-post","status-publish","format-standard","has-post-thumbnail","hentry","category-parana"],"yoast_head":"<!-- This site is optimized with the Yoast SEO plugin v27.4 - https:\/\/yoast.com\/product\/yoast-seo-wordpress\/ -->\n<title>OPORTUNIDADE: Sai edital do concurso p\u00fablico para professores no Paran\u00e1 - Deputado Adriano Jos\u00e9<\/title>\n<meta name=\"robots\" content=\"index, follow, max-snippet:-1, max-image-preview:large, max-video-preview:-1\" \/>\n<link rel=\"canonical\" href=\"https:\/\/soldadoadrianojose.com.br\/index.php\/2023\/03\/24\/oportunidade-sai-edital-do-concurso-publico-para-professores-no-parana\/\" \/>\n<meta property=\"og:locale\" content=\"pt_BR\" \/>\n<meta property=\"og:type\" content=\"article\" \/>\n<meta property=\"og:title\" content=\"OPORTUNIDADE: Sai edital do concurso p\u00fablico para professores no Paran\u00e1 - Deputado Adriano Jos\u00e9\" \/>\n<meta property=\"og:description\" content=\"Anunciado pelo governador Ratinho Junior (PSD) na \u00faltima segunda-feira (20), o edital para a realiza\u00e7\u00e3o de concurso p\u00fablico para professores da Rede Estadual de Ensino foi publicado nesta quinta-feira (23) no Di\u00e1rio Oficial do Estado. O concurso \u00e9 de responsabilidade e Secretaria da Administra\u00e7\u00e3o e da Previd\u00eancia e ser\u00e1 realizado pelo Instituto Brasileiro de Forma\u00e7\u00e3o [&hellip;]\" \/>\n<meta property=\"og:url\" content=\"https:\/\/soldadoadrianojose.com.br\/index.php\/2023\/03\/24\/oportunidade-sai-edital-do-concurso-publico-para-professores-no-parana\/\" \/>\n<meta property=\"og:site_name\" content=\"Deputado Adriano Jos\u00e9\" \/>\n<meta property=\"article:published_time\" content=\"2023-03-24T11:03:48+00:00\" \/>\n<meta property=\"article:modified_time\" content=\"2023-03-24T11:03:51+00:00\" \/>\n<meta property=\"og:image\" content=\"https:\/\/soldadoadrianojose.com.br\/wp-content\/uploads\/2023\/03\/concurso-professores.jpeg\" \/>\n\t<meta property=\"og:image:width\" content=\"660\" \/>\n\t<meta property=\"og:image:height\" content=\"365\" \/>\n\t<meta property=\"og:image:type\" content=\"image\/jpeg\" \/>\n<meta name=\"author\" content=\"soldadoadrianojose\" \/>\n<meta name=\"twitter:card\" content=\"summary_large_image\" \/>\n<meta name=\"twitter:label1\" content=\"Escrito por\" \/>\n\t<meta name=\"twitter:data1\" content=\"soldadoadrianojose\" \/>\n\t<meta name=\"twitter:label2\" content=\"Est. tempo de leitura\" \/>\n\t<meta name=\"twitter:data2\" content=\"3 minutos\" \/>\n<script type=\"application\/ld+json\" class=\"yoast-schema-graph\">{\"@context\":\"https:\\\/\\\/schema.org\",\"@graph\":[{\"@type\":\"Article\",\"@id\":\"https:\\\/\\\/soldadoadrianojose.com.br\\\/index.php\\\/2023\\\/03\\\/24\\\/oportunidade-sai-edital-do-concurso-publico-para-professores-no-parana\\\/#article\",\"isPartOf\":{\"@id\":\"https:\\\/\\\/soldadoadrianojose.com.br\\\/index.php\\\/2023\\\/03\\\/24\\\/oportunidade-sai-edital-do-concurso-publico-para-professores-no-parana\\\/\"},\"author\":{\"name\":\"soldadoadrianojose\",\"@id\":\"https:\\\/\\\/soldadoadrianojose.com.br\\\/#\\\/schema\\\/person\\\/16f8e8defb7a4bd6c6082efcd1bdb6bb\"},\"headline\":\"OPORTUNIDADE: Sai edital do concurso p\u00fablico para professores no Paran\u00e1\",\"datePublished\":\"2023-03-24T11:03:48+00:00\",\"dateModified\":\"2023-03-24T11:03:51+00:00\",\"mainEntityOfPage\":{\"@id\":\"https:\\\/\\\/soldadoadrianojose.com.br\\\/index.php\\\/2023\\\/03\\\/24\\\/oportunidade-sai-edital-do-concurso-publico-para-professores-no-parana\\\/\"},\"wordCount\":477,\"commentCount\":0,\"publisher\":{\"@id\":\"https:\\\/\\\/soldadoadrianojose.com.br\\\/#\\\/schema\\\/person\\\/16f8e8defb7a4bd6c6082efcd1bdb6bb\"},\"image\":{\"@id\":\"https:\\\/\\\/soldadoadrianojose.com.br\\\/index.php\\\/2023\\\/03\\\/24\\\/oportunidade-sai-edital-do-concurso-publico-para-professores-no-parana\\\/#primaryimage\"},\"thumbnailUrl\":\"https:\\\/\\\/soldadoadrianojose.com.br\\\/wp-content\\\/uploads\\\/2023\\\/03\\\/concurso-professores.jpeg\",\"articleSection\":[\"PARAN\u00c1\"],\"inLanguage\":\"pt-BR\",\"potentialAction\":[{\"@type\":\"CommentAction\",\"name\":\"Comment\",\"target\":[\"https:\\\/\\\/soldadoadrianojose.com.br\\\/index.php\\\/2023\\\/03\\\/24\\\/oportunidade-sai-edital-do-concurso-publico-para-professores-no-parana\\\/#respond\"]}]},{\"@type\":\"WebPage\",\"@id\":\"https:\\\/\\\/soldadoadrianojose.com.br\\\/index.php\\\/2023\\\/03\\\/24\\\/oportunidade-sai-edital-do-concurso-publico-para-professores-no-parana\\\/\",\"url\":\"https:\\\/\\\/soldadoadrianojose.com.br\\\/index.php\\\/2023\\\/03\\\/24\\\/oportunidade-sai-edital-do-concurso-publico-para-professores-no-parana\\\/\",\"name\":\"OPORTUNIDADE: Sai edital do concurso p\u00fablico para professores no Paran\u00e1 - Deputado Adriano Jos\u00e9\",\"isPartOf\":{\"@id\":\"https:\\\/\\\/soldadoadrianojose.com.br\\\/#website\"},\"primaryImageOfPage\":{\"@id\":\"https:\\\/\\\/soldadoadrianojose.com.br\\\/index.php\\\/2023\\\/03\\\/24\\\/oportunidade-sai-edital-do-concurso-publico-para-professores-no-parana\\\/#primaryimage\"},\"image\":{\"@id\":\"https:\\\/\\\/soldadoadrianojose.com.br\\\/index.php\\\/2023\\\/03\\\/24\\\/oportunidade-sai-edital-do-concurso-publico-para-professores-no-parana\\\/#primaryimage\"},\"thumbnailUrl\":\"https:\\\/\\\/soldadoadrianojose.com.br\\\/wp-content\\\/uploads\\\/2023\\\/03\\\/concurso-professores.jpeg\",\"datePublished\":\"2023-03-24T11:03:48+00:00\",\"dateModified\":\"2023-03-24T11:03:51+00:00\",\"breadcrumb\":{\"@id\":\"https:\\\/\\\/soldadoadrianojose.com.br\\\/index.php\\\/2023\\\/03\\\/24\\\/oportunidade-sai-edital-do-concurso-publico-para-professores-no-parana\\\/#breadcrumb\"},\"inLanguage\":\"pt-BR\",\"potentialAction\":[{\"@type\":\"ReadAction\",\"target\":[\"https:\\\/\\\/soldadoadrianojose.com.br\\\/index.php\\\/2023\\\/03\\\/24\\\/oportunidade-sai-edital-do-concurso-publico-para-professores-no-parana\\\/\"]}]},{\"@type\":\"ImageObject\",\"inLanguage\":\"pt-BR\",\"@id\":\"https:\\\/\\\/soldadoadrianojose.com.br\\\/index.php\\\/2023\\\/03\\\/24\\\/oportunidade-sai-edital-do-concurso-publico-para-professores-no-parana\\\/#primaryimage\",\"url\":\"https:\\\/\\\/soldadoadrianojose.com.br\\\/wp-content\\\/uploads\\\/2023\\\/03\\\/concurso-professores.jpeg\",\"contentUrl\":\"https:\\\/\\\/soldadoadrianojose.com.br\\\/wp-content\\\/uploads\\\/2023\\\/03\\\/concurso-professores.jpeg\",\"width\":660,\"height\":365},{\"@type\":\"BreadcrumbList\",\"@id\":\"https:\\\/\\\/soldadoadrianojose.com.br\\\/index.php\\\/2023\\\/03\\\/24\\\/oportunidade-sai-edital-do-concurso-publico-para-professores-no-parana\\\/#breadcrumb\",\"itemListElement\":[{\"@type\":\"ListItem\",\"position\":1,\"name\":\"In\u00edcio\",\"item\":\"https:\\\/\\\/soldadoadrianojose.com.br\\\/\"},{\"@type\":\"ListItem\",\"position\":2,\"name\":\"OPORTUNIDADE: Sai edital do concurso p\u00fablico para professores no Paran\u00e1\"}]},{\"@type\":\"WebSite\",\"@id\":\"https:\\\/\\\/soldadoadrianojose.com.br\\\/#website\",\"url\":\"https:\\\/\\\/soldadoadrianojose.com.br\\\/\",\"name\":\"Deputado Adriano Jos\u00e9\",\"description\":\"Nosso trabalho \u00e9 pelas pessoas\",\"publisher\":{\"@id\":\"https:\\\/\\\/soldadoadrianojose.com.br\\\/#\\\/schema\\\/person\\\/16f8e8defb7a4bd6c6082efcd1bdb6bb\"},\"potentialAction\":[{\"@type\":\"SearchAction\",\"target\":{\"@type\":\"EntryPoint\",\"urlTemplate\":\"https:\\\/\\\/soldadoadrianojose.com.br\\\/?s={search_term_string}\"},\"query-input\":{\"@type\":\"PropertyValueSpecification\",\"valueRequired\":true,\"valueName\":\"search_term_string\"}}],\"inLanguage\":\"pt-BR\"},{\"@type\":[\"Person\",\"Organization\"],\"@id\":\"https:\\\/\\\/soldadoadrianojose.com.br\\\/#\\\/schema\\\/person\\\/16f8e8defb7a4bd6c6082efcd1bdb6bb\",\"name\":\"soldadoadrianojose\",\"image\":{\"@type\":\"ImageObject\",\"inLanguage\":\"pt-BR\",\"@id\":\"https:\\\/\\\/soldadoadrianojose.com.br\\\/wp-content\\\/uploads\\\/2023\\\/02\\\/LOGO_CLEAR-5.png\",\"url\":\"https:\\\/\\\/soldadoadrianojose.com.br\\\/wp-content\\\/uploads\\\/2023\\\/02\\\/LOGO_CLEAR-5.png\",\"contentUrl\":\"https:\\\/\\\/soldadoadrianojose.com.br\\\/wp-content\\\/uploads\\\/2023\\\/02\\\/LOGO_CLEAR-5.png\",\"width\":3508,\"height\":998,\"caption\":\"soldadoadrianojose\"},\"logo\":{\"@id\":\"https:\\\/\\\/soldadoadrianojose.com.br\\\/wp-content\\\/uploads\\\/2023\\\/02\\\/LOGO_CLEAR-5.png\"},\"sameAs\":[\"https:\\\/\\\/soldadoadrianojose.com.br\"],\"url\":\"https:\\\/\\\/soldadoadrianojose.com.br\\\/index.php\\\/author\\\/soldadoadrianojose\\\/\"}]}<\/script>\n<!-- \/ Yoast SEO plugin. -->","yoast_head_json":{"title":"OPORTUNIDADE: Sai edital do concurso p\u00fablico para professores no Paran\u00e1 - Deputado Adriano Jos\u00e9","robots":{"index":"index","follow":"follow","max-snippet":"max-snippet:-1","max-image-preview":"max-image-preview:large","max-video-preview":"max-video-preview:-1"},"canonical":"https:\/\/soldadoadrianojose.com.br\/index.php\/2023\/03\/24\/oportunidade-sai-edital-do-concurso-publico-para-professores-no-parana\/","og_locale":"pt_BR","og_type":"article","og_title":"OPORTUNIDADE: Sai edital do concurso p\u00fablico para professores no Paran\u00e1 - Deputado Adriano Jos\u00e9","og_description":"Anunciado pelo governador Ratinho Junior (PSD) na \u00faltima segunda-feira (20), o edital para a realiza\u00e7\u00e3o de concurso p\u00fablico para professores da Rede Estadual de Ensino foi publicado nesta quinta-feira (23) no Di\u00e1rio Oficial do Estado. O concurso \u00e9 de responsabilidade e Secretaria da Administra\u00e7\u00e3o e da Previd\u00eancia e ser\u00e1 realizado pelo Instituto Brasileiro de Forma\u00e7\u00e3o [&hellip;]","og_url":"https:\/\/soldadoadrianojose.com.br\/index.php\/2023\/03\/24\/oportunidade-sai-edital-do-concurso-publico-para-professores-no-parana\/","og_site_name":"Deputado Adriano Jos\u00e9","article_published_time":"2023-03-24T11:03:48+00:00","article_modified_time":"2023-03-24T11:03:51+00:00","og_image":[{"width":660,"height":365,"url":"https:\/\/soldadoadrianojose.com.br\/wp-content\/uploads\/2023\/03\/concurso-professores.jpeg","type":"image\/jpeg"}],"author":"soldadoadrianojose","twitter_card":"summary_large_image","twitter_misc":{"Escrito por":"soldadoadrianojose","Est. tempo de leitura":"3 minutos"},"schema":{"@context":"https:\/\/schema.org","@graph":[{"@type":"Article","@id":"https:\/\/soldadoadrianojose.com.br\/index.php\/2023\/03\/24\/oportunidade-sai-edital-do-concurso-publico-para-professores-no-parana\/#article","isPartOf":{"@id":"https:\/\/soldadoadrianojose.com.br\/index.php\/2023\/03\/24\/oportunidade-sai-edital-do-concurso-publico-para-professores-no-parana\/"},"author":{"name":"soldadoadrianojose","@id":"https:\/\/soldadoadrianojose.com.br\/#\/schema\/person\/16f8e8defb7a4bd6c6082efcd1bdb6bb"},"headline":"OPORTUNIDADE: Sai edital do concurso p\u00fablico para professores no Paran\u00e1","datePublished":"2023-03-24T11:03:48+00:00","dateModified":"2023-03-24T11:03:51+00:00","mainEntityOfPage":{"@id":"https:\/\/soldadoadrianojose.com.br\/index.php\/2023\/03\/24\/oportunidade-sai-edital-do-concurso-publico-para-professores-no-parana\/"},"wordCount":477,"commentCount":0,"publisher":{"@id":"https:\/\/soldadoadrianojose.com.br\/#\/schema\/person\/16f8e8defb7a4bd6c6082efcd1bdb6bb"},"image":{"@id":"https:\/\/soldadoadrianojose.com.br\/index.php\/2023\/03\/24\/oportunidade-sai-edital-do-concurso-publico-para-professores-no-parana\/#primaryimage"},"thumbnailUrl":"https:\/\/soldadoadrianojose.com.br\/wp-content\/uploads\/2023\/03\/concurso-professores.jpeg","articleSection":["PARAN\u00c1"],"inLanguage":"pt-BR","potentialAction":[{"@type":"CommentAction","name":"Comment","target":["https:\/\/soldadoadrianojose.com.br\/index.php\/2023\/03\/24\/oportunidade-sai-edital-do-concurso-publico-para-professores-no-parana\/#respond"]}]},{"@type":"WebPage","@id":"https:\/\/soldadoadrianojose.com.br\/index.php\/2023\/03\/24\/oportunidade-sai-edital-do-concurso-publico-para-professores-no-parana\/","url":"https:\/\/soldadoadrianojose.com.br\/index.php\/2023\/03\/24\/oportunidade-sai-edital-do-concurso-publico-para-professores-no-parana\/","name":"OPORTUNIDADE: Sai edital do concurso p\u00fablico para professores no Paran\u00e1 - Deputado Adriano Jos\u00e9","isPartOf":{"@id":"https:\/\/soldadoadrianojose.com.br\/#website"},"primaryImageOfPage":{"@id":"https:\/\/soldadoadrianojose.com.br\/index.php\/2023\/03\/24\/oportunidade-sai-edital-do-concurso-publico-para-professores-no-parana\/#primaryimage"},"image":{"@id":"https:\/\/soldadoadrianojose.com.br\/index.php\/2023\/03\/24\/oportunidade-sai-edital-do-concurso-publico-para-professores-no-parana\/#primaryimage"},"thumbnailUrl":"https:\/\/soldadoadrianojose.com.br\/wp-content\/uploads\/2023\/03\/concurso-professores.jpeg","datePublished":"2023-03-24T11:03:48+00:00","dateModified":"2023-03-24T11:03:51+00:00","breadcrumb":{"@id":"https:\/\/soldadoadrianojose.com.br\/index.php\/2023\/03\/24\/oportunidade-sai-edital-do-concurso-publico-para-professores-no-parana\/#breadcrumb"},"inLanguage":"pt-BR","potentialAction":[{"@type":"ReadAction","target":["https:\/\/soldadoadrianojose.com.br\/index.php\/2023\/03\/24\/oportunidade-sai-edital-do-concurso-publico-para-professores-no-parana\/"]}]},{"@type":"ImageObject","inLanguage":"pt-BR","@id":"https:\/\/soldadoadrianojose.com.br\/index.php\/2023\/03\/24\/oportunidade-sai-edital-do-concurso-publico-para-professores-no-parana\/#primaryimage","url":"https:\/\/soldadoadrianojose.com.br\/wp-content\/uploads\/2023\/03\/concurso-professores.jpeg","contentUrl":"https:\/\/soldadoadrianojose.com.br\/wp-content\/uploads\/2023\/03\/concurso-professores.jpeg","width":660,"height":365},{"@type":"BreadcrumbList","@id":"https:\/\/soldadoadrianojose.com.br\/index.php\/2023\/03\/24\/oportunidade-sai-edital-do-concurso-publico-para-professores-no-parana\/#breadcrumb","itemListElement":[{"@type":"ListItem","position":1,"name":"In\u00edcio","item":"https:\/\/soldadoadrianojose.com.br\/"},{"@type":"ListItem","position":2,"name":"OPORTUNIDADE: Sai edital do concurso p\u00fablico para professores no Paran\u00e1"}]},{"@type":"WebSite","@id":"https:\/\/soldadoadrianojose.com.br\/#website","url":"https:\/\/soldadoadrianojose.com.br\/","name":"Deputado Adriano Jos\u00e9","description":"Nosso trabalho \u00e9 pelas pessoas","publisher":{"@id":"https:\/\/soldadoadrianojose.com.br\/#\/schema\/person\/16f8e8defb7a4bd6c6082efcd1bdb6bb"},"potentialAction":[{"@type":"SearchAction","target":{"@type":"EntryPoint","urlTemplate":"https:\/\/soldadoadrianojose.com.br\/?s={search_term_string}"},"query-input":{"@type":"PropertyValueSpecification","valueRequired":true,"valueName":"search_term_string"}}],"inLanguage":"pt-BR"},{"@type":["Person","Organization"],"@id":"https:\/\/soldadoadrianojose.com.br\/#\/schema\/person\/16f8e8defb7a4bd6c6082efcd1bdb6bb","name":"soldadoadrianojose","image":{"@type":"ImageObject","inLanguage":"pt-BR","@id":"https:\/\/soldadoadrianojose.com.br\/wp-content\/uploads\/2023\/02\/LOGO_CLEAR-5.png","url":"https:\/\/soldadoadrianojose.com.br\/wp-content\/uploads\/2023\/02\/LOGO_CLEAR-5.png","contentUrl":"https:\/\/soldadoadrianojose.com.br\/wp-content\/uploads\/2023\/02\/LOGO_CLEAR-5.png","width":3508,"height":998,"caption":"soldadoadrianojose"},"logo":{"@id":"https:\/\/soldadoadrianojose.com.br\/wp-content\/uploads\/2023\/02\/LOGO_CLEAR-5.png"},"sameAs":["https:\/\/soldadoadrianojose.com.br"],"url":"https:\/\/soldadoadrianojose.com.br\/index.php\/author\/soldadoadrianojose\/"}]}},"jetpack_featured_media_url":"https:\/\/soldadoadrianojose.com.br\/wp-content\/uploads\/2023\/03\/concurso-professores.jpeg","_links":{"self":[{"href":"https:\/\/soldadoadrianojose.com.br\/index.php\/wp-json\/wp\/v2\/posts\/630","targetHints":{"allow":["GET"]}}],"collection":[{"href":"https:\/\/soldadoadrianojose.com.br\/index.php\/wp-json\/wp\/v2\/posts"}],"about":[{"href":"https:\/\/soldadoadrianojose.com.br\/index.php\/wp-json\/wp\/v2\/types\/post"}],"author":[{"embeddable":true,"href":"https:\/\/soldadoadrianojose.com.br\/index.php\/wp-json\/wp\/v2\/users\/1"}],"replies":[{"embeddable":true,"href":"https:\/\/soldadoadrianojose.com.br\/index.php\/wp-json\/wp\/v2\/comments?post=630"}],"version-history":[{"count":1,"href":"https:\/\/soldadoadrianojose.com.br\/index.php\/wp-json\/wp\/v2\/posts\/630\/revisions"}],"predecessor-version":[{"id":632,"href":"https:\/\/soldadoadrianojose.com.br\/index.php\/wp-json\/wp\/v2\/posts\/630\/revisions\/632"}],"wp:featuredmedia":[{"embeddable":true,"href":"https:\/\/soldadoadrianojose.com.br\/index.php\/wp-json\/wp\/v2\/media\/631"}],"wp:attachment":[{"href":"https:\/\/soldadoadrianojose.com.br\/index.php\/wp-json\/wp\/v2\/media?parent=630"}],"wp:term":[{"taxonomy":"category","embeddable":true,"href":"https:\/\/soldadoadrianojose.com.br\/index.php\/wp-json\/wp\/v2\/categories?post=630"},{"taxonomy":"post_tag","embeddable":true,"href":"https:\/\/soldadoadrianojose.com.br\/index.php\/wp-json\/wp\/v2\/tags?post=630"}],"curies":[{"name":"wp","href":"https:\/\/api.w.org\/{rel}","templated":true}]}}