{"id":635,"date":"2023-03-24T10:31:16","date_gmt":"2023-03-24T13:31:16","guid":{"rendered":"https:\/\/soldadoadrianojose.com.br\/?p=635"},"modified":"2023-03-24T10:31:20","modified_gmt":"2023-03-24T13:31:20","slug":"deputado-soldado-adriano-jose-acompanha-governador-ratinho-junior-e-cumpre-agenda-em-maringa-nesta-sexta-feira-24","status":"publish","type":"post","link":"https:\/\/soldadoadrianojose.com.br\/index.php\/2023\/03\/24\/deputado-soldado-adriano-jose-acompanha-governador-ratinho-junior-e-cumpre-agenda-em-maringa-nesta-sexta-feira-24\/","title":{"rendered":"Deputado Soldado Adriano Jos\u00e9 acompanha Governador Ratinho J\u00fanior e cumpre agenda em Maring\u00e1 nesta sexta-feira, 24"},"content":{"rendered":"\n<p><\/p>\n\n\n\n<figure class=\"wp-block-image size-full is-resized\"><img fetchpriority=\"high\" decoding=\"async\" src=\"https:\/\/soldadoadrianojose.com.br\/wp-content\/uploads\/2023\/03\/WhatsApp-Image-2023-03-24-at-10.17.20.jpeg\" alt=\"\" class=\"wp-image-636\" width=\"328\" height=\"329\" srcset=\"https:\/\/soldadoadrianojose.com.br\/wp-content\/uploads\/2023\/03\/WhatsApp-Image-2023-03-24-at-10.17.20.jpeg 521w, https:\/\/soldadoadrianojose.com.br\/wp-content\/uploads\/2023\/03\/WhatsApp-Image-2023-03-24-at-10.17.20-300x300.jpeg 300w, https:\/\/soldadoadrianojose.com.br\/wp-content\/uploads\/2023\/03\/WhatsApp-Image-2023-03-24-at-10.17.20-150x150.jpeg 150w\" sizes=\"(max-width: 328px) 100vw, 328px\" \/><\/figure>\n\n\n\n<p>O governador Carlos Massa Ratinho Junior cumpre duas agendas em Maring\u00e1, nesta sexta-feira (24). Ele estar\u00e1 acompanhado de secret\u00e1rios de Estado, do prefeito Ulisses Maia e deputados federais e estaduais que representam a regi\u00e3o.<\/p>\n\n\n\n<p>Segundo o deputado estadual Soldado Adriano Jos\u00e9 &#8221; os an\u00fancios s\u00e3o de extrema import\u00e2ncia para a regi\u00e3o, j\u00e1 que a popula\u00e7\u00e3o ser\u00e1 beneficiada de v\u00e1rias formas. Obras como essa, s\u00e3o muito importantes para o desenvolvimento da regi\u00e3o e esse estreitamento entre o Governo Estadual e gest\u00e3o municipal s\u00f3 reafirma o compromisso deste governo com povo da regi\u00e3o da AMUSEP, com o governador vindo at\u00e9 o nossa regi\u00e3o trazendo boas not\u00edcias para todos n\u00f3s\u201d.<\/p>\n\n\n\n<p>O primeiro evento ser\u00e1 no Aeroporto de Maring\u00e1 \u2013 Silvio Name J\u00fanior, com dois an\u00fancios. O primeiro \u00e9 do Banco Regional de Desenvolvimento do Extremo Sul (BRDE), que vai financiar o projeto de gera\u00e7\u00e3o energia solar para autoconsumo que ser\u00e1 instalado no topo do aeroporto. \u00c9 um projeto in\u00e9dito financiado pelo banco, no valor aproximado de R$ 6,3 milh\u00f5es. A usina solar de 0,7 MWh prev\u00ea a economia de 95% no valor da conta de energia el\u00e9trica da estrutura.<\/p>\n\n\n\n<p>O segundo an\u00fancio \u00e9 o edital da licita\u00e7\u00e3o da constru\u00e7\u00e3o do Trevo Catua\u00ed. A obra ser\u00e1 licitada na modalidade Contrata\u00e7\u00e3o Integrada, prevendo a elabora\u00e7\u00e3o de projeto b\u00e1sico e projeto executivo de engenharia, bem como a execu\u00e7\u00e3o da obra. Ele ser\u00e1 erguido no entroncamento entre a BR-376 com a PR-317 e a Avenida Jo\u00e3o Pereira. O or\u00e7amento \u00e9 sigiloso, conforme previsto em lei, visando estimular as empresas interessadas a estudarem cuidadosamente a documenta\u00e7\u00e3o do edital para elaborarem suas propostas.<\/p>\n","protected":false},"excerpt":{"rendered":"<p>O governador Carlos Massa Ratinho Junior cumpre duas agendas em Maring\u00e1, nesta sexta-feira (24). Ele estar\u00e1 acompanhado de secret\u00e1rios de Estado, do prefeito Ulisses Maia e deputados federais e estaduais que representam a regi\u00e3o. Segundo o deputado estadual Soldado Adriano Jos\u00e9 &#8221; os an\u00fancios s\u00e3o de extrema import\u00e2ncia para a regi\u00e3o, j\u00e1 que a popula\u00e7\u00e3o [&hellip;]<\/p>\n","protected":false},"author":1,"featured_media":637,"comment_status":"open","ping_status":"open","sticky":false,"template":"","format":"standard","meta":{"footnotes":""},"categories":[1,5],"tags":[13,10,9],"class_list":["post-635","post","type-post","status-publish","format-standard","has-post-thumbnail","hentry","category-gabinete-sd","category-parana","tag-deputado","tag-maringa","tag-soldado-adriano-jose"],"yoast_head":"<!-- This site is optimized with the Yoast SEO plugin v27.4 - https:\/\/yoast.com\/product\/yoast-seo-wordpress\/ -->\n<title>Deputado Soldado Adriano Jos\u00e9 acompanha Governador Ratinho J\u00fanior e cumpre agenda em Maring\u00e1 nesta sexta-feira, 24 - Deputado Adriano Jos\u00e9<\/title>\n<meta name=\"description\" content=\"Segundo o deputado estadual Soldado Adriano Jos\u00e9 &quot; os an\u00fancios s\u00e3o de extrema import\u00e2ncia para a regi\u00e3o, j\u00e1 que a popula\u00e7\u00e3o ser\u00e1 beneficiada de v\u00e1rias formas. Obras como essa, s\u00e3o muito importantes para o desenvolvimento da regi\u00e3o e esse estreitamento entre o Governo Estadual e gestao municipal s\u00f3 reafirma o compromisso deste governo com povo da regi\u00e3o da AMUSEP, com o governador vindo at\u00e9 o nossa regi\u00e3o trazendo boas not\u00edcias para todos n\u00f3s\u201d.\" \/>\n<meta name=\"robots\" content=\"index, follow, max-snippet:-1, max-image-preview:large, max-video-preview:-1\" \/>\n<link rel=\"canonical\" href=\"https:\/\/soldadoadrianojose.com.br\/index.php\/2023\/03\/24\/deputado-soldado-adriano-jose-acompanha-governador-ratinho-junior-e-cumpre-agenda-em-maringa-nesta-sexta-feira-24\/\" \/>\n<meta property=\"og:locale\" content=\"pt_BR\" \/>\n<meta property=\"og:type\" content=\"article\" \/>\n<meta property=\"og:title\" content=\"Deputado Soldado Adriano Jos\u00e9 acompanha Governador Ratinho J\u00fanior e cumpre agenda em Maring\u00e1 nesta sexta-feira, 24 - Deputado Adriano Jos\u00e9\" \/>\n<meta property=\"og:description\" content=\"Segundo o deputado estadual Soldado Adriano Jos\u00e9 &quot; os an\u00fancios s\u00e3o de extrema import\u00e2ncia para a regi\u00e3o, j\u00e1 que a popula\u00e7\u00e3o ser\u00e1 beneficiada de v\u00e1rias formas. Obras como essa, s\u00e3o muito importantes para o desenvolvimento da regi\u00e3o e esse estreitamento entre o Governo Estadual e gestao municipal s\u00f3 reafirma o compromisso deste governo com povo da regi\u00e3o da AMUSEP, com o governador vindo at\u00e9 o nossa regi\u00e3o trazendo boas not\u00edcias para todos n\u00f3s\u201d.\" \/>\n<meta property=\"og:url\" content=\"https:\/\/soldadoadrianojose.com.br\/index.php\/2023\/03\/24\/deputado-soldado-adriano-jose-acompanha-governador-ratinho-junior-e-cumpre-agenda-em-maringa-nesta-sexta-feira-24\/\" \/>\n<meta property=\"og:site_name\" content=\"Deputado Adriano Jos\u00e9\" \/>\n<meta property=\"article:published_time\" content=\"2023-03-24T13:31:16+00:00\" \/>\n<meta property=\"article:modified_time\" content=\"2023-03-24T13:31:20+00:00\" \/>\n<meta property=\"og:image\" content=\"https:\/\/soldadoadrianojose.com.br\/wp-content\/uploads\/2023\/03\/WhatsApp-Image-2023-03-24-at-10.17.20-1.jpeg\" \/>\n\t<meta property=\"og:image:width\" content=\"521\" \/>\n\t<meta property=\"og:image:height\" content=\"522\" \/>\n\t<meta property=\"og:image:type\" content=\"image\/jpeg\" \/>\n<meta name=\"author\" content=\"soldadoadrianojose\" \/>\n<meta name=\"twitter:card\" content=\"summary_large_image\" \/>\n<meta name=\"twitter:label1\" content=\"Escrito por\" \/>\n\t<meta name=\"twitter:data1\" content=\"soldadoadrianojose\" \/>\n\t<meta name=\"twitter:label2\" content=\"Est. tempo de leitura\" \/>\n\t<meta name=\"twitter:data2\" content=\"2 minutos\" \/>\n<script type=\"application\/ld+json\" class=\"yoast-schema-graph\">{\"@context\":\"https:\\\/\\\/schema.org\",\"@graph\":[{\"@type\":\"Article\",\"@id\":\"https:\\\/\\\/soldadoadrianojose.com.br\\\/index.php\\\/2023\\\/03\\\/24\\\/deputado-soldado-adriano-jose-acompanha-governador-ratinho-junior-e-cumpre-agenda-em-maringa-nesta-sexta-feira-24\\\/#article\",\"isPartOf\":{\"@id\":\"https:\\\/\\\/soldadoadrianojose.com.br\\\/index.php\\\/2023\\\/03\\\/24\\\/deputado-soldado-adriano-jose-acompanha-governador-ratinho-junior-e-cumpre-agenda-em-maringa-nesta-sexta-feira-24\\\/\"},\"author\":{\"name\":\"soldadoadrianojose\",\"@id\":\"https:\\\/\\\/soldadoadrianojose.com.br\\\/#\\\/schema\\\/person\\\/16f8e8defb7a4bd6c6082efcd1bdb6bb\"},\"headline\":\"Deputado Soldado Adriano Jos\u00e9 acompanha Governador Ratinho J\u00fanior e cumpre agenda em Maring\u00e1 nesta sexta-feira, 24\",\"datePublished\":\"2023-03-24T13:31:16+00:00\",\"dateModified\":\"2023-03-24T13:31:20+00:00\",\"mainEntityOfPage\":{\"@id\":\"https:\\\/\\\/soldadoadrianojose.com.br\\\/index.php\\\/2023\\\/03\\\/24\\\/deputado-soldado-adriano-jose-acompanha-governador-ratinho-junior-e-cumpre-agenda-em-maringa-nesta-sexta-feira-24\\\/\"},\"wordCount\":301,\"commentCount\":4,\"publisher\":{\"@id\":\"https:\\\/\\\/soldadoadrianojose.com.br\\\/#\\\/schema\\\/person\\\/16f8e8defb7a4bd6c6082efcd1bdb6bb\"},\"image\":{\"@id\":\"https:\\\/\\\/soldadoadrianojose.com.br\\\/index.php\\\/2023\\\/03\\\/24\\\/deputado-soldado-adriano-jose-acompanha-governador-ratinho-junior-e-cumpre-agenda-em-maringa-nesta-sexta-feira-24\\\/#primaryimage\"},\"thumbnailUrl\":\"https:\\\/\\\/soldadoadrianojose.com.br\\\/wp-content\\\/uploads\\\/2023\\\/03\\\/WhatsApp-Image-2023-03-24-at-10.17.20-1.jpeg\",\"keywords\":[\"deputado\",\"maringa\",\"soldado adriano jose\"],\"articleSection\":[\"GABINETE SD\",\"PARAN\u00c1\"],\"inLanguage\":\"pt-BR\",\"potentialAction\":[{\"@type\":\"CommentAction\",\"name\":\"Comment\",\"target\":[\"https:\\\/\\\/soldadoadrianojose.com.br\\\/index.php\\\/2023\\\/03\\\/24\\\/deputado-soldado-adriano-jose-acompanha-governador-ratinho-junior-e-cumpre-agenda-em-maringa-nesta-sexta-feira-24\\\/#respond\"]}]},{\"@type\":\"WebPage\",\"@id\":\"https:\\\/\\\/soldadoadrianojose.com.br\\\/index.php\\\/2023\\\/03\\\/24\\\/deputado-soldado-adriano-jose-acompanha-governador-ratinho-junior-e-cumpre-agenda-em-maringa-nesta-sexta-feira-24\\\/\",\"url\":\"https:\\\/\\\/soldadoadrianojose.com.br\\\/index.php\\\/2023\\\/03\\\/24\\\/deputado-soldado-adriano-jose-acompanha-governador-ratinho-junior-e-cumpre-agenda-em-maringa-nesta-sexta-feira-24\\\/\",\"name\":\"Deputado Soldado Adriano Jos\u00e9 acompanha Governador Ratinho J\u00fanior e cumpre agenda em Maring\u00e1 nesta sexta-feira, 24 - Deputado Adriano Jos\u00e9\",\"isPartOf\":{\"@id\":\"https:\\\/\\\/soldadoadrianojose.com.br\\\/#website\"},\"primaryImageOfPage\":{\"@id\":\"https:\\\/\\\/soldadoadrianojose.com.br\\\/index.php\\\/2023\\\/03\\\/24\\\/deputado-soldado-adriano-jose-acompanha-governador-ratinho-junior-e-cumpre-agenda-em-maringa-nesta-sexta-feira-24\\\/#primaryimage\"},\"image\":{\"@id\":\"https:\\\/\\\/soldadoadrianojose.com.br\\\/index.php\\\/2023\\\/03\\\/24\\\/deputado-soldado-adriano-jose-acompanha-governador-ratinho-junior-e-cumpre-agenda-em-maringa-nesta-sexta-feira-24\\\/#primaryimage\"},\"thumbnailUrl\":\"https:\\\/\\\/soldadoadrianojose.com.br\\\/wp-content\\\/uploads\\\/2023\\\/03\\\/WhatsApp-Image-2023-03-24-at-10.17.20-1.jpeg\",\"datePublished\":\"2023-03-24T13:31:16+00:00\",\"dateModified\":\"2023-03-24T13:31:20+00:00\",\"description\":\"Segundo o deputado estadual Soldado Adriano Jos\u00e9 \\\" os an\u00fancios s\u00e3o de extrema import\u00e2ncia para a regi\u00e3o, j\u00e1 que a popula\u00e7\u00e3o ser\u00e1 beneficiada de v\u00e1rias formas. Obras como essa, s\u00e3o muito importantes para o desenvolvimento da regi\u00e3o e esse estreitamento entre o Governo Estadual e gestao municipal s\u00f3 reafirma o compromisso deste governo com povo da regi\u00e3o da AMUSEP, com o governador vindo at\u00e9 o nossa regi\u00e3o trazendo boas not\u00edcias para todos n\u00f3s\u201d.\",\"breadcrumb\":{\"@id\":\"https:\\\/\\\/soldadoadrianojose.com.br\\\/index.php\\\/2023\\\/03\\\/24\\\/deputado-soldado-adriano-jose-acompanha-governador-ratinho-junior-e-cumpre-agenda-em-maringa-nesta-sexta-feira-24\\\/#breadcrumb\"},\"inLanguage\":\"pt-BR\",\"potentialAction\":[{\"@type\":\"ReadAction\",\"target\":[\"https:\\\/\\\/soldadoadrianojose.com.br\\\/index.php\\\/2023\\\/03\\\/24\\\/deputado-soldado-adriano-jose-acompanha-governador-ratinho-junior-e-cumpre-agenda-em-maringa-nesta-sexta-feira-24\\\/\"]}]},{\"@type\":\"ImageObject\",\"inLanguage\":\"pt-BR\",\"@id\":\"https:\\\/\\\/soldadoadrianojose.com.br\\\/index.php\\\/2023\\\/03\\\/24\\\/deputado-soldado-adriano-jose-acompanha-governador-ratinho-junior-e-cumpre-agenda-em-maringa-nesta-sexta-feira-24\\\/#primaryimage\",\"url\":\"https:\\\/\\\/soldadoadrianojose.com.br\\\/wp-content\\\/uploads\\\/2023\\\/03\\\/WhatsApp-Image-2023-03-24-at-10.17.20-1.jpeg\",\"contentUrl\":\"https:\\\/\\\/soldadoadrianojose.com.br\\\/wp-content\\\/uploads\\\/2023\\\/03\\\/WhatsApp-Image-2023-03-24-at-10.17.20-1.jpeg\",\"width\":521,\"height\":522},{\"@type\":\"BreadcrumbList\",\"@id\":\"https:\\\/\\\/soldadoadrianojose.com.br\\\/index.php\\\/2023\\\/03\\\/24\\\/deputado-soldado-adriano-jose-acompanha-governador-ratinho-junior-e-cumpre-agenda-em-maringa-nesta-sexta-feira-24\\\/#breadcrumb\",\"itemListElement\":[{\"@type\":\"ListItem\",\"position\":1,\"name\":\"In\u00edcio\",\"item\":\"https:\\\/\\\/soldadoadrianojose.com.br\\\/\"},{\"@type\":\"ListItem\",\"position\":2,\"name\":\"Deputado Soldado Adriano Jos\u00e9 acompanha Governador Ratinho J\u00fanior e cumpre agenda em Maring\u00e1 nesta sexta-feira, 24\"}]},{\"@type\":\"WebSite\",\"@id\":\"https:\\\/\\\/soldadoadrianojose.com.br\\\/#website\",\"url\":\"https:\\\/\\\/soldadoadrianojose.com.br\\\/\",\"name\":\"Deputado Adriano Jos\u00e9\",\"description\":\"Nosso trabalho \u00e9 pelas pessoas\",\"publisher\":{\"@id\":\"https:\\\/\\\/soldadoadrianojose.com.br\\\/#\\\/schema\\\/person\\\/16f8e8defb7a4bd6c6082efcd1bdb6bb\"},\"potentialAction\":[{\"@type\":\"SearchAction\",\"target\":{\"@type\":\"EntryPoint\",\"urlTemplate\":\"https:\\\/\\\/soldadoadrianojose.com.br\\\/?s={search_term_string}\"},\"query-input\":{\"@type\":\"PropertyValueSpecification\",\"valueRequired\":true,\"valueName\":\"search_term_string\"}}],\"inLanguage\":\"pt-BR\"},{\"@type\":[\"Person\",\"Organization\"],\"@id\":\"https:\\\/\\\/soldadoadrianojose.com.br\\\/#\\\/schema\\\/person\\\/16f8e8defb7a4bd6c6082efcd1bdb6bb\",\"name\":\"soldadoadrianojose\",\"image\":{\"@type\":\"ImageObject\",\"inLanguage\":\"pt-BR\",\"@id\":\"https:\\\/\\\/soldadoadrianojose.com.br\\\/wp-content\\\/uploads\\\/2023\\\/02\\\/LOGO_CLEAR-5.png\",\"url\":\"https:\\\/\\\/soldadoadrianojose.com.br\\\/wp-content\\\/uploads\\\/2023\\\/02\\\/LOGO_CLEAR-5.png\",\"contentUrl\":\"https:\\\/\\\/soldadoadrianojose.com.br\\\/wp-content\\\/uploads\\\/2023\\\/02\\\/LOGO_CLEAR-5.png\",\"width\":3508,\"height\":998,\"caption\":\"soldadoadrianojose\"},\"logo\":{\"@id\":\"https:\\\/\\\/soldadoadrianojose.com.br\\\/wp-content\\\/uploads\\\/2023\\\/02\\\/LOGO_CLEAR-5.png\"},\"sameAs\":[\"https:\\\/\\\/soldadoadrianojose.com.br\"],\"url\":\"https:\\\/\\\/soldadoadrianojose.com.br\\\/index.php\\\/author\\\/soldadoadrianojose\\\/\"}]}<\/script>\n<!-- \/ Yoast SEO plugin. -->","yoast_head_json":{"title":"Deputado Soldado Adriano Jos\u00e9 acompanha Governador Ratinho J\u00fanior e cumpre agenda em Maring\u00e1 nesta sexta-feira, 24 - Deputado Adriano Jos\u00e9","description":"Segundo o deputado estadual Soldado Adriano Jos\u00e9 \" os an\u00fancios s\u00e3o de extrema import\u00e2ncia para a regi\u00e3o, j\u00e1 que a popula\u00e7\u00e3o ser\u00e1 beneficiada de v\u00e1rias formas. Obras como essa, s\u00e3o muito importantes para o desenvolvimento da regi\u00e3o e esse estreitamento entre o Governo Estadual e gestao municipal s\u00f3 reafirma o compromisso deste governo com povo da regi\u00e3o da AMUSEP, com o governador vindo at\u00e9 o nossa regi\u00e3o trazendo boas not\u00edcias para todos n\u00f3s\u201d.","robots":{"index":"index","follow":"follow","max-snippet":"max-snippet:-1","max-image-preview":"max-image-preview:large","max-video-preview":"max-video-preview:-1"},"canonical":"https:\/\/soldadoadrianojose.com.br\/index.php\/2023\/03\/24\/deputado-soldado-adriano-jose-acompanha-governador-ratinho-junior-e-cumpre-agenda-em-maringa-nesta-sexta-feira-24\/","og_locale":"pt_BR","og_type":"article","og_title":"Deputado Soldado Adriano Jos\u00e9 acompanha Governador Ratinho J\u00fanior e cumpre agenda em Maring\u00e1 nesta sexta-feira, 24 - Deputado Adriano Jos\u00e9","og_description":"Segundo o deputado estadual Soldado Adriano Jos\u00e9 \" os an\u00fancios s\u00e3o de extrema import\u00e2ncia para a regi\u00e3o, j\u00e1 que a popula\u00e7\u00e3o ser\u00e1 beneficiada de v\u00e1rias formas. Obras como essa, s\u00e3o muito importantes para o desenvolvimento da regi\u00e3o e esse estreitamento entre o Governo Estadual e gestao municipal s\u00f3 reafirma o compromisso deste governo com povo da regi\u00e3o da AMUSEP, com o governador vindo at\u00e9 o nossa regi\u00e3o trazendo boas not\u00edcias para todos n\u00f3s\u201d.","og_url":"https:\/\/soldadoadrianojose.com.br\/index.php\/2023\/03\/24\/deputado-soldado-adriano-jose-acompanha-governador-ratinho-junior-e-cumpre-agenda-em-maringa-nesta-sexta-feira-24\/","og_site_name":"Deputado Adriano Jos\u00e9","article_published_time":"2023-03-24T13:31:16+00:00","article_modified_time":"2023-03-24T13:31:20+00:00","og_image":[{"width":521,"height":522,"url":"https:\/\/soldadoadrianojose.com.br\/wp-content\/uploads\/2023\/03\/WhatsApp-Image-2023-03-24-at-10.17.20-1.jpeg","type":"image\/jpeg"}],"author":"soldadoadrianojose","twitter_card":"summary_large_image","twitter_misc":{"Escrito por":"soldadoadrianojose","Est. tempo de leitura":"2 minutos"},"schema":{"@context":"https:\/\/schema.org","@graph":[{"@type":"Article","@id":"https:\/\/soldadoadrianojose.com.br\/index.php\/2023\/03\/24\/deputado-soldado-adriano-jose-acompanha-governador-ratinho-junior-e-cumpre-agenda-em-maringa-nesta-sexta-feira-24\/#article","isPartOf":{"@id":"https:\/\/soldadoadrianojose.com.br\/index.php\/2023\/03\/24\/deputado-soldado-adriano-jose-acompanha-governador-ratinho-junior-e-cumpre-agenda-em-maringa-nesta-sexta-feira-24\/"},"author":{"name":"soldadoadrianojose","@id":"https:\/\/soldadoadrianojose.com.br\/#\/schema\/person\/16f8e8defb7a4bd6c6082efcd1bdb6bb"},"headline":"Deputado Soldado Adriano Jos\u00e9 acompanha Governador Ratinho J\u00fanior e cumpre agenda em Maring\u00e1 nesta sexta-feira, 24","datePublished":"2023-03-24T13:31:16+00:00","dateModified":"2023-03-24T13:31:20+00:00","mainEntityOfPage":{"@id":"https:\/\/soldadoadrianojose.com.br\/index.php\/2023\/03\/24\/deputado-soldado-adriano-jose-acompanha-governador-ratinho-junior-e-cumpre-agenda-em-maringa-nesta-sexta-feira-24\/"},"wordCount":301,"commentCount":4,"publisher":{"@id":"https:\/\/soldadoadrianojose.com.br\/#\/schema\/person\/16f8e8defb7a4bd6c6082efcd1bdb6bb"},"image":{"@id":"https:\/\/soldadoadrianojose.com.br\/index.php\/2023\/03\/24\/deputado-soldado-adriano-jose-acompanha-governador-ratinho-junior-e-cumpre-agenda-em-maringa-nesta-sexta-feira-24\/#primaryimage"},"thumbnailUrl":"https:\/\/soldadoadrianojose.com.br\/wp-content\/uploads\/2023\/03\/WhatsApp-Image-2023-03-24-at-10.17.20-1.jpeg","keywords":["deputado","maringa","soldado adriano jose"],"articleSection":["GABINETE SD","PARAN\u00c1"],"inLanguage":"pt-BR","potentialAction":[{"@type":"CommentAction","name":"Comment","target":["https:\/\/soldadoadrianojose.com.br\/index.php\/2023\/03\/24\/deputado-soldado-adriano-jose-acompanha-governador-ratinho-junior-e-cumpre-agenda-em-maringa-nesta-sexta-feira-24\/#respond"]}]},{"@type":"WebPage","@id":"https:\/\/soldadoadrianojose.com.br\/index.php\/2023\/03\/24\/deputado-soldado-adriano-jose-acompanha-governador-ratinho-junior-e-cumpre-agenda-em-maringa-nesta-sexta-feira-24\/","url":"https:\/\/soldadoadrianojose.com.br\/index.php\/2023\/03\/24\/deputado-soldado-adriano-jose-acompanha-governador-ratinho-junior-e-cumpre-agenda-em-maringa-nesta-sexta-feira-24\/","name":"Deputado Soldado Adriano Jos\u00e9 acompanha Governador Ratinho J\u00fanior e cumpre agenda em Maring\u00e1 nesta sexta-feira, 24 - Deputado Adriano Jos\u00e9","isPartOf":{"@id":"https:\/\/soldadoadrianojose.com.br\/#website"},"primaryImageOfPage":{"@id":"https:\/\/soldadoadrianojose.com.br\/index.php\/2023\/03\/24\/deputado-soldado-adriano-jose-acompanha-governador-ratinho-junior-e-cumpre-agenda-em-maringa-nesta-sexta-feira-24\/#primaryimage"},"image":{"@id":"https:\/\/soldadoadrianojose.com.br\/index.php\/2023\/03\/24\/deputado-soldado-adriano-jose-acompanha-governador-ratinho-junior-e-cumpre-agenda-em-maringa-nesta-sexta-feira-24\/#primaryimage"},"thumbnailUrl":"https:\/\/soldadoadrianojose.com.br\/wp-content\/uploads\/2023\/03\/WhatsApp-Image-2023-03-24-at-10.17.20-1.jpeg","datePublished":"2023-03-24T13:31:16+00:00","dateModified":"2023-03-24T13:31:20+00:00","description":"Segundo o deputado estadual Soldado Adriano Jos\u00e9 \" os an\u00fancios s\u00e3o de extrema import\u00e2ncia para a regi\u00e3o, j\u00e1 que a popula\u00e7\u00e3o ser\u00e1 beneficiada de v\u00e1rias formas. Obras como essa, s\u00e3o muito importantes para o desenvolvimento da regi\u00e3o e esse estreitamento entre o Governo Estadual e gestao municipal s\u00f3 reafirma o compromisso deste governo com povo da regi\u00e3o da AMUSEP, com o governador vindo at\u00e9 o nossa regi\u00e3o trazendo boas not\u00edcias para todos n\u00f3s\u201d.","breadcrumb":{"@id":"https:\/\/soldadoadrianojose.com.br\/index.php\/2023\/03\/24\/deputado-soldado-adriano-jose-acompanha-governador-ratinho-junior-e-cumpre-agenda-em-maringa-nesta-sexta-feira-24\/#breadcrumb"},"inLanguage":"pt-BR","potentialAction":[{"@type":"ReadAction","target":["https:\/\/soldadoadrianojose.com.br\/index.php\/2023\/03\/24\/deputado-soldado-adriano-jose-acompanha-governador-ratinho-junior-e-cumpre-agenda-em-maringa-nesta-sexta-feira-24\/"]}]},{"@type":"ImageObject","inLanguage":"pt-BR","@id":"https:\/\/soldadoadrianojose.com.br\/index.php\/2023\/03\/24\/deputado-soldado-adriano-jose-acompanha-governador-ratinho-junior-e-cumpre-agenda-em-maringa-nesta-sexta-feira-24\/#primaryimage","url":"https:\/\/soldadoadrianojose.com.br\/wp-content\/uploads\/2023\/03\/WhatsApp-Image-2023-03-24-at-10.17.20-1.jpeg","contentUrl":"https:\/\/soldadoadrianojose.com.br\/wp-content\/uploads\/2023\/03\/WhatsApp-Image-2023-03-24-at-10.17.20-1.jpeg","width":521,"height":522},{"@type":"BreadcrumbList","@id":"https:\/\/soldadoadrianojose.com.br\/index.php\/2023\/03\/24\/deputado-soldado-adriano-jose-acompanha-governador-ratinho-junior-e-cumpre-agenda-em-maringa-nesta-sexta-feira-24\/#breadcrumb","itemListElement":[{"@type":"ListItem","position":1,"name":"In\u00edcio","item":"https:\/\/soldadoadrianojose.com.br\/"},{"@type":"ListItem","position":2,"name":"Deputado Soldado Adriano Jos\u00e9 acompanha Governador Ratinho J\u00fanior e cumpre agenda em Maring\u00e1 nesta sexta-feira, 24"}]},{"@type":"WebSite","@id":"https:\/\/soldadoadrianojose.com.br\/#website","url":"https:\/\/soldadoadrianojose.com.br\/","name":"Deputado Adriano Jos\u00e9","description":"Nosso trabalho \u00e9 pelas pessoas","publisher":{"@id":"https:\/\/soldadoadrianojose.com.br\/#\/schema\/person\/16f8e8defb7a4bd6c6082efcd1bdb6bb"},"potentialAction":[{"@type":"SearchAction","target":{"@type":"EntryPoint","urlTemplate":"https:\/\/soldadoadrianojose.com.br\/?s={search_term_string}"},"query-input":{"@type":"PropertyValueSpecification","valueRequired":true,"valueName":"search_term_string"}}],"inLanguage":"pt-BR"},{"@type":["Person","Organization"],"@id":"https:\/\/soldadoadrianojose.com.br\/#\/schema\/person\/16f8e8defb7a4bd6c6082efcd1bdb6bb","name":"soldadoadrianojose","image":{"@type":"ImageObject","inLanguage":"pt-BR","@id":"https:\/\/soldadoadrianojose.com.br\/wp-content\/uploads\/2023\/02\/LOGO_CLEAR-5.png","url":"https:\/\/soldadoadrianojose.com.br\/wp-content\/uploads\/2023\/02\/LOGO_CLEAR-5.png","contentUrl":"https:\/\/soldadoadrianojose.com.br\/wp-content\/uploads\/2023\/02\/LOGO_CLEAR-5.png","width":3508,"height":998,"caption":"soldadoadrianojose"},"logo":{"@id":"https:\/\/soldadoadrianojose.com.br\/wp-content\/uploads\/2023\/02\/LOGO_CLEAR-5.png"},"sameAs":["https:\/\/soldadoadrianojose.com.br"],"url":"https:\/\/soldadoadrianojose.com.br\/index.php\/author\/soldadoadrianojose\/"}]}},"jetpack_featured_media_url":"https:\/\/soldadoadrianojose.com.br\/wp-content\/uploads\/2023\/03\/WhatsApp-Image-2023-03-24-at-10.17.20-1.jpeg","_links":{"self":[{"href":"https:\/\/soldadoadrianojose.com.br\/index.php\/wp-json\/wp\/v2\/posts\/635","targetHints":{"allow":["GET"]}}],"collection":[{"href":"https:\/\/soldadoadrianojose.com.br\/index.php\/wp-json\/wp\/v2\/posts"}],"about":[{"href":"https:\/\/soldadoadrianojose.com.br\/index.php\/wp-json\/wp\/v2\/types\/post"}],"author":[{"embeddable":true,"href":"https:\/\/soldadoadrianojose.com.br\/index.php\/wp-json\/wp\/v2\/users\/1"}],"replies":[{"embeddable":true,"href":"https:\/\/soldadoadrianojose.com.br\/index.php\/wp-json\/wp\/v2\/comments?post=635"}],"version-history":[{"count":1,"href":"https:\/\/soldadoadrianojose.com.br\/index.php\/wp-json\/wp\/v2\/posts\/635\/revisions"}],"predecessor-version":[{"id":638,"href":"https:\/\/soldadoadrianojose.com.br\/index.php\/wp-json\/wp\/v2\/posts\/635\/revisions\/638"}],"wp:featuredmedia":[{"embeddable":true,"href":"https:\/\/soldadoadrianojose.com.br\/index.php\/wp-json\/wp\/v2\/media\/637"}],"wp:attachment":[{"href":"https:\/\/soldadoadrianojose.com.br\/index.php\/wp-json\/wp\/v2\/media?parent=635"}],"wp:term":[{"taxonomy":"category","embeddable":true,"href":"https:\/\/soldadoadrianojose.com.br\/index.php\/wp-json\/wp\/v2\/categories?post=635"},{"taxonomy":"post_tag","embeddable":true,"href":"https:\/\/soldadoadrianojose.com.br\/index.php\/wp-json\/wp\/v2\/tags?post=635"}],"curies":[{"name":"wp","href":"https:\/\/api.w.org\/{rel}","templated":true}]}}