{"id":657,"date":"2023-03-24T13:16:46","date_gmt":"2023-03-24T16:16:46","guid":{"rendered":"https:\/\/soldadoadrianojose.com.br\/?p=657"},"modified":"2023-03-24T13:20:07","modified_gmt":"2023-03-24T16:20:07","slug":"deputado-estadual-soldado-adriano-jose-participa-de-reuniao-mensal-da-amusep-em-maringa","status":"publish","type":"post","link":"https:\/\/soldadoadrianojose.com.br\/index.php\/2023\/03\/24\/deputado-estadual-soldado-adriano-jose-participa-de-reuniao-mensal-da-amusep-em-maringa\/","title":{"rendered":"Deputado Estadual Soldado Adriano Jos\u00e9 participa de reuni\u00e3o mensal da AMUSEP em Maring\u00e1."},"content":{"rendered":"\n<p>Na manh\u00e3 de hoje, o Deputado Estadual Soldado Adriano participou da reuni\u00e3o mensal da Associa\u00e7\u00e3o dos Munic\u00edpios do Setentri\u00e3o Paranaense.<\/p>\n\n\n\n<div class=\"wp-block-columns is-layout-flex wp-container-core-columns-is-layout-28f84493 wp-block-columns-is-layout-flex\">\n<div class=\"wp-block-column is-layout-flow wp-block-column-is-layout-flow\" style=\"flex-basis:100%\">\n<figure class=\"wp-block-gallery has-nested-images columns-default is-cropped wp-block-gallery-1 is-layout-flex wp-block-gallery-is-layout-flex\">\n<figure class=\"wp-block-image size-large\"><img fetchpriority=\"high\" decoding=\"async\" width=\"1024\" height=\"682\" data-id=\"658\" src=\"https:\/\/soldadoadrianojose.com.br\/wp-content\/uploads\/2023\/03\/WhatsApp-Image-2023-03-24-at-09.29.25-1024x682.jpeg\" alt=\"\" class=\"wp-image-658\" srcset=\"https:\/\/soldadoadrianojose.com.br\/wp-content\/uploads\/2023\/03\/WhatsApp-Image-2023-03-24-at-09.29.25-1024x682.jpeg 1024w, https:\/\/soldadoadrianojose.com.br\/wp-content\/uploads\/2023\/03\/WhatsApp-Image-2023-03-24-at-09.29.25-300x200.jpeg 300w, https:\/\/soldadoadrianojose.com.br\/wp-content\/uploads\/2023\/03\/WhatsApp-Image-2023-03-24-at-09.29.25-768x512.jpeg 768w, https:\/\/soldadoadrianojose.com.br\/wp-content\/uploads\/2023\/03\/WhatsApp-Image-2023-03-24-at-09.29.25-1536x1023.jpeg 1536w, https:\/\/soldadoadrianojose.com.br\/wp-content\/uploads\/2023\/03\/WhatsApp-Image-2023-03-24-at-09.29.25.jpeg 1600w\" sizes=\"(max-width: 1024px) 100vw, 1024px\" \/><figcaption class=\"wp-element-caption\">Foto: Wallace Machado<\/figcaption><\/figure>\n\n\n\n<figure class=\"wp-block-image size-large\"><img decoding=\"async\" width=\"1024\" height=\"682\" data-id=\"660\" src=\"https:\/\/soldadoadrianojose.com.br\/wp-content\/uploads\/2023\/03\/WhatsApp-Image-2023-03-24-at-09.43.20-1024x682.jpeg\" alt=\"\" class=\"wp-image-660\" srcset=\"https:\/\/soldadoadrianojose.com.br\/wp-content\/uploads\/2023\/03\/WhatsApp-Image-2023-03-24-at-09.43.20-1024x682.jpeg 1024w, https:\/\/soldadoadrianojose.com.br\/wp-content\/uploads\/2023\/03\/WhatsApp-Image-2023-03-24-at-09.43.20-300x200.jpeg 300w, https:\/\/soldadoadrianojose.com.br\/wp-content\/uploads\/2023\/03\/WhatsApp-Image-2023-03-24-at-09.43.20-768x512.jpeg 768w, https:\/\/soldadoadrianojose.com.br\/wp-content\/uploads\/2023\/03\/WhatsApp-Image-2023-03-24-at-09.43.20-1536x1023.jpeg 1536w, https:\/\/soldadoadrianojose.com.br\/wp-content\/uploads\/2023\/03\/WhatsApp-Image-2023-03-24-at-09.43.20.jpeg 1600w\" sizes=\"(max-width: 1024px) 100vw, 1024px\" \/><figcaption class=\"wp-element-caption\">Foto: Wallace Machado<\/figcaption><\/figure>\n<\/figure>\n<\/div>\n<\/div>\n\n\n\n<p>O encontro foi realizado na sede da Amusep, em Maring\u00e1 e contou com a presen\u00e7a do arcebispo metropolitano de Maring\u00e1, dom Frei Severino Clasen, do prefeito Ulisses Maia, do secret\u00e1rio de Estado do Planejamento Guto Silva, dos deputados estaduais Do Carmo, Alexandre Curi, v\u00e1rios prefeitos e demais autoridades.<\/p>\n\n\n\n<p>Na oportunidade foram debatidos temas importantes para ampliar os servi\u00e7os prestados \u00e0 comunidade, pautas de car\u00e1ter regional e alinhamento com o Governo Estadual.<\/p>\n\n\n\n<figure class=\"wp-block-image size-large is-resized\"><img decoding=\"async\" src=\"https:\/\/soldadoadrianojose.com.br\/wp-content\/uploads\/2023\/03\/WhatsApp-Image-2023-03-24-at-09.29.45-682x1024.jpeg\" alt=\"\" class=\"wp-image-663\" width=\"217\" height=\"326\" srcset=\"https:\/\/soldadoadrianojose.com.br\/wp-content\/uploads\/2023\/03\/WhatsApp-Image-2023-03-24-at-09.29.45-682x1024.jpeg 682w, https:\/\/soldadoadrianojose.com.br\/wp-content\/uploads\/2023\/03\/WhatsApp-Image-2023-03-24-at-09.29.45-200x300.jpeg 200w, https:\/\/soldadoadrianojose.com.br\/wp-content\/uploads\/2023\/03\/WhatsApp-Image-2023-03-24-at-09.29.45-768x1153.jpeg 768w, https:\/\/soldadoadrianojose.com.br\/wp-content\/uploads\/2023\/03\/WhatsApp-Image-2023-03-24-at-09.29.45-1023x1536.jpeg 1023w, https:\/\/soldadoadrianojose.com.br\/wp-content\/uploads\/2023\/03\/WhatsApp-Image-2023-03-24-at-09.29.45.jpeg 1066w\" sizes=\"(max-width: 217px) 100vw, 217px\" \/><\/figure>\n\n\n\n<p>O Deputado frisa \u201ca import\u00e2ncia de estreitar la\u00e7os com o Governo Estadual, para que se possa ampliar os servi\u00e7os prestados \u00e0 comunidade relacionados a todos os programas e projetos desta gest\u00e3o estadual, atrav\u00e9s da forte parceria e olhar atento do governador Ratinho Jr.\u201d<\/p>\n","protected":false},"excerpt":{"rendered":"<p>Na manh\u00e3 de hoje, o Deputado Estadual Soldado Adriano participou da reuni\u00e3o mensal da Associa\u00e7\u00e3o dos Munic\u00edpios do Setentri\u00e3o Paranaense. O encontro foi realizado na sede da Amusep, em Maring\u00e1 e contou com a presen\u00e7a do arcebispo metropolitano de Maring\u00e1, dom Frei Severino Clasen, do prefeito Ulisses Maia, do secret\u00e1rio de Estado do Planejamento Guto [&hellip;]<\/p>\n","protected":false},"author":1,"featured_media":658,"comment_status":"open","ping_status":"open","sticky":false,"template":"","format":"standard","meta":{"footnotes":""},"categories":[1,5],"tags":[],"class_list":["post-657","post","type-post","status-publish","format-standard","has-post-thumbnail","hentry","category-gabinete-sd","category-parana"],"yoast_head":"<!-- This site is optimized with the Yoast SEO plugin v27.4 - https:\/\/yoast.com\/product\/yoast-seo-wordpress\/ -->\n<title>Deputado Estadual Soldado Adriano Jos\u00e9 participa de reuni\u00e3o mensal da AMUSEP em Maring\u00e1. - Deputado Adriano Jos\u00e9<\/title>\n<meta name=\"robots\" content=\"index, follow, max-snippet:-1, max-image-preview:large, max-video-preview:-1\" \/>\n<link rel=\"canonical\" href=\"https:\/\/soldadoadrianojose.com.br\/index.php\/2023\/03\/24\/deputado-estadual-soldado-adriano-jose-participa-de-reuniao-mensal-da-amusep-em-maringa\/\" \/>\n<meta property=\"og:locale\" content=\"pt_BR\" \/>\n<meta property=\"og:type\" content=\"article\" \/>\n<meta property=\"og:title\" content=\"Deputado Estadual Soldado Adriano Jos\u00e9 participa de reuni\u00e3o mensal da AMUSEP em Maring\u00e1. - Deputado Adriano Jos\u00e9\" \/>\n<meta property=\"og:description\" content=\"Na manh\u00e3 de hoje, o Deputado Estadual Soldado Adriano participou da reuni\u00e3o mensal da Associa\u00e7\u00e3o dos Munic\u00edpios do Setentri\u00e3o Paranaense. O encontro foi realizado na sede da Amusep, em Maring\u00e1 e contou com a presen\u00e7a do arcebispo metropolitano de Maring\u00e1, dom Frei Severino Clasen, do prefeito Ulisses Maia, do secret\u00e1rio de Estado do Planejamento Guto [&hellip;]\" \/>\n<meta property=\"og:url\" content=\"https:\/\/soldadoadrianojose.com.br\/index.php\/2023\/03\/24\/deputado-estadual-soldado-adriano-jose-participa-de-reuniao-mensal-da-amusep-em-maringa\/\" \/>\n<meta property=\"og:site_name\" content=\"Deputado Adriano Jos\u00e9\" \/>\n<meta property=\"article:published_time\" content=\"2023-03-24T16:16:46+00:00\" \/>\n<meta property=\"article:modified_time\" content=\"2023-03-24T16:20:07+00:00\" \/>\n<meta property=\"og:image\" content=\"https:\/\/soldadoadrianojose.com.br\/wp-content\/uploads\/2023\/03\/WhatsApp-Image-2023-03-24-at-09.29.25.jpeg\" \/>\n\t<meta property=\"og:image:width\" content=\"1600\" \/>\n\t<meta property=\"og:image:height\" content=\"1066\" \/>\n\t<meta property=\"og:image:type\" content=\"image\/jpeg\" \/>\n<meta name=\"author\" content=\"soldadoadrianojose\" \/>\n<meta name=\"twitter:card\" content=\"summary_large_image\" \/>\n<meta name=\"twitter:label1\" content=\"Escrito por\" \/>\n\t<meta name=\"twitter:data1\" content=\"soldadoadrianojose\" \/>\n\t<meta name=\"twitter:label2\" content=\"Est. tempo de leitura\" \/>\n\t<meta name=\"twitter:data2\" content=\"2 minutos\" \/>\n<script type=\"application\/ld+json\" class=\"yoast-schema-graph\">{\"@context\":\"https:\\\/\\\/schema.org\",\"@graph\":[{\"@type\":\"Article\",\"@id\":\"https:\\\/\\\/soldadoadrianojose.com.br\\\/index.php\\\/2023\\\/03\\\/24\\\/deputado-estadual-soldado-adriano-jose-participa-de-reuniao-mensal-da-amusep-em-maringa\\\/#article\",\"isPartOf\":{\"@id\":\"https:\\\/\\\/soldadoadrianojose.com.br\\\/index.php\\\/2023\\\/03\\\/24\\\/deputado-estadual-soldado-adriano-jose-participa-de-reuniao-mensal-da-amusep-em-maringa\\\/\"},\"author\":{\"name\":\"soldadoadrianojose\",\"@id\":\"https:\\\/\\\/soldadoadrianojose.com.br\\\/#\\\/schema\\\/person\\\/16f8e8defb7a4bd6c6082efcd1bdb6bb\"},\"headline\":\"Deputado Estadual Soldado Adriano Jos\u00e9 participa de reuni\u00e3o mensal da AMUSEP em Maring\u00e1.\",\"datePublished\":\"2023-03-24T16:16:46+00:00\",\"dateModified\":\"2023-03-24T16:20:07+00:00\",\"mainEntityOfPage\":{\"@id\":\"https:\\\/\\\/soldadoadrianojose.com.br\\\/index.php\\\/2023\\\/03\\\/24\\\/deputado-estadual-soldado-adriano-jose-participa-de-reuniao-mensal-da-amusep-em-maringa\\\/\"},\"wordCount\":166,\"commentCount\":0,\"publisher\":{\"@id\":\"https:\\\/\\\/soldadoadrianojose.com.br\\\/#\\\/schema\\\/person\\\/16f8e8defb7a4bd6c6082efcd1bdb6bb\"},\"image\":{\"@id\":\"https:\\\/\\\/soldadoadrianojose.com.br\\\/index.php\\\/2023\\\/03\\\/24\\\/deputado-estadual-soldado-adriano-jose-participa-de-reuniao-mensal-da-amusep-em-maringa\\\/#primaryimage\"},\"thumbnailUrl\":\"https:\\\/\\\/soldadoadrianojose.com.br\\\/wp-content\\\/uploads\\\/2023\\\/03\\\/WhatsApp-Image-2023-03-24-at-09.29.25.jpeg\",\"articleSection\":[\"GABINETE SD\",\"PARAN\u00c1\"],\"inLanguage\":\"pt-BR\",\"potentialAction\":[{\"@type\":\"CommentAction\",\"name\":\"Comment\",\"target\":[\"https:\\\/\\\/soldadoadrianojose.com.br\\\/index.php\\\/2023\\\/03\\\/24\\\/deputado-estadual-soldado-adriano-jose-participa-de-reuniao-mensal-da-amusep-em-maringa\\\/#respond\"]}]},{\"@type\":\"WebPage\",\"@id\":\"https:\\\/\\\/soldadoadrianojose.com.br\\\/index.php\\\/2023\\\/03\\\/24\\\/deputado-estadual-soldado-adriano-jose-participa-de-reuniao-mensal-da-amusep-em-maringa\\\/\",\"url\":\"https:\\\/\\\/soldadoadrianojose.com.br\\\/index.php\\\/2023\\\/03\\\/24\\\/deputado-estadual-soldado-adriano-jose-participa-de-reuniao-mensal-da-amusep-em-maringa\\\/\",\"name\":\"Deputado Estadual Soldado Adriano Jos\u00e9 participa de reuni\u00e3o mensal da AMUSEP em Maring\u00e1. - Deputado Adriano Jos\u00e9\",\"isPartOf\":{\"@id\":\"https:\\\/\\\/soldadoadrianojose.com.br\\\/#website\"},\"primaryImageOfPage\":{\"@id\":\"https:\\\/\\\/soldadoadrianojose.com.br\\\/index.php\\\/2023\\\/03\\\/24\\\/deputado-estadual-soldado-adriano-jose-participa-de-reuniao-mensal-da-amusep-em-maringa\\\/#primaryimage\"},\"image\":{\"@id\":\"https:\\\/\\\/soldadoadrianojose.com.br\\\/index.php\\\/2023\\\/03\\\/24\\\/deputado-estadual-soldado-adriano-jose-participa-de-reuniao-mensal-da-amusep-em-maringa\\\/#primaryimage\"},\"thumbnailUrl\":\"https:\\\/\\\/soldadoadrianojose.com.br\\\/wp-content\\\/uploads\\\/2023\\\/03\\\/WhatsApp-Image-2023-03-24-at-09.29.25.jpeg\",\"datePublished\":\"2023-03-24T16:16:46+00:00\",\"dateModified\":\"2023-03-24T16:20:07+00:00\",\"breadcrumb\":{\"@id\":\"https:\\\/\\\/soldadoadrianojose.com.br\\\/index.php\\\/2023\\\/03\\\/24\\\/deputado-estadual-soldado-adriano-jose-participa-de-reuniao-mensal-da-amusep-em-maringa\\\/#breadcrumb\"},\"inLanguage\":\"pt-BR\",\"potentialAction\":[{\"@type\":\"ReadAction\",\"target\":[\"https:\\\/\\\/soldadoadrianojose.com.br\\\/index.php\\\/2023\\\/03\\\/24\\\/deputado-estadual-soldado-adriano-jose-participa-de-reuniao-mensal-da-amusep-em-maringa\\\/\"]}]},{\"@type\":\"ImageObject\",\"inLanguage\":\"pt-BR\",\"@id\":\"https:\\\/\\\/soldadoadrianojose.com.br\\\/index.php\\\/2023\\\/03\\\/24\\\/deputado-estadual-soldado-adriano-jose-participa-de-reuniao-mensal-da-amusep-em-maringa\\\/#primaryimage\",\"url\":\"https:\\\/\\\/soldadoadrianojose.com.br\\\/wp-content\\\/uploads\\\/2023\\\/03\\\/WhatsApp-Image-2023-03-24-at-09.29.25.jpeg\",\"contentUrl\":\"https:\\\/\\\/soldadoadrianojose.com.br\\\/wp-content\\\/uploads\\\/2023\\\/03\\\/WhatsApp-Image-2023-03-24-at-09.29.25.jpeg\",\"width\":1600,\"height\":1066},{\"@type\":\"BreadcrumbList\",\"@id\":\"https:\\\/\\\/soldadoadrianojose.com.br\\\/index.php\\\/2023\\\/03\\\/24\\\/deputado-estadual-soldado-adriano-jose-participa-de-reuniao-mensal-da-amusep-em-maringa\\\/#breadcrumb\",\"itemListElement\":[{\"@type\":\"ListItem\",\"position\":1,\"name\":\"In\u00edcio\",\"item\":\"https:\\\/\\\/soldadoadrianojose.com.br\\\/\"},{\"@type\":\"ListItem\",\"position\":2,\"name\":\"Deputado Estadual Soldado Adriano Jos\u00e9 participa de reuni\u00e3o mensal da AMUSEP em Maring\u00e1.\"}]},{\"@type\":\"WebSite\",\"@id\":\"https:\\\/\\\/soldadoadrianojose.com.br\\\/#website\",\"url\":\"https:\\\/\\\/soldadoadrianojose.com.br\\\/\",\"name\":\"Deputado Adriano Jos\u00e9\",\"description\":\"Nosso trabalho \u00e9 pelas pessoas\",\"publisher\":{\"@id\":\"https:\\\/\\\/soldadoadrianojose.com.br\\\/#\\\/schema\\\/person\\\/16f8e8defb7a4bd6c6082efcd1bdb6bb\"},\"potentialAction\":[{\"@type\":\"SearchAction\",\"target\":{\"@type\":\"EntryPoint\",\"urlTemplate\":\"https:\\\/\\\/soldadoadrianojose.com.br\\\/?s={search_term_string}\"},\"query-input\":{\"@type\":\"PropertyValueSpecification\",\"valueRequired\":true,\"valueName\":\"search_term_string\"}}],\"inLanguage\":\"pt-BR\"},{\"@type\":[\"Person\",\"Organization\"],\"@id\":\"https:\\\/\\\/soldadoadrianojose.com.br\\\/#\\\/schema\\\/person\\\/16f8e8defb7a4bd6c6082efcd1bdb6bb\",\"name\":\"soldadoadrianojose\",\"image\":{\"@type\":\"ImageObject\",\"inLanguage\":\"pt-BR\",\"@id\":\"https:\\\/\\\/soldadoadrianojose.com.br\\\/wp-content\\\/uploads\\\/2023\\\/02\\\/LOGO_CLEAR-5.png\",\"url\":\"https:\\\/\\\/soldadoadrianojose.com.br\\\/wp-content\\\/uploads\\\/2023\\\/02\\\/LOGO_CLEAR-5.png\",\"contentUrl\":\"https:\\\/\\\/soldadoadrianojose.com.br\\\/wp-content\\\/uploads\\\/2023\\\/02\\\/LOGO_CLEAR-5.png\",\"width\":3508,\"height\":998,\"caption\":\"soldadoadrianojose\"},\"logo\":{\"@id\":\"https:\\\/\\\/soldadoadrianojose.com.br\\\/wp-content\\\/uploads\\\/2023\\\/02\\\/LOGO_CLEAR-5.png\"},\"sameAs\":[\"https:\\\/\\\/soldadoadrianojose.com.br\"],\"url\":\"https:\\\/\\\/soldadoadrianojose.com.br\\\/index.php\\\/author\\\/soldadoadrianojose\\\/\"}]}<\/script>\n<!-- \/ Yoast SEO plugin. -->","yoast_head_json":{"title":"Deputado Estadual Soldado Adriano Jos\u00e9 participa de reuni\u00e3o mensal da AMUSEP em Maring\u00e1. - Deputado Adriano Jos\u00e9","robots":{"index":"index","follow":"follow","max-snippet":"max-snippet:-1","max-image-preview":"max-image-preview:large","max-video-preview":"max-video-preview:-1"},"canonical":"https:\/\/soldadoadrianojose.com.br\/index.php\/2023\/03\/24\/deputado-estadual-soldado-adriano-jose-participa-de-reuniao-mensal-da-amusep-em-maringa\/","og_locale":"pt_BR","og_type":"article","og_title":"Deputado Estadual Soldado Adriano Jos\u00e9 participa de reuni\u00e3o mensal da AMUSEP em Maring\u00e1. - Deputado Adriano Jos\u00e9","og_description":"Na manh\u00e3 de hoje, o Deputado Estadual Soldado Adriano participou da reuni\u00e3o mensal da Associa\u00e7\u00e3o dos Munic\u00edpios do Setentri\u00e3o Paranaense. O encontro foi realizado na sede da Amusep, em Maring\u00e1 e contou com a presen\u00e7a do arcebispo metropolitano de Maring\u00e1, dom Frei Severino Clasen, do prefeito Ulisses Maia, do secret\u00e1rio de Estado do Planejamento Guto [&hellip;]","og_url":"https:\/\/soldadoadrianojose.com.br\/index.php\/2023\/03\/24\/deputado-estadual-soldado-adriano-jose-participa-de-reuniao-mensal-da-amusep-em-maringa\/","og_site_name":"Deputado Adriano Jos\u00e9","article_published_time":"2023-03-24T16:16:46+00:00","article_modified_time":"2023-03-24T16:20:07+00:00","og_image":[{"width":1600,"height":1066,"url":"https:\/\/soldadoadrianojose.com.br\/wp-content\/uploads\/2023\/03\/WhatsApp-Image-2023-03-24-at-09.29.25.jpeg","type":"image\/jpeg"}],"author":"soldadoadrianojose","twitter_card":"summary_large_image","twitter_misc":{"Escrito por":"soldadoadrianojose","Est. tempo de leitura":"2 minutos"},"schema":{"@context":"https:\/\/schema.org","@graph":[{"@type":"Article","@id":"https:\/\/soldadoadrianojose.com.br\/index.php\/2023\/03\/24\/deputado-estadual-soldado-adriano-jose-participa-de-reuniao-mensal-da-amusep-em-maringa\/#article","isPartOf":{"@id":"https:\/\/soldadoadrianojose.com.br\/index.php\/2023\/03\/24\/deputado-estadual-soldado-adriano-jose-participa-de-reuniao-mensal-da-amusep-em-maringa\/"},"author":{"name":"soldadoadrianojose","@id":"https:\/\/soldadoadrianojose.com.br\/#\/schema\/person\/16f8e8defb7a4bd6c6082efcd1bdb6bb"},"headline":"Deputado Estadual Soldado Adriano Jos\u00e9 participa de reuni\u00e3o mensal da AMUSEP em Maring\u00e1.","datePublished":"2023-03-24T16:16:46+00:00","dateModified":"2023-03-24T16:20:07+00:00","mainEntityOfPage":{"@id":"https:\/\/soldadoadrianojose.com.br\/index.php\/2023\/03\/24\/deputado-estadual-soldado-adriano-jose-participa-de-reuniao-mensal-da-amusep-em-maringa\/"},"wordCount":166,"commentCount":0,"publisher":{"@id":"https:\/\/soldadoadrianojose.com.br\/#\/schema\/person\/16f8e8defb7a4bd6c6082efcd1bdb6bb"},"image":{"@id":"https:\/\/soldadoadrianojose.com.br\/index.php\/2023\/03\/24\/deputado-estadual-soldado-adriano-jose-participa-de-reuniao-mensal-da-amusep-em-maringa\/#primaryimage"},"thumbnailUrl":"https:\/\/soldadoadrianojose.com.br\/wp-content\/uploads\/2023\/03\/WhatsApp-Image-2023-03-24-at-09.29.25.jpeg","articleSection":["GABINETE SD","PARAN\u00c1"],"inLanguage":"pt-BR","potentialAction":[{"@type":"CommentAction","name":"Comment","target":["https:\/\/soldadoadrianojose.com.br\/index.php\/2023\/03\/24\/deputado-estadual-soldado-adriano-jose-participa-de-reuniao-mensal-da-amusep-em-maringa\/#respond"]}]},{"@type":"WebPage","@id":"https:\/\/soldadoadrianojose.com.br\/index.php\/2023\/03\/24\/deputado-estadual-soldado-adriano-jose-participa-de-reuniao-mensal-da-amusep-em-maringa\/","url":"https:\/\/soldadoadrianojose.com.br\/index.php\/2023\/03\/24\/deputado-estadual-soldado-adriano-jose-participa-de-reuniao-mensal-da-amusep-em-maringa\/","name":"Deputado Estadual Soldado Adriano Jos\u00e9 participa de reuni\u00e3o mensal da AMUSEP em Maring\u00e1. - Deputado Adriano Jos\u00e9","isPartOf":{"@id":"https:\/\/soldadoadrianojose.com.br\/#website"},"primaryImageOfPage":{"@id":"https:\/\/soldadoadrianojose.com.br\/index.php\/2023\/03\/24\/deputado-estadual-soldado-adriano-jose-participa-de-reuniao-mensal-da-amusep-em-maringa\/#primaryimage"},"image":{"@id":"https:\/\/soldadoadrianojose.com.br\/index.php\/2023\/03\/24\/deputado-estadual-soldado-adriano-jose-participa-de-reuniao-mensal-da-amusep-em-maringa\/#primaryimage"},"thumbnailUrl":"https:\/\/soldadoadrianojose.com.br\/wp-content\/uploads\/2023\/03\/WhatsApp-Image-2023-03-24-at-09.29.25.jpeg","datePublished":"2023-03-24T16:16:46+00:00","dateModified":"2023-03-24T16:20:07+00:00","breadcrumb":{"@id":"https:\/\/soldadoadrianojose.com.br\/index.php\/2023\/03\/24\/deputado-estadual-soldado-adriano-jose-participa-de-reuniao-mensal-da-amusep-em-maringa\/#breadcrumb"},"inLanguage":"pt-BR","potentialAction":[{"@type":"ReadAction","target":["https:\/\/soldadoadrianojose.com.br\/index.php\/2023\/03\/24\/deputado-estadual-soldado-adriano-jose-participa-de-reuniao-mensal-da-amusep-em-maringa\/"]}]},{"@type":"ImageObject","inLanguage":"pt-BR","@id":"https:\/\/soldadoadrianojose.com.br\/index.php\/2023\/03\/24\/deputado-estadual-soldado-adriano-jose-participa-de-reuniao-mensal-da-amusep-em-maringa\/#primaryimage","url":"https:\/\/soldadoadrianojose.com.br\/wp-content\/uploads\/2023\/03\/WhatsApp-Image-2023-03-24-at-09.29.25.jpeg","contentUrl":"https:\/\/soldadoadrianojose.com.br\/wp-content\/uploads\/2023\/03\/WhatsApp-Image-2023-03-24-at-09.29.25.jpeg","width":1600,"height":1066},{"@type":"BreadcrumbList","@id":"https:\/\/soldadoadrianojose.com.br\/index.php\/2023\/03\/24\/deputado-estadual-soldado-adriano-jose-participa-de-reuniao-mensal-da-amusep-em-maringa\/#breadcrumb","itemListElement":[{"@type":"ListItem","position":1,"name":"In\u00edcio","item":"https:\/\/soldadoadrianojose.com.br\/"},{"@type":"ListItem","position":2,"name":"Deputado Estadual Soldado Adriano Jos\u00e9 participa de reuni\u00e3o mensal da AMUSEP em Maring\u00e1."}]},{"@type":"WebSite","@id":"https:\/\/soldadoadrianojose.com.br\/#website","url":"https:\/\/soldadoadrianojose.com.br\/","name":"Deputado Adriano Jos\u00e9","description":"Nosso trabalho \u00e9 pelas pessoas","publisher":{"@id":"https:\/\/soldadoadrianojose.com.br\/#\/schema\/person\/16f8e8defb7a4bd6c6082efcd1bdb6bb"},"potentialAction":[{"@type":"SearchAction","target":{"@type":"EntryPoint","urlTemplate":"https:\/\/soldadoadrianojose.com.br\/?s={search_term_string}"},"query-input":{"@type":"PropertyValueSpecification","valueRequired":true,"valueName":"search_term_string"}}],"inLanguage":"pt-BR"},{"@type":["Person","Organization"],"@id":"https:\/\/soldadoadrianojose.com.br\/#\/schema\/person\/16f8e8defb7a4bd6c6082efcd1bdb6bb","name":"soldadoadrianojose","image":{"@type":"ImageObject","inLanguage":"pt-BR","@id":"https:\/\/soldadoadrianojose.com.br\/wp-content\/uploads\/2023\/02\/LOGO_CLEAR-5.png","url":"https:\/\/soldadoadrianojose.com.br\/wp-content\/uploads\/2023\/02\/LOGO_CLEAR-5.png","contentUrl":"https:\/\/soldadoadrianojose.com.br\/wp-content\/uploads\/2023\/02\/LOGO_CLEAR-5.png","width":3508,"height":998,"caption":"soldadoadrianojose"},"logo":{"@id":"https:\/\/soldadoadrianojose.com.br\/wp-content\/uploads\/2023\/02\/LOGO_CLEAR-5.png"},"sameAs":["https:\/\/soldadoadrianojose.com.br"],"url":"https:\/\/soldadoadrianojose.com.br\/index.php\/author\/soldadoadrianojose\/"}]}},"jetpack_featured_media_url":"https:\/\/soldadoadrianojose.com.br\/wp-content\/uploads\/2023\/03\/WhatsApp-Image-2023-03-24-at-09.29.25.jpeg","_links":{"self":[{"href":"https:\/\/soldadoadrianojose.com.br\/index.php\/wp-json\/wp\/v2\/posts\/657","targetHints":{"allow":["GET"]}}],"collection":[{"href":"https:\/\/soldadoadrianojose.com.br\/index.php\/wp-json\/wp\/v2\/posts"}],"about":[{"href":"https:\/\/soldadoadrianojose.com.br\/index.php\/wp-json\/wp\/v2\/types\/post"}],"author":[{"embeddable":true,"href":"https:\/\/soldadoadrianojose.com.br\/index.php\/wp-json\/wp\/v2\/users\/1"}],"replies":[{"embeddable":true,"href":"https:\/\/soldadoadrianojose.com.br\/index.php\/wp-json\/wp\/v2\/comments?post=657"}],"version-history":[{"count":4,"href":"https:\/\/soldadoadrianojose.com.br\/index.php\/wp-json\/wp\/v2\/posts\/657\/revisions"}],"predecessor-version":[{"id":666,"href":"https:\/\/soldadoadrianojose.com.br\/index.php\/wp-json\/wp\/v2\/posts\/657\/revisions\/666"}],"wp:featuredmedia":[{"embeddable":true,"href":"https:\/\/soldadoadrianojose.com.br\/index.php\/wp-json\/wp\/v2\/media\/658"}],"wp:attachment":[{"href":"https:\/\/soldadoadrianojose.com.br\/index.php\/wp-json\/wp\/v2\/media?parent=657"}],"wp:term":[{"taxonomy":"category","embeddable":true,"href":"https:\/\/soldadoadrianojose.com.br\/index.php\/wp-json\/wp\/v2\/categories?post=657"},{"taxonomy":"post_tag","embeddable":true,"href":"https:\/\/soldadoadrianojose.com.br\/index.php\/wp-json\/wp\/v2\/tags?post=657"}],"curies":[{"name":"wp","href":"https:\/\/api.w.org\/{rel}","templated":true}]}}