{"id":667,"date":"2023-03-25T10:46:33","date_gmt":"2023-03-25T13:46:33","guid":{"rendered":"https:\/\/soldadoadrianojose.com.br\/?p=667"},"modified":"2023-03-25T10:46:37","modified_gmt":"2023-03-25T13:46:37","slug":"governador-carlos-massa-ratinho-junior-assina-ordem-de-servico-para-inicio-de-obras-na-regiao-de-maringa","status":"publish","type":"post","link":"https:\/\/soldadoadrianojose.com.br\/index.php\/2023\/03\/25\/governador-carlos-massa-ratinho-junior-assina-ordem-de-servico-para-inicio-de-obras-na-regiao-de-maringa\/","title":{"rendered":"Governador Carlos Massa Ratinho J\u00fanior assina ordem de servi\u00e7o para in\u00edcio de obras na regi\u00e3o de Maring\u00e1."},"content":{"rendered":"\n<figure class=\"wp-block-image size-large\"><img fetchpriority=\"high\" decoding=\"async\" width=\"1024\" height=\"682\" src=\"https:\/\/soldadoadrianojose.com.br\/wp-content\/uploads\/2023\/03\/sd_mga-1024x682.jpg\" alt=\"\" class=\"wp-image-668\" srcset=\"https:\/\/soldadoadrianojose.com.br\/wp-content\/uploads\/2023\/03\/sd_mga-1024x682.jpg 1024w, https:\/\/soldadoadrianojose.com.br\/wp-content\/uploads\/2023\/03\/sd_mga-300x200.jpg 300w, https:\/\/soldadoadrianojose.com.br\/wp-content\/uploads\/2023\/03\/sd_mga-768x512.jpg 768w, https:\/\/soldadoadrianojose.com.br\/wp-content\/uploads\/2023\/03\/sd_mga-1536x1023.jpg 1536w, https:\/\/soldadoadrianojose.com.br\/wp-content\/uploads\/2023\/03\/sd_mga.jpg 1600w\" sizes=\"(max-width: 1024px) 100vw, 1024px\" \/><\/figure>\n\n\n\n<p>O governador Carlos Massa Ratinho J\u00fanior assinou em Maring\u00e1 nesta sexta-feira (24), a ordem de servi\u00e7o para o in\u00edcio das obras da usina solar no Aeroporto de Maring\u00e1 com o prop\u00f3sito de economizar at\u00e9 95% em energia el\u00e9trica consumida pela estrutura. O investimento \u00e9 de R$6,3 milh\u00f5es.<\/p>\n\n\n\n<p>Houve tamb\u00e9m o lan\u00e7amento do edital para as obras do trevo do Catua\u00ed, obra muito aguardada e esperada pela popula\u00e7\u00e3o e que ir\u00e1 reduzir acidentes e melhorar a log\u00edstica de empresas.<br>O projeto do trevo foi elaborado pelo Munic\u00edpio de Maring\u00e1 e os recursos vir\u00e3o do Estado.<\/p>\n\n\n\n<p>Outro projeto importante foi o an\u00fancio da nova ponte Maring\u00e1-Sarandi que ter\u00e1 pistas duplicadas trazendo mais agilidade e conforto para o deslocamento dos moradores, criando assim um novo corredor log\u00edstico at\u00e9 o centro de Maring\u00e1.<\/p>\n","protected":false},"excerpt":{"rendered":"<p>O governador Carlos Massa Ratinho J\u00fanior assinou em Maring\u00e1 nesta sexta-feira (24), a ordem de servi\u00e7o para o in\u00edcio das obras da usina solar no Aeroporto de Maring\u00e1 com o prop\u00f3sito de economizar at\u00e9 95% em energia el\u00e9trica consumida pela estrutura. O investimento \u00e9 de R$6,3 milh\u00f5es. Houve tamb\u00e9m o lan\u00e7amento do edital para as [&hellip;]<\/p>\n","protected":false},"author":1,"featured_media":668,"comment_status":"open","ping_status":"open","sticky":false,"template":"","format":"standard","meta":{"footnotes":""},"categories":[1],"tags":[13,10,9],"class_list":["post-667","post","type-post","status-publish","format-standard","has-post-thumbnail","hentry","category-gabinete-sd","tag-deputado","tag-maringa","tag-soldado-adriano-jose"],"yoast_head":"<!-- This site is optimized with the Yoast SEO plugin v27.4 - https:\/\/yoast.com\/product\/yoast-seo-wordpress\/ -->\n<title>Governador Carlos Massa Ratinho J\u00fanior assina ordem de servi\u00e7o para in\u00edcio de obras na regi\u00e3o de Maring\u00e1. - Deputado Adriano Jos\u00e9<\/title>\n<meta name=\"robots\" content=\"index, follow, max-snippet:-1, max-image-preview:large, max-video-preview:-1\" \/>\n<link rel=\"canonical\" href=\"https:\/\/soldadoadrianojose.com.br\/index.php\/2023\/03\/25\/governador-carlos-massa-ratinho-junior-assina-ordem-de-servico-para-inicio-de-obras-na-regiao-de-maringa\/\" \/>\n<meta property=\"og:locale\" content=\"pt_BR\" \/>\n<meta property=\"og:type\" content=\"article\" \/>\n<meta property=\"og:title\" content=\"Governador Carlos Massa Ratinho J\u00fanior assina ordem de servi\u00e7o para in\u00edcio de obras na regi\u00e3o de Maring\u00e1. - Deputado Adriano Jos\u00e9\" \/>\n<meta property=\"og:description\" content=\"O governador Carlos Massa Ratinho J\u00fanior assinou em Maring\u00e1 nesta sexta-feira (24), a ordem de servi\u00e7o para o in\u00edcio das obras da usina solar no Aeroporto de Maring\u00e1 com o prop\u00f3sito de economizar at\u00e9 95% em energia el\u00e9trica consumida pela estrutura. O investimento \u00e9 de R$6,3 milh\u00f5es. Houve tamb\u00e9m o lan\u00e7amento do edital para as [&hellip;]\" \/>\n<meta property=\"og:url\" content=\"https:\/\/soldadoadrianojose.com.br\/index.php\/2023\/03\/25\/governador-carlos-massa-ratinho-junior-assina-ordem-de-servico-para-inicio-de-obras-na-regiao-de-maringa\/\" \/>\n<meta property=\"og:site_name\" content=\"Deputado Adriano Jos\u00e9\" \/>\n<meta property=\"article:published_time\" content=\"2023-03-25T13:46:33+00:00\" \/>\n<meta property=\"article:modified_time\" content=\"2023-03-25T13:46:37+00:00\" \/>\n<meta property=\"og:image\" content=\"https:\/\/soldadoadrianojose.com.br\/wp-content\/uploads\/2023\/03\/sd_mga.jpg\" \/>\n\t<meta property=\"og:image:width\" content=\"1600\" \/>\n\t<meta property=\"og:image:height\" content=\"1066\" \/>\n\t<meta property=\"og:image:type\" content=\"image\/jpeg\" \/>\n<meta name=\"author\" content=\"soldadoadrianojose\" \/>\n<meta name=\"twitter:card\" content=\"summary_large_image\" \/>\n<meta name=\"twitter:label1\" content=\"Escrito por\" \/>\n\t<meta name=\"twitter:data1\" content=\"soldadoadrianojose\" \/>\n\t<meta name=\"twitter:label2\" content=\"Est. tempo de leitura\" \/>\n\t<meta name=\"twitter:data2\" content=\"1 minuto\" \/>\n<script type=\"application\/ld+json\" class=\"yoast-schema-graph\">{\"@context\":\"https:\\\/\\\/schema.org\",\"@graph\":[{\"@type\":\"Article\",\"@id\":\"https:\\\/\\\/soldadoadrianojose.com.br\\\/index.php\\\/2023\\\/03\\\/25\\\/governador-carlos-massa-ratinho-junior-assina-ordem-de-servico-para-inicio-de-obras-na-regiao-de-maringa\\\/#article\",\"isPartOf\":{\"@id\":\"https:\\\/\\\/soldadoadrianojose.com.br\\\/index.php\\\/2023\\\/03\\\/25\\\/governador-carlos-massa-ratinho-junior-assina-ordem-de-servico-para-inicio-de-obras-na-regiao-de-maringa\\\/\"},\"author\":{\"name\":\"soldadoadrianojose\",\"@id\":\"https:\\\/\\\/soldadoadrianojose.com.br\\\/#\\\/schema\\\/person\\\/16f8e8defb7a4bd6c6082efcd1bdb6bb\"},\"headline\":\"Governador Carlos Massa Ratinho J\u00fanior assina ordem de servi\u00e7o para in\u00edcio de obras na regi\u00e3o de Maring\u00e1.\",\"datePublished\":\"2023-03-25T13:46:33+00:00\",\"dateModified\":\"2023-03-25T13:46:37+00:00\",\"mainEntityOfPage\":{\"@id\":\"https:\\\/\\\/soldadoadrianojose.com.br\\\/index.php\\\/2023\\\/03\\\/25\\\/governador-carlos-massa-ratinho-junior-assina-ordem-de-servico-para-inicio-de-obras-na-regiao-de-maringa\\\/\"},\"wordCount\":162,\"commentCount\":0,\"publisher\":{\"@id\":\"https:\\\/\\\/soldadoadrianojose.com.br\\\/#\\\/schema\\\/person\\\/16f8e8defb7a4bd6c6082efcd1bdb6bb\"},\"image\":{\"@id\":\"https:\\\/\\\/soldadoadrianojose.com.br\\\/index.php\\\/2023\\\/03\\\/25\\\/governador-carlos-massa-ratinho-junior-assina-ordem-de-servico-para-inicio-de-obras-na-regiao-de-maringa\\\/#primaryimage\"},\"thumbnailUrl\":\"https:\\\/\\\/soldadoadrianojose.com.br\\\/wp-content\\\/uploads\\\/2023\\\/03\\\/sd_mga.jpg\",\"keywords\":[\"deputado\",\"maringa\",\"soldado adriano jose\"],\"articleSection\":[\"GABINETE SD\"],\"inLanguage\":\"pt-BR\",\"potentialAction\":[{\"@type\":\"CommentAction\",\"name\":\"Comment\",\"target\":[\"https:\\\/\\\/soldadoadrianojose.com.br\\\/index.php\\\/2023\\\/03\\\/25\\\/governador-carlos-massa-ratinho-junior-assina-ordem-de-servico-para-inicio-de-obras-na-regiao-de-maringa\\\/#respond\"]}]},{\"@type\":\"WebPage\",\"@id\":\"https:\\\/\\\/soldadoadrianojose.com.br\\\/index.php\\\/2023\\\/03\\\/25\\\/governador-carlos-massa-ratinho-junior-assina-ordem-de-servico-para-inicio-de-obras-na-regiao-de-maringa\\\/\",\"url\":\"https:\\\/\\\/soldadoadrianojose.com.br\\\/index.php\\\/2023\\\/03\\\/25\\\/governador-carlos-massa-ratinho-junior-assina-ordem-de-servico-para-inicio-de-obras-na-regiao-de-maringa\\\/\",\"name\":\"Governador Carlos Massa Ratinho J\u00fanior assina ordem de servi\u00e7o para in\u00edcio de obras na regi\u00e3o de Maring\u00e1. - Deputado Adriano Jos\u00e9\",\"isPartOf\":{\"@id\":\"https:\\\/\\\/soldadoadrianojose.com.br\\\/#website\"},\"primaryImageOfPage\":{\"@id\":\"https:\\\/\\\/soldadoadrianojose.com.br\\\/index.php\\\/2023\\\/03\\\/25\\\/governador-carlos-massa-ratinho-junior-assina-ordem-de-servico-para-inicio-de-obras-na-regiao-de-maringa\\\/#primaryimage\"},\"image\":{\"@id\":\"https:\\\/\\\/soldadoadrianojose.com.br\\\/index.php\\\/2023\\\/03\\\/25\\\/governador-carlos-massa-ratinho-junior-assina-ordem-de-servico-para-inicio-de-obras-na-regiao-de-maringa\\\/#primaryimage\"},\"thumbnailUrl\":\"https:\\\/\\\/soldadoadrianojose.com.br\\\/wp-content\\\/uploads\\\/2023\\\/03\\\/sd_mga.jpg\",\"datePublished\":\"2023-03-25T13:46:33+00:00\",\"dateModified\":\"2023-03-25T13:46:37+00:00\",\"breadcrumb\":{\"@id\":\"https:\\\/\\\/soldadoadrianojose.com.br\\\/index.php\\\/2023\\\/03\\\/25\\\/governador-carlos-massa-ratinho-junior-assina-ordem-de-servico-para-inicio-de-obras-na-regiao-de-maringa\\\/#breadcrumb\"},\"inLanguage\":\"pt-BR\",\"potentialAction\":[{\"@type\":\"ReadAction\",\"target\":[\"https:\\\/\\\/soldadoadrianojose.com.br\\\/index.php\\\/2023\\\/03\\\/25\\\/governador-carlos-massa-ratinho-junior-assina-ordem-de-servico-para-inicio-de-obras-na-regiao-de-maringa\\\/\"]}]},{\"@type\":\"ImageObject\",\"inLanguage\":\"pt-BR\",\"@id\":\"https:\\\/\\\/soldadoadrianojose.com.br\\\/index.php\\\/2023\\\/03\\\/25\\\/governador-carlos-massa-ratinho-junior-assina-ordem-de-servico-para-inicio-de-obras-na-regiao-de-maringa\\\/#primaryimage\",\"url\":\"https:\\\/\\\/soldadoadrianojose.com.br\\\/wp-content\\\/uploads\\\/2023\\\/03\\\/sd_mga.jpg\",\"contentUrl\":\"https:\\\/\\\/soldadoadrianojose.com.br\\\/wp-content\\\/uploads\\\/2023\\\/03\\\/sd_mga.jpg\",\"width\":1600,\"height\":1066},{\"@type\":\"BreadcrumbList\",\"@id\":\"https:\\\/\\\/soldadoadrianojose.com.br\\\/index.php\\\/2023\\\/03\\\/25\\\/governador-carlos-massa-ratinho-junior-assina-ordem-de-servico-para-inicio-de-obras-na-regiao-de-maringa\\\/#breadcrumb\",\"itemListElement\":[{\"@type\":\"ListItem\",\"position\":1,\"name\":\"In\u00edcio\",\"item\":\"https:\\\/\\\/soldadoadrianojose.com.br\\\/\"},{\"@type\":\"ListItem\",\"position\":2,\"name\":\"Governador Carlos Massa Ratinho J\u00fanior assina ordem de servi\u00e7o para in\u00edcio de obras na regi\u00e3o de Maring\u00e1.\"}]},{\"@type\":\"WebSite\",\"@id\":\"https:\\\/\\\/soldadoadrianojose.com.br\\\/#website\",\"url\":\"https:\\\/\\\/soldadoadrianojose.com.br\\\/\",\"name\":\"Deputado Adriano Jos\u00e9\",\"description\":\"Nosso trabalho \u00e9 pelas pessoas\",\"publisher\":{\"@id\":\"https:\\\/\\\/soldadoadrianojose.com.br\\\/#\\\/schema\\\/person\\\/16f8e8defb7a4bd6c6082efcd1bdb6bb\"},\"potentialAction\":[{\"@type\":\"SearchAction\",\"target\":{\"@type\":\"EntryPoint\",\"urlTemplate\":\"https:\\\/\\\/soldadoadrianojose.com.br\\\/?s={search_term_string}\"},\"query-input\":{\"@type\":\"PropertyValueSpecification\",\"valueRequired\":true,\"valueName\":\"search_term_string\"}}],\"inLanguage\":\"pt-BR\"},{\"@type\":[\"Person\",\"Organization\"],\"@id\":\"https:\\\/\\\/soldadoadrianojose.com.br\\\/#\\\/schema\\\/person\\\/16f8e8defb7a4bd6c6082efcd1bdb6bb\",\"name\":\"soldadoadrianojose\",\"image\":{\"@type\":\"ImageObject\",\"inLanguage\":\"pt-BR\",\"@id\":\"https:\\\/\\\/soldadoadrianojose.com.br\\\/wp-content\\\/uploads\\\/2023\\\/02\\\/LOGO_CLEAR-5.png\",\"url\":\"https:\\\/\\\/soldadoadrianojose.com.br\\\/wp-content\\\/uploads\\\/2023\\\/02\\\/LOGO_CLEAR-5.png\",\"contentUrl\":\"https:\\\/\\\/soldadoadrianojose.com.br\\\/wp-content\\\/uploads\\\/2023\\\/02\\\/LOGO_CLEAR-5.png\",\"width\":3508,\"height\":998,\"caption\":\"soldadoadrianojose\"},\"logo\":{\"@id\":\"https:\\\/\\\/soldadoadrianojose.com.br\\\/wp-content\\\/uploads\\\/2023\\\/02\\\/LOGO_CLEAR-5.png\"},\"sameAs\":[\"https:\\\/\\\/soldadoadrianojose.com.br\"],\"url\":\"https:\\\/\\\/soldadoadrianojose.com.br\\\/index.php\\\/author\\\/soldadoadrianojose\\\/\"}]}<\/script>\n<!-- \/ Yoast SEO plugin. -->","yoast_head_json":{"title":"Governador Carlos Massa Ratinho J\u00fanior assina ordem de servi\u00e7o para in\u00edcio de obras na regi\u00e3o de Maring\u00e1. - Deputado Adriano Jos\u00e9","robots":{"index":"index","follow":"follow","max-snippet":"max-snippet:-1","max-image-preview":"max-image-preview:large","max-video-preview":"max-video-preview:-1"},"canonical":"https:\/\/soldadoadrianojose.com.br\/index.php\/2023\/03\/25\/governador-carlos-massa-ratinho-junior-assina-ordem-de-servico-para-inicio-de-obras-na-regiao-de-maringa\/","og_locale":"pt_BR","og_type":"article","og_title":"Governador Carlos Massa Ratinho J\u00fanior assina ordem de servi\u00e7o para in\u00edcio de obras na regi\u00e3o de Maring\u00e1. - Deputado Adriano Jos\u00e9","og_description":"O governador Carlos Massa Ratinho J\u00fanior assinou em Maring\u00e1 nesta sexta-feira (24), a ordem de servi\u00e7o para o in\u00edcio das obras da usina solar no Aeroporto de Maring\u00e1 com o prop\u00f3sito de economizar at\u00e9 95% em energia el\u00e9trica consumida pela estrutura. O investimento \u00e9 de R$6,3 milh\u00f5es. Houve tamb\u00e9m o lan\u00e7amento do edital para as [&hellip;]","og_url":"https:\/\/soldadoadrianojose.com.br\/index.php\/2023\/03\/25\/governador-carlos-massa-ratinho-junior-assina-ordem-de-servico-para-inicio-de-obras-na-regiao-de-maringa\/","og_site_name":"Deputado Adriano Jos\u00e9","article_published_time":"2023-03-25T13:46:33+00:00","article_modified_time":"2023-03-25T13:46:37+00:00","og_image":[{"width":1600,"height":1066,"url":"https:\/\/soldadoadrianojose.com.br\/wp-content\/uploads\/2023\/03\/sd_mga.jpg","type":"image\/jpeg"}],"author":"soldadoadrianojose","twitter_card":"summary_large_image","twitter_misc":{"Escrito por":"soldadoadrianojose","Est. tempo de leitura":"1 minuto"},"schema":{"@context":"https:\/\/schema.org","@graph":[{"@type":"Article","@id":"https:\/\/soldadoadrianojose.com.br\/index.php\/2023\/03\/25\/governador-carlos-massa-ratinho-junior-assina-ordem-de-servico-para-inicio-de-obras-na-regiao-de-maringa\/#article","isPartOf":{"@id":"https:\/\/soldadoadrianojose.com.br\/index.php\/2023\/03\/25\/governador-carlos-massa-ratinho-junior-assina-ordem-de-servico-para-inicio-de-obras-na-regiao-de-maringa\/"},"author":{"name":"soldadoadrianojose","@id":"https:\/\/soldadoadrianojose.com.br\/#\/schema\/person\/16f8e8defb7a4bd6c6082efcd1bdb6bb"},"headline":"Governador Carlos Massa Ratinho J\u00fanior assina ordem de servi\u00e7o para in\u00edcio de obras na regi\u00e3o de Maring\u00e1.","datePublished":"2023-03-25T13:46:33+00:00","dateModified":"2023-03-25T13:46:37+00:00","mainEntityOfPage":{"@id":"https:\/\/soldadoadrianojose.com.br\/index.php\/2023\/03\/25\/governador-carlos-massa-ratinho-junior-assina-ordem-de-servico-para-inicio-de-obras-na-regiao-de-maringa\/"},"wordCount":162,"commentCount":0,"publisher":{"@id":"https:\/\/soldadoadrianojose.com.br\/#\/schema\/person\/16f8e8defb7a4bd6c6082efcd1bdb6bb"},"image":{"@id":"https:\/\/soldadoadrianojose.com.br\/index.php\/2023\/03\/25\/governador-carlos-massa-ratinho-junior-assina-ordem-de-servico-para-inicio-de-obras-na-regiao-de-maringa\/#primaryimage"},"thumbnailUrl":"https:\/\/soldadoadrianojose.com.br\/wp-content\/uploads\/2023\/03\/sd_mga.jpg","keywords":["deputado","maringa","soldado adriano jose"],"articleSection":["GABINETE SD"],"inLanguage":"pt-BR","potentialAction":[{"@type":"CommentAction","name":"Comment","target":["https:\/\/soldadoadrianojose.com.br\/index.php\/2023\/03\/25\/governador-carlos-massa-ratinho-junior-assina-ordem-de-servico-para-inicio-de-obras-na-regiao-de-maringa\/#respond"]}]},{"@type":"WebPage","@id":"https:\/\/soldadoadrianojose.com.br\/index.php\/2023\/03\/25\/governador-carlos-massa-ratinho-junior-assina-ordem-de-servico-para-inicio-de-obras-na-regiao-de-maringa\/","url":"https:\/\/soldadoadrianojose.com.br\/index.php\/2023\/03\/25\/governador-carlos-massa-ratinho-junior-assina-ordem-de-servico-para-inicio-de-obras-na-regiao-de-maringa\/","name":"Governador Carlos Massa Ratinho J\u00fanior assina ordem de servi\u00e7o para in\u00edcio de obras na regi\u00e3o de Maring\u00e1. - Deputado Adriano Jos\u00e9","isPartOf":{"@id":"https:\/\/soldadoadrianojose.com.br\/#website"},"primaryImageOfPage":{"@id":"https:\/\/soldadoadrianojose.com.br\/index.php\/2023\/03\/25\/governador-carlos-massa-ratinho-junior-assina-ordem-de-servico-para-inicio-de-obras-na-regiao-de-maringa\/#primaryimage"},"image":{"@id":"https:\/\/soldadoadrianojose.com.br\/index.php\/2023\/03\/25\/governador-carlos-massa-ratinho-junior-assina-ordem-de-servico-para-inicio-de-obras-na-regiao-de-maringa\/#primaryimage"},"thumbnailUrl":"https:\/\/soldadoadrianojose.com.br\/wp-content\/uploads\/2023\/03\/sd_mga.jpg","datePublished":"2023-03-25T13:46:33+00:00","dateModified":"2023-03-25T13:46:37+00:00","breadcrumb":{"@id":"https:\/\/soldadoadrianojose.com.br\/index.php\/2023\/03\/25\/governador-carlos-massa-ratinho-junior-assina-ordem-de-servico-para-inicio-de-obras-na-regiao-de-maringa\/#breadcrumb"},"inLanguage":"pt-BR","potentialAction":[{"@type":"ReadAction","target":["https:\/\/soldadoadrianojose.com.br\/index.php\/2023\/03\/25\/governador-carlos-massa-ratinho-junior-assina-ordem-de-servico-para-inicio-de-obras-na-regiao-de-maringa\/"]}]},{"@type":"ImageObject","inLanguage":"pt-BR","@id":"https:\/\/soldadoadrianojose.com.br\/index.php\/2023\/03\/25\/governador-carlos-massa-ratinho-junior-assina-ordem-de-servico-para-inicio-de-obras-na-regiao-de-maringa\/#primaryimage","url":"https:\/\/soldadoadrianojose.com.br\/wp-content\/uploads\/2023\/03\/sd_mga.jpg","contentUrl":"https:\/\/soldadoadrianojose.com.br\/wp-content\/uploads\/2023\/03\/sd_mga.jpg","width":1600,"height":1066},{"@type":"BreadcrumbList","@id":"https:\/\/soldadoadrianojose.com.br\/index.php\/2023\/03\/25\/governador-carlos-massa-ratinho-junior-assina-ordem-de-servico-para-inicio-de-obras-na-regiao-de-maringa\/#breadcrumb","itemListElement":[{"@type":"ListItem","position":1,"name":"In\u00edcio","item":"https:\/\/soldadoadrianojose.com.br\/"},{"@type":"ListItem","position":2,"name":"Governador Carlos Massa Ratinho J\u00fanior assina ordem de servi\u00e7o para in\u00edcio de obras na regi\u00e3o de Maring\u00e1."}]},{"@type":"WebSite","@id":"https:\/\/soldadoadrianojose.com.br\/#website","url":"https:\/\/soldadoadrianojose.com.br\/","name":"Deputado Adriano Jos\u00e9","description":"Nosso trabalho \u00e9 pelas pessoas","publisher":{"@id":"https:\/\/soldadoadrianojose.com.br\/#\/schema\/person\/16f8e8defb7a4bd6c6082efcd1bdb6bb"},"potentialAction":[{"@type":"SearchAction","target":{"@type":"EntryPoint","urlTemplate":"https:\/\/soldadoadrianojose.com.br\/?s={search_term_string}"},"query-input":{"@type":"PropertyValueSpecification","valueRequired":true,"valueName":"search_term_string"}}],"inLanguage":"pt-BR"},{"@type":["Person","Organization"],"@id":"https:\/\/soldadoadrianojose.com.br\/#\/schema\/person\/16f8e8defb7a4bd6c6082efcd1bdb6bb","name":"soldadoadrianojose","image":{"@type":"ImageObject","inLanguage":"pt-BR","@id":"https:\/\/soldadoadrianojose.com.br\/wp-content\/uploads\/2023\/02\/LOGO_CLEAR-5.png","url":"https:\/\/soldadoadrianojose.com.br\/wp-content\/uploads\/2023\/02\/LOGO_CLEAR-5.png","contentUrl":"https:\/\/soldadoadrianojose.com.br\/wp-content\/uploads\/2023\/02\/LOGO_CLEAR-5.png","width":3508,"height":998,"caption":"soldadoadrianojose"},"logo":{"@id":"https:\/\/soldadoadrianojose.com.br\/wp-content\/uploads\/2023\/02\/LOGO_CLEAR-5.png"},"sameAs":["https:\/\/soldadoadrianojose.com.br"],"url":"https:\/\/soldadoadrianojose.com.br\/index.php\/author\/soldadoadrianojose\/"}]}},"jetpack_featured_media_url":"https:\/\/soldadoadrianojose.com.br\/wp-content\/uploads\/2023\/03\/sd_mga.jpg","_links":{"self":[{"href":"https:\/\/soldadoadrianojose.com.br\/index.php\/wp-json\/wp\/v2\/posts\/667","targetHints":{"allow":["GET"]}}],"collection":[{"href":"https:\/\/soldadoadrianojose.com.br\/index.php\/wp-json\/wp\/v2\/posts"}],"about":[{"href":"https:\/\/soldadoadrianojose.com.br\/index.php\/wp-json\/wp\/v2\/types\/post"}],"author":[{"embeddable":true,"href":"https:\/\/soldadoadrianojose.com.br\/index.php\/wp-json\/wp\/v2\/users\/1"}],"replies":[{"embeddable":true,"href":"https:\/\/soldadoadrianojose.com.br\/index.php\/wp-json\/wp\/v2\/comments?post=667"}],"version-history":[{"count":1,"href":"https:\/\/soldadoadrianojose.com.br\/index.php\/wp-json\/wp\/v2\/posts\/667\/revisions"}],"predecessor-version":[{"id":669,"href":"https:\/\/soldadoadrianojose.com.br\/index.php\/wp-json\/wp\/v2\/posts\/667\/revisions\/669"}],"wp:featuredmedia":[{"embeddable":true,"href":"https:\/\/soldadoadrianojose.com.br\/index.php\/wp-json\/wp\/v2\/media\/668"}],"wp:attachment":[{"href":"https:\/\/soldadoadrianojose.com.br\/index.php\/wp-json\/wp\/v2\/media?parent=667"}],"wp:term":[{"taxonomy":"category","embeddable":true,"href":"https:\/\/soldadoadrianojose.com.br\/index.php\/wp-json\/wp\/v2\/categories?post=667"},{"taxonomy":"post_tag","embeddable":true,"href":"https:\/\/soldadoadrianojose.com.br\/index.php\/wp-json\/wp\/v2\/tags?post=667"}],"curies":[{"name":"wp","href":"https:\/\/api.w.org\/{rel}","templated":true}]}}