{"id":694,"date":"2023-03-30T07:14:40","date_gmt":"2023-03-30T10:14:40","guid":{"rendered":"https:\/\/soldadoadrianojose.com.br\/?p=694"},"modified":"2023-03-30T07:26:26","modified_gmt":"2023-03-30T10:26:26","slug":"forca-feminina-seguranca-publica-do-parana-conta-com-o-talento-e-a-dedicacao-de-45-mil-mulheres","status":"publish","type":"post","link":"https:\/\/soldadoadrianojose.com.br\/index.php\/2023\/03\/30\/forca-feminina-seguranca-publica-do-parana-conta-com-o-talento-e-a-dedicacao-de-45-mil-mulheres\/","title":{"rendered":"For\u00e7a feminina: seguran\u00e7a p\u00fablica do Paran\u00e1 conta com o talento e a dedica\u00e7\u00e3o de 4,5 mil mulheres"},"content":{"rendered":"\n<p><strong>Elas est\u00e3o distribu\u00eddas entre as pol\u00edcias Civil, Militar, Cient\u00edfica, Penal e o Corpo de Bombeiros, e desempenham in\u00fameros pap\u00e9is, da base \u00e0 chefia, das ruas \u00e0s unidades penitenci\u00e1rias, das apura\u00e7\u00f5es de crimes at\u00e9 os tribunais.<\/strong><\/p>\n\n\n\n<p>As for\u00e7as de seguran\u00e7a do Paran\u00e1 t\u00eam 4.519 mulheres na ativa. Elas est\u00e3o distribu\u00eddas entre as pol\u00edcias Civil, Militar, Cient\u00edfica, Penal e o Corpo de Bombeiros, e desempenham in\u00fameros pap\u00e9is, da base \u00e0 chefia, das ruas \u00e0s unidades penitenci\u00e1rias, das apura\u00e7\u00f5es de crimes at\u00e9 os tribunais. Para elas, o que eram &#8220;profiss\u00f5es dos homens&#8221; viraram apenas profiss\u00f5es.<\/p>\n\n\n\n<p>Na Pol\u00edcia Civil do Paran\u00e1 (PCPR) s\u00e3o 1.078 mulheres nas delegacias de todo o Estado, inclusive em posi\u00e7\u00f5es de lideran\u00e7a. Um dos exemplos \u00e9 a Divis\u00e3o de Homic\u00eddios e Prote\u00e7\u00e3o \u00e0 Pessoa de Curitiba (DHPP), que \u00e9 chefiada por uma mulher, a delegada Camila Cecconello,&nbsp;desde 2019. Ela ingressou no quadro da institui\u00e7\u00e3o em 2009.<\/p>\n\n\n\n<p>O efetivo \u00e9 de 71 investigadores, sendo 34 mulheres. Al\u00e9m disso, contando Camila Cecconello, s\u00e3o cinco delegadas de um total de oito. Para ela, que \u00e9 titular de grandes casos criminais na Capital e atua diariamente em investiga\u00e7\u00f5es de m\u00faltiplas dificuldades, isso representa um avan\u00e7o em rela\u00e7\u00e3o a um passado muito recente.<\/p>\n\n\n\n<p>\u201cQuando entrei, em 2009, eu percebia que havia uma desconfian\u00e7a em rela\u00e7\u00e3o \u00e0s mulheres em cargos como este. Por\u00e9m, isso mudou. A PCPR foi se tornando cada vez mais t\u00e9cnica e inclusiva e hoje vemos que a escolha dos cargos \u00e9 baseada apenas em crit\u00e9rios t\u00e9cnicos e de perfil profissional&#8221;, disse.<\/p>\n\n\n\n<p>Como delegada-chefe da unidade, ela defende que mais postos de lideran\u00e7a sejam abertos para as mulheres. &#8220;Isso \u00e9 um incentivo para que outras mulheres lutem pelos seus espa\u00e7os, se sintam inclu\u00eddas, sintam que s\u00e3o aptas e que s\u00e3o merecedoras de trabalhar no lugar que quiserem, alcan\u00e7ando tudo aquilo que desejam\u201d, afirmou.<\/p>\n\n\n\n<ul class=\"wp-block-list\">\n<li><strong><a href=\"https:\/\/www.aen.pr.gov.br\/Noticia\/Na-agua-ou-nas-quadras-mulheres-do-esporte-levam-o-nome-do-Parana-todo-o-mundo\" target=\"_blank\" rel=\"noreferrer noopener\">Na \u00e1gua ou nas quadras, mulheres do esporte levam o nome do Paran\u00e1 a todo o mundo<\/a><\/strong><\/li>\n\n\n\n<li><strong><a href=\"https:\/\/www.aen.pr.gov.br\/Noticia\/Conheca-bailarina-mais-antiga-em-atividade-do-Pais-e-servidora-do-Parana-ha-quase-cinco\" target=\"_blank\" rel=\"noreferrer noopener\">Conhe\u00e7a a bailarina mais antiga em atividade do Pa\u00eds e servidora do Paran\u00e1 h\u00e1 quase cinco d\u00e9cadas<\/a><\/strong><\/li>\n<\/ul>\n\n\n\n<p>A Pol\u00edcia Militar do Paran\u00e1 (PMPR) tem hoje o maior efetivo de mulheres dentre as cinco for\u00e7as de seguran\u00e7a do Estado. S\u00e3o 2.725 policiais realizando policiamento ostensivo nas ruas, organizando e cumprindo opera\u00e7\u00f5es, deliberando fun\u00e7\u00f5es administrativas e participando de atividades de forma\u00e7\u00e3o de novos pra\u00e7as.<\/p>\n\n\n\n<p>A tenente Elaine Pereira Melere \u00e9 uma delas. Ingressou na corpora\u00e7\u00e3o em 2011, com apenas 18 anos, e j\u00e1 possui um extenso curr\u00edculo de cursos internacionais e de atua\u00e7\u00e3o humanit\u00e1ria. Hoje, ocupa a chefia do Departamento de Forma\u00e7\u00e3o e Aperfei\u00e7oamento na Diretoria de Ensino e Pesquisa da PMPR.<\/p>\n\n\n\n<p>Para ela, as mulheres s\u00e3o essenciais na seguran\u00e7a p\u00fablica, inclusive para lidar com novas modalidades que foram sendo legalmente tipificadas nos \u00faltimos anos, como o feminic\u00eddio (a lei \u00e9 de 2015) ou a viol\u00eancia dom\u00e9stica (lei de 2006).<\/p>\n\n\n\n<p>A pr\u00f3pria Secretaria de Seguran\u00e7a P\u00fablica passou a incorporar novas modalidades de prote\u00e7\u00e3o, como o Bot\u00e3o do P\u00e2nico, as Delegacias da Mulher e as Patrulhas Maria da Penha.<\/p>\n\n\n\n<p>\u201cCom a presen\u00e7a feminina no combate a crimes cometidos por mulheres e a crimes contra mulheres e crian\u00e7as \u00e9 poss\u00edvel ter uma interven\u00e7\u00e3o mais ampla de toda a situa\u00e7\u00e3o. A policial feminina consegue criar uma proximidade maior com a v\u00edtima nos casos de viol\u00eancia contra a mulher e tamb\u00e9m ter maior abertura ao fazer a abordagem de uma autora de um crime\u201d, destacou.<\/p>\n\n\n\n<p>Ela tamb\u00e9m acredita que para vestir uma farda n\u00e3o \u00e9 preciso se &#8220;parecer com um homem&#8221;. \u201cO que se espera de um bom policial \u00e9 t\u00e9cnica, conhecimento de leis, conhecimento da fun\u00e7\u00e3o, preparo. Eu entendo que podemos ser femininas, do jeito que cada uma expressa a feminilidade, e excelentes policiais ao mesmo tempo\u201d, afirmou.<\/p>\n\n\n\n<p>No Corpo de Bombeiros, a major Geovana Angeli Messias \u00e9, atualmente, a mulher mais antiga em atividade das 212 que comp\u00f5em o efetivo. Em sua trajet\u00f3ria profissional ela acumula algumas marcas, como ter integrado a primeira turma do Curso de Forma\u00e7\u00e3o de Oficiais Bombeiros Militares com alunas mulheres e tamb\u00e9m ter sido a primeira mulher a se tornar capit\u00e3 da corpora\u00e7\u00e3o.<\/p>\n\n\n\n<p>Em 2022, ela se destacou ao se tornar a primeira mulher a assumir o comando de uma unidade operacional do Corpo de Bombeiros, o 1\u00ba Subgrupamento de Bombeiros Independente de Ivaipor\u00e3, no Vale do Iva\u00ed. Nessa fun\u00e7\u00e3o at\u00e9 hoje, comanda um efetivo composto apenas por homens.<\/p>\n\n\n\n<p>Para ela, o seu pioneirismo ajudou a abrir o caminho para que outras mulheres ingressassem no Corpo de Bombeiros. \u201cNo come\u00e7o, havia questionamentos sobre a for\u00e7a f\u00edsica, mas isso j\u00e1 foi vencido, est\u00e1 ultrapassado, pois vemos que somos t\u00e3o capazes quanto os homens. Hoje, temos mulheres mostrando sua compet\u00eancia em posi\u00e7\u00f5es de lideran\u00e7a, de comando da institui\u00e7\u00e3o. Por isso, estar nessa posi\u00e7\u00e3o \u00e9 uma responsabilidade e uma felicidade por poder dar um norte para as pr\u00f3ximas que v\u00eam\u201d, ressaltou.<\/p>\n\n\n\n<ul class=\"wp-block-list\">\n<li><strong><a href=\"https:\/\/www.aen.pr.gov.br\/Noticia\/Mes-da-Mulher-conheca-engenheira-responsavel-pelos-investimentos-urbanos-do-Estado\" target=\"_blank\" rel=\"noreferrer noopener\">M\u00eas da Mulher: conhe\u00e7a a engenheira respons\u00e1vel pelos investimentos urbanos do Estado<\/a><\/strong><\/li>\n\n\n\n<li><strong><a href=\"https:\/\/www.aen.pr.gov.br\/Noticia\/Merendeira-venezuelana-faz-sucesso-no-comando-da-cozinha-de-escola-da-rede-estadual\" target=\"_blank\" rel=\"noreferrer noopener\">Merendeira venezuelana faz sucesso no comando da cozinha de escola da rede estadual<\/a><\/strong><\/li>\n<\/ul>\n\n\n\n<p>Na Pol\u00edcia Cient\u00edfica do Paran\u00e1 (PCP), s\u00e3o 180 mulheres nas carreiras de per\u00edcia e de auxiliar de per\u00edcia, lidando com algumas das fases mais importantes de uma investiga\u00e7\u00e3o. Dentre elas, est\u00e1 a m\u00e9dica legista Suelen Frizzas, que atua no Instituto M\u00e9dico Legal de Curitiba desde 2021. No dia a dia do trabalho, ela realiza exames de corpo de delito, produz laudos periciais e necropsias.<\/p>\n\n\n\n<p>Frizzas \u00e9 formada pela Universidade Federal do Paran\u00e1 (UFPR), possui especializa\u00e7\u00e3o em oftalmologia e decidiu ingressar no quadro de peritos da PCP porque acredita na relev\u00e2ncia social da per\u00edcia. \u201cQuando temos casos mais complexos e dif\u00edceis de resolver, penso que meu objetivo aqui \u00e9 contribuir para algo maior, como ajudar a resolver um crime, por exemplo, encerrando a ang\u00fastia de alguma fam\u00edlia que est\u00e1 atr\u00e1s de respostas concretas\u201d, disse.&nbsp;<\/p>\n\n\n\n<p>J\u00e1 a Pol\u00edcia Penal do Paran\u00e1 (PPPR) conta hoje com o trabalho de 324 mulheres que atuam nas cadeias p\u00fablicas, penitenci\u00e1rias, casas de cust\u00f3dia e outros estabelecimentos penais em todo o Estado. Nos \u00faltimos anos, elas t\u00eam assumido cada vez mais protagonismo nos quadros da institui\u00e7\u00e3o, mesmo em fun\u00e7\u00f5es estrat\u00e9gicas em unidades masculinas.<\/p>\n\n\n\n<p>Um exemplo disso \u00e9 a policial penal Juliana Heindyk Duarte.&nbsp;Ela entrou para a Pol\u00edcia Penal em 2014 e, desde ent\u00e3o, tem ocupado cargos de lideran\u00e7a, como a vice-diretoria da Penitenci\u00e1ria Feminina do Paran\u00e1, em Piraquara (Regi\u00e3o Metropolitana de Curitiba), e, mais recentemente, em 2022, se tornou a primeira mulher a coordenar uma regional, a Regional 1, que compreende Curitiba, Regi\u00e3o Metropolitana e Litoral.&nbsp;Heindyk agora \u00e9 respons\u00e1vel por 21 estabelecimentos penais que custodiam presos e presas em regime fechado, semiaberto e tamb\u00e9m custodiados provis\u00f3rios.<\/p>\n\n\n\n<p>Ela tamb\u00e9m acompanhou as lutas recentes da categoria, que ganhou nome pr\u00f3prio (antes de policiais penais eram agentes penitenci\u00e1rios), novas unidades para trabalhar e um olhar voltado integralmente para a recupera\u00e7\u00e3o dos apenados por meio do sistema que une trabalho, estudos e leitura.<\/p>\n\n\n\n<p>\u201c\u00c9 uma honra estar na pol\u00edcia e ser a primeira mulher a coordenar uma regional da Pol\u00edcia Penal. Ao mesmo tempo, \u00e9 uma responsabilidade representar as trabalhadoras desta for\u00e7a t\u00e3o importante e ser coordenadora que abriga a maior parcela da popula\u00e7\u00e3o carcer\u00e1ria do Paran\u00e1\u201d, destacou. &#8220;Isso mostra que podemos chegar muito longe em qualquer profiss\u00e3o&#8221;.<\/p>\n","protected":false},"excerpt":{"rendered":"<p>Elas est\u00e3o distribu\u00eddas entre as pol\u00edcias Civil, Militar, Cient\u00edfica, Penal e o Corpo de Bombeiros, e desempenham in\u00fameros pap\u00e9is, da base \u00e0 chefia, das ruas \u00e0s unidades penitenci\u00e1rias, das apura\u00e7\u00f5es de crimes at\u00e9 os tribunais. As for\u00e7as de seguran\u00e7a do Paran\u00e1 t\u00eam 4.519 mulheres na ativa. Elas est\u00e3o distribu\u00eddas entre as pol\u00edcias Civil, Militar, Cient\u00edfica, [&hellip;]<\/p>\n","protected":false},"author":1,"featured_media":698,"comment_status":"open","ping_status":"open","sticky":false,"template":"","format":"standard","meta":{"footnotes":""},"categories":[5],"tags":[],"class_list":["post-694","post","type-post","status-publish","format-standard","has-post-thumbnail","hentry","category-parana"],"yoast_head":"<!-- This site is optimized with the Yoast SEO plugin v27.4 - https:\/\/yoast.com\/product\/yoast-seo-wordpress\/ -->\n<title>For\u00e7a feminina: seguran\u00e7a p\u00fablica do Paran\u00e1 conta com o talento e a dedica\u00e7\u00e3o de 4,5 mil mulheres - Deputado Adriano Jos\u00e9<\/title>\n<meta name=\"robots\" content=\"index, follow, max-snippet:-1, max-image-preview:large, max-video-preview:-1\" \/>\n<link rel=\"canonical\" href=\"https:\/\/soldadoadrianojose.com.br\/index.php\/2023\/03\/30\/forca-feminina-seguranca-publica-do-parana-conta-com-o-talento-e-a-dedicacao-de-45-mil-mulheres\/\" \/>\n<meta property=\"og:locale\" content=\"pt_BR\" \/>\n<meta property=\"og:type\" content=\"article\" \/>\n<meta property=\"og:title\" content=\"For\u00e7a feminina: seguran\u00e7a p\u00fablica do Paran\u00e1 conta com o talento e a dedica\u00e7\u00e3o de 4,5 mil mulheres - Deputado Adriano Jos\u00e9\" \/>\n<meta property=\"og:description\" content=\"Elas est\u00e3o distribu\u00eddas entre as pol\u00edcias Civil, Militar, Cient\u00edfica, Penal e o Corpo de Bombeiros, e desempenham in\u00fameros pap\u00e9is, da base \u00e0 chefia, das ruas \u00e0s unidades penitenci\u00e1rias, das apura\u00e7\u00f5es de crimes at\u00e9 os tribunais. As for\u00e7as de seguran\u00e7a do Paran\u00e1 t\u00eam 4.519 mulheres na ativa. Elas est\u00e3o distribu\u00eddas entre as pol\u00edcias Civil, Militar, Cient\u00edfica, [&hellip;]\" \/>\n<meta property=\"og:url\" content=\"https:\/\/soldadoadrianojose.com.br\/index.php\/2023\/03\/30\/forca-feminina-seguranca-publica-do-parana-conta-com-o-talento-e-a-dedicacao-de-45-mil-mulheres\/\" \/>\n<meta property=\"og:site_name\" content=\"Deputado Adriano Jos\u00e9\" \/>\n<meta property=\"article:published_time\" content=\"2023-03-30T10:14:40+00:00\" \/>\n<meta property=\"article:modified_time\" content=\"2023-03-30T10:26:26+00:00\" \/>\n<meta property=\"og:image\" content=\"https:\/\/soldadoadrianojose.com.br\/wp-content\/uploads\/2023\/03\/fgc-1.jpg\" \/>\n\t<meta property=\"og:image:width\" content=\"1280\" \/>\n\t<meta property=\"og:image:height\" content=\"853\" \/>\n\t<meta property=\"og:image:type\" content=\"image\/jpeg\" \/>\n<meta name=\"author\" content=\"soldadoadrianojose\" \/>\n<meta name=\"twitter:card\" content=\"summary_large_image\" \/>\n<meta name=\"twitter:label1\" content=\"Escrito por\" \/>\n\t<meta name=\"twitter:data1\" content=\"soldadoadrianojose\" \/>\n\t<meta name=\"twitter:label2\" content=\"Est. tempo de leitura\" \/>\n\t<meta name=\"twitter:data2\" content=\"7 minutos\" \/>\n<script type=\"application\/ld+json\" class=\"yoast-schema-graph\">{\"@context\":\"https:\\\/\\\/schema.org\",\"@graph\":[{\"@type\":\"Article\",\"@id\":\"https:\\\/\\\/soldadoadrianojose.com.br\\\/index.php\\\/2023\\\/03\\\/30\\\/forca-feminina-seguranca-publica-do-parana-conta-com-o-talento-e-a-dedicacao-de-45-mil-mulheres\\\/#article\",\"isPartOf\":{\"@id\":\"https:\\\/\\\/soldadoadrianojose.com.br\\\/index.php\\\/2023\\\/03\\\/30\\\/forca-feminina-seguranca-publica-do-parana-conta-com-o-talento-e-a-dedicacao-de-45-mil-mulheres\\\/\"},\"author\":{\"name\":\"soldadoadrianojose\",\"@id\":\"https:\\\/\\\/soldadoadrianojose.com.br\\\/#\\\/schema\\\/person\\\/16f8e8defb7a4bd6c6082efcd1bdb6bb\"},\"headline\":\"For\u00e7a feminina: seguran\u00e7a p\u00fablica do Paran\u00e1 conta com o talento e a dedica\u00e7\u00e3o de 4,5 mil mulheres\",\"datePublished\":\"2023-03-30T10:14:40+00:00\",\"dateModified\":\"2023-03-30T10:26:26+00:00\",\"mainEntityOfPage\":{\"@id\":\"https:\\\/\\\/soldadoadrianojose.com.br\\\/index.php\\\/2023\\\/03\\\/30\\\/forca-feminina-seguranca-publica-do-parana-conta-com-o-talento-e-a-dedicacao-de-45-mil-mulheres\\\/\"},\"wordCount\":1322,\"commentCount\":0,\"publisher\":{\"@id\":\"https:\\\/\\\/soldadoadrianojose.com.br\\\/#\\\/schema\\\/person\\\/16f8e8defb7a4bd6c6082efcd1bdb6bb\"},\"image\":{\"@id\":\"https:\\\/\\\/soldadoadrianojose.com.br\\\/index.php\\\/2023\\\/03\\\/30\\\/forca-feminina-seguranca-publica-do-parana-conta-com-o-talento-e-a-dedicacao-de-45-mil-mulheres\\\/#primaryimage\"},\"thumbnailUrl\":\"https:\\\/\\\/soldadoadrianojose.com.br\\\/wp-content\\\/uploads\\\/2023\\\/03\\\/fgc-1.jpg\",\"articleSection\":[\"PARAN\u00c1\"],\"inLanguage\":\"pt-BR\",\"potentialAction\":[{\"@type\":\"CommentAction\",\"name\":\"Comment\",\"target\":[\"https:\\\/\\\/soldadoadrianojose.com.br\\\/index.php\\\/2023\\\/03\\\/30\\\/forca-feminina-seguranca-publica-do-parana-conta-com-o-talento-e-a-dedicacao-de-45-mil-mulheres\\\/#respond\"]}]},{\"@type\":\"WebPage\",\"@id\":\"https:\\\/\\\/soldadoadrianojose.com.br\\\/index.php\\\/2023\\\/03\\\/30\\\/forca-feminina-seguranca-publica-do-parana-conta-com-o-talento-e-a-dedicacao-de-45-mil-mulheres\\\/\",\"url\":\"https:\\\/\\\/soldadoadrianojose.com.br\\\/index.php\\\/2023\\\/03\\\/30\\\/forca-feminina-seguranca-publica-do-parana-conta-com-o-talento-e-a-dedicacao-de-45-mil-mulheres\\\/\",\"name\":\"For\u00e7a feminina: seguran\u00e7a p\u00fablica do Paran\u00e1 conta com o talento e a dedica\u00e7\u00e3o de 4,5 mil mulheres - Deputado Adriano Jos\u00e9\",\"isPartOf\":{\"@id\":\"https:\\\/\\\/soldadoadrianojose.com.br\\\/#website\"},\"primaryImageOfPage\":{\"@id\":\"https:\\\/\\\/soldadoadrianojose.com.br\\\/index.php\\\/2023\\\/03\\\/30\\\/forca-feminina-seguranca-publica-do-parana-conta-com-o-talento-e-a-dedicacao-de-45-mil-mulheres\\\/#primaryimage\"},\"image\":{\"@id\":\"https:\\\/\\\/soldadoadrianojose.com.br\\\/index.php\\\/2023\\\/03\\\/30\\\/forca-feminina-seguranca-publica-do-parana-conta-com-o-talento-e-a-dedicacao-de-45-mil-mulheres\\\/#primaryimage\"},\"thumbnailUrl\":\"https:\\\/\\\/soldadoadrianojose.com.br\\\/wp-content\\\/uploads\\\/2023\\\/03\\\/fgc-1.jpg\",\"datePublished\":\"2023-03-30T10:14:40+00:00\",\"dateModified\":\"2023-03-30T10:26:26+00:00\",\"breadcrumb\":{\"@id\":\"https:\\\/\\\/soldadoadrianojose.com.br\\\/index.php\\\/2023\\\/03\\\/30\\\/forca-feminina-seguranca-publica-do-parana-conta-com-o-talento-e-a-dedicacao-de-45-mil-mulheres\\\/#breadcrumb\"},\"inLanguage\":\"pt-BR\",\"potentialAction\":[{\"@type\":\"ReadAction\",\"target\":[\"https:\\\/\\\/soldadoadrianojose.com.br\\\/index.php\\\/2023\\\/03\\\/30\\\/forca-feminina-seguranca-publica-do-parana-conta-com-o-talento-e-a-dedicacao-de-45-mil-mulheres\\\/\"]}]},{\"@type\":\"ImageObject\",\"inLanguage\":\"pt-BR\",\"@id\":\"https:\\\/\\\/soldadoadrianojose.com.br\\\/index.php\\\/2023\\\/03\\\/30\\\/forca-feminina-seguranca-publica-do-parana-conta-com-o-talento-e-a-dedicacao-de-45-mil-mulheres\\\/#primaryimage\",\"url\":\"https:\\\/\\\/soldadoadrianojose.com.br\\\/wp-content\\\/uploads\\\/2023\\\/03\\\/fgc-1.jpg\",\"contentUrl\":\"https:\\\/\\\/soldadoadrianojose.com.br\\\/wp-content\\\/uploads\\\/2023\\\/03\\\/fgc-1.jpg\",\"width\":1280,\"height\":853},{\"@type\":\"BreadcrumbList\",\"@id\":\"https:\\\/\\\/soldadoadrianojose.com.br\\\/index.php\\\/2023\\\/03\\\/30\\\/forca-feminina-seguranca-publica-do-parana-conta-com-o-talento-e-a-dedicacao-de-45-mil-mulheres\\\/#breadcrumb\",\"itemListElement\":[{\"@type\":\"ListItem\",\"position\":1,\"name\":\"In\u00edcio\",\"item\":\"https:\\\/\\\/soldadoadrianojose.com.br\\\/\"},{\"@type\":\"ListItem\",\"position\":2,\"name\":\"For\u00e7a feminina: seguran\u00e7a p\u00fablica do Paran\u00e1 conta com o talento e a dedica\u00e7\u00e3o de 4,5 mil mulheres\"}]},{\"@type\":\"WebSite\",\"@id\":\"https:\\\/\\\/soldadoadrianojose.com.br\\\/#website\",\"url\":\"https:\\\/\\\/soldadoadrianojose.com.br\\\/\",\"name\":\"Deputado Adriano Jos\u00e9\",\"description\":\"Nosso trabalho \u00e9 pelas pessoas\",\"publisher\":{\"@id\":\"https:\\\/\\\/soldadoadrianojose.com.br\\\/#\\\/schema\\\/person\\\/16f8e8defb7a4bd6c6082efcd1bdb6bb\"},\"potentialAction\":[{\"@type\":\"SearchAction\",\"target\":{\"@type\":\"EntryPoint\",\"urlTemplate\":\"https:\\\/\\\/soldadoadrianojose.com.br\\\/?s={search_term_string}\"},\"query-input\":{\"@type\":\"PropertyValueSpecification\",\"valueRequired\":true,\"valueName\":\"search_term_string\"}}],\"inLanguage\":\"pt-BR\"},{\"@type\":[\"Person\",\"Organization\"],\"@id\":\"https:\\\/\\\/soldadoadrianojose.com.br\\\/#\\\/schema\\\/person\\\/16f8e8defb7a4bd6c6082efcd1bdb6bb\",\"name\":\"soldadoadrianojose\",\"image\":{\"@type\":\"ImageObject\",\"inLanguage\":\"pt-BR\",\"@id\":\"https:\\\/\\\/soldadoadrianojose.com.br\\\/wp-content\\\/uploads\\\/2023\\\/02\\\/LOGO_CLEAR-5.png\",\"url\":\"https:\\\/\\\/soldadoadrianojose.com.br\\\/wp-content\\\/uploads\\\/2023\\\/02\\\/LOGO_CLEAR-5.png\",\"contentUrl\":\"https:\\\/\\\/soldadoadrianojose.com.br\\\/wp-content\\\/uploads\\\/2023\\\/02\\\/LOGO_CLEAR-5.png\",\"width\":3508,\"height\":998,\"caption\":\"soldadoadrianojose\"},\"logo\":{\"@id\":\"https:\\\/\\\/soldadoadrianojose.com.br\\\/wp-content\\\/uploads\\\/2023\\\/02\\\/LOGO_CLEAR-5.png\"},\"sameAs\":[\"https:\\\/\\\/soldadoadrianojose.com.br\"],\"url\":\"https:\\\/\\\/soldadoadrianojose.com.br\\\/index.php\\\/author\\\/soldadoadrianojose\\\/\"}]}<\/script>\n<!-- \/ Yoast SEO plugin. -->","yoast_head_json":{"title":"For\u00e7a feminina: seguran\u00e7a p\u00fablica do Paran\u00e1 conta com o talento e a dedica\u00e7\u00e3o de 4,5 mil mulheres - Deputado Adriano Jos\u00e9","robots":{"index":"index","follow":"follow","max-snippet":"max-snippet:-1","max-image-preview":"max-image-preview:large","max-video-preview":"max-video-preview:-1"},"canonical":"https:\/\/soldadoadrianojose.com.br\/index.php\/2023\/03\/30\/forca-feminina-seguranca-publica-do-parana-conta-com-o-talento-e-a-dedicacao-de-45-mil-mulheres\/","og_locale":"pt_BR","og_type":"article","og_title":"For\u00e7a feminina: seguran\u00e7a p\u00fablica do Paran\u00e1 conta com o talento e a dedica\u00e7\u00e3o de 4,5 mil mulheres - Deputado Adriano Jos\u00e9","og_description":"Elas est\u00e3o distribu\u00eddas entre as pol\u00edcias Civil, Militar, Cient\u00edfica, Penal e o Corpo de Bombeiros, e desempenham in\u00fameros pap\u00e9is, da base \u00e0 chefia, das ruas \u00e0s unidades penitenci\u00e1rias, das apura\u00e7\u00f5es de crimes at\u00e9 os tribunais. As for\u00e7as de seguran\u00e7a do Paran\u00e1 t\u00eam 4.519 mulheres na ativa. Elas est\u00e3o distribu\u00eddas entre as pol\u00edcias Civil, Militar, Cient\u00edfica, [&hellip;]","og_url":"https:\/\/soldadoadrianojose.com.br\/index.php\/2023\/03\/30\/forca-feminina-seguranca-publica-do-parana-conta-com-o-talento-e-a-dedicacao-de-45-mil-mulheres\/","og_site_name":"Deputado Adriano Jos\u00e9","article_published_time":"2023-03-30T10:14:40+00:00","article_modified_time":"2023-03-30T10:26:26+00:00","og_image":[{"width":1280,"height":853,"url":"https:\/\/soldadoadrianojose.com.br\/wp-content\/uploads\/2023\/03\/fgc-1.jpg","type":"image\/jpeg"}],"author":"soldadoadrianojose","twitter_card":"summary_large_image","twitter_misc":{"Escrito por":"soldadoadrianojose","Est. tempo de leitura":"7 minutos"},"schema":{"@context":"https:\/\/schema.org","@graph":[{"@type":"Article","@id":"https:\/\/soldadoadrianojose.com.br\/index.php\/2023\/03\/30\/forca-feminina-seguranca-publica-do-parana-conta-com-o-talento-e-a-dedicacao-de-45-mil-mulheres\/#article","isPartOf":{"@id":"https:\/\/soldadoadrianojose.com.br\/index.php\/2023\/03\/30\/forca-feminina-seguranca-publica-do-parana-conta-com-o-talento-e-a-dedicacao-de-45-mil-mulheres\/"},"author":{"name":"soldadoadrianojose","@id":"https:\/\/soldadoadrianojose.com.br\/#\/schema\/person\/16f8e8defb7a4bd6c6082efcd1bdb6bb"},"headline":"For\u00e7a feminina: seguran\u00e7a p\u00fablica do Paran\u00e1 conta com o talento e a dedica\u00e7\u00e3o de 4,5 mil mulheres","datePublished":"2023-03-30T10:14:40+00:00","dateModified":"2023-03-30T10:26:26+00:00","mainEntityOfPage":{"@id":"https:\/\/soldadoadrianojose.com.br\/index.php\/2023\/03\/30\/forca-feminina-seguranca-publica-do-parana-conta-com-o-talento-e-a-dedicacao-de-45-mil-mulheres\/"},"wordCount":1322,"commentCount":0,"publisher":{"@id":"https:\/\/soldadoadrianojose.com.br\/#\/schema\/person\/16f8e8defb7a4bd6c6082efcd1bdb6bb"},"image":{"@id":"https:\/\/soldadoadrianojose.com.br\/index.php\/2023\/03\/30\/forca-feminina-seguranca-publica-do-parana-conta-com-o-talento-e-a-dedicacao-de-45-mil-mulheres\/#primaryimage"},"thumbnailUrl":"https:\/\/soldadoadrianojose.com.br\/wp-content\/uploads\/2023\/03\/fgc-1.jpg","articleSection":["PARAN\u00c1"],"inLanguage":"pt-BR","potentialAction":[{"@type":"CommentAction","name":"Comment","target":["https:\/\/soldadoadrianojose.com.br\/index.php\/2023\/03\/30\/forca-feminina-seguranca-publica-do-parana-conta-com-o-talento-e-a-dedicacao-de-45-mil-mulheres\/#respond"]}]},{"@type":"WebPage","@id":"https:\/\/soldadoadrianojose.com.br\/index.php\/2023\/03\/30\/forca-feminina-seguranca-publica-do-parana-conta-com-o-talento-e-a-dedicacao-de-45-mil-mulheres\/","url":"https:\/\/soldadoadrianojose.com.br\/index.php\/2023\/03\/30\/forca-feminina-seguranca-publica-do-parana-conta-com-o-talento-e-a-dedicacao-de-45-mil-mulheres\/","name":"For\u00e7a feminina: seguran\u00e7a p\u00fablica do Paran\u00e1 conta com o talento e a dedica\u00e7\u00e3o de 4,5 mil mulheres - Deputado Adriano Jos\u00e9","isPartOf":{"@id":"https:\/\/soldadoadrianojose.com.br\/#website"},"primaryImageOfPage":{"@id":"https:\/\/soldadoadrianojose.com.br\/index.php\/2023\/03\/30\/forca-feminina-seguranca-publica-do-parana-conta-com-o-talento-e-a-dedicacao-de-45-mil-mulheres\/#primaryimage"},"image":{"@id":"https:\/\/soldadoadrianojose.com.br\/index.php\/2023\/03\/30\/forca-feminina-seguranca-publica-do-parana-conta-com-o-talento-e-a-dedicacao-de-45-mil-mulheres\/#primaryimage"},"thumbnailUrl":"https:\/\/soldadoadrianojose.com.br\/wp-content\/uploads\/2023\/03\/fgc-1.jpg","datePublished":"2023-03-30T10:14:40+00:00","dateModified":"2023-03-30T10:26:26+00:00","breadcrumb":{"@id":"https:\/\/soldadoadrianojose.com.br\/index.php\/2023\/03\/30\/forca-feminina-seguranca-publica-do-parana-conta-com-o-talento-e-a-dedicacao-de-45-mil-mulheres\/#breadcrumb"},"inLanguage":"pt-BR","potentialAction":[{"@type":"ReadAction","target":["https:\/\/soldadoadrianojose.com.br\/index.php\/2023\/03\/30\/forca-feminina-seguranca-publica-do-parana-conta-com-o-talento-e-a-dedicacao-de-45-mil-mulheres\/"]}]},{"@type":"ImageObject","inLanguage":"pt-BR","@id":"https:\/\/soldadoadrianojose.com.br\/index.php\/2023\/03\/30\/forca-feminina-seguranca-publica-do-parana-conta-com-o-talento-e-a-dedicacao-de-45-mil-mulheres\/#primaryimage","url":"https:\/\/soldadoadrianojose.com.br\/wp-content\/uploads\/2023\/03\/fgc-1.jpg","contentUrl":"https:\/\/soldadoadrianojose.com.br\/wp-content\/uploads\/2023\/03\/fgc-1.jpg","width":1280,"height":853},{"@type":"BreadcrumbList","@id":"https:\/\/soldadoadrianojose.com.br\/index.php\/2023\/03\/30\/forca-feminina-seguranca-publica-do-parana-conta-com-o-talento-e-a-dedicacao-de-45-mil-mulheres\/#breadcrumb","itemListElement":[{"@type":"ListItem","position":1,"name":"In\u00edcio","item":"https:\/\/soldadoadrianojose.com.br\/"},{"@type":"ListItem","position":2,"name":"For\u00e7a feminina: seguran\u00e7a p\u00fablica do Paran\u00e1 conta com o talento e a dedica\u00e7\u00e3o de 4,5 mil mulheres"}]},{"@type":"WebSite","@id":"https:\/\/soldadoadrianojose.com.br\/#website","url":"https:\/\/soldadoadrianojose.com.br\/","name":"Deputado Adriano Jos\u00e9","description":"Nosso trabalho \u00e9 pelas pessoas","publisher":{"@id":"https:\/\/soldadoadrianojose.com.br\/#\/schema\/person\/16f8e8defb7a4bd6c6082efcd1bdb6bb"},"potentialAction":[{"@type":"SearchAction","target":{"@type":"EntryPoint","urlTemplate":"https:\/\/soldadoadrianojose.com.br\/?s={search_term_string}"},"query-input":{"@type":"PropertyValueSpecification","valueRequired":true,"valueName":"search_term_string"}}],"inLanguage":"pt-BR"},{"@type":["Person","Organization"],"@id":"https:\/\/soldadoadrianojose.com.br\/#\/schema\/person\/16f8e8defb7a4bd6c6082efcd1bdb6bb","name":"soldadoadrianojose","image":{"@type":"ImageObject","inLanguage":"pt-BR","@id":"https:\/\/soldadoadrianojose.com.br\/wp-content\/uploads\/2023\/02\/LOGO_CLEAR-5.png","url":"https:\/\/soldadoadrianojose.com.br\/wp-content\/uploads\/2023\/02\/LOGO_CLEAR-5.png","contentUrl":"https:\/\/soldadoadrianojose.com.br\/wp-content\/uploads\/2023\/02\/LOGO_CLEAR-5.png","width":3508,"height":998,"caption":"soldadoadrianojose"},"logo":{"@id":"https:\/\/soldadoadrianojose.com.br\/wp-content\/uploads\/2023\/02\/LOGO_CLEAR-5.png"},"sameAs":["https:\/\/soldadoadrianojose.com.br"],"url":"https:\/\/soldadoadrianojose.com.br\/index.php\/author\/soldadoadrianojose\/"}]}},"jetpack_featured_media_url":"https:\/\/soldadoadrianojose.com.br\/wp-content\/uploads\/2023\/03\/fgc-1.jpg","_links":{"self":[{"href":"https:\/\/soldadoadrianojose.com.br\/index.php\/wp-json\/wp\/v2\/posts\/694","targetHints":{"allow":["GET"]}}],"collection":[{"href":"https:\/\/soldadoadrianojose.com.br\/index.php\/wp-json\/wp\/v2\/posts"}],"about":[{"href":"https:\/\/soldadoadrianojose.com.br\/index.php\/wp-json\/wp\/v2\/types\/post"}],"author":[{"embeddable":true,"href":"https:\/\/soldadoadrianojose.com.br\/index.php\/wp-json\/wp\/v2\/users\/1"}],"replies":[{"embeddable":true,"href":"https:\/\/soldadoadrianojose.com.br\/index.php\/wp-json\/wp\/v2\/comments?post=694"}],"version-history":[{"count":1,"href":"https:\/\/soldadoadrianojose.com.br\/index.php\/wp-json\/wp\/v2\/posts\/694\/revisions"}],"predecessor-version":[{"id":696,"href":"https:\/\/soldadoadrianojose.com.br\/index.php\/wp-json\/wp\/v2\/posts\/694\/revisions\/696"}],"wp:featuredmedia":[{"embeddable":true,"href":"https:\/\/soldadoadrianojose.com.br\/index.php\/wp-json\/wp\/v2\/media\/698"}],"wp:attachment":[{"href":"https:\/\/soldadoadrianojose.com.br\/index.php\/wp-json\/wp\/v2\/media?parent=694"}],"wp:term":[{"taxonomy":"category","embeddable":true,"href":"https:\/\/soldadoadrianojose.com.br\/index.php\/wp-json\/wp\/v2\/categories?post=694"},{"taxonomy":"post_tag","embeddable":true,"href":"https:\/\/soldadoadrianojose.com.br\/index.php\/wp-json\/wp\/v2\/tags?post=694"}],"curies":[{"name":"wp","href":"https:\/\/api.w.org\/{rel}","templated":true}]}}