{"id":711,"date":"2023-03-30T20:08:31","date_gmt":"2023-03-30T23:08:31","guid":{"rendered":"https:\/\/soldadoadrianojose.com.br\/?p=711"},"modified":"2023-03-30T20:33:18","modified_gmt":"2023-03-30T23:33:18","slug":"voce-sabia-que-o-municipio-de-francisco-alves-tem-a-prefeita-mais-jovem-do-parana","status":"publish","type":"post","link":"https:\/\/soldadoadrianojose.com.br\/index.php\/2023\/03\/30\/voce-sabia-que-o-municipio-de-francisco-alves-tem-a-prefeita-mais-jovem-do-parana\/","title":{"rendered":"Voc\u00ea sabia que o munic\u00edpio de Francisco Alves, tem a prefeita mais jovem do Paran\u00e1?"},"content":{"rendered":"\n<figure class=\"wp-block-image size-large\"><img fetchpriority=\"high\" decoding=\"async\" width=\"1024\" height=\"682\" src=\"https:\/\/soldadoadrianojose.com.br\/wp-content\/uploads\/2023\/03\/WhatsApp-Image-2023-03-30-at-14.33.53-1024x682.jpeg\" alt=\"\" class=\"wp-image-712\" srcset=\"https:\/\/soldadoadrianojose.com.br\/wp-content\/uploads\/2023\/03\/WhatsApp-Image-2023-03-30-at-14.33.53-1024x682.jpeg 1024w, https:\/\/soldadoadrianojose.com.br\/wp-content\/uploads\/2023\/03\/WhatsApp-Image-2023-03-30-at-14.33.53-300x200.jpeg 300w, https:\/\/soldadoadrianojose.com.br\/wp-content\/uploads\/2023\/03\/WhatsApp-Image-2023-03-30-at-14.33.53-768x512.jpeg 768w, https:\/\/soldadoadrianojose.com.br\/wp-content\/uploads\/2023\/03\/WhatsApp-Image-2023-03-30-at-14.33.53-1536x1023.jpeg 1536w, https:\/\/soldadoadrianojose.com.br\/wp-content\/uploads\/2023\/03\/WhatsApp-Image-2023-03-30-at-14.33.53.jpeg 1600w\" sizes=\"(max-width: 1024px) 100vw, 1024px\" \/><\/figure>\n\n\n\n<p>A prefeita Milena, \u00e9 filha do ex-prefeito Valtinho e na nossa visita de hoje, deixo registrado que estamos trabalhando com muita determina\u00e7\u00e3o e parcerias dentro da Assembleia com o deputado estadual Alexandre Curi, para ajudar na retomada do desenvolvimento do munic\u00edpio, podendo assim, levar mais qualidade de vida \u00e0 popula\u00e7\u00e3o<\/p>\n\n\n\n<p>Obrigada pela recep\u00e7\u00e3o, Prefeita! Conte sempre com meu apoio!<\/p>\n","protected":false},"excerpt":{"rendered":"<p>A prefeita Milena, \u00e9 filha do ex-prefeito Valtinho e na nossa visita de hoje, deixo registrado que estamos trabalhando com muita determina\u00e7\u00e3o e parcerias dentro da Assembleia com o deputado estadual Alexandre Curi, para ajudar na retomada do desenvolvimento do munic\u00edpio, podendo assim, levar mais qualidade de vida \u00e0 popula\u00e7\u00e3o Obrigada pela recep\u00e7\u00e3o, Prefeita! Conte [&hellip;]<\/p>\n","protected":false},"author":1,"featured_media":712,"comment_status":"open","ping_status":"open","sticky":false,"template":"","format":"standard","meta":{"footnotes":""},"categories":[1,5],"tags":[],"class_list":["post-711","post","type-post","status-publish","format-standard","has-post-thumbnail","hentry","category-gabinete-sd","category-parana"],"yoast_head":"<!-- This site is optimized with the Yoast SEO plugin v27.4 - https:\/\/yoast.com\/product\/yoast-seo-wordpress\/ -->\n<title>Voc\u00ea sabia que o munic\u00edpio de Francisco Alves, tem a prefeita mais jovem do Paran\u00e1? - Deputado Adriano Jos\u00e9<\/title>\n<meta name=\"robots\" content=\"index, follow, max-snippet:-1, max-image-preview:large, max-video-preview:-1\" \/>\n<link rel=\"canonical\" href=\"https:\/\/soldadoadrianojose.com.br\/index.php\/2023\/03\/30\/voce-sabia-que-o-municipio-de-francisco-alves-tem-a-prefeita-mais-jovem-do-parana\/\" \/>\n<meta property=\"og:locale\" content=\"pt_BR\" \/>\n<meta property=\"og:type\" content=\"article\" \/>\n<meta property=\"og:title\" content=\"Voc\u00ea sabia que o munic\u00edpio de Francisco Alves, tem a prefeita mais jovem do Paran\u00e1? - Deputado Adriano Jos\u00e9\" \/>\n<meta property=\"og:description\" content=\"A prefeita Milena, \u00e9 filha do ex-prefeito Valtinho e na nossa visita de hoje, deixo registrado que estamos trabalhando com muita determina\u00e7\u00e3o e parcerias dentro da Assembleia com o deputado estadual Alexandre Curi, para ajudar na retomada do desenvolvimento do munic\u00edpio, podendo assim, levar mais qualidade de vida \u00e0 popula\u00e7\u00e3o Obrigada pela recep\u00e7\u00e3o, Prefeita! Conte [&hellip;]\" \/>\n<meta property=\"og:url\" content=\"https:\/\/soldadoadrianojose.com.br\/index.php\/2023\/03\/30\/voce-sabia-que-o-municipio-de-francisco-alves-tem-a-prefeita-mais-jovem-do-parana\/\" \/>\n<meta property=\"og:site_name\" content=\"Deputado Adriano Jos\u00e9\" \/>\n<meta property=\"article:published_time\" content=\"2023-03-30T23:08:31+00:00\" \/>\n<meta property=\"article:modified_time\" content=\"2023-03-30T23:33:18+00:00\" \/>\n<meta property=\"og:image\" content=\"https:\/\/soldadoadrianojose.com.br\/wp-content\/uploads\/2023\/03\/WhatsApp-Image-2023-03-30-at-14.33.53.jpeg\" \/>\n\t<meta property=\"og:image:width\" content=\"1600\" \/>\n\t<meta property=\"og:image:height\" content=\"1066\" \/>\n\t<meta property=\"og:image:type\" content=\"image\/jpeg\" \/>\n<meta name=\"author\" content=\"soldadoadrianojose\" \/>\n<meta name=\"twitter:card\" content=\"summary_large_image\" \/>\n<meta name=\"twitter:label1\" content=\"Escrito por\" \/>\n\t<meta name=\"twitter:data1\" content=\"soldadoadrianojose\" \/>\n\t<meta name=\"twitter:label2\" content=\"Est. tempo de leitura\" \/>\n\t<meta name=\"twitter:data2\" content=\"1 minuto\" \/>\n<script type=\"application\/ld+json\" class=\"yoast-schema-graph\">{\"@context\":\"https:\\\/\\\/schema.org\",\"@graph\":[{\"@type\":\"Article\",\"@id\":\"https:\\\/\\\/soldadoadrianojose.com.br\\\/index.php\\\/2023\\\/03\\\/30\\\/voce-sabia-que-o-municipio-de-francisco-alves-tem-a-prefeita-mais-jovem-do-parana\\\/#article\",\"isPartOf\":{\"@id\":\"https:\\\/\\\/soldadoadrianojose.com.br\\\/index.php\\\/2023\\\/03\\\/30\\\/voce-sabia-que-o-municipio-de-francisco-alves-tem-a-prefeita-mais-jovem-do-parana\\\/\"},\"author\":{\"name\":\"soldadoadrianojose\",\"@id\":\"https:\\\/\\\/soldadoadrianojose.com.br\\\/#\\\/schema\\\/person\\\/16f8e8defb7a4bd6c6082efcd1bdb6bb\"},\"headline\":\"Voc\u00ea sabia que o munic\u00edpio de Francisco Alves, tem a prefeita mais jovem do Paran\u00e1?\",\"datePublished\":\"2023-03-30T23:08:31+00:00\",\"dateModified\":\"2023-03-30T23:33:18+00:00\",\"mainEntityOfPage\":{\"@id\":\"https:\\\/\\\/soldadoadrianojose.com.br\\\/index.php\\\/2023\\\/03\\\/30\\\/voce-sabia-que-o-municipio-de-francisco-alves-tem-a-prefeita-mais-jovem-do-parana\\\/\"},\"wordCount\":77,\"commentCount\":0,\"publisher\":{\"@id\":\"https:\\\/\\\/soldadoadrianojose.com.br\\\/#\\\/schema\\\/person\\\/16f8e8defb7a4bd6c6082efcd1bdb6bb\"},\"image\":{\"@id\":\"https:\\\/\\\/soldadoadrianojose.com.br\\\/index.php\\\/2023\\\/03\\\/30\\\/voce-sabia-que-o-municipio-de-francisco-alves-tem-a-prefeita-mais-jovem-do-parana\\\/#primaryimage\"},\"thumbnailUrl\":\"https:\\\/\\\/soldadoadrianojose.com.br\\\/wp-content\\\/uploads\\\/2023\\\/03\\\/WhatsApp-Image-2023-03-30-at-14.33.53.jpeg\",\"articleSection\":[\"GABINETE SD\",\"PARAN\u00c1\"],\"inLanguage\":\"pt-BR\",\"potentialAction\":[{\"@type\":\"CommentAction\",\"name\":\"Comment\",\"target\":[\"https:\\\/\\\/soldadoadrianojose.com.br\\\/index.php\\\/2023\\\/03\\\/30\\\/voce-sabia-que-o-municipio-de-francisco-alves-tem-a-prefeita-mais-jovem-do-parana\\\/#respond\"]}]},{\"@type\":\"WebPage\",\"@id\":\"https:\\\/\\\/soldadoadrianojose.com.br\\\/index.php\\\/2023\\\/03\\\/30\\\/voce-sabia-que-o-municipio-de-francisco-alves-tem-a-prefeita-mais-jovem-do-parana\\\/\",\"url\":\"https:\\\/\\\/soldadoadrianojose.com.br\\\/index.php\\\/2023\\\/03\\\/30\\\/voce-sabia-que-o-municipio-de-francisco-alves-tem-a-prefeita-mais-jovem-do-parana\\\/\",\"name\":\"Voc\u00ea sabia que o munic\u00edpio de Francisco Alves, tem a prefeita mais jovem do Paran\u00e1? - Deputado Adriano Jos\u00e9\",\"isPartOf\":{\"@id\":\"https:\\\/\\\/soldadoadrianojose.com.br\\\/#website\"},\"primaryImageOfPage\":{\"@id\":\"https:\\\/\\\/soldadoadrianojose.com.br\\\/index.php\\\/2023\\\/03\\\/30\\\/voce-sabia-que-o-municipio-de-francisco-alves-tem-a-prefeita-mais-jovem-do-parana\\\/#primaryimage\"},\"image\":{\"@id\":\"https:\\\/\\\/soldadoadrianojose.com.br\\\/index.php\\\/2023\\\/03\\\/30\\\/voce-sabia-que-o-municipio-de-francisco-alves-tem-a-prefeita-mais-jovem-do-parana\\\/#primaryimage\"},\"thumbnailUrl\":\"https:\\\/\\\/soldadoadrianojose.com.br\\\/wp-content\\\/uploads\\\/2023\\\/03\\\/WhatsApp-Image-2023-03-30-at-14.33.53.jpeg\",\"datePublished\":\"2023-03-30T23:08:31+00:00\",\"dateModified\":\"2023-03-30T23:33:18+00:00\",\"breadcrumb\":{\"@id\":\"https:\\\/\\\/soldadoadrianojose.com.br\\\/index.php\\\/2023\\\/03\\\/30\\\/voce-sabia-que-o-municipio-de-francisco-alves-tem-a-prefeita-mais-jovem-do-parana\\\/#breadcrumb\"},\"inLanguage\":\"pt-BR\",\"potentialAction\":[{\"@type\":\"ReadAction\",\"target\":[\"https:\\\/\\\/soldadoadrianojose.com.br\\\/index.php\\\/2023\\\/03\\\/30\\\/voce-sabia-que-o-municipio-de-francisco-alves-tem-a-prefeita-mais-jovem-do-parana\\\/\"]}]},{\"@type\":\"ImageObject\",\"inLanguage\":\"pt-BR\",\"@id\":\"https:\\\/\\\/soldadoadrianojose.com.br\\\/index.php\\\/2023\\\/03\\\/30\\\/voce-sabia-que-o-municipio-de-francisco-alves-tem-a-prefeita-mais-jovem-do-parana\\\/#primaryimage\",\"url\":\"https:\\\/\\\/soldadoadrianojose.com.br\\\/wp-content\\\/uploads\\\/2023\\\/03\\\/WhatsApp-Image-2023-03-30-at-14.33.53.jpeg\",\"contentUrl\":\"https:\\\/\\\/soldadoadrianojose.com.br\\\/wp-content\\\/uploads\\\/2023\\\/03\\\/WhatsApp-Image-2023-03-30-at-14.33.53.jpeg\",\"width\":1600,\"height\":1066},{\"@type\":\"BreadcrumbList\",\"@id\":\"https:\\\/\\\/soldadoadrianojose.com.br\\\/index.php\\\/2023\\\/03\\\/30\\\/voce-sabia-que-o-municipio-de-francisco-alves-tem-a-prefeita-mais-jovem-do-parana\\\/#breadcrumb\",\"itemListElement\":[{\"@type\":\"ListItem\",\"position\":1,\"name\":\"In\u00edcio\",\"item\":\"https:\\\/\\\/soldadoadrianojose.com.br\\\/\"},{\"@type\":\"ListItem\",\"position\":2,\"name\":\"Voc\u00ea sabia que o munic\u00edpio de Francisco Alves, tem a prefeita mais jovem do Paran\u00e1?\"}]},{\"@type\":\"WebSite\",\"@id\":\"https:\\\/\\\/soldadoadrianojose.com.br\\\/#website\",\"url\":\"https:\\\/\\\/soldadoadrianojose.com.br\\\/\",\"name\":\"Deputado Adriano Jos\u00e9\",\"description\":\"Nosso trabalho \u00e9 pelas pessoas\",\"publisher\":{\"@id\":\"https:\\\/\\\/soldadoadrianojose.com.br\\\/#\\\/schema\\\/person\\\/16f8e8defb7a4bd6c6082efcd1bdb6bb\"},\"potentialAction\":[{\"@type\":\"SearchAction\",\"target\":{\"@type\":\"EntryPoint\",\"urlTemplate\":\"https:\\\/\\\/soldadoadrianojose.com.br\\\/?s={search_term_string}\"},\"query-input\":{\"@type\":\"PropertyValueSpecification\",\"valueRequired\":true,\"valueName\":\"search_term_string\"}}],\"inLanguage\":\"pt-BR\"},{\"@type\":[\"Person\",\"Organization\"],\"@id\":\"https:\\\/\\\/soldadoadrianojose.com.br\\\/#\\\/schema\\\/person\\\/16f8e8defb7a4bd6c6082efcd1bdb6bb\",\"name\":\"soldadoadrianojose\",\"image\":{\"@type\":\"ImageObject\",\"inLanguage\":\"pt-BR\",\"@id\":\"https:\\\/\\\/soldadoadrianojose.com.br\\\/wp-content\\\/uploads\\\/2023\\\/02\\\/LOGO_CLEAR-5.png\",\"url\":\"https:\\\/\\\/soldadoadrianojose.com.br\\\/wp-content\\\/uploads\\\/2023\\\/02\\\/LOGO_CLEAR-5.png\",\"contentUrl\":\"https:\\\/\\\/soldadoadrianojose.com.br\\\/wp-content\\\/uploads\\\/2023\\\/02\\\/LOGO_CLEAR-5.png\",\"width\":3508,\"height\":998,\"caption\":\"soldadoadrianojose\"},\"logo\":{\"@id\":\"https:\\\/\\\/soldadoadrianojose.com.br\\\/wp-content\\\/uploads\\\/2023\\\/02\\\/LOGO_CLEAR-5.png\"},\"sameAs\":[\"https:\\\/\\\/soldadoadrianojose.com.br\"],\"url\":\"https:\\\/\\\/soldadoadrianojose.com.br\\\/index.php\\\/author\\\/soldadoadrianojose\\\/\"}]}<\/script>\n<!-- \/ Yoast SEO plugin. -->","yoast_head_json":{"title":"Voc\u00ea sabia que o munic\u00edpio de Francisco Alves, tem a prefeita mais jovem do Paran\u00e1? - Deputado Adriano Jos\u00e9","robots":{"index":"index","follow":"follow","max-snippet":"max-snippet:-1","max-image-preview":"max-image-preview:large","max-video-preview":"max-video-preview:-1"},"canonical":"https:\/\/soldadoadrianojose.com.br\/index.php\/2023\/03\/30\/voce-sabia-que-o-municipio-de-francisco-alves-tem-a-prefeita-mais-jovem-do-parana\/","og_locale":"pt_BR","og_type":"article","og_title":"Voc\u00ea sabia que o munic\u00edpio de Francisco Alves, tem a prefeita mais jovem do Paran\u00e1? - Deputado Adriano Jos\u00e9","og_description":"A prefeita Milena, \u00e9 filha do ex-prefeito Valtinho e na nossa visita de hoje, deixo registrado que estamos trabalhando com muita determina\u00e7\u00e3o e parcerias dentro da Assembleia com o deputado estadual Alexandre Curi, para ajudar na retomada do desenvolvimento do munic\u00edpio, podendo assim, levar mais qualidade de vida \u00e0 popula\u00e7\u00e3o Obrigada pela recep\u00e7\u00e3o, Prefeita! Conte [&hellip;]","og_url":"https:\/\/soldadoadrianojose.com.br\/index.php\/2023\/03\/30\/voce-sabia-que-o-municipio-de-francisco-alves-tem-a-prefeita-mais-jovem-do-parana\/","og_site_name":"Deputado Adriano Jos\u00e9","article_published_time":"2023-03-30T23:08:31+00:00","article_modified_time":"2023-03-30T23:33:18+00:00","og_image":[{"width":1600,"height":1066,"url":"https:\/\/soldadoadrianojose.com.br\/wp-content\/uploads\/2023\/03\/WhatsApp-Image-2023-03-30-at-14.33.53.jpeg","type":"image\/jpeg"}],"author":"soldadoadrianojose","twitter_card":"summary_large_image","twitter_misc":{"Escrito por":"soldadoadrianojose","Est. tempo de leitura":"1 minuto"},"schema":{"@context":"https:\/\/schema.org","@graph":[{"@type":"Article","@id":"https:\/\/soldadoadrianojose.com.br\/index.php\/2023\/03\/30\/voce-sabia-que-o-municipio-de-francisco-alves-tem-a-prefeita-mais-jovem-do-parana\/#article","isPartOf":{"@id":"https:\/\/soldadoadrianojose.com.br\/index.php\/2023\/03\/30\/voce-sabia-que-o-municipio-de-francisco-alves-tem-a-prefeita-mais-jovem-do-parana\/"},"author":{"name":"soldadoadrianojose","@id":"https:\/\/soldadoadrianojose.com.br\/#\/schema\/person\/16f8e8defb7a4bd6c6082efcd1bdb6bb"},"headline":"Voc\u00ea sabia que o munic\u00edpio de Francisco Alves, tem a prefeita mais jovem do Paran\u00e1?","datePublished":"2023-03-30T23:08:31+00:00","dateModified":"2023-03-30T23:33:18+00:00","mainEntityOfPage":{"@id":"https:\/\/soldadoadrianojose.com.br\/index.php\/2023\/03\/30\/voce-sabia-que-o-municipio-de-francisco-alves-tem-a-prefeita-mais-jovem-do-parana\/"},"wordCount":77,"commentCount":0,"publisher":{"@id":"https:\/\/soldadoadrianojose.com.br\/#\/schema\/person\/16f8e8defb7a4bd6c6082efcd1bdb6bb"},"image":{"@id":"https:\/\/soldadoadrianojose.com.br\/index.php\/2023\/03\/30\/voce-sabia-que-o-municipio-de-francisco-alves-tem-a-prefeita-mais-jovem-do-parana\/#primaryimage"},"thumbnailUrl":"https:\/\/soldadoadrianojose.com.br\/wp-content\/uploads\/2023\/03\/WhatsApp-Image-2023-03-30-at-14.33.53.jpeg","articleSection":["GABINETE SD","PARAN\u00c1"],"inLanguage":"pt-BR","potentialAction":[{"@type":"CommentAction","name":"Comment","target":["https:\/\/soldadoadrianojose.com.br\/index.php\/2023\/03\/30\/voce-sabia-que-o-municipio-de-francisco-alves-tem-a-prefeita-mais-jovem-do-parana\/#respond"]}]},{"@type":"WebPage","@id":"https:\/\/soldadoadrianojose.com.br\/index.php\/2023\/03\/30\/voce-sabia-que-o-municipio-de-francisco-alves-tem-a-prefeita-mais-jovem-do-parana\/","url":"https:\/\/soldadoadrianojose.com.br\/index.php\/2023\/03\/30\/voce-sabia-que-o-municipio-de-francisco-alves-tem-a-prefeita-mais-jovem-do-parana\/","name":"Voc\u00ea sabia que o munic\u00edpio de Francisco Alves, tem a prefeita mais jovem do Paran\u00e1? - Deputado Adriano Jos\u00e9","isPartOf":{"@id":"https:\/\/soldadoadrianojose.com.br\/#website"},"primaryImageOfPage":{"@id":"https:\/\/soldadoadrianojose.com.br\/index.php\/2023\/03\/30\/voce-sabia-que-o-municipio-de-francisco-alves-tem-a-prefeita-mais-jovem-do-parana\/#primaryimage"},"image":{"@id":"https:\/\/soldadoadrianojose.com.br\/index.php\/2023\/03\/30\/voce-sabia-que-o-municipio-de-francisco-alves-tem-a-prefeita-mais-jovem-do-parana\/#primaryimage"},"thumbnailUrl":"https:\/\/soldadoadrianojose.com.br\/wp-content\/uploads\/2023\/03\/WhatsApp-Image-2023-03-30-at-14.33.53.jpeg","datePublished":"2023-03-30T23:08:31+00:00","dateModified":"2023-03-30T23:33:18+00:00","breadcrumb":{"@id":"https:\/\/soldadoadrianojose.com.br\/index.php\/2023\/03\/30\/voce-sabia-que-o-municipio-de-francisco-alves-tem-a-prefeita-mais-jovem-do-parana\/#breadcrumb"},"inLanguage":"pt-BR","potentialAction":[{"@type":"ReadAction","target":["https:\/\/soldadoadrianojose.com.br\/index.php\/2023\/03\/30\/voce-sabia-que-o-municipio-de-francisco-alves-tem-a-prefeita-mais-jovem-do-parana\/"]}]},{"@type":"ImageObject","inLanguage":"pt-BR","@id":"https:\/\/soldadoadrianojose.com.br\/index.php\/2023\/03\/30\/voce-sabia-que-o-municipio-de-francisco-alves-tem-a-prefeita-mais-jovem-do-parana\/#primaryimage","url":"https:\/\/soldadoadrianojose.com.br\/wp-content\/uploads\/2023\/03\/WhatsApp-Image-2023-03-30-at-14.33.53.jpeg","contentUrl":"https:\/\/soldadoadrianojose.com.br\/wp-content\/uploads\/2023\/03\/WhatsApp-Image-2023-03-30-at-14.33.53.jpeg","width":1600,"height":1066},{"@type":"BreadcrumbList","@id":"https:\/\/soldadoadrianojose.com.br\/index.php\/2023\/03\/30\/voce-sabia-que-o-municipio-de-francisco-alves-tem-a-prefeita-mais-jovem-do-parana\/#breadcrumb","itemListElement":[{"@type":"ListItem","position":1,"name":"In\u00edcio","item":"https:\/\/soldadoadrianojose.com.br\/"},{"@type":"ListItem","position":2,"name":"Voc\u00ea sabia que o munic\u00edpio de Francisco Alves, tem a prefeita mais jovem do Paran\u00e1?"}]},{"@type":"WebSite","@id":"https:\/\/soldadoadrianojose.com.br\/#website","url":"https:\/\/soldadoadrianojose.com.br\/","name":"Deputado Adriano Jos\u00e9","description":"Nosso trabalho \u00e9 pelas pessoas","publisher":{"@id":"https:\/\/soldadoadrianojose.com.br\/#\/schema\/person\/16f8e8defb7a4bd6c6082efcd1bdb6bb"},"potentialAction":[{"@type":"SearchAction","target":{"@type":"EntryPoint","urlTemplate":"https:\/\/soldadoadrianojose.com.br\/?s={search_term_string}"},"query-input":{"@type":"PropertyValueSpecification","valueRequired":true,"valueName":"search_term_string"}}],"inLanguage":"pt-BR"},{"@type":["Person","Organization"],"@id":"https:\/\/soldadoadrianojose.com.br\/#\/schema\/person\/16f8e8defb7a4bd6c6082efcd1bdb6bb","name":"soldadoadrianojose","image":{"@type":"ImageObject","inLanguage":"pt-BR","@id":"https:\/\/soldadoadrianojose.com.br\/wp-content\/uploads\/2023\/02\/LOGO_CLEAR-5.png","url":"https:\/\/soldadoadrianojose.com.br\/wp-content\/uploads\/2023\/02\/LOGO_CLEAR-5.png","contentUrl":"https:\/\/soldadoadrianojose.com.br\/wp-content\/uploads\/2023\/02\/LOGO_CLEAR-5.png","width":3508,"height":998,"caption":"soldadoadrianojose"},"logo":{"@id":"https:\/\/soldadoadrianojose.com.br\/wp-content\/uploads\/2023\/02\/LOGO_CLEAR-5.png"},"sameAs":["https:\/\/soldadoadrianojose.com.br"],"url":"https:\/\/soldadoadrianojose.com.br\/index.php\/author\/soldadoadrianojose\/"}]}},"jetpack_featured_media_url":"https:\/\/soldadoadrianojose.com.br\/wp-content\/uploads\/2023\/03\/WhatsApp-Image-2023-03-30-at-14.33.53.jpeg","_links":{"self":[{"href":"https:\/\/soldadoadrianojose.com.br\/index.php\/wp-json\/wp\/v2\/posts\/711","targetHints":{"allow":["GET"]}}],"collection":[{"href":"https:\/\/soldadoadrianojose.com.br\/index.php\/wp-json\/wp\/v2\/posts"}],"about":[{"href":"https:\/\/soldadoadrianojose.com.br\/index.php\/wp-json\/wp\/v2\/types\/post"}],"author":[{"embeddable":true,"href":"https:\/\/soldadoadrianojose.com.br\/index.php\/wp-json\/wp\/v2\/users\/1"}],"replies":[{"embeddable":true,"href":"https:\/\/soldadoadrianojose.com.br\/index.php\/wp-json\/wp\/v2\/comments?post=711"}],"version-history":[{"count":1,"href":"https:\/\/soldadoadrianojose.com.br\/index.php\/wp-json\/wp\/v2\/posts\/711\/revisions"}],"predecessor-version":[{"id":714,"href":"https:\/\/soldadoadrianojose.com.br\/index.php\/wp-json\/wp\/v2\/posts\/711\/revisions\/714"}],"wp:featuredmedia":[{"embeddable":true,"href":"https:\/\/soldadoadrianojose.com.br\/index.php\/wp-json\/wp\/v2\/media\/712"}],"wp:attachment":[{"href":"https:\/\/soldadoadrianojose.com.br\/index.php\/wp-json\/wp\/v2\/media?parent=711"}],"wp:term":[{"taxonomy":"category","embeddable":true,"href":"https:\/\/soldadoadrianojose.com.br\/index.php\/wp-json\/wp\/v2\/categories?post=711"},{"taxonomy":"post_tag","embeddable":true,"href":"https:\/\/soldadoadrianojose.com.br\/index.php\/wp-json\/wp\/v2\/tags?post=711"}],"curies":[{"name":"wp","href":"https:\/\/api.w.org\/{rel}","templated":true}]}}