{"id":717,"date":"2023-03-31T19:13:55","date_gmt":"2023-03-31T22:13:55","guid":{"rendered":"https:\/\/soldadoadrianojose.com.br\/?p=717"},"modified":"2023-03-31T19:35:43","modified_gmt":"2023-03-31T22:35:43","slug":"nova-viatura-e-entregue-ao-destacamento-da-pm-de-maripa","status":"publish","type":"post","link":"https:\/\/soldadoadrianojose.com.br\/index.php\/2023\/03\/31\/nova-viatura-e-entregue-ao-destacamento-da-pm-de-maripa\/","title":{"rendered":"Nova viatura \u00e9 entregue ao destacamento da PM de Marip\u00e1"},"content":{"rendered":"\n<p><strong><em>Al\u00e9m do ve\u00edculo, os investimentos na \u00e1rea da seguran\u00e7a p\u00fablica pelo Governo do Estado do Paran\u00e1 ainda contemplam a reforma da delegacia<\/em><\/strong><\/p>\n\n\n\n<figure class=\"wp-block-image size-large\"><img fetchpriority=\"high\" decoding=\"async\" width=\"1024\" height=\"682\" src=\"https:\/\/soldadoadrianojose.com.br\/wp-content\/uploads\/2023\/03\/WhatsApp-Image-2023-03-30-at-18.25.34-1024x682.jpeg\" alt=\"\" class=\"wp-image-718\" srcset=\"https:\/\/soldadoadrianojose.com.br\/wp-content\/uploads\/2023\/03\/WhatsApp-Image-2023-03-30-at-18.25.34-1024x682.jpeg 1024w, https:\/\/soldadoadrianojose.com.br\/wp-content\/uploads\/2023\/03\/WhatsApp-Image-2023-03-30-at-18.25.34-300x200.jpeg 300w, https:\/\/soldadoadrianojose.com.br\/wp-content\/uploads\/2023\/03\/WhatsApp-Image-2023-03-30-at-18.25.34-768x512.jpeg 768w, https:\/\/soldadoadrianojose.com.br\/wp-content\/uploads\/2023\/03\/WhatsApp-Image-2023-03-30-at-18.25.34-1536x1023.jpeg 1536w, https:\/\/soldadoadrianojose.com.br\/wp-content\/uploads\/2023\/03\/WhatsApp-Image-2023-03-30-at-18.25.34.jpeg 1600w\" sizes=\"(max-width: 1024px) 100vw, 1024px\" \/><\/figure>\n\n\n\n<p>Foi entregue nesta quinta-feira (30), ao destacamento da Pol\u00edcia Militar de Marip\u00e1, uma nova viatura modelo Renaut Duster, que ir\u00e1 melhorar as condi\u00e7\u00f5es de trabalho dos policiais e possibilitar um melhor atendimento \u00e0 comunidade maripaense.<\/p>\n\n\n\n<p>A nova viatura, de acordo com o prefeito Rodrigo Schanoski, \u00e9 uma conquista importante para o munic\u00edpio. \u201cO ve\u00edculo ir\u00e1 refor\u00e7ar o trabalho do efetivo local, que ter\u00e1 melhores condi\u00e7\u00f5es para executar o patrulhamento e melhorar ainda mais o trabalho que \u00e9 desempenhado pelos policiais em nosso munic\u00edpio\u201d, ressalta.<\/p>\n\n\n\n<p>Al\u00e9m do ve\u00edculo, os investimentos na \u00e1rea da seguran\u00e7a p\u00fablica pelo Governo do Estado do Paran\u00e1 ainda contemplam a reforma da delegacia, obra que est\u00e1 em execu\u00e7\u00e3o e era uma demanda j\u00e1 apresentada pelo governo municipal.<\/p>\n\n\n\n<p>Participaram da entrega o prefeito Rodrigo Schanoski e a vice-prefeita Jana\u00edna M\u00fcller Geraldi; os deputados estaduais Soldado Adriano Jos\u00e9 e Marcel Micheletto; o coronel Rubens Garcez, Comandante do 5\u00ba CRPM; o comandante do Terceiro Pelot\u00e3o da Pol\u00edcia Militar de Palotina, Tenente Leonardo Franco; o comandante do destacamento da PM de Marip\u00e1, Sargento Everson Wulf; o presidente da C\u00e2mara Municipal, Diego Eduardo Stange e os vereadores Soimar Rockenbach, Donaldo Seling, Ivanildo Kerkhoven, Marco Aur\u00e9lio Boina e Almiro Fritzen; o representante&nbsp; do Conselho Municipal de Seguran\u00e7a, Idair Lazarin; secret\u00e1rios municipais e demais policiais e comunidade presentes.<\/p>\n","protected":false},"excerpt":{"rendered":"<p>Al\u00e9m do ve\u00edculo, os investimentos na \u00e1rea da seguran\u00e7a p\u00fablica pelo Governo do Estado do Paran\u00e1 ainda contemplam a reforma da delegacia Foi entregue nesta quinta-feira (30), ao destacamento da Pol\u00edcia Militar de Marip\u00e1, uma nova viatura modelo Renaut Duster, que ir\u00e1 melhorar as condi\u00e7\u00f5es de trabalho dos policiais e possibilitar um melhor atendimento \u00e0 [&hellip;]<\/p>\n","protected":false},"author":1,"featured_media":718,"comment_status":"open","ping_status":"open","sticky":false,"template":"","format":"standard","meta":{"footnotes":""},"categories":[1],"tags":[],"class_list":["post-717","post","type-post","status-publish","format-standard","has-post-thumbnail","hentry","category-gabinete-sd"],"yoast_head":"<!-- This site is optimized with the Yoast SEO plugin v27.4 - https:\/\/yoast.com\/product\/yoast-seo-wordpress\/ -->\n<title>Nova viatura \u00e9 entregue ao destacamento da PM de Marip\u00e1 - Deputado Adriano Jos\u00e9<\/title>\n<meta name=\"robots\" content=\"index, follow, max-snippet:-1, max-image-preview:large, max-video-preview:-1\" \/>\n<link rel=\"canonical\" href=\"https:\/\/soldadoadrianojose.com.br\/index.php\/2023\/03\/31\/nova-viatura-e-entregue-ao-destacamento-da-pm-de-maripa\/\" \/>\n<meta property=\"og:locale\" content=\"pt_BR\" \/>\n<meta property=\"og:type\" content=\"article\" \/>\n<meta property=\"og:title\" content=\"Nova viatura \u00e9 entregue ao destacamento da PM de Marip\u00e1 - Deputado Adriano Jos\u00e9\" \/>\n<meta property=\"og:description\" content=\"Al\u00e9m do ve\u00edculo, os investimentos na \u00e1rea da seguran\u00e7a p\u00fablica pelo Governo do Estado do Paran\u00e1 ainda contemplam a reforma da delegacia Foi entregue nesta quinta-feira (30), ao destacamento da Pol\u00edcia Militar de Marip\u00e1, uma nova viatura modelo Renaut Duster, que ir\u00e1 melhorar as condi\u00e7\u00f5es de trabalho dos policiais e possibilitar um melhor atendimento \u00e0 [&hellip;]\" \/>\n<meta property=\"og:url\" content=\"https:\/\/soldadoadrianojose.com.br\/index.php\/2023\/03\/31\/nova-viatura-e-entregue-ao-destacamento-da-pm-de-maripa\/\" \/>\n<meta property=\"og:site_name\" content=\"Deputado Adriano Jos\u00e9\" \/>\n<meta property=\"article:published_time\" content=\"2023-03-31T22:13:55+00:00\" \/>\n<meta property=\"article:modified_time\" content=\"2023-03-31T22:35:43+00:00\" \/>\n<meta property=\"og:image\" content=\"https:\/\/soldadoadrianojose.com.br\/wp-content\/uploads\/2023\/03\/WhatsApp-Image-2023-03-30-at-18.25.34.jpeg\" \/>\n\t<meta property=\"og:image:width\" content=\"1600\" \/>\n\t<meta property=\"og:image:height\" content=\"1066\" \/>\n\t<meta property=\"og:image:type\" content=\"image\/jpeg\" \/>\n<meta name=\"author\" content=\"soldadoadrianojose\" \/>\n<meta name=\"twitter:card\" content=\"summary_large_image\" \/>\n<meta name=\"twitter:label1\" content=\"Escrito por\" \/>\n\t<meta name=\"twitter:data1\" content=\"soldadoadrianojose\" \/>\n\t<meta name=\"twitter:label2\" content=\"Est. tempo de leitura\" \/>\n\t<meta name=\"twitter:data2\" content=\"2 minutos\" \/>\n<script type=\"application\/ld+json\" class=\"yoast-schema-graph\">{\"@context\":\"https:\\\/\\\/schema.org\",\"@graph\":[{\"@type\":\"Article\",\"@id\":\"https:\\\/\\\/soldadoadrianojose.com.br\\\/index.php\\\/2023\\\/03\\\/31\\\/nova-viatura-e-entregue-ao-destacamento-da-pm-de-maripa\\\/#article\",\"isPartOf\":{\"@id\":\"https:\\\/\\\/soldadoadrianojose.com.br\\\/index.php\\\/2023\\\/03\\\/31\\\/nova-viatura-e-entregue-ao-destacamento-da-pm-de-maripa\\\/\"},\"author\":{\"name\":\"soldadoadrianojose\",\"@id\":\"https:\\\/\\\/soldadoadrianojose.com.br\\\/#\\\/schema\\\/person\\\/16f8e8defb7a4bd6c6082efcd1bdb6bb\"},\"headline\":\"Nova viatura \u00e9 entregue ao destacamento da PM de Marip\u00e1\",\"datePublished\":\"2023-03-31T22:13:55+00:00\",\"dateModified\":\"2023-03-31T22:35:43+00:00\",\"mainEntityOfPage\":{\"@id\":\"https:\\\/\\\/soldadoadrianojose.com.br\\\/index.php\\\/2023\\\/03\\\/31\\\/nova-viatura-e-entregue-ao-destacamento-da-pm-de-maripa\\\/\"},\"wordCount\":265,\"commentCount\":0,\"publisher\":{\"@id\":\"https:\\\/\\\/soldadoadrianojose.com.br\\\/#\\\/schema\\\/person\\\/16f8e8defb7a4bd6c6082efcd1bdb6bb\"},\"image\":{\"@id\":\"https:\\\/\\\/soldadoadrianojose.com.br\\\/index.php\\\/2023\\\/03\\\/31\\\/nova-viatura-e-entregue-ao-destacamento-da-pm-de-maripa\\\/#primaryimage\"},\"thumbnailUrl\":\"https:\\\/\\\/soldadoadrianojose.com.br\\\/wp-content\\\/uploads\\\/2023\\\/03\\\/WhatsApp-Image-2023-03-30-at-18.25.34.jpeg\",\"articleSection\":[\"GABINETE SD\"],\"inLanguage\":\"pt-BR\",\"potentialAction\":[{\"@type\":\"CommentAction\",\"name\":\"Comment\",\"target\":[\"https:\\\/\\\/soldadoadrianojose.com.br\\\/index.php\\\/2023\\\/03\\\/31\\\/nova-viatura-e-entregue-ao-destacamento-da-pm-de-maripa\\\/#respond\"]}]},{\"@type\":\"WebPage\",\"@id\":\"https:\\\/\\\/soldadoadrianojose.com.br\\\/index.php\\\/2023\\\/03\\\/31\\\/nova-viatura-e-entregue-ao-destacamento-da-pm-de-maripa\\\/\",\"url\":\"https:\\\/\\\/soldadoadrianojose.com.br\\\/index.php\\\/2023\\\/03\\\/31\\\/nova-viatura-e-entregue-ao-destacamento-da-pm-de-maripa\\\/\",\"name\":\"Nova viatura \u00e9 entregue ao destacamento da PM de Marip\u00e1 - Deputado Adriano Jos\u00e9\",\"isPartOf\":{\"@id\":\"https:\\\/\\\/soldadoadrianojose.com.br\\\/#website\"},\"primaryImageOfPage\":{\"@id\":\"https:\\\/\\\/soldadoadrianojose.com.br\\\/index.php\\\/2023\\\/03\\\/31\\\/nova-viatura-e-entregue-ao-destacamento-da-pm-de-maripa\\\/#primaryimage\"},\"image\":{\"@id\":\"https:\\\/\\\/soldadoadrianojose.com.br\\\/index.php\\\/2023\\\/03\\\/31\\\/nova-viatura-e-entregue-ao-destacamento-da-pm-de-maripa\\\/#primaryimage\"},\"thumbnailUrl\":\"https:\\\/\\\/soldadoadrianojose.com.br\\\/wp-content\\\/uploads\\\/2023\\\/03\\\/WhatsApp-Image-2023-03-30-at-18.25.34.jpeg\",\"datePublished\":\"2023-03-31T22:13:55+00:00\",\"dateModified\":\"2023-03-31T22:35:43+00:00\",\"breadcrumb\":{\"@id\":\"https:\\\/\\\/soldadoadrianojose.com.br\\\/index.php\\\/2023\\\/03\\\/31\\\/nova-viatura-e-entregue-ao-destacamento-da-pm-de-maripa\\\/#breadcrumb\"},\"inLanguage\":\"pt-BR\",\"potentialAction\":[{\"@type\":\"ReadAction\",\"target\":[\"https:\\\/\\\/soldadoadrianojose.com.br\\\/index.php\\\/2023\\\/03\\\/31\\\/nova-viatura-e-entregue-ao-destacamento-da-pm-de-maripa\\\/\"]}]},{\"@type\":\"ImageObject\",\"inLanguage\":\"pt-BR\",\"@id\":\"https:\\\/\\\/soldadoadrianojose.com.br\\\/index.php\\\/2023\\\/03\\\/31\\\/nova-viatura-e-entregue-ao-destacamento-da-pm-de-maripa\\\/#primaryimage\",\"url\":\"https:\\\/\\\/soldadoadrianojose.com.br\\\/wp-content\\\/uploads\\\/2023\\\/03\\\/WhatsApp-Image-2023-03-30-at-18.25.34.jpeg\",\"contentUrl\":\"https:\\\/\\\/soldadoadrianojose.com.br\\\/wp-content\\\/uploads\\\/2023\\\/03\\\/WhatsApp-Image-2023-03-30-at-18.25.34.jpeg\",\"width\":1600,\"height\":1066},{\"@type\":\"BreadcrumbList\",\"@id\":\"https:\\\/\\\/soldadoadrianojose.com.br\\\/index.php\\\/2023\\\/03\\\/31\\\/nova-viatura-e-entregue-ao-destacamento-da-pm-de-maripa\\\/#breadcrumb\",\"itemListElement\":[{\"@type\":\"ListItem\",\"position\":1,\"name\":\"In\u00edcio\",\"item\":\"https:\\\/\\\/soldadoadrianojose.com.br\\\/\"},{\"@type\":\"ListItem\",\"position\":2,\"name\":\"Nova viatura \u00e9 entregue ao destacamento da PM de Marip\u00e1\"}]},{\"@type\":\"WebSite\",\"@id\":\"https:\\\/\\\/soldadoadrianojose.com.br\\\/#website\",\"url\":\"https:\\\/\\\/soldadoadrianojose.com.br\\\/\",\"name\":\"Deputado Adriano Jos\u00e9\",\"description\":\"Nosso trabalho \u00e9 pelas pessoas\",\"publisher\":{\"@id\":\"https:\\\/\\\/soldadoadrianojose.com.br\\\/#\\\/schema\\\/person\\\/16f8e8defb7a4bd6c6082efcd1bdb6bb\"},\"potentialAction\":[{\"@type\":\"SearchAction\",\"target\":{\"@type\":\"EntryPoint\",\"urlTemplate\":\"https:\\\/\\\/soldadoadrianojose.com.br\\\/?s={search_term_string}\"},\"query-input\":{\"@type\":\"PropertyValueSpecification\",\"valueRequired\":true,\"valueName\":\"search_term_string\"}}],\"inLanguage\":\"pt-BR\"},{\"@type\":[\"Person\",\"Organization\"],\"@id\":\"https:\\\/\\\/soldadoadrianojose.com.br\\\/#\\\/schema\\\/person\\\/16f8e8defb7a4bd6c6082efcd1bdb6bb\",\"name\":\"soldadoadrianojose\",\"image\":{\"@type\":\"ImageObject\",\"inLanguage\":\"pt-BR\",\"@id\":\"https:\\\/\\\/soldadoadrianojose.com.br\\\/wp-content\\\/uploads\\\/2023\\\/02\\\/LOGO_CLEAR-5.png\",\"url\":\"https:\\\/\\\/soldadoadrianojose.com.br\\\/wp-content\\\/uploads\\\/2023\\\/02\\\/LOGO_CLEAR-5.png\",\"contentUrl\":\"https:\\\/\\\/soldadoadrianojose.com.br\\\/wp-content\\\/uploads\\\/2023\\\/02\\\/LOGO_CLEAR-5.png\",\"width\":3508,\"height\":998,\"caption\":\"soldadoadrianojose\"},\"logo\":{\"@id\":\"https:\\\/\\\/soldadoadrianojose.com.br\\\/wp-content\\\/uploads\\\/2023\\\/02\\\/LOGO_CLEAR-5.png\"},\"sameAs\":[\"https:\\\/\\\/soldadoadrianojose.com.br\"],\"url\":\"https:\\\/\\\/soldadoadrianojose.com.br\\\/index.php\\\/author\\\/soldadoadrianojose\\\/\"}]}<\/script>\n<!-- \/ Yoast SEO plugin. -->","yoast_head_json":{"title":"Nova viatura \u00e9 entregue ao destacamento da PM de Marip\u00e1 - Deputado Adriano Jos\u00e9","robots":{"index":"index","follow":"follow","max-snippet":"max-snippet:-1","max-image-preview":"max-image-preview:large","max-video-preview":"max-video-preview:-1"},"canonical":"https:\/\/soldadoadrianojose.com.br\/index.php\/2023\/03\/31\/nova-viatura-e-entregue-ao-destacamento-da-pm-de-maripa\/","og_locale":"pt_BR","og_type":"article","og_title":"Nova viatura \u00e9 entregue ao destacamento da PM de Marip\u00e1 - Deputado Adriano Jos\u00e9","og_description":"Al\u00e9m do ve\u00edculo, os investimentos na \u00e1rea da seguran\u00e7a p\u00fablica pelo Governo do Estado do Paran\u00e1 ainda contemplam a reforma da delegacia Foi entregue nesta quinta-feira (30), ao destacamento da Pol\u00edcia Militar de Marip\u00e1, uma nova viatura modelo Renaut Duster, que ir\u00e1 melhorar as condi\u00e7\u00f5es de trabalho dos policiais e possibilitar um melhor atendimento \u00e0 [&hellip;]","og_url":"https:\/\/soldadoadrianojose.com.br\/index.php\/2023\/03\/31\/nova-viatura-e-entregue-ao-destacamento-da-pm-de-maripa\/","og_site_name":"Deputado Adriano Jos\u00e9","article_published_time":"2023-03-31T22:13:55+00:00","article_modified_time":"2023-03-31T22:35:43+00:00","og_image":[{"width":1600,"height":1066,"url":"https:\/\/soldadoadrianojose.com.br\/wp-content\/uploads\/2023\/03\/WhatsApp-Image-2023-03-30-at-18.25.34.jpeg","type":"image\/jpeg"}],"author":"soldadoadrianojose","twitter_card":"summary_large_image","twitter_misc":{"Escrito por":"soldadoadrianojose","Est. tempo de leitura":"2 minutos"},"schema":{"@context":"https:\/\/schema.org","@graph":[{"@type":"Article","@id":"https:\/\/soldadoadrianojose.com.br\/index.php\/2023\/03\/31\/nova-viatura-e-entregue-ao-destacamento-da-pm-de-maripa\/#article","isPartOf":{"@id":"https:\/\/soldadoadrianojose.com.br\/index.php\/2023\/03\/31\/nova-viatura-e-entregue-ao-destacamento-da-pm-de-maripa\/"},"author":{"name":"soldadoadrianojose","@id":"https:\/\/soldadoadrianojose.com.br\/#\/schema\/person\/16f8e8defb7a4bd6c6082efcd1bdb6bb"},"headline":"Nova viatura \u00e9 entregue ao destacamento da PM de Marip\u00e1","datePublished":"2023-03-31T22:13:55+00:00","dateModified":"2023-03-31T22:35:43+00:00","mainEntityOfPage":{"@id":"https:\/\/soldadoadrianojose.com.br\/index.php\/2023\/03\/31\/nova-viatura-e-entregue-ao-destacamento-da-pm-de-maripa\/"},"wordCount":265,"commentCount":0,"publisher":{"@id":"https:\/\/soldadoadrianojose.com.br\/#\/schema\/person\/16f8e8defb7a4bd6c6082efcd1bdb6bb"},"image":{"@id":"https:\/\/soldadoadrianojose.com.br\/index.php\/2023\/03\/31\/nova-viatura-e-entregue-ao-destacamento-da-pm-de-maripa\/#primaryimage"},"thumbnailUrl":"https:\/\/soldadoadrianojose.com.br\/wp-content\/uploads\/2023\/03\/WhatsApp-Image-2023-03-30-at-18.25.34.jpeg","articleSection":["GABINETE SD"],"inLanguage":"pt-BR","potentialAction":[{"@type":"CommentAction","name":"Comment","target":["https:\/\/soldadoadrianojose.com.br\/index.php\/2023\/03\/31\/nova-viatura-e-entregue-ao-destacamento-da-pm-de-maripa\/#respond"]}]},{"@type":"WebPage","@id":"https:\/\/soldadoadrianojose.com.br\/index.php\/2023\/03\/31\/nova-viatura-e-entregue-ao-destacamento-da-pm-de-maripa\/","url":"https:\/\/soldadoadrianojose.com.br\/index.php\/2023\/03\/31\/nova-viatura-e-entregue-ao-destacamento-da-pm-de-maripa\/","name":"Nova viatura \u00e9 entregue ao destacamento da PM de Marip\u00e1 - Deputado Adriano Jos\u00e9","isPartOf":{"@id":"https:\/\/soldadoadrianojose.com.br\/#website"},"primaryImageOfPage":{"@id":"https:\/\/soldadoadrianojose.com.br\/index.php\/2023\/03\/31\/nova-viatura-e-entregue-ao-destacamento-da-pm-de-maripa\/#primaryimage"},"image":{"@id":"https:\/\/soldadoadrianojose.com.br\/index.php\/2023\/03\/31\/nova-viatura-e-entregue-ao-destacamento-da-pm-de-maripa\/#primaryimage"},"thumbnailUrl":"https:\/\/soldadoadrianojose.com.br\/wp-content\/uploads\/2023\/03\/WhatsApp-Image-2023-03-30-at-18.25.34.jpeg","datePublished":"2023-03-31T22:13:55+00:00","dateModified":"2023-03-31T22:35:43+00:00","breadcrumb":{"@id":"https:\/\/soldadoadrianojose.com.br\/index.php\/2023\/03\/31\/nova-viatura-e-entregue-ao-destacamento-da-pm-de-maripa\/#breadcrumb"},"inLanguage":"pt-BR","potentialAction":[{"@type":"ReadAction","target":["https:\/\/soldadoadrianojose.com.br\/index.php\/2023\/03\/31\/nova-viatura-e-entregue-ao-destacamento-da-pm-de-maripa\/"]}]},{"@type":"ImageObject","inLanguage":"pt-BR","@id":"https:\/\/soldadoadrianojose.com.br\/index.php\/2023\/03\/31\/nova-viatura-e-entregue-ao-destacamento-da-pm-de-maripa\/#primaryimage","url":"https:\/\/soldadoadrianojose.com.br\/wp-content\/uploads\/2023\/03\/WhatsApp-Image-2023-03-30-at-18.25.34.jpeg","contentUrl":"https:\/\/soldadoadrianojose.com.br\/wp-content\/uploads\/2023\/03\/WhatsApp-Image-2023-03-30-at-18.25.34.jpeg","width":1600,"height":1066},{"@type":"BreadcrumbList","@id":"https:\/\/soldadoadrianojose.com.br\/index.php\/2023\/03\/31\/nova-viatura-e-entregue-ao-destacamento-da-pm-de-maripa\/#breadcrumb","itemListElement":[{"@type":"ListItem","position":1,"name":"In\u00edcio","item":"https:\/\/soldadoadrianojose.com.br\/"},{"@type":"ListItem","position":2,"name":"Nova viatura \u00e9 entregue ao destacamento da PM de Marip\u00e1"}]},{"@type":"WebSite","@id":"https:\/\/soldadoadrianojose.com.br\/#website","url":"https:\/\/soldadoadrianojose.com.br\/","name":"Deputado Adriano Jos\u00e9","description":"Nosso trabalho \u00e9 pelas pessoas","publisher":{"@id":"https:\/\/soldadoadrianojose.com.br\/#\/schema\/person\/16f8e8defb7a4bd6c6082efcd1bdb6bb"},"potentialAction":[{"@type":"SearchAction","target":{"@type":"EntryPoint","urlTemplate":"https:\/\/soldadoadrianojose.com.br\/?s={search_term_string}"},"query-input":{"@type":"PropertyValueSpecification","valueRequired":true,"valueName":"search_term_string"}}],"inLanguage":"pt-BR"},{"@type":["Person","Organization"],"@id":"https:\/\/soldadoadrianojose.com.br\/#\/schema\/person\/16f8e8defb7a4bd6c6082efcd1bdb6bb","name":"soldadoadrianojose","image":{"@type":"ImageObject","inLanguage":"pt-BR","@id":"https:\/\/soldadoadrianojose.com.br\/wp-content\/uploads\/2023\/02\/LOGO_CLEAR-5.png","url":"https:\/\/soldadoadrianojose.com.br\/wp-content\/uploads\/2023\/02\/LOGO_CLEAR-5.png","contentUrl":"https:\/\/soldadoadrianojose.com.br\/wp-content\/uploads\/2023\/02\/LOGO_CLEAR-5.png","width":3508,"height":998,"caption":"soldadoadrianojose"},"logo":{"@id":"https:\/\/soldadoadrianojose.com.br\/wp-content\/uploads\/2023\/02\/LOGO_CLEAR-5.png"},"sameAs":["https:\/\/soldadoadrianojose.com.br"],"url":"https:\/\/soldadoadrianojose.com.br\/index.php\/author\/soldadoadrianojose\/"}]}},"jetpack_featured_media_url":"https:\/\/soldadoadrianojose.com.br\/wp-content\/uploads\/2023\/03\/WhatsApp-Image-2023-03-30-at-18.25.34.jpeg","_links":{"self":[{"href":"https:\/\/soldadoadrianojose.com.br\/index.php\/wp-json\/wp\/v2\/posts\/717","targetHints":{"allow":["GET"]}}],"collection":[{"href":"https:\/\/soldadoadrianojose.com.br\/index.php\/wp-json\/wp\/v2\/posts"}],"about":[{"href":"https:\/\/soldadoadrianojose.com.br\/index.php\/wp-json\/wp\/v2\/types\/post"}],"author":[{"embeddable":true,"href":"https:\/\/soldadoadrianojose.com.br\/index.php\/wp-json\/wp\/v2\/users\/1"}],"replies":[{"embeddable":true,"href":"https:\/\/soldadoadrianojose.com.br\/index.php\/wp-json\/wp\/v2\/comments?post=717"}],"version-history":[{"count":1,"href":"https:\/\/soldadoadrianojose.com.br\/index.php\/wp-json\/wp\/v2\/posts\/717\/revisions"}],"predecessor-version":[{"id":719,"href":"https:\/\/soldadoadrianojose.com.br\/index.php\/wp-json\/wp\/v2\/posts\/717\/revisions\/719"}],"wp:featuredmedia":[{"embeddable":true,"href":"https:\/\/soldadoadrianojose.com.br\/index.php\/wp-json\/wp\/v2\/media\/718"}],"wp:attachment":[{"href":"https:\/\/soldadoadrianojose.com.br\/index.php\/wp-json\/wp\/v2\/media?parent=717"}],"wp:term":[{"taxonomy":"category","embeddable":true,"href":"https:\/\/soldadoadrianojose.com.br\/index.php\/wp-json\/wp\/v2\/categories?post=717"},{"taxonomy":"post_tag","embeddable":true,"href":"https:\/\/soldadoadrianojose.com.br\/index.php\/wp-json\/wp\/v2\/tags?post=717"}],"curies":[{"name":"wp","href":"https:\/\/api.w.org\/{rel}","templated":true}]}}