{"id":750,"date":"2023-04-01T15:52:45","date_gmt":"2023-04-01T18:52:45","guid":{"rendered":"https:\/\/soldadoadrianojose.com.br\/?p=750"},"modified":"2023-04-01T15:52:48","modified_gmt":"2023-04-01T18:52:48","slug":"parana-tem-a-maior-safra-de-soja-da-historia","status":"publish","type":"post","link":"https:\/\/soldadoadrianojose.com.br\/index.php\/2023\/04\/01\/parana-tem-a-maior-safra-de-soja-da-historia\/","title":{"rendered":"Paran\u00e1 tem a maior safra de soja da hist\u00f3ria"},"content":{"rendered":"\n<p><strong>Volume da safra 2022\/2023 \u00e9 82% superior ao do ciclo anterior, segundo relat\u00f3rio mensal da Secretaria da Agricultura e do Abastecimento. Boletim da safra traz, tamb\u00e9m, condi\u00e7\u00f5es e previs\u00f5es das lavouras de trigo, milho, feij\u00e3o, mandioca e hortali\u00e7as.<\/strong><\/p>\n\n\n\n<figure class=\"wp-block-image size-large is-resized\"><img fetchpriority=\"high\" decoding=\"async\" src=\"https:\/\/soldadoadrianojose.com.br\/wp-content\/uploads\/2023\/04\/WhatsApp-Image-2023-04-01-at-15.49.16-1024x562.jpeg\" alt=\"\" class=\"wp-image-751\" width=\"754\" height=\"414\" srcset=\"https:\/\/soldadoadrianojose.com.br\/wp-content\/uploads\/2023\/04\/WhatsApp-Image-2023-04-01-at-15.49.16-1024x562.jpeg 1024w, https:\/\/soldadoadrianojose.com.br\/wp-content\/uploads\/2023\/04\/WhatsApp-Image-2023-04-01-at-15.49.16-300x165.jpeg 300w, https:\/\/soldadoadrianojose.com.br\/wp-content\/uploads\/2023\/04\/WhatsApp-Image-2023-04-01-at-15.49.16-768x421.jpeg 768w, https:\/\/soldadoadrianojose.com.br\/wp-content\/uploads\/2023\/04\/WhatsApp-Image-2023-04-01-at-15.49.16.jpeg 1170w\" sizes=\"(max-width: 754px) 100vw, 754px\" \/><\/figure>\n\n\n\n<p>O relat\u00f3rio mensal divulgado pelo Departamento de Economia Rural (Deral), da Secretaria da Agricultura e do Abastecimento, nesta quinta-feira (30), refor\u00e7a o recorde esperado para a produ\u00e7\u00e3o de soja na safra 2022\/2023. Segundo os t\u00e9cnicos, o Paran\u00e1 deve produzir 22,18 milh\u00f5es de toneladas do gr\u00e3o em uma \u00e1rea de 5,76 milh\u00f5es de hectares. O volume \u00e9 82% superior ao do ciclo 2021\/2022. A produtividade desta atual safra \u00e9 de 3.845 kg por hectare.<\/p>\n\n\n\n<p>O chefe do Deral, Marcelo Garrido, explica que esse bom desempenho se deve, especialmente, \u00e0s condi\u00e7\u00f5es clim\u00e1ticas favor\u00e1veis. Nesta semana, a colheita chegou a 77% da \u00e1rea, \u00edndice que, apesar de estar atrasado comparativamente a safras anteriores, n\u00e3o deve prejudicar a qualidade do produto. Cerca de 90% das lavouras est\u00e3o em boas condi\u00e7\u00f5es e 10% em condi\u00e7\u00f5es medianas. A \u00e1rea, estimada em 5,76 milh\u00f5es de hectares, \u00e9 semelhante \u00e0 do ciclo passado, com um crescimento de 2%. A produtividade \u00e9 de 3.845 kg por hectare.<\/p>\n\n\n\n<p>A<strong><a href=\"https:\/\/www.agricultura.pr.gov.br\/system\/files\/publico\/Safras\/resumo_pss.pdf\" target=\"_blank\" rel=\"noreferrer noopener\">&nbsp;Previs\u00e3o Subjetiva de Safra (PSS)&nbsp;<\/a><\/strong>traz ainda as primeiras estimativas para a safra de inverno. No Paran\u00e1, o trigo deve ocupar a maior \u00e1rea da hist\u00f3ria, 1,36 milh\u00e3o de hectares, 13% superior \u00e0 registrada na safra 2021\/2022. Esse aumento decorre dos bons pre\u00e7os pagos ao produtor,&nbsp; aliados \u00e0 impossibilidade de plantio da segunda safra de milho. Estima-se, com isso, uma produ\u00e7\u00e3o de 4,5 milh\u00f5es de toneladas, volume que, se confirmado, supera em 32% o resultado da safra anterior.<\/p>\n\n\n\n<p><strong>SOJA&nbsp;<\/strong>\u2013 Segundo o analista do Deral Edmar Gerv\u00e1sio, com a produ\u00e7\u00e3o recorde prevista para essa atual safra, o Paran\u00e1 aumenta sua participa\u00e7\u00e3o na produ\u00e7\u00e3o nacional de soja, passando a representar em torno de 15% do total \u2013 nas safras anteriores, esse \u00edndice variava entre 12% e 14%.<\/p>\n\n\n\n<p>O pre\u00e7o recebido pelo produtor pela saca de soja (60 kg) apresentou queda nas \u00faltimas semanas. Na semana passada, o gr\u00e3o foi comercializado por R$ 144,30, 9% a menos do que em fevereiro de 2023 e 24% a menos do que em mar\u00e7o de 2022.<\/p>\n\n\n\n<p>De acordo com Gerv\u00e1sio, esta queda est\u00e1 diretamente ligada a uma grande oferta da oleaginosa no mercado. \u201cAliado a isso, os pre\u00e7os neste m\u00eas no mercado internacional est\u00e3o menores quando comparados a fevereiro de 2023. Com uma superprodu\u00e7\u00e3o, junto com problemas log\u00edsticos de escoamento, os armaz\u00e9ns est\u00e3o lotados e isso tende a pressionar os pre\u00e7os\u201d, explica.<\/p>\n\n\n\n<ul class=\"wp-block-list\">\n<li><strong><a href=\"https:\/\/www.aen.pr.gov.br\/Noticia\/Governo-do-Estado-disponibiliza-R-127-milhoes-para-o-seguro-rural-em-2023\" target=\"_blank\" rel=\"noreferrer noopener\">Governo do Estado disponibiliza R$ 12,7 milh\u00f5es para o seguro rural em 2023<\/a><\/strong><\/li>\n\n\n\n<li><strong><a href=\"https:\/\/www.aen.pr.gov.br\/Noticia\/Turismo-no-campo-56-mil-pessoas-participaram-das-Caminhadas-na-Natureza-em-2022\" target=\"_blank\" rel=\"noreferrer noopener\">Turismo no campo: 56 mil pessoas participaram das Caminhadas na Natureza em 2022<\/a><\/strong><\/li>\n<\/ul>\n\n\n\n<p><strong>MILHO&nbsp;<\/strong>\u2013 A primeira safra de milho 2022\/2023 est\u00e1 63% colhida, de acordo com o Deral, e 83% das lavouras apresentam boas condi\u00e7\u00f5es, enquanto 16% est\u00e3o em condi\u00e7\u00f5es medianas e 1% em condi\u00e7\u00f5es ruins. Espera-se a produ\u00e7\u00e3o de 3,76 milh\u00f5es de toneladas, 26% a mais do que no ciclo 2021\/2022, quando foram produzidas 2,98 milh\u00f5es de toneladas. A \u00e1rea est\u00e1 estimada em 387,2 mil hectares, 10% inferior \u00e0 da safra passada.<\/p>\n\n\n\n<p>Com rela\u00e7\u00e3o \u00e0 segunda safra, o plantio est\u00e1 na reta final, atingindo nesta semana 93% da \u00e1rea total, estimada em 2,52 milh\u00f5es de hectares. Neste m\u00eas houve reavalia\u00e7\u00e3o da \u00e1rea, que sofreu uma redu\u00e7\u00e3o de aproximadamente 120 mil hectares em compara\u00e7\u00e3o ao relat\u00f3rio do m\u00eas de fevereiro. \u201cEsta redu\u00e7\u00e3o \u00e9 decorrente do atraso da colheita da soja e, em consequ\u00eancia, a impossibilidade de realizar o plantio do milho dentro do per\u00edodo ideal\u201d, explica Gerv\u00e1sio. Possivelmente parte dessa \u00e1rea ou sua totalidade migrar\u00e1 para cultura do trigo.<\/p>\n\n\n\n<ul class=\"wp-block-list\">\n<li><strong><a href=\"https:\/\/www.aen.pr.gov.br\/Noticia\/Inscricoes-para-o-Premio-Queijos-do-Parana-terminam-nesta-sexta-feira\" target=\"_blank\" rel=\"noreferrer noopener\">Inscri\u00e7\u00f5es para o Pr\u00eamio Queijos do Paran\u00e1 terminam nesta sexta-feira<\/a><\/strong><\/li>\n<\/ul>\n\n\n\n<p><strong>FEIJ\u00c3O&nbsp;<\/strong>\u2013 Apesar das adversidades clim\u00e1ticas, a primeira safra 2022\/2023 de feij\u00e3o teve bom desempenho e excelente qualidade, na avalia\u00e7\u00e3o dos t\u00e9cnicos do Deral. Com o encerramento da colheita, o relat\u00f3rio indica uma produ\u00e7\u00e3o de 197,4 mil toneladas, 1% maior do que na safra anterior, em uma \u00e1rea de 115 mil hectares, 17% menor. Cerca de 86% do volume j\u00e1 foi comercializado.&nbsp;<\/p>\n\n\n\n<p>O plantio da segunda safra encerrou-se nesta semana. De acordo com o Deral, podem ser produzidas 588,8 mil toneladas em 295,9 mil hectares. Se confirmado, o volume ser\u00e1 5% superior ao ciclo 2021\/2022, quando foram produzidas 561,5 mil toneladas, e a \u00e1rea \u00e9 12% inferior.<\/p>\n\n\n\n<p>Na \u00faltima semana, o pre\u00e7o m\u00e9dio recebido pelos produtores pela saca foi de R$ 408,00 pelo feij\u00e3o de cores, sem varia\u00e7\u00e3o com rela\u00e7\u00e3o ao per\u00edodo anterior. J\u00e1 a saca do feij\u00e3o tipo preto foi comercializada por R$ 265,00 \u2013 com um aumento de 1,6% frente \u00e0 semana anterior. \u201cSegundo os corretores atacadistas, esses pre\u00e7os altos est\u00e3o se mantendo firmes principalmente devido ao per\u00edodo de entressafra. A maior oferta de produto dever\u00e1 ocorrer a partir do final de abril, quando se intensifica a colheita da segunda safra de feij\u00e3o no Paran\u00e1\u201d, explica o economista do Deral Methodio Groxko.<\/p>\n\n\n\n<ul class=\"wp-block-list\">\n<li><strong><a href=\"https:\/\/www.aen.pr.gov.br\/Noticia\/Turismo-rural-governador-sanciona-lei-que-cria-Rota-da-Lavanda-no-Parana\" target=\"_blank\" rel=\"noreferrer noopener\">Turismo rural: governador sanciona lei que cria a Rota da Lavanda no Paran\u00e1<\/a><\/strong><\/li>\n<\/ul>\n\n\n\n<p><strong>TRIGO&nbsp;<\/strong>\u2013&nbsp;A primeira estimativa para a safra de inverno de 2023 mostra uma \u00e1rea recorde destinada ao cultivo de trigo no Paran\u00e1, de 1,36 milh\u00e3o de hectares. Isso representa um aumento de 13% em rela\u00e7\u00e3o aos 1,20 milh\u00e3o de hectares semeados em 2022 e, se confirmado, ser\u00e1 a maior \u00e1rea de trigo no Paran\u00e1 desde 1990, quando foram cultivados 1,80 milh\u00e3o de hectares.<\/p>\n\n\n\n<p>Dessa forma, h\u00e1 possibilidade de colher em 2023 uma safra de 4,5 milh\u00f5es de toneladas, volume 32% acima do resultado da safra 2021\/2022, quando foram produzidas 3,4 milh\u00f5es de toneladas. \u201cPara que esse potencial seja alcan\u00e7ado, os produtores precisam da ajuda do clima. Como a janela de plantio \u00e9 longa no Paran\u00e1, os produtores, quando poss\u00edvel, plantam \u00e1reas em \u00e9pocas diferentes, visando diminuir o risco de perdas\u201d, diz o agr\u00f4nomo do Deral Carlos Hugo Godinho.<\/p>\n\n\n\n<p>Segundo ele, nos \u00faltimos anos, eventos clim\u00e1ticos como secas prolongadas, chuvas excessivas na \u00e9poca da colheita e geadas tardias t\u00eam impactado negativamente a produtividade.<\/p>\n\n\n\n<p><strong>MANDIOCA&nbsp;<\/strong>\u2013 O Paran\u00e1 poder\u00e1 produzir 3,14 milh\u00f5es de toneladas de mandioca na safra 2022\/2023, 14% a mais do que o volume colhido no ciclo anterior, em uma \u00e1rea de 135,9 mil hectares, 11% superior. Esse aumento de \u00e1rea se deve aos bons pre\u00e7os pagos ao produtor no ano passado. Na \u00faltima semana, os produtores receberam, em m\u00e9dia, R$ 1.054,00 por tonelada de mandioca posta na ind\u00fastria. Esse valor representa um crescimento de 60% com rela\u00e7\u00e3o ao pre\u00e7o do mesmo per\u00edodo do ano passado, que era de R$ 650,00. At\u00e9 o momento, favorecida pela umidade adequada do solo, a colheita chegou a 17% da \u00e1rea, segundo Groxko.<\/p>\n\n\n\n<ul class=\"wp-block-list\">\n<li><strong><a href=\"https:\/\/www.aen.pr.gov.br\/Noticia\/Colheita-de-feijao-da-primeira-safra-termina-com-boa-qualidade-no-Parana\" target=\"_blank\" rel=\"noreferrer noopener\">Colheita de feij\u00e3o da primeira safra termina com boa qualidade no Paran\u00e1<\/a><\/strong><\/li>\n<\/ul>\n\n\n\n<p><strong>HORTALI\u00c7AS&nbsp;<\/strong>\u2013 Com rela\u00e7\u00e3o \u00e0 cebola, a safra 2022\/2023 foi toda colhida at\u00e9 fevereiro e cerca de 2,5% do produto ainda est\u00e3o com o produtor. Os pre\u00e7os m\u00e9dios nominais recebidos em fevereiro deste ano, de R$ 42,63\/20 kg, s\u00e3o 28% menores que os praticados em janeiro e com rela\u00e7\u00e3o \u00e0 m\u00e9dia anual de 2022, de acordo com o engenheiro agr\u00f4nomo do Deral Paulo Andrade. A produ\u00e7\u00e3o est\u00e1 estimada em 107,4 mil toneladas, 3% superior do que no ciclo passado, em uma \u00e1rea de 3,3 mil hectares, 17% menor.<\/p>\n\n\n\n<p>A primeira safra de batata est\u00e1 totalmente colhida e comercializada. Estima-se a produ\u00e7\u00e3o de 479,1 mil toneladas, 7% a mais do que no ciclo anterior, em uma \u00e1rea de 15,3 mil hectares, 2% maior. Na segunda safra, 92% da \u00e1rea prevista em 10,7 mil hectares j\u00e1 foi plantada e 11% est\u00e1 colhida. Projeta-se a produ\u00e7\u00e3o de 321,1 mil toneladas, 3% superior ao volume da segunda safra 2021\/2022.<\/p>\n\n\n\n<p>O tomate tem a primeira safra 2022\/2023 com 99% das \u00e1reas semeadas e 89% colhidas. Cerca de 11,6% dos volumes coletados ainda est\u00e3o em posse dos tomaticultores. Espera-se um volume de 144,5 mil toneladas, queda de 3% com rela\u00e7\u00e3o ao colhido na safra anterior. A estimativa de \u00e1rea tamb\u00e9m mostra uma redu\u00e7\u00e3o de 3% comparativamente \u00e0 safra 2021\/2022 \u2013 de 2,5 mil hectares para 2,4 mil hectares. Cerca de 2% das lavouras da segunda safra est\u00e3o colhidas, enquanto 27% da \u00e1rea projetada ao plantio ainda aguardam a semeadura\/transplantio. \u201cCom a melhor distribui\u00e7\u00e3o das precipita\u00e7\u00f5es nesta \u00faltima quinzena, os cultivos se encontram em sua totalidade com um bom desenvolvimento\u201d, explica o engenheiro agr\u00f4nomo do Deral.<\/p>\n\n\n\n<p><strong>BOLETIM&nbsp;<\/strong>\u2013 O Deral tamb\u00e9m divulgou nesta quinta-feira (30) o&nbsp;<strong><a href=\"https:\/\/www.agricultura.pr.gov.br\/sites\/default\/arquivos_restritos\/files\/documento\/2023-03\/boletim_semanal_12_deral_30_marco_2023.pdf\" target=\"_blank\" rel=\"noreferrer noopener\">Boletim de Conjuntura Agropecu\u00e1ria.<\/a><\/strong>&nbsp;Al\u00e9m das informa\u00e7\u00f5es sobre as principais culturas de gr\u00e3os e de hortali\u00e7as, o documento analisa a produ\u00e7\u00e3o av\u00edcola no Paran\u00e1, os custos de produ\u00e7\u00e3o do leite e a exporta\u00e7\u00e3o brasileira de mel.<\/p>\n","protected":false},"excerpt":{"rendered":"<p>Volume da safra 2022\/2023 \u00e9 82% superior ao do ciclo anterior, segundo relat\u00f3rio mensal da Secretaria da Agricultura e do Abastecimento. Boletim da safra traz, tamb\u00e9m, condi\u00e7\u00f5es e previs\u00f5es das lavouras de trigo, milho, feij\u00e3o, mandioca e hortali\u00e7as. O relat\u00f3rio mensal divulgado pelo Departamento de Economia Rural (Deral), da Secretaria da Agricultura e do Abastecimento, [&hellip;]<\/p>\n","protected":false},"author":1,"featured_media":751,"comment_status":"open","ping_status":"open","sticky":false,"template":"","format":"standard","meta":{"footnotes":""},"categories":[1],"tags":[],"class_list":["post-750","post","type-post","status-publish","format-standard","has-post-thumbnail","hentry","category-gabinete-sd"],"yoast_head":"<!-- This site is optimized with the Yoast SEO plugin v27.4 - https:\/\/yoast.com\/product\/yoast-seo-wordpress\/ -->\n<title>Paran\u00e1 tem a maior safra de soja da hist\u00f3ria - Deputado Adriano Jos\u00e9<\/title>\n<meta name=\"robots\" content=\"index, follow, max-snippet:-1, max-image-preview:large, max-video-preview:-1\" \/>\n<link rel=\"canonical\" href=\"https:\/\/soldadoadrianojose.com.br\/index.php\/2023\/04\/01\/parana-tem-a-maior-safra-de-soja-da-historia\/\" \/>\n<meta property=\"og:locale\" content=\"pt_BR\" \/>\n<meta property=\"og:type\" content=\"article\" \/>\n<meta property=\"og:title\" content=\"Paran\u00e1 tem a maior safra de soja da hist\u00f3ria - Deputado Adriano Jos\u00e9\" \/>\n<meta property=\"og:description\" content=\"Volume da safra 2022\/2023 \u00e9 82% superior ao do ciclo anterior, segundo relat\u00f3rio mensal da Secretaria da Agricultura e do Abastecimento. Boletim da safra traz, tamb\u00e9m, condi\u00e7\u00f5es e previs\u00f5es das lavouras de trigo, milho, feij\u00e3o, mandioca e hortali\u00e7as. O relat\u00f3rio mensal divulgado pelo Departamento de Economia Rural (Deral), da Secretaria da Agricultura e do Abastecimento, [&hellip;]\" \/>\n<meta property=\"og:url\" content=\"https:\/\/soldadoadrianojose.com.br\/index.php\/2023\/04\/01\/parana-tem-a-maior-safra-de-soja-da-historia\/\" \/>\n<meta property=\"og:site_name\" content=\"Deputado Adriano Jos\u00e9\" \/>\n<meta property=\"article:published_time\" content=\"2023-04-01T18:52:45+00:00\" \/>\n<meta property=\"article:modified_time\" content=\"2023-04-01T18:52:48+00:00\" \/>\n<meta property=\"og:image\" content=\"https:\/\/soldadoadrianojose.com.br\/wp-content\/uploads\/2023\/04\/WhatsApp-Image-2023-04-01-at-15.49.16.jpeg\" \/>\n\t<meta property=\"og:image:width\" content=\"1170\" \/>\n\t<meta property=\"og:image:height\" content=\"642\" \/>\n\t<meta property=\"og:image:type\" content=\"image\/jpeg\" \/>\n<meta name=\"author\" content=\"soldadoadrianojose\" \/>\n<meta name=\"twitter:card\" content=\"summary_large_image\" \/>\n<meta name=\"twitter:label1\" content=\"Escrito por\" \/>\n\t<meta name=\"twitter:data1\" content=\"soldadoadrianojose\" \/>\n\t<meta name=\"twitter:label2\" content=\"Est. tempo de leitura\" \/>\n\t<meta name=\"twitter:data2\" content=\"9 minutos\" \/>\n<script type=\"application\/ld+json\" class=\"yoast-schema-graph\">{\"@context\":\"https:\\\/\\\/schema.org\",\"@graph\":[{\"@type\":\"Article\",\"@id\":\"https:\\\/\\\/soldadoadrianojose.com.br\\\/index.php\\\/2023\\\/04\\\/01\\\/parana-tem-a-maior-safra-de-soja-da-historia\\\/#article\",\"isPartOf\":{\"@id\":\"https:\\\/\\\/soldadoadrianojose.com.br\\\/index.php\\\/2023\\\/04\\\/01\\\/parana-tem-a-maior-safra-de-soja-da-historia\\\/\"},\"author\":{\"name\":\"soldadoadrianojose\",\"@id\":\"https:\\\/\\\/soldadoadrianojose.com.br\\\/#\\\/schema\\\/person\\\/16f8e8defb7a4bd6c6082efcd1bdb6bb\"},\"headline\":\"Paran\u00e1 tem a maior safra de soja da hist\u00f3ria\",\"datePublished\":\"2023-04-01T18:52:45+00:00\",\"dateModified\":\"2023-04-01T18:52:48+00:00\",\"mainEntityOfPage\":{\"@id\":\"https:\\\/\\\/soldadoadrianojose.com.br\\\/index.php\\\/2023\\\/04\\\/01\\\/parana-tem-a-maior-safra-de-soja-da-historia\\\/\"},\"wordCount\":1445,\"commentCount\":0,\"publisher\":{\"@id\":\"https:\\\/\\\/soldadoadrianojose.com.br\\\/#\\\/schema\\\/person\\\/16f8e8defb7a4bd6c6082efcd1bdb6bb\"},\"image\":{\"@id\":\"https:\\\/\\\/soldadoadrianojose.com.br\\\/index.php\\\/2023\\\/04\\\/01\\\/parana-tem-a-maior-safra-de-soja-da-historia\\\/#primaryimage\"},\"thumbnailUrl\":\"https:\\\/\\\/soldadoadrianojose.com.br\\\/wp-content\\\/uploads\\\/2023\\\/04\\\/WhatsApp-Image-2023-04-01-at-15.49.16.jpeg\",\"articleSection\":[\"GABINETE SD\"],\"inLanguage\":\"pt-BR\",\"potentialAction\":[{\"@type\":\"CommentAction\",\"name\":\"Comment\",\"target\":[\"https:\\\/\\\/soldadoadrianojose.com.br\\\/index.php\\\/2023\\\/04\\\/01\\\/parana-tem-a-maior-safra-de-soja-da-historia\\\/#respond\"]}]},{\"@type\":\"WebPage\",\"@id\":\"https:\\\/\\\/soldadoadrianojose.com.br\\\/index.php\\\/2023\\\/04\\\/01\\\/parana-tem-a-maior-safra-de-soja-da-historia\\\/\",\"url\":\"https:\\\/\\\/soldadoadrianojose.com.br\\\/index.php\\\/2023\\\/04\\\/01\\\/parana-tem-a-maior-safra-de-soja-da-historia\\\/\",\"name\":\"Paran\u00e1 tem a maior safra de soja da hist\u00f3ria - Deputado Adriano Jos\u00e9\",\"isPartOf\":{\"@id\":\"https:\\\/\\\/soldadoadrianojose.com.br\\\/#website\"},\"primaryImageOfPage\":{\"@id\":\"https:\\\/\\\/soldadoadrianojose.com.br\\\/index.php\\\/2023\\\/04\\\/01\\\/parana-tem-a-maior-safra-de-soja-da-historia\\\/#primaryimage\"},\"image\":{\"@id\":\"https:\\\/\\\/soldadoadrianojose.com.br\\\/index.php\\\/2023\\\/04\\\/01\\\/parana-tem-a-maior-safra-de-soja-da-historia\\\/#primaryimage\"},\"thumbnailUrl\":\"https:\\\/\\\/soldadoadrianojose.com.br\\\/wp-content\\\/uploads\\\/2023\\\/04\\\/WhatsApp-Image-2023-04-01-at-15.49.16.jpeg\",\"datePublished\":\"2023-04-01T18:52:45+00:00\",\"dateModified\":\"2023-04-01T18:52:48+00:00\",\"breadcrumb\":{\"@id\":\"https:\\\/\\\/soldadoadrianojose.com.br\\\/index.php\\\/2023\\\/04\\\/01\\\/parana-tem-a-maior-safra-de-soja-da-historia\\\/#breadcrumb\"},\"inLanguage\":\"pt-BR\",\"potentialAction\":[{\"@type\":\"ReadAction\",\"target\":[\"https:\\\/\\\/soldadoadrianojose.com.br\\\/index.php\\\/2023\\\/04\\\/01\\\/parana-tem-a-maior-safra-de-soja-da-historia\\\/\"]}]},{\"@type\":\"ImageObject\",\"inLanguage\":\"pt-BR\",\"@id\":\"https:\\\/\\\/soldadoadrianojose.com.br\\\/index.php\\\/2023\\\/04\\\/01\\\/parana-tem-a-maior-safra-de-soja-da-historia\\\/#primaryimage\",\"url\":\"https:\\\/\\\/soldadoadrianojose.com.br\\\/wp-content\\\/uploads\\\/2023\\\/04\\\/WhatsApp-Image-2023-04-01-at-15.49.16.jpeg\",\"contentUrl\":\"https:\\\/\\\/soldadoadrianojose.com.br\\\/wp-content\\\/uploads\\\/2023\\\/04\\\/WhatsApp-Image-2023-04-01-at-15.49.16.jpeg\",\"width\":1170,\"height\":642},{\"@type\":\"BreadcrumbList\",\"@id\":\"https:\\\/\\\/soldadoadrianojose.com.br\\\/index.php\\\/2023\\\/04\\\/01\\\/parana-tem-a-maior-safra-de-soja-da-historia\\\/#breadcrumb\",\"itemListElement\":[{\"@type\":\"ListItem\",\"position\":1,\"name\":\"In\u00edcio\",\"item\":\"https:\\\/\\\/soldadoadrianojose.com.br\\\/\"},{\"@type\":\"ListItem\",\"position\":2,\"name\":\"Paran\u00e1 tem a maior safra de soja da hist\u00f3ria\"}]},{\"@type\":\"WebSite\",\"@id\":\"https:\\\/\\\/soldadoadrianojose.com.br\\\/#website\",\"url\":\"https:\\\/\\\/soldadoadrianojose.com.br\\\/\",\"name\":\"Deputado Adriano Jos\u00e9\",\"description\":\"Nosso trabalho \u00e9 pelas pessoas\",\"publisher\":{\"@id\":\"https:\\\/\\\/soldadoadrianojose.com.br\\\/#\\\/schema\\\/person\\\/16f8e8defb7a4bd6c6082efcd1bdb6bb\"},\"potentialAction\":[{\"@type\":\"SearchAction\",\"target\":{\"@type\":\"EntryPoint\",\"urlTemplate\":\"https:\\\/\\\/soldadoadrianojose.com.br\\\/?s={search_term_string}\"},\"query-input\":{\"@type\":\"PropertyValueSpecification\",\"valueRequired\":true,\"valueName\":\"search_term_string\"}}],\"inLanguage\":\"pt-BR\"},{\"@type\":[\"Person\",\"Organization\"],\"@id\":\"https:\\\/\\\/soldadoadrianojose.com.br\\\/#\\\/schema\\\/person\\\/16f8e8defb7a4bd6c6082efcd1bdb6bb\",\"name\":\"soldadoadrianojose\",\"image\":{\"@type\":\"ImageObject\",\"inLanguage\":\"pt-BR\",\"@id\":\"https:\\\/\\\/soldadoadrianojose.com.br\\\/wp-content\\\/uploads\\\/2023\\\/02\\\/LOGO_CLEAR-5.png\",\"url\":\"https:\\\/\\\/soldadoadrianojose.com.br\\\/wp-content\\\/uploads\\\/2023\\\/02\\\/LOGO_CLEAR-5.png\",\"contentUrl\":\"https:\\\/\\\/soldadoadrianojose.com.br\\\/wp-content\\\/uploads\\\/2023\\\/02\\\/LOGO_CLEAR-5.png\",\"width\":3508,\"height\":998,\"caption\":\"soldadoadrianojose\"},\"logo\":{\"@id\":\"https:\\\/\\\/soldadoadrianojose.com.br\\\/wp-content\\\/uploads\\\/2023\\\/02\\\/LOGO_CLEAR-5.png\"},\"sameAs\":[\"https:\\\/\\\/soldadoadrianojose.com.br\"],\"url\":\"https:\\\/\\\/soldadoadrianojose.com.br\\\/index.php\\\/author\\\/soldadoadrianojose\\\/\"}]}<\/script>\n<!-- \/ Yoast SEO plugin. -->","yoast_head_json":{"title":"Paran\u00e1 tem a maior safra de soja da hist\u00f3ria - Deputado Adriano Jos\u00e9","robots":{"index":"index","follow":"follow","max-snippet":"max-snippet:-1","max-image-preview":"max-image-preview:large","max-video-preview":"max-video-preview:-1"},"canonical":"https:\/\/soldadoadrianojose.com.br\/index.php\/2023\/04\/01\/parana-tem-a-maior-safra-de-soja-da-historia\/","og_locale":"pt_BR","og_type":"article","og_title":"Paran\u00e1 tem a maior safra de soja da hist\u00f3ria - Deputado Adriano Jos\u00e9","og_description":"Volume da safra 2022\/2023 \u00e9 82% superior ao do ciclo anterior, segundo relat\u00f3rio mensal da Secretaria da Agricultura e do Abastecimento. Boletim da safra traz, tamb\u00e9m, condi\u00e7\u00f5es e previs\u00f5es das lavouras de trigo, milho, feij\u00e3o, mandioca e hortali\u00e7as. O relat\u00f3rio mensal divulgado pelo Departamento de Economia Rural (Deral), da Secretaria da Agricultura e do Abastecimento, [&hellip;]","og_url":"https:\/\/soldadoadrianojose.com.br\/index.php\/2023\/04\/01\/parana-tem-a-maior-safra-de-soja-da-historia\/","og_site_name":"Deputado Adriano Jos\u00e9","article_published_time":"2023-04-01T18:52:45+00:00","article_modified_time":"2023-04-01T18:52:48+00:00","og_image":[{"width":1170,"height":642,"url":"https:\/\/soldadoadrianojose.com.br\/wp-content\/uploads\/2023\/04\/WhatsApp-Image-2023-04-01-at-15.49.16.jpeg","type":"image\/jpeg"}],"author":"soldadoadrianojose","twitter_card":"summary_large_image","twitter_misc":{"Escrito por":"soldadoadrianojose","Est. tempo de leitura":"9 minutos"},"schema":{"@context":"https:\/\/schema.org","@graph":[{"@type":"Article","@id":"https:\/\/soldadoadrianojose.com.br\/index.php\/2023\/04\/01\/parana-tem-a-maior-safra-de-soja-da-historia\/#article","isPartOf":{"@id":"https:\/\/soldadoadrianojose.com.br\/index.php\/2023\/04\/01\/parana-tem-a-maior-safra-de-soja-da-historia\/"},"author":{"name":"soldadoadrianojose","@id":"https:\/\/soldadoadrianojose.com.br\/#\/schema\/person\/16f8e8defb7a4bd6c6082efcd1bdb6bb"},"headline":"Paran\u00e1 tem a maior safra de soja da hist\u00f3ria","datePublished":"2023-04-01T18:52:45+00:00","dateModified":"2023-04-01T18:52:48+00:00","mainEntityOfPage":{"@id":"https:\/\/soldadoadrianojose.com.br\/index.php\/2023\/04\/01\/parana-tem-a-maior-safra-de-soja-da-historia\/"},"wordCount":1445,"commentCount":0,"publisher":{"@id":"https:\/\/soldadoadrianojose.com.br\/#\/schema\/person\/16f8e8defb7a4bd6c6082efcd1bdb6bb"},"image":{"@id":"https:\/\/soldadoadrianojose.com.br\/index.php\/2023\/04\/01\/parana-tem-a-maior-safra-de-soja-da-historia\/#primaryimage"},"thumbnailUrl":"https:\/\/soldadoadrianojose.com.br\/wp-content\/uploads\/2023\/04\/WhatsApp-Image-2023-04-01-at-15.49.16.jpeg","articleSection":["GABINETE SD"],"inLanguage":"pt-BR","potentialAction":[{"@type":"CommentAction","name":"Comment","target":["https:\/\/soldadoadrianojose.com.br\/index.php\/2023\/04\/01\/parana-tem-a-maior-safra-de-soja-da-historia\/#respond"]}]},{"@type":"WebPage","@id":"https:\/\/soldadoadrianojose.com.br\/index.php\/2023\/04\/01\/parana-tem-a-maior-safra-de-soja-da-historia\/","url":"https:\/\/soldadoadrianojose.com.br\/index.php\/2023\/04\/01\/parana-tem-a-maior-safra-de-soja-da-historia\/","name":"Paran\u00e1 tem a maior safra de soja da hist\u00f3ria - Deputado Adriano Jos\u00e9","isPartOf":{"@id":"https:\/\/soldadoadrianojose.com.br\/#website"},"primaryImageOfPage":{"@id":"https:\/\/soldadoadrianojose.com.br\/index.php\/2023\/04\/01\/parana-tem-a-maior-safra-de-soja-da-historia\/#primaryimage"},"image":{"@id":"https:\/\/soldadoadrianojose.com.br\/index.php\/2023\/04\/01\/parana-tem-a-maior-safra-de-soja-da-historia\/#primaryimage"},"thumbnailUrl":"https:\/\/soldadoadrianojose.com.br\/wp-content\/uploads\/2023\/04\/WhatsApp-Image-2023-04-01-at-15.49.16.jpeg","datePublished":"2023-04-01T18:52:45+00:00","dateModified":"2023-04-01T18:52:48+00:00","breadcrumb":{"@id":"https:\/\/soldadoadrianojose.com.br\/index.php\/2023\/04\/01\/parana-tem-a-maior-safra-de-soja-da-historia\/#breadcrumb"},"inLanguage":"pt-BR","potentialAction":[{"@type":"ReadAction","target":["https:\/\/soldadoadrianojose.com.br\/index.php\/2023\/04\/01\/parana-tem-a-maior-safra-de-soja-da-historia\/"]}]},{"@type":"ImageObject","inLanguage":"pt-BR","@id":"https:\/\/soldadoadrianojose.com.br\/index.php\/2023\/04\/01\/parana-tem-a-maior-safra-de-soja-da-historia\/#primaryimage","url":"https:\/\/soldadoadrianojose.com.br\/wp-content\/uploads\/2023\/04\/WhatsApp-Image-2023-04-01-at-15.49.16.jpeg","contentUrl":"https:\/\/soldadoadrianojose.com.br\/wp-content\/uploads\/2023\/04\/WhatsApp-Image-2023-04-01-at-15.49.16.jpeg","width":1170,"height":642},{"@type":"BreadcrumbList","@id":"https:\/\/soldadoadrianojose.com.br\/index.php\/2023\/04\/01\/parana-tem-a-maior-safra-de-soja-da-historia\/#breadcrumb","itemListElement":[{"@type":"ListItem","position":1,"name":"In\u00edcio","item":"https:\/\/soldadoadrianojose.com.br\/"},{"@type":"ListItem","position":2,"name":"Paran\u00e1 tem a maior safra de soja da hist\u00f3ria"}]},{"@type":"WebSite","@id":"https:\/\/soldadoadrianojose.com.br\/#website","url":"https:\/\/soldadoadrianojose.com.br\/","name":"Deputado Adriano Jos\u00e9","description":"Nosso trabalho \u00e9 pelas pessoas","publisher":{"@id":"https:\/\/soldadoadrianojose.com.br\/#\/schema\/person\/16f8e8defb7a4bd6c6082efcd1bdb6bb"},"potentialAction":[{"@type":"SearchAction","target":{"@type":"EntryPoint","urlTemplate":"https:\/\/soldadoadrianojose.com.br\/?s={search_term_string}"},"query-input":{"@type":"PropertyValueSpecification","valueRequired":true,"valueName":"search_term_string"}}],"inLanguage":"pt-BR"},{"@type":["Person","Organization"],"@id":"https:\/\/soldadoadrianojose.com.br\/#\/schema\/person\/16f8e8defb7a4bd6c6082efcd1bdb6bb","name":"soldadoadrianojose","image":{"@type":"ImageObject","inLanguage":"pt-BR","@id":"https:\/\/soldadoadrianojose.com.br\/wp-content\/uploads\/2023\/02\/LOGO_CLEAR-5.png","url":"https:\/\/soldadoadrianojose.com.br\/wp-content\/uploads\/2023\/02\/LOGO_CLEAR-5.png","contentUrl":"https:\/\/soldadoadrianojose.com.br\/wp-content\/uploads\/2023\/02\/LOGO_CLEAR-5.png","width":3508,"height":998,"caption":"soldadoadrianojose"},"logo":{"@id":"https:\/\/soldadoadrianojose.com.br\/wp-content\/uploads\/2023\/02\/LOGO_CLEAR-5.png"},"sameAs":["https:\/\/soldadoadrianojose.com.br"],"url":"https:\/\/soldadoadrianojose.com.br\/index.php\/author\/soldadoadrianojose\/"}]}},"jetpack_featured_media_url":"https:\/\/soldadoadrianojose.com.br\/wp-content\/uploads\/2023\/04\/WhatsApp-Image-2023-04-01-at-15.49.16.jpeg","_links":{"self":[{"href":"https:\/\/soldadoadrianojose.com.br\/index.php\/wp-json\/wp\/v2\/posts\/750","targetHints":{"allow":["GET"]}}],"collection":[{"href":"https:\/\/soldadoadrianojose.com.br\/index.php\/wp-json\/wp\/v2\/posts"}],"about":[{"href":"https:\/\/soldadoadrianojose.com.br\/index.php\/wp-json\/wp\/v2\/types\/post"}],"author":[{"embeddable":true,"href":"https:\/\/soldadoadrianojose.com.br\/index.php\/wp-json\/wp\/v2\/users\/1"}],"replies":[{"embeddable":true,"href":"https:\/\/soldadoadrianojose.com.br\/index.php\/wp-json\/wp\/v2\/comments?post=750"}],"version-history":[{"count":1,"href":"https:\/\/soldadoadrianojose.com.br\/index.php\/wp-json\/wp\/v2\/posts\/750\/revisions"}],"predecessor-version":[{"id":752,"href":"https:\/\/soldadoadrianojose.com.br\/index.php\/wp-json\/wp\/v2\/posts\/750\/revisions\/752"}],"wp:featuredmedia":[{"embeddable":true,"href":"https:\/\/soldadoadrianojose.com.br\/index.php\/wp-json\/wp\/v2\/media\/751"}],"wp:attachment":[{"href":"https:\/\/soldadoadrianojose.com.br\/index.php\/wp-json\/wp\/v2\/media?parent=750"}],"wp:term":[{"taxonomy":"category","embeddable":true,"href":"https:\/\/soldadoadrianojose.com.br\/index.php\/wp-json\/wp\/v2\/categories?post=750"},{"taxonomy":"post_tag","embeddable":true,"href":"https:\/\/soldadoadrianojose.com.br\/index.php\/wp-json\/wp\/v2\/tags?post=750"}],"curies":[{"name":"wp","href":"https:\/\/api.w.org\/{rel}","templated":true}]}}