{"id":753,"date":"2023-04-03T17:16:06","date_gmt":"2023-04-03T20:16:06","guid":{"rendered":"https:\/\/soldadoadrianojose.com.br\/?p=753"},"modified":"2023-04-03T17:26:15","modified_gmt":"2023-04-03T20:26:15","slug":"pp-reune-deputados-e-define-acoes-de-olho-nas-eleicoes-de-2024","status":"publish","type":"post","link":"https:\/\/soldadoadrianojose.com.br\/index.php\/2023\/04\/03\/pp-reune-deputados-e-define-acoes-de-olho-nas-eleicoes-de-2024\/","title":{"rendered":"PP re\u00fane deputados e define a\u00e7\u00f5es de olho nas elei\u00e7\u00f5es de 2024"},"content":{"rendered":"\n<figure class=\"wp-block-image size-large\"><img fetchpriority=\"high\" decoding=\"async\" width=\"1024\" height=\"682\" src=\"https:\/\/soldadoadrianojose.com.br\/wp-content\/uploads\/2023\/04\/WhatsApp-Image-2023-04-03-at-17.15.09-1024x682.jpeg\" alt=\"\" class=\"wp-image-754\" srcset=\"https:\/\/soldadoadrianojose.com.br\/wp-content\/uploads\/2023\/04\/WhatsApp-Image-2023-04-03-at-17.15.09-1024x682.jpeg 1024w, https:\/\/soldadoadrianojose.com.br\/wp-content\/uploads\/2023\/04\/WhatsApp-Image-2023-04-03-at-17.15.09-300x200.jpeg 300w, https:\/\/soldadoadrianojose.com.br\/wp-content\/uploads\/2023\/04\/WhatsApp-Image-2023-04-03-at-17.15.09-768x512.jpeg 768w, https:\/\/soldadoadrianojose.com.br\/wp-content\/uploads\/2023\/04\/WhatsApp-Image-2023-04-03-at-17.15.09-1536x1023.jpeg 1536w, https:\/\/soldadoadrianojose.com.br\/wp-content\/uploads\/2023\/04\/WhatsApp-Image-2023-04-03-at-17.15.09.jpeg 1600w\" sizes=\"(max-width: 1024px) 100vw, 1024px\" \/><\/figure>\n\n\n\n<p>Os deputados estaduais e federais do Progressistas (PP) se reuniram nesta segunda-feira (3) para alinhar estrat\u00e9gias e definir a\u00e7\u00f5es de fortalecimento da legenda com o foco nas elei\u00e7\u00f5es municipais de 2024.<\/p>\n\n\n\n<p>O encontro foi organizado pela presidente estadual da legenda, deputada Maria Vict\u00f3ria, e contou com a presen\u00e7a dos deputados federais Marco Brasil, Pedro Lupion, Ricardo Barros, Ti\u00e3o Medeiros e Toninho Wandscheer e dos estaduais Matheus Vermelho e Soldado Adriano Jos\u00e9.<\/p>\n\n\n\n<p>Participaram ainda a ex-governadora Cida Borghetti e os suplentes Evandro Roman, Cesar Mello e Lucio de Marchi. O presidente da Assembleia, deputado Ademar Traiano (PSD), e o primeiro-secret\u00e1rio, deputado Alexandre Curi (PSD) tamb\u00e9m acompanharam uma parte da reuni\u00e3o.<\/p>\n\n\n\n<p>Maria Victoria disse que esse tipo de encontro ser\u00e1 frequente. \u201cFoi a primeira reuni\u00e3o das bancadas da Assembleia e da C\u00e2mara Federal. \u00c9 a continuidade de um processo de fortalecimento da legenda que vem ocorrendo nos \u00faltimos anos. Vamos construir chapas fortes, com candidatos competitivos confirmando o protagonismo do PP no Estado do Paran\u00e1\u201d.<\/p>\n\n\n\n<p>De acordo com o deputado estadual Soldado Adriano Jos\u00e9. \u201c\u00c9 sempre bom, nessa fase inicial de novo mandato, ter uma orienta\u00e7\u00e3o do tamanho da credibilidade que tem a presidente estadual do nosso partido e nossas outras lideran\u00e7as.<br>Com essas for\u00e7as pol\u00edticas todas, acredito que n\u00f3s temos as condi\u00e7\u00f5es dadas e orienta\u00e7\u00f5es do Partido para ajudar a construir na Assembleia Legislativa e C\u00e2mara Federal a governabilidade e a estabilidade pol\u00edtica, t\u00e3o necess\u00e1ria nos dias de hoje.<\/p>\n\n\n\n<p>EVENTOS &#8211; Maria Victoria refor\u00e7ou aos deputados a orienta\u00e7\u00e3o da resolu\u00e7\u00e3o nacional do PP de que as comiss\u00f5es ou diret\u00f3rios municipais devem ter 30% das vagas ocupadas por mulheres.<\/p>\n\n\n\n<p>\u201cTeremos a\u00e7\u00f5es de capacita\u00e7\u00e3o em todo o Paran\u00e1. S\u00e3o eventos voltados \u00e0s lideran\u00e7as locais, para buscar novos filiados e tamb\u00e9m para ampliar o debate sobre as necessidades de cada regi\u00e3o\u201d, pontuou<\/p>\n\n\n\n<p>NOVA SEDE \u2013 A presidente estadual tamb\u00e9m comunicou que a nova sede do partido ser\u00e1 inaugurada no dia 24 de Abril (segunda-feira). O endere\u00e7o \u00e9 Rua Jos\u00e9 Sab\u00f3ia Cortes 129, no Centro C\u00edvico de Curitiba.<\/p>\n","protected":false},"excerpt":{"rendered":"<p>Os deputados estaduais e federais do Progressistas (PP) se reuniram nesta segunda-feira (3) para alinhar estrat\u00e9gias e definir a\u00e7\u00f5es de fortalecimento da legenda com o foco nas elei\u00e7\u00f5es municipais de 2024. O encontro foi organizado pela presidente estadual da legenda, deputada Maria Vict\u00f3ria, e contou com a presen\u00e7a dos deputados federais Marco Brasil, Pedro Lupion, [&hellip;]<\/p>\n","protected":false},"author":1,"featured_media":754,"comment_status":"open","ping_status":"open","sticky":false,"template":"","format":"standard","meta":{"footnotes":""},"categories":[1,5],"tags":[],"class_list":["post-753","post","type-post","status-publish","format-standard","has-post-thumbnail","hentry","category-gabinete-sd","category-parana"],"yoast_head":"<!-- This site is optimized with the Yoast SEO plugin v27.4 - https:\/\/yoast.com\/product\/yoast-seo-wordpress\/ -->\n<title>PP re\u00fane deputados e define a\u00e7\u00f5es de olho nas elei\u00e7\u00f5es de 2024 - Deputado Adriano Jos\u00e9<\/title>\n<meta name=\"robots\" content=\"index, follow, max-snippet:-1, max-image-preview:large, max-video-preview:-1\" \/>\n<link rel=\"canonical\" href=\"https:\/\/soldadoadrianojose.com.br\/index.php\/2023\/04\/03\/pp-reune-deputados-e-define-acoes-de-olho-nas-eleicoes-de-2024\/\" \/>\n<meta property=\"og:locale\" content=\"pt_BR\" \/>\n<meta property=\"og:type\" content=\"article\" \/>\n<meta property=\"og:title\" content=\"PP re\u00fane deputados e define a\u00e7\u00f5es de olho nas elei\u00e7\u00f5es de 2024 - Deputado Adriano Jos\u00e9\" \/>\n<meta property=\"og:description\" content=\"Os deputados estaduais e federais do Progressistas (PP) se reuniram nesta segunda-feira (3) para alinhar estrat\u00e9gias e definir a\u00e7\u00f5es de fortalecimento da legenda com o foco nas elei\u00e7\u00f5es municipais de 2024. O encontro foi organizado pela presidente estadual da legenda, deputada Maria Vict\u00f3ria, e contou com a presen\u00e7a dos deputados federais Marco Brasil, Pedro Lupion, [&hellip;]\" \/>\n<meta property=\"og:url\" content=\"https:\/\/soldadoadrianojose.com.br\/index.php\/2023\/04\/03\/pp-reune-deputados-e-define-acoes-de-olho-nas-eleicoes-de-2024\/\" \/>\n<meta property=\"og:site_name\" content=\"Deputado Adriano Jos\u00e9\" \/>\n<meta property=\"article:published_time\" content=\"2023-04-03T20:16:06+00:00\" \/>\n<meta property=\"article:modified_time\" content=\"2023-04-03T20:26:15+00:00\" \/>\n<meta property=\"og:image\" content=\"https:\/\/soldadoadrianojose.com.br\/wp-content\/uploads\/2023\/04\/WhatsApp-Image-2023-04-03-at-17.15.09.jpeg\" \/>\n\t<meta property=\"og:image:width\" content=\"1600\" \/>\n\t<meta property=\"og:image:height\" content=\"1066\" \/>\n\t<meta property=\"og:image:type\" content=\"image\/jpeg\" \/>\n<meta name=\"author\" content=\"soldadoadrianojose\" \/>\n<meta name=\"twitter:card\" content=\"summary_large_image\" \/>\n<meta name=\"twitter:label1\" content=\"Escrito por\" \/>\n\t<meta name=\"twitter:data1\" content=\"soldadoadrianojose\" \/>\n\t<meta name=\"twitter:label2\" content=\"Est. tempo de leitura\" \/>\n\t<meta name=\"twitter:data2\" content=\"3 minutos\" \/>\n<script type=\"application\/ld+json\" class=\"yoast-schema-graph\">{\"@context\":\"https:\\\/\\\/schema.org\",\"@graph\":[{\"@type\":\"Article\",\"@id\":\"https:\\\/\\\/soldadoadrianojose.com.br\\\/index.php\\\/2023\\\/04\\\/03\\\/pp-reune-deputados-e-define-acoes-de-olho-nas-eleicoes-de-2024\\\/#article\",\"isPartOf\":{\"@id\":\"https:\\\/\\\/soldadoadrianojose.com.br\\\/index.php\\\/2023\\\/04\\\/03\\\/pp-reune-deputados-e-define-acoes-de-olho-nas-eleicoes-de-2024\\\/\"},\"author\":{\"name\":\"soldadoadrianojose\",\"@id\":\"https:\\\/\\\/soldadoadrianojose.com.br\\\/#\\\/schema\\\/person\\\/16f8e8defb7a4bd6c6082efcd1bdb6bb\"},\"headline\":\"PP re\u00fane deputados e define a\u00e7\u00f5es de olho nas elei\u00e7\u00f5es de 2024\",\"datePublished\":\"2023-04-03T20:16:06+00:00\",\"dateModified\":\"2023-04-03T20:26:15+00:00\",\"mainEntityOfPage\":{\"@id\":\"https:\\\/\\\/soldadoadrianojose.com.br\\\/index.php\\\/2023\\\/04\\\/03\\\/pp-reune-deputados-e-define-acoes-de-olho-nas-eleicoes-de-2024\\\/\"},\"wordCount\":375,\"commentCount\":0,\"publisher\":{\"@id\":\"https:\\\/\\\/soldadoadrianojose.com.br\\\/#\\\/schema\\\/person\\\/16f8e8defb7a4bd6c6082efcd1bdb6bb\"},\"image\":{\"@id\":\"https:\\\/\\\/soldadoadrianojose.com.br\\\/index.php\\\/2023\\\/04\\\/03\\\/pp-reune-deputados-e-define-acoes-de-olho-nas-eleicoes-de-2024\\\/#primaryimage\"},\"thumbnailUrl\":\"https:\\\/\\\/soldadoadrianojose.com.br\\\/wp-content\\\/uploads\\\/2023\\\/04\\\/WhatsApp-Image-2023-04-03-at-17.15.09.jpeg\",\"articleSection\":[\"GABINETE SD\",\"PARAN\u00c1\"],\"inLanguage\":\"pt-BR\",\"potentialAction\":[{\"@type\":\"CommentAction\",\"name\":\"Comment\",\"target\":[\"https:\\\/\\\/soldadoadrianojose.com.br\\\/index.php\\\/2023\\\/04\\\/03\\\/pp-reune-deputados-e-define-acoes-de-olho-nas-eleicoes-de-2024\\\/#respond\"]}]},{\"@type\":\"WebPage\",\"@id\":\"https:\\\/\\\/soldadoadrianojose.com.br\\\/index.php\\\/2023\\\/04\\\/03\\\/pp-reune-deputados-e-define-acoes-de-olho-nas-eleicoes-de-2024\\\/\",\"url\":\"https:\\\/\\\/soldadoadrianojose.com.br\\\/index.php\\\/2023\\\/04\\\/03\\\/pp-reune-deputados-e-define-acoes-de-olho-nas-eleicoes-de-2024\\\/\",\"name\":\"PP re\u00fane deputados e define a\u00e7\u00f5es de olho nas elei\u00e7\u00f5es de 2024 - Deputado Adriano Jos\u00e9\",\"isPartOf\":{\"@id\":\"https:\\\/\\\/soldadoadrianojose.com.br\\\/#website\"},\"primaryImageOfPage\":{\"@id\":\"https:\\\/\\\/soldadoadrianojose.com.br\\\/index.php\\\/2023\\\/04\\\/03\\\/pp-reune-deputados-e-define-acoes-de-olho-nas-eleicoes-de-2024\\\/#primaryimage\"},\"image\":{\"@id\":\"https:\\\/\\\/soldadoadrianojose.com.br\\\/index.php\\\/2023\\\/04\\\/03\\\/pp-reune-deputados-e-define-acoes-de-olho-nas-eleicoes-de-2024\\\/#primaryimage\"},\"thumbnailUrl\":\"https:\\\/\\\/soldadoadrianojose.com.br\\\/wp-content\\\/uploads\\\/2023\\\/04\\\/WhatsApp-Image-2023-04-03-at-17.15.09.jpeg\",\"datePublished\":\"2023-04-03T20:16:06+00:00\",\"dateModified\":\"2023-04-03T20:26:15+00:00\",\"breadcrumb\":{\"@id\":\"https:\\\/\\\/soldadoadrianojose.com.br\\\/index.php\\\/2023\\\/04\\\/03\\\/pp-reune-deputados-e-define-acoes-de-olho-nas-eleicoes-de-2024\\\/#breadcrumb\"},\"inLanguage\":\"pt-BR\",\"potentialAction\":[{\"@type\":\"ReadAction\",\"target\":[\"https:\\\/\\\/soldadoadrianojose.com.br\\\/index.php\\\/2023\\\/04\\\/03\\\/pp-reune-deputados-e-define-acoes-de-olho-nas-eleicoes-de-2024\\\/\"]}]},{\"@type\":\"ImageObject\",\"inLanguage\":\"pt-BR\",\"@id\":\"https:\\\/\\\/soldadoadrianojose.com.br\\\/index.php\\\/2023\\\/04\\\/03\\\/pp-reune-deputados-e-define-acoes-de-olho-nas-eleicoes-de-2024\\\/#primaryimage\",\"url\":\"https:\\\/\\\/soldadoadrianojose.com.br\\\/wp-content\\\/uploads\\\/2023\\\/04\\\/WhatsApp-Image-2023-04-03-at-17.15.09.jpeg\",\"contentUrl\":\"https:\\\/\\\/soldadoadrianojose.com.br\\\/wp-content\\\/uploads\\\/2023\\\/04\\\/WhatsApp-Image-2023-04-03-at-17.15.09.jpeg\",\"width\":1600,\"height\":1066},{\"@type\":\"BreadcrumbList\",\"@id\":\"https:\\\/\\\/soldadoadrianojose.com.br\\\/index.php\\\/2023\\\/04\\\/03\\\/pp-reune-deputados-e-define-acoes-de-olho-nas-eleicoes-de-2024\\\/#breadcrumb\",\"itemListElement\":[{\"@type\":\"ListItem\",\"position\":1,\"name\":\"In\u00edcio\",\"item\":\"https:\\\/\\\/soldadoadrianojose.com.br\\\/\"},{\"@type\":\"ListItem\",\"position\":2,\"name\":\"PP re\u00fane deputados e define a\u00e7\u00f5es de olho nas elei\u00e7\u00f5es de 2024\"}]},{\"@type\":\"WebSite\",\"@id\":\"https:\\\/\\\/soldadoadrianojose.com.br\\\/#website\",\"url\":\"https:\\\/\\\/soldadoadrianojose.com.br\\\/\",\"name\":\"Deputado Adriano Jos\u00e9\",\"description\":\"Nosso trabalho \u00e9 pelas pessoas\",\"publisher\":{\"@id\":\"https:\\\/\\\/soldadoadrianojose.com.br\\\/#\\\/schema\\\/person\\\/16f8e8defb7a4bd6c6082efcd1bdb6bb\"},\"potentialAction\":[{\"@type\":\"SearchAction\",\"target\":{\"@type\":\"EntryPoint\",\"urlTemplate\":\"https:\\\/\\\/soldadoadrianojose.com.br\\\/?s={search_term_string}\"},\"query-input\":{\"@type\":\"PropertyValueSpecification\",\"valueRequired\":true,\"valueName\":\"search_term_string\"}}],\"inLanguage\":\"pt-BR\"},{\"@type\":[\"Person\",\"Organization\"],\"@id\":\"https:\\\/\\\/soldadoadrianojose.com.br\\\/#\\\/schema\\\/person\\\/16f8e8defb7a4bd6c6082efcd1bdb6bb\",\"name\":\"soldadoadrianojose\",\"image\":{\"@type\":\"ImageObject\",\"inLanguage\":\"pt-BR\",\"@id\":\"https:\\\/\\\/soldadoadrianojose.com.br\\\/wp-content\\\/uploads\\\/2023\\\/02\\\/LOGO_CLEAR-5.png\",\"url\":\"https:\\\/\\\/soldadoadrianojose.com.br\\\/wp-content\\\/uploads\\\/2023\\\/02\\\/LOGO_CLEAR-5.png\",\"contentUrl\":\"https:\\\/\\\/soldadoadrianojose.com.br\\\/wp-content\\\/uploads\\\/2023\\\/02\\\/LOGO_CLEAR-5.png\",\"width\":3508,\"height\":998,\"caption\":\"soldadoadrianojose\"},\"logo\":{\"@id\":\"https:\\\/\\\/soldadoadrianojose.com.br\\\/wp-content\\\/uploads\\\/2023\\\/02\\\/LOGO_CLEAR-5.png\"},\"sameAs\":[\"https:\\\/\\\/soldadoadrianojose.com.br\"],\"url\":\"https:\\\/\\\/soldadoadrianojose.com.br\\\/index.php\\\/author\\\/soldadoadrianojose\\\/\"}]}<\/script>\n<!-- \/ Yoast SEO plugin. -->","yoast_head_json":{"title":"PP re\u00fane deputados e define a\u00e7\u00f5es de olho nas elei\u00e7\u00f5es de 2024 - Deputado Adriano Jos\u00e9","robots":{"index":"index","follow":"follow","max-snippet":"max-snippet:-1","max-image-preview":"max-image-preview:large","max-video-preview":"max-video-preview:-1"},"canonical":"https:\/\/soldadoadrianojose.com.br\/index.php\/2023\/04\/03\/pp-reune-deputados-e-define-acoes-de-olho-nas-eleicoes-de-2024\/","og_locale":"pt_BR","og_type":"article","og_title":"PP re\u00fane deputados e define a\u00e7\u00f5es de olho nas elei\u00e7\u00f5es de 2024 - Deputado Adriano Jos\u00e9","og_description":"Os deputados estaduais e federais do Progressistas (PP) se reuniram nesta segunda-feira (3) para alinhar estrat\u00e9gias e definir a\u00e7\u00f5es de fortalecimento da legenda com o foco nas elei\u00e7\u00f5es municipais de 2024. O encontro foi organizado pela presidente estadual da legenda, deputada Maria Vict\u00f3ria, e contou com a presen\u00e7a dos deputados federais Marco Brasil, Pedro Lupion, [&hellip;]","og_url":"https:\/\/soldadoadrianojose.com.br\/index.php\/2023\/04\/03\/pp-reune-deputados-e-define-acoes-de-olho-nas-eleicoes-de-2024\/","og_site_name":"Deputado Adriano Jos\u00e9","article_published_time":"2023-04-03T20:16:06+00:00","article_modified_time":"2023-04-03T20:26:15+00:00","og_image":[{"width":1600,"height":1066,"url":"https:\/\/soldadoadrianojose.com.br\/wp-content\/uploads\/2023\/04\/WhatsApp-Image-2023-04-03-at-17.15.09.jpeg","type":"image\/jpeg"}],"author":"soldadoadrianojose","twitter_card":"summary_large_image","twitter_misc":{"Escrito por":"soldadoadrianojose","Est. tempo de leitura":"3 minutos"},"schema":{"@context":"https:\/\/schema.org","@graph":[{"@type":"Article","@id":"https:\/\/soldadoadrianojose.com.br\/index.php\/2023\/04\/03\/pp-reune-deputados-e-define-acoes-de-olho-nas-eleicoes-de-2024\/#article","isPartOf":{"@id":"https:\/\/soldadoadrianojose.com.br\/index.php\/2023\/04\/03\/pp-reune-deputados-e-define-acoes-de-olho-nas-eleicoes-de-2024\/"},"author":{"name":"soldadoadrianojose","@id":"https:\/\/soldadoadrianojose.com.br\/#\/schema\/person\/16f8e8defb7a4bd6c6082efcd1bdb6bb"},"headline":"PP re\u00fane deputados e define a\u00e7\u00f5es de olho nas elei\u00e7\u00f5es de 2024","datePublished":"2023-04-03T20:16:06+00:00","dateModified":"2023-04-03T20:26:15+00:00","mainEntityOfPage":{"@id":"https:\/\/soldadoadrianojose.com.br\/index.php\/2023\/04\/03\/pp-reune-deputados-e-define-acoes-de-olho-nas-eleicoes-de-2024\/"},"wordCount":375,"commentCount":0,"publisher":{"@id":"https:\/\/soldadoadrianojose.com.br\/#\/schema\/person\/16f8e8defb7a4bd6c6082efcd1bdb6bb"},"image":{"@id":"https:\/\/soldadoadrianojose.com.br\/index.php\/2023\/04\/03\/pp-reune-deputados-e-define-acoes-de-olho-nas-eleicoes-de-2024\/#primaryimage"},"thumbnailUrl":"https:\/\/soldadoadrianojose.com.br\/wp-content\/uploads\/2023\/04\/WhatsApp-Image-2023-04-03-at-17.15.09.jpeg","articleSection":["GABINETE SD","PARAN\u00c1"],"inLanguage":"pt-BR","potentialAction":[{"@type":"CommentAction","name":"Comment","target":["https:\/\/soldadoadrianojose.com.br\/index.php\/2023\/04\/03\/pp-reune-deputados-e-define-acoes-de-olho-nas-eleicoes-de-2024\/#respond"]}]},{"@type":"WebPage","@id":"https:\/\/soldadoadrianojose.com.br\/index.php\/2023\/04\/03\/pp-reune-deputados-e-define-acoes-de-olho-nas-eleicoes-de-2024\/","url":"https:\/\/soldadoadrianojose.com.br\/index.php\/2023\/04\/03\/pp-reune-deputados-e-define-acoes-de-olho-nas-eleicoes-de-2024\/","name":"PP re\u00fane deputados e define a\u00e7\u00f5es de olho nas elei\u00e7\u00f5es de 2024 - Deputado Adriano Jos\u00e9","isPartOf":{"@id":"https:\/\/soldadoadrianojose.com.br\/#website"},"primaryImageOfPage":{"@id":"https:\/\/soldadoadrianojose.com.br\/index.php\/2023\/04\/03\/pp-reune-deputados-e-define-acoes-de-olho-nas-eleicoes-de-2024\/#primaryimage"},"image":{"@id":"https:\/\/soldadoadrianojose.com.br\/index.php\/2023\/04\/03\/pp-reune-deputados-e-define-acoes-de-olho-nas-eleicoes-de-2024\/#primaryimage"},"thumbnailUrl":"https:\/\/soldadoadrianojose.com.br\/wp-content\/uploads\/2023\/04\/WhatsApp-Image-2023-04-03-at-17.15.09.jpeg","datePublished":"2023-04-03T20:16:06+00:00","dateModified":"2023-04-03T20:26:15+00:00","breadcrumb":{"@id":"https:\/\/soldadoadrianojose.com.br\/index.php\/2023\/04\/03\/pp-reune-deputados-e-define-acoes-de-olho-nas-eleicoes-de-2024\/#breadcrumb"},"inLanguage":"pt-BR","potentialAction":[{"@type":"ReadAction","target":["https:\/\/soldadoadrianojose.com.br\/index.php\/2023\/04\/03\/pp-reune-deputados-e-define-acoes-de-olho-nas-eleicoes-de-2024\/"]}]},{"@type":"ImageObject","inLanguage":"pt-BR","@id":"https:\/\/soldadoadrianojose.com.br\/index.php\/2023\/04\/03\/pp-reune-deputados-e-define-acoes-de-olho-nas-eleicoes-de-2024\/#primaryimage","url":"https:\/\/soldadoadrianojose.com.br\/wp-content\/uploads\/2023\/04\/WhatsApp-Image-2023-04-03-at-17.15.09.jpeg","contentUrl":"https:\/\/soldadoadrianojose.com.br\/wp-content\/uploads\/2023\/04\/WhatsApp-Image-2023-04-03-at-17.15.09.jpeg","width":1600,"height":1066},{"@type":"BreadcrumbList","@id":"https:\/\/soldadoadrianojose.com.br\/index.php\/2023\/04\/03\/pp-reune-deputados-e-define-acoes-de-olho-nas-eleicoes-de-2024\/#breadcrumb","itemListElement":[{"@type":"ListItem","position":1,"name":"In\u00edcio","item":"https:\/\/soldadoadrianojose.com.br\/"},{"@type":"ListItem","position":2,"name":"PP re\u00fane deputados e define a\u00e7\u00f5es de olho nas elei\u00e7\u00f5es de 2024"}]},{"@type":"WebSite","@id":"https:\/\/soldadoadrianojose.com.br\/#website","url":"https:\/\/soldadoadrianojose.com.br\/","name":"Deputado Adriano Jos\u00e9","description":"Nosso trabalho \u00e9 pelas pessoas","publisher":{"@id":"https:\/\/soldadoadrianojose.com.br\/#\/schema\/person\/16f8e8defb7a4bd6c6082efcd1bdb6bb"},"potentialAction":[{"@type":"SearchAction","target":{"@type":"EntryPoint","urlTemplate":"https:\/\/soldadoadrianojose.com.br\/?s={search_term_string}"},"query-input":{"@type":"PropertyValueSpecification","valueRequired":true,"valueName":"search_term_string"}}],"inLanguage":"pt-BR"},{"@type":["Person","Organization"],"@id":"https:\/\/soldadoadrianojose.com.br\/#\/schema\/person\/16f8e8defb7a4bd6c6082efcd1bdb6bb","name":"soldadoadrianojose","image":{"@type":"ImageObject","inLanguage":"pt-BR","@id":"https:\/\/soldadoadrianojose.com.br\/wp-content\/uploads\/2023\/02\/LOGO_CLEAR-5.png","url":"https:\/\/soldadoadrianojose.com.br\/wp-content\/uploads\/2023\/02\/LOGO_CLEAR-5.png","contentUrl":"https:\/\/soldadoadrianojose.com.br\/wp-content\/uploads\/2023\/02\/LOGO_CLEAR-5.png","width":3508,"height":998,"caption":"soldadoadrianojose"},"logo":{"@id":"https:\/\/soldadoadrianojose.com.br\/wp-content\/uploads\/2023\/02\/LOGO_CLEAR-5.png"},"sameAs":["https:\/\/soldadoadrianojose.com.br"],"url":"https:\/\/soldadoadrianojose.com.br\/index.php\/author\/soldadoadrianojose\/"}]}},"jetpack_featured_media_url":"https:\/\/soldadoadrianojose.com.br\/wp-content\/uploads\/2023\/04\/WhatsApp-Image-2023-04-03-at-17.15.09.jpeg","_links":{"self":[{"href":"https:\/\/soldadoadrianojose.com.br\/index.php\/wp-json\/wp\/v2\/posts\/753","targetHints":{"allow":["GET"]}}],"collection":[{"href":"https:\/\/soldadoadrianojose.com.br\/index.php\/wp-json\/wp\/v2\/posts"}],"about":[{"href":"https:\/\/soldadoadrianojose.com.br\/index.php\/wp-json\/wp\/v2\/types\/post"}],"author":[{"embeddable":true,"href":"https:\/\/soldadoadrianojose.com.br\/index.php\/wp-json\/wp\/v2\/users\/1"}],"replies":[{"embeddable":true,"href":"https:\/\/soldadoadrianojose.com.br\/index.php\/wp-json\/wp\/v2\/comments?post=753"}],"version-history":[{"count":2,"href":"https:\/\/soldadoadrianojose.com.br\/index.php\/wp-json\/wp\/v2\/posts\/753\/revisions"}],"predecessor-version":[{"id":756,"href":"https:\/\/soldadoadrianojose.com.br\/index.php\/wp-json\/wp\/v2\/posts\/753\/revisions\/756"}],"wp:featuredmedia":[{"embeddable":true,"href":"https:\/\/soldadoadrianojose.com.br\/index.php\/wp-json\/wp\/v2\/media\/754"}],"wp:attachment":[{"href":"https:\/\/soldadoadrianojose.com.br\/index.php\/wp-json\/wp\/v2\/media?parent=753"}],"wp:term":[{"taxonomy":"category","embeddable":true,"href":"https:\/\/soldadoadrianojose.com.br\/index.php\/wp-json\/wp\/v2\/categories?post=753"},{"taxonomy":"post_tag","embeddable":true,"href":"https:\/\/soldadoadrianojose.com.br\/index.php\/wp-json\/wp\/v2\/tags?post=753"}],"curies":[{"name":"wp","href":"https:\/\/api.w.org\/{rel}","templated":true}]}}