{"id":767,"date":"2023-04-10T08:25:28","date_gmt":"2023-04-10T11:25:28","guid":{"rendered":"https:\/\/soldadoadrianojose.com.br\/?p=767"},"modified":"2023-04-10T08:25:32","modified_gmt":"2023-04-10T11:25:32","slug":"conselho-aprovado-em-comissao-da-alep-viabiliza-que-policiais-penais-sejam-promovidos","status":"publish","type":"post","link":"https:\/\/soldadoadrianojose.com.br\/index.php\/2023\/04\/10\/conselho-aprovado-em-comissao-da-alep-viabiliza-que-policiais-penais-sejam-promovidos\/","title":{"rendered":"Conselho aprovado em comiss\u00e3o da Alep viabiliza que policiais penais sejam promovidos"},"content":{"rendered":"\n<figure class=\"wp-block-image size-full\"><img fetchpriority=\"high\" decoding=\"async\" width=\"863\" height=\"603\" src=\"https:\/\/soldadoadrianojose.com.br\/wp-content\/uploads\/2023\/04\/9f2UidodfmIlbiNxCKtkW9EJCeDQTHtjeCywRQIw.jpeg\" alt=\"\" class=\"wp-image-768\" srcset=\"https:\/\/soldadoadrianojose.com.br\/wp-content\/uploads\/2023\/04\/9f2UidodfmIlbiNxCKtkW9EJCeDQTHtjeCywRQIw.jpeg 863w, https:\/\/soldadoadrianojose.com.br\/wp-content\/uploads\/2023\/04\/9f2UidodfmIlbiNxCKtkW9EJCeDQTHtjeCywRQIw-300x210.jpeg 300w, https:\/\/soldadoadrianojose.com.br\/wp-content\/uploads\/2023\/04\/9f2UidodfmIlbiNxCKtkW9EJCeDQTHtjeCywRQIw-768x537.jpeg 768w\" sizes=\"(max-width: 863px) 100vw, 863px\" \/><\/figure>\n\n\n\n<p><strong>A Comiss\u00e3o de Constitui\u00e7\u00e3o e Justi\u00e7a (CCJ) da Assembleia Legislativa do Paran\u00e1 (Alep) analisou e aprovou uma proposta que reconhece e valoriza os policiais penais do Estado. O projeto de lei n\u00ba 192\/2023, de autoria do Poder Executivo, institui o Conselho da Pol\u00edcia Penal, \u00f3rg\u00e3o que vai tratar de quest\u00f5es importantes para a classe, como controle do ingresso, ascens\u00e3o funcional, hierarquia e regime disciplinar da carreira. A cria\u00e7\u00e3o do Conselho j\u00e1 estava prevista na Constitui\u00e7\u00e3o Estadual do Paran\u00e1.<\/strong><\/p>\n\n\n\n<p>Em fun\u00e7\u00e3o da data das pr\u00f3ximas promo\u00e7\u00f5es funcionais da categoria, que devem ocorrer em junho, o projeto ganhou regime de urg\u00eancia. Com o rito acelerado, a aprova\u00e7\u00e3o na CCJ foi un\u00e2nime e, em seguida, passou tamb\u00e9m pelas Comiss\u00f5es de Finan\u00e7as e de Seguran\u00e7a P\u00fablica. Ainda na tarde da ter\u00e7a-feira (4), o projeto foi aprovado no Plen\u00e1rio em primeira discuss\u00e3o.<\/p>\n\n\n\n<p><strong><em>Avan\u00e7o estrat\u00e9gico<\/em><\/strong><\/p>\n\n\n\n<p>Todas as ideias que chegam \u00e0 Assembleia precisam, antes de mais nada, passar pela an\u00e1lise da CCJ, que verifica, em primeiro lugar, se est\u00e3o dentro das normas constitucionais. Assim, o deputado estadual Tiago Amaral (PSD), presidente da CCJ e tamb\u00e9m integrante da Comiss\u00e3o de Seguran\u00e7a P\u00fablica, colocou rapidamente em pauta o projeto que beneficia os policiais penais: \u201cReconhe\u00e7o a import\u00e2ncia de esse projeto tramitar em regime de urg\u00eancia, da forma como foi proposto pelo Governo do Estado\u201d. Tiago Amaral levou em considera\u00e7\u00e3o a relev\u00e2ncia para os servidores penais: \u201cDou meu total apoio, porque \u00e9 um avan\u00e7o estrat\u00e9gico, que vai impactar de forma muito positiva a classe dos policiais penais e fortalecer a seguran\u00e7a p\u00fablica do Paran\u00e1\u201d, atesta.<\/p>\n\n\n\n<p><strong><em>Avan\u00e7o<\/em><\/strong><\/p>\n\n\n\n<p>O projeto teve parecer favor\u00e1vel do relator, deputado Delegado Jacov\u00f3s (PL), vice-presidente da CCJ. Ele lembrou que a Pol\u00edcia Penal foi criada em 2021, no governo Ratinho Junior, no qual tamb\u00e9m foram obtidas outras conquistas, como o plano de cargos e sal\u00e1rios para a categoria.<\/p>\n\n\n\n<p>Agora, come\u00e7a uma nova etapa: \u201c\u00c9 atrav\u00e9s do Conselho que v\u00e3o ocorrer importantes delibera\u00e7\u00f5es, como a abertura de novas vagas e o avan\u00e7o nas promo\u00e7\u00f5es. Houve, ent\u00e3o, um trabalho junto \u00e0 lideran\u00e7a do governo, ao sindicato e \u00e0 dire\u00e7\u00e3o da Pol\u00edcia Penal. Assim, chegou-se a um consenso para a concretiza\u00e7\u00e3o desse projeto\u201d, descreve Jacov\u00f3s.<\/p>\n\n\n\n<p><strong><em>Reconhecimento aos policiais penais<\/em><\/strong><\/p>\n\n\n\n<p>Os policiais penais s\u00e3o os respons\u00e1veis pela gest\u00e3o do sistema prisional. Eles fazem escolta de presos e cuidam da vigil\u00e2ncia da muralha e da seguran\u00e7a interna e externa das unidades penitenci\u00e1rias.<\/p>\n\n\n\n<p>O Sindarspen, sindicato da categoria, foi representado na reuni\u00e3o da CCJ por Marcelo Ribeiro, delegado sindical; Ivolcir Bomfim, vice-presidente; e Vanderleia Leite, presidente. Ela explica o significado da proposta aprovada na CCJ: \u201c\u00c9, acima de tudo, o reconhecimento dessa atividade t\u00e3o importante para a seguran\u00e7a p\u00fablica. Agora, temos a possibilidade de a categoria ascender atrav\u00e9s das promo\u00e7\u00f5es. Dessa forma, com o conselho constitu\u00eddo, ser\u00e1 poss\u00edvel viabilizar essa quest\u00e3o\u201d.<\/p>\n","protected":false},"excerpt":{"rendered":"<p>A Comiss\u00e3o de Constitui\u00e7\u00e3o e Justi\u00e7a (CCJ) da Assembleia Legislativa do Paran\u00e1 (Alep) analisou e aprovou uma proposta que reconhece e valoriza os policiais penais do Estado. O projeto de lei n\u00ba 192\/2023, de autoria do Poder Executivo, institui o Conselho da Pol\u00edcia Penal, \u00f3rg\u00e3o que vai tratar de quest\u00f5es importantes para a classe, como [&hellip;]<\/p>\n","protected":false},"author":1,"featured_media":768,"comment_status":"open","ping_status":"open","sticky":false,"template":"","format":"standard","meta":{"footnotes":""},"categories":[5],"tags":[],"class_list":["post-767","post","type-post","status-publish","format-standard","has-post-thumbnail","hentry","category-parana"],"yoast_head":"<!-- This site is optimized with the Yoast SEO plugin v27.4 - https:\/\/yoast.com\/product\/yoast-seo-wordpress\/ -->\n<title>Conselho aprovado em comiss\u00e3o da Alep viabiliza que policiais penais sejam promovidos - Deputado Adriano Jos\u00e9<\/title>\n<meta name=\"robots\" content=\"index, follow, max-snippet:-1, max-image-preview:large, max-video-preview:-1\" \/>\n<link rel=\"canonical\" href=\"https:\/\/soldadoadrianojose.com.br\/index.php\/2023\/04\/10\/conselho-aprovado-em-comissao-da-alep-viabiliza-que-policiais-penais-sejam-promovidos\/\" \/>\n<meta property=\"og:locale\" content=\"pt_BR\" \/>\n<meta property=\"og:type\" content=\"article\" \/>\n<meta property=\"og:title\" content=\"Conselho aprovado em comiss\u00e3o da Alep viabiliza que policiais penais sejam promovidos - Deputado Adriano Jos\u00e9\" \/>\n<meta property=\"og:description\" content=\"A Comiss\u00e3o de Constitui\u00e7\u00e3o e Justi\u00e7a (CCJ) da Assembleia Legislativa do Paran\u00e1 (Alep) analisou e aprovou uma proposta que reconhece e valoriza os policiais penais do Estado. O projeto de lei n\u00ba 192\/2023, de autoria do Poder Executivo, institui o Conselho da Pol\u00edcia Penal, \u00f3rg\u00e3o que vai tratar de quest\u00f5es importantes para a classe, como [&hellip;]\" \/>\n<meta property=\"og:url\" content=\"https:\/\/soldadoadrianojose.com.br\/index.php\/2023\/04\/10\/conselho-aprovado-em-comissao-da-alep-viabiliza-que-policiais-penais-sejam-promovidos\/\" \/>\n<meta property=\"og:site_name\" content=\"Deputado Adriano Jos\u00e9\" \/>\n<meta property=\"article:published_time\" content=\"2023-04-10T11:25:28+00:00\" \/>\n<meta property=\"article:modified_time\" content=\"2023-04-10T11:25:32+00:00\" \/>\n<meta property=\"og:image\" content=\"https:\/\/soldadoadrianojose.com.br\/wp-content\/uploads\/2023\/04\/9f2UidodfmIlbiNxCKtkW9EJCeDQTHtjeCywRQIw.jpeg\" \/>\n\t<meta property=\"og:image:width\" content=\"863\" \/>\n\t<meta property=\"og:image:height\" content=\"603\" \/>\n\t<meta property=\"og:image:type\" content=\"image\/jpeg\" \/>\n<meta name=\"author\" content=\"soldadoadrianojose\" \/>\n<meta name=\"twitter:card\" content=\"summary_large_image\" \/>\n<meta name=\"twitter:label1\" content=\"Escrito por\" \/>\n\t<meta name=\"twitter:data1\" content=\"soldadoadrianojose\" \/>\n\t<meta name=\"twitter:label2\" content=\"Est. tempo de leitura\" \/>\n\t<meta name=\"twitter:data2\" content=\"3 minutos\" \/>\n<script type=\"application\/ld+json\" class=\"yoast-schema-graph\">{\"@context\":\"https:\\\/\\\/schema.org\",\"@graph\":[{\"@type\":\"Article\",\"@id\":\"https:\\\/\\\/soldadoadrianojose.com.br\\\/index.php\\\/2023\\\/04\\\/10\\\/conselho-aprovado-em-comissao-da-alep-viabiliza-que-policiais-penais-sejam-promovidos\\\/#article\",\"isPartOf\":{\"@id\":\"https:\\\/\\\/soldadoadrianojose.com.br\\\/index.php\\\/2023\\\/04\\\/10\\\/conselho-aprovado-em-comissao-da-alep-viabiliza-que-policiais-penais-sejam-promovidos\\\/\"},\"author\":{\"name\":\"soldadoadrianojose\",\"@id\":\"https:\\\/\\\/soldadoadrianojose.com.br\\\/#\\\/schema\\\/person\\\/16f8e8defb7a4bd6c6082efcd1bdb6bb\"},\"headline\":\"Conselho aprovado em comiss\u00e3o da Alep viabiliza que policiais penais sejam promovidos\",\"datePublished\":\"2023-04-10T11:25:28+00:00\",\"dateModified\":\"2023-04-10T11:25:32+00:00\",\"mainEntityOfPage\":{\"@id\":\"https:\\\/\\\/soldadoadrianojose.com.br\\\/index.php\\\/2023\\\/04\\\/10\\\/conselho-aprovado-em-comissao-da-alep-viabiliza-que-policiais-penais-sejam-promovidos\\\/\"},\"wordCount\":536,\"commentCount\":0,\"publisher\":{\"@id\":\"https:\\\/\\\/soldadoadrianojose.com.br\\\/#\\\/schema\\\/person\\\/16f8e8defb7a4bd6c6082efcd1bdb6bb\"},\"image\":{\"@id\":\"https:\\\/\\\/soldadoadrianojose.com.br\\\/index.php\\\/2023\\\/04\\\/10\\\/conselho-aprovado-em-comissao-da-alep-viabiliza-que-policiais-penais-sejam-promovidos\\\/#primaryimage\"},\"thumbnailUrl\":\"https:\\\/\\\/soldadoadrianojose.com.br\\\/wp-content\\\/uploads\\\/2023\\\/04\\\/9f2UidodfmIlbiNxCKtkW9EJCeDQTHtjeCywRQIw.jpeg\",\"articleSection\":[\"PARAN\u00c1\"],\"inLanguage\":\"pt-BR\",\"potentialAction\":[{\"@type\":\"CommentAction\",\"name\":\"Comment\",\"target\":[\"https:\\\/\\\/soldadoadrianojose.com.br\\\/index.php\\\/2023\\\/04\\\/10\\\/conselho-aprovado-em-comissao-da-alep-viabiliza-que-policiais-penais-sejam-promovidos\\\/#respond\"]}]},{\"@type\":\"WebPage\",\"@id\":\"https:\\\/\\\/soldadoadrianojose.com.br\\\/index.php\\\/2023\\\/04\\\/10\\\/conselho-aprovado-em-comissao-da-alep-viabiliza-que-policiais-penais-sejam-promovidos\\\/\",\"url\":\"https:\\\/\\\/soldadoadrianojose.com.br\\\/index.php\\\/2023\\\/04\\\/10\\\/conselho-aprovado-em-comissao-da-alep-viabiliza-que-policiais-penais-sejam-promovidos\\\/\",\"name\":\"Conselho aprovado em comiss\u00e3o da Alep viabiliza que policiais penais sejam promovidos - Deputado Adriano Jos\u00e9\",\"isPartOf\":{\"@id\":\"https:\\\/\\\/soldadoadrianojose.com.br\\\/#website\"},\"primaryImageOfPage\":{\"@id\":\"https:\\\/\\\/soldadoadrianojose.com.br\\\/index.php\\\/2023\\\/04\\\/10\\\/conselho-aprovado-em-comissao-da-alep-viabiliza-que-policiais-penais-sejam-promovidos\\\/#primaryimage\"},\"image\":{\"@id\":\"https:\\\/\\\/soldadoadrianojose.com.br\\\/index.php\\\/2023\\\/04\\\/10\\\/conselho-aprovado-em-comissao-da-alep-viabiliza-que-policiais-penais-sejam-promovidos\\\/#primaryimage\"},\"thumbnailUrl\":\"https:\\\/\\\/soldadoadrianojose.com.br\\\/wp-content\\\/uploads\\\/2023\\\/04\\\/9f2UidodfmIlbiNxCKtkW9EJCeDQTHtjeCywRQIw.jpeg\",\"datePublished\":\"2023-04-10T11:25:28+00:00\",\"dateModified\":\"2023-04-10T11:25:32+00:00\",\"breadcrumb\":{\"@id\":\"https:\\\/\\\/soldadoadrianojose.com.br\\\/index.php\\\/2023\\\/04\\\/10\\\/conselho-aprovado-em-comissao-da-alep-viabiliza-que-policiais-penais-sejam-promovidos\\\/#breadcrumb\"},\"inLanguage\":\"pt-BR\",\"potentialAction\":[{\"@type\":\"ReadAction\",\"target\":[\"https:\\\/\\\/soldadoadrianojose.com.br\\\/index.php\\\/2023\\\/04\\\/10\\\/conselho-aprovado-em-comissao-da-alep-viabiliza-que-policiais-penais-sejam-promovidos\\\/\"]}]},{\"@type\":\"ImageObject\",\"inLanguage\":\"pt-BR\",\"@id\":\"https:\\\/\\\/soldadoadrianojose.com.br\\\/index.php\\\/2023\\\/04\\\/10\\\/conselho-aprovado-em-comissao-da-alep-viabiliza-que-policiais-penais-sejam-promovidos\\\/#primaryimage\",\"url\":\"https:\\\/\\\/soldadoadrianojose.com.br\\\/wp-content\\\/uploads\\\/2023\\\/04\\\/9f2UidodfmIlbiNxCKtkW9EJCeDQTHtjeCywRQIw.jpeg\",\"contentUrl\":\"https:\\\/\\\/soldadoadrianojose.com.br\\\/wp-content\\\/uploads\\\/2023\\\/04\\\/9f2UidodfmIlbiNxCKtkW9EJCeDQTHtjeCywRQIw.jpeg\",\"width\":863,\"height\":603},{\"@type\":\"BreadcrumbList\",\"@id\":\"https:\\\/\\\/soldadoadrianojose.com.br\\\/index.php\\\/2023\\\/04\\\/10\\\/conselho-aprovado-em-comissao-da-alep-viabiliza-que-policiais-penais-sejam-promovidos\\\/#breadcrumb\",\"itemListElement\":[{\"@type\":\"ListItem\",\"position\":1,\"name\":\"In\u00edcio\",\"item\":\"https:\\\/\\\/soldadoadrianojose.com.br\\\/\"},{\"@type\":\"ListItem\",\"position\":2,\"name\":\"Conselho aprovado em comiss\u00e3o da Alep viabiliza que policiais penais sejam promovidos\"}]},{\"@type\":\"WebSite\",\"@id\":\"https:\\\/\\\/soldadoadrianojose.com.br\\\/#website\",\"url\":\"https:\\\/\\\/soldadoadrianojose.com.br\\\/\",\"name\":\"Deputado Adriano Jos\u00e9\",\"description\":\"Nosso trabalho \u00e9 pelas pessoas\",\"publisher\":{\"@id\":\"https:\\\/\\\/soldadoadrianojose.com.br\\\/#\\\/schema\\\/person\\\/16f8e8defb7a4bd6c6082efcd1bdb6bb\"},\"potentialAction\":[{\"@type\":\"SearchAction\",\"target\":{\"@type\":\"EntryPoint\",\"urlTemplate\":\"https:\\\/\\\/soldadoadrianojose.com.br\\\/?s={search_term_string}\"},\"query-input\":{\"@type\":\"PropertyValueSpecification\",\"valueRequired\":true,\"valueName\":\"search_term_string\"}}],\"inLanguage\":\"pt-BR\"},{\"@type\":[\"Person\",\"Organization\"],\"@id\":\"https:\\\/\\\/soldadoadrianojose.com.br\\\/#\\\/schema\\\/person\\\/16f8e8defb7a4bd6c6082efcd1bdb6bb\",\"name\":\"soldadoadrianojose\",\"image\":{\"@type\":\"ImageObject\",\"inLanguage\":\"pt-BR\",\"@id\":\"https:\\\/\\\/soldadoadrianojose.com.br\\\/wp-content\\\/uploads\\\/2023\\\/02\\\/LOGO_CLEAR-5.png\",\"url\":\"https:\\\/\\\/soldadoadrianojose.com.br\\\/wp-content\\\/uploads\\\/2023\\\/02\\\/LOGO_CLEAR-5.png\",\"contentUrl\":\"https:\\\/\\\/soldadoadrianojose.com.br\\\/wp-content\\\/uploads\\\/2023\\\/02\\\/LOGO_CLEAR-5.png\",\"width\":3508,\"height\":998,\"caption\":\"soldadoadrianojose\"},\"logo\":{\"@id\":\"https:\\\/\\\/soldadoadrianojose.com.br\\\/wp-content\\\/uploads\\\/2023\\\/02\\\/LOGO_CLEAR-5.png\"},\"sameAs\":[\"https:\\\/\\\/soldadoadrianojose.com.br\"],\"url\":\"https:\\\/\\\/soldadoadrianojose.com.br\\\/index.php\\\/author\\\/soldadoadrianojose\\\/\"}]}<\/script>\n<!-- \/ Yoast SEO plugin. -->","yoast_head_json":{"title":"Conselho aprovado em comiss\u00e3o da Alep viabiliza que policiais penais sejam promovidos - Deputado Adriano Jos\u00e9","robots":{"index":"index","follow":"follow","max-snippet":"max-snippet:-1","max-image-preview":"max-image-preview:large","max-video-preview":"max-video-preview:-1"},"canonical":"https:\/\/soldadoadrianojose.com.br\/index.php\/2023\/04\/10\/conselho-aprovado-em-comissao-da-alep-viabiliza-que-policiais-penais-sejam-promovidos\/","og_locale":"pt_BR","og_type":"article","og_title":"Conselho aprovado em comiss\u00e3o da Alep viabiliza que policiais penais sejam promovidos - Deputado Adriano Jos\u00e9","og_description":"A Comiss\u00e3o de Constitui\u00e7\u00e3o e Justi\u00e7a (CCJ) da Assembleia Legislativa do Paran\u00e1 (Alep) analisou e aprovou uma proposta que reconhece e valoriza os policiais penais do Estado. O projeto de lei n\u00ba 192\/2023, de autoria do Poder Executivo, institui o Conselho da Pol\u00edcia Penal, \u00f3rg\u00e3o que vai tratar de quest\u00f5es importantes para a classe, como [&hellip;]","og_url":"https:\/\/soldadoadrianojose.com.br\/index.php\/2023\/04\/10\/conselho-aprovado-em-comissao-da-alep-viabiliza-que-policiais-penais-sejam-promovidos\/","og_site_name":"Deputado Adriano Jos\u00e9","article_published_time":"2023-04-10T11:25:28+00:00","article_modified_time":"2023-04-10T11:25:32+00:00","og_image":[{"width":863,"height":603,"url":"https:\/\/soldadoadrianojose.com.br\/wp-content\/uploads\/2023\/04\/9f2UidodfmIlbiNxCKtkW9EJCeDQTHtjeCywRQIw.jpeg","type":"image\/jpeg"}],"author":"soldadoadrianojose","twitter_card":"summary_large_image","twitter_misc":{"Escrito por":"soldadoadrianojose","Est. tempo de leitura":"3 minutos"},"schema":{"@context":"https:\/\/schema.org","@graph":[{"@type":"Article","@id":"https:\/\/soldadoadrianojose.com.br\/index.php\/2023\/04\/10\/conselho-aprovado-em-comissao-da-alep-viabiliza-que-policiais-penais-sejam-promovidos\/#article","isPartOf":{"@id":"https:\/\/soldadoadrianojose.com.br\/index.php\/2023\/04\/10\/conselho-aprovado-em-comissao-da-alep-viabiliza-que-policiais-penais-sejam-promovidos\/"},"author":{"name":"soldadoadrianojose","@id":"https:\/\/soldadoadrianojose.com.br\/#\/schema\/person\/16f8e8defb7a4bd6c6082efcd1bdb6bb"},"headline":"Conselho aprovado em comiss\u00e3o da Alep viabiliza que policiais penais sejam promovidos","datePublished":"2023-04-10T11:25:28+00:00","dateModified":"2023-04-10T11:25:32+00:00","mainEntityOfPage":{"@id":"https:\/\/soldadoadrianojose.com.br\/index.php\/2023\/04\/10\/conselho-aprovado-em-comissao-da-alep-viabiliza-que-policiais-penais-sejam-promovidos\/"},"wordCount":536,"commentCount":0,"publisher":{"@id":"https:\/\/soldadoadrianojose.com.br\/#\/schema\/person\/16f8e8defb7a4bd6c6082efcd1bdb6bb"},"image":{"@id":"https:\/\/soldadoadrianojose.com.br\/index.php\/2023\/04\/10\/conselho-aprovado-em-comissao-da-alep-viabiliza-que-policiais-penais-sejam-promovidos\/#primaryimage"},"thumbnailUrl":"https:\/\/soldadoadrianojose.com.br\/wp-content\/uploads\/2023\/04\/9f2UidodfmIlbiNxCKtkW9EJCeDQTHtjeCywRQIw.jpeg","articleSection":["PARAN\u00c1"],"inLanguage":"pt-BR","potentialAction":[{"@type":"CommentAction","name":"Comment","target":["https:\/\/soldadoadrianojose.com.br\/index.php\/2023\/04\/10\/conselho-aprovado-em-comissao-da-alep-viabiliza-que-policiais-penais-sejam-promovidos\/#respond"]}]},{"@type":"WebPage","@id":"https:\/\/soldadoadrianojose.com.br\/index.php\/2023\/04\/10\/conselho-aprovado-em-comissao-da-alep-viabiliza-que-policiais-penais-sejam-promovidos\/","url":"https:\/\/soldadoadrianojose.com.br\/index.php\/2023\/04\/10\/conselho-aprovado-em-comissao-da-alep-viabiliza-que-policiais-penais-sejam-promovidos\/","name":"Conselho aprovado em comiss\u00e3o da Alep viabiliza que policiais penais sejam promovidos - Deputado Adriano Jos\u00e9","isPartOf":{"@id":"https:\/\/soldadoadrianojose.com.br\/#website"},"primaryImageOfPage":{"@id":"https:\/\/soldadoadrianojose.com.br\/index.php\/2023\/04\/10\/conselho-aprovado-em-comissao-da-alep-viabiliza-que-policiais-penais-sejam-promovidos\/#primaryimage"},"image":{"@id":"https:\/\/soldadoadrianojose.com.br\/index.php\/2023\/04\/10\/conselho-aprovado-em-comissao-da-alep-viabiliza-que-policiais-penais-sejam-promovidos\/#primaryimage"},"thumbnailUrl":"https:\/\/soldadoadrianojose.com.br\/wp-content\/uploads\/2023\/04\/9f2UidodfmIlbiNxCKtkW9EJCeDQTHtjeCywRQIw.jpeg","datePublished":"2023-04-10T11:25:28+00:00","dateModified":"2023-04-10T11:25:32+00:00","breadcrumb":{"@id":"https:\/\/soldadoadrianojose.com.br\/index.php\/2023\/04\/10\/conselho-aprovado-em-comissao-da-alep-viabiliza-que-policiais-penais-sejam-promovidos\/#breadcrumb"},"inLanguage":"pt-BR","potentialAction":[{"@type":"ReadAction","target":["https:\/\/soldadoadrianojose.com.br\/index.php\/2023\/04\/10\/conselho-aprovado-em-comissao-da-alep-viabiliza-que-policiais-penais-sejam-promovidos\/"]}]},{"@type":"ImageObject","inLanguage":"pt-BR","@id":"https:\/\/soldadoadrianojose.com.br\/index.php\/2023\/04\/10\/conselho-aprovado-em-comissao-da-alep-viabiliza-que-policiais-penais-sejam-promovidos\/#primaryimage","url":"https:\/\/soldadoadrianojose.com.br\/wp-content\/uploads\/2023\/04\/9f2UidodfmIlbiNxCKtkW9EJCeDQTHtjeCywRQIw.jpeg","contentUrl":"https:\/\/soldadoadrianojose.com.br\/wp-content\/uploads\/2023\/04\/9f2UidodfmIlbiNxCKtkW9EJCeDQTHtjeCywRQIw.jpeg","width":863,"height":603},{"@type":"BreadcrumbList","@id":"https:\/\/soldadoadrianojose.com.br\/index.php\/2023\/04\/10\/conselho-aprovado-em-comissao-da-alep-viabiliza-que-policiais-penais-sejam-promovidos\/#breadcrumb","itemListElement":[{"@type":"ListItem","position":1,"name":"In\u00edcio","item":"https:\/\/soldadoadrianojose.com.br\/"},{"@type":"ListItem","position":2,"name":"Conselho aprovado em comiss\u00e3o da Alep viabiliza que policiais penais sejam promovidos"}]},{"@type":"WebSite","@id":"https:\/\/soldadoadrianojose.com.br\/#website","url":"https:\/\/soldadoadrianojose.com.br\/","name":"Deputado Adriano Jos\u00e9","description":"Nosso trabalho \u00e9 pelas pessoas","publisher":{"@id":"https:\/\/soldadoadrianojose.com.br\/#\/schema\/person\/16f8e8defb7a4bd6c6082efcd1bdb6bb"},"potentialAction":[{"@type":"SearchAction","target":{"@type":"EntryPoint","urlTemplate":"https:\/\/soldadoadrianojose.com.br\/?s={search_term_string}"},"query-input":{"@type":"PropertyValueSpecification","valueRequired":true,"valueName":"search_term_string"}}],"inLanguage":"pt-BR"},{"@type":["Person","Organization"],"@id":"https:\/\/soldadoadrianojose.com.br\/#\/schema\/person\/16f8e8defb7a4bd6c6082efcd1bdb6bb","name":"soldadoadrianojose","image":{"@type":"ImageObject","inLanguage":"pt-BR","@id":"https:\/\/soldadoadrianojose.com.br\/wp-content\/uploads\/2023\/02\/LOGO_CLEAR-5.png","url":"https:\/\/soldadoadrianojose.com.br\/wp-content\/uploads\/2023\/02\/LOGO_CLEAR-5.png","contentUrl":"https:\/\/soldadoadrianojose.com.br\/wp-content\/uploads\/2023\/02\/LOGO_CLEAR-5.png","width":3508,"height":998,"caption":"soldadoadrianojose"},"logo":{"@id":"https:\/\/soldadoadrianojose.com.br\/wp-content\/uploads\/2023\/02\/LOGO_CLEAR-5.png"},"sameAs":["https:\/\/soldadoadrianojose.com.br"],"url":"https:\/\/soldadoadrianojose.com.br\/index.php\/author\/soldadoadrianojose\/"}]}},"jetpack_featured_media_url":"https:\/\/soldadoadrianojose.com.br\/wp-content\/uploads\/2023\/04\/9f2UidodfmIlbiNxCKtkW9EJCeDQTHtjeCywRQIw.jpeg","_links":{"self":[{"href":"https:\/\/soldadoadrianojose.com.br\/index.php\/wp-json\/wp\/v2\/posts\/767","targetHints":{"allow":["GET"]}}],"collection":[{"href":"https:\/\/soldadoadrianojose.com.br\/index.php\/wp-json\/wp\/v2\/posts"}],"about":[{"href":"https:\/\/soldadoadrianojose.com.br\/index.php\/wp-json\/wp\/v2\/types\/post"}],"author":[{"embeddable":true,"href":"https:\/\/soldadoadrianojose.com.br\/index.php\/wp-json\/wp\/v2\/users\/1"}],"replies":[{"embeddable":true,"href":"https:\/\/soldadoadrianojose.com.br\/index.php\/wp-json\/wp\/v2\/comments?post=767"}],"version-history":[{"count":1,"href":"https:\/\/soldadoadrianojose.com.br\/index.php\/wp-json\/wp\/v2\/posts\/767\/revisions"}],"predecessor-version":[{"id":769,"href":"https:\/\/soldadoadrianojose.com.br\/index.php\/wp-json\/wp\/v2\/posts\/767\/revisions\/769"}],"wp:featuredmedia":[{"embeddable":true,"href":"https:\/\/soldadoadrianojose.com.br\/index.php\/wp-json\/wp\/v2\/media\/768"}],"wp:attachment":[{"href":"https:\/\/soldadoadrianojose.com.br\/index.php\/wp-json\/wp\/v2\/media?parent=767"}],"wp:term":[{"taxonomy":"category","embeddable":true,"href":"https:\/\/soldadoadrianojose.com.br\/index.php\/wp-json\/wp\/v2\/categories?post=767"},{"taxonomy":"post_tag","embeddable":true,"href":"https:\/\/soldadoadrianojose.com.br\/index.php\/wp-json\/wp\/v2\/tags?post=767"}],"curies":[{"name":"wp","href":"https:\/\/api.w.org\/{rel}","templated":true}]}}