{"id":806,"date":"2023-04-11T15:27:32","date_gmt":"2023-04-11T18:27:32","guid":{"rendered":"https:\/\/soldadoadrianojose.com.br\/?p=806"},"modified":"2023-04-11T15:34:38","modified_gmt":"2023-04-11T18:34:38","slug":"que-pais-e3-esse-lider-do-mst-anuncia-ocupacoes-de-terra-em-todo-o-brasil-para-o-mes-de-abril","status":"publish","type":"post","link":"https:\/\/soldadoadrianojose.com.br\/index.php\/2023\/04\/11\/que-pais-e3-esse-lider-do-mst-anuncia-ocupacoes-de-terra-em-todo-o-brasil-para-o-mes-de-abril\/","title":{"rendered":"QUE PA\u00cdS \u00c9 ESSE? L\u00edder do MST anuncia \u201cocupa\u00e7\u00f5es de terra\u201d em todo o Brasil para o m\u00eas de abril"},"content":{"rendered":"\n<figure class=\"wp-block-image size-full is-resized\"><img fetchpriority=\"high\" decoding=\"async\" src=\"https:\/\/soldadoadrianojose.com.br\/wp-content\/uploads\/2023\/04\/25072426995_12dcba75cd_b-2.jpeg\" alt=\"\" class=\"wp-image-807\" width=\"518\" height=\"331\" srcset=\"https:\/\/soldadoadrianojose.com.br\/wp-content\/uploads\/2023\/04\/25072426995_12dcba75cd_b-2.jpeg 720w, https:\/\/soldadoadrianojose.com.br\/wp-content\/uploads\/2023\/04\/25072426995_12dcba75cd_b-2-300x192.jpeg 300w\" sizes=\"(max-width: 518px) 100vw, 518px\" \/><\/figure>\n\n\n\n<p>&#8220;Nesse m\u00eas de abril, nosso movimento far\u00e1 muitas manifesta\u00e7\u00f5es em defesa da reforma agr\u00e1ria&#8221;, afirmou ativista Jo\u00e3o Pedro Stedile, da dire\u00e7\u00e3o nacional do Movimento dos Trabalhadores Rurais Sem Terra<\/p>\n\n\n\n<p>O&nbsp;<a href=\"https:\/\/www.cnnbrasil.com.br\/tudo-sobre\/joao-pedro-stedile\/\">economista e ativista Jo\u00e3o Pedro Stedile<\/a>, da dire\u00e7\u00e3o nacional do<a href=\"https:\/\/www.cnnbrasil.com.br\/tudo-sobre\/mst-movimento-dos-trabalhadores-rurais-sem-terra\/\">&nbsp;Movimento dos Trabalhadores Rurais Sem Terra (MST),<\/a>&nbsp;anunciou que o movimento realizar\u00e1 \u201cocupa\u00e7\u00f5es de terra\u201d em todos os estados do&nbsp;<a href=\"https:\/\/www.cnnbrasil.com.br\/tudo-sobre\/brasil\/\">Brasil<\/a>&nbsp;ao longo do m\u00eas de abril.<\/p>\n\n\n\n<p>\u201cNesse m\u00eas de abril, nosso movimento far\u00e1 muitas manifesta\u00e7\u00f5es em defesa da reforma agr\u00e1ria\u201d, afirmou em um discurso gravado e divulgado nos canais oficiais do MST na \u00faltima sexta-feira (7).<\/p>\n\n\n\n<p>\u201cHaver\u00e3o mobiliza\u00e7\u00f5es em todos os estados, em todos os estados, sejam marchas, vig\u00edlias, ocupa\u00e7\u00f5es de terras, as mil e uma formas de pressionar que a lei, que a Constitui\u00e7\u00e3o seja aplicada, e que latif\u00fandios improdutivos sejam desapropriados e entregues para as fam\u00edlias acampadas\u201d, acrescentou Stedile.<\/p>\n\n\n\n<p>O l\u00edder do movimento destacou que, atualmente, o MST possui 80 mil fam\u00edlias ocupadas.<\/p>\n\n\n\n<p>\u201cA nossa reivindica\u00e7\u00e3o \u00e9 que sejam desapropriados, o mais urgente poss\u00edvel, os latif\u00fandios improdutivos para resolver o problema das fam\u00edlias acampadas e criar espa\u00e7o para produ\u00e7\u00e3o de alimentos saud\u00e1veis\u201d, disse.<\/p>\n\n\n\n<p>\u201c\u00c9 obriga\u00e7\u00e3o do MST de seguirmos organizando os trabalhadores para que eles lutem por seus direitos\u201d, completou.<\/p>\n\n\n\n<p>As a\u00e7\u00f5es promovidas pelo MST fazem parte do \u201cAbril de Lutas\u201d, tamb\u00e9m chamado \u201cAbril Vermelho\u201d \u2013 quando o movimento se mobiliza em mem\u00f3ria da morte de 19 militantes sem-terra pela pol\u00edcia do Par\u00e1, em Eldorado do Caraj\u00e1s, em 17 de abril de 1996.<\/p>\n\n\n\n<p>Neste ano, o movimento adotou o lema \u201cContra a fome e a escravid\u00e3o: por terra, democracia e meio ambiente\u201d&nbsp;para as atividades que ser\u00e3o realizadas entre os dias 4 e 17 de abril.<\/p>\n","protected":false},"excerpt":{"rendered":"<p>&#8220;Nesse m\u00eas de abril, nosso movimento far\u00e1 muitas manifesta\u00e7\u00f5es em defesa da reforma agr\u00e1ria&#8221;, afirmou ativista Jo\u00e3o Pedro Stedile, da dire\u00e7\u00e3o nacional do Movimento dos Trabalhadores Rurais Sem Terra O&nbsp;economista e ativista Jo\u00e3o Pedro Stedile, da dire\u00e7\u00e3o nacional do&nbsp;Movimento dos Trabalhadores Rurais Sem Terra (MST),&nbsp;anunciou que o movimento realizar\u00e1 \u201cocupa\u00e7\u00f5es de terra\u201d em todos os [&hellip;]<\/p>\n","protected":false},"author":1,"featured_media":807,"comment_status":"open","ping_status":"open","sticky":false,"template":"","format":"standard","meta":{"footnotes":""},"categories":[6],"tags":[],"class_list":["post-806","post","type-post","status-publish","format-standard","has-post-thumbnail","hentry","category-brasil"],"yoast_head":"<!-- This site is optimized with the Yoast SEO plugin v27.4 - https:\/\/yoast.com\/product\/yoast-seo-wordpress\/ -->\n<title>QUE PA\u00cdS \u00c9 ESSE? L\u00edder do MST anuncia \u201cocupa\u00e7\u00f5es de terra\u201d em todo o Brasil para o m\u00eas de abril - Deputado Adriano Jos\u00e9<\/title>\n<meta name=\"robots\" content=\"index, follow, max-snippet:-1, max-image-preview:large, max-video-preview:-1\" \/>\n<link rel=\"canonical\" href=\"https:\/\/soldadoadrianojose.com.br\/index.php\/2023\/04\/11\/que-pais-e3-esse-lider-do-mst-anuncia-ocupacoes-de-terra-em-todo-o-brasil-para-o-mes-de-abril\/\" \/>\n<meta property=\"og:locale\" content=\"pt_BR\" \/>\n<meta property=\"og:type\" content=\"article\" \/>\n<meta property=\"og:title\" content=\"QUE PA\u00cdS \u00c9 ESSE? L\u00edder do MST anuncia \u201cocupa\u00e7\u00f5es de terra\u201d em todo o Brasil para o m\u00eas de abril - Deputado Adriano Jos\u00e9\" \/>\n<meta property=\"og:description\" content=\"&#8220;Nesse m\u00eas de abril, nosso movimento far\u00e1 muitas manifesta\u00e7\u00f5es em defesa da reforma agr\u00e1ria&#8221;, afirmou ativista Jo\u00e3o Pedro Stedile, da dire\u00e7\u00e3o nacional do Movimento dos Trabalhadores Rurais Sem Terra O&nbsp;economista e ativista Jo\u00e3o Pedro Stedile, da dire\u00e7\u00e3o nacional do&nbsp;Movimento dos Trabalhadores Rurais Sem Terra (MST),&nbsp;anunciou que o movimento realizar\u00e1 \u201cocupa\u00e7\u00f5es de terra\u201d em todos os [&hellip;]\" \/>\n<meta property=\"og:url\" content=\"https:\/\/soldadoadrianojose.com.br\/index.php\/2023\/04\/11\/que-pais-e3-esse-lider-do-mst-anuncia-ocupacoes-de-terra-em-todo-o-brasil-para-o-mes-de-abril\/\" \/>\n<meta property=\"og:site_name\" content=\"Deputado Adriano Jos\u00e9\" \/>\n<meta property=\"article:published_time\" content=\"2023-04-11T18:27:32+00:00\" \/>\n<meta property=\"article:modified_time\" content=\"2023-04-11T18:34:38+00:00\" \/>\n<meta property=\"og:image\" content=\"https:\/\/soldadoadrianojose.com.br\/wp-content\/uploads\/2023\/04\/25072426995_12dcba75cd_b-2.jpeg\" \/>\n\t<meta property=\"og:image:width\" content=\"720\" \/>\n\t<meta property=\"og:image:height\" content=\"460\" \/>\n\t<meta property=\"og:image:type\" content=\"image\/jpeg\" \/>\n<meta name=\"author\" content=\"soldadoadrianojose\" \/>\n<meta name=\"twitter:card\" content=\"summary_large_image\" \/>\n<meta name=\"twitter:label1\" content=\"Escrito por\" \/>\n\t<meta name=\"twitter:data1\" content=\"soldadoadrianojose\" \/>\n\t<meta name=\"twitter:label2\" content=\"Est. tempo de leitura\" \/>\n\t<meta name=\"twitter:data2\" content=\"2 minutos\" \/>\n<script type=\"application\/ld+json\" class=\"yoast-schema-graph\">{\"@context\":\"https:\\\/\\\/schema.org\",\"@graph\":[{\"@type\":\"Article\",\"@id\":\"https:\\\/\\\/soldadoadrianojose.com.br\\\/index.php\\\/2023\\\/04\\\/11\\\/que-pais-e3-esse-lider-do-mst-anuncia-ocupacoes-de-terra-em-todo-o-brasil-para-o-mes-de-abril\\\/#article\",\"isPartOf\":{\"@id\":\"https:\\\/\\\/soldadoadrianojose.com.br\\\/index.php\\\/2023\\\/04\\\/11\\\/que-pais-e3-esse-lider-do-mst-anuncia-ocupacoes-de-terra-em-todo-o-brasil-para-o-mes-de-abril\\\/\"},\"author\":{\"name\":\"soldadoadrianojose\",\"@id\":\"https:\\\/\\\/soldadoadrianojose.com.br\\\/#\\\/schema\\\/person\\\/16f8e8defb7a4bd6c6082efcd1bdb6bb\"},\"headline\":\"QUE PA\u00cdS \u00c9 ESSE? L\u00edder do MST anuncia \u201cocupa\u00e7\u00f5es de terra\u201d em todo o Brasil para o m\u00eas de abril\",\"datePublished\":\"2023-04-11T18:27:32+00:00\",\"dateModified\":\"2023-04-11T18:34:38+00:00\",\"mainEntityOfPage\":{\"@id\":\"https:\\\/\\\/soldadoadrianojose.com.br\\\/index.php\\\/2023\\\/04\\\/11\\\/que-pais-e3-esse-lider-do-mst-anuncia-ocupacoes-de-terra-em-todo-o-brasil-para-o-mes-de-abril\\\/\"},\"wordCount\":334,\"commentCount\":0,\"publisher\":{\"@id\":\"https:\\\/\\\/soldadoadrianojose.com.br\\\/#\\\/schema\\\/person\\\/16f8e8defb7a4bd6c6082efcd1bdb6bb\"},\"image\":{\"@id\":\"https:\\\/\\\/soldadoadrianojose.com.br\\\/index.php\\\/2023\\\/04\\\/11\\\/que-pais-e3-esse-lider-do-mst-anuncia-ocupacoes-de-terra-em-todo-o-brasil-para-o-mes-de-abril\\\/#primaryimage\"},\"thumbnailUrl\":\"https:\\\/\\\/soldadoadrianojose.com.br\\\/wp-content\\\/uploads\\\/2023\\\/04\\\/25072426995_12dcba75cd_b-2.jpeg\",\"articleSection\":[\"BRASIL\"],\"inLanguage\":\"pt-BR\",\"potentialAction\":[{\"@type\":\"CommentAction\",\"name\":\"Comment\",\"target\":[\"https:\\\/\\\/soldadoadrianojose.com.br\\\/index.php\\\/2023\\\/04\\\/11\\\/que-pais-e3-esse-lider-do-mst-anuncia-ocupacoes-de-terra-em-todo-o-brasil-para-o-mes-de-abril\\\/#respond\"]}]},{\"@type\":\"WebPage\",\"@id\":\"https:\\\/\\\/soldadoadrianojose.com.br\\\/index.php\\\/2023\\\/04\\\/11\\\/que-pais-e3-esse-lider-do-mst-anuncia-ocupacoes-de-terra-em-todo-o-brasil-para-o-mes-de-abril\\\/\",\"url\":\"https:\\\/\\\/soldadoadrianojose.com.br\\\/index.php\\\/2023\\\/04\\\/11\\\/que-pais-e3-esse-lider-do-mst-anuncia-ocupacoes-de-terra-em-todo-o-brasil-para-o-mes-de-abril\\\/\",\"name\":\"QUE PA\u00cdS \u00c9 ESSE? L\u00edder do MST anuncia \u201cocupa\u00e7\u00f5es de terra\u201d em todo o Brasil para o m\u00eas de abril - Deputado Adriano Jos\u00e9\",\"isPartOf\":{\"@id\":\"https:\\\/\\\/soldadoadrianojose.com.br\\\/#website\"},\"primaryImageOfPage\":{\"@id\":\"https:\\\/\\\/soldadoadrianojose.com.br\\\/index.php\\\/2023\\\/04\\\/11\\\/que-pais-e3-esse-lider-do-mst-anuncia-ocupacoes-de-terra-em-todo-o-brasil-para-o-mes-de-abril\\\/#primaryimage\"},\"image\":{\"@id\":\"https:\\\/\\\/soldadoadrianojose.com.br\\\/index.php\\\/2023\\\/04\\\/11\\\/que-pais-e3-esse-lider-do-mst-anuncia-ocupacoes-de-terra-em-todo-o-brasil-para-o-mes-de-abril\\\/#primaryimage\"},\"thumbnailUrl\":\"https:\\\/\\\/soldadoadrianojose.com.br\\\/wp-content\\\/uploads\\\/2023\\\/04\\\/25072426995_12dcba75cd_b-2.jpeg\",\"datePublished\":\"2023-04-11T18:27:32+00:00\",\"dateModified\":\"2023-04-11T18:34:38+00:00\",\"breadcrumb\":{\"@id\":\"https:\\\/\\\/soldadoadrianojose.com.br\\\/index.php\\\/2023\\\/04\\\/11\\\/que-pais-e3-esse-lider-do-mst-anuncia-ocupacoes-de-terra-em-todo-o-brasil-para-o-mes-de-abril\\\/#breadcrumb\"},\"inLanguage\":\"pt-BR\",\"potentialAction\":[{\"@type\":\"ReadAction\",\"target\":[\"https:\\\/\\\/soldadoadrianojose.com.br\\\/index.php\\\/2023\\\/04\\\/11\\\/que-pais-e3-esse-lider-do-mst-anuncia-ocupacoes-de-terra-em-todo-o-brasil-para-o-mes-de-abril\\\/\"]}]},{\"@type\":\"ImageObject\",\"inLanguage\":\"pt-BR\",\"@id\":\"https:\\\/\\\/soldadoadrianojose.com.br\\\/index.php\\\/2023\\\/04\\\/11\\\/que-pais-e3-esse-lider-do-mst-anuncia-ocupacoes-de-terra-em-todo-o-brasil-para-o-mes-de-abril\\\/#primaryimage\",\"url\":\"https:\\\/\\\/soldadoadrianojose.com.br\\\/wp-content\\\/uploads\\\/2023\\\/04\\\/25072426995_12dcba75cd_b-2.jpeg\",\"contentUrl\":\"https:\\\/\\\/soldadoadrianojose.com.br\\\/wp-content\\\/uploads\\\/2023\\\/04\\\/25072426995_12dcba75cd_b-2.jpeg\",\"width\":720,\"height\":460},{\"@type\":\"BreadcrumbList\",\"@id\":\"https:\\\/\\\/soldadoadrianojose.com.br\\\/index.php\\\/2023\\\/04\\\/11\\\/que-pais-e3-esse-lider-do-mst-anuncia-ocupacoes-de-terra-em-todo-o-brasil-para-o-mes-de-abril\\\/#breadcrumb\",\"itemListElement\":[{\"@type\":\"ListItem\",\"position\":1,\"name\":\"In\u00edcio\",\"item\":\"https:\\\/\\\/soldadoadrianojose.com.br\\\/\"},{\"@type\":\"ListItem\",\"position\":2,\"name\":\"QUE PA\u00cdS \u00c9 ESSE? L\u00edder do MST anuncia \u201cocupa\u00e7\u00f5es de terra\u201d em todo o Brasil para o m\u00eas de abril\"}]},{\"@type\":\"WebSite\",\"@id\":\"https:\\\/\\\/soldadoadrianojose.com.br\\\/#website\",\"url\":\"https:\\\/\\\/soldadoadrianojose.com.br\\\/\",\"name\":\"Deputado Adriano Jos\u00e9\",\"description\":\"Nosso trabalho \u00e9 pelas pessoas\",\"publisher\":{\"@id\":\"https:\\\/\\\/soldadoadrianojose.com.br\\\/#\\\/schema\\\/person\\\/16f8e8defb7a4bd6c6082efcd1bdb6bb\"},\"potentialAction\":[{\"@type\":\"SearchAction\",\"target\":{\"@type\":\"EntryPoint\",\"urlTemplate\":\"https:\\\/\\\/soldadoadrianojose.com.br\\\/?s={search_term_string}\"},\"query-input\":{\"@type\":\"PropertyValueSpecification\",\"valueRequired\":true,\"valueName\":\"search_term_string\"}}],\"inLanguage\":\"pt-BR\"},{\"@type\":[\"Person\",\"Organization\"],\"@id\":\"https:\\\/\\\/soldadoadrianojose.com.br\\\/#\\\/schema\\\/person\\\/16f8e8defb7a4bd6c6082efcd1bdb6bb\",\"name\":\"soldadoadrianojose\",\"image\":{\"@type\":\"ImageObject\",\"inLanguage\":\"pt-BR\",\"@id\":\"https:\\\/\\\/soldadoadrianojose.com.br\\\/wp-content\\\/uploads\\\/2023\\\/02\\\/LOGO_CLEAR-5.png\",\"url\":\"https:\\\/\\\/soldadoadrianojose.com.br\\\/wp-content\\\/uploads\\\/2023\\\/02\\\/LOGO_CLEAR-5.png\",\"contentUrl\":\"https:\\\/\\\/soldadoadrianojose.com.br\\\/wp-content\\\/uploads\\\/2023\\\/02\\\/LOGO_CLEAR-5.png\",\"width\":3508,\"height\":998,\"caption\":\"soldadoadrianojose\"},\"logo\":{\"@id\":\"https:\\\/\\\/soldadoadrianojose.com.br\\\/wp-content\\\/uploads\\\/2023\\\/02\\\/LOGO_CLEAR-5.png\"},\"sameAs\":[\"https:\\\/\\\/soldadoadrianojose.com.br\"],\"url\":\"https:\\\/\\\/soldadoadrianojose.com.br\\\/index.php\\\/author\\\/soldadoadrianojose\\\/\"}]}<\/script>\n<!-- \/ Yoast SEO plugin. -->","yoast_head_json":{"title":"QUE PA\u00cdS \u00c9 ESSE? L\u00edder do MST anuncia \u201cocupa\u00e7\u00f5es de terra\u201d em todo o Brasil para o m\u00eas de abril - Deputado Adriano Jos\u00e9","robots":{"index":"index","follow":"follow","max-snippet":"max-snippet:-1","max-image-preview":"max-image-preview:large","max-video-preview":"max-video-preview:-1"},"canonical":"https:\/\/soldadoadrianojose.com.br\/index.php\/2023\/04\/11\/que-pais-e3-esse-lider-do-mst-anuncia-ocupacoes-de-terra-em-todo-o-brasil-para-o-mes-de-abril\/","og_locale":"pt_BR","og_type":"article","og_title":"QUE PA\u00cdS \u00c9 ESSE? L\u00edder do MST anuncia \u201cocupa\u00e7\u00f5es de terra\u201d em todo o Brasil para o m\u00eas de abril - Deputado Adriano Jos\u00e9","og_description":"&#8220;Nesse m\u00eas de abril, nosso movimento far\u00e1 muitas manifesta\u00e7\u00f5es em defesa da reforma agr\u00e1ria&#8221;, afirmou ativista Jo\u00e3o Pedro Stedile, da dire\u00e7\u00e3o nacional do Movimento dos Trabalhadores Rurais Sem Terra O&nbsp;economista e ativista Jo\u00e3o Pedro Stedile, da dire\u00e7\u00e3o nacional do&nbsp;Movimento dos Trabalhadores Rurais Sem Terra (MST),&nbsp;anunciou que o movimento realizar\u00e1 \u201cocupa\u00e7\u00f5es de terra\u201d em todos os [&hellip;]","og_url":"https:\/\/soldadoadrianojose.com.br\/index.php\/2023\/04\/11\/que-pais-e3-esse-lider-do-mst-anuncia-ocupacoes-de-terra-em-todo-o-brasil-para-o-mes-de-abril\/","og_site_name":"Deputado Adriano Jos\u00e9","article_published_time":"2023-04-11T18:27:32+00:00","article_modified_time":"2023-04-11T18:34:38+00:00","og_image":[{"width":720,"height":460,"url":"https:\/\/soldadoadrianojose.com.br\/wp-content\/uploads\/2023\/04\/25072426995_12dcba75cd_b-2.jpeg","type":"image\/jpeg"}],"author":"soldadoadrianojose","twitter_card":"summary_large_image","twitter_misc":{"Escrito por":"soldadoadrianojose","Est. tempo de leitura":"2 minutos"},"schema":{"@context":"https:\/\/schema.org","@graph":[{"@type":"Article","@id":"https:\/\/soldadoadrianojose.com.br\/index.php\/2023\/04\/11\/que-pais-e3-esse-lider-do-mst-anuncia-ocupacoes-de-terra-em-todo-o-brasil-para-o-mes-de-abril\/#article","isPartOf":{"@id":"https:\/\/soldadoadrianojose.com.br\/index.php\/2023\/04\/11\/que-pais-e3-esse-lider-do-mst-anuncia-ocupacoes-de-terra-em-todo-o-brasil-para-o-mes-de-abril\/"},"author":{"name":"soldadoadrianojose","@id":"https:\/\/soldadoadrianojose.com.br\/#\/schema\/person\/16f8e8defb7a4bd6c6082efcd1bdb6bb"},"headline":"QUE PA\u00cdS \u00c9 ESSE? L\u00edder do MST anuncia \u201cocupa\u00e7\u00f5es de terra\u201d em todo o Brasil para o m\u00eas de abril","datePublished":"2023-04-11T18:27:32+00:00","dateModified":"2023-04-11T18:34:38+00:00","mainEntityOfPage":{"@id":"https:\/\/soldadoadrianojose.com.br\/index.php\/2023\/04\/11\/que-pais-e3-esse-lider-do-mst-anuncia-ocupacoes-de-terra-em-todo-o-brasil-para-o-mes-de-abril\/"},"wordCount":334,"commentCount":0,"publisher":{"@id":"https:\/\/soldadoadrianojose.com.br\/#\/schema\/person\/16f8e8defb7a4bd6c6082efcd1bdb6bb"},"image":{"@id":"https:\/\/soldadoadrianojose.com.br\/index.php\/2023\/04\/11\/que-pais-e3-esse-lider-do-mst-anuncia-ocupacoes-de-terra-em-todo-o-brasil-para-o-mes-de-abril\/#primaryimage"},"thumbnailUrl":"https:\/\/soldadoadrianojose.com.br\/wp-content\/uploads\/2023\/04\/25072426995_12dcba75cd_b-2.jpeg","articleSection":["BRASIL"],"inLanguage":"pt-BR","potentialAction":[{"@type":"CommentAction","name":"Comment","target":["https:\/\/soldadoadrianojose.com.br\/index.php\/2023\/04\/11\/que-pais-e3-esse-lider-do-mst-anuncia-ocupacoes-de-terra-em-todo-o-brasil-para-o-mes-de-abril\/#respond"]}]},{"@type":"WebPage","@id":"https:\/\/soldadoadrianojose.com.br\/index.php\/2023\/04\/11\/que-pais-e3-esse-lider-do-mst-anuncia-ocupacoes-de-terra-em-todo-o-brasil-para-o-mes-de-abril\/","url":"https:\/\/soldadoadrianojose.com.br\/index.php\/2023\/04\/11\/que-pais-e3-esse-lider-do-mst-anuncia-ocupacoes-de-terra-em-todo-o-brasil-para-o-mes-de-abril\/","name":"QUE PA\u00cdS \u00c9 ESSE? L\u00edder do MST anuncia \u201cocupa\u00e7\u00f5es de terra\u201d em todo o Brasil para o m\u00eas de abril - Deputado Adriano Jos\u00e9","isPartOf":{"@id":"https:\/\/soldadoadrianojose.com.br\/#website"},"primaryImageOfPage":{"@id":"https:\/\/soldadoadrianojose.com.br\/index.php\/2023\/04\/11\/que-pais-e3-esse-lider-do-mst-anuncia-ocupacoes-de-terra-em-todo-o-brasil-para-o-mes-de-abril\/#primaryimage"},"image":{"@id":"https:\/\/soldadoadrianojose.com.br\/index.php\/2023\/04\/11\/que-pais-e3-esse-lider-do-mst-anuncia-ocupacoes-de-terra-em-todo-o-brasil-para-o-mes-de-abril\/#primaryimage"},"thumbnailUrl":"https:\/\/soldadoadrianojose.com.br\/wp-content\/uploads\/2023\/04\/25072426995_12dcba75cd_b-2.jpeg","datePublished":"2023-04-11T18:27:32+00:00","dateModified":"2023-04-11T18:34:38+00:00","breadcrumb":{"@id":"https:\/\/soldadoadrianojose.com.br\/index.php\/2023\/04\/11\/que-pais-e3-esse-lider-do-mst-anuncia-ocupacoes-de-terra-em-todo-o-brasil-para-o-mes-de-abril\/#breadcrumb"},"inLanguage":"pt-BR","potentialAction":[{"@type":"ReadAction","target":["https:\/\/soldadoadrianojose.com.br\/index.php\/2023\/04\/11\/que-pais-e3-esse-lider-do-mst-anuncia-ocupacoes-de-terra-em-todo-o-brasil-para-o-mes-de-abril\/"]}]},{"@type":"ImageObject","inLanguage":"pt-BR","@id":"https:\/\/soldadoadrianojose.com.br\/index.php\/2023\/04\/11\/que-pais-e3-esse-lider-do-mst-anuncia-ocupacoes-de-terra-em-todo-o-brasil-para-o-mes-de-abril\/#primaryimage","url":"https:\/\/soldadoadrianojose.com.br\/wp-content\/uploads\/2023\/04\/25072426995_12dcba75cd_b-2.jpeg","contentUrl":"https:\/\/soldadoadrianojose.com.br\/wp-content\/uploads\/2023\/04\/25072426995_12dcba75cd_b-2.jpeg","width":720,"height":460},{"@type":"BreadcrumbList","@id":"https:\/\/soldadoadrianojose.com.br\/index.php\/2023\/04\/11\/que-pais-e3-esse-lider-do-mst-anuncia-ocupacoes-de-terra-em-todo-o-brasil-para-o-mes-de-abril\/#breadcrumb","itemListElement":[{"@type":"ListItem","position":1,"name":"In\u00edcio","item":"https:\/\/soldadoadrianojose.com.br\/"},{"@type":"ListItem","position":2,"name":"QUE PA\u00cdS \u00c9 ESSE? L\u00edder do MST anuncia \u201cocupa\u00e7\u00f5es de terra\u201d em todo o Brasil para o m\u00eas de abril"}]},{"@type":"WebSite","@id":"https:\/\/soldadoadrianojose.com.br\/#website","url":"https:\/\/soldadoadrianojose.com.br\/","name":"Deputado Adriano Jos\u00e9","description":"Nosso trabalho \u00e9 pelas pessoas","publisher":{"@id":"https:\/\/soldadoadrianojose.com.br\/#\/schema\/person\/16f8e8defb7a4bd6c6082efcd1bdb6bb"},"potentialAction":[{"@type":"SearchAction","target":{"@type":"EntryPoint","urlTemplate":"https:\/\/soldadoadrianojose.com.br\/?s={search_term_string}"},"query-input":{"@type":"PropertyValueSpecification","valueRequired":true,"valueName":"search_term_string"}}],"inLanguage":"pt-BR"},{"@type":["Person","Organization"],"@id":"https:\/\/soldadoadrianojose.com.br\/#\/schema\/person\/16f8e8defb7a4bd6c6082efcd1bdb6bb","name":"soldadoadrianojose","image":{"@type":"ImageObject","inLanguage":"pt-BR","@id":"https:\/\/soldadoadrianojose.com.br\/wp-content\/uploads\/2023\/02\/LOGO_CLEAR-5.png","url":"https:\/\/soldadoadrianojose.com.br\/wp-content\/uploads\/2023\/02\/LOGO_CLEAR-5.png","contentUrl":"https:\/\/soldadoadrianojose.com.br\/wp-content\/uploads\/2023\/02\/LOGO_CLEAR-5.png","width":3508,"height":998,"caption":"soldadoadrianojose"},"logo":{"@id":"https:\/\/soldadoadrianojose.com.br\/wp-content\/uploads\/2023\/02\/LOGO_CLEAR-5.png"},"sameAs":["https:\/\/soldadoadrianojose.com.br"],"url":"https:\/\/soldadoadrianojose.com.br\/index.php\/author\/soldadoadrianojose\/"}]}},"jetpack_featured_media_url":"https:\/\/soldadoadrianojose.com.br\/wp-content\/uploads\/2023\/04\/25072426995_12dcba75cd_b-2.jpeg","_links":{"self":[{"href":"https:\/\/soldadoadrianojose.com.br\/index.php\/wp-json\/wp\/v2\/posts\/806","targetHints":{"allow":["GET"]}}],"collection":[{"href":"https:\/\/soldadoadrianojose.com.br\/index.php\/wp-json\/wp\/v2\/posts"}],"about":[{"href":"https:\/\/soldadoadrianojose.com.br\/index.php\/wp-json\/wp\/v2\/types\/post"}],"author":[{"embeddable":true,"href":"https:\/\/soldadoadrianojose.com.br\/index.php\/wp-json\/wp\/v2\/users\/1"}],"replies":[{"embeddable":true,"href":"https:\/\/soldadoadrianojose.com.br\/index.php\/wp-json\/wp\/v2\/comments?post=806"}],"version-history":[{"count":2,"href":"https:\/\/soldadoadrianojose.com.br\/index.php\/wp-json\/wp\/v2\/posts\/806\/revisions"}],"predecessor-version":[{"id":809,"href":"https:\/\/soldadoadrianojose.com.br\/index.php\/wp-json\/wp\/v2\/posts\/806\/revisions\/809"}],"wp:featuredmedia":[{"embeddable":true,"href":"https:\/\/soldadoadrianojose.com.br\/index.php\/wp-json\/wp\/v2\/media\/807"}],"wp:attachment":[{"href":"https:\/\/soldadoadrianojose.com.br\/index.php\/wp-json\/wp\/v2\/media?parent=806"}],"wp:term":[{"taxonomy":"category","embeddable":true,"href":"https:\/\/soldadoadrianojose.com.br\/index.php\/wp-json\/wp\/v2\/categories?post=806"},{"taxonomy":"post_tag","embeddable":true,"href":"https:\/\/soldadoadrianojose.com.br\/index.php\/wp-json\/wp\/v2\/tags?post=806"}],"curies":[{"name":"wp","href":"https:\/\/api.w.org\/{rel}","templated":true}]}}