{"id":811,"date":"2023-04-12T11:25:30","date_gmt":"2023-04-12T14:25:30","guid":{"rendered":"https:\/\/soldadoadrianojose.com.br\/?p=811"},"modified":"2023-04-12T11:35:13","modified_gmt":"2023-04-12T14:35:13","slug":"primeira-reunia1o-da-comissao-do-mercosul-e-assuntos-internacionais-define-convite-a-consul-geral-do-paraguai","status":"publish","type":"post","link":"https:\/\/soldadoadrianojose.com.br\/index.php\/2023\/04\/12\/primeira-reunia1o-da-comissao-do-mercosul-e-assuntos-internacionais-define-convite-a-consul-geral-do-paraguai\/","title":{"rendered":"Primeira reuni\u00e3o da Comiss\u00e3o do Mercosul e Assuntos Internacionais define convite a c\u00f4nsul-geral do Paraguai"},"content":{"rendered":"\n<figure class=\"wp-block-image size-large\"><img fetchpriority=\"high\" decoding=\"async\" width=\"1024\" height=\"683\" src=\"https:\/\/soldadoadrianojose.com.br\/wp-content\/uploads\/2023\/04\/fg-1024x683.jpg\" alt=\"\" class=\"wp-image-814\" srcset=\"https:\/\/soldadoadrianojose.com.br\/wp-content\/uploads\/2023\/04\/fg-1024x683.jpg 1024w, https:\/\/soldadoadrianojose.com.br\/wp-content\/uploads\/2023\/04\/fg-300x200.jpg 300w, https:\/\/soldadoadrianojose.com.br\/wp-content\/uploads\/2023\/04\/fg-768x512.jpg 768w, https:\/\/soldadoadrianojose.com.br\/wp-content\/uploads\/2023\/04\/fg.jpg 1200w\" sizes=\"(max-width: 1024px) 100vw, 1024px\" \/><\/figure>\n\n\n\n<p>A Comiss\u00e3o do Mercosul e Assuntos Internacionais da Assembleia Legislativa do Paran\u00e1 se reuniu no in\u00edcio da tarde desta segunda-feira (10) para definir um convite ao c\u00f4nsul-geral do Paraguai, Celso Santiago Riquelme Mendieta, para debater assuntos importantes \u00e0 integra\u00e7\u00e3o regional. O presidente da comiss\u00e3o, deputado Requi\u00e3o Filho (PT), explicou que o convite ao c\u00f4nsul tem o objetivo de apresentar a comiss\u00e3o e discutir as rela\u00e7\u00f5es Brasil, Paraguai, \u201cprincipalmente Paran\u00e1, Paraguai, mais especificamente, a quest\u00e3o da Ferroeste\u201d.<\/p>\n\n\n\n<p>Ele disse ainda que, \u201cse legisla muito pouco sobre esse tema, mas a gente pode sim aprofundar nas rela\u00e7\u00f5es comerciais do Paran\u00e1 com outros pa\u00edses\u201d.<\/p>\n\n\n\n<p>Compete \u00e0 Comiss\u00e3o do Mercosul e Assuntos Internacionais manifestar-se sobre toda e qualquer proposi\u00e7\u00e3o que se refira ao Mercado Comum do Sul &#8211; Mercosul e rela\u00e7\u00f5es internacionais em geral.<\/p>\n\n\n\n<p>Participaram da reuni\u00e3o al\u00e9m de Requi\u00e3o Filho, os deputados Samuel Dantas (SD), Alisson Wandscheer (SD), Soldado Adriano Jos\u00e9 (PP) e Cantora Mara Lima (Republicanos).&nbsp;<\/p>\n","protected":false},"excerpt":{"rendered":"<p>A Comiss\u00e3o do Mercosul e Assuntos Internacionais da Assembleia Legislativa do Paran\u00e1 se reuniu no in\u00edcio da tarde desta segunda-feira (10) para definir um convite ao c\u00f4nsul-geral do Paraguai, Celso Santiago Riquelme Mendieta, para debater assuntos importantes \u00e0 integra\u00e7\u00e3o regional. O presidente da comiss\u00e3o, deputado Requi\u00e3o Filho (PT), explicou que o convite ao c\u00f4nsul tem [&hellip;]<\/p>\n","protected":false},"author":1,"featured_media":817,"comment_status":"open","ping_status":"open","sticky":false,"template":"","format":"standard","meta":{"footnotes":""},"categories":[5],"tags":[],"class_list":["post-811","post","type-post","status-publish","format-standard","has-post-thumbnail","hentry","category-parana"],"yoast_head":"<!-- This site is optimized with the Yoast SEO plugin v27.4 - https:\/\/yoast.com\/product\/yoast-seo-wordpress\/ -->\n<title>Primeira reuni\u00e3o da Comiss\u00e3o do Mercosul e Assuntos Internacionais define convite a c\u00f4nsul-geral do Paraguai - Deputado Adriano Jos\u00e9<\/title>\n<meta name=\"robots\" content=\"index, follow, max-snippet:-1, max-image-preview:large, max-video-preview:-1\" \/>\n<link rel=\"canonical\" href=\"https:\/\/soldadoadrianojose.com.br\/index.php\/2023\/04\/12\/primeira-reunia1o-da-comissao-do-mercosul-e-assuntos-internacionais-define-convite-a-consul-geral-do-paraguai\/\" \/>\n<meta property=\"og:locale\" content=\"pt_BR\" \/>\n<meta property=\"og:type\" content=\"article\" \/>\n<meta property=\"og:title\" content=\"Primeira reuni\u00e3o da Comiss\u00e3o do Mercosul e Assuntos Internacionais define convite a c\u00f4nsul-geral do Paraguai - Deputado Adriano Jos\u00e9\" \/>\n<meta property=\"og:description\" content=\"A Comiss\u00e3o do Mercosul e Assuntos Internacionais da Assembleia Legislativa do Paran\u00e1 se reuniu no in\u00edcio da tarde desta segunda-feira (10) para definir um convite ao c\u00f4nsul-geral do Paraguai, Celso Santiago Riquelme Mendieta, para debater assuntos importantes \u00e0 integra\u00e7\u00e3o regional. O presidente da comiss\u00e3o, deputado Requi\u00e3o Filho (PT), explicou que o convite ao c\u00f4nsul tem [&hellip;]\" \/>\n<meta property=\"og:url\" content=\"https:\/\/soldadoadrianojose.com.br\/index.php\/2023\/04\/12\/primeira-reunia1o-da-comissao-do-mercosul-e-assuntos-internacionais-define-convite-a-consul-geral-do-paraguai\/\" \/>\n<meta property=\"og:site_name\" content=\"Deputado Adriano Jos\u00e9\" \/>\n<meta property=\"article:published_time\" content=\"2023-04-12T14:25:30+00:00\" \/>\n<meta property=\"article:modified_time\" content=\"2023-04-12T14:35:13+00:00\" \/>\n<meta property=\"og:image\" content=\"https:\/\/soldadoadrianojose.com.br\/wp-content\/uploads\/2023\/04\/fg-1.jpg\" \/>\n\t<meta property=\"og:image:width\" content=\"1200\" \/>\n\t<meta property=\"og:image:height\" content=\"800\" \/>\n\t<meta property=\"og:image:type\" content=\"image\/jpeg\" \/>\n<meta name=\"author\" content=\"soldadoadrianojose\" \/>\n<meta name=\"twitter:card\" content=\"summary_large_image\" \/>\n<meta name=\"twitter:label1\" content=\"Escrito por\" \/>\n\t<meta name=\"twitter:data1\" content=\"soldadoadrianojose\" \/>\n\t<meta name=\"twitter:label2\" content=\"Est. tempo de leitura\" \/>\n\t<meta name=\"twitter:data2\" content=\"2 minutos\" \/>\n<script type=\"application\/ld+json\" class=\"yoast-schema-graph\">{\"@context\":\"https:\\\/\\\/schema.org\",\"@graph\":[{\"@type\":\"Article\",\"@id\":\"https:\\\/\\\/soldadoadrianojose.com.br\\\/index.php\\\/2023\\\/04\\\/12\\\/primeira-reunia1o-da-comissao-do-mercosul-e-assuntos-internacionais-define-convite-a-consul-geral-do-paraguai\\\/#article\",\"isPartOf\":{\"@id\":\"https:\\\/\\\/soldadoadrianojose.com.br\\\/index.php\\\/2023\\\/04\\\/12\\\/primeira-reunia1o-da-comissao-do-mercosul-e-assuntos-internacionais-define-convite-a-consul-geral-do-paraguai\\\/\"},\"author\":{\"name\":\"soldadoadrianojose\",\"@id\":\"https:\\\/\\\/soldadoadrianojose.com.br\\\/#\\\/schema\\\/person\\\/16f8e8defb7a4bd6c6082efcd1bdb6bb\"},\"headline\":\"Primeira reuni\u00e3o da Comiss\u00e3o do Mercosul e Assuntos Internacionais define convite a c\u00f4nsul-geral do Paraguai\",\"datePublished\":\"2023-04-12T14:25:30+00:00\",\"dateModified\":\"2023-04-12T14:35:13+00:00\",\"mainEntityOfPage\":{\"@id\":\"https:\\\/\\\/soldadoadrianojose.com.br\\\/index.php\\\/2023\\\/04\\\/12\\\/primeira-reunia1o-da-comissao-do-mercosul-e-assuntos-internacionais-define-convite-a-consul-geral-do-paraguai\\\/\"},\"wordCount\":188,\"commentCount\":0,\"publisher\":{\"@id\":\"https:\\\/\\\/soldadoadrianojose.com.br\\\/#\\\/schema\\\/person\\\/16f8e8defb7a4bd6c6082efcd1bdb6bb\"},\"image\":{\"@id\":\"https:\\\/\\\/soldadoadrianojose.com.br\\\/index.php\\\/2023\\\/04\\\/12\\\/primeira-reunia1o-da-comissao-do-mercosul-e-assuntos-internacionais-define-convite-a-consul-geral-do-paraguai\\\/#primaryimage\"},\"thumbnailUrl\":\"https:\\\/\\\/soldadoadrianojose.com.br\\\/wp-content\\\/uploads\\\/2023\\\/04\\\/fg-1.jpg\",\"articleSection\":[\"PARAN\u00c1\"],\"inLanguage\":\"pt-BR\",\"potentialAction\":[{\"@type\":\"CommentAction\",\"name\":\"Comment\",\"target\":[\"https:\\\/\\\/soldadoadrianojose.com.br\\\/index.php\\\/2023\\\/04\\\/12\\\/primeira-reunia1o-da-comissao-do-mercosul-e-assuntos-internacionais-define-convite-a-consul-geral-do-paraguai\\\/#respond\"]}]},{\"@type\":\"WebPage\",\"@id\":\"https:\\\/\\\/soldadoadrianojose.com.br\\\/index.php\\\/2023\\\/04\\\/12\\\/primeira-reunia1o-da-comissao-do-mercosul-e-assuntos-internacionais-define-convite-a-consul-geral-do-paraguai\\\/\",\"url\":\"https:\\\/\\\/soldadoadrianojose.com.br\\\/index.php\\\/2023\\\/04\\\/12\\\/primeira-reunia1o-da-comissao-do-mercosul-e-assuntos-internacionais-define-convite-a-consul-geral-do-paraguai\\\/\",\"name\":\"Primeira reuni\u00e3o da Comiss\u00e3o do Mercosul e Assuntos Internacionais define convite a c\u00f4nsul-geral do Paraguai - Deputado Adriano Jos\u00e9\",\"isPartOf\":{\"@id\":\"https:\\\/\\\/soldadoadrianojose.com.br\\\/#website\"},\"primaryImageOfPage\":{\"@id\":\"https:\\\/\\\/soldadoadrianojose.com.br\\\/index.php\\\/2023\\\/04\\\/12\\\/primeira-reunia1o-da-comissao-do-mercosul-e-assuntos-internacionais-define-convite-a-consul-geral-do-paraguai\\\/#primaryimage\"},\"image\":{\"@id\":\"https:\\\/\\\/soldadoadrianojose.com.br\\\/index.php\\\/2023\\\/04\\\/12\\\/primeira-reunia1o-da-comissao-do-mercosul-e-assuntos-internacionais-define-convite-a-consul-geral-do-paraguai\\\/#primaryimage\"},\"thumbnailUrl\":\"https:\\\/\\\/soldadoadrianojose.com.br\\\/wp-content\\\/uploads\\\/2023\\\/04\\\/fg-1.jpg\",\"datePublished\":\"2023-04-12T14:25:30+00:00\",\"dateModified\":\"2023-04-12T14:35:13+00:00\",\"breadcrumb\":{\"@id\":\"https:\\\/\\\/soldadoadrianojose.com.br\\\/index.php\\\/2023\\\/04\\\/12\\\/primeira-reunia1o-da-comissao-do-mercosul-e-assuntos-internacionais-define-convite-a-consul-geral-do-paraguai\\\/#breadcrumb\"},\"inLanguage\":\"pt-BR\",\"potentialAction\":[{\"@type\":\"ReadAction\",\"target\":[\"https:\\\/\\\/soldadoadrianojose.com.br\\\/index.php\\\/2023\\\/04\\\/12\\\/primeira-reunia1o-da-comissao-do-mercosul-e-assuntos-internacionais-define-convite-a-consul-geral-do-paraguai\\\/\"]}]},{\"@type\":\"ImageObject\",\"inLanguage\":\"pt-BR\",\"@id\":\"https:\\\/\\\/soldadoadrianojose.com.br\\\/index.php\\\/2023\\\/04\\\/12\\\/primeira-reunia1o-da-comissao-do-mercosul-e-assuntos-internacionais-define-convite-a-consul-geral-do-paraguai\\\/#primaryimage\",\"url\":\"https:\\\/\\\/soldadoadrianojose.com.br\\\/wp-content\\\/uploads\\\/2023\\\/04\\\/fg-1.jpg\",\"contentUrl\":\"https:\\\/\\\/soldadoadrianojose.com.br\\\/wp-content\\\/uploads\\\/2023\\\/04\\\/fg-1.jpg\",\"width\":1200,\"height\":800},{\"@type\":\"BreadcrumbList\",\"@id\":\"https:\\\/\\\/soldadoadrianojose.com.br\\\/index.php\\\/2023\\\/04\\\/12\\\/primeira-reunia1o-da-comissao-do-mercosul-e-assuntos-internacionais-define-convite-a-consul-geral-do-paraguai\\\/#breadcrumb\",\"itemListElement\":[{\"@type\":\"ListItem\",\"position\":1,\"name\":\"In\u00edcio\",\"item\":\"https:\\\/\\\/soldadoadrianojose.com.br\\\/\"},{\"@type\":\"ListItem\",\"position\":2,\"name\":\"Primeira reuni\u00e3o da Comiss\u00e3o do Mercosul e Assuntos Internacionais define convite a c\u00f4nsul-geral do Paraguai\"}]},{\"@type\":\"WebSite\",\"@id\":\"https:\\\/\\\/soldadoadrianojose.com.br\\\/#website\",\"url\":\"https:\\\/\\\/soldadoadrianojose.com.br\\\/\",\"name\":\"Deputado Adriano Jos\u00e9\",\"description\":\"Nosso trabalho \u00e9 pelas pessoas\",\"publisher\":{\"@id\":\"https:\\\/\\\/soldadoadrianojose.com.br\\\/#\\\/schema\\\/person\\\/16f8e8defb7a4bd6c6082efcd1bdb6bb\"},\"potentialAction\":[{\"@type\":\"SearchAction\",\"target\":{\"@type\":\"EntryPoint\",\"urlTemplate\":\"https:\\\/\\\/soldadoadrianojose.com.br\\\/?s={search_term_string}\"},\"query-input\":{\"@type\":\"PropertyValueSpecification\",\"valueRequired\":true,\"valueName\":\"search_term_string\"}}],\"inLanguage\":\"pt-BR\"},{\"@type\":[\"Person\",\"Organization\"],\"@id\":\"https:\\\/\\\/soldadoadrianojose.com.br\\\/#\\\/schema\\\/person\\\/16f8e8defb7a4bd6c6082efcd1bdb6bb\",\"name\":\"soldadoadrianojose\",\"image\":{\"@type\":\"ImageObject\",\"inLanguage\":\"pt-BR\",\"@id\":\"https:\\\/\\\/soldadoadrianojose.com.br\\\/wp-content\\\/uploads\\\/2023\\\/02\\\/LOGO_CLEAR-5.png\",\"url\":\"https:\\\/\\\/soldadoadrianojose.com.br\\\/wp-content\\\/uploads\\\/2023\\\/02\\\/LOGO_CLEAR-5.png\",\"contentUrl\":\"https:\\\/\\\/soldadoadrianojose.com.br\\\/wp-content\\\/uploads\\\/2023\\\/02\\\/LOGO_CLEAR-5.png\",\"width\":3508,\"height\":998,\"caption\":\"soldadoadrianojose\"},\"logo\":{\"@id\":\"https:\\\/\\\/soldadoadrianojose.com.br\\\/wp-content\\\/uploads\\\/2023\\\/02\\\/LOGO_CLEAR-5.png\"},\"sameAs\":[\"https:\\\/\\\/soldadoadrianojose.com.br\"],\"url\":\"https:\\\/\\\/soldadoadrianojose.com.br\\\/index.php\\\/author\\\/soldadoadrianojose\\\/\"}]}<\/script>\n<!-- \/ Yoast SEO plugin. -->","yoast_head_json":{"title":"Primeira reuni\u00e3o da Comiss\u00e3o do Mercosul e Assuntos Internacionais define convite a c\u00f4nsul-geral do Paraguai - Deputado Adriano Jos\u00e9","robots":{"index":"index","follow":"follow","max-snippet":"max-snippet:-1","max-image-preview":"max-image-preview:large","max-video-preview":"max-video-preview:-1"},"canonical":"https:\/\/soldadoadrianojose.com.br\/index.php\/2023\/04\/12\/primeira-reunia1o-da-comissao-do-mercosul-e-assuntos-internacionais-define-convite-a-consul-geral-do-paraguai\/","og_locale":"pt_BR","og_type":"article","og_title":"Primeira reuni\u00e3o da Comiss\u00e3o do Mercosul e Assuntos Internacionais define convite a c\u00f4nsul-geral do Paraguai - Deputado Adriano Jos\u00e9","og_description":"A Comiss\u00e3o do Mercosul e Assuntos Internacionais da Assembleia Legislativa do Paran\u00e1 se reuniu no in\u00edcio da tarde desta segunda-feira (10) para definir um convite ao c\u00f4nsul-geral do Paraguai, Celso Santiago Riquelme Mendieta, para debater assuntos importantes \u00e0 integra\u00e7\u00e3o regional. O presidente da comiss\u00e3o, deputado Requi\u00e3o Filho (PT), explicou que o convite ao c\u00f4nsul tem [&hellip;]","og_url":"https:\/\/soldadoadrianojose.com.br\/index.php\/2023\/04\/12\/primeira-reunia1o-da-comissao-do-mercosul-e-assuntos-internacionais-define-convite-a-consul-geral-do-paraguai\/","og_site_name":"Deputado Adriano Jos\u00e9","article_published_time":"2023-04-12T14:25:30+00:00","article_modified_time":"2023-04-12T14:35:13+00:00","og_image":[{"width":1200,"height":800,"url":"https:\/\/soldadoadrianojose.com.br\/wp-content\/uploads\/2023\/04\/fg-1.jpg","type":"image\/jpeg"}],"author":"soldadoadrianojose","twitter_card":"summary_large_image","twitter_misc":{"Escrito por":"soldadoadrianojose","Est. tempo de leitura":"2 minutos"},"schema":{"@context":"https:\/\/schema.org","@graph":[{"@type":"Article","@id":"https:\/\/soldadoadrianojose.com.br\/index.php\/2023\/04\/12\/primeira-reunia1o-da-comissao-do-mercosul-e-assuntos-internacionais-define-convite-a-consul-geral-do-paraguai\/#article","isPartOf":{"@id":"https:\/\/soldadoadrianojose.com.br\/index.php\/2023\/04\/12\/primeira-reunia1o-da-comissao-do-mercosul-e-assuntos-internacionais-define-convite-a-consul-geral-do-paraguai\/"},"author":{"name":"soldadoadrianojose","@id":"https:\/\/soldadoadrianojose.com.br\/#\/schema\/person\/16f8e8defb7a4bd6c6082efcd1bdb6bb"},"headline":"Primeira reuni\u00e3o da Comiss\u00e3o do Mercosul e Assuntos Internacionais define convite a c\u00f4nsul-geral do Paraguai","datePublished":"2023-04-12T14:25:30+00:00","dateModified":"2023-04-12T14:35:13+00:00","mainEntityOfPage":{"@id":"https:\/\/soldadoadrianojose.com.br\/index.php\/2023\/04\/12\/primeira-reunia1o-da-comissao-do-mercosul-e-assuntos-internacionais-define-convite-a-consul-geral-do-paraguai\/"},"wordCount":188,"commentCount":0,"publisher":{"@id":"https:\/\/soldadoadrianojose.com.br\/#\/schema\/person\/16f8e8defb7a4bd6c6082efcd1bdb6bb"},"image":{"@id":"https:\/\/soldadoadrianojose.com.br\/index.php\/2023\/04\/12\/primeira-reunia1o-da-comissao-do-mercosul-e-assuntos-internacionais-define-convite-a-consul-geral-do-paraguai\/#primaryimage"},"thumbnailUrl":"https:\/\/soldadoadrianojose.com.br\/wp-content\/uploads\/2023\/04\/fg-1.jpg","articleSection":["PARAN\u00c1"],"inLanguage":"pt-BR","potentialAction":[{"@type":"CommentAction","name":"Comment","target":["https:\/\/soldadoadrianojose.com.br\/index.php\/2023\/04\/12\/primeira-reunia1o-da-comissao-do-mercosul-e-assuntos-internacionais-define-convite-a-consul-geral-do-paraguai\/#respond"]}]},{"@type":"WebPage","@id":"https:\/\/soldadoadrianojose.com.br\/index.php\/2023\/04\/12\/primeira-reunia1o-da-comissao-do-mercosul-e-assuntos-internacionais-define-convite-a-consul-geral-do-paraguai\/","url":"https:\/\/soldadoadrianojose.com.br\/index.php\/2023\/04\/12\/primeira-reunia1o-da-comissao-do-mercosul-e-assuntos-internacionais-define-convite-a-consul-geral-do-paraguai\/","name":"Primeira reuni\u00e3o da Comiss\u00e3o do Mercosul e Assuntos Internacionais define convite a c\u00f4nsul-geral do Paraguai - Deputado Adriano Jos\u00e9","isPartOf":{"@id":"https:\/\/soldadoadrianojose.com.br\/#website"},"primaryImageOfPage":{"@id":"https:\/\/soldadoadrianojose.com.br\/index.php\/2023\/04\/12\/primeira-reunia1o-da-comissao-do-mercosul-e-assuntos-internacionais-define-convite-a-consul-geral-do-paraguai\/#primaryimage"},"image":{"@id":"https:\/\/soldadoadrianojose.com.br\/index.php\/2023\/04\/12\/primeira-reunia1o-da-comissao-do-mercosul-e-assuntos-internacionais-define-convite-a-consul-geral-do-paraguai\/#primaryimage"},"thumbnailUrl":"https:\/\/soldadoadrianojose.com.br\/wp-content\/uploads\/2023\/04\/fg-1.jpg","datePublished":"2023-04-12T14:25:30+00:00","dateModified":"2023-04-12T14:35:13+00:00","breadcrumb":{"@id":"https:\/\/soldadoadrianojose.com.br\/index.php\/2023\/04\/12\/primeira-reunia1o-da-comissao-do-mercosul-e-assuntos-internacionais-define-convite-a-consul-geral-do-paraguai\/#breadcrumb"},"inLanguage":"pt-BR","potentialAction":[{"@type":"ReadAction","target":["https:\/\/soldadoadrianojose.com.br\/index.php\/2023\/04\/12\/primeira-reunia1o-da-comissao-do-mercosul-e-assuntos-internacionais-define-convite-a-consul-geral-do-paraguai\/"]}]},{"@type":"ImageObject","inLanguage":"pt-BR","@id":"https:\/\/soldadoadrianojose.com.br\/index.php\/2023\/04\/12\/primeira-reunia1o-da-comissao-do-mercosul-e-assuntos-internacionais-define-convite-a-consul-geral-do-paraguai\/#primaryimage","url":"https:\/\/soldadoadrianojose.com.br\/wp-content\/uploads\/2023\/04\/fg-1.jpg","contentUrl":"https:\/\/soldadoadrianojose.com.br\/wp-content\/uploads\/2023\/04\/fg-1.jpg","width":1200,"height":800},{"@type":"BreadcrumbList","@id":"https:\/\/soldadoadrianojose.com.br\/index.php\/2023\/04\/12\/primeira-reunia1o-da-comissao-do-mercosul-e-assuntos-internacionais-define-convite-a-consul-geral-do-paraguai\/#breadcrumb","itemListElement":[{"@type":"ListItem","position":1,"name":"In\u00edcio","item":"https:\/\/soldadoadrianojose.com.br\/"},{"@type":"ListItem","position":2,"name":"Primeira reuni\u00e3o da Comiss\u00e3o do Mercosul e Assuntos Internacionais define convite a c\u00f4nsul-geral do Paraguai"}]},{"@type":"WebSite","@id":"https:\/\/soldadoadrianojose.com.br\/#website","url":"https:\/\/soldadoadrianojose.com.br\/","name":"Deputado Adriano Jos\u00e9","description":"Nosso trabalho \u00e9 pelas pessoas","publisher":{"@id":"https:\/\/soldadoadrianojose.com.br\/#\/schema\/person\/16f8e8defb7a4bd6c6082efcd1bdb6bb"},"potentialAction":[{"@type":"SearchAction","target":{"@type":"EntryPoint","urlTemplate":"https:\/\/soldadoadrianojose.com.br\/?s={search_term_string}"},"query-input":{"@type":"PropertyValueSpecification","valueRequired":true,"valueName":"search_term_string"}}],"inLanguage":"pt-BR"},{"@type":["Person","Organization"],"@id":"https:\/\/soldadoadrianojose.com.br\/#\/schema\/person\/16f8e8defb7a4bd6c6082efcd1bdb6bb","name":"soldadoadrianojose","image":{"@type":"ImageObject","inLanguage":"pt-BR","@id":"https:\/\/soldadoadrianojose.com.br\/wp-content\/uploads\/2023\/02\/LOGO_CLEAR-5.png","url":"https:\/\/soldadoadrianojose.com.br\/wp-content\/uploads\/2023\/02\/LOGO_CLEAR-5.png","contentUrl":"https:\/\/soldadoadrianojose.com.br\/wp-content\/uploads\/2023\/02\/LOGO_CLEAR-5.png","width":3508,"height":998,"caption":"soldadoadrianojose"},"logo":{"@id":"https:\/\/soldadoadrianojose.com.br\/wp-content\/uploads\/2023\/02\/LOGO_CLEAR-5.png"},"sameAs":["https:\/\/soldadoadrianojose.com.br"],"url":"https:\/\/soldadoadrianojose.com.br\/index.php\/author\/soldadoadrianojose\/"}]}},"jetpack_featured_media_url":"https:\/\/soldadoadrianojose.com.br\/wp-content\/uploads\/2023\/04\/fg-1.jpg","_links":{"self":[{"href":"https:\/\/soldadoadrianojose.com.br\/index.php\/wp-json\/wp\/v2\/posts\/811","targetHints":{"allow":["GET"]}}],"collection":[{"href":"https:\/\/soldadoadrianojose.com.br\/index.php\/wp-json\/wp\/v2\/posts"}],"about":[{"href":"https:\/\/soldadoadrianojose.com.br\/index.php\/wp-json\/wp\/v2\/types\/post"}],"author":[{"embeddable":true,"href":"https:\/\/soldadoadrianojose.com.br\/index.php\/wp-json\/wp\/v2\/users\/1"}],"replies":[{"embeddable":true,"href":"https:\/\/soldadoadrianojose.com.br\/index.php\/wp-json\/wp\/v2\/comments?post=811"}],"version-history":[{"count":2,"href":"https:\/\/soldadoadrianojose.com.br\/index.php\/wp-json\/wp\/v2\/posts\/811\/revisions"}],"predecessor-version":[{"id":816,"href":"https:\/\/soldadoadrianojose.com.br\/index.php\/wp-json\/wp\/v2\/posts\/811\/revisions\/816"}],"wp:featuredmedia":[{"embeddable":true,"href":"https:\/\/soldadoadrianojose.com.br\/index.php\/wp-json\/wp\/v2\/media\/817"}],"wp:attachment":[{"href":"https:\/\/soldadoadrianojose.com.br\/index.php\/wp-json\/wp\/v2\/media?parent=811"}],"wp:term":[{"taxonomy":"category","embeddable":true,"href":"https:\/\/soldadoadrianojose.com.br\/index.php\/wp-json\/wp\/v2\/categories?post=811"},{"taxonomy":"post_tag","embeddable":true,"href":"https:\/\/soldadoadrianojose.com.br\/index.php\/wp-json\/wp\/v2\/tags?post=811"}],"curies":[{"name":"wp","href":"https:\/\/api.w.org\/{rel}","templated":true}]}}