{"id":819,"date":"2023-04-18T13:40:15","date_gmt":"2023-04-18T16:40:15","guid":{"rendered":"https:\/\/soldadoadrianojose.com.br\/?p=819"},"modified":"2023-04-18T13:40:19","modified_gmt":"2023-04-18T16:40:19","slug":"deputado-soldado-adriano-jose-recebe-vereadores-de-maringa-em-busca-de-apoio-para-seguranca-junto-a-comissao-de-seguranca-publica-da-assembleia","status":"publish","type":"post","link":"https:\/\/soldadoadrianojose.com.br\/index.php\/2023\/04\/18\/deputado-soldado-adriano-jose-recebe-vereadores-de-maringa-em-busca-de-apoio-para-seguranca-junto-a-comissao-de-seguranca-publica-da-assembleia\/","title":{"rendered":"Deputado Soldado Adriano Jos\u00e9, recebe vereadores de Maring\u00e1 em busca de apoio para seguran\u00e7a junto \u00e0 Comiss\u00e3o de Seguran\u00e7a P\u00fablica da Assembleia."},"content":{"rendered":"\n<p>Presidente da Comiss\u00e3o de Seguran\u00e7a P\u00fablica recebeu os representantes para debater a seguran\u00e7a p\u00fablica do munic\u00edpio, especialmente nas escolas.<\/p>\n\n\n\n<p>deputado Soldado Adriano Jos\u00e9 (PP), presidente da Comiss\u00e3o de Seguran\u00e7a P\u00fablica da Assembleia Legislativa, e os deputados Delegado Jacov\u00f3s (PL) e Do Carmo (Uni\u00e3o Brasil) receberam o vereador Mario Hossokawa, presidente da C\u00e2mara Municipal de Maring\u00e1 e os vereadores Cristian Marcos Maia da Silva e Delegado Luiz Cl\u00e1udio da Silva Alves para tratar da melhoria na seguran\u00e7a p\u00fablica do munic\u00edpio. O encontro aconteceu na manh\u00e3 desta ter\u00e7a-feira (18).<\/p>\n\n\n\n<p>O deputado Soldado Adriano (PP) declarou que o objetivo da reuni\u00e3o foi debater com os parlamentares do munic\u00edpio a seguran\u00e7a p\u00fablica e, em especial, a seguran\u00e7a nas escolas. \u201cJuntos com os deputados Do Carmo e Delegado Jacov\u00f3s, que al\u00e9m da experi\u00eancia, tamb\u00e9m s\u00e3o da regi\u00e3o, podemos trabalhar juntos em a\u00e7\u00f5es, planejamentos e estrat\u00e9gias para podermos levar mais seguran\u00e7a, alinhados sempre com o comando geral da Pol\u00edcia Militar\u201d, disse.<\/p>\n\n\n\n<p>\u201cSobre a seguran\u00e7a nas escolas, o governo do Estado j\u00e1 tem apresentado algumas a\u00e7\u00f5es em sintonia com a Assembleia Legislativa, por isso \u00e9 importante essa reuni\u00e3o com os vereadores de Maring\u00e1 para que possamos alinhar a nossa linha de trabalho e as a\u00e7\u00f5es l\u00e1 na ponta e nesse momento tranquilizar os pais dos alunos, professores e a popula\u00e7\u00e3o em geral diante destas amea\u00e7as constantes nas escolas\u201d, concluiu o deputado Adriano.<\/p>\n\n\n\n<p>Os vereadores permanecer\u00e3o na Assembleia na tarde de hoje para acompanhar as participa\u00e7\u00f5es do secret\u00e1rio de Estado da Educa\u00e7\u00e3o, Roni Miranda e do Major Ricardo Costa, Comandante do Batalh\u00e3o de Pol\u00edcia Escolar Comunit\u00e1ria (BPEC) sobre o Projeto de Seguran\u00e7a Escolar que acontecer\u00e1 nesta ter\u00e7a-feira, (18) na abertura da sess\u00e3o plen\u00e1ria no hor\u00e1rio do Grande Expediente.<\/p>\n","protected":false},"excerpt":{"rendered":"<p>Presidente da Comiss\u00e3o de Seguran\u00e7a P\u00fablica recebeu os representantes para debater a seguran\u00e7a p\u00fablica do munic\u00edpio, especialmente nas escolas. deputado Soldado Adriano Jos\u00e9 (PP), presidente da Comiss\u00e3o de Seguran\u00e7a P\u00fablica da Assembleia Legislativa, e os deputados Delegado Jacov\u00f3s (PL) e Do Carmo (Uni\u00e3o Brasil) receberam o vereador Mario Hossokawa, presidente da C\u00e2mara Municipal de Maring\u00e1 [&hellip;]<\/p>\n","protected":false},"author":1,"featured_media":820,"comment_status":"open","ping_status":"open","sticky":false,"template":"","format":"standard","meta":{"footnotes":""},"categories":[1,5],"tags":[],"class_list":["post-819","post","type-post","status-publish","format-standard","has-post-thumbnail","hentry","category-gabinete-sd","category-parana"],"yoast_head":"<!-- This site is optimized with the Yoast SEO plugin v27.4 - https:\/\/yoast.com\/product\/yoast-seo-wordpress\/ -->\n<title>Deputado Soldado Adriano Jos\u00e9, recebe vereadores de Maring\u00e1 em busca de apoio para seguran\u00e7a junto \u00e0 Comiss\u00e3o de Seguran\u00e7a P\u00fablica da Assembleia. - Deputado Adriano Jos\u00e9<\/title>\n<meta name=\"robots\" content=\"index, follow, max-snippet:-1, max-image-preview:large, max-video-preview:-1\" \/>\n<link rel=\"canonical\" href=\"https:\/\/soldadoadrianojose.com.br\/index.php\/2023\/04\/18\/deputado-soldado-adriano-jose-recebe-vereadores-de-maringa-em-busca-de-apoio-para-seguranca-junto-a-comissao-de-seguranca-publica-da-assembleia\/\" \/>\n<meta property=\"og:locale\" content=\"pt_BR\" \/>\n<meta property=\"og:type\" content=\"article\" \/>\n<meta property=\"og:title\" content=\"Deputado Soldado Adriano Jos\u00e9, recebe vereadores de Maring\u00e1 em busca de apoio para seguran\u00e7a junto \u00e0 Comiss\u00e3o de Seguran\u00e7a P\u00fablica da Assembleia. - Deputado Adriano Jos\u00e9\" \/>\n<meta property=\"og:description\" content=\"Presidente da Comiss\u00e3o de Seguran\u00e7a P\u00fablica recebeu os representantes para debater a seguran\u00e7a p\u00fablica do munic\u00edpio, especialmente nas escolas. deputado Soldado Adriano Jos\u00e9 (PP), presidente da Comiss\u00e3o de Seguran\u00e7a P\u00fablica da Assembleia Legislativa, e os deputados Delegado Jacov\u00f3s (PL) e Do Carmo (Uni\u00e3o Brasil) receberam o vereador Mario Hossokawa, presidente da C\u00e2mara Municipal de Maring\u00e1 [&hellip;]\" \/>\n<meta property=\"og:url\" content=\"https:\/\/soldadoadrianojose.com.br\/index.php\/2023\/04\/18\/deputado-soldado-adriano-jose-recebe-vereadores-de-maringa-em-busca-de-apoio-para-seguranca-junto-a-comissao-de-seguranca-publica-da-assembleia\/\" \/>\n<meta property=\"og:site_name\" content=\"Deputado Adriano Jos\u00e9\" \/>\n<meta property=\"article:published_time\" content=\"2023-04-18T16:40:15+00:00\" \/>\n<meta property=\"article:modified_time\" content=\"2023-04-18T16:40:19+00:00\" \/>\n<meta property=\"og:image\" content=\"https:\/\/soldadoadrianojose.com.br\/wp-content\/uploads\/2023\/04\/WhatsApp-Image-2023-04-18-at-11.26.47.jpeg\" \/>\n\t<meta property=\"og:image:width\" content=\"1280\" \/>\n\t<meta property=\"og:image:height\" content=\"960\" \/>\n\t<meta property=\"og:image:type\" content=\"image\/jpeg\" \/>\n<meta name=\"author\" content=\"soldadoadrianojose\" \/>\n<meta name=\"twitter:card\" content=\"summary_large_image\" \/>\n<meta name=\"twitter:label1\" content=\"Escrito por\" \/>\n\t<meta name=\"twitter:data1\" content=\"soldadoadrianojose\" \/>\n\t<meta name=\"twitter:label2\" content=\"Est. tempo de leitura\" \/>\n\t<meta name=\"twitter:data2\" content=\"2 minutos\" \/>\n<script type=\"application\/ld+json\" class=\"yoast-schema-graph\">{\"@context\":\"https:\\\/\\\/schema.org\",\"@graph\":[{\"@type\":\"Article\",\"@id\":\"https:\\\/\\\/soldadoadrianojose.com.br\\\/index.php\\\/2023\\\/04\\\/18\\\/deputado-soldado-adriano-jose-recebe-vereadores-de-maringa-em-busca-de-apoio-para-seguranca-junto-a-comissao-de-seguranca-publica-da-assembleia\\\/#article\",\"isPartOf\":{\"@id\":\"https:\\\/\\\/soldadoadrianojose.com.br\\\/index.php\\\/2023\\\/04\\\/18\\\/deputado-soldado-adriano-jose-recebe-vereadores-de-maringa-em-busca-de-apoio-para-seguranca-junto-a-comissao-de-seguranca-publica-da-assembleia\\\/\"},\"author\":{\"name\":\"soldadoadrianojose\",\"@id\":\"https:\\\/\\\/soldadoadrianojose.com.br\\\/#\\\/schema\\\/person\\\/16f8e8defb7a4bd6c6082efcd1bdb6bb\"},\"headline\":\"Deputado Soldado Adriano Jos\u00e9, recebe vereadores de Maring\u00e1 em busca de apoio para seguran\u00e7a junto \u00e0 Comiss\u00e3o de Seguran\u00e7a P\u00fablica da Assembleia.\",\"datePublished\":\"2023-04-18T16:40:15+00:00\",\"dateModified\":\"2023-04-18T16:40:19+00:00\",\"mainEntityOfPage\":{\"@id\":\"https:\\\/\\\/soldadoadrianojose.com.br\\\/index.php\\\/2023\\\/04\\\/18\\\/deputado-soldado-adriano-jose-recebe-vereadores-de-maringa-em-busca-de-apoio-para-seguranca-junto-a-comissao-de-seguranca-publica-da-assembleia\\\/\"},\"wordCount\":352,\"commentCount\":0,\"publisher\":{\"@id\":\"https:\\\/\\\/soldadoadrianojose.com.br\\\/#\\\/schema\\\/person\\\/16f8e8defb7a4bd6c6082efcd1bdb6bb\"},\"image\":{\"@id\":\"https:\\\/\\\/soldadoadrianojose.com.br\\\/index.php\\\/2023\\\/04\\\/18\\\/deputado-soldado-adriano-jose-recebe-vereadores-de-maringa-em-busca-de-apoio-para-seguranca-junto-a-comissao-de-seguranca-publica-da-assembleia\\\/#primaryimage\"},\"thumbnailUrl\":\"https:\\\/\\\/soldadoadrianojose.com.br\\\/wp-content\\\/uploads\\\/2023\\\/04\\\/WhatsApp-Image-2023-04-18-at-11.26.47.jpeg\",\"articleSection\":[\"GABINETE SD\",\"PARAN\u00c1\"],\"inLanguage\":\"pt-BR\",\"potentialAction\":[{\"@type\":\"CommentAction\",\"name\":\"Comment\",\"target\":[\"https:\\\/\\\/soldadoadrianojose.com.br\\\/index.php\\\/2023\\\/04\\\/18\\\/deputado-soldado-adriano-jose-recebe-vereadores-de-maringa-em-busca-de-apoio-para-seguranca-junto-a-comissao-de-seguranca-publica-da-assembleia\\\/#respond\"]}]},{\"@type\":\"WebPage\",\"@id\":\"https:\\\/\\\/soldadoadrianojose.com.br\\\/index.php\\\/2023\\\/04\\\/18\\\/deputado-soldado-adriano-jose-recebe-vereadores-de-maringa-em-busca-de-apoio-para-seguranca-junto-a-comissao-de-seguranca-publica-da-assembleia\\\/\",\"url\":\"https:\\\/\\\/soldadoadrianojose.com.br\\\/index.php\\\/2023\\\/04\\\/18\\\/deputado-soldado-adriano-jose-recebe-vereadores-de-maringa-em-busca-de-apoio-para-seguranca-junto-a-comissao-de-seguranca-publica-da-assembleia\\\/\",\"name\":\"Deputado Soldado Adriano Jos\u00e9, recebe vereadores de Maring\u00e1 em busca de apoio para seguran\u00e7a junto \u00e0 Comiss\u00e3o de Seguran\u00e7a P\u00fablica da Assembleia. - Deputado Adriano Jos\u00e9\",\"isPartOf\":{\"@id\":\"https:\\\/\\\/soldadoadrianojose.com.br\\\/#website\"},\"primaryImageOfPage\":{\"@id\":\"https:\\\/\\\/soldadoadrianojose.com.br\\\/index.php\\\/2023\\\/04\\\/18\\\/deputado-soldado-adriano-jose-recebe-vereadores-de-maringa-em-busca-de-apoio-para-seguranca-junto-a-comissao-de-seguranca-publica-da-assembleia\\\/#primaryimage\"},\"image\":{\"@id\":\"https:\\\/\\\/soldadoadrianojose.com.br\\\/index.php\\\/2023\\\/04\\\/18\\\/deputado-soldado-adriano-jose-recebe-vereadores-de-maringa-em-busca-de-apoio-para-seguranca-junto-a-comissao-de-seguranca-publica-da-assembleia\\\/#primaryimage\"},\"thumbnailUrl\":\"https:\\\/\\\/soldadoadrianojose.com.br\\\/wp-content\\\/uploads\\\/2023\\\/04\\\/WhatsApp-Image-2023-04-18-at-11.26.47.jpeg\",\"datePublished\":\"2023-04-18T16:40:15+00:00\",\"dateModified\":\"2023-04-18T16:40:19+00:00\",\"breadcrumb\":{\"@id\":\"https:\\\/\\\/soldadoadrianojose.com.br\\\/index.php\\\/2023\\\/04\\\/18\\\/deputado-soldado-adriano-jose-recebe-vereadores-de-maringa-em-busca-de-apoio-para-seguranca-junto-a-comissao-de-seguranca-publica-da-assembleia\\\/#breadcrumb\"},\"inLanguage\":\"pt-BR\",\"potentialAction\":[{\"@type\":\"ReadAction\",\"target\":[\"https:\\\/\\\/soldadoadrianojose.com.br\\\/index.php\\\/2023\\\/04\\\/18\\\/deputado-soldado-adriano-jose-recebe-vereadores-de-maringa-em-busca-de-apoio-para-seguranca-junto-a-comissao-de-seguranca-publica-da-assembleia\\\/\"]}]},{\"@type\":\"ImageObject\",\"inLanguage\":\"pt-BR\",\"@id\":\"https:\\\/\\\/soldadoadrianojose.com.br\\\/index.php\\\/2023\\\/04\\\/18\\\/deputado-soldado-adriano-jose-recebe-vereadores-de-maringa-em-busca-de-apoio-para-seguranca-junto-a-comissao-de-seguranca-publica-da-assembleia\\\/#primaryimage\",\"url\":\"https:\\\/\\\/soldadoadrianojose.com.br\\\/wp-content\\\/uploads\\\/2023\\\/04\\\/WhatsApp-Image-2023-04-18-at-11.26.47.jpeg\",\"contentUrl\":\"https:\\\/\\\/soldadoadrianojose.com.br\\\/wp-content\\\/uploads\\\/2023\\\/04\\\/WhatsApp-Image-2023-04-18-at-11.26.47.jpeg\",\"width\":1280,\"height\":960},{\"@type\":\"BreadcrumbList\",\"@id\":\"https:\\\/\\\/soldadoadrianojose.com.br\\\/index.php\\\/2023\\\/04\\\/18\\\/deputado-soldado-adriano-jose-recebe-vereadores-de-maringa-em-busca-de-apoio-para-seguranca-junto-a-comissao-de-seguranca-publica-da-assembleia\\\/#breadcrumb\",\"itemListElement\":[{\"@type\":\"ListItem\",\"position\":1,\"name\":\"In\u00edcio\",\"item\":\"https:\\\/\\\/soldadoadrianojose.com.br\\\/\"},{\"@type\":\"ListItem\",\"position\":2,\"name\":\"Deputado Soldado Adriano Jos\u00e9, recebe vereadores de Maring\u00e1 em busca de apoio para seguran\u00e7a junto \u00e0 Comiss\u00e3o de Seguran\u00e7a P\u00fablica da Assembleia.\"}]},{\"@type\":\"WebSite\",\"@id\":\"https:\\\/\\\/soldadoadrianojose.com.br\\\/#website\",\"url\":\"https:\\\/\\\/soldadoadrianojose.com.br\\\/\",\"name\":\"Deputado Adriano Jos\u00e9\",\"description\":\"Nosso trabalho \u00e9 pelas pessoas\",\"publisher\":{\"@id\":\"https:\\\/\\\/soldadoadrianojose.com.br\\\/#\\\/schema\\\/person\\\/16f8e8defb7a4bd6c6082efcd1bdb6bb\"},\"potentialAction\":[{\"@type\":\"SearchAction\",\"target\":{\"@type\":\"EntryPoint\",\"urlTemplate\":\"https:\\\/\\\/soldadoadrianojose.com.br\\\/?s={search_term_string}\"},\"query-input\":{\"@type\":\"PropertyValueSpecification\",\"valueRequired\":true,\"valueName\":\"search_term_string\"}}],\"inLanguage\":\"pt-BR\"},{\"@type\":[\"Person\",\"Organization\"],\"@id\":\"https:\\\/\\\/soldadoadrianojose.com.br\\\/#\\\/schema\\\/person\\\/16f8e8defb7a4bd6c6082efcd1bdb6bb\",\"name\":\"soldadoadrianojose\",\"image\":{\"@type\":\"ImageObject\",\"inLanguage\":\"pt-BR\",\"@id\":\"https:\\\/\\\/soldadoadrianojose.com.br\\\/wp-content\\\/uploads\\\/2023\\\/02\\\/LOGO_CLEAR-5.png\",\"url\":\"https:\\\/\\\/soldadoadrianojose.com.br\\\/wp-content\\\/uploads\\\/2023\\\/02\\\/LOGO_CLEAR-5.png\",\"contentUrl\":\"https:\\\/\\\/soldadoadrianojose.com.br\\\/wp-content\\\/uploads\\\/2023\\\/02\\\/LOGO_CLEAR-5.png\",\"width\":3508,\"height\":998,\"caption\":\"soldadoadrianojose\"},\"logo\":{\"@id\":\"https:\\\/\\\/soldadoadrianojose.com.br\\\/wp-content\\\/uploads\\\/2023\\\/02\\\/LOGO_CLEAR-5.png\"},\"sameAs\":[\"https:\\\/\\\/soldadoadrianojose.com.br\"],\"url\":\"https:\\\/\\\/soldadoadrianojose.com.br\\\/index.php\\\/author\\\/soldadoadrianojose\\\/\"}]}<\/script>\n<!-- \/ Yoast SEO plugin. -->","yoast_head_json":{"title":"Deputado Soldado Adriano Jos\u00e9, recebe vereadores de Maring\u00e1 em busca de apoio para seguran\u00e7a junto \u00e0 Comiss\u00e3o de Seguran\u00e7a P\u00fablica da Assembleia. - Deputado Adriano Jos\u00e9","robots":{"index":"index","follow":"follow","max-snippet":"max-snippet:-1","max-image-preview":"max-image-preview:large","max-video-preview":"max-video-preview:-1"},"canonical":"https:\/\/soldadoadrianojose.com.br\/index.php\/2023\/04\/18\/deputado-soldado-adriano-jose-recebe-vereadores-de-maringa-em-busca-de-apoio-para-seguranca-junto-a-comissao-de-seguranca-publica-da-assembleia\/","og_locale":"pt_BR","og_type":"article","og_title":"Deputado Soldado Adriano Jos\u00e9, recebe vereadores de Maring\u00e1 em busca de apoio para seguran\u00e7a junto \u00e0 Comiss\u00e3o de Seguran\u00e7a P\u00fablica da Assembleia. - Deputado Adriano Jos\u00e9","og_description":"Presidente da Comiss\u00e3o de Seguran\u00e7a P\u00fablica recebeu os representantes para debater a seguran\u00e7a p\u00fablica do munic\u00edpio, especialmente nas escolas. deputado Soldado Adriano Jos\u00e9 (PP), presidente da Comiss\u00e3o de Seguran\u00e7a P\u00fablica da Assembleia Legislativa, e os deputados Delegado Jacov\u00f3s (PL) e Do Carmo (Uni\u00e3o Brasil) receberam o vereador Mario Hossokawa, presidente da C\u00e2mara Municipal de Maring\u00e1 [&hellip;]","og_url":"https:\/\/soldadoadrianojose.com.br\/index.php\/2023\/04\/18\/deputado-soldado-adriano-jose-recebe-vereadores-de-maringa-em-busca-de-apoio-para-seguranca-junto-a-comissao-de-seguranca-publica-da-assembleia\/","og_site_name":"Deputado Adriano Jos\u00e9","article_published_time":"2023-04-18T16:40:15+00:00","article_modified_time":"2023-04-18T16:40:19+00:00","og_image":[{"width":1280,"height":960,"url":"https:\/\/soldadoadrianojose.com.br\/wp-content\/uploads\/2023\/04\/WhatsApp-Image-2023-04-18-at-11.26.47.jpeg","type":"image\/jpeg"}],"author":"soldadoadrianojose","twitter_card":"summary_large_image","twitter_misc":{"Escrito por":"soldadoadrianojose","Est. tempo de leitura":"2 minutos"},"schema":{"@context":"https:\/\/schema.org","@graph":[{"@type":"Article","@id":"https:\/\/soldadoadrianojose.com.br\/index.php\/2023\/04\/18\/deputado-soldado-adriano-jose-recebe-vereadores-de-maringa-em-busca-de-apoio-para-seguranca-junto-a-comissao-de-seguranca-publica-da-assembleia\/#article","isPartOf":{"@id":"https:\/\/soldadoadrianojose.com.br\/index.php\/2023\/04\/18\/deputado-soldado-adriano-jose-recebe-vereadores-de-maringa-em-busca-de-apoio-para-seguranca-junto-a-comissao-de-seguranca-publica-da-assembleia\/"},"author":{"name":"soldadoadrianojose","@id":"https:\/\/soldadoadrianojose.com.br\/#\/schema\/person\/16f8e8defb7a4bd6c6082efcd1bdb6bb"},"headline":"Deputado Soldado Adriano Jos\u00e9, recebe vereadores de Maring\u00e1 em busca de apoio para seguran\u00e7a junto \u00e0 Comiss\u00e3o de Seguran\u00e7a P\u00fablica da Assembleia.","datePublished":"2023-04-18T16:40:15+00:00","dateModified":"2023-04-18T16:40:19+00:00","mainEntityOfPage":{"@id":"https:\/\/soldadoadrianojose.com.br\/index.php\/2023\/04\/18\/deputado-soldado-adriano-jose-recebe-vereadores-de-maringa-em-busca-de-apoio-para-seguranca-junto-a-comissao-de-seguranca-publica-da-assembleia\/"},"wordCount":352,"commentCount":0,"publisher":{"@id":"https:\/\/soldadoadrianojose.com.br\/#\/schema\/person\/16f8e8defb7a4bd6c6082efcd1bdb6bb"},"image":{"@id":"https:\/\/soldadoadrianojose.com.br\/index.php\/2023\/04\/18\/deputado-soldado-adriano-jose-recebe-vereadores-de-maringa-em-busca-de-apoio-para-seguranca-junto-a-comissao-de-seguranca-publica-da-assembleia\/#primaryimage"},"thumbnailUrl":"https:\/\/soldadoadrianojose.com.br\/wp-content\/uploads\/2023\/04\/WhatsApp-Image-2023-04-18-at-11.26.47.jpeg","articleSection":["GABINETE SD","PARAN\u00c1"],"inLanguage":"pt-BR","potentialAction":[{"@type":"CommentAction","name":"Comment","target":["https:\/\/soldadoadrianojose.com.br\/index.php\/2023\/04\/18\/deputado-soldado-adriano-jose-recebe-vereadores-de-maringa-em-busca-de-apoio-para-seguranca-junto-a-comissao-de-seguranca-publica-da-assembleia\/#respond"]}]},{"@type":"WebPage","@id":"https:\/\/soldadoadrianojose.com.br\/index.php\/2023\/04\/18\/deputado-soldado-adriano-jose-recebe-vereadores-de-maringa-em-busca-de-apoio-para-seguranca-junto-a-comissao-de-seguranca-publica-da-assembleia\/","url":"https:\/\/soldadoadrianojose.com.br\/index.php\/2023\/04\/18\/deputado-soldado-adriano-jose-recebe-vereadores-de-maringa-em-busca-de-apoio-para-seguranca-junto-a-comissao-de-seguranca-publica-da-assembleia\/","name":"Deputado Soldado Adriano Jos\u00e9, recebe vereadores de Maring\u00e1 em busca de apoio para seguran\u00e7a junto \u00e0 Comiss\u00e3o de Seguran\u00e7a P\u00fablica da Assembleia. - Deputado Adriano Jos\u00e9","isPartOf":{"@id":"https:\/\/soldadoadrianojose.com.br\/#website"},"primaryImageOfPage":{"@id":"https:\/\/soldadoadrianojose.com.br\/index.php\/2023\/04\/18\/deputado-soldado-adriano-jose-recebe-vereadores-de-maringa-em-busca-de-apoio-para-seguranca-junto-a-comissao-de-seguranca-publica-da-assembleia\/#primaryimage"},"image":{"@id":"https:\/\/soldadoadrianojose.com.br\/index.php\/2023\/04\/18\/deputado-soldado-adriano-jose-recebe-vereadores-de-maringa-em-busca-de-apoio-para-seguranca-junto-a-comissao-de-seguranca-publica-da-assembleia\/#primaryimage"},"thumbnailUrl":"https:\/\/soldadoadrianojose.com.br\/wp-content\/uploads\/2023\/04\/WhatsApp-Image-2023-04-18-at-11.26.47.jpeg","datePublished":"2023-04-18T16:40:15+00:00","dateModified":"2023-04-18T16:40:19+00:00","breadcrumb":{"@id":"https:\/\/soldadoadrianojose.com.br\/index.php\/2023\/04\/18\/deputado-soldado-adriano-jose-recebe-vereadores-de-maringa-em-busca-de-apoio-para-seguranca-junto-a-comissao-de-seguranca-publica-da-assembleia\/#breadcrumb"},"inLanguage":"pt-BR","potentialAction":[{"@type":"ReadAction","target":["https:\/\/soldadoadrianojose.com.br\/index.php\/2023\/04\/18\/deputado-soldado-adriano-jose-recebe-vereadores-de-maringa-em-busca-de-apoio-para-seguranca-junto-a-comissao-de-seguranca-publica-da-assembleia\/"]}]},{"@type":"ImageObject","inLanguage":"pt-BR","@id":"https:\/\/soldadoadrianojose.com.br\/index.php\/2023\/04\/18\/deputado-soldado-adriano-jose-recebe-vereadores-de-maringa-em-busca-de-apoio-para-seguranca-junto-a-comissao-de-seguranca-publica-da-assembleia\/#primaryimage","url":"https:\/\/soldadoadrianojose.com.br\/wp-content\/uploads\/2023\/04\/WhatsApp-Image-2023-04-18-at-11.26.47.jpeg","contentUrl":"https:\/\/soldadoadrianojose.com.br\/wp-content\/uploads\/2023\/04\/WhatsApp-Image-2023-04-18-at-11.26.47.jpeg","width":1280,"height":960},{"@type":"BreadcrumbList","@id":"https:\/\/soldadoadrianojose.com.br\/index.php\/2023\/04\/18\/deputado-soldado-adriano-jose-recebe-vereadores-de-maringa-em-busca-de-apoio-para-seguranca-junto-a-comissao-de-seguranca-publica-da-assembleia\/#breadcrumb","itemListElement":[{"@type":"ListItem","position":1,"name":"In\u00edcio","item":"https:\/\/soldadoadrianojose.com.br\/"},{"@type":"ListItem","position":2,"name":"Deputado Soldado Adriano Jos\u00e9, recebe vereadores de Maring\u00e1 em busca de apoio para seguran\u00e7a junto \u00e0 Comiss\u00e3o de Seguran\u00e7a P\u00fablica da Assembleia."}]},{"@type":"WebSite","@id":"https:\/\/soldadoadrianojose.com.br\/#website","url":"https:\/\/soldadoadrianojose.com.br\/","name":"Deputado Adriano Jos\u00e9","description":"Nosso trabalho \u00e9 pelas pessoas","publisher":{"@id":"https:\/\/soldadoadrianojose.com.br\/#\/schema\/person\/16f8e8defb7a4bd6c6082efcd1bdb6bb"},"potentialAction":[{"@type":"SearchAction","target":{"@type":"EntryPoint","urlTemplate":"https:\/\/soldadoadrianojose.com.br\/?s={search_term_string}"},"query-input":{"@type":"PropertyValueSpecification","valueRequired":true,"valueName":"search_term_string"}}],"inLanguage":"pt-BR"},{"@type":["Person","Organization"],"@id":"https:\/\/soldadoadrianojose.com.br\/#\/schema\/person\/16f8e8defb7a4bd6c6082efcd1bdb6bb","name":"soldadoadrianojose","image":{"@type":"ImageObject","inLanguage":"pt-BR","@id":"https:\/\/soldadoadrianojose.com.br\/wp-content\/uploads\/2023\/02\/LOGO_CLEAR-5.png","url":"https:\/\/soldadoadrianojose.com.br\/wp-content\/uploads\/2023\/02\/LOGO_CLEAR-5.png","contentUrl":"https:\/\/soldadoadrianojose.com.br\/wp-content\/uploads\/2023\/02\/LOGO_CLEAR-5.png","width":3508,"height":998,"caption":"soldadoadrianojose"},"logo":{"@id":"https:\/\/soldadoadrianojose.com.br\/wp-content\/uploads\/2023\/02\/LOGO_CLEAR-5.png"},"sameAs":["https:\/\/soldadoadrianojose.com.br"],"url":"https:\/\/soldadoadrianojose.com.br\/index.php\/author\/soldadoadrianojose\/"}]}},"jetpack_featured_media_url":"https:\/\/soldadoadrianojose.com.br\/wp-content\/uploads\/2023\/04\/WhatsApp-Image-2023-04-18-at-11.26.47.jpeg","_links":{"self":[{"href":"https:\/\/soldadoadrianojose.com.br\/index.php\/wp-json\/wp\/v2\/posts\/819","targetHints":{"allow":["GET"]}}],"collection":[{"href":"https:\/\/soldadoadrianojose.com.br\/index.php\/wp-json\/wp\/v2\/posts"}],"about":[{"href":"https:\/\/soldadoadrianojose.com.br\/index.php\/wp-json\/wp\/v2\/types\/post"}],"author":[{"embeddable":true,"href":"https:\/\/soldadoadrianojose.com.br\/index.php\/wp-json\/wp\/v2\/users\/1"}],"replies":[{"embeddable":true,"href":"https:\/\/soldadoadrianojose.com.br\/index.php\/wp-json\/wp\/v2\/comments?post=819"}],"version-history":[{"count":1,"href":"https:\/\/soldadoadrianojose.com.br\/index.php\/wp-json\/wp\/v2\/posts\/819\/revisions"}],"predecessor-version":[{"id":821,"href":"https:\/\/soldadoadrianojose.com.br\/index.php\/wp-json\/wp\/v2\/posts\/819\/revisions\/821"}],"wp:featuredmedia":[{"embeddable":true,"href":"https:\/\/soldadoadrianojose.com.br\/index.php\/wp-json\/wp\/v2\/media\/820"}],"wp:attachment":[{"href":"https:\/\/soldadoadrianojose.com.br\/index.php\/wp-json\/wp\/v2\/media?parent=819"}],"wp:term":[{"taxonomy":"category","embeddable":true,"href":"https:\/\/soldadoadrianojose.com.br\/index.php\/wp-json\/wp\/v2\/categories?post=819"},{"taxonomy":"post_tag","embeddable":true,"href":"https:\/\/soldadoadrianojose.com.br\/index.php\/wp-json\/wp\/v2\/tags?post=819"}],"curies":[{"name":"wp","href":"https:\/\/api.w.org\/{rel}","templated":true}]}}