{"id":855,"date":"2023-05-16T10:28:57","date_gmt":"2023-05-16T13:28:57","guid":{"rendered":"https:\/\/soldadoadrianojose.com.br\/?p=855"},"modified":"2023-05-16T10:30:52","modified_gmt":"2023-05-16T13:30:52","slug":"para-deputados-documentos-reunindo-demandas-e-sugestoes-reforcam-o-sucesso-da-assembleia-itinerante","status":"publish","type":"post","link":"https:\/\/soldadoadrianojose.com.br\/index.php\/2023\/05\/16\/para-deputados-documentos-reunindo-demandas-e-sugestoes-reforcam-o-sucesso-da-assembleia-itinerante\/","title":{"rendered":"Documentos reunindo demandas e sugest\u00f5es refor\u00e7am o sucesso da Assembleia Itinerante"},"content":{"rendered":"\n<figure class=\"wp-block-image size-full\"><img fetchpriority=\"high\" decoding=\"async\" width=\"863\" height=\"576\" src=\"https:\/\/soldadoadrianojose.com.br\/wp-content\/uploads\/2023\/05\/aX5NeEG7hrWu7ubVdOymi2Qps5DIWq6MQaAJORa7.jpeg\" alt=\"\" class=\"wp-image-856\" srcset=\"https:\/\/soldadoadrianojose.com.br\/wp-content\/uploads\/2023\/05\/aX5NeEG7hrWu7ubVdOymi2Qps5DIWq6MQaAJORa7.jpeg 863w, https:\/\/soldadoadrianojose.com.br\/wp-content\/uploads\/2023\/05\/aX5NeEG7hrWu7ubVdOymi2Qps5DIWq6MQaAJORa7-300x200.jpeg 300w, https:\/\/soldadoadrianojose.com.br\/wp-content\/uploads\/2023\/05\/aX5NeEG7hrWu7ubVdOymi2Qps5DIWq6MQaAJORa7-768x513.jpeg 768w\" sizes=\"(max-width: 863px) 100vw, 863px\" \/><\/figure>\n\n\n\n<p>Em Maring\u00e1, parlamentares receberam os pleitos da regi\u00e3o durante audi\u00eancias e sess\u00f5es especiais<\/p>\n\n\n\n<p>Ap\u00f3s reunir uma s\u00e9rie de documentos com demandas e sugest\u00f5es dos munic\u00edpios da regi\u00e3o Noroeste, as a\u00e7\u00f5es da Assembleia Itinerante na Exposi\u00e7\u00e3o Feira Agropecu\u00e1ria, Industrial e Comercial de Maring\u00e1 (Expoing\u00e1) foram consideradas um sucesso. A avalia\u00e7\u00e3o \u00e9 da Mesa Executiva da Assembleia Legislativa do Paran\u00e1 e de parlamentares que representam a regi\u00e3o. Durante o per\u00edodo, os deputados estaduais paranaenses ouviram os anseios e reivindica\u00e7\u00f5es da popula\u00e7\u00e3o atrav\u00e9s de entidades de classe e membros da sociedade civil organizada. A iniciativa foi criada para rodar os principais munic\u00edpios do interior do Estado levando o trabalho do Legislativo aos grandes eventos populares do Paran\u00e1.<\/p>\n\n\n\n<p>De acordo com o presidente da Assembleia Legislativa, deputado Ademar Traiano (PSD), a pr\u00f3xima parada da Assembleia Itinerante deve ocorrer antes do recesso legislativo em julho. O destino mais prov\u00e1vel \u00e9 a regi\u00e3o Oeste do Estado. Traiano lembrou que a presen\u00e7a do Poder Legislativo em Maring\u00e1 mostrou mais uma vez a import\u00e2ncia da intera\u00e7\u00e3o com a sociedade civil organizada. \u201cOs resultados realmente s\u00e3o satisfat\u00f3rios. N\u00f3s promovemos a Assembleia mais uma vez de uma forma democr\u00e1tica, com abertura total, participa\u00e7\u00e3o das lideran\u00e7as, das entidades, da sociedade organizada. Tamb\u00e9m fizemos entrega de Men\u00e7\u00f5es Honrosas a figuras ilustres de Maring\u00e1. O que a gente sente na verdade \u00e9 o calor humano da popula\u00e7\u00e3o, que fica imensamente feliz pela Assembleia estar na cidade. \u00c9 algo que realmente mexe com as estruturas do munic\u00edpio e da regi\u00e3o\u201d, afirmou.<\/p>\n\n\n\n<p>Na opini\u00e3o do primeiro-secret\u00e1rio da Assembleia, deputado Alexandre Curi (PSD), a ideia da Assembleia Itinerante \u00e9 reunir o m\u00e1ximo de informa\u00e7\u00f5es para discutir as regi\u00f5es do Paran\u00e1. \u201cMais uma vez, o objetivo da Assembleia Itinerante foi alcan\u00e7ado. Nosso estande esteve lotado durante todos os dias em que os deputados estiveram na Expoing\u00e1. Dezenas de reivindica\u00e7\u00f5es foram encaminhadas, tanto por parte das entidades, quanto por prefeitos e cidad\u00e3os. Estamos no segundo evento, aprimorando a programa\u00e7\u00e3o para tornar nossa passagem pelo interior cada vez mais produtiva e com mais participa\u00e7\u00e3o da comunidade local. A reuni\u00e3o com os prefeitos da AMUSEP foi um exemplo disso. Abrimos a palavra para todos e recebemos uma s\u00e9rie de reivindica\u00e7\u00f5es muito bem embasadas. Agora, elas ser\u00e3o analisadas dentro dos tr\u00e2mites do Legislativo e poder\u00e3o ser transformadas em projetos de lei ou encaminhadas para o governador Ratinho Junior.\u201d, destacou.<\/p>\n\n\n\n<p>A segunda-secret\u00e1ria da Assembleia, deputada Maria Victoria (PP), classificou como sucesso a edi\u00e7\u00e3o da Assembleia Itinerante na Expoing\u00e1. A parlamentar participou da abertura e dos onze dias da Feira, que movimentou mais de 500 mil pessoas Parque de Exposi\u00e7\u00f5es de Maring\u00e1. \u201cFoi um sucesso absoluto. Atendemos a popula\u00e7\u00e3o, realizamos reuni\u00f5es com prefeitos, vice-prefeitos, vereadores, representantes da sociedade civil e lideran\u00e7as de Maring\u00e1 e da regi\u00e3o. Quero agradecer o apoio da diretoria da Sociedade Rural de Maring\u00e1 pela parceria e apoio ao estande da Assembleia Legislativa\u201d, disse.<\/p>\n\n\n\n<p><strong>Representantes<\/strong><\/p>\n\n\n\n<p>Os parlamentares que representam Maring\u00e1 e regi\u00e3o na Assembleia Legislativa tamb\u00e9m destacaram o sucesso das a\u00e7\u00f5es na cidade. Para o deputado Soldado Adriano Jos\u00e9 (PP), levar o trabalho da Assembleia para cidades do interior do Estado servem para democratizar o Poder Legislativo. \u201cPudemos ouvir e conversar com a popula\u00e7\u00e3o, receber as reivindica\u00e7\u00f5es, sugest\u00f5es e propostas que visam melhorar a vida das pessoas nas cidades. Tamb\u00e9m atendemos associa\u00e7\u00f5es comerciais, prefeituras, entidades rurais, de classe e membros da sociedade civil organizada, dando acesso aos munic\u00edpios pequenos dentro da Assembleia. Nosso papel, como parlamentares, \u00e9 valorizar a atua\u00e7\u00e3o daqueles que trabalham em prol da comunidade e traz\u00ea-los para perto da Assembleia, para ajudar na constru\u00e7\u00e3o de solu\u00e7\u00f5es para o nosso Estado\u201d, ponderou.<\/p>\n\n\n\n<p>O deputado Evandro Ara\u00fajo (PSD) lembrou que a Assembleia Itinerante abre espa\u00e7o para uma s\u00e9rie de discuss\u00f5es plurais. \u201cAcredito que a interioriza\u00e7\u00e3o, na regi\u00e3o de Maring\u00e1, foi fundamental para aproximar o Legislativo das pessoas. Percebi muita conex\u00e3o, sobretudo por estar no contexto de uma dos eventos mais prestigiados do Estado. Particularmente, foi muito boa a realiza\u00e7\u00e3o da nossa audi\u00eancia p\u00fablica sobre a reciclagem, com bastante ades\u00e3o, que certamente repercutir\u00e1 em todo o Paran\u00e1&#8221;, destacou.<\/p>\n\n\n\n<p>J\u00e1 o deputado Arilson Chiorato (PT) definiu a experi\u00eancia como \u201cexitosa e produtiva\u201d. \u201c\u00c9 a Assembleia se aproximando das cidades, dos l\u00edderes pol\u00edticos e sociais e das lideran\u00e7as que temos na regi\u00e3o. Com este processo de interioriza\u00e7\u00e3o, os deputados conseguem conhecer uma realidade do Estado e ver literalmente onde est\u00e1 o problema. Ent\u00e3o \u00e9 uma proposta v\u00e1lida. Espero que continue e que se espalhe e fa\u00e7a o m\u00e1ximo de munic\u00edpios. Acho que valeu a pena, vale a pena e estaremos sempre presente\u201d, disse.<\/p>\n\n\n\n<p><strong>Pleitos<\/strong><\/p>\n\n\n\n<p>Os deputados deixaram Maring\u00e1 com uma s\u00e9rie de pleitos elaborados por representantes de associa\u00e7\u00f5es comerciais, prefeituras, entidades rurais e de classe e membros da sociedade civil organizada da cidade. Durante uma sess\u00e3o especial realizada pela Assembleia na quinta-feira (11), os parlamentares reuniram sugest\u00f5es e propostas da regi\u00e3o.<\/p>\n\n\n\n<p>Entre as reivindica\u00e7\u00f5es recebidas pelo Legislativo est\u00e3o a destina\u00e7\u00e3o de recursos para o custeio de R$ 1,5 milh\u00e3o por m\u00eas para o Hospital da Crian\u00e7a de Maring\u00e1; a efetiva\u00e7\u00e3o do Parque Tecnol\u00f3gico de Maring\u00e1; a implanta\u00e7\u00e3o de um campus da UTFPR na cidade; a execu\u00e7\u00e3o do viaduto de Iguatemi; a constru\u00e7\u00e3o de uma ponte de liga\u00e7\u00e3o entre o Paran\u00e1 e o Mato Grosso do Sul e a consolida\u00e7\u00e3o da Regi\u00e3o Metropolitana de Maring\u00e1.<\/p>\n\n\n\n<p>As entidades tamb\u00e9m pedem apoio para consolida\u00e7\u00e3o de uma avenida estruturante de via de interliga\u00e7\u00e3o de Maring\u00e1 no sentido leste-oeste, partindo do Contorno Sul at\u00e9 o aeroporto; a efetiva\u00e7\u00e3o do projeto da conex\u00e3o sul da FerroNorteSul; a implanta\u00e7\u00e3o de um programa permanente de reposi\u00e7\u00e3o da frota de ambul\u00e2ncias do munic\u00edpio, al\u00e9m do aumento do efetivo dos policiais militares, com a incorpora\u00e7\u00e3o de 160 soldados que est\u00e3o em forma\u00e7\u00e3o na cidade.<\/p>\n\n\n\n<p>Na sexta-feira (12), os deputados estaduais paranaenses receberam, ao lado do governador em exerc\u00edcio do Estado do Paran\u00e1, Darci Piana, um documento com as demandas dos 30 munic\u00edpios que fazem parte da Associa\u00e7\u00e3o dos Munic\u00edpios do Setentri\u00e3o Paranaense (AMUSEP). Os prefeitos da Associa\u00e7\u00e3o elencaram uma s\u00e9rie de reivindica\u00e7\u00f5es, como a destina\u00e7\u00e3o de novos policiais para os munic\u00edpios, melhoria da seguran\u00e7a nas escolas e a volta dos escrit\u00f3rios regionais do ParanaCidade.<\/p>\n\n\n\n<p>Os gestores municipais tamb\u00e9m solicitaram a amplia\u00e7\u00e3o de leitos nos hospitais, viabiliza\u00e7\u00e3o e flexibiliza\u00e7\u00e3o das cirurgias eletivas, viabilidade de voos noturnos do helic\u00f3ptero do Samu, al\u00e9m da possibilidade de os cons\u00f3rcios p\u00fablicos receberem recursos diretos. Eles refor\u00e7aram ainda a import\u00e2ncia da viabiliza\u00e7\u00e3o de projetos de pontes municipais e da pavimenta\u00e7\u00e3o da PR-547.&nbsp;<\/p>\n","protected":false},"excerpt":{"rendered":"<p>Em Maring\u00e1, parlamentares receberam os pleitos da regi\u00e3o durante audi\u00eancias e sess\u00f5es especiais Ap\u00f3s reunir uma s\u00e9rie de documentos com demandas e sugest\u00f5es dos munic\u00edpios da regi\u00e3o Noroeste, as a\u00e7\u00f5es da Assembleia Itinerante na Exposi\u00e7\u00e3o Feira Agropecu\u00e1ria, Industrial e Comercial de Maring\u00e1 (Expoing\u00e1) foram consideradas um sucesso. A avalia\u00e7\u00e3o \u00e9 da Mesa Executiva da Assembleia [&hellip;]<\/p>\n","protected":false},"author":1,"featured_media":856,"comment_status":"open","ping_status":"open","sticky":false,"template":"","format":"standard","meta":{"footnotes":""},"categories":[1,5],"tags":[],"class_list":["post-855","post","type-post","status-publish","format-standard","has-post-thumbnail","hentry","category-gabinete-sd","category-parana"],"yoast_head":"<!-- This site is optimized with the Yoast SEO plugin v27.4 - https:\/\/yoast.com\/product\/yoast-seo-wordpress\/ -->\n<title>Documentos reunindo demandas e sugest\u00f5es refor\u00e7am o sucesso da Assembleia Itinerante - Deputado Adriano Jos\u00e9<\/title>\n<meta name=\"robots\" content=\"index, follow, max-snippet:-1, max-image-preview:large, max-video-preview:-1\" \/>\n<link rel=\"canonical\" href=\"https:\/\/soldadoadrianojose.com.br\/index.php\/2023\/05\/16\/para-deputados-documentos-reunindo-demandas-e-sugestoes-reforcam-o-sucesso-da-assembleia-itinerante\/\" \/>\n<meta property=\"og:locale\" content=\"pt_BR\" \/>\n<meta property=\"og:type\" content=\"article\" \/>\n<meta property=\"og:title\" content=\"Documentos reunindo demandas e sugest\u00f5es refor\u00e7am o sucesso da Assembleia Itinerante - Deputado Adriano Jos\u00e9\" \/>\n<meta property=\"og:description\" content=\"Em Maring\u00e1, parlamentares receberam os pleitos da regi\u00e3o durante audi\u00eancias e sess\u00f5es especiais Ap\u00f3s reunir uma s\u00e9rie de documentos com demandas e sugest\u00f5es dos munic\u00edpios da regi\u00e3o Noroeste, as a\u00e7\u00f5es da Assembleia Itinerante na Exposi\u00e7\u00e3o Feira Agropecu\u00e1ria, Industrial e Comercial de Maring\u00e1 (Expoing\u00e1) foram consideradas um sucesso. A avalia\u00e7\u00e3o \u00e9 da Mesa Executiva da Assembleia [&hellip;]\" \/>\n<meta property=\"og:url\" content=\"https:\/\/soldadoadrianojose.com.br\/index.php\/2023\/05\/16\/para-deputados-documentos-reunindo-demandas-e-sugestoes-reforcam-o-sucesso-da-assembleia-itinerante\/\" \/>\n<meta property=\"og:site_name\" content=\"Deputado Adriano Jos\u00e9\" \/>\n<meta property=\"article:published_time\" content=\"2023-05-16T13:28:57+00:00\" \/>\n<meta property=\"article:modified_time\" content=\"2023-05-16T13:30:52+00:00\" \/>\n<meta property=\"og:image\" content=\"https:\/\/soldadoadrianojose.com.br\/wp-content\/uploads\/2023\/05\/aX5NeEG7hrWu7ubVdOymi2Qps5DIWq6MQaAJORa7.jpeg\" \/>\n\t<meta property=\"og:image:width\" content=\"863\" \/>\n\t<meta property=\"og:image:height\" content=\"576\" \/>\n\t<meta property=\"og:image:type\" content=\"image\/jpeg\" \/>\n<meta name=\"author\" content=\"soldadoadrianojose\" \/>\n<meta name=\"twitter:card\" content=\"summary_large_image\" \/>\n<meta name=\"twitter:label1\" content=\"Escrito por\" \/>\n\t<meta name=\"twitter:data1\" content=\"soldadoadrianojose\" \/>\n\t<meta name=\"twitter:label2\" content=\"Est. tempo de leitura\" \/>\n\t<meta name=\"twitter:data2\" content=\"7 minutos\" \/>\n<script type=\"application\/ld+json\" class=\"yoast-schema-graph\">{\"@context\":\"https:\\\/\\\/schema.org\",\"@graph\":[{\"@type\":\"Article\",\"@id\":\"https:\\\/\\\/soldadoadrianojose.com.br\\\/index.php\\\/2023\\\/05\\\/16\\\/para-deputados-documentos-reunindo-demandas-e-sugestoes-reforcam-o-sucesso-da-assembleia-itinerante\\\/#article\",\"isPartOf\":{\"@id\":\"https:\\\/\\\/soldadoadrianojose.com.br\\\/index.php\\\/2023\\\/05\\\/16\\\/para-deputados-documentos-reunindo-demandas-e-sugestoes-reforcam-o-sucesso-da-assembleia-itinerante\\\/\"},\"author\":{\"name\":\"soldadoadrianojose\",\"@id\":\"https:\\\/\\\/soldadoadrianojose.com.br\\\/#\\\/schema\\\/person\\\/16f8e8defb7a4bd6c6082efcd1bdb6bb\"},\"headline\":\"Documentos reunindo demandas e sugest\u00f5es refor\u00e7am o sucesso da Assembleia Itinerante\",\"datePublished\":\"2023-05-16T13:28:57+00:00\",\"dateModified\":\"2023-05-16T13:30:52+00:00\",\"mainEntityOfPage\":{\"@id\":\"https:\\\/\\\/soldadoadrianojose.com.br\\\/index.php\\\/2023\\\/05\\\/16\\\/para-deputados-documentos-reunindo-demandas-e-sugestoes-reforcam-o-sucesso-da-assembleia-itinerante\\\/\"},\"wordCount\":1213,\"commentCount\":0,\"publisher\":{\"@id\":\"https:\\\/\\\/soldadoadrianojose.com.br\\\/#\\\/schema\\\/person\\\/16f8e8defb7a4bd6c6082efcd1bdb6bb\"},\"image\":{\"@id\":\"https:\\\/\\\/soldadoadrianojose.com.br\\\/index.php\\\/2023\\\/05\\\/16\\\/para-deputados-documentos-reunindo-demandas-e-sugestoes-reforcam-o-sucesso-da-assembleia-itinerante\\\/#primaryimage\"},\"thumbnailUrl\":\"https:\\\/\\\/soldadoadrianojose.com.br\\\/wp-content\\\/uploads\\\/2023\\\/05\\\/aX5NeEG7hrWu7ubVdOymi2Qps5DIWq6MQaAJORa7.jpeg\",\"articleSection\":[\"GABINETE SD\",\"PARAN\u00c1\"],\"inLanguage\":\"pt-BR\",\"potentialAction\":[{\"@type\":\"CommentAction\",\"name\":\"Comment\",\"target\":[\"https:\\\/\\\/soldadoadrianojose.com.br\\\/index.php\\\/2023\\\/05\\\/16\\\/para-deputados-documentos-reunindo-demandas-e-sugestoes-reforcam-o-sucesso-da-assembleia-itinerante\\\/#respond\"]}]},{\"@type\":\"WebPage\",\"@id\":\"https:\\\/\\\/soldadoadrianojose.com.br\\\/index.php\\\/2023\\\/05\\\/16\\\/para-deputados-documentos-reunindo-demandas-e-sugestoes-reforcam-o-sucesso-da-assembleia-itinerante\\\/\",\"url\":\"https:\\\/\\\/soldadoadrianojose.com.br\\\/index.php\\\/2023\\\/05\\\/16\\\/para-deputados-documentos-reunindo-demandas-e-sugestoes-reforcam-o-sucesso-da-assembleia-itinerante\\\/\",\"name\":\"Documentos reunindo demandas e sugest\u00f5es refor\u00e7am o sucesso da Assembleia Itinerante - Deputado Adriano Jos\u00e9\",\"isPartOf\":{\"@id\":\"https:\\\/\\\/soldadoadrianojose.com.br\\\/#website\"},\"primaryImageOfPage\":{\"@id\":\"https:\\\/\\\/soldadoadrianojose.com.br\\\/index.php\\\/2023\\\/05\\\/16\\\/para-deputados-documentos-reunindo-demandas-e-sugestoes-reforcam-o-sucesso-da-assembleia-itinerante\\\/#primaryimage\"},\"image\":{\"@id\":\"https:\\\/\\\/soldadoadrianojose.com.br\\\/index.php\\\/2023\\\/05\\\/16\\\/para-deputados-documentos-reunindo-demandas-e-sugestoes-reforcam-o-sucesso-da-assembleia-itinerante\\\/#primaryimage\"},\"thumbnailUrl\":\"https:\\\/\\\/soldadoadrianojose.com.br\\\/wp-content\\\/uploads\\\/2023\\\/05\\\/aX5NeEG7hrWu7ubVdOymi2Qps5DIWq6MQaAJORa7.jpeg\",\"datePublished\":\"2023-05-16T13:28:57+00:00\",\"dateModified\":\"2023-05-16T13:30:52+00:00\",\"breadcrumb\":{\"@id\":\"https:\\\/\\\/soldadoadrianojose.com.br\\\/index.php\\\/2023\\\/05\\\/16\\\/para-deputados-documentos-reunindo-demandas-e-sugestoes-reforcam-o-sucesso-da-assembleia-itinerante\\\/#breadcrumb\"},\"inLanguage\":\"pt-BR\",\"potentialAction\":[{\"@type\":\"ReadAction\",\"target\":[\"https:\\\/\\\/soldadoadrianojose.com.br\\\/index.php\\\/2023\\\/05\\\/16\\\/para-deputados-documentos-reunindo-demandas-e-sugestoes-reforcam-o-sucesso-da-assembleia-itinerante\\\/\"]}]},{\"@type\":\"ImageObject\",\"inLanguage\":\"pt-BR\",\"@id\":\"https:\\\/\\\/soldadoadrianojose.com.br\\\/index.php\\\/2023\\\/05\\\/16\\\/para-deputados-documentos-reunindo-demandas-e-sugestoes-reforcam-o-sucesso-da-assembleia-itinerante\\\/#primaryimage\",\"url\":\"https:\\\/\\\/soldadoadrianojose.com.br\\\/wp-content\\\/uploads\\\/2023\\\/05\\\/aX5NeEG7hrWu7ubVdOymi2Qps5DIWq6MQaAJORa7.jpeg\",\"contentUrl\":\"https:\\\/\\\/soldadoadrianojose.com.br\\\/wp-content\\\/uploads\\\/2023\\\/05\\\/aX5NeEG7hrWu7ubVdOymi2Qps5DIWq6MQaAJORa7.jpeg\",\"width\":863,\"height\":576},{\"@type\":\"BreadcrumbList\",\"@id\":\"https:\\\/\\\/soldadoadrianojose.com.br\\\/index.php\\\/2023\\\/05\\\/16\\\/para-deputados-documentos-reunindo-demandas-e-sugestoes-reforcam-o-sucesso-da-assembleia-itinerante\\\/#breadcrumb\",\"itemListElement\":[{\"@type\":\"ListItem\",\"position\":1,\"name\":\"In\u00edcio\",\"item\":\"https:\\\/\\\/soldadoadrianojose.com.br\\\/\"},{\"@type\":\"ListItem\",\"position\":2,\"name\":\"Documentos reunindo demandas e sugest\u00f5es refor\u00e7am o sucesso da Assembleia Itinerante\"}]},{\"@type\":\"WebSite\",\"@id\":\"https:\\\/\\\/soldadoadrianojose.com.br\\\/#website\",\"url\":\"https:\\\/\\\/soldadoadrianojose.com.br\\\/\",\"name\":\"Deputado Adriano Jos\u00e9\",\"description\":\"Nosso trabalho \u00e9 pelas pessoas\",\"publisher\":{\"@id\":\"https:\\\/\\\/soldadoadrianojose.com.br\\\/#\\\/schema\\\/person\\\/16f8e8defb7a4bd6c6082efcd1bdb6bb\"},\"potentialAction\":[{\"@type\":\"SearchAction\",\"target\":{\"@type\":\"EntryPoint\",\"urlTemplate\":\"https:\\\/\\\/soldadoadrianojose.com.br\\\/?s={search_term_string}\"},\"query-input\":{\"@type\":\"PropertyValueSpecification\",\"valueRequired\":true,\"valueName\":\"search_term_string\"}}],\"inLanguage\":\"pt-BR\"},{\"@type\":[\"Person\",\"Organization\"],\"@id\":\"https:\\\/\\\/soldadoadrianojose.com.br\\\/#\\\/schema\\\/person\\\/16f8e8defb7a4bd6c6082efcd1bdb6bb\",\"name\":\"soldadoadrianojose\",\"image\":{\"@type\":\"ImageObject\",\"inLanguage\":\"pt-BR\",\"@id\":\"https:\\\/\\\/soldadoadrianojose.com.br\\\/wp-content\\\/uploads\\\/2023\\\/02\\\/LOGO_CLEAR-5.png\",\"url\":\"https:\\\/\\\/soldadoadrianojose.com.br\\\/wp-content\\\/uploads\\\/2023\\\/02\\\/LOGO_CLEAR-5.png\",\"contentUrl\":\"https:\\\/\\\/soldadoadrianojose.com.br\\\/wp-content\\\/uploads\\\/2023\\\/02\\\/LOGO_CLEAR-5.png\",\"width\":3508,\"height\":998,\"caption\":\"soldadoadrianojose\"},\"logo\":{\"@id\":\"https:\\\/\\\/soldadoadrianojose.com.br\\\/wp-content\\\/uploads\\\/2023\\\/02\\\/LOGO_CLEAR-5.png\"},\"sameAs\":[\"https:\\\/\\\/soldadoadrianojose.com.br\"],\"url\":\"https:\\\/\\\/soldadoadrianojose.com.br\\\/index.php\\\/author\\\/soldadoadrianojose\\\/\"}]}<\/script>\n<!-- \/ Yoast SEO plugin. -->","yoast_head_json":{"title":"Documentos reunindo demandas e sugest\u00f5es refor\u00e7am o sucesso da Assembleia Itinerante - Deputado Adriano Jos\u00e9","robots":{"index":"index","follow":"follow","max-snippet":"max-snippet:-1","max-image-preview":"max-image-preview:large","max-video-preview":"max-video-preview:-1"},"canonical":"https:\/\/soldadoadrianojose.com.br\/index.php\/2023\/05\/16\/para-deputados-documentos-reunindo-demandas-e-sugestoes-reforcam-o-sucesso-da-assembleia-itinerante\/","og_locale":"pt_BR","og_type":"article","og_title":"Documentos reunindo demandas e sugest\u00f5es refor\u00e7am o sucesso da Assembleia Itinerante - Deputado Adriano Jos\u00e9","og_description":"Em Maring\u00e1, parlamentares receberam os pleitos da regi\u00e3o durante audi\u00eancias e sess\u00f5es especiais Ap\u00f3s reunir uma s\u00e9rie de documentos com demandas e sugest\u00f5es dos munic\u00edpios da regi\u00e3o Noroeste, as a\u00e7\u00f5es da Assembleia Itinerante na Exposi\u00e7\u00e3o Feira Agropecu\u00e1ria, Industrial e Comercial de Maring\u00e1 (Expoing\u00e1) foram consideradas um sucesso. A avalia\u00e7\u00e3o \u00e9 da Mesa Executiva da Assembleia [&hellip;]","og_url":"https:\/\/soldadoadrianojose.com.br\/index.php\/2023\/05\/16\/para-deputados-documentos-reunindo-demandas-e-sugestoes-reforcam-o-sucesso-da-assembleia-itinerante\/","og_site_name":"Deputado Adriano Jos\u00e9","article_published_time":"2023-05-16T13:28:57+00:00","article_modified_time":"2023-05-16T13:30:52+00:00","og_image":[{"width":863,"height":576,"url":"https:\/\/soldadoadrianojose.com.br\/wp-content\/uploads\/2023\/05\/aX5NeEG7hrWu7ubVdOymi2Qps5DIWq6MQaAJORa7.jpeg","type":"image\/jpeg"}],"author":"soldadoadrianojose","twitter_card":"summary_large_image","twitter_misc":{"Escrito por":"soldadoadrianojose","Est. tempo de leitura":"7 minutos"},"schema":{"@context":"https:\/\/schema.org","@graph":[{"@type":"Article","@id":"https:\/\/soldadoadrianojose.com.br\/index.php\/2023\/05\/16\/para-deputados-documentos-reunindo-demandas-e-sugestoes-reforcam-o-sucesso-da-assembleia-itinerante\/#article","isPartOf":{"@id":"https:\/\/soldadoadrianojose.com.br\/index.php\/2023\/05\/16\/para-deputados-documentos-reunindo-demandas-e-sugestoes-reforcam-o-sucesso-da-assembleia-itinerante\/"},"author":{"name":"soldadoadrianojose","@id":"https:\/\/soldadoadrianojose.com.br\/#\/schema\/person\/16f8e8defb7a4bd6c6082efcd1bdb6bb"},"headline":"Documentos reunindo demandas e sugest\u00f5es refor\u00e7am o sucesso da Assembleia Itinerante","datePublished":"2023-05-16T13:28:57+00:00","dateModified":"2023-05-16T13:30:52+00:00","mainEntityOfPage":{"@id":"https:\/\/soldadoadrianojose.com.br\/index.php\/2023\/05\/16\/para-deputados-documentos-reunindo-demandas-e-sugestoes-reforcam-o-sucesso-da-assembleia-itinerante\/"},"wordCount":1213,"commentCount":0,"publisher":{"@id":"https:\/\/soldadoadrianojose.com.br\/#\/schema\/person\/16f8e8defb7a4bd6c6082efcd1bdb6bb"},"image":{"@id":"https:\/\/soldadoadrianojose.com.br\/index.php\/2023\/05\/16\/para-deputados-documentos-reunindo-demandas-e-sugestoes-reforcam-o-sucesso-da-assembleia-itinerante\/#primaryimage"},"thumbnailUrl":"https:\/\/soldadoadrianojose.com.br\/wp-content\/uploads\/2023\/05\/aX5NeEG7hrWu7ubVdOymi2Qps5DIWq6MQaAJORa7.jpeg","articleSection":["GABINETE SD","PARAN\u00c1"],"inLanguage":"pt-BR","potentialAction":[{"@type":"CommentAction","name":"Comment","target":["https:\/\/soldadoadrianojose.com.br\/index.php\/2023\/05\/16\/para-deputados-documentos-reunindo-demandas-e-sugestoes-reforcam-o-sucesso-da-assembleia-itinerante\/#respond"]}]},{"@type":"WebPage","@id":"https:\/\/soldadoadrianojose.com.br\/index.php\/2023\/05\/16\/para-deputados-documentos-reunindo-demandas-e-sugestoes-reforcam-o-sucesso-da-assembleia-itinerante\/","url":"https:\/\/soldadoadrianojose.com.br\/index.php\/2023\/05\/16\/para-deputados-documentos-reunindo-demandas-e-sugestoes-reforcam-o-sucesso-da-assembleia-itinerante\/","name":"Documentos reunindo demandas e sugest\u00f5es refor\u00e7am o sucesso da Assembleia Itinerante - Deputado Adriano Jos\u00e9","isPartOf":{"@id":"https:\/\/soldadoadrianojose.com.br\/#website"},"primaryImageOfPage":{"@id":"https:\/\/soldadoadrianojose.com.br\/index.php\/2023\/05\/16\/para-deputados-documentos-reunindo-demandas-e-sugestoes-reforcam-o-sucesso-da-assembleia-itinerante\/#primaryimage"},"image":{"@id":"https:\/\/soldadoadrianojose.com.br\/index.php\/2023\/05\/16\/para-deputados-documentos-reunindo-demandas-e-sugestoes-reforcam-o-sucesso-da-assembleia-itinerante\/#primaryimage"},"thumbnailUrl":"https:\/\/soldadoadrianojose.com.br\/wp-content\/uploads\/2023\/05\/aX5NeEG7hrWu7ubVdOymi2Qps5DIWq6MQaAJORa7.jpeg","datePublished":"2023-05-16T13:28:57+00:00","dateModified":"2023-05-16T13:30:52+00:00","breadcrumb":{"@id":"https:\/\/soldadoadrianojose.com.br\/index.php\/2023\/05\/16\/para-deputados-documentos-reunindo-demandas-e-sugestoes-reforcam-o-sucesso-da-assembleia-itinerante\/#breadcrumb"},"inLanguage":"pt-BR","potentialAction":[{"@type":"ReadAction","target":["https:\/\/soldadoadrianojose.com.br\/index.php\/2023\/05\/16\/para-deputados-documentos-reunindo-demandas-e-sugestoes-reforcam-o-sucesso-da-assembleia-itinerante\/"]}]},{"@type":"ImageObject","inLanguage":"pt-BR","@id":"https:\/\/soldadoadrianojose.com.br\/index.php\/2023\/05\/16\/para-deputados-documentos-reunindo-demandas-e-sugestoes-reforcam-o-sucesso-da-assembleia-itinerante\/#primaryimage","url":"https:\/\/soldadoadrianojose.com.br\/wp-content\/uploads\/2023\/05\/aX5NeEG7hrWu7ubVdOymi2Qps5DIWq6MQaAJORa7.jpeg","contentUrl":"https:\/\/soldadoadrianojose.com.br\/wp-content\/uploads\/2023\/05\/aX5NeEG7hrWu7ubVdOymi2Qps5DIWq6MQaAJORa7.jpeg","width":863,"height":576},{"@type":"BreadcrumbList","@id":"https:\/\/soldadoadrianojose.com.br\/index.php\/2023\/05\/16\/para-deputados-documentos-reunindo-demandas-e-sugestoes-reforcam-o-sucesso-da-assembleia-itinerante\/#breadcrumb","itemListElement":[{"@type":"ListItem","position":1,"name":"In\u00edcio","item":"https:\/\/soldadoadrianojose.com.br\/"},{"@type":"ListItem","position":2,"name":"Documentos reunindo demandas e sugest\u00f5es refor\u00e7am o sucesso da Assembleia Itinerante"}]},{"@type":"WebSite","@id":"https:\/\/soldadoadrianojose.com.br\/#website","url":"https:\/\/soldadoadrianojose.com.br\/","name":"Deputado Adriano Jos\u00e9","description":"Nosso trabalho \u00e9 pelas pessoas","publisher":{"@id":"https:\/\/soldadoadrianojose.com.br\/#\/schema\/person\/16f8e8defb7a4bd6c6082efcd1bdb6bb"},"potentialAction":[{"@type":"SearchAction","target":{"@type":"EntryPoint","urlTemplate":"https:\/\/soldadoadrianojose.com.br\/?s={search_term_string}"},"query-input":{"@type":"PropertyValueSpecification","valueRequired":true,"valueName":"search_term_string"}}],"inLanguage":"pt-BR"},{"@type":["Person","Organization"],"@id":"https:\/\/soldadoadrianojose.com.br\/#\/schema\/person\/16f8e8defb7a4bd6c6082efcd1bdb6bb","name":"soldadoadrianojose","image":{"@type":"ImageObject","inLanguage":"pt-BR","@id":"https:\/\/soldadoadrianojose.com.br\/wp-content\/uploads\/2023\/02\/LOGO_CLEAR-5.png","url":"https:\/\/soldadoadrianojose.com.br\/wp-content\/uploads\/2023\/02\/LOGO_CLEAR-5.png","contentUrl":"https:\/\/soldadoadrianojose.com.br\/wp-content\/uploads\/2023\/02\/LOGO_CLEAR-5.png","width":3508,"height":998,"caption":"soldadoadrianojose"},"logo":{"@id":"https:\/\/soldadoadrianojose.com.br\/wp-content\/uploads\/2023\/02\/LOGO_CLEAR-5.png"},"sameAs":["https:\/\/soldadoadrianojose.com.br"],"url":"https:\/\/soldadoadrianojose.com.br\/index.php\/author\/soldadoadrianojose\/"}]}},"jetpack_featured_media_url":"https:\/\/soldadoadrianojose.com.br\/wp-content\/uploads\/2023\/05\/aX5NeEG7hrWu7ubVdOymi2Qps5DIWq6MQaAJORa7.jpeg","_links":{"self":[{"href":"https:\/\/soldadoadrianojose.com.br\/index.php\/wp-json\/wp\/v2\/posts\/855","targetHints":{"allow":["GET"]}}],"collection":[{"href":"https:\/\/soldadoadrianojose.com.br\/index.php\/wp-json\/wp\/v2\/posts"}],"about":[{"href":"https:\/\/soldadoadrianojose.com.br\/index.php\/wp-json\/wp\/v2\/types\/post"}],"author":[{"embeddable":true,"href":"https:\/\/soldadoadrianojose.com.br\/index.php\/wp-json\/wp\/v2\/users\/1"}],"replies":[{"embeddable":true,"href":"https:\/\/soldadoadrianojose.com.br\/index.php\/wp-json\/wp\/v2\/comments?post=855"}],"version-history":[{"count":3,"href":"https:\/\/soldadoadrianojose.com.br\/index.php\/wp-json\/wp\/v2\/posts\/855\/revisions"}],"predecessor-version":[{"id":860,"href":"https:\/\/soldadoadrianojose.com.br\/index.php\/wp-json\/wp\/v2\/posts\/855\/revisions\/860"}],"wp:featuredmedia":[{"embeddable":true,"href":"https:\/\/soldadoadrianojose.com.br\/index.php\/wp-json\/wp\/v2\/media\/856"}],"wp:attachment":[{"href":"https:\/\/soldadoadrianojose.com.br\/index.php\/wp-json\/wp\/v2\/media?parent=855"}],"wp:term":[{"taxonomy":"category","embeddable":true,"href":"https:\/\/soldadoadrianojose.com.br\/index.php\/wp-json\/wp\/v2\/categories?post=855"},{"taxonomy":"post_tag","embeddable":true,"href":"https:\/\/soldadoadrianojose.com.br\/index.php\/wp-json\/wp\/v2\/tags?post=855"}],"curies":[{"name":"wp","href":"https:\/\/api.w.org\/{rel}","templated":true}]}}