{"id":866,"date":"2023-05-18T10:01:14","date_gmt":"2023-05-18T13:01:14","guid":{"rendered":"https:\/\/soldadoadrianojose.com.br\/?p=866"},"modified":"2023-05-18T10:26:14","modified_gmt":"2023-05-18T13:26:14","slug":"deputado-adriano-jose-protocola-criacao-da-frente-parlamentar-de-enfrentamento-e-combate-ao-abuso-infantil-na-alep","status":"publish","type":"post","link":"https:\/\/soldadoadrianojose.com.br\/index.php\/2023\/05\/18\/deputado-adriano-jose-protocola-criacao-da-frente-parlamentar-de-enfrentamento-e-combate-ao-abuso-infantil-na-alep\/","title":{"rendered":"Deputado Adriano Jos\u00e9 protocola cria\u00e7\u00e3o da Frente Parlamentar de Enfrentamento e Combate ao Abuso Infantil na ALEP."},"content":{"rendered":"\n<figure class=\"wp-block-image size-full is-resized\"><img fetchpriority=\"high\" decoding=\"async\" src=\"https:\/\/soldadoadrianojose.com.br\/wp-content\/uploads\/2023\/05\/WhatsApp-Image-2023-05-18-at-10.00.17.jpeg\" alt=\"\" class=\"wp-image-868\" width=\"546\" height=\"378\" srcset=\"https:\/\/soldadoadrianojose.com.br\/wp-content\/uploads\/2023\/05\/WhatsApp-Image-2023-05-18-at-10.00.17.jpeg 909w, https:\/\/soldadoadrianojose.com.br\/wp-content\/uploads\/2023\/05\/WhatsApp-Image-2023-05-18-at-10.00.17-300x208.jpeg 300w, https:\/\/soldadoadrianojose.com.br\/wp-content\/uploads\/2023\/05\/WhatsApp-Image-2023-05-18-at-10.00.17-768x532.jpeg 768w\" sizes=\"(max-width: 546px) 100vw, 546px\" \/><\/figure>\n\n\n\n<p>No dia 18 de maio, celebra-se o Dia Nacional de Combate ao Abuso e \u00e0 Explora\u00e7\u00e3o Sexual<br>de Crian\u00e7as e Adolescentes, uma data que visa conscientizar e mobilizar a sociedade para<br>a prote\u00e7\u00e3o dos direitos das crian\u00e7as e adolescentes. Nesse contexto, \u00e9 de extrema<br>relev\u00e2ncia destacar a cria\u00e7\u00e3o da Frente Parlamentar de Enfrentamento e Combate ao<br>Abuso Infantil, por meio do requerimento n\u00ba 266\/2023 de autoria do deputado Soldado<br>Adriano Jos\u00e9.<\/p>\n\n\n\n<p><br>Aprovado por unanimidade pela Comiss\u00e3o de Seguran\u00e7a P\u00fablica da Assembleia Legislativa<br>do Paran\u00e1, esse requerimento representa um importante avan\u00e7o na luta contra o abuso<br>infantil. A cria\u00e7\u00e3o dessa Frente Parlamentar fortalece a atua\u00e7\u00e3o do poder legislativo na<br>elabora\u00e7\u00e3o de pol\u00edticas p\u00fablicas efetivas, voltadas para o enfrentamento dessa grave<br>viola\u00e7\u00e3o dos direitos das crian\u00e7as.<\/p>\n\n\n\n<p><br>Ao reunir parlamentares comprometidos com essa causa, a Frente Parlamentar tem como<br>objetivo principal a articula\u00e7\u00e3o de a\u00e7\u00f5es que visem \u00e0 preven\u00e7\u00e3o, identifica\u00e7\u00e3o e<br>enfrentamento do abuso infantil. Por meio de debates, audi\u00eancias p\u00fablicas, estudos e<br>proposi\u00e7\u00f5es legislativas, busca-se ampliar a conscientiza\u00e7\u00e3o sobre o tema, promover a<br>capacita\u00e7\u00e3o de profissionais e fomentar a ado\u00e7\u00e3o de medidas eficazes de prote\u00e7\u00e3o \u00e0s<br>v\u00edtimas.<\/p>\n\n\n\n<p><br>O deputado Adriano Jos\u00e9, destaca que \u201ca cria\u00e7\u00e3o dessa frente \u00e9 um passo fundamental<br>para que a sociedade como um todo se envolva na prote\u00e7\u00e3o das crian\u00e7as e adolescentes,<br>proporcionando um ambiente seguro e livre de abusos. Al\u00e9m disso, evidencia o nosso<br>compromisso em enfrentar essa problem\u00e1tica, fortalecendo as pol\u00edticas de prote\u00e7\u00e3o e<br>dando voz \u00e0queles que muitas vezes s\u00e3o silenciados\u201d.<\/p>\n\n\n\n<p><br>O Dia Nacional de Combate ao Abuso e \u00e0 Explora\u00e7\u00e3o Sexual de Crian\u00e7as e Adolescentes,<br>serve como um lembrete constante da necessidade de conscientiza\u00e7\u00e3o e a\u00e7\u00e3o. A cria\u00e7\u00e3o<br>da Frente Parlamentar concomitante com a data, refor\u00e7a o comprometimento em buscar<br>solu\u00e7\u00f5es efetivas para a preven\u00e7\u00e3o e enfrentamento dessa viol\u00eancia, trazendo esperan\u00e7a<br>para um futuro em que nossas crian\u00e7as possam crescer em um ambiente seguro e<br>saud\u00e1ve<\/p>\n","protected":false},"excerpt":{"rendered":"<p>No dia 18 de maio, celebra-se o Dia Nacional de Combate ao Abuso e \u00e0 Explora\u00e7\u00e3o Sexualde Crian\u00e7as e Adolescentes, uma data que visa conscientizar e mobilizar a sociedade paraa prote\u00e7\u00e3o dos direitos das crian\u00e7as e adolescentes. Nesse contexto, \u00e9 de extremarelev\u00e2ncia destacar a cria\u00e7\u00e3o da Frente Parlamentar de Enfrentamento e Combate aoAbuso Infantil, por [&hellip;]<\/p>\n","protected":false},"author":1,"featured_media":868,"comment_status":"open","ping_status":"open","sticky":false,"template":"","format":"standard","meta":{"footnotes":""},"categories":[1],"tags":[],"class_list":["post-866","post","type-post","status-publish","format-standard","has-post-thumbnail","hentry","category-gabinete-sd"],"yoast_head":"<!-- This site is optimized with the Yoast SEO plugin v27.4 - https:\/\/yoast.com\/product\/yoast-seo-wordpress\/ -->\n<title>Deputado Adriano Jos\u00e9 protocola cria\u00e7\u00e3o da Frente Parlamentar de Enfrentamento e Combate ao Abuso Infantil na ALEP. - Deputado Adriano Jos\u00e9<\/title>\n<meta name=\"robots\" content=\"index, follow, max-snippet:-1, max-image-preview:large, max-video-preview:-1\" \/>\n<link rel=\"canonical\" href=\"https:\/\/soldadoadrianojose.com.br\/index.php\/2023\/05\/18\/deputado-adriano-jose-protocola-criacao-da-frente-parlamentar-de-enfrentamento-e-combate-ao-abuso-infantil-na-alep\/\" \/>\n<meta property=\"og:locale\" content=\"pt_BR\" \/>\n<meta property=\"og:type\" content=\"article\" \/>\n<meta property=\"og:title\" content=\"Deputado Adriano Jos\u00e9 protocola cria\u00e7\u00e3o da Frente Parlamentar de Enfrentamento e Combate ao Abuso Infantil na ALEP. - Deputado Adriano Jos\u00e9\" \/>\n<meta property=\"og:description\" content=\"No dia 18 de maio, celebra-se o Dia Nacional de Combate ao Abuso e \u00e0 Explora\u00e7\u00e3o Sexualde Crian\u00e7as e Adolescentes, uma data que visa conscientizar e mobilizar a sociedade paraa prote\u00e7\u00e3o dos direitos das crian\u00e7as e adolescentes. Nesse contexto, \u00e9 de extremarelev\u00e2ncia destacar a cria\u00e7\u00e3o da Frente Parlamentar de Enfrentamento e Combate aoAbuso Infantil, por [&hellip;]\" \/>\n<meta property=\"og:url\" content=\"https:\/\/soldadoadrianojose.com.br\/index.php\/2023\/05\/18\/deputado-adriano-jose-protocola-criacao-da-frente-parlamentar-de-enfrentamento-e-combate-ao-abuso-infantil-na-alep\/\" \/>\n<meta property=\"og:site_name\" content=\"Deputado Adriano Jos\u00e9\" \/>\n<meta property=\"article:published_time\" content=\"2023-05-18T13:01:14+00:00\" \/>\n<meta property=\"article:modified_time\" content=\"2023-05-18T13:26:14+00:00\" \/>\n<meta property=\"og:image\" content=\"https:\/\/soldadoadrianojose.com.br\/wp-content\/uploads\/2023\/05\/WhatsApp-Image-2023-05-18-at-10.00.17.jpeg\" \/>\n\t<meta property=\"og:image:width\" content=\"909\" \/>\n\t<meta property=\"og:image:height\" content=\"630\" \/>\n\t<meta property=\"og:image:type\" content=\"image\/jpeg\" \/>\n<meta name=\"author\" content=\"soldadoadrianojose\" \/>\n<meta name=\"twitter:card\" content=\"summary_large_image\" \/>\n<meta name=\"twitter:label1\" content=\"Escrito por\" \/>\n\t<meta name=\"twitter:data1\" content=\"soldadoadrianojose\" \/>\n\t<meta name=\"twitter:label2\" content=\"Est. tempo de leitura\" \/>\n\t<meta name=\"twitter:data2\" content=\"2 minutos\" \/>\n<script type=\"application\/ld+json\" class=\"yoast-schema-graph\">{\"@context\":\"https:\\\/\\\/schema.org\",\"@graph\":[{\"@type\":\"Article\",\"@id\":\"https:\\\/\\\/soldadoadrianojose.com.br\\\/index.php\\\/2023\\\/05\\\/18\\\/deputado-adriano-jose-protocola-criacao-da-frente-parlamentar-de-enfrentamento-e-combate-ao-abuso-infantil-na-alep\\\/#article\",\"isPartOf\":{\"@id\":\"https:\\\/\\\/soldadoadrianojose.com.br\\\/index.php\\\/2023\\\/05\\\/18\\\/deputado-adriano-jose-protocola-criacao-da-frente-parlamentar-de-enfrentamento-e-combate-ao-abuso-infantil-na-alep\\\/\"},\"author\":{\"name\":\"soldadoadrianojose\",\"@id\":\"https:\\\/\\\/soldadoadrianojose.com.br\\\/#\\\/schema\\\/person\\\/16f8e8defb7a4bd6c6082efcd1bdb6bb\"},\"headline\":\"Deputado Adriano Jos\u00e9 protocola cria\u00e7\u00e3o da Frente Parlamentar de Enfrentamento e Combate ao Abuso Infantil na ALEP.\",\"datePublished\":\"2023-05-18T13:01:14+00:00\",\"dateModified\":\"2023-05-18T13:26:14+00:00\",\"mainEntityOfPage\":{\"@id\":\"https:\\\/\\\/soldadoadrianojose.com.br\\\/index.php\\\/2023\\\/05\\\/18\\\/deputado-adriano-jose-protocola-criacao-da-frente-parlamentar-de-enfrentamento-e-combate-ao-abuso-infantil-na-alep\\\/\"},\"wordCount\":351,\"commentCount\":0,\"publisher\":{\"@id\":\"https:\\\/\\\/soldadoadrianojose.com.br\\\/#\\\/schema\\\/person\\\/16f8e8defb7a4bd6c6082efcd1bdb6bb\"},\"image\":{\"@id\":\"https:\\\/\\\/soldadoadrianojose.com.br\\\/index.php\\\/2023\\\/05\\\/18\\\/deputado-adriano-jose-protocola-criacao-da-frente-parlamentar-de-enfrentamento-e-combate-ao-abuso-infantil-na-alep\\\/#primaryimage\"},\"thumbnailUrl\":\"https:\\\/\\\/soldadoadrianojose.com.br\\\/wp-content\\\/uploads\\\/2023\\\/05\\\/WhatsApp-Image-2023-05-18-at-10.00.17.jpeg\",\"articleSection\":[\"GABINETE SD\"],\"inLanguage\":\"pt-BR\",\"potentialAction\":[{\"@type\":\"CommentAction\",\"name\":\"Comment\",\"target\":[\"https:\\\/\\\/soldadoadrianojose.com.br\\\/index.php\\\/2023\\\/05\\\/18\\\/deputado-adriano-jose-protocola-criacao-da-frente-parlamentar-de-enfrentamento-e-combate-ao-abuso-infantil-na-alep\\\/#respond\"]}]},{\"@type\":\"WebPage\",\"@id\":\"https:\\\/\\\/soldadoadrianojose.com.br\\\/index.php\\\/2023\\\/05\\\/18\\\/deputado-adriano-jose-protocola-criacao-da-frente-parlamentar-de-enfrentamento-e-combate-ao-abuso-infantil-na-alep\\\/\",\"url\":\"https:\\\/\\\/soldadoadrianojose.com.br\\\/index.php\\\/2023\\\/05\\\/18\\\/deputado-adriano-jose-protocola-criacao-da-frente-parlamentar-de-enfrentamento-e-combate-ao-abuso-infantil-na-alep\\\/\",\"name\":\"Deputado Adriano Jos\u00e9 protocola cria\u00e7\u00e3o da Frente Parlamentar de Enfrentamento e Combate ao Abuso Infantil na ALEP. - Deputado Adriano Jos\u00e9\",\"isPartOf\":{\"@id\":\"https:\\\/\\\/soldadoadrianojose.com.br\\\/#website\"},\"primaryImageOfPage\":{\"@id\":\"https:\\\/\\\/soldadoadrianojose.com.br\\\/index.php\\\/2023\\\/05\\\/18\\\/deputado-adriano-jose-protocola-criacao-da-frente-parlamentar-de-enfrentamento-e-combate-ao-abuso-infantil-na-alep\\\/#primaryimage\"},\"image\":{\"@id\":\"https:\\\/\\\/soldadoadrianojose.com.br\\\/index.php\\\/2023\\\/05\\\/18\\\/deputado-adriano-jose-protocola-criacao-da-frente-parlamentar-de-enfrentamento-e-combate-ao-abuso-infantil-na-alep\\\/#primaryimage\"},\"thumbnailUrl\":\"https:\\\/\\\/soldadoadrianojose.com.br\\\/wp-content\\\/uploads\\\/2023\\\/05\\\/WhatsApp-Image-2023-05-18-at-10.00.17.jpeg\",\"datePublished\":\"2023-05-18T13:01:14+00:00\",\"dateModified\":\"2023-05-18T13:26:14+00:00\",\"breadcrumb\":{\"@id\":\"https:\\\/\\\/soldadoadrianojose.com.br\\\/index.php\\\/2023\\\/05\\\/18\\\/deputado-adriano-jose-protocola-criacao-da-frente-parlamentar-de-enfrentamento-e-combate-ao-abuso-infantil-na-alep\\\/#breadcrumb\"},\"inLanguage\":\"pt-BR\",\"potentialAction\":[{\"@type\":\"ReadAction\",\"target\":[\"https:\\\/\\\/soldadoadrianojose.com.br\\\/index.php\\\/2023\\\/05\\\/18\\\/deputado-adriano-jose-protocola-criacao-da-frente-parlamentar-de-enfrentamento-e-combate-ao-abuso-infantil-na-alep\\\/\"]}]},{\"@type\":\"ImageObject\",\"inLanguage\":\"pt-BR\",\"@id\":\"https:\\\/\\\/soldadoadrianojose.com.br\\\/index.php\\\/2023\\\/05\\\/18\\\/deputado-adriano-jose-protocola-criacao-da-frente-parlamentar-de-enfrentamento-e-combate-ao-abuso-infantil-na-alep\\\/#primaryimage\",\"url\":\"https:\\\/\\\/soldadoadrianojose.com.br\\\/wp-content\\\/uploads\\\/2023\\\/05\\\/WhatsApp-Image-2023-05-18-at-10.00.17.jpeg\",\"contentUrl\":\"https:\\\/\\\/soldadoadrianojose.com.br\\\/wp-content\\\/uploads\\\/2023\\\/05\\\/WhatsApp-Image-2023-05-18-at-10.00.17.jpeg\",\"width\":909,\"height\":630},{\"@type\":\"BreadcrumbList\",\"@id\":\"https:\\\/\\\/soldadoadrianojose.com.br\\\/index.php\\\/2023\\\/05\\\/18\\\/deputado-adriano-jose-protocola-criacao-da-frente-parlamentar-de-enfrentamento-e-combate-ao-abuso-infantil-na-alep\\\/#breadcrumb\",\"itemListElement\":[{\"@type\":\"ListItem\",\"position\":1,\"name\":\"In\u00edcio\",\"item\":\"https:\\\/\\\/soldadoadrianojose.com.br\\\/\"},{\"@type\":\"ListItem\",\"position\":2,\"name\":\"Deputado Adriano Jos\u00e9 protocola cria\u00e7\u00e3o da Frente Parlamentar de Enfrentamento e Combate ao Abuso Infantil na ALEP.\"}]},{\"@type\":\"WebSite\",\"@id\":\"https:\\\/\\\/soldadoadrianojose.com.br\\\/#website\",\"url\":\"https:\\\/\\\/soldadoadrianojose.com.br\\\/\",\"name\":\"Deputado Adriano Jos\u00e9\",\"description\":\"Nosso trabalho \u00e9 pelas pessoas\",\"publisher\":{\"@id\":\"https:\\\/\\\/soldadoadrianojose.com.br\\\/#\\\/schema\\\/person\\\/16f8e8defb7a4bd6c6082efcd1bdb6bb\"},\"potentialAction\":[{\"@type\":\"SearchAction\",\"target\":{\"@type\":\"EntryPoint\",\"urlTemplate\":\"https:\\\/\\\/soldadoadrianojose.com.br\\\/?s={search_term_string}\"},\"query-input\":{\"@type\":\"PropertyValueSpecification\",\"valueRequired\":true,\"valueName\":\"search_term_string\"}}],\"inLanguage\":\"pt-BR\"},{\"@type\":[\"Person\",\"Organization\"],\"@id\":\"https:\\\/\\\/soldadoadrianojose.com.br\\\/#\\\/schema\\\/person\\\/16f8e8defb7a4bd6c6082efcd1bdb6bb\",\"name\":\"soldadoadrianojose\",\"image\":{\"@type\":\"ImageObject\",\"inLanguage\":\"pt-BR\",\"@id\":\"https:\\\/\\\/soldadoadrianojose.com.br\\\/wp-content\\\/uploads\\\/2023\\\/02\\\/LOGO_CLEAR-5.png\",\"url\":\"https:\\\/\\\/soldadoadrianojose.com.br\\\/wp-content\\\/uploads\\\/2023\\\/02\\\/LOGO_CLEAR-5.png\",\"contentUrl\":\"https:\\\/\\\/soldadoadrianojose.com.br\\\/wp-content\\\/uploads\\\/2023\\\/02\\\/LOGO_CLEAR-5.png\",\"width\":3508,\"height\":998,\"caption\":\"soldadoadrianojose\"},\"logo\":{\"@id\":\"https:\\\/\\\/soldadoadrianojose.com.br\\\/wp-content\\\/uploads\\\/2023\\\/02\\\/LOGO_CLEAR-5.png\"},\"sameAs\":[\"https:\\\/\\\/soldadoadrianojose.com.br\"],\"url\":\"https:\\\/\\\/soldadoadrianojose.com.br\\\/index.php\\\/author\\\/soldadoadrianojose\\\/\"}]}<\/script>\n<!-- \/ Yoast SEO plugin. -->","yoast_head_json":{"title":"Deputado Adriano Jos\u00e9 protocola cria\u00e7\u00e3o da Frente Parlamentar de Enfrentamento e Combate ao Abuso Infantil na ALEP. - Deputado Adriano Jos\u00e9","robots":{"index":"index","follow":"follow","max-snippet":"max-snippet:-1","max-image-preview":"max-image-preview:large","max-video-preview":"max-video-preview:-1"},"canonical":"https:\/\/soldadoadrianojose.com.br\/index.php\/2023\/05\/18\/deputado-adriano-jose-protocola-criacao-da-frente-parlamentar-de-enfrentamento-e-combate-ao-abuso-infantil-na-alep\/","og_locale":"pt_BR","og_type":"article","og_title":"Deputado Adriano Jos\u00e9 protocola cria\u00e7\u00e3o da Frente Parlamentar de Enfrentamento e Combate ao Abuso Infantil na ALEP. - Deputado Adriano Jos\u00e9","og_description":"No dia 18 de maio, celebra-se o Dia Nacional de Combate ao Abuso e \u00e0 Explora\u00e7\u00e3o Sexualde Crian\u00e7as e Adolescentes, uma data que visa conscientizar e mobilizar a sociedade paraa prote\u00e7\u00e3o dos direitos das crian\u00e7as e adolescentes. Nesse contexto, \u00e9 de extremarelev\u00e2ncia destacar a cria\u00e7\u00e3o da Frente Parlamentar de Enfrentamento e Combate aoAbuso Infantil, por [&hellip;]","og_url":"https:\/\/soldadoadrianojose.com.br\/index.php\/2023\/05\/18\/deputado-adriano-jose-protocola-criacao-da-frente-parlamentar-de-enfrentamento-e-combate-ao-abuso-infantil-na-alep\/","og_site_name":"Deputado Adriano Jos\u00e9","article_published_time":"2023-05-18T13:01:14+00:00","article_modified_time":"2023-05-18T13:26:14+00:00","og_image":[{"width":909,"height":630,"url":"https:\/\/soldadoadrianojose.com.br\/wp-content\/uploads\/2023\/05\/WhatsApp-Image-2023-05-18-at-10.00.17.jpeg","type":"image\/jpeg"}],"author":"soldadoadrianojose","twitter_card":"summary_large_image","twitter_misc":{"Escrito por":"soldadoadrianojose","Est. tempo de leitura":"2 minutos"},"schema":{"@context":"https:\/\/schema.org","@graph":[{"@type":"Article","@id":"https:\/\/soldadoadrianojose.com.br\/index.php\/2023\/05\/18\/deputado-adriano-jose-protocola-criacao-da-frente-parlamentar-de-enfrentamento-e-combate-ao-abuso-infantil-na-alep\/#article","isPartOf":{"@id":"https:\/\/soldadoadrianojose.com.br\/index.php\/2023\/05\/18\/deputado-adriano-jose-protocola-criacao-da-frente-parlamentar-de-enfrentamento-e-combate-ao-abuso-infantil-na-alep\/"},"author":{"name":"soldadoadrianojose","@id":"https:\/\/soldadoadrianojose.com.br\/#\/schema\/person\/16f8e8defb7a4bd6c6082efcd1bdb6bb"},"headline":"Deputado Adriano Jos\u00e9 protocola cria\u00e7\u00e3o da Frente Parlamentar de Enfrentamento e Combate ao Abuso Infantil na ALEP.","datePublished":"2023-05-18T13:01:14+00:00","dateModified":"2023-05-18T13:26:14+00:00","mainEntityOfPage":{"@id":"https:\/\/soldadoadrianojose.com.br\/index.php\/2023\/05\/18\/deputado-adriano-jose-protocola-criacao-da-frente-parlamentar-de-enfrentamento-e-combate-ao-abuso-infantil-na-alep\/"},"wordCount":351,"commentCount":0,"publisher":{"@id":"https:\/\/soldadoadrianojose.com.br\/#\/schema\/person\/16f8e8defb7a4bd6c6082efcd1bdb6bb"},"image":{"@id":"https:\/\/soldadoadrianojose.com.br\/index.php\/2023\/05\/18\/deputado-adriano-jose-protocola-criacao-da-frente-parlamentar-de-enfrentamento-e-combate-ao-abuso-infantil-na-alep\/#primaryimage"},"thumbnailUrl":"https:\/\/soldadoadrianojose.com.br\/wp-content\/uploads\/2023\/05\/WhatsApp-Image-2023-05-18-at-10.00.17.jpeg","articleSection":["GABINETE SD"],"inLanguage":"pt-BR","potentialAction":[{"@type":"CommentAction","name":"Comment","target":["https:\/\/soldadoadrianojose.com.br\/index.php\/2023\/05\/18\/deputado-adriano-jose-protocola-criacao-da-frente-parlamentar-de-enfrentamento-e-combate-ao-abuso-infantil-na-alep\/#respond"]}]},{"@type":"WebPage","@id":"https:\/\/soldadoadrianojose.com.br\/index.php\/2023\/05\/18\/deputado-adriano-jose-protocola-criacao-da-frente-parlamentar-de-enfrentamento-e-combate-ao-abuso-infantil-na-alep\/","url":"https:\/\/soldadoadrianojose.com.br\/index.php\/2023\/05\/18\/deputado-adriano-jose-protocola-criacao-da-frente-parlamentar-de-enfrentamento-e-combate-ao-abuso-infantil-na-alep\/","name":"Deputado Adriano Jos\u00e9 protocola cria\u00e7\u00e3o da Frente Parlamentar de Enfrentamento e Combate ao Abuso Infantil na ALEP. - Deputado Adriano Jos\u00e9","isPartOf":{"@id":"https:\/\/soldadoadrianojose.com.br\/#website"},"primaryImageOfPage":{"@id":"https:\/\/soldadoadrianojose.com.br\/index.php\/2023\/05\/18\/deputado-adriano-jose-protocola-criacao-da-frente-parlamentar-de-enfrentamento-e-combate-ao-abuso-infantil-na-alep\/#primaryimage"},"image":{"@id":"https:\/\/soldadoadrianojose.com.br\/index.php\/2023\/05\/18\/deputado-adriano-jose-protocola-criacao-da-frente-parlamentar-de-enfrentamento-e-combate-ao-abuso-infantil-na-alep\/#primaryimage"},"thumbnailUrl":"https:\/\/soldadoadrianojose.com.br\/wp-content\/uploads\/2023\/05\/WhatsApp-Image-2023-05-18-at-10.00.17.jpeg","datePublished":"2023-05-18T13:01:14+00:00","dateModified":"2023-05-18T13:26:14+00:00","breadcrumb":{"@id":"https:\/\/soldadoadrianojose.com.br\/index.php\/2023\/05\/18\/deputado-adriano-jose-protocola-criacao-da-frente-parlamentar-de-enfrentamento-e-combate-ao-abuso-infantil-na-alep\/#breadcrumb"},"inLanguage":"pt-BR","potentialAction":[{"@type":"ReadAction","target":["https:\/\/soldadoadrianojose.com.br\/index.php\/2023\/05\/18\/deputado-adriano-jose-protocola-criacao-da-frente-parlamentar-de-enfrentamento-e-combate-ao-abuso-infantil-na-alep\/"]}]},{"@type":"ImageObject","inLanguage":"pt-BR","@id":"https:\/\/soldadoadrianojose.com.br\/index.php\/2023\/05\/18\/deputado-adriano-jose-protocola-criacao-da-frente-parlamentar-de-enfrentamento-e-combate-ao-abuso-infantil-na-alep\/#primaryimage","url":"https:\/\/soldadoadrianojose.com.br\/wp-content\/uploads\/2023\/05\/WhatsApp-Image-2023-05-18-at-10.00.17.jpeg","contentUrl":"https:\/\/soldadoadrianojose.com.br\/wp-content\/uploads\/2023\/05\/WhatsApp-Image-2023-05-18-at-10.00.17.jpeg","width":909,"height":630},{"@type":"BreadcrumbList","@id":"https:\/\/soldadoadrianojose.com.br\/index.php\/2023\/05\/18\/deputado-adriano-jose-protocola-criacao-da-frente-parlamentar-de-enfrentamento-e-combate-ao-abuso-infantil-na-alep\/#breadcrumb","itemListElement":[{"@type":"ListItem","position":1,"name":"In\u00edcio","item":"https:\/\/soldadoadrianojose.com.br\/"},{"@type":"ListItem","position":2,"name":"Deputado Adriano Jos\u00e9 protocola cria\u00e7\u00e3o da Frente Parlamentar de Enfrentamento e Combate ao Abuso Infantil na ALEP."}]},{"@type":"WebSite","@id":"https:\/\/soldadoadrianojose.com.br\/#website","url":"https:\/\/soldadoadrianojose.com.br\/","name":"Deputado Adriano Jos\u00e9","description":"Nosso trabalho \u00e9 pelas pessoas","publisher":{"@id":"https:\/\/soldadoadrianojose.com.br\/#\/schema\/person\/16f8e8defb7a4bd6c6082efcd1bdb6bb"},"potentialAction":[{"@type":"SearchAction","target":{"@type":"EntryPoint","urlTemplate":"https:\/\/soldadoadrianojose.com.br\/?s={search_term_string}"},"query-input":{"@type":"PropertyValueSpecification","valueRequired":true,"valueName":"search_term_string"}}],"inLanguage":"pt-BR"},{"@type":["Person","Organization"],"@id":"https:\/\/soldadoadrianojose.com.br\/#\/schema\/person\/16f8e8defb7a4bd6c6082efcd1bdb6bb","name":"soldadoadrianojose","image":{"@type":"ImageObject","inLanguage":"pt-BR","@id":"https:\/\/soldadoadrianojose.com.br\/wp-content\/uploads\/2023\/02\/LOGO_CLEAR-5.png","url":"https:\/\/soldadoadrianojose.com.br\/wp-content\/uploads\/2023\/02\/LOGO_CLEAR-5.png","contentUrl":"https:\/\/soldadoadrianojose.com.br\/wp-content\/uploads\/2023\/02\/LOGO_CLEAR-5.png","width":3508,"height":998,"caption":"soldadoadrianojose"},"logo":{"@id":"https:\/\/soldadoadrianojose.com.br\/wp-content\/uploads\/2023\/02\/LOGO_CLEAR-5.png"},"sameAs":["https:\/\/soldadoadrianojose.com.br"],"url":"https:\/\/soldadoadrianojose.com.br\/index.php\/author\/soldadoadrianojose\/"}]}},"jetpack_featured_media_url":"https:\/\/soldadoadrianojose.com.br\/wp-content\/uploads\/2023\/05\/WhatsApp-Image-2023-05-18-at-10.00.17.jpeg","_links":{"self":[{"href":"https:\/\/soldadoadrianojose.com.br\/index.php\/wp-json\/wp\/v2\/posts\/866","targetHints":{"allow":["GET"]}}],"collection":[{"href":"https:\/\/soldadoadrianojose.com.br\/index.php\/wp-json\/wp\/v2\/posts"}],"about":[{"href":"https:\/\/soldadoadrianojose.com.br\/index.php\/wp-json\/wp\/v2\/types\/post"}],"author":[{"embeddable":true,"href":"https:\/\/soldadoadrianojose.com.br\/index.php\/wp-json\/wp\/v2\/users\/1"}],"replies":[{"embeddable":true,"href":"https:\/\/soldadoadrianojose.com.br\/index.php\/wp-json\/wp\/v2\/comments?post=866"}],"version-history":[{"count":2,"href":"https:\/\/soldadoadrianojose.com.br\/index.php\/wp-json\/wp\/v2\/posts\/866\/revisions"}],"predecessor-version":[{"id":870,"href":"https:\/\/soldadoadrianojose.com.br\/index.php\/wp-json\/wp\/v2\/posts\/866\/revisions\/870"}],"wp:featuredmedia":[{"embeddable":true,"href":"https:\/\/soldadoadrianojose.com.br\/index.php\/wp-json\/wp\/v2\/media\/868"}],"wp:attachment":[{"href":"https:\/\/soldadoadrianojose.com.br\/index.php\/wp-json\/wp\/v2\/media?parent=866"}],"wp:term":[{"taxonomy":"category","embeddable":true,"href":"https:\/\/soldadoadrianojose.com.br\/index.php\/wp-json\/wp\/v2\/categories?post=866"},{"taxonomy":"post_tag","embeddable":true,"href":"https:\/\/soldadoadrianojose.com.br\/index.php\/wp-json\/wp\/v2\/tags?post=866"}],"curies":[{"name":"wp","href":"https:\/\/api.w.org\/{rel}","templated":true}]}}