{"id":884,"date":"2023-06-04T13:36:07","date_gmt":"2023-06-04T16:36:07","guid":{"rendered":"https:\/\/soldadoadrianojose.com.br\/?p=884"},"modified":"2023-06-04T13:36:11","modified_gmt":"2023-06-04T16:36:11","slug":"dados-da-prefeitura-indicam-que-maringa-foi-a-maior-geradora-de-empregos-do-parana-em-abril","status":"publish","type":"post","link":"https:\/\/soldadoadrianojose.com.br\/index.php\/2023\/06\/04\/dados-da-prefeitura-indicam-que-maringa-foi-a-maior-geradora-de-empregos-do-parana-em-abril\/","title":{"rendered":"Dados da Prefeitura indicam que Maring\u00e1 foi a maior geradora de empregos do Paran\u00e1 em abril"},"content":{"rendered":"\n<figure class=\"wp-block-image size-full\"><img fetchpriority=\"high\" decoding=\"async\" width=\"960\" height=\"640\" src=\"https:\/\/soldadoadrianojose.com.br\/wp-content\/uploads\/2023\/06\/AGENCIA-DO-TRABALHADOR.jpeg\" alt=\"\" class=\"wp-image-885\" srcset=\"https:\/\/soldadoadrianojose.com.br\/wp-content\/uploads\/2023\/06\/AGENCIA-DO-TRABALHADOR.jpeg 960w, https:\/\/soldadoadrianojose.com.br\/wp-content\/uploads\/2023\/06\/AGENCIA-DO-TRABALHADOR-300x200.jpeg 300w, https:\/\/soldadoadrianojose.com.br\/wp-content\/uploads\/2023\/06\/AGENCIA-DO-TRABALHADOR-768x512.jpeg 768w\" sizes=\"(max-width: 960px) 100vw, 960px\" \/><\/figure>\n\n\n\n<h4 class=\"wp-block-heading\">Cidade teve saldo de 600 novos postos de trabalho com carteira de trabalho no m\u00eas.<\/h4>\n\n\n\n<p>Maring\u00e1 foi a maior geradora de empregos do Paran\u00e1 em abril entre todos os munic\u00edpios. A cidade teve saldo de 600 novos postos de trabalho com carteira de trabalho no m\u00eas, conforme dados do Cadastro Geral de Empregados e Desempregados (Caged). No acumulado do ano, a cidade tem saldo de 2,6 mil empregos.<\/p>\n\n\n\n<p>No m\u00eas de abril, foram 7.741 admiss\u00f5es e 7.141 desligamentos. Na cidade, os setores que lideram a gera\u00e7\u00e3o de empregos s\u00e3o servi\u00e7os, com 257 novas vagas, seguido pela constru\u00e7\u00e3o, com 128, e ind\u00fastria, 122. Com Maring\u00e1 na lideran\u00e7a, o segundo lugar ficou com Guarapuava, com 502 vagas geradas. O saldo de vagas na cidade \u00e9 o dobro de Londrina, que registrou 300 postos de trabalho, e superior a Curitiba, que ficou com saldo negativo de -1.467.<\/p>\n\n\n\n<p>O prefeito Ulisses Maia destaca que os dados refor\u00e7am o acentuado desenvolvimento econ\u00f4mico da cidade. \u201cNossa gest\u00e3o tem fomentado a gera\u00e7\u00e3o de emprego e renda a partir de diversas iniciativas, garantindo um ambiente de neg\u00f3cios favor\u00e1vel para as empresas e projetos de qualifica\u00e7\u00e3o profissional e orienta\u00e7\u00e3o para a comunidade\u201d, diz. ASC<\/p>\n\n\n\n<p><\/p>\n\n\n\n<p>POR: https:\/\/ofatomaringa.com\/<\/p>\n","protected":false},"excerpt":{"rendered":"<p>Cidade teve saldo de 600 novos postos de trabalho com carteira de trabalho no m\u00eas. Maring\u00e1 foi a maior geradora de empregos do Paran\u00e1 em abril entre todos os munic\u00edpios. A cidade teve saldo de 600 novos postos de trabalho com carteira de trabalho no m\u00eas, conforme dados do Cadastro Geral de Empregados e Desempregados [&hellip;]<\/p>\n","protected":false},"author":1,"featured_media":885,"comment_status":"open","ping_status":"open","sticky":false,"template":"","format":"standard","meta":{"footnotes":""},"categories":[5],"tags":[],"class_list":["post-884","post","type-post","status-publish","format-standard","has-post-thumbnail","hentry","category-parana"],"yoast_head":"<!-- This site is optimized with the Yoast SEO plugin v27.4 - https:\/\/yoast.com\/product\/yoast-seo-wordpress\/ -->\n<title>Dados da Prefeitura indicam que Maring\u00e1 foi a maior geradora de empregos do Paran\u00e1 em abril - Deputado Adriano Jos\u00e9<\/title>\n<meta name=\"robots\" content=\"index, follow, max-snippet:-1, max-image-preview:large, max-video-preview:-1\" \/>\n<link rel=\"canonical\" href=\"https:\/\/soldadoadrianojose.com.br\/index.php\/2023\/06\/04\/dados-da-prefeitura-indicam-que-maringa-foi-a-maior-geradora-de-empregos-do-parana-em-abril\/\" \/>\n<meta property=\"og:locale\" content=\"pt_BR\" \/>\n<meta property=\"og:type\" content=\"article\" \/>\n<meta property=\"og:title\" content=\"Dados da Prefeitura indicam que Maring\u00e1 foi a maior geradora de empregos do Paran\u00e1 em abril - Deputado Adriano Jos\u00e9\" \/>\n<meta property=\"og:description\" content=\"Cidade teve saldo de 600 novos postos de trabalho com carteira de trabalho no m\u00eas. Maring\u00e1 foi a maior geradora de empregos do Paran\u00e1 em abril entre todos os munic\u00edpios. A cidade teve saldo de 600 novos postos de trabalho com carteira de trabalho no m\u00eas, conforme dados do Cadastro Geral de Empregados e Desempregados [&hellip;]\" \/>\n<meta property=\"og:url\" content=\"https:\/\/soldadoadrianojose.com.br\/index.php\/2023\/06\/04\/dados-da-prefeitura-indicam-que-maringa-foi-a-maior-geradora-de-empregos-do-parana-em-abril\/\" \/>\n<meta property=\"og:site_name\" content=\"Deputado Adriano Jos\u00e9\" \/>\n<meta property=\"article:published_time\" content=\"2023-06-04T16:36:07+00:00\" \/>\n<meta property=\"article:modified_time\" content=\"2023-06-04T16:36:11+00:00\" \/>\n<meta property=\"og:image\" content=\"https:\/\/soldadoadrianojose.com.br\/wp-content\/uploads\/2023\/06\/AGENCIA-DO-TRABALHADOR.jpeg\" \/>\n\t<meta property=\"og:image:width\" content=\"960\" \/>\n\t<meta property=\"og:image:height\" content=\"640\" \/>\n\t<meta property=\"og:image:type\" content=\"image\/jpeg\" \/>\n<meta name=\"author\" content=\"soldadoadrianojose\" \/>\n<meta name=\"twitter:card\" content=\"summary_large_image\" \/>\n<meta name=\"twitter:label1\" content=\"Escrito por\" \/>\n\t<meta name=\"twitter:data1\" content=\"soldadoadrianojose\" \/>\n\t<meta name=\"twitter:label2\" content=\"Est. tempo de leitura\" \/>\n\t<meta name=\"twitter:data2\" content=\"2 minutos\" \/>\n<script type=\"application\/ld+json\" class=\"yoast-schema-graph\">{\"@context\":\"https:\\\/\\\/schema.org\",\"@graph\":[{\"@type\":\"Article\",\"@id\":\"https:\\\/\\\/soldadoadrianojose.com.br\\\/index.php\\\/2023\\\/06\\\/04\\\/dados-da-prefeitura-indicam-que-maringa-foi-a-maior-geradora-de-empregos-do-parana-em-abril\\\/#article\",\"isPartOf\":{\"@id\":\"https:\\\/\\\/soldadoadrianojose.com.br\\\/index.php\\\/2023\\\/06\\\/04\\\/dados-da-prefeitura-indicam-que-maringa-foi-a-maior-geradora-de-empregos-do-parana-em-abril\\\/\"},\"author\":{\"name\":\"soldadoadrianojose\",\"@id\":\"https:\\\/\\\/soldadoadrianojose.com.br\\\/#\\\/schema\\\/person\\\/16f8e8defb7a4bd6c6082efcd1bdb6bb\"},\"headline\":\"Dados da Prefeitura indicam que Maring\u00e1 foi a maior geradora de empregos do Paran\u00e1 em abril\",\"datePublished\":\"2023-06-04T16:36:07+00:00\",\"dateModified\":\"2023-06-04T16:36:11+00:00\",\"mainEntityOfPage\":{\"@id\":\"https:\\\/\\\/soldadoadrianojose.com.br\\\/index.php\\\/2023\\\/06\\\/04\\\/dados-da-prefeitura-indicam-que-maringa-foi-a-maior-geradora-de-empregos-do-parana-em-abril\\\/\"},\"wordCount\":223,\"commentCount\":0,\"publisher\":{\"@id\":\"https:\\\/\\\/soldadoadrianojose.com.br\\\/#\\\/schema\\\/person\\\/16f8e8defb7a4bd6c6082efcd1bdb6bb\"},\"image\":{\"@id\":\"https:\\\/\\\/soldadoadrianojose.com.br\\\/index.php\\\/2023\\\/06\\\/04\\\/dados-da-prefeitura-indicam-que-maringa-foi-a-maior-geradora-de-empregos-do-parana-em-abril\\\/#primaryimage\"},\"thumbnailUrl\":\"https:\\\/\\\/soldadoadrianojose.com.br\\\/wp-content\\\/uploads\\\/2023\\\/06\\\/AGENCIA-DO-TRABALHADOR.jpeg\",\"articleSection\":[\"PARAN\u00c1\"],\"inLanguage\":\"pt-BR\",\"potentialAction\":[{\"@type\":\"CommentAction\",\"name\":\"Comment\",\"target\":[\"https:\\\/\\\/soldadoadrianojose.com.br\\\/index.php\\\/2023\\\/06\\\/04\\\/dados-da-prefeitura-indicam-que-maringa-foi-a-maior-geradora-de-empregos-do-parana-em-abril\\\/#respond\"]}]},{\"@type\":\"WebPage\",\"@id\":\"https:\\\/\\\/soldadoadrianojose.com.br\\\/index.php\\\/2023\\\/06\\\/04\\\/dados-da-prefeitura-indicam-que-maringa-foi-a-maior-geradora-de-empregos-do-parana-em-abril\\\/\",\"url\":\"https:\\\/\\\/soldadoadrianojose.com.br\\\/index.php\\\/2023\\\/06\\\/04\\\/dados-da-prefeitura-indicam-que-maringa-foi-a-maior-geradora-de-empregos-do-parana-em-abril\\\/\",\"name\":\"Dados da Prefeitura indicam que Maring\u00e1 foi a maior geradora de empregos do Paran\u00e1 em abril - Deputado Adriano Jos\u00e9\",\"isPartOf\":{\"@id\":\"https:\\\/\\\/soldadoadrianojose.com.br\\\/#website\"},\"primaryImageOfPage\":{\"@id\":\"https:\\\/\\\/soldadoadrianojose.com.br\\\/index.php\\\/2023\\\/06\\\/04\\\/dados-da-prefeitura-indicam-que-maringa-foi-a-maior-geradora-de-empregos-do-parana-em-abril\\\/#primaryimage\"},\"image\":{\"@id\":\"https:\\\/\\\/soldadoadrianojose.com.br\\\/index.php\\\/2023\\\/06\\\/04\\\/dados-da-prefeitura-indicam-que-maringa-foi-a-maior-geradora-de-empregos-do-parana-em-abril\\\/#primaryimage\"},\"thumbnailUrl\":\"https:\\\/\\\/soldadoadrianojose.com.br\\\/wp-content\\\/uploads\\\/2023\\\/06\\\/AGENCIA-DO-TRABALHADOR.jpeg\",\"datePublished\":\"2023-06-04T16:36:07+00:00\",\"dateModified\":\"2023-06-04T16:36:11+00:00\",\"breadcrumb\":{\"@id\":\"https:\\\/\\\/soldadoadrianojose.com.br\\\/index.php\\\/2023\\\/06\\\/04\\\/dados-da-prefeitura-indicam-que-maringa-foi-a-maior-geradora-de-empregos-do-parana-em-abril\\\/#breadcrumb\"},\"inLanguage\":\"pt-BR\",\"potentialAction\":[{\"@type\":\"ReadAction\",\"target\":[\"https:\\\/\\\/soldadoadrianojose.com.br\\\/index.php\\\/2023\\\/06\\\/04\\\/dados-da-prefeitura-indicam-que-maringa-foi-a-maior-geradora-de-empregos-do-parana-em-abril\\\/\"]}]},{\"@type\":\"ImageObject\",\"inLanguage\":\"pt-BR\",\"@id\":\"https:\\\/\\\/soldadoadrianojose.com.br\\\/index.php\\\/2023\\\/06\\\/04\\\/dados-da-prefeitura-indicam-que-maringa-foi-a-maior-geradora-de-empregos-do-parana-em-abril\\\/#primaryimage\",\"url\":\"https:\\\/\\\/soldadoadrianojose.com.br\\\/wp-content\\\/uploads\\\/2023\\\/06\\\/AGENCIA-DO-TRABALHADOR.jpeg\",\"contentUrl\":\"https:\\\/\\\/soldadoadrianojose.com.br\\\/wp-content\\\/uploads\\\/2023\\\/06\\\/AGENCIA-DO-TRABALHADOR.jpeg\",\"width\":960,\"height\":640},{\"@type\":\"BreadcrumbList\",\"@id\":\"https:\\\/\\\/soldadoadrianojose.com.br\\\/index.php\\\/2023\\\/06\\\/04\\\/dados-da-prefeitura-indicam-que-maringa-foi-a-maior-geradora-de-empregos-do-parana-em-abril\\\/#breadcrumb\",\"itemListElement\":[{\"@type\":\"ListItem\",\"position\":1,\"name\":\"In\u00edcio\",\"item\":\"https:\\\/\\\/soldadoadrianojose.com.br\\\/\"},{\"@type\":\"ListItem\",\"position\":2,\"name\":\"Dados da Prefeitura indicam que Maring\u00e1 foi a maior geradora de empregos do Paran\u00e1 em abril\"}]},{\"@type\":\"WebSite\",\"@id\":\"https:\\\/\\\/soldadoadrianojose.com.br\\\/#website\",\"url\":\"https:\\\/\\\/soldadoadrianojose.com.br\\\/\",\"name\":\"Deputado Adriano Jos\u00e9\",\"description\":\"Nosso trabalho \u00e9 pelas pessoas\",\"publisher\":{\"@id\":\"https:\\\/\\\/soldadoadrianojose.com.br\\\/#\\\/schema\\\/person\\\/16f8e8defb7a4bd6c6082efcd1bdb6bb\"},\"potentialAction\":[{\"@type\":\"SearchAction\",\"target\":{\"@type\":\"EntryPoint\",\"urlTemplate\":\"https:\\\/\\\/soldadoadrianojose.com.br\\\/?s={search_term_string}\"},\"query-input\":{\"@type\":\"PropertyValueSpecification\",\"valueRequired\":true,\"valueName\":\"search_term_string\"}}],\"inLanguage\":\"pt-BR\"},{\"@type\":[\"Person\",\"Organization\"],\"@id\":\"https:\\\/\\\/soldadoadrianojose.com.br\\\/#\\\/schema\\\/person\\\/16f8e8defb7a4bd6c6082efcd1bdb6bb\",\"name\":\"soldadoadrianojose\",\"image\":{\"@type\":\"ImageObject\",\"inLanguage\":\"pt-BR\",\"@id\":\"https:\\\/\\\/soldadoadrianojose.com.br\\\/wp-content\\\/uploads\\\/2023\\\/02\\\/LOGO_CLEAR-5.png\",\"url\":\"https:\\\/\\\/soldadoadrianojose.com.br\\\/wp-content\\\/uploads\\\/2023\\\/02\\\/LOGO_CLEAR-5.png\",\"contentUrl\":\"https:\\\/\\\/soldadoadrianojose.com.br\\\/wp-content\\\/uploads\\\/2023\\\/02\\\/LOGO_CLEAR-5.png\",\"width\":3508,\"height\":998,\"caption\":\"soldadoadrianojose\"},\"logo\":{\"@id\":\"https:\\\/\\\/soldadoadrianojose.com.br\\\/wp-content\\\/uploads\\\/2023\\\/02\\\/LOGO_CLEAR-5.png\"},\"sameAs\":[\"https:\\\/\\\/soldadoadrianojose.com.br\"],\"url\":\"https:\\\/\\\/soldadoadrianojose.com.br\\\/index.php\\\/author\\\/soldadoadrianojose\\\/\"}]}<\/script>\n<!-- \/ Yoast SEO plugin. -->","yoast_head_json":{"title":"Dados da Prefeitura indicam que Maring\u00e1 foi a maior geradora de empregos do Paran\u00e1 em abril - Deputado Adriano Jos\u00e9","robots":{"index":"index","follow":"follow","max-snippet":"max-snippet:-1","max-image-preview":"max-image-preview:large","max-video-preview":"max-video-preview:-1"},"canonical":"https:\/\/soldadoadrianojose.com.br\/index.php\/2023\/06\/04\/dados-da-prefeitura-indicam-que-maringa-foi-a-maior-geradora-de-empregos-do-parana-em-abril\/","og_locale":"pt_BR","og_type":"article","og_title":"Dados da Prefeitura indicam que Maring\u00e1 foi a maior geradora de empregos do Paran\u00e1 em abril - Deputado Adriano Jos\u00e9","og_description":"Cidade teve saldo de 600 novos postos de trabalho com carteira de trabalho no m\u00eas. Maring\u00e1 foi a maior geradora de empregos do Paran\u00e1 em abril entre todos os munic\u00edpios. A cidade teve saldo de 600 novos postos de trabalho com carteira de trabalho no m\u00eas, conforme dados do Cadastro Geral de Empregados e Desempregados [&hellip;]","og_url":"https:\/\/soldadoadrianojose.com.br\/index.php\/2023\/06\/04\/dados-da-prefeitura-indicam-que-maringa-foi-a-maior-geradora-de-empregos-do-parana-em-abril\/","og_site_name":"Deputado Adriano Jos\u00e9","article_published_time":"2023-06-04T16:36:07+00:00","article_modified_time":"2023-06-04T16:36:11+00:00","og_image":[{"width":960,"height":640,"url":"https:\/\/soldadoadrianojose.com.br\/wp-content\/uploads\/2023\/06\/AGENCIA-DO-TRABALHADOR.jpeg","type":"image\/jpeg"}],"author":"soldadoadrianojose","twitter_card":"summary_large_image","twitter_misc":{"Escrito por":"soldadoadrianojose","Est. tempo de leitura":"2 minutos"},"schema":{"@context":"https:\/\/schema.org","@graph":[{"@type":"Article","@id":"https:\/\/soldadoadrianojose.com.br\/index.php\/2023\/06\/04\/dados-da-prefeitura-indicam-que-maringa-foi-a-maior-geradora-de-empregos-do-parana-em-abril\/#article","isPartOf":{"@id":"https:\/\/soldadoadrianojose.com.br\/index.php\/2023\/06\/04\/dados-da-prefeitura-indicam-que-maringa-foi-a-maior-geradora-de-empregos-do-parana-em-abril\/"},"author":{"name":"soldadoadrianojose","@id":"https:\/\/soldadoadrianojose.com.br\/#\/schema\/person\/16f8e8defb7a4bd6c6082efcd1bdb6bb"},"headline":"Dados da Prefeitura indicam que Maring\u00e1 foi a maior geradora de empregos do Paran\u00e1 em abril","datePublished":"2023-06-04T16:36:07+00:00","dateModified":"2023-06-04T16:36:11+00:00","mainEntityOfPage":{"@id":"https:\/\/soldadoadrianojose.com.br\/index.php\/2023\/06\/04\/dados-da-prefeitura-indicam-que-maringa-foi-a-maior-geradora-de-empregos-do-parana-em-abril\/"},"wordCount":223,"commentCount":0,"publisher":{"@id":"https:\/\/soldadoadrianojose.com.br\/#\/schema\/person\/16f8e8defb7a4bd6c6082efcd1bdb6bb"},"image":{"@id":"https:\/\/soldadoadrianojose.com.br\/index.php\/2023\/06\/04\/dados-da-prefeitura-indicam-que-maringa-foi-a-maior-geradora-de-empregos-do-parana-em-abril\/#primaryimage"},"thumbnailUrl":"https:\/\/soldadoadrianojose.com.br\/wp-content\/uploads\/2023\/06\/AGENCIA-DO-TRABALHADOR.jpeg","articleSection":["PARAN\u00c1"],"inLanguage":"pt-BR","potentialAction":[{"@type":"CommentAction","name":"Comment","target":["https:\/\/soldadoadrianojose.com.br\/index.php\/2023\/06\/04\/dados-da-prefeitura-indicam-que-maringa-foi-a-maior-geradora-de-empregos-do-parana-em-abril\/#respond"]}]},{"@type":"WebPage","@id":"https:\/\/soldadoadrianojose.com.br\/index.php\/2023\/06\/04\/dados-da-prefeitura-indicam-que-maringa-foi-a-maior-geradora-de-empregos-do-parana-em-abril\/","url":"https:\/\/soldadoadrianojose.com.br\/index.php\/2023\/06\/04\/dados-da-prefeitura-indicam-que-maringa-foi-a-maior-geradora-de-empregos-do-parana-em-abril\/","name":"Dados da Prefeitura indicam que Maring\u00e1 foi a maior geradora de empregos do Paran\u00e1 em abril - Deputado Adriano Jos\u00e9","isPartOf":{"@id":"https:\/\/soldadoadrianojose.com.br\/#website"},"primaryImageOfPage":{"@id":"https:\/\/soldadoadrianojose.com.br\/index.php\/2023\/06\/04\/dados-da-prefeitura-indicam-que-maringa-foi-a-maior-geradora-de-empregos-do-parana-em-abril\/#primaryimage"},"image":{"@id":"https:\/\/soldadoadrianojose.com.br\/index.php\/2023\/06\/04\/dados-da-prefeitura-indicam-que-maringa-foi-a-maior-geradora-de-empregos-do-parana-em-abril\/#primaryimage"},"thumbnailUrl":"https:\/\/soldadoadrianojose.com.br\/wp-content\/uploads\/2023\/06\/AGENCIA-DO-TRABALHADOR.jpeg","datePublished":"2023-06-04T16:36:07+00:00","dateModified":"2023-06-04T16:36:11+00:00","breadcrumb":{"@id":"https:\/\/soldadoadrianojose.com.br\/index.php\/2023\/06\/04\/dados-da-prefeitura-indicam-que-maringa-foi-a-maior-geradora-de-empregos-do-parana-em-abril\/#breadcrumb"},"inLanguage":"pt-BR","potentialAction":[{"@type":"ReadAction","target":["https:\/\/soldadoadrianojose.com.br\/index.php\/2023\/06\/04\/dados-da-prefeitura-indicam-que-maringa-foi-a-maior-geradora-de-empregos-do-parana-em-abril\/"]}]},{"@type":"ImageObject","inLanguage":"pt-BR","@id":"https:\/\/soldadoadrianojose.com.br\/index.php\/2023\/06\/04\/dados-da-prefeitura-indicam-que-maringa-foi-a-maior-geradora-de-empregos-do-parana-em-abril\/#primaryimage","url":"https:\/\/soldadoadrianojose.com.br\/wp-content\/uploads\/2023\/06\/AGENCIA-DO-TRABALHADOR.jpeg","contentUrl":"https:\/\/soldadoadrianojose.com.br\/wp-content\/uploads\/2023\/06\/AGENCIA-DO-TRABALHADOR.jpeg","width":960,"height":640},{"@type":"BreadcrumbList","@id":"https:\/\/soldadoadrianojose.com.br\/index.php\/2023\/06\/04\/dados-da-prefeitura-indicam-que-maringa-foi-a-maior-geradora-de-empregos-do-parana-em-abril\/#breadcrumb","itemListElement":[{"@type":"ListItem","position":1,"name":"In\u00edcio","item":"https:\/\/soldadoadrianojose.com.br\/"},{"@type":"ListItem","position":2,"name":"Dados da Prefeitura indicam que Maring\u00e1 foi a maior geradora de empregos do Paran\u00e1 em abril"}]},{"@type":"WebSite","@id":"https:\/\/soldadoadrianojose.com.br\/#website","url":"https:\/\/soldadoadrianojose.com.br\/","name":"Deputado Adriano Jos\u00e9","description":"Nosso trabalho \u00e9 pelas pessoas","publisher":{"@id":"https:\/\/soldadoadrianojose.com.br\/#\/schema\/person\/16f8e8defb7a4bd6c6082efcd1bdb6bb"},"potentialAction":[{"@type":"SearchAction","target":{"@type":"EntryPoint","urlTemplate":"https:\/\/soldadoadrianojose.com.br\/?s={search_term_string}"},"query-input":{"@type":"PropertyValueSpecification","valueRequired":true,"valueName":"search_term_string"}}],"inLanguage":"pt-BR"},{"@type":["Person","Organization"],"@id":"https:\/\/soldadoadrianojose.com.br\/#\/schema\/person\/16f8e8defb7a4bd6c6082efcd1bdb6bb","name":"soldadoadrianojose","image":{"@type":"ImageObject","inLanguage":"pt-BR","@id":"https:\/\/soldadoadrianojose.com.br\/wp-content\/uploads\/2023\/02\/LOGO_CLEAR-5.png","url":"https:\/\/soldadoadrianojose.com.br\/wp-content\/uploads\/2023\/02\/LOGO_CLEAR-5.png","contentUrl":"https:\/\/soldadoadrianojose.com.br\/wp-content\/uploads\/2023\/02\/LOGO_CLEAR-5.png","width":3508,"height":998,"caption":"soldadoadrianojose"},"logo":{"@id":"https:\/\/soldadoadrianojose.com.br\/wp-content\/uploads\/2023\/02\/LOGO_CLEAR-5.png"},"sameAs":["https:\/\/soldadoadrianojose.com.br"],"url":"https:\/\/soldadoadrianojose.com.br\/index.php\/author\/soldadoadrianojose\/"}]}},"jetpack_featured_media_url":"https:\/\/soldadoadrianojose.com.br\/wp-content\/uploads\/2023\/06\/AGENCIA-DO-TRABALHADOR.jpeg","_links":{"self":[{"href":"https:\/\/soldadoadrianojose.com.br\/index.php\/wp-json\/wp\/v2\/posts\/884","targetHints":{"allow":["GET"]}}],"collection":[{"href":"https:\/\/soldadoadrianojose.com.br\/index.php\/wp-json\/wp\/v2\/posts"}],"about":[{"href":"https:\/\/soldadoadrianojose.com.br\/index.php\/wp-json\/wp\/v2\/types\/post"}],"author":[{"embeddable":true,"href":"https:\/\/soldadoadrianojose.com.br\/index.php\/wp-json\/wp\/v2\/users\/1"}],"replies":[{"embeddable":true,"href":"https:\/\/soldadoadrianojose.com.br\/index.php\/wp-json\/wp\/v2\/comments?post=884"}],"version-history":[{"count":1,"href":"https:\/\/soldadoadrianojose.com.br\/index.php\/wp-json\/wp\/v2\/posts\/884\/revisions"}],"predecessor-version":[{"id":886,"href":"https:\/\/soldadoadrianojose.com.br\/index.php\/wp-json\/wp\/v2\/posts\/884\/revisions\/886"}],"wp:featuredmedia":[{"embeddable":true,"href":"https:\/\/soldadoadrianojose.com.br\/index.php\/wp-json\/wp\/v2\/media\/885"}],"wp:attachment":[{"href":"https:\/\/soldadoadrianojose.com.br\/index.php\/wp-json\/wp\/v2\/media?parent=884"}],"wp:term":[{"taxonomy":"category","embeddable":true,"href":"https:\/\/soldadoadrianojose.com.br\/index.php\/wp-json\/wp\/v2\/categories?post=884"},{"taxonomy":"post_tag","embeddable":true,"href":"https:\/\/soldadoadrianojose.com.br\/index.php\/wp-json\/wp\/v2\/tags?post=884"}],"curies":[{"name":"wp","href":"https:\/\/api.w.org\/{rel}","templated":true}]}}