{"id":910,"date":"2023-06-21T14:44:00","date_gmt":"2023-06-21T17:44:00","guid":{"rendered":"https:\/\/soldadoadrianojose.com.br\/?p=910"},"modified":"2023-06-21T14:44:03","modified_gmt":"2023-06-21T17:44:03","slug":"titulo-de-utilidade-publica-concedido-a-associacao-amigos-de-noe-uma-vitoria-para-a-protecao-dos-animais-em-santo-inacio","status":"publish","type":"post","link":"https:\/\/soldadoadrianojose.com.br\/index.php\/2023\/06\/21\/titulo-de-utilidade-publica-concedido-a-associacao-amigos-de-noe-uma-vitoria-para-a-protecao-dos-animais-em-santo-inacio\/","title":{"rendered":"T\u00edtulo de Utilidade P\u00fablica concedido \u00e0 Associa\u00e7\u00e3o Amigos de No\u00e9: uma vit\u00f3ria para a prote\u00e7\u00e3o dos animais em Santo In\u00e1cio"},"content":{"rendered":"\n<p>Deputado Adriano Jos\u00e9 (PP) protocolou projeto que concede reconhecimento oficial \u00e0 relev\u00e2ncia dos servi\u00e7os prestados pela entidade.<\/p>\n\n\n\n<figure class=\"wp-block-image size-full is-resized\"><img fetchpriority=\"high\" decoding=\"async\" src=\"https:\/\/soldadoadrianojose.com.br\/wp-content\/uploads\/2023\/06\/hoTQLIYVXq1kwSoB2pE47H1QQunxHnk7jT0aEIBs.jpeg\" alt=\"\" class=\"wp-image-911\" width=\"444\" height=\"295\" srcset=\"https:\/\/soldadoadrianojose.com.br\/wp-content\/uploads\/2023\/06\/hoTQLIYVXq1kwSoB2pE47H1QQunxHnk7jT0aEIBs.jpeg 863w, https:\/\/soldadoadrianojose.com.br\/wp-content\/uploads\/2023\/06\/hoTQLIYVXq1kwSoB2pE47H1QQunxHnk7jT0aEIBs-300x200.jpeg 300w, https:\/\/soldadoadrianojose.com.br\/wp-content\/uploads\/2023\/06\/hoTQLIYVXq1kwSoB2pE47H1QQunxHnk7jT0aEIBs-768x512.jpeg 768w\" sizes=\"(max-width: 444px) 100vw, 444px\" \/><\/figure>\n\n\n\n<p>Em uma iniciativa pioneira em prol da prote\u00e7\u00e3o e defesa dos animais, o deputado estadual Adriano Jos\u00e9 (PP) alcan\u00e7ou um marco importante ao obter o t\u00edtulo de Utilidade P\u00fablica para a Associa\u00e7\u00e3o Amigos de No\u00e9 &#8211; Centro de Prote\u00e7\u00e3o e Defesa dos Animais de Santo In\u00e1cio, com sede no munic\u00edpio de Santo In\u00e1cio. A lei foi sancionada pelo governador no dia 19\/06, conferindo reconhecimento oficial \u00e0 relev\u00e2ncia dos servi\u00e7os prestados pela entidade.<\/p>\n\n\n\n<p>O t\u00edtulo de Utilidade P\u00fablica, concedido pelo Estado do Paran\u00e1, \u00e9 uma honraria destinada a organiza\u00e7\u00f5es e entidades sem fins lucrativos que realizam atividades de interesse p\u00fablico, contribuindo para o bem-estar da sociedade. A concess\u00e3o deste t\u00edtulo confere \u00e0 Associa\u00e7\u00e3o Amigos de No\u00e9 uma s\u00e9rie de benef\u00edcios e oportunidades, bem como reconhecimento institucional.<\/p>\n\n\n\n<p>Por meio dessa conquista, a Associa\u00e7\u00e3o Amigos de No\u00e9 poder\u00e1 ampliar sua atua\u00e7\u00e3o e buscar recursos, pleitear isen\u00e7\u00f5es fiscais, receber doa\u00e7\u00f5es dedut\u00edveis no Imposto de Renda e acessar recursos financeiros por meio de conv\u00eanios e programas governamentais, para o desenvolvimento de projetos em benef\u00edcio dos animais em situa\u00e7\u00e3o de vulnerabilidade e abandono. A entidade, que j\u00e1 desempenha um papel essencial no resgate, reabilita\u00e7\u00e3o e ado\u00e7\u00e3o respons\u00e1vel de animais em Santo In\u00e1cio, poder\u00e1 agora contar com maior apoio e parcerias no setor p\u00fablico e privado.<\/p>\n\n\n\n<p>O Deputado Adriano Jos\u00e9 demonstrou seu comprometimento com a causa animal ao viabilizar essa importante conquista para a Associa\u00e7\u00e3o Amigos de No\u00e9 e frisou que \u201cessa conquista \u00e9 um passo importante para fortalecer a prote\u00e7\u00e3o e defesa dos animais em Santo In\u00e1cio e refor\u00e7ar nosso compromisso com a causa animal no Estado do Paran\u00e1\u201d.<\/p>\n\n\n\n<p>Com o t\u00edtulo de Utilidade P\u00fablica em m\u00e3os, a entidade poder\u00e1 expandir suas a\u00e7\u00f5es e oferecer um suporte ainda maior aos animais em situa\u00e7\u00e3o de vulnerabilidade, promovendo bem-estar, conscientiza\u00e7\u00e3o e prote\u00e7\u00e3o.<\/p>\n","protected":false},"excerpt":{"rendered":"<p>Deputado Adriano Jos\u00e9 (PP) protocolou projeto que concede reconhecimento oficial \u00e0 relev\u00e2ncia dos servi\u00e7os prestados pela entidade. Em uma iniciativa pioneira em prol da prote\u00e7\u00e3o e defesa dos animais, o deputado estadual Adriano Jos\u00e9 (PP) alcan\u00e7ou um marco importante ao obter o t\u00edtulo de Utilidade P\u00fablica para a Associa\u00e7\u00e3o Amigos de No\u00e9 &#8211; Centro de [&hellip;]<\/p>\n","protected":false},"author":1,"featured_media":911,"comment_status":"open","ping_status":"open","sticky":false,"template":"","format":"standard","meta":{"footnotes":""},"categories":[1],"tags":[12],"class_list":["post-910","post","type-post","status-publish","format-standard","has-post-thumbnail","hentry","category-gabinete-sd","tag-parana"],"yoast_head":"<!-- This site is optimized with the Yoast SEO plugin v27.4 - https:\/\/yoast.com\/product\/yoast-seo-wordpress\/ -->\n<title>T\u00edtulo de Utilidade P\u00fablica concedido \u00e0 Associa\u00e7\u00e3o Amigos de No\u00e9: uma vit\u00f3ria para a prote\u00e7\u00e3o dos animais em Santo In\u00e1cio - Deputado Adriano Jos\u00e9<\/title>\n<meta name=\"robots\" content=\"index, follow, max-snippet:-1, max-image-preview:large, max-video-preview:-1\" \/>\n<link rel=\"canonical\" href=\"https:\/\/soldadoadrianojose.com.br\/index.php\/2023\/06\/21\/titulo-de-utilidade-publica-concedido-a-associacao-amigos-de-noe-uma-vitoria-para-a-protecao-dos-animais-em-santo-inacio\/\" \/>\n<meta property=\"og:locale\" content=\"pt_BR\" \/>\n<meta property=\"og:type\" content=\"article\" \/>\n<meta property=\"og:title\" content=\"T\u00edtulo de Utilidade P\u00fablica concedido \u00e0 Associa\u00e7\u00e3o Amigos de No\u00e9: uma vit\u00f3ria para a prote\u00e7\u00e3o dos animais em Santo In\u00e1cio - Deputado Adriano Jos\u00e9\" \/>\n<meta property=\"og:description\" content=\"Deputado Adriano Jos\u00e9 (PP) protocolou projeto que concede reconhecimento oficial \u00e0 relev\u00e2ncia dos servi\u00e7os prestados pela entidade. Em uma iniciativa pioneira em prol da prote\u00e7\u00e3o e defesa dos animais, o deputado estadual Adriano Jos\u00e9 (PP) alcan\u00e7ou um marco importante ao obter o t\u00edtulo de Utilidade P\u00fablica para a Associa\u00e7\u00e3o Amigos de No\u00e9 &#8211; Centro de [&hellip;]\" \/>\n<meta property=\"og:url\" content=\"https:\/\/soldadoadrianojose.com.br\/index.php\/2023\/06\/21\/titulo-de-utilidade-publica-concedido-a-associacao-amigos-de-noe-uma-vitoria-para-a-protecao-dos-animais-em-santo-inacio\/\" \/>\n<meta property=\"og:site_name\" content=\"Deputado Adriano Jos\u00e9\" \/>\n<meta property=\"article:published_time\" content=\"2023-06-21T17:44:00+00:00\" \/>\n<meta property=\"article:modified_time\" content=\"2023-06-21T17:44:03+00:00\" \/>\n<meta property=\"og:image\" content=\"https:\/\/soldadoadrianojose.com.br\/wp-content\/uploads\/2023\/06\/hoTQLIYVXq1kwSoB2pE47H1QQunxHnk7jT0aEIBs.jpeg\" \/>\n\t<meta property=\"og:image:width\" content=\"863\" \/>\n\t<meta property=\"og:image:height\" content=\"575\" \/>\n\t<meta property=\"og:image:type\" content=\"image\/jpeg\" \/>\n<meta name=\"author\" content=\"soldadoadrianojose\" \/>\n<meta name=\"twitter:card\" content=\"summary_large_image\" \/>\n<meta name=\"twitter:label1\" content=\"Escrito por\" \/>\n\t<meta name=\"twitter:data1\" content=\"soldadoadrianojose\" \/>\n\t<meta name=\"twitter:label2\" content=\"Est. tempo de leitura\" \/>\n\t<meta name=\"twitter:data2\" content=\"2 minutos\" \/>\n<script type=\"application\/ld+json\" class=\"yoast-schema-graph\">{\"@context\":\"https:\\\/\\\/schema.org\",\"@graph\":[{\"@type\":\"Article\",\"@id\":\"https:\\\/\\\/soldadoadrianojose.com.br\\\/index.php\\\/2023\\\/06\\\/21\\\/titulo-de-utilidade-publica-concedido-a-associacao-amigos-de-noe-uma-vitoria-para-a-protecao-dos-animais-em-santo-inacio\\\/#article\",\"isPartOf\":{\"@id\":\"https:\\\/\\\/soldadoadrianojose.com.br\\\/index.php\\\/2023\\\/06\\\/21\\\/titulo-de-utilidade-publica-concedido-a-associacao-amigos-de-noe-uma-vitoria-para-a-protecao-dos-animais-em-santo-inacio\\\/\"},\"author\":{\"name\":\"soldadoadrianojose\",\"@id\":\"https:\\\/\\\/soldadoadrianojose.com.br\\\/#\\\/schema\\\/person\\\/16f8e8defb7a4bd6c6082efcd1bdb6bb\"},\"headline\":\"T\u00edtulo de Utilidade P\u00fablica concedido \u00e0 Associa\u00e7\u00e3o Amigos de No\u00e9: uma vit\u00f3ria para a prote\u00e7\u00e3o dos animais em Santo In\u00e1cio\",\"datePublished\":\"2023-06-21T17:44:00+00:00\",\"dateModified\":\"2023-06-21T17:44:03+00:00\",\"mainEntityOfPage\":{\"@id\":\"https:\\\/\\\/soldadoadrianojose.com.br\\\/index.php\\\/2023\\\/06\\\/21\\\/titulo-de-utilidade-publica-concedido-a-associacao-amigos-de-noe-uma-vitoria-para-a-protecao-dos-animais-em-santo-inacio\\\/\"},\"wordCount\":376,\"commentCount\":0,\"publisher\":{\"@id\":\"https:\\\/\\\/soldadoadrianojose.com.br\\\/#\\\/schema\\\/person\\\/16f8e8defb7a4bd6c6082efcd1bdb6bb\"},\"image\":{\"@id\":\"https:\\\/\\\/soldadoadrianojose.com.br\\\/index.php\\\/2023\\\/06\\\/21\\\/titulo-de-utilidade-publica-concedido-a-associacao-amigos-de-noe-uma-vitoria-para-a-protecao-dos-animais-em-santo-inacio\\\/#primaryimage\"},\"thumbnailUrl\":\"https:\\\/\\\/soldadoadrianojose.com.br\\\/wp-content\\\/uploads\\\/2023\\\/06\\\/hoTQLIYVXq1kwSoB2pE47H1QQunxHnk7jT0aEIBs.jpeg\",\"keywords\":[\"paran\u00e1\"],\"articleSection\":[\"GABINETE SD\"],\"inLanguage\":\"pt-BR\",\"potentialAction\":[{\"@type\":\"CommentAction\",\"name\":\"Comment\",\"target\":[\"https:\\\/\\\/soldadoadrianojose.com.br\\\/index.php\\\/2023\\\/06\\\/21\\\/titulo-de-utilidade-publica-concedido-a-associacao-amigos-de-noe-uma-vitoria-para-a-protecao-dos-animais-em-santo-inacio\\\/#respond\"]}]},{\"@type\":\"WebPage\",\"@id\":\"https:\\\/\\\/soldadoadrianojose.com.br\\\/index.php\\\/2023\\\/06\\\/21\\\/titulo-de-utilidade-publica-concedido-a-associacao-amigos-de-noe-uma-vitoria-para-a-protecao-dos-animais-em-santo-inacio\\\/\",\"url\":\"https:\\\/\\\/soldadoadrianojose.com.br\\\/index.php\\\/2023\\\/06\\\/21\\\/titulo-de-utilidade-publica-concedido-a-associacao-amigos-de-noe-uma-vitoria-para-a-protecao-dos-animais-em-santo-inacio\\\/\",\"name\":\"T\u00edtulo de Utilidade P\u00fablica concedido \u00e0 Associa\u00e7\u00e3o Amigos de No\u00e9: uma vit\u00f3ria para a prote\u00e7\u00e3o dos animais em Santo In\u00e1cio - Deputado Adriano Jos\u00e9\",\"isPartOf\":{\"@id\":\"https:\\\/\\\/soldadoadrianojose.com.br\\\/#website\"},\"primaryImageOfPage\":{\"@id\":\"https:\\\/\\\/soldadoadrianojose.com.br\\\/index.php\\\/2023\\\/06\\\/21\\\/titulo-de-utilidade-publica-concedido-a-associacao-amigos-de-noe-uma-vitoria-para-a-protecao-dos-animais-em-santo-inacio\\\/#primaryimage\"},\"image\":{\"@id\":\"https:\\\/\\\/soldadoadrianojose.com.br\\\/index.php\\\/2023\\\/06\\\/21\\\/titulo-de-utilidade-publica-concedido-a-associacao-amigos-de-noe-uma-vitoria-para-a-protecao-dos-animais-em-santo-inacio\\\/#primaryimage\"},\"thumbnailUrl\":\"https:\\\/\\\/soldadoadrianojose.com.br\\\/wp-content\\\/uploads\\\/2023\\\/06\\\/hoTQLIYVXq1kwSoB2pE47H1QQunxHnk7jT0aEIBs.jpeg\",\"datePublished\":\"2023-06-21T17:44:00+00:00\",\"dateModified\":\"2023-06-21T17:44:03+00:00\",\"breadcrumb\":{\"@id\":\"https:\\\/\\\/soldadoadrianojose.com.br\\\/index.php\\\/2023\\\/06\\\/21\\\/titulo-de-utilidade-publica-concedido-a-associacao-amigos-de-noe-uma-vitoria-para-a-protecao-dos-animais-em-santo-inacio\\\/#breadcrumb\"},\"inLanguage\":\"pt-BR\",\"potentialAction\":[{\"@type\":\"ReadAction\",\"target\":[\"https:\\\/\\\/soldadoadrianojose.com.br\\\/index.php\\\/2023\\\/06\\\/21\\\/titulo-de-utilidade-publica-concedido-a-associacao-amigos-de-noe-uma-vitoria-para-a-protecao-dos-animais-em-santo-inacio\\\/\"]}]},{\"@type\":\"ImageObject\",\"inLanguage\":\"pt-BR\",\"@id\":\"https:\\\/\\\/soldadoadrianojose.com.br\\\/index.php\\\/2023\\\/06\\\/21\\\/titulo-de-utilidade-publica-concedido-a-associacao-amigos-de-noe-uma-vitoria-para-a-protecao-dos-animais-em-santo-inacio\\\/#primaryimage\",\"url\":\"https:\\\/\\\/soldadoadrianojose.com.br\\\/wp-content\\\/uploads\\\/2023\\\/06\\\/hoTQLIYVXq1kwSoB2pE47H1QQunxHnk7jT0aEIBs.jpeg\",\"contentUrl\":\"https:\\\/\\\/soldadoadrianojose.com.br\\\/wp-content\\\/uploads\\\/2023\\\/06\\\/hoTQLIYVXq1kwSoB2pE47H1QQunxHnk7jT0aEIBs.jpeg\",\"width\":863,\"height\":575},{\"@type\":\"BreadcrumbList\",\"@id\":\"https:\\\/\\\/soldadoadrianojose.com.br\\\/index.php\\\/2023\\\/06\\\/21\\\/titulo-de-utilidade-publica-concedido-a-associacao-amigos-de-noe-uma-vitoria-para-a-protecao-dos-animais-em-santo-inacio\\\/#breadcrumb\",\"itemListElement\":[{\"@type\":\"ListItem\",\"position\":1,\"name\":\"In\u00edcio\",\"item\":\"https:\\\/\\\/soldadoadrianojose.com.br\\\/\"},{\"@type\":\"ListItem\",\"position\":2,\"name\":\"T\u00edtulo de Utilidade P\u00fablica concedido \u00e0 Associa\u00e7\u00e3o Amigos de No\u00e9: uma vit\u00f3ria para a prote\u00e7\u00e3o dos animais em Santo In\u00e1cio\"}]},{\"@type\":\"WebSite\",\"@id\":\"https:\\\/\\\/soldadoadrianojose.com.br\\\/#website\",\"url\":\"https:\\\/\\\/soldadoadrianojose.com.br\\\/\",\"name\":\"Deputado Adriano Jos\u00e9\",\"description\":\"Nosso trabalho \u00e9 pelas pessoas\",\"publisher\":{\"@id\":\"https:\\\/\\\/soldadoadrianojose.com.br\\\/#\\\/schema\\\/person\\\/16f8e8defb7a4bd6c6082efcd1bdb6bb\"},\"potentialAction\":[{\"@type\":\"SearchAction\",\"target\":{\"@type\":\"EntryPoint\",\"urlTemplate\":\"https:\\\/\\\/soldadoadrianojose.com.br\\\/?s={search_term_string}\"},\"query-input\":{\"@type\":\"PropertyValueSpecification\",\"valueRequired\":true,\"valueName\":\"search_term_string\"}}],\"inLanguage\":\"pt-BR\"},{\"@type\":[\"Person\",\"Organization\"],\"@id\":\"https:\\\/\\\/soldadoadrianojose.com.br\\\/#\\\/schema\\\/person\\\/16f8e8defb7a4bd6c6082efcd1bdb6bb\",\"name\":\"soldadoadrianojose\",\"image\":{\"@type\":\"ImageObject\",\"inLanguage\":\"pt-BR\",\"@id\":\"https:\\\/\\\/soldadoadrianojose.com.br\\\/wp-content\\\/uploads\\\/2023\\\/02\\\/LOGO_CLEAR-5.png\",\"url\":\"https:\\\/\\\/soldadoadrianojose.com.br\\\/wp-content\\\/uploads\\\/2023\\\/02\\\/LOGO_CLEAR-5.png\",\"contentUrl\":\"https:\\\/\\\/soldadoadrianojose.com.br\\\/wp-content\\\/uploads\\\/2023\\\/02\\\/LOGO_CLEAR-5.png\",\"width\":3508,\"height\":998,\"caption\":\"soldadoadrianojose\"},\"logo\":{\"@id\":\"https:\\\/\\\/soldadoadrianojose.com.br\\\/wp-content\\\/uploads\\\/2023\\\/02\\\/LOGO_CLEAR-5.png\"},\"sameAs\":[\"https:\\\/\\\/soldadoadrianojose.com.br\"],\"url\":\"https:\\\/\\\/soldadoadrianojose.com.br\\\/index.php\\\/author\\\/soldadoadrianojose\\\/\"}]}<\/script>\n<!-- \/ Yoast SEO plugin. -->","yoast_head_json":{"title":"T\u00edtulo de Utilidade P\u00fablica concedido \u00e0 Associa\u00e7\u00e3o Amigos de No\u00e9: uma vit\u00f3ria para a prote\u00e7\u00e3o dos animais em Santo In\u00e1cio - Deputado Adriano Jos\u00e9","robots":{"index":"index","follow":"follow","max-snippet":"max-snippet:-1","max-image-preview":"max-image-preview:large","max-video-preview":"max-video-preview:-1"},"canonical":"https:\/\/soldadoadrianojose.com.br\/index.php\/2023\/06\/21\/titulo-de-utilidade-publica-concedido-a-associacao-amigos-de-noe-uma-vitoria-para-a-protecao-dos-animais-em-santo-inacio\/","og_locale":"pt_BR","og_type":"article","og_title":"T\u00edtulo de Utilidade P\u00fablica concedido \u00e0 Associa\u00e7\u00e3o Amigos de No\u00e9: uma vit\u00f3ria para a prote\u00e7\u00e3o dos animais em Santo In\u00e1cio - Deputado Adriano Jos\u00e9","og_description":"Deputado Adriano Jos\u00e9 (PP) protocolou projeto que concede reconhecimento oficial \u00e0 relev\u00e2ncia dos servi\u00e7os prestados pela entidade. Em uma iniciativa pioneira em prol da prote\u00e7\u00e3o e defesa dos animais, o deputado estadual Adriano Jos\u00e9 (PP) alcan\u00e7ou um marco importante ao obter o t\u00edtulo de Utilidade P\u00fablica para a Associa\u00e7\u00e3o Amigos de No\u00e9 &#8211; Centro de [&hellip;]","og_url":"https:\/\/soldadoadrianojose.com.br\/index.php\/2023\/06\/21\/titulo-de-utilidade-publica-concedido-a-associacao-amigos-de-noe-uma-vitoria-para-a-protecao-dos-animais-em-santo-inacio\/","og_site_name":"Deputado Adriano Jos\u00e9","article_published_time":"2023-06-21T17:44:00+00:00","article_modified_time":"2023-06-21T17:44:03+00:00","og_image":[{"width":863,"height":575,"url":"https:\/\/soldadoadrianojose.com.br\/wp-content\/uploads\/2023\/06\/hoTQLIYVXq1kwSoB2pE47H1QQunxHnk7jT0aEIBs.jpeg","type":"image\/jpeg"}],"author":"soldadoadrianojose","twitter_card":"summary_large_image","twitter_misc":{"Escrito por":"soldadoadrianojose","Est. tempo de leitura":"2 minutos"},"schema":{"@context":"https:\/\/schema.org","@graph":[{"@type":"Article","@id":"https:\/\/soldadoadrianojose.com.br\/index.php\/2023\/06\/21\/titulo-de-utilidade-publica-concedido-a-associacao-amigos-de-noe-uma-vitoria-para-a-protecao-dos-animais-em-santo-inacio\/#article","isPartOf":{"@id":"https:\/\/soldadoadrianojose.com.br\/index.php\/2023\/06\/21\/titulo-de-utilidade-publica-concedido-a-associacao-amigos-de-noe-uma-vitoria-para-a-protecao-dos-animais-em-santo-inacio\/"},"author":{"name":"soldadoadrianojose","@id":"https:\/\/soldadoadrianojose.com.br\/#\/schema\/person\/16f8e8defb7a4bd6c6082efcd1bdb6bb"},"headline":"T\u00edtulo de Utilidade P\u00fablica concedido \u00e0 Associa\u00e7\u00e3o Amigos de No\u00e9: uma vit\u00f3ria para a prote\u00e7\u00e3o dos animais em Santo In\u00e1cio","datePublished":"2023-06-21T17:44:00+00:00","dateModified":"2023-06-21T17:44:03+00:00","mainEntityOfPage":{"@id":"https:\/\/soldadoadrianojose.com.br\/index.php\/2023\/06\/21\/titulo-de-utilidade-publica-concedido-a-associacao-amigos-de-noe-uma-vitoria-para-a-protecao-dos-animais-em-santo-inacio\/"},"wordCount":376,"commentCount":0,"publisher":{"@id":"https:\/\/soldadoadrianojose.com.br\/#\/schema\/person\/16f8e8defb7a4bd6c6082efcd1bdb6bb"},"image":{"@id":"https:\/\/soldadoadrianojose.com.br\/index.php\/2023\/06\/21\/titulo-de-utilidade-publica-concedido-a-associacao-amigos-de-noe-uma-vitoria-para-a-protecao-dos-animais-em-santo-inacio\/#primaryimage"},"thumbnailUrl":"https:\/\/soldadoadrianojose.com.br\/wp-content\/uploads\/2023\/06\/hoTQLIYVXq1kwSoB2pE47H1QQunxHnk7jT0aEIBs.jpeg","keywords":["paran\u00e1"],"articleSection":["GABINETE SD"],"inLanguage":"pt-BR","potentialAction":[{"@type":"CommentAction","name":"Comment","target":["https:\/\/soldadoadrianojose.com.br\/index.php\/2023\/06\/21\/titulo-de-utilidade-publica-concedido-a-associacao-amigos-de-noe-uma-vitoria-para-a-protecao-dos-animais-em-santo-inacio\/#respond"]}]},{"@type":"WebPage","@id":"https:\/\/soldadoadrianojose.com.br\/index.php\/2023\/06\/21\/titulo-de-utilidade-publica-concedido-a-associacao-amigos-de-noe-uma-vitoria-para-a-protecao-dos-animais-em-santo-inacio\/","url":"https:\/\/soldadoadrianojose.com.br\/index.php\/2023\/06\/21\/titulo-de-utilidade-publica-concedido-a-associacao-amigos-de-noe-uma-vitoria-para-a-protecao-dos-animais-em-santo-inacio\/","name":"T\u00edtulo de Utilidade P\u00fablica concedido \u00e0 Associa\u00e7\u00e3o Amigos de No\u00e9: uma vit\u00f3ria para a prote\u00e7\u00e3o dos animais em Santo In\u00e1cio - Deputado Adriano Jos\u00e9","isPartOf":{"@id":"https:\/\/soldadoadrianojose.com.br\/#website"},"primaryImageOfPage":{"@id":"https:\/\/soldadoadrianojose.com.br\/index.php\/2023\/06\/21\/titulo-de-utilidade-publica-concedido-a-associacao-amigos-de-noe-uma-vitoria-para-a-protecao-dos-animais-em-santo-inacio\/#primaryimage"},"image":{"@id":"https:\/\/soldadoadrianojose.com.br\/index.php\/2023\/06\/21\/titulo-de-utilidade-publica-concedido-a-associacao-amigos-de-noe-uma-vitoria-para-a-protecao-dos-animais-em-santo-inacio\/#primaryimage"},"thumbnailUrl":"https:\/\/soldadoadrianojose.com.br\/wp-content\/uploads\/2023\/06\/hoTQLIYVXq1kwSoB2pE47H1QQunxHnk7jT0aEIBs.jpeg","datePublished":"2023-06-21T17:44:00+00:00","dateModified":"2023-06-21T17:44:03+00:00","breadcrumb":{"@id":"https:\/\/soldadoadrianojose.com.br\/index.php\/2023\/06\/21\/titulo-de-utilidade-publica-concedido-a-associacao-amigos-de-noe-uma-vitoria-para-a-protecao-dos-animais-em-santo-inacio\/#breadcrumb"},"inLanguage":"pt-BR","potentialAction":[{"@type":"ReadAction","target":["https:\/\/soldadoadrianojose.com.br\/index.php\/2023\/06\/21\/titulo-de-utilidade-publica-concedido-a-associacao-amigos-de-noe-uma-vitoria-para-a-protecao-dos-animais-em-santo-inacio\/"]}]},{"@type":"ImageObject","inLanguage":"pt-BR","@id":"https:\/\/soldadoadrianojose.com.br\/index.php\/2023\/06\/21\/titulo-de-utilidade-publica-concedido-a-associacao-amigos-de-noe-uma-vitoria-para-a-protecao-dos-animais-em-santo-inacio\/#primaryimage","url":"https:\/\/soldadoadrianojose.com.br\/wp-content\/uploads\/2023\/06\/hoTQLIYVXq1kwSoB2pE47H1QQunxHnk7jT0aEIBs.jpeg","contentUrl":"https:\/\/soldadoadrianojose.com.br\/wp-content\/uploads\/2023\/06\/hoTQLIYVXq1kwSoB2pE47H1QQunxHnk7jT0aEIBs.jpeg","width":863,"height":575},{"@type":"BreadcrumbList","@id":"https:\/\/soldadoadrianojose.com.br\/index.php\/2023\/06\/21\/titulo-de-utilidade-publica-concedido-a-associacao-amigos-de-noe-uma-vitoria-para-a-protecao-dos-animais-em-santo-inacio\/#breadcrumb","itemListElement":[{"@type":"ListItem","position":1,"name":"In\u00edcio","item":"https:\/\/soldadoadrianojose.com.br\/"},{"@type":"ListItem","position":2,"name":"T\u00edtulo de Utilidade P\u00fablica concedido \u00e0 Associa\u00e7\u00e3o Amigos de No\u00e9: uma vit\u00f3ria para a prote\u00e7\u00e3o dos animais em Santo In\u00e1cio"}]},{"@type":"WebSite","@id":"https:\/\/soldadoadrianojose.com.br\/#website","url":"https:\/\/soldadoadrianojose.com.br\/","name":"Deputado Adriano Jos\u00e9","description":"Nosso trabalho \u00e9 pelas pessoas","publisher":{"@id":"https:\/\/soldadoadrianojose.com.br\/#\/schema\/person\/16f8e8defb7a4bd6c6082efcd1bdb6bb"},"potentialAction":[{"@type":"SearchAction","target":{"@type":"EntryPoint","urlTemplate":"https:\/\/soldadoadrianojose.com.br\/?s={search_term_string}"},"query-input":{"@type":"PropertyValueSpecification","valueRequired":true,"valueName":"search_term_string"}}],"inLanguage":"pt-BR"},{"@type":["Person","Organization"],"@id":"https:\/\/soldadoadrianojose.com.br\/#\/schema\/person\/16f8e8defb7a4bd6c6082efcd1bdb6bb","name":"soldadoadrianojose","image":{"@type":"ImageObject","inLanguage":"pt-BR","@id":"https:\/\/soldadoadrianojose.com.br\/wp-content\/uploads\/2023\/02\/LOGO_CLEAR-5.png","url":"https:\/\/soldadoadrianojose.com.br\/wp-content\/uploads\/2023\/02\/LOGO_CLEAR-5.png","contentUrl":"https:\/\/soldadoadrianojose.com.br\/wp-content\/uploads\/2023\/02\/LOGO_CLEAR-5.png","width":3508,"height":998,"caption":"soldadoadrianojose"},"logo":{"@id":"https:\/\/soldadoadrianojose.com.br\/wp-content\/uploads\/2023\/02\/LOGO_CLEAR-5.png"},"sameAs":["https:\/\/soldadoadrianojose.com.br"],"url":"https:\/\/soldadoadrianojose.com.br\/index.php\/author\/soldadoadrianojose\/"}]}},"jetpack_featured_media_url":"https:\/\/soldadoadrianojose.com.br\/wp-content\/uploads\/2023\/06\/hoTQLIYVXq1kwSoB2pE47H1QQunxHnk7jT0aEIBs.jpeg","_links":{"self":[{"href":"https:\/\/soldadoadrianojose.com.br\/index.php\/wp-json\/wp\/v2\/posts\/910","targetHints":{"allow":["GET"]}}],"collection":[{"href":"https:\/\/soldadoadrianojose.com.br\/index.php\/wp-json\/wp\/v2\/posts"}],"about":[{"href":"https:\/\/soldadoadrianojose.com.br\/index.php\/wp-json\/wp\/v2\/types\/post"}],"author":[{"embeddable":true,"href":"https:\/\/soldadoadrianojose.com.br\/index.php\/wp-json\/wp\/v2\/users\/1"}],"replies":[{"embeddable":true,"href":"https:\/\/soldadoadrianojose.com.br\/index.php\/wp-json\/wp\/v2\/comments?post=910"}],"version-history":[{"count":1,"href":"https:\/\/soldadoadrianojose.com.br\/index.php\/wp-json\/wp\/v2\/posts\/910\/revisions"}],"predecessor-version":[{"id":912,"href":"https:\/\/soldadoadrianojose.com.br\/index.php\/wp-json\/wp\/v2\/posts\/910\/revisions\/912"}],"wp:featuredmedia":[{"embeddable":true,"href":"https:\/\/soldadoadrianojose.com.br\/index.php\/wp-json\/wp\/v2\/media\/911"}],"wp:attachment":[{"href":"https:\/\/soldadoadrianojose.com.br\/index.php\/wp-json\/wp\/v2\/media?parent=910"}],"wp:term":[{"taxonomy":"category","embeddable":true,"href":"https:\/\/soldadoadrianojose.com.br\/index.php\/wp-json\/wp\/v2\/categories?post=910"},{"taxonomy":"post_tag","embeddable":true,"href":"https:\/\/soldadoadrianojose.com.br\/index.php\/wp-json\/wp\/v2\/tags?post=910"}],"curies":[{"name":"wp","href":"https:\/\/api.w.org\/{rel}","templated":true}]}}