{"id":932,"date":"2023-07-24T14:58:39","date_gmt":"2023-07-24T17:58:39","guid":{"rendered":"https:\/\/soldadoadrianojose.com.br\/?p=932"},"modified":"2023-07-24T15:00:06","modified_gmt":"2023-07-24T18:00:06","slug":"guardas-municipais-terao-assento-no-conselho-de-seguranca-e-defesa-social","status":"publish","type":"post","link":"https:\/\/soldadoadrianojose.com.br\/index.php\/2023\/07\/24\/guardas-municipais-terao-assento-no-conselho-de-seguranca-e-defesa-social\/","title":{"rendered":"Guardas municipais ter\u00e3o assento no Conselho de Seguran\u00e7a e Defesa Social"},"content":{"rendered":"\n<figure class=\"wp-block-image size-large is-resized\"><img fetchpriority=\"high\" decoding=\"async\" src=\"https:\/\/soldadoadrianojose.com.br\/wp-content\/uploads\/2023\/07\/vice_governador-encontro_est._de_guardas_municipais-24-07-23_111-1024x683.jpg\" alt=\"\" class=\"wp-image-933\" width=\"380\" height=\"253\" srcset=\"https:\/\/soldadoadrianojose.com.br\/wp-content\/uploads\/2023\/07\/vice_governador-encontro_est._de_guardas_municipais-24-07-23_111-1024x683.jpg 1024w, https:\/\/soldadoadrianojose.com.br\/wp-content\/uploads\/2023\/07\/vice_governador-encontro_est._de_guardas_municipais-24-07-23_111-300x200.jpg 300w, https:\/\/soldadoadrianojose.com.br\/wp-content\/uploads\/2023\/07\/vice_governador-encontro_est._de_guardas_municipais-24-07-23_111-768x512.jpg 768w, https:\/\/soldadoadrianojose.com.br\/wp-content\/uploads\/2023\/07\/vice_governador-encontro_est._de_guardas_municipais-24-07-23_111-1536x1024.jpg 1536w, https:\/\/soldadoadrianojose.com.br\/wp-content\/uploads\/2023\/07\/vice_governador-encontro_est._de_guardas_municipais-24-07-23_111-2048x1365.jpg 2048w\" sizes=\"(max-width: 380px) 100vw, 380px\" \/><figcaption class=\"wp-element-caption\">Governador em exerc\u00edcio Darci Piana participa do Encontro Estadual de Prefeitos, Secret\u00e1rios Municipais de Seguran\u00e7a e Guardas Municipais  &#8211; Foto: Ari Dias\/AEN<\/figcaption><\/figure>\n\n\n\n<p><strong>Medida significa um aumento da representatividade das for\u00e7as municipais, que est\u00e3o presentes em 37 cidades do Paran\u00e1, e uma maior integra\u00e7\u00e3o com as pol\u00edcias Civil e Militar. Com a mudan\u00e7a no colegiado, Estado sai na frente em rela\u00e7\u00e3o \u00e0 aplica\u00e7\u00e3o efetiva do Sistema \u00danico de Seguran\u00e7a P\u00fablica (Susp).<\/strong><\/p>\n\n\n\n<p>&#8220;A inclus\u00e3o das Guardas Municipais no Conesp-PR \u00e9 um passo importante para a integra\u00e7\u00e3o com as pol\u00edcias Civil e Militar, para combater a criminalidade e garantir mais seguran\u00e7a para o estado do Paran\u00e1. Essa uni\u00e3o de for\u00e7as demonstra o compromisso em promover e valorizar sua atua\u00e7\u00e3o. E, sem d\u00favidas, a colabora\u00e7\u00e3o entre as for\u00e7as de seguran\u00e7a \u00e9 fundamental para proteger e garantir o bem-estar da popula\u00e7\u00e3o&#8221;, disse o <strong>Deputado Soldado Adriano.<\/strong><\/p>\n\n\n\n<p>As Guardas Municipais das cidades paranaenses ter\u00e3o a partir de agora uma representa\u00e7\u00e3o formal no Conselho Estadual de Seguran\u00e7a P\u00fablica do Paran\u00e1 e Defesa Social (Conesp-PR). O an\u00fancio foi feito nesta segunda-feira (24) durante o V Encontro de Gestores Municipais de Seguran\u00e7a P\u00fablica e Diretores de Guarda Municipal do Paran\u00e1, que aconteceu no Pal\u00e1cio Igua\u00e7u, em Curitiba.<\/p>\n\n\n\n<p>Presente no evento, o governador em exerc\u00edcio Darci Piana exaltou a import\u00e2ncia das Guardas Municipais, que est\u00e3o presentes em 37 cidades do Paran\u00e1, e da integra\u00e7\u00e3o com as pol\u00edcias Civil e Militar para o combate \u00e0 criminalidade no Estado. \u201cA jun\u00e7\u00e3o das Guardas Municipais, com a sua inclus\u00e3o no Conesp-PR, que ser\u00e1 formalizada pela Assembleia Legislativa, \u00e9 mais um passo que o Estado d\u00e1 para aproximar as for\u00e7as policiais, cuja uni\u00e3o significa mais seguran\u00e7a para a popula\u00e7\u00e3o paranaense\u201d, afirmou.<\/p>\n\n\n\n<p>Para o presidente da Federa\u00e7\u00e3o Nacional de Sindicatos de Guardas Municipais (Fenaguardas), Luiz Vecchi, as mudan\u00e7as no colegiado do Conselho Estadual de Seguran\u00e7a P\u00fablica coloca o Paran\u00e1 na vanguarda do processo de integra\u00e7\u00e3o entre os agentes de seguran\u00e7a dos diferentes n\u00edveis de governo.<\/p>\n\n\n\n<p>\u201cTemos muito a agradecer ao governador Ratinho Junior, que atendeu a solicita\u00e7\u00e3o de garantir um assento permanente no colegiado do Conesp-PR, o que faz do Paran\u00e1 pioneiro na aplica\u00e7\u00e3o integral do Susp (Sistema \u00danico de Seguran\u00e7a P\u00fablica)\u201d, disse Vecchi. \u201c\u00c9 um dia hist\u00f3rico que conta com a presen\u00e7a de representantes das 37 guardas municipais do Paran\u00e1, e que representam juntos a segunda maior for\u00e7a de seguran\u00e7a p\u00fablica do Estado\u201d.<\/p>\n\n\n\n<p>No evento, tamb\u00e9m foram apresentados detalhes sobre a Pol\u00edtica Estadual de Apoio aos \u00d3rg\u00e3os Municipais de Seguran\u00e7a P\u00fablica (Peosp), feita a leitura e aprova\u00e7\u00e3o do Conselho Estadual de Gestores Municipais de Seguran\u00e7a P\u00fablica e Comandantes de Guarda Municipal do Paran\u00e1 (Congecep) e a elei\u00e7\u00e3o da Diretoria Executiva do \u00f3rg\u00e3o.<\/p>\n\n\n\n<p>Segundo o presidente em exerc\u00edcio da Associa\u00e7\u00e3o dos Munic\u00edpios do Paran\u00e1 (AMP), S\u00e9rgio Onofre, que atuou na organiza\u00e7\u00e3o e apoio ao evento, os policiais militares e os guardas municipais t\u00eam a mesma finalidade e, portanto, devem trabalhar de forma integrada. \u201cEste encontro ajudou a organizar o apoio do Estado \u00e0s Guardas Municipais, que precisam caminhar juntas com as for\u00e7as estaduais na defesa da nossa popula\u00e7\u00e3o\u201d, afirmou. Ele \u00e9 prefeito de Arapongas (Norte do Estado).<\/p>\n\n\n\n<ul class=\"wp-block-list\">\n<li><strong><a href=\"https:\/\/www.aen.pr.gov.br\/Noticia\/Parana-registra-queda-nos-roubos-em-2022-aponta-Anuario-Brasileiro-de-Seguranca-Publica\" target=\"_blank\" rel=\"noreferrer noopener\">Paran\u00e1 registra queda nos roubos em 2022, aponta Anu\u00e1rio Brasileiro de Seguran\u00e7a P\u00fablica<\/a><\/strong><\/li>\n\n\n\n<li><strong><a href=\"https:\/\/www.aen.pr.gov.br\/Noticia\/Operacao-Fronteiras-e-Divisas-Integradas-II-apreende-5-toneladas-de-drogas-e-86-armas\" target=\"_blank\" rel=\"noreferrer noopener\">Opera\u00e7\u00e3o Fronteiras e Divisas Integradas II apreende 5 toneladas de drogas e 86 armas<\/a><\/strong><\/li>\n<\/ul>\n\n\n\n<p><strong>CONSELHO<\/strong>&nbsp;\u2013 Criado pela Lei Estadual n\u00ba 19.935\/2019, o Conesp-PR tem como finalidade elaborar novas diretrizes para as pol\u00edticas p\u00fablicas de seguran\u00e7a e de defesa social, com foco na preven\u00e7\u00e3o e repress\u00e3o da viol\u00eancia e da criminalidade.<\/p>\n\n\n\n<p>Al\u00e9m das Guardas Municipais, que passam a ter representatividade no \u00f3rg\u00e3o, o conselho \u00e9 formado por representantes das for\u00e7as de seguran\u00e7a estadual, Poder Judici\u00e1rio, Minist\u00e9rio P\u00fablico, Ordem dos Advogados do Brasil e Defensoria P\u00fablica, al\u00e9m de um representante de entidades e organiza\u00e7\u00f5es da sociedade e um de entidades de profissionais de seguran\u00e7a p\u00fablica.<\/p>\n\n\n\n<p><strong>GUARDAS MUNICIPAIS<\/strong>&nbsp;\u2013 As cidades paranaenses que possuem Guardas Municipais s\u00e3o: \u00c2ngulo, Apucarana, Arapongas, Arauc\u00e1ria, Cambar\u00e1, Camb\u00e9, Campo Largo, Campo Mour\u00e3o, Cascavel, Castro, Cianorte, Colombo, Cruzmaltina, Curitiba, Fazenda Rio Grande, Foz do Igua\u00e7u, Gua\u00edra, Iguara\u00e7u, Ipor\u00e3, Irati, Jaguapit\u00e3, Lobato, Londrina, Mandagua\u00e7u, Mandaguari, Mandirituba, Marialva, Maring\u00e1, Matinhos, Mau\u00e1 da Serra, Munhoz de Melo, Nossa Senhora das Gra\u00e7as, Paranagu\u00e1, Paranava\u00ed, Pinhais, Pitangueiras, Ponta Grossa, Pontal do Paran\u00e1, Quatro Barras, S\u00e3o Miguel do Igua\u00e7u, S\u00e3o Jos\u00e9 dos Pinhais, Sarandi, Toledo, Tel\u00eamaco Borba e Umuarama.<\/p>\n\n\n\n<ul class=\"wp-block-list\">\n<li><strong><a href=\"https:\/\/www.aen.pr.gov.br\/Noticia\/Policia-Militar-apreende-31-toneladas-de-maconha-em-duas-acoes-na-regiao-Oeste\" target=\"_blank\" rel=\"noreferrer noopener\">Pol\u00edcia Militar apreende 3,1 toneladas de maconha em duas a\u00e7\u00f5es na regi\u00e3o Oeste<\/a><\/strong><\/li>\n\n\n\n<li><strong><a href=\"https:\/\/www.aen.pr.gov.br\/Noticia\/Dez-mil-policiais-militares-sao-capacitados-para-combate-violencia-contra-mulher\" target=\"_blank\" rel=\"noreferrer noopener\">Dez mil policiais militares s\u00e3o capacitados para combate \u00e0 viol\u00eancia contra a mulher<\/a><\/strong><\/li>\n<\/ul>\n\n\n\n<p><strong>PRESEN\u00c7AS<\/strong>&nbsp;\u2013 Tamb\u00e9m participaram do evento o chefe da Casa Civil, Jo\u00e3o Carlos Ortega; o secret\u00e1rio de Estado das Cidades, Eduardo Pimentel; os deputados estaduais Tiago Amaral, Cloara Pinheiro, M\u00e1rcia Hu\u00e7ulak, Paulo Gomes e Tito Barichello; o presidente da Associa\u00e7\u00e3o dos Munic\u00edpios do Oeste do Paran\u00e1 e prefeito de Toledo, Luis Adalberto Lunitti; o prefeito de Foz do Igua\u00e7u, Chico Brasileiro; o prefeito de Mandirituba, Luis Antonio Biscaia; o prefeito de Campo Largo, Maur\u00edcio Rivabem; o diretor-geral da Pol\u00edcia Cient\u00edfica do Paran\u00e1, Luiz Rodrigo Grochocki; o diretor de Pol\u00edticas P\u00fablicas da Secretaria de Seguran\u00e7a P\u00fablica, Fernando Klemps; e o superintendente da Casa Civil, Junior Weiller.<\/p>\n","protected":false},"excerpt":{"rendered":"<p>Medida significa um aumento da representatividade das for\u00e7as municipais, que est\u00e3o presentes em 37 cidades do Paran\u00e1, e uma maior integra\u00e7\u00e3o com as pol\u00edcias Civil e Militar. Com a mudan\u00e7a no colegiado, Estado sai na frente em rela\u00e7\u00e3o \u00e0 aplica\u00e7\u00e3o efetiva do Sistema \u00danico de Seguran\u00e7a P\u00fablica (Susp). &#8220;A inclus\u00e3o das Guardas Municipais no Conesp-PR [&hellip;]<\/p>\n","protected":false},"author":1,"featured_media":933,"comment_status":"open","ping_status":"open","sticky":false,"template":"","format":"standard","meta":{"footnotes":""},"categories":[5],"tags":[13,10,12,18,9],"class_list":["post-932","post","type-post","status-publish","format-standard","has-post-thumbnail","hentry","category-parana","tag-deputado","tag-maringa","tag-parana","tag-ratinho-jr","tag-soldado-adriano-jose"],"yoast_head":"<!-- This site is optimized with the Yoast SEO plugin v27.4 - https:\/\/yoast.com\/product\/yoast-seo-wordpress\/ -->\n<title>Guardas municipais ter\u00e3o assento no Conselho de Seguran\u00e7a e Defesa Social - Deputado Adriano Jos\u00e9<\/title>\n<meta name=\"robots\" content=\"index, follow, max-snippet:-1, max-image-preview:large, max-video-preview:-1\" \/>\n<link rel=\"canonical\" href=\"https:\/\/soldadoadrianojose.com.br\/index.php\/2023\/07\/24\/guardas-municipais-terao-assento-no-conselho-de-seguranca-e-defesa-social\/\" \/>\n<meta property=\"og:locale\" content=\"pt_BR\" \/>\n<meta property=\"og:type\" content=\"article\" \/>\n<meta property=\"og:title\" content=\"Guardas municipais ter\u00e3o assento no Conselho de Seguran\u00e7a e Defesa Social - Deputado Adriano Jos\u00e9\" \/>\n<meta property=\"og:description\" content=\"Medida significa um aumento da representatividade das for\u00e7as municipais, que est\u00e3o presentes em 37 cidades do Paran\u00e1, e uma maior integra\u00e7\u00e3o com as pol\u00edcias Civil e Militar. Com a mudan\u00e7a no colegiado, Estado sai na frente em rela\u00e7\u00e3o \u00e0 aplica\u00e7\u00e3o efetiva do Sistema \u00danico de Seguran\u00e7a P\u00fablica (Susp). &#8220;A inclus\u00e3o das Guardas Municipais no Conesp-PR [&hellip;]\" \/>\n<meta property=\"og:url\" content=\"https:\/\/soldadoadrianojose.com.br\/index.php\/2023\/07\/24\/guardas-municipais-terao-assento-no-conselho-de-seguranca-e-defesa-social\/\" \/>\n<meta property=\"og:site_name\" content=\"Deputado Adriano Jos\u00e9\" \/>\n<meta property=\"article:published_time\" content=\"2023-07-24T17:58:39+00:00\" \/>\n<meta property=\"article:modified_time\" content=\"2023-07-24T18:00:06+00:00\" \/>\n<meta property=\"og:image\" content=\"https:\/\/soldadoadrianojose.com.br\/wp-content\/uploads\/2023\/07\/vice_governador-encontro_est._de_guardas_municipais-24-07-23_111-scaled.jpg\" \/>\n\t<meta property=\"og:image:width\" content=\"2560\" \/>\n\t<meta property=\"og:image:height\" content=\"1707\" \/>\n\t<meta property=\"og:image:type\" content=\"image\/jpeg\" \/>\n<meta name=\"author\" content=\"soldadoadrianojose\" \/>\n<meta name=\"twitter:card\" content=\"summary_large_image\" \/>\n<meta name=\"twitter:label1\" content=\"Escrito por\" \/>\n\t<meta name=\"twitter:data1\" content=\"soldadoadrianojose\" \/>\n\t<meta name=\"twitter:label2\" content=\"Est. tempo de leitura\" \/>\n\t<meta name=\"twitter:data2\" content=\"5 minutos\" \/>\n<script type=\"application\/ld+json\" class=\"yoast-schema-graph\">{\"@context\":\"https:\\\/\\\/schema.org\",\"@graph\":[{\"@type\":\"Article\",\"@id\":\"https:\\\/\\\/soldadoadrianojose.com.br\\\/index.php\\\/2023\\\/07\\\/24\\\/guardas-municipais-terao-assento-no-conselho-de-seguranca-e-defesa-social\\\/#article\",\"isPartOf\":{\"@id\":\"https:\\\/\\\/soldadoadrianojose.com.br\\\/index.php\\\/2023\\\/07\\\/24\\\/guardas-municipais-terao-assento-no-conselho-de-seguranca-e-defesa-social\\\/\"},\"author\":{\"name\":\"soldadoadrianojose\",\"@id\":\"https:\\\/\\\/soldadoadrianojose.com.br\\\/#\\\/schema\\\/person\\\/16f8e8defb7a4bd6c6082efcd1bdb6bb\"},\"headline\":\"Guardas municipais ter\u00e3o assento no Conselho de Seguran\u00e7a e Defesa Social\",\"datePublished\":\"2023-07-24T17:58:39+00:00\",\"dateModified\":\"2023-07-24T18:00:06+00:00\",\"mainEntityOfPage\":{\"@id\":\"https:\\\/\\\/soldadoadrianojose.com.br\\\/index.php\\\/2023\\\/07\\\/24\\\/guardas-municipais-terao-assento-no-conselho-de-seguranca-e-defesa-social\\\/\"},\"wordCount\":970,\"commentCount\":0,\"publisher\":{\"@id\":\"https:\\\/\\\/soldadoadrianojose.com.br\\\/#\\\/schema\\\/person\\\/16f8e8defb7a4bd6c6082efcd1bdb6bb\"},\"image\":{\"@id\":\"https:\\\/\\\/soldadoadrianojose.com.br\\\/index.php\\\/2023\\\/07\\\/24\\\/guardas-municipais-terao-assento-no-conselho-de-seguranca-e-defesa-social\\\/#primaryimage\"},\"thumbnailUrl\":\"https:\\\/\\\/soldadoadrianojose.com.br\\\/wp-content\\\/uploads\\\/2023\\\/07\\\/vice_governador-encontro_est._de_guardas_municipais-24-07-23_111-scaled.jpg\",\"keywords\":[\"deputado\",\"maringa\",\"paran\u00e1\",\"RATINHO JR\",\"soldado adriano jose\"],\"articleSection\":[\"PARAN\u00c1\"],\"inLanguage\":\"pt-BR\",\"potentialAction\":[{\"@type\":\"CommentAction\",\"name\":\"Comment\",\"target\":[\"https:\\\/\\\/soldadoadrianojose.com.br\\\/index.php\\\/2023\\\/07\\\/24\\\/guardas-municipais-terao-assento-no-conselho-de-seguranca-e-defesa-social\\\/#respond\"]}]},{\"@type\":\"WebPage\",\"@id\":\"https:\\\/\\\/soldadoadrianojose.com.br\\\/index.php\\\/2023\\\/07\\\/24\\\/guardas-municipais-terao-assento-no-conselho-de-seguranca-e-defesa-social\\\/\",\"url\":\"https:\\\/\\\/soldadoadrianojose.com.br\\\/index.php\\\/2023\\\/07\\\/24\\\/guardas-municipais-terao-assento-no-conselho-de-seguranca-e-defesa-social\\\/\",\"name\":\"Guardas municipais ter\u00e3o assento no Conselho de Seguran\u00e7a e Defesa Social - Deputado Adriano Jos\u00e9\",\"isPartOf\":{\"@id\":\"https:\\\/\\\/soldadoadrianojose.com.br\\\/#website\"},\"primaryImageOfPage\":{\"@id\":\"https:\\\/\\\/soldadoadrianojose.com.br\\\/index.php\\\/2023\\\/07\\\/24\\\/guardas-municipais-terao-assento-no-conselho-de-seguranca-e-defesa-social\\\/#primaryimage\"},\"image\":{\"@id\":\"https:\\\/\\\/soldadoadrianojose.com.br\\\/index.php\\\/2023\\\/07\\\/24\\\/guardas-municipais-terao-assento-no-conselho-de-seguranca-e-defesa-social\\\/#primaryimage\"},\"thumbnailUrl\":\"https:\\\/\\\/soldadoadrianojose.com.br\\\/wp-content\\\/uploads\\\/2023\\\/07\\\/vice_governador-encontro_est._de_guardas_municipais-24-07-23_111-scaled.jpg\",\"datePublished\":\"2023-07-24T17:58:39+00:00\",\"dateModified\":\"2023-07-24T18:00:06+00:00\",\"breadcrumb\":{\"@id\":\"https:\\\/\\\/soldadoadrianojose.com.br\\\/index.php\\\/2023\\\/07\\\/24\\\/guardas-municipais-terao-assento-no-conselho-de-seguranca-e-defesa-social\\\/#breadcrumb\"},\"inLanguage\":\"pt-BR\",\"potentialAction\":[{\"@type\":\"ReadAction\",\"target\":[\"https:\\\/\\\/soldadoadrianojose.com.br\\\/index.php\\\/2023\\\/07\\\/24\\\/guardas-municipais-terao-assento-no-conselho-de-seguranca-e-defesa-social\\\/\"]}]},{\"@type\":\"ImageObject\",\"inLanguage\":\"pt-BR\",\"@id\":\"https:\\\/\\\/soldadoadrianojose.com.br\\\/index.php\\\/2023\\\/07\\\/24\\\/guardas-municipais-terao-assento-no-conselho-de-seguranca-e-defesa-social\\\/#primaryimage\",\"url\":\"https:\\\/\\\/soldadoadrianojose.com.br\\\/wp-content\\\/uploads\\\/2023\\\/07\\\/vice_governador-encontro_est._de_guardas_municipais-24-07-23_111-scaled.jpg\",\"contentUrl\":\"https:\\\/\\\/soldadoadrianojose.com.br\\\/wp-content\\\/uploads\\\/2023\\\/07\\\/vice_governador-encontro_est._de_guardas_municipais-24-07-23_111-scaled.jpg\",\"width\":2560,\"height\":1707,\"caption\":\"Governador em exerc\u00edcio Darci Piana participa do Encontro Estadual de Prefeitos, Secret\u00e1rios Municipais de Seguran\u00e7a e Guardas Municipais - Foto: Ari Dias\\\/AEN\"},{\"@type\":\"BreadcrumbList\",\"@id\":\"https:\\\/\\\/soldadoadrianojose.com.br\\\/index.php\\\/2023\\\/07\\\/24\\\/guardas-municipais-terao-assento-no-conselho-de-seguranca-e-defesa-social\\\/#breadcrumb\",\"itemListElement\":[{\"@type\":\"ListItem\",\"position\":1,\"name\":\"In\u00edcio\",\"item\":\"https:\\\/\\\/soldadoadrianojose.com.br\\\/\"},{\"@type\":\"ListItem\",\"position\":2,\"name\":\"Guardas municipais ter\u00e3o assento no Conselho de Seguran\u00e7a e Defesa Social\"}]},{\"@type\":\"WebSite\",\"@id\":\"https:\\\/\\\/soldadoadrianojose.com.br\\\/#website\",\"url\":\"https:\\\/\\\/soldadoadrianojose.com.br\\\/\",\"name\":\"Deputado Adriano Jos\u00e9\",\"description\":\"Nosso trabalho \u00e9 pelas pessoas\",\"publisher\":{\"@id\":\"https:\\\/\\\/soldadoadrianojose.com.br\\\/#\\\/schema\\\/person\\\/16f8e8defb7a4bd6c6082efcd1bdb6bb\"},\"potentialAction\":[{\"@type\":\"SearchAction\",\"target\":{\"@type\":\"EntryPoint\",\"urlTemplate\":\"https:\\\/\\\/soldadoadrianojose.com.br\\\/?s={search_term_string}\"},\"query-input\":{\"@type\":\"PropertyValueSpecification\",\"valueRequired\":true,\"valueName\":\"search_term_string\"}}],\"inLanguage\":\"pt-BR\"},{\"@type\":[\"Person\",\"Organization\"],\"@id\":\"https:\\\/\\\/soldadoadrianojose.com.br\\\/#\\\/schema\\\/person\\\/16f8e8defb7a4bd6c6082efcd1bdb6bb\",\"name\":\"soldadoadrianojose\",\"image\":{\"@type\":\"ImageObject\",\"inLanguage\":\"pt-BR\",\"@id\":\"https:\\\/\\\/soldadoadrianojose.com.br\\\/wp-content\\\/uploads\\\/2023\\\/02\\\/LOGO_CLEAR-5.png\",\"url\":\"https:\\\/\\\/soldadoadrianojose.com.br\\\/wp-content\\\/uploads\\\/2023\\\/02\\\/LOGO_CLEAR-5.png\",\"contentUrl\":\"https:\\\/\\\/soldadoadrianojose.com.br\\\/wp-content\\\/uploads\\\/2023\\\/02\\\/LOGO_CLEAR-5.png\",\"width\":3508,\"height\":998,\"caption\":\"soldadoadrianojose\"},\"logo\":{\"@id\":\"https:\\\/\\\/soldadoadrianojose.com.br\\\/wp-content\\\/uploads\\\/2023\\\/02\\\/LOGO_CLEAR-5.png\"},\"sameAs\":[\"https:\\\/\\\/soldadoadrianojose.com.br\"],\"url\":\"https:\\\/\\\/soldadoadrianojose.com.br\\\/index.php\\\/author\\\/soldadoadrianojose\\\/\"}]}<\/script>\n<!-- \/ Yoast SEO plugin. -->","yoast_head_json":{"title":"Guardas municipais ter\u00e3o assento no Conselho de Seguran\u00e7a e Defesa Social - Deputado Adriano Jos\u00e9","robots":{"index":"index","follow":"follow","max-snippet":"max-snippet:-1","max-image-preview":"max-image-preview:large","max-video-preview":"max-video-preview:-1"},"canonical":"https:\/\/soldadoadrianojose.com.br\/index.php\/2023\/07\/24\/guardas-municipais-terao-assento-no-conselho-de-seguranca-e-defesa-social\/","og_locale":"pt_BR","og_type":"article","og_title":"Guardas municipais ter\u00e3o assento no Conselho de Seguran\u00e7a e Defesa Social - Deputado Adriano Jos\u00e9","og_description":"Medida significa um aumento da representatividade das for\u00e7as municipais, que est\u00e3o presentes em 37 cidades do Paran\u00e1, e uma maior integra\u00e7\u00e3o com as pol\u00edcias Civil e Militar. Com a mudan\u00e7a no colegiado, Estado sai na frente em rela\u00e7\u00e3o \u00e0 aplica\u00e7\u00e3o efetiva do Sistema \u00danico de Seguran\u00e7a P\u00fablica (Susp). &#8220;A inclus\u00e3o das Guardas Municipais no Conesp-PR [&hellip;]","og_url":"https:\/\/soldadoadrianojose.com.br\/index.php\/2023\/07\/24\/guardas-municipais-terao-assento-no-conselho-de-seguranca-e-defesa-social\/","og_site_name":"Deputado Adriano Jos\u00e9","article_published_time":"2023-07-24T17:58:39+00:00","article_modified_time":"2023-07-24T18:00:06+00:00","og_image":[{"width":2560,"height":1707,"url":"https:\/\/soldadoadrianojose.com.br\/wp-content\/uploads\/2023\/07\/vice_governador-encontro_est._de_guardas_municipais-24-07-23_111-scaled.jpg","type":"image\/jpeg"}],"author":"soldadoadrianojose","twitter_card":"summary_large_image","twitter_misc":{"Escrito por":"soldadoadrianojose","Est. tempo de leitura":"5 minutos"},"schema":{"@context":"https:\/\/schema.org","@graph":[{"@type":"Article","@id":"https:\/\/soldadoadrianojose.com.br\/index.php\/2023\/07\/24\/guardas-municipais-terao-assento-no-conselho-de-seguranca-e-defesa-social\/#article","isPartOf":{"@id":"https:\/\/soldadoadrianojose.com.br\/index.php\/2023\/07\/24\/guardas-municipais-terao-assento-no-conselho-de-seguranca-e-defesa-social\/"},"author":{"name":"soldadoadrianojose","@id":"https:\/\/soldadoadrianojose.com.br\/#\/schema\/person\/16f8e8defb7a4bd6c6082efcd1bdb6bb"},"headline":"Guardas municipais ter\u00e3o assento no Conselho de Seguran\u00e7a e Defesa Social","datePublished":"2023-07-24T17:58:39+00:00","dateModified":"2023-07-24T18:00:06+00:00","mainEntityOfPage":{"@id":"https:\/\/soldadoadrianojose.com.br\/index.php\/2023\/07\/24\/guardas-municipais-terao-assento-no-conselho-de-seguranca-e-defesa-social\/"},"wordCount":970,"commentCount":0,"publisher":{"@id":"https:\/\/soldadoadrianojose.com.br\/#\/schema\/person\/16f8e8defb7a4bd6c6082efcd1bdb6bb"},"image":{"@id":"https:\/\/soldadoadrianojose.com.br\/index.php\/2023\/07\/24\/guardas-municipais-terao-assento-no-conselho-de-seguranca-e-defesa-social\/#primaryimage"},"thumbnailUrl":"https:\/\/soldadoadrianojose.com.br\/wp-content\/uploads\/2023\/07\/vice_governador-encontro_est._de_guardas_municipais-24-07-23_111-scaled.jpg","keywords":["deputado","maringa","paran\u00e1","RATINHO JR","soldado adriano jose"],"articleSection":["PARAN\u00c1"],"inLanguage":"pt-BR","potentialAction":[{"@type":"CommentAction","name":"Comment","target":["https:\/\/soldadoadrianojose.com.br\/index.php\/2023\/07\/24\/guardas-municipais-terao-assento-no-conselho-de-seguranca-e-defesa-social\/#respond"]}]},{"@type":"WebPage","@id":"https:\/\/soldadoadrianojose.com.br\/index.php\/2023\/07\/24\/guardas-municipais-terao-assento-no-conselho-de-seguranca-e-defesa-social\/","url":"https:\/\/soldadoadrianojose.com.br\/index.php\/2023\/07\/24\/guardas-municipais-terao-assento-no-conselho-de-seguranca-e-defesa-social\/","name":"Guardas municipais ter\u00e3o assento no Conselho de Seguran\u00e7a e Defesa Social - Deputado Adriano Jos\u00e9","isPartOf":{"@id":"https:\/\/soldadoadrianojose.com.br\/#website"},"primaryImageOfPage":{"@id":"https:\/\/soldadoadrianojose.com.br\/index.php\/2023\/07\/24\/guardas-municipais-terao-assento-no-conselho-de-seguranca-e-defesa-social\/#primaryimage"},"image":{"@id":"https:\/\/soldadoadrianojose.com.br\/index.php\/2023\/07\/24\/guardas-municipais-terao-assento-no-conselho-de-seguranca-e-defesa-social\/#primaryimage"},"thumbnailUrl":"https:\/\/soldadoadrianojose.com.br\/wp-content\/uploads\/2023\/07\/vice_governador-encontro_est._de_guardas_municipais-24-07-23_111-scaled.jpg","datePublished":"2023-07-24T17:58:39+00:00","dateModified":"2023-07-24T18:00:06+00:00","breadcrumb":{"@id":"https:\/\/soldadoadrianojose.com.br\/index.php\/2023\/07\/24\/guardas-municipais-terao-assento-no-conselho-de-seguranca-e-defesa-social\/#breadcrumb"},"inLanguage":"pt-BR","potentialAction":[{"@type":"ReadAction","target":["https:\/\/soldadoadrianojose.com.br\/index.php\/2023\/07\/24\/guardas-municipais-terao-assento-no-conselho-de-seguranca-e-defesa-social\/"]}]},{"@type":"ImageObject","inLanguage":"pt-BR","@id":"https:\/\/soldadoadrianojose.com.br\/index.php\/2023\/07\/24\/guardas-municipais-terao-assento-no-conselho-de-seguranca-e-defesa-social\/#primaryimage","url":"https:\/\/soldadoadrianojose.com.br\/wp-content\/uploads\/2023\/07\/vice_governador-encontro_est._de_guardas_municipais-24-07-23_111-scaled.jpg","contentUrl":"https:\/\/soldadoadrianojose.com.br\/wp-content\/uploads\/2023\/07\/vice_governador-encontro_est._de_guardas_municipais-24-07-23_111-scaled.jpg","width":2560,"height":1707,"caption":"Governador em exerc\u00edcio Darci Piana participa do Encontro Estadual de Prefeitos, Secret\u00e1rios Municipais de Seguran\u00e7a e Guardas Municipais - Foto: Ari Dias\/AEN"},{"@type":"BreadcrumbList","@id":"https:\/\/soldadoadrianojose.com.br\/index.php\/2023\/07\/24\/guardas-municipais-terao-assento-no-conselho-de-seguranca-e-defesa-social\/#breadcrumb","itemListElement":[{"@type":"ListItem","position":1,"name":"In\u00edcio","item":"https:\/\/soldadoadrianojose.com.br\/"},{"@type":"ListItem","position":2,"name":"Guardas municipais ter\u00e3o assento no Conselho de Seguran\u00e7a e Defesa Social"}]},{"@type":"WebSite","@id":"https:\/\/soldadoadrianojose.com.br\/#website","url":"https:\/\/soldadoadrianojose.com.br\/","name":"Deputado Adriano Jos\u00e9","description":"Nosso trabalho \u00e9 pelas pessoas","publisher":{"@id":"https:\/\/soldadoadrianojose.com.br\/#\/schema\/person\/16f8e8defb7a4bd6c6082efcd1bdb6bb"},"potentialAction":[{"@type":"SearchAction","target":{"@type":"EntryPoint","urlTemplate":"https:\/\/soldadoadrianojose.com.br\/?s={search_term_string}"},"query-input":{"@type":"PropertyValueSpecification","valueRequired":true,"valueName":"search_term_string"}}],"inLanguage":"pt-BR"},{"@type":["Person","Organization"],"@id":"https:\/\/soldadoadrianojose.com.br\/#\/schema\/person\/16f8e8defb7a4bd6c6082efcd1bdb6bb","name":"soldadoadrianojose","image":{"@type":"ImageObject","inLanguage":"pt-BR","@id":"https:\/\/soldadoadrianojose.com.br\/wp-content\/uploads\/2023\/02\/LOGO_CLEAR-5.png","url":"https:\/\/soldadoadrianojose.com.br\/wp-content\/uploads\/2023\/02\/LOGO_CLEAR-5.png","contentUrl":"https:\/\/soldadoadrianojose.com.br\/wp-content\/uploads\/2023\/02\/LOGO_CLEAR-5.png","width":3508,"height":998,"caption":"soldadoadrianojose"},"logo":{"@id":"https:\/\/soldadoadrianojose.com.br\/wp-content\/uploads\/2023\/02\/LOGO_CLEAR-5.png"},"sameAs":["https:\/\/soldadoadrianojose.com.br"],"url":"https:\/\/soldadoadrianojose.com.br\/index.php\/author\/soldadoadrianojose\/"}]}},"jetpack_featured_media_url":"https:\/\/soldadoadrianojose.com.br\/wp-content\/uploads\/2023\/07\/vice_governador-encontro_est._de_guardas_municipais-24-07-23_111-scaled.jpg","_links":{"self":[{"href":"https:\/\/soldadoadrianojose.com.br\/index.php\/wp-json\/wp\/v2\/posts\/932","targetHints":{"allow":["GET"]}}],"collection":[{"href":"https:\/\/soldadoadrianojose.com.br\/index.php\/wp-json\/wp\/v2\/posts"}],"about":[{"href":"https:\/\/soldadoadrianojose.com.br\/index.php\/wp-json\/wp\/v2\/types\/post"}],"author":[{"embeddable":true,"href":"https:\/\/soldadoadrianojose.com.br\/index.php\/wp-json\/wp\/v2\/users\/1"}],"replies":[{"embeddable":true,"href":"https:\/\/soldadoadrianojose.com.br\/index.php\/wp-json\/wp\/v2\/comments?post=932"}],"version-history":[{"count":2,"href":"https:\/\/soldadoadrianojose.com.br\/index.php\/wp-json\/wp\/v2\/posts\/932\/revisions"}],"predecessor-version":[{"id":937,"href":"https:\/\/soldadoadrianojose.com.br\/index.php\/wp-json\/wp\/v2\/posts\/932\/revisions\/937"}],"wp:featuredmedia":[{"embeddable":true,"href":"https:\/\/soldadoadrianojose.com.br\/index.php\/wp-json\/wp\/v2\/media\/933"}],"wp:attachment":[{"href":"https:\/\/soldadoadrianojose.com.br\/index.php\/wp-json\/wp\/v2\/media?parent=932"}],"wp:term":[{"taxonomy":"category","embeddable":true,"href":"https:\/\/soldadoadrianojose.com.br\/index.php\/wp-json\/wp\/v2\/categories?post=932"},{"taxonomy":"post_tag","embeddable":true,"href":"https:\/\/soldadoadrianojose.com.br\/index.php\/wp-json\/wp\/v2\/tags?post=932"}],"curies":[{"name":"wp","href":"https:\/\/api.w.org\/{rel}","templated":true}]}}