{"id":938,"date":"2023-07-25T11:53:06","date_gmt":"2023-07-25T14:53:06","guid":{"rendered":"https:\/\/soldadoadrianojose.com.br\/?p=938"},"modified":"2023-07-25T12:27:12","modified_gmt":"2023-07-25T15:27:12","slug":"viva-o-parana-79-dos-paranaenses-aprovam-escolas-civico-militares","status":"publish","type":"post","link":"https:\/\/soldadoadrianojose.com.br\/index.php\/2023\/07\/25\/viva-o-parana-79-dos-paranaenses-aprovam-escolas-civico-militares\/","title":{"rendered":"VIVA O PARAN\u00c1: 79% dos paranaenses aprovam escolas c\u00edvico-militares"},"content":{"rendered":"\n<figure class=\"wp-block-image size-full is-resized\"><img fetchpriority=\"high\" decoding=\"async\" src=\"https:\/\/soldadoadrianojose.com.br\/wp-content\/uploads\/2023\/07\/WhatsApp-Image-2023-07-25-at-11.48.09.jpeg\" alt=\"\" class=\"wp-image-939\" width=\"302\" height=\"256\" srcset=\"https:\/\/soldadoadrianojose.com.br\/wp-content\/uploads\/2023\/07\/WhatsApp-Image-2023-07-25-at-11.48.09.jpeg 1024w, https:\/\/soldadoadrianojose.com.br\/wp-content\/uploads\/2023\/07\/WhatsApp-Image-2023-07-25-at-11.48.09-300x254.jpeg 300w, https:\/\/soldadoadrianojose.com.br\/wp-content\/uploads\/2023\/07\/WhatsApp-Image-2023-07-25-at-11.48.09-768x651.jpeg 768w\" sizes=\"(max-width: 302px) 100vw, 302px\" \/><\/figure>\n\n\n\n<p><strong>&#8220;Parab\u00e9ns ao governador Ratinho Junior e ao secret\u00e1rio de educa\u00e7\u00e3o Roni Miranda pela implementa\u00e7\u00e3o das escolas c\u00edvico-militares no Paran\u00e1! Essa aprova\u00e7\u00e3o expressiva dos paranaenses mostra que estamos no caminho certo para uma educa\u00e7\u00e3o de qualidade. Orgulho do nosso estado&#8221;<\/strong>comentou o <strong>Deputado Adriano Jos\u00e9 <\/strong><\/p>\n\n\n\n<p>Uma pesquisa realizada pelo Instituto IRG apontou que 79% dos paranaenses aprovam a manuten\u00e7\u00e3o do modelo de escolas c\u00edvico-militares no Paran\u00e1. Os dados foram divulgados nesta segunda-feira (24).<\/p>\n\n\n\n<p><strong>&#8220;79% dos paranaenses aprovam a nossa decis\u00e3o sobre as escolas c\u00edvico-militares. Aqui os pais podem escolher o que \u00e9 melhor para a educa\u00e7\u00e3o dos seus filhos&#8221;<\/strong> diz o Governador Ratinho Junior<\/p>\n\n\n\n<p>A abordagem foi realizada junto a 2.848 entrevistados por telefone entre os dias 17 e 20 de julho, dias ap\u00f3s a&nbsp;<em><a href=\"https:\/\/cbncuritiba.com.br\/materias\/mec-encerra-programa-civico-militar-nas-escolas-parana-tem-12-colegios-no-modelo-federal\/\">confirma\u00e7\u00e3o por parte do governo do Estado em continuar com esse modelo<\/a><\/em>, mesmo ap\u00f3s a descontinuidade do programa em n\u00edvel nacional.<\/p>\n\n\n\n<p>Ainda entre\u00a0os entrevistados, 20% se manifestaram de forma contr\u00e1ria e\u00a01% n\u00e3o soube ou n\u00e3o respondeu \u00e0 sondagem.<\/p>\n\n\n\n<p>O governo do Paran\u00e1 j\u00e1 anunciou que vai incorporar as 12 escolas c\u00edvico-militares que integravam o programa nacional.\u00a0Com isso, as unidades de ensino que seguem o modelo c\u00edvico-militar passam de 194 para 206 ap\u00f3s a conclus\u00e3o da migra\u00e7\u00e3o, o que deve acontecer entre o final de 2023 e o in\u00edcio de 2024.<\/p>\n\n\n\n<p><\/p>\n\n\n\n<p>MAT\u00c9RIA: CBN CURITIBA<\/p>\n","protected":false},"excerpt":{"rendered":"<p>&#8220;Parab\u00e9ns ao governador Ratinho Junior e ao secret\u00e1rio de educa\u00e7\u00e3o Roni Miranda pela implementa\u00e7\u00e3o das escolas c\u00edvico-militares no Paran\u00e1! Essa aprova\u00e7\u00e3o expressiva dos paranaenses mostra que estamos no caminho certo para uma educa\u00e7\u00e3o de qualidade. Orgulho do nosso estado&#8221;comentou o Deputado Adriano Jos\u00e9 Uma pesquisa realizada pelo Instituto IRG apontou que 79% dos paranaenses aprovam [&hellip;]<\/p>\n","protected":false},"author":1,"featured_media":939,"comment_status":"open","ping_status":"open","sticky":false,"template":"","format":"standard","meta":{"footnotes":""},"categories":[1,5],"tags":[],"class_list":["post-938","post","type-post","status-publish","format-standard","has-post-thumbnail","hentry","category-gabinete-sd","category-parana"],"yoast_head":"<!-- This site is optimized with the Yoast SEO plugin v27.4 - https:\/\/yoast.com\/product\/yoast-seo-wordpress\/ -->\n<title>VIVA O PARAN\u00c1: 79% dos paranaenses aprovam escolas c\u00edvico-militares - Deputado Adriano Jos\u00e9<\/title>\n<meta name=\"robots\" content=\"index, follow, max-snippet:-1, max-image-preview:large, max-video-preview:-1\" \/>\n<link rel=\"canonical\" href=\"https:\/\/soldadoadrianojose.com.br\/index.php\/2023\/07\/25\/viva-o-parana-79-dos-paranaenses-aprovam-escolas-civico-militares\/\" \/>\n<meta property=\"og:locale\" content=\"pt_BR\" \/>\n<meta property=\"og:type\" content=\"article\" \/>\n<meta property=\"og:title\" content=\"VIVA O PARAN\u00c1: 79% dos paranaenses aprovam escolas c\u00edvico-militares - Deputado Adriano Jos\u00e9\" \/>\n<meta property=\"og:description\" content=\"&#8220;Parab\u00e9ns ao governador Ratinho Junior e ao secret\u00e1rio de educa\u00e7\u00e3o Roni Miranda pela implementa\u00e7\u00e3o das escolas c\u00edvico-militares no Paran\u00e1! Essa aprova\u00e7\u00e3o expressiva dos paranaenses mostra que estamos no caminho certo para uma educa\u00e7\u00e3o de qualidade. Orgulho do nosso estado&#8221;comentou o Deputado Adriano Jos\u00e9 Uma pesquisa realizada pelo Instituto IRG apontou que 79% dos paranaenses aprovam [&hellip;]\" \/>\n<meta property=\"og:url\" content=\"https:\/\/soldadoadrianojose.com.br\/index.php\/2023\/07\/25\/viva-o-parana-79-dos-paranaenses-aprovam-escolas-civico-militares\/\" \/>\n<meta property=\"og:site_name\" content=\"Deputado Adriano Jos\u00e9\" \/>\n<meta property=\"article:published_time\" content=\"2023-07-25T14:53:06+00:00\" \/>\n<meta property=\"article:modified_time\" content=\"2023-07-25T15:27:12+00:00\" \/>\n<meta property=\"og:image\" content=\"https:\/\/soldadoadrianojose.com.br\/wp-content\/uploads\/2023\/07\/WhatsApp-Image-2023-07-25-at-11.48.09.jpeg\" \/>\n\t<meta property=\"og:image:width\" content=\"1024\" \/>\n\t<meta property=\"og:image:height\" content=\"868\" \/>\n\t<meta property=\"og:image:type\" content=\"image\/jpeg\" \/>\n<meta name=\"author\" content=\"soldadoadrianojose\" \/>\n<meta name=\"twitter:card\" content=\"summary_large_image\" \/>\n<meta name=\"twitter:label1\" content=\"Escrito por\" \/>\n\t<meta name=\"twitter:data1\" content=\"soldadoadrianojose\" \/>\n\t<meta name=\"twitter:label2\" content=\"Est. tempo de leitura\" \/>\n\t<meta name=\"twitter:data2\" content=\"2 minutos\" \/>\n<script type=\"application\/ld+json\" class=\"yoast-schema-graph\">{\"@context\":\"https:\\\/\\\/schema.org\",\"@graph\":[{\"@type\":\"Article\",\"@id\":\"https:\\\/\\\/soldadoadrianojose.com.br\\\/index.php\\\/2023\\\/07\\\/25\\\/viva-o-parana-79-dos-paranaenses-aprovam-escolas-civico-militares\\\/#article\",\"isPartOf\":{\"@id\":\"https:\\\/\\\/soldadoadrianojose.com.br\\\/index.php\\\/2023\\\/07\\\/25\\\/viva-o-parana-79-dos-paranaenses-aprovam-escolas-civico-militares\\\/\"},\"author\":{\"name\":\"soldadoadrianojose\",\"@id\":\"https:\\\/\\\/soldadoadrianojose.com.br\\\/#\\\/schema\\\/person\\\/16f8e8defb7a4bd6c6082efcd1bdb6bb\"},\"headline\":\"VIVA O PARAN\u00c1: 79% dos paranaenses aprovam escolas c\u00edvico-militares\",\"datePublished\":\"2023-07-25T14:53:06+00:00\",\"dateModified\":\"2023-07-25T15:27:12+00:00\",\"mainEntityOfPage\":{\"@id\":\"https:\\\/\\\/soldadoadrianojose.com.br\\\/index.php\\\/2023\\\/07\\\/25\\\/viva-o-parana-79-dos-paranaenses-aprovam-escolas-civico-militares\\\/\"},\"wordCount\":241,\"commentCount\":0,\"publisher\":{\"@id\":\"https:\\\/\\\/soldadoadrianojose.com.br\\\/#\\\/schema\\\/person\\\/16f8e8defb7a4bd6c6082efcd1bdb6bb\"},\"image\":{\"@id\":\"https:\\\/\\\/soldadoadrianojose.com.br\\\/index.php\\\/2023\\\/07\\\/25\\\/viva-o-parana-79-dos-paranaenses-aprovam-escolas-civico-militares\\\/#primaryimage\"},\"thumbnailUrl\":\"https:\\\/\\\/soldadoadrianojose.com.br\\\/wp-content\\\/uploads\\\/2023\\\/07\\\/WhatsApp-Image-2023-07-25-at-11.48.09.jpeg\",\"articleSection\":[\"GABINETE SD\",\"PARAN\u00c1\"],\"inLanguage\":\"pt-BR\",\"potentialAction\":[{\"@type\":\"CommentAction\",\"name\":\"Comment\",\"target\":[\"https:\\\/\\\/soldadoadrianojose.com.br\\\/index.php\\\/2023\\\/07\\\/25\\\/viva-o-parana-79-dos-paranaenses-aprovam-escolas-civico-militares\\\/#respond\"]}]},{\"@type\":\"WebPage\",\"@id\":\"https:\\\/\\\/soldadoadrianojose.com.br\\\/index.php\\\/2023\\\/07\\\/25\\\/viva-o-parana-79-dos-paranaenses-aprovam-escolas-civico-militares\\\/\",\"url\":\"https:\\\/\\\/soldadoadrianojose.com.br\\\/index.php\\\/2023\\\/07\\\/25\\\/viva-o-parana-79-dos-paranaenses-aprovam-escolas-civico-militares\\\/\",\"name\":\"VIVA O PARAN\u00c1: 79% dos paranaenses aprovam escolas c\u00edvico-militares - Deputado Adriano Jos\u00e9\",\"isPartOf\":{\"@id\":\"https:\\\/\\\/soldadoadrianojose.com.br\\\/#website\"},\"primaryImageOfPage\":{\"@id\":\"https:\\\/\\\/soldadoadrianojose.com.br\\\/index.php\\\/2023\\\/07\\\/25\\\/viva-o-parana-79-dos-paranaenses-aprovam-escolas-civico-militares\\\/#primaryimage\"},\"image\":{\"@id\":\"https:\\\/\\\/soldadoadrianojose.com.br\\\/index.php\\\/2023\\\/07\\\/25\\\/viva-o-parana-79-dos-paranaenses-aprovam-escolas-civico-militares\\\/#primaryimage\"},\"thumbnailUrl\":\"https:\\\/\\\/soldadoadrianojose.com.br\\\/wp-content\\\/uploads\\\/2023\\\/07\\\/WhatsApp-Image-2023-07-25-at-11.48.09.jpeg\",\"datePublished\":\"2023-07-25T14:53:06+00:00\",\"dateModified\":\"2023-07-25T15:27:12+00:00\",\"breadcrumb\":{\"@id\":\"https:\\\/\\\/soldadoadrianojose.com.br\\\/index.php\\\/2023\\\/07\\\/25\\\/viva-o-parana-79-dos-paranaenses-aprovam-escolas-civico-militares\\\/#breadcrumb\"},\"inLanguage\":\"pt-BR\",\"potentialAction\":[{\"@type\":\"ReadAction\",\"target\":[\"https:\\\/\\\/soldadoadrianojose.com.br\\\/index.php\\\/2023\\\/07\\\/25\\\/viva-o-parana-79-dos-paranaenses-aprovam-escolas-civico-militares\\\/\"]}]},{\"@type\":\"ImageObject\",\"inLanguage\":\"pt-BR\",\"@id\":\"https:\\\/\\\/soldadoadrianojose.com.br\\\/index.php\\\/2023\\\/07\\\/25\\\/viva-o-parana-79-dos-paranaenses-aprovam-escolas-civico-militares\\\/#primaryimage\",\"url\":\"https:\\\/\\\/soldadoadrianojose.com.br\\\/wp-content\\\/uploads\\\/2023\\\/07\\\/WhatsApp-Image-2023-07-25-at-11.48.09.jpeg\",\"contentUrl\":\"https:\\\/\\\/soldadoadrianojose.com.br\\\/wp-content\\\/uploads\\\/2023\\\/07\\\/WhatsApp-Image-2023-07-25-at-11.48.09.jpeg\",\"width\":1024,\"height\":868},{\"@type\":\"BreadcrumbList\",\"@id\":\"https:\\\/\\\/soldadoadrianojose.com.br\\\/index.php\\\/2023\\\/07\\\/25\\\/viva-o-parana-79-dos-paranaenses-aprovam-escolas-civico-militares\\\/#breadcrumb\",\"itemListElement\":[{\"@type\":\"ListItem\",\"position\":1,\"name\":\"In\u00edcio\",\"item\":\"https:\\\/\\\/soldadoadrianojose.com.br\\\/\"},{\"@type\":\"ListItem\",\"position\":2,\"name\":\"VIVA O PARAN\u00c1: 79% dos paranaenses aprovam escolas c\u00edvico-militares\"}]},{\"@type\":\"WebSite\",\"@id\":\"https:\\\/\\\/soldadoadrianojose.com.br\\\/#website\",\"url\":\"https:\\\/\\\/soldadoadrianojose.com.br\\\/\",\"name\":\"Deputado Adriano Jos\u00e9\",\"description\":\"Nosso trabalho \u00e9 pelas pessoas\",\"publisher\":{\"@id\":\"https:\\\/\\\/soldadoadrianojose.com.br\\\/#\\\/schema\\\/person\\\/16f8e8defb7a4bd6c6082efcd1bdb6bb\"},\"potentialAction\":[{\"@type\":\"SearchAction\",\"target\":{\"@type\":\"EntryPoint\",\"urlTemplate\":\"https:\\\/\\\/soldadoadrianojose.com.br\\\/?s={search_term_string}\"},\"query-input\":{\"@type\":\"PropertyValueSpecification\",\"valueRequired\":true,\"valueName\":\"search_term_string\"}}],\"inLanguage\":\"pt-BR\"},{\"@type\":[\"Person\",\"Organization\"],\"@id\":\"https:\\\/\\\/soldadoadrianojose.com.br\\\/#\\\/schema\\\/person\\\/16f8e8defb7a4bd6c6082efcd1bdb6bb\",\"name\":\"soldadoadrianojose\",\"image\":{\"@type\":\"ImageObject\",\"inLanguage\":\"pt-BR\",\"@id\":\"https:\\\/\\\/soldadoadrianojose.com.br\\\/wp-content\\\/uploads\\\/2023\\\/02\\\/LOGO_CLEAR-5.png\",\"url\":\"https:\\\/\\\/soldadoadrianojose.com.br\\\/wp-content\\\/uploads\\\/2023\\\/02\\\/LOGO_CLEAR-5.png\",\"contentUrl\":\"https:\\\/\\\/soldadoadrianojose.com.br\\\/wp-content\\\/uploads\\\/2023\\\/02\\\/LOGO_CLEAR-5.png\",\"width\":3508,\"height\":998,\"caption\":\"soldadoadrianojose\"},\"logo\":{\"@id\":\"https:\\\/\\\/soldadoadrianojose.com.br\\\/wp-content\\\/uploads\\\/2023\\\/02\\\/LOGO_CLEAR-5.png\"},\"sameAs\":[\"https:\\\/\\\/soldadoadrianojose.com.br\"],\"url\":\"https:\\\/\\\/soldadoadrianojose.com.br\\\/index.php\\\/author\\\/soldadoadrianojose\\\/\"}]}<\/script>\n<!-- \/ Yoast SEO plugin. -->","yoast_head_json":{"title":"VIVA O PARAN\u00c1: 79% dos paranaenses aprovam escolas c\u00edvico-militares - Deputado Adriano Jos\u00e9","robots":{"index":"index","follow":"follow","max-snippet":"max-snippet:-1","max-image-preview":"max-image-preview:large","max-video-preview":"max-video-preview:-1"},"canonical":"https:\/\/soldadoadrianojose.com.br\/index.php\/2023\/07\/25\/viva-o-parana-79-dos-paranaenses-aprovam-escolas-civico-militares\/","og_locale":"pt_BR","og_type":"article","og_title":"VIVA O PARAN\u00c1: 79% dos paranaenses aprovam escolas c\u00edvico-militares - Deputado Adriano Jos\u00e9","og_description":"&#8220;Parab\u00e9ns ao governador Ratinho Junior e ao secret\u00e1rio de educa\u00e7\u00e3o Roni Miranda pela implementa\u00e7\u00e3o das escolas c\u00edvico-militares no Paran\u00e1! Essa aprova\u00e7\u00e3o expressiva dos paranaenses mostra que estamos no caminho certo para uma educa\u00e7\u00e3o de qualidade. Orgulho do nosso estado&#8221;comentou o Deputado Adriano Jos\u00e9 Uma pesquisa realizada pelo Instituto IRG apontou que 79% dos paranaenses aprovam [&hellip;]","og_url":"https:\/\/soldadoadrianojose.com.br\/index.php\/2023\/07\/25\/viva-o-parana-79-dos-paranaenses-aprovam-escolas-civico-militares\/","og_site_name":"Deputado Adriano Jos\u00e9","article_published_time":"2023-07-25T14:53:06+00:00","article_modified_time":"2023-07-25T15:27:12+00:00","og_image":[{"width":1024,"height":868,"url":"https:\/\/soldadoadrianojose.com.br\/wp-content\/uploads\/2023\/07\/WhatsApp-Image-2023-07-25-at-11.48.09.jpeg","type":"image\/jpeg"}],"author":"soldadoadrianojose","twitter_card":"summary_large_image","twitter_misc":{"Escrito por":"soldadoadrianojose","Est. tempo de leitura":"2 minutos"},"schema":{"@context":"https:\/\/schema.org","@graph":[{"@type":"Article","@id":"https:\/\/soldadoadrianojose.com.br\/index.php\/2023\/07\/25\/viva-o-parana-79-dos-paranaenses-aprovam-escolas-civico-militares\/#article","isPartOf":{"@id":"https:\/\/soldadoadrianojose.com.br\/index.php\/2023\/07\/25\/viva-o-parana-79-dos-paranaenses-aprovam-escolas-civico-militares\/"},"author":{"name":"soldadoadrianojose","@id":"https:\/\/soldadoadrianojose.com.br\/#\/schema\/person\/16f8e8defb7a4bd6c6082efcd1bdb6bb"},"headline":"VIVA O PARAN\u00c1: 79% dos paranaenses aprovam escolas c\u00edvico-militares","datePublished":"2023-07-25T14:53:06+00:00","dateModified":"2023-07-25T15:27:12+00:00","mainEntityOfPage":{"@id":"https:\/\/soldadoadrianojose.com.br\/index.php\/2023\/07\/25\/viva-o-parana-79-dos-paranaenses-aprovam-escolas-civico-militares\/"},"wordCount":241,"commentCount":0,"publisher":{"@id":"https:\/\/soldadoadrianojose.com.br\/#\/schema\/person\/16f8e8defb7a4bd6c6082efcd1bdb6bb"},"image":{"@id":"https:\/\/soldadoadrianojose.com.br\/index.php\/2023\/07\/25\/viva-o-parana-79-dos-paranaenses-aprovam-escolas-civico-militares\/#primaryimage"},"thumbnailUrl":"https:\/\/soldadoadrianojose.com.br\/wp-content\/uploads\/2023\/07\/WhatsApp-Image-2023-07-25-at-11.48.09.jpeg","articleSection":["GABINETE SD","PARAN\u00c1"],"inLanguage":"pt-BR","potentialAction":[{"@type":"CommentAction","name":"Comment","target":["https:\/\/soldadoadrianojose.com.br\/index.php\/2023\/07\/25\/viva-o-parana-79-dos-paranaenses-aprovam-escolas-civico-militares\/#respond"]}]},{"@type":"WebPage","@id":"https:\/\/soldadoadrianojose.com.br\/index.php\/2023\/07\/25\/viva-o-parana-79-dos-paranaenses-aprovam-escolas-civico-militares\/","url":"https:\/\/soldadoadrianojose.com.br\/index.php\/2023\/07\/25\/viva-o-parana-79-dos-paranaenses-aprovam-escolas-civico-militares\/","name":"VIVA O PARAN\u00c1: 79% dos paranaenses aprovam escolas c\u00edvico-militares - Deputado Adriano Jos\u00e9","isPartOf":{"@id":"https:\/\/soldadoadrianojose.com.br\/#website"},"primaryImageOfPage":{"@id":"https:\/\/soldadoadrianojose.com.br\/index.php\/2023\/07\/25\/viva-o-parana-79-dos-paranaenses-aprovam-escolas-civico-militares\/#primaryimage"},"image":{"@id":"https:\/\/soldadoadrianojose.com.br\/index.php\/2023\/07\/25\/viva-o-parana-79-dos-paranaenses-aprovam-escolas-civico-militares\/#primaryimage"},"thumbnailUrl":"https:\/\/soldadoadrianojose.com.br\/wp-content\/uploads\/2023\/07\/WhatsApp-Image-2023-07-25-at-11.48.09.jpeg","datePublished":"2023-07-25T14:53:06+00:00","dateModified":"2023-07-25T15:27:12+00:00","breadcrumb":{"@id":"https:\/\/soldadoadrianojose.com.br\/index.php\/2023\/07\/25\/viva-o-parana-79-dos-paranaenses-aprovam-escolas-civico-militares\/#breadcrumb"},"inLanguage":"pt-BR","potentialAction":[{"@type":"ReadAction","target":["https:\/\/soldadoadrianojose.com.br\/index.php\/2023\/07\/25\/viva-o-parana-79-dos-paranaenses-aprovam-escolas-civico-militares\/"]}]},{"@type":"ImageObject","inLanguage":"pt-BR","@id":"https:\/\/soldadoadrianojose.com.br\/index.php\/2023\/07\/25\/viva-o-parana-79-dos-paranaenses-aprovam-escolas-civico-militares\/#primaryimage","url":"https:\/\/soldadoadrianojose.com.br\/wp-content\/uploads\/2023\/07\/WhatsApp-Image-2023-07-25-at-11.48.09.jpeg","contentUrl":"https:\/\/soldadoadrianojose.com.br\/wp-content\/uploads\/2023\/07\/WhatsApp-Image-2023-07-25-at-11.48.09.jpeg","width":1024,"height":868},{"@type":"BreadcrumbList","@id":"https:\/\/soldadoadrianojose.com.br\/index.php\/2023\/07\/25\/viva-o-parana-79-dos-paranaenses-aprovam-escolas-civico-militares\/#breadcrumb","itemListElement":[{"@type":"ListItem","position":1,"name":"In\u00edcio","item":"https:\/\/soldadoadrianojose.com.br\/"},{"@type":"ListItem","position":2,"name":"VIVA O PARAN\u00c1: 79% dos paranaenses aprovam escolas c\u00edvico-militares"}]},{"@type":"WebSite","@id":"https:\/\/soldadoadrianojose.com.br\/#website","url":"https:\/\/soldadoadrianojose.com.br\/","name":"Deputado Adriano Jos\u00e9","description":"Nosso trabalho \u00e9 pelas pessoas","publisher":{"@id":"https:\/\/soldadoadrianojose.com.br\/#\/schema\/person\/16f8e8defb7a4bd6c6082efcd1bdb6bb"},"potentialAction":[{"@type":"SearchAction","target":{"@type":"EntryPoint","urlTemplate":"https:\/\/soldadoadrianojose.com.br\/?s={search_term_string}"},"query-input":{"@type":"PropertyValueSpecification","valueRequired":true,"valueName":"search_term_string"}}],"inLanguage":"pt-BR"},{"@type":["Person","Organization"],"@id":"https:\/\/soldadoadrianojose.com.br\/#\/schema\/person\/16f8e8defb7a4bd6c6082efcd1bdb6bb","name":"soldadoadrianojose","image":{"@type":"ImageObject","inLanguage":"pt-BR","@id":"https:\/\/soldadoadrianojose.com.br\/wp-content\/uploads\/2023\/02\/LOGO_CLEAR-5.png","url":"https:\/\/soldadoadrianojose.com.br\/wp-content\/uploads\/2023\/02\/LOGO_CLEAR-5.png","contentUrl":"https:\/\/soldadoadrianojose.com.br\/wp-content\/uploads\/2023\/02\/LOGO_CLEAR-5.png","width":3508,"height":998,"caption":"soldadoadrianojose"},"logo":{"@id":"https:\/\/soldadoadrianojose.com.br\/wp-content\/uploads\/2023\/02\/LOGO_CLEAR-5.png"},"sameAs":["https:\/\/soldadoadrianojose.com.br"],"url":"https:\/\/soldadoadrianojose.com.br\/index.php\/author\/soldadoadrianojose\/"}]}},"jetpack_featured_media_url":"https:\/\/soldadoadrianojose.com.br\/wp-content\/uploads\/2023\/07\/WhatsApp-Image-2023-07-25-at-11.48.09.jpeg","_links":{"self":[{"href":"https:\/\/soldadoadrianojose.com.br\/index.php\/wp-json\/wp\/v2\/posts\/938","targetHints":{"allow":["GET"]}}],"collection":[{"href":"https:\/\/soldadoadrianojose.com.br\/index.php\/wp-json\/wp\/v2\/posts"}],"about":[{"href":"https:\/\/soldadoadrianojose.com.br\/index.php\/wp-json\/wp\/v2\/types\/post"}],"author":[{"embeddable":true,"href":"https:\/\/soldadoadrianojose.com.br\/index.php\/wp-json\/wp\/v2\/users\/1"}],"replies":[{"embeddable":true,"href":"https:\/\/soldadoadrianojose.com.br\/index.php\/wp-json\/wp\/v2\/comments?post=938"}],"version-history":[{"count":4,"href":"https:\/\/soldadoadrianojose.com.br\/index.php\/wp-json\/wp\/v2\/posts\/938\/revisions"}],"predecessor-version":[{"id":943,"href":"https:\/\/soldadoadrianojose.com.br\/index.php\/wp-json\/wp\/v2\/posts\/938\/revisions\/943"}],"wp:featuredmedia":[{"embeddable":true,"href":"https:\/\/soldadoadrianojose.com.br\/index.php\/wp-json\/wp\/v2\/media\/939"}],"wp:attachment":[{"href":"https:\/\/soldadoadrianojose.com.br\/index.php\/wp-json\/wp\/v2\/media?parent=938"}],"wp:term":[{"taxonomy":"category","embeddable":true,"href":"https:\/\/soldadoadrianojose.com.br\/index.php\/wp-json\/wp\/v2\/categories?post=938"},{"taxonomy":"post_tag","embeddable":true,"href":"https:\/\/soldadoadrianojose.com.br\/index.php\/wp-json\/wp\/v2\/tags?post=938"}],"curies":[{"name":"wp","href":"https:\/\/api.w.org\/{rel}","templated":true}]}}