{"id":950,"date":"2023-08-09T13:11:08","date_gmt":"2023-08-09T16:11:08","guid":{"rendered":"https:\/\/soldadoadrianojose.com.br\/?p=950"},"modified":"2023-08-09T14:12:05","modified_gmt":"2023-08-09T17:12:05","slug":"em-comemoracao-ao-aniversario-da-pm-assembleia-homenageia-integrantes-da-corporacao","status":"publish","type":"post","link":"https:\/\/soldadoadrianojose.com.br\/index.php\/2023\/08\/09\/em-comemoracao-ao-aniversario-da-pm-assembleia-homenageia-integrantes-da-corporacao\/","title":{"rendered":"Em comemora\u00e7\u00e3o ao anivers\u00e1rio da PM, Assembleia homenageia integrantes da corpora\u00e7\u00e3o"},"content":{"rendered":"\n<figure class=\"wp-block-image size-full\"><img fetchpriority=\"high\" decoding=\"async\" width=\"800\" height=\"800\" src=\"https:\/\/soldadoadrianojose.com.br\/wp-content\/uploads\/2023\/08\/alep.jpg\" alt=\"\" class=\"wp-image-951\" srcset=\"https:\/\/soldadoadrianojose.com.br\/wp-content\/uploads\/2023\/08\/alep.jpg 800w, https:\/\/soldadoadrianojose.com.br\/wp-content\/uploads\/2023\/08\/alep-300x300.jpg 300w, https:\/\/soldadoadrianojose.com.br\/wp-content\/uploads\/2023\/08\/alep-150x150.jpg 150w, https:\/\/soldadoadrianojose.com.br\/wp-content\/uploads\/2023\/08\/alep-768x768.jpg 768w\" sizes=\"(max-width: 800px) 100vw, 800px\" \/><\/figure>\n\n\n\n<p>Em comemora\u00e7\u00e3o aos 169 anos da Pol\u00edcia Militar do Paran\u00e1, celebrado em 10 de agosto, o deputado Soldado Adriano Jos\u00e9 (PP) homenageou a corpora\u00e7\u00e3o com a entrega de men\u00e7\u00e3o honrosa a integrantes da tropa. A solenidade foi realizada na Assembleia Legislativa do Paran\u00e1, nesta quarta-feira (9), como reconhecimento e valoriza\u00e7\u00e3o ao trabalho \u00e1rduo desses profissionais.<\/p>\n\n\n\n<p>\u201c\u00c9 uma homenagem a esses homens e mulheres que saem de casa todos os dias com a farda da Pol\u00edcia Militar para defender a popula\u00e7\u00e3o. Que arriscam suas vidas para garantir a seguran\u00e7a p\u00fablica e a ordem social. Ent\u00e3o, nada mais justo comemorar e homenagear esses policiais, com esse reconhecimento por parte do legislativo\u201d, afirmou o deputado, um leg\u00edtimo representante da categoria.<\/p>\n\n\n\n<p>\u201cMe sinto orgulhoso de estar deputado estadual e continuar com o nome soldado Adriano Jos\u00e9, representando a nossa Pol\u00edcia Militar aqui no nosso legislativo. Eu fiquei dez anos na Pol\u00edcia Militar, me sinto bastante feliz e honrado em poder ser proponente dessas homenagens. Na verdade, eu gostaria de homenagear e poder abra\u00e7ar todos os policiais do estado do Paran\u00e1. Ent\u00e3o, esses que vieram aqui est\u00e3o representando toda a corpora\u00e7\u00e3o\u201d, acrescentou.<\/p>\n\n\n\n<p>A iniciativa refor\u00e7a a import\u00e2ncia de investimentos na \u00e1rea de seguran\u00e7a e destaca a necessidade de valorizar e apoiar a Policia Militar, que desempenha um papel fundamental na sociedade.<\/p>\n\n\n\n<p>Durante a cerim\u00f4nia, o parlamentar ressaltou a coragem, comprometimento e profissionalismo da Policia Militar, que enfrenta a todo momento desafios e riscos em prol da seguran\u00e7a p\u00fablica. Ele destacou a import\u00e2ncia de valorizar e reconhecer esses profissionais, respons\u00e1veis por garantir a tranquilidade e a ordem em situa\u00e7\u00f5es de grande complexidade.<\/p>\n\n\n\n<p>Para o subtenente Luis Fernando Monteiro dos Santos, a homenagem veio em um momento especial. Na pr\u00f3xima semana, ele conclui os 35 anos de servi\u00e7os prestados \u00e0 corpora\u00e7\u00e3o. \u201c\u00c9 uma homenagem muito importante, pois reconhece o trabalho prestado \u00e0 popula\u00e7\u00e3o paranaense. Ficamos muito felizes e engrandece ainda mais a nossa trajet\u00f3ria\u201d, afirmou.<\/p>\n\n\n\n<p>J\u00e1 a 2\u00aa sargento Maria Claudia Gon\u00e7alves se disse honrada em estar Assembleia Legislativa. \u201cMe sinto lisonjeada, pois o trabalho de um policial n\u00e3o \u00e9 f\u00e1cil e para as mulheres a carga \u00e9 ainda mais pesada porque temos a segunda jornada em casa. Ent\u00e3o, esse reconhecimento da sociedade \u00e9 muito especial\u201d.<\/p>\n\n\n\n<p>Tamb\u00e9m receberam a homenagem o 1\u00b0 tenente Joel Fernandes de Lima Filho, o 1\u00b0 sargento Maur\u00edcio Luciano Foga\u00e7a, o 3\u00b0 sargento Fernando Augusto Coelho, o cabo Everson Fernandes da Silva, a cabo Vivian Mara de Souza, o cabo Alexandro Ant\u00f4nio Cabral, o soldado Eduardo Joaquim da Silva Goncalves, o soldado Denner Marques Lopes, o soldado Robson da Silva Alves, o soldado Marcos Leandro Sabutcka, o soldado Danilo Vicente Crecencio e o soldado Gerson de Jesus Monteiro J\u00fanior.<\/p>\n\n\n\n<figure class=\"wp-block-gallery has-nested-images columns-default is-cropped wp-block-gallery-1 is-layout-flex wp-block-gallery-is-layout-flex\">\n<figure class=\"wp-block-image size-large\"><img decoding=\"async\" width=\"800\" height=\"800\" data-id=\"953\" src=\"https:\/\/soldadoadrianojose.com.br\/wp-content\/uploads\/2023\/08\/1.jpg\" alt=\"\" class=\"wp-image-953\" srcset=\"https:\/\/soldadoadrianojose.com.br\/wp-content\/uploads\/2023\/08\/1.jpg 800w, https:\/\/soldadoadrianojose.com.br\/wp-content\/uploads\/2023\/08\/1-300x300.jpg 300w, https:\/\/soldadoadrianojose.com.br\/wp-content\/uploads\/2023\/08\/1-150x150.jpg 150w, https:\/\/soldadoadrianojose.com.br\/wp-content\/uploads\/2023\/08\/1-768x768.jpg 768w\" sizes=\"(max-width: 800px) 100vw, 800px\" \/><figcaption class=\"wp-element-caption\">Sd Robson da Silva Alves<\/figcaption><\/figure>\n\n\n\n<figure class=\"wp-block-image size-large\"><img decoding=\"async\" width=\"800\" height=\"800\" data-id=\"954\" src=\"https:\/\/soldadoadrianojose.com.br\/wp-content\/uploads\/2023\/08\/2.jpg\" alt=\"\" class=\"wp-image-954\" srcset=\"https:\/\/soldadoadrianojose.com.br\/wp-content\/uploads\/2023\/08\/2.jpg 800w, https:\/\/soldadoadrianojose.com.br\/wp-content\/uploads\/2023\/08\/2-300x300.jpg 300w, https:\/\/soldadoadrianojose.com.br\/wp-content\/uploads\/2023\/08\/2-150x150.jpg 150w, https:\/\/soldadoadrianojose.com.br\/wp-content\/uploads\/2023\/08\/2-768x768.jpg 768w\" sizes=\"(max-width: 800px) 100vw, 800px\" \/><figcaption class=\"wp-element-caption\">Sd Danilo Vicente Crecencio<\/figcaption><\/figure>\n\n\n\n<figure class=\"wp-block-image size-large\"><img loading=\"lazy\" decoding=\"async\" width=\"800\" height=\"800\" data-id=\"955\" src=\"https:\/\/soldadoadrianojose.com.br\/wp-content\/uploads\/2023\/08\/3.jpg\" alt=\"\" class=\"wp-image-955\" srcset=\"https:\/\/soldadoadrianojose.com.br\/wp-content\/uploads\/2023\/08\/3.jpg 800w, https:\/\/soldadoadrianojose.com.br\/wp-content\/uploads\/2023\/08\/3-300x300.jpg 300w, https:\/\/soldadoadrianojose.com.br\/wp-content\/uploads\/2023\/08\/3-150x150.jpg 150w, https:\/\/soldadoadrianojose.com.br\/wp-content\/uploads\/2023\/08\/3-768x768.jpg 768w\" sizes=\"(max-width: 800px) 100vw, 800px\" \/><figcaption class=\"wp-element-caption\">Sd Eduardo Joaquim da Silva Gon\u00e7alves<\/figcaption><\/figure>\n\n\n\n<figure class=\"wp-block-image size-large\"><img loading=\"lazy\" decoding=\"async\" width=\"800\" height=\"800\" data-id=\"956\" src=\"https:\/\/soldadoadrianojose.com.br\/wp-content\/uploads\/2023\/08\/4.jpg\" alt=\"\" class=\"wp-image-956\" srcset=\"https:\/\/soldadoadrianojose.com.br\/wp-content\/uploads\/2023\/08\/4.jpg 800w, https:\/\/soldadoadrianojose.com.br\/wp-content\/uploads\/2023\/08\/4-300x300.jpg 300w, https:\/\/soldadoadrianojose.com.br\/wp-content\/uploads\/2023\/08\/4-150x150.jpg 150w, https:\/\/soldadoadrianojose.com.br\/wp-content\/uploads\/2023\/08\/4-768x768.jpg 768w\" sizes=\"(max-width: 800px) 100vw, 800px\" \/><figcaption class=\"wp-element-caption\">Cabo Alexandro Antonio Cabral<\/figcaption><\/figure>\n\n\n\n<figure class=\"wp-block-image size-large\"><img loading=\"lazy\" decoding=\"async\" width=\"800\" height=\"800\" data-id=\"957\" src=\"https:\/\/soldadoadrianojose.com.br\/wp-content\/uploads\/2023\/08\/5.jpg\" alt=\"\" class=\"wp-image-957\" srcset=\"https:\/\/soldadoadrianojose.com.br\/wp-content\/uploads\/2023\/08\/5.jpg 800w, https:\/\/soldadoadrianojose.com.br\/wp-content\/uploads\/2023\/08\/5-300x300.jpg 300w, https:\/\/soldadoadrianojose.com.br\/wp-content\/uploads\/2023\/08\/5-150x150.jpg 150w, https:\/\/soldadoadrianojose.com.br\/wp-content\/uploads\/2023\/08\/5-768x768.jpg 768w\" sizes=\"(max-width: 800px) 100vw, 800px\" \/><figcaption class=\"wp-element-caption\">Cabo Everson Fernandes da Silva<\/figcaption><\/figure>\n\n\n\n<figure class=\"wp-block-image size-large\"><img loading=\"lazy\" decoding=\"async\" width=\"800\" height=\"800\" data-id=\"958\" src=\"https:\/\/soldadoadrianojose.com.br\/wp-content\/uploads\/2023\/08\/6.jpg\" alt=\"\" class=\"wp-image-958\" srcset=\"https:\/\/soldadoadrianojose.com.br\/wp-content\/uploads\/2023\/08\/6.jpg 800w, https:\/\/soldadoadrianojose.com.br\/wp-content\/uploads\/2023\/08\/6-300x300.jpg 300w, https:\/\/soldadoadrianojose.com.br\/wp-content\/uploads\/2023\/08\/6-150x150.jpg 150w, https:\/\/soldadoadrianojose.com.br\/wp-content\/uploads\/2023\/08\/6-768x768.jpg 768w\" sizes=\"(max-width: 800px) 100vw, 800px\" \/><figcaption class=\"wp-element-caption\">Subtenente Luis Fernando Monteiro dos Santos<\/figcaption><\/figure>\n\n\n\n<figure class=\"wp-block-image size-large\"><img loading=\"lazy\" decoding=\"async\" width=\"800\" height=\"800\" data-id=\"959\" src=\"https:\/\/soldadoadrianojose.com.br\/wp-content\/uploads\/2023\/08\/7.jpg\" alt=\"\" class=\"wp-image-959\" srcset=\"https:\/\/soldadoadrianojose.com.br\/wp-content\/uploads\/2023\/08\/7.jpg 800w, https:\/\/soldadoadrianojose.com.br\/wp-content\/uploads\/2023\/08\/7-300x300.jpg 300w, https:\/\/soldadoadrianojose.com.br\/wp-content\/uploads\/2023\/08\/7-150x150.jpg 150w, https:\/\/soldadoadrianojose.com.br\/wp-content\/uploads\/2023\/08\/7-768x768.jpg 768w\" sizes=\"(max-width: 800px) 100vw, 800px\" \/><figcaption class=\"wp-element-caption\">Soldado Marcos Leandro Sobutcka<\/figcaption><\/figure>\n\n\n\n<figure class=\"wp-block-image size-large\"><img loading=\"lazy\" decoding=\"async\" width=\"800\" height=\"800\" data-id=\"960\" src=\"https:\/\/soldadoadrianojose.com.br\/wp-content\/uploads\/2023\/08\/8.jpg\" alt=\"\" class=\"wp-image-960\" srcset=\"https:\/\/soldadoadrianojose.com.br\/wp-content\/uploads\/2023\/08\/8.jpg 800w, https:\/\/soldadoadrianojose.com.br\/wp-content\/uploads\/2023\/08\/8-300x300.jpg 300w, https:\/\/soldadoadrianojose.com.br\/wp-content\/uploads\/2023\/08\/8-150x150.jpg 150w, https:\/\/soldadoadrianojose.com.br\/wp-content\/uploads\/2023\/08\/8-768x768.jpg 768w\" sizes=\"(max-width: 800px) 100vw, 800px\" \/><figcaption class=\"wp-element-caption\">2\u00ba Sargento Maria Claudia Gon\u00e7alves<\/figcaption><\/figure>\n<\/figure>\n\n\n\n<p>Por <a href=\"https:\/\/www.assembleia.pr.leg.br\/comunicacao\/noticias\/em-comemoracao-ao-aniversario-da-pm-assembleia-homenageia-integrantes-da-corporacao\">Assembleia Legislativa do Paran\u00e1<\/a><\/p>\n\n\n\n<p>Foto Cr\u00e9ditos: Orlando Kissner\/Alep<\/p>\n","protected":false},"excerpt":{"rendered":"<p>Em comemora\u00e7\u00e3o aos 169 anos da Pol\u00edcia Militar do Paran\u00e1, celebrado em 10 de agosto, o deputado Soldado Adriano Jos\u00e9 (PP) homenageou a corpora\u00e7\u00e3o com a entrega de men\u00e7\u00e3o honrosa a integrantes da tropa. A solenidade foi realizada na Assembleia Legislativa do Paran\u00e1, nesta quarta-feira (9), como reconhecimento e valoriza\u00e7\u00e3o ao trabalho \u00e1rduo desses profissionais. [&hellip;]<\/p>\n","protected":false},"author":1,"featured_media":951,"comment_status":"open","ping_status":"open","sticky":false,"template":"","format":"standard","meta":{"footnotes":""},"categories":[1],"tags":[],"class_list":["post-950","post","type-post","status-publish","format-standard","has-post-thumbnail","hentry","category-gabinete-sd"],"yoast_head":"<!-- This site is optimized with the Yoast SEO plugin v27.4 - https:\/\/yoast.com\/product\/yoast-seo-wordpress\/ -->\n<title>Em comemora\u00e7\u00e3o ao anivers\u00e1rio da PM, Assembleia homenageia integrantes da corpora\u00e7\u00e3o - Deputado Adriano Jos\u00e9<\/title>\n<meta name=\"robots\" content=\"index, follow, max-snippet:-1, max-image-preview:large, max-video-preview:-1\" \/>\n<link rel=\"canonical\" href=\"https:\/\/soldadoadrianojose.com.br\/index.php\/2023\/08\/09\/em-comemoracao-ao-aniversario-da-pm-assembleia-homenageia-integrantes-da-corporacao\/\" \/>\n<meta property=\"og:locale\" content=\"pt_BR\" \/>\n<meta property=\"og:type\" content=\"article\" \/>\n<meta property=\"og:title\" content=\"Em comemora\u00e7\u00e3o ao anivers\u00e1rio da PM, Assembleia homenageia integrantes da corpora\u00e7\u00e3o - Deputado Adriano Jos\u00e9\" \/>\n<meta property=\"og:description\" content=\"Em comemora\u00e7\u00e3o aos 169 anos da Pol\u00edcia Militar do Paran\u00e1, celebrado em 10 de agosto, o deputado Soldado Adriano Jos\u00e9 (PP) homenageou a corpora\u00e7\u00e3o com a entrega de men\u00e7\u00e3o honrosa a integrantes da tropa. A solenidade foi realizada na Assembleia Legislativa do Paran\u00e1, nesta quarta-feira (9), como reconhecimento e valoriza\u00e7\u00e3o ao trabalho \u00e1rduo desses profissionais. [&hellip;]\" \/>\n<meta property=\"og:url\" content=\"https:\/\/soldadoadrianojose.com.br\/index.php\/2023\/08\/09\/em-comemoracao-ao-aniversario-da-pm-assembleia-homenageia-integrantes-da-corporacao\/\" \/>\n<meta property=\"og:site_name\" content=\"Deputado Adriano Jos\u00e9\" \/>\n<meta property=\"article:published_time\" content=\"2023-08-09T16:11:08+00:00\" \/>\n<meta property=\"article:modified_time\" content=\"2023-08-09T17:12:05+00:00\" \/>\n<meta property=\"og:image\" content=\"https:\/\/soldadoadrianojose.com.br\/wp-content\/uploads\/2023\/08\/alep.jpg\" \/>\n\t<meta property=\"og:image:width\" content=\"800\" \/>\n\t<meta property=\"og:image:height\" content=\"800\" \/>\n\t<meta property=\"og:image:type\" content=\"image\/jpeg\" \/>\n<meta name=\"author\" content=\"soldadoadrianojose\" \/>\n<meta name=\"twitter:card\" content=\"summary_large_image\" \/>\n<meta name=\"twitter:label1\" content=\"Escrito por\" \/>\n\t<meta name=\"twitter:data1\" content=\"soldadoadrianojose\" \/>\n\t<meta name=\"twitter:label2\" content=\"Est. tempo de leitura\" \/>\n\t<meta name=\"twitter:data2\" content=\"5 minutos\" \/>\n<script type=\"application\/ld+json\" class=\"yoast-schema-graph\">{\"@context\":\"https:\\\/\\\/schema.org\",\"@graph\":[{\"@type\":\"Article\",\"@id\":\"https:\\\/\\\/soldadoadrianojose.com.br\\\/index.php\\\/2023\\\/08\\\/09\\\/em-comemoracao-ao-aniversario-da-pm-assembleia-homenageia-integrantes-da-corporacao\\\/#article\",\"isPartOf\":{\"@id\":\"https:\\\/\\\/soldadoadrianojose.com.br\\\/index.php\\\/2023\\\/08\\\/09\\\/em-comemoracao-ao-aniversario-da-pm-assembleia-homenageia-integrantes-da-corporacao\\\/\"},\"author\":{\"name\":\"soldadoadrianojose\",\"@id\":\"https:\\\/\\\/soldadoadrianojose.com.br\\\/#\\\/schema\\\/person\\\/16f8e8defb7a4bd6c6082efcd1bdb6bb\"},\"headline\":\"Em comemora\u00e7\u00e3o ao anivers\u00e1rio da PM, Assembleia homenageia integrantes da corpora\u00e7\u00e3o\",\"datePublished\":\"2023-08-09T16:11:08+00:00\",\"dateModified\":\"2023-08-09T17:12:05+00:00\",\"mainEntityOfPage\":{\"@id\":\"https:\\\/\\\/soldadoadrianojose.com.br\\\/index.php\\\/2023\\\/08\\\/09\\\/em-comemoracao-ao-aniversario-da-pm-assembleia-homenageia-integrantes-da-corporacao\\\/\"},\"wordCount\":536,\"commentCount\":0,\"publisher\":{\"@id\":\"https:\\\/\\\/soldadoadrianojose.com.br\\\/#\\\/schema\\\/person\\\/16f8e8defb7a4bd6c6082efcd1bdb6bb\"},\"image\":{\"@id\":\"https:\\\/\\\/soldadoadrianojose.com.br\\\/index.php\\\/2023\\\/08\\\/09\\\/em-comemoracao-ao-aniversario-da-pm-assembleia-homenageia-integrantes-da-corporacao\\\/#primaryimage\"},\"thumbnailUrl\":\"https:\\\/\\\/soldadoadrianojose.com.br\\\/wp-content\\\/uploads\\\/2023\\\/08\\\/alep.jpg\",\"articleSection\":[\"GABINETE SD\"],\"inLanguage\":\"pt-BR\",\"potentialAction\":[{\"@type\":\"CommentAction\",\"name\":\"Comment\",\"target\":[\"https:\\\/\\\/soldadoadrianojose.com.br\\\/index.php\\\/2023\\\/08\\\/09\\\/em-comemoracao-ao-aniversario-da-pm-assembleia-homenageia-integrantes-da-corporacao\\\/#respond\"]}]},{\"@type\":\"WebPage\",\"@id\":\"https:\\\/\\\/soldadoadrianojose.com.br\\\/index.php\\\/2023\\\/08\\\/09\\\/em-comemoracao-ao-aniversario-da-pm-assembleia-homenageia-integrantes-da-corporacao\\\/\",\"url\":\"https:\\\/\\\/soldadoadrianojose.com.br\\\/index.php\\\/2023\\\/08\\\/09\\\/em-comemoracao-ao-aniversario-da-pm-assembleia-homenageia-integrantes-da-corporacao\\\/\",\"name\":\"Em comemora\u00e7\u00e3o ao anivers\u00e1rio da PM, Assembleia homenageia integrantes da corpora\u00e7\u00e3o - Deputado Adriano Jos\u00e9\",\"isPartOf\":{\"@id\":\"https:\\\/\\\/soldadoadrianojose.com.br\\\/#website\"},\"primaryImageOfPage\":{\"@id\":\"https:\\\/\\\/soldadoadrianojose.com.br\\\/index.php\\\/2023\\\/08\\\/09\\\/em-comemoracao-ao-aniversario-da-pm-assembleia-homenageia-integrantes-da-corporacao\\\/#primaryimage\"},\"image\":{\"@id\":\"https:\\\/\\\/soldadoadrianojose.com.br\\\/index.php\\\/2023\\\/08\\\/09\\\/em-comemoracao-ao-aniversario-da-pm-assembleia-homenageia-integrantes-da-corporacao\\\/#primaryimage\"},\"thumbnailUrl\":\"https:\\\/\\\/soldadoadrianojose.com.br\\\/wp-content\\\/uploads\\\/2023\\\/08\\\/alep.jpg\",\"datePublished\":\"2023-08-09T16:11:08+00:00\",\"dateModified\":\"2023-08-09T17:12:05+00:00\",\"breadcrumb\":{\"@id\":\"https:\\\/\\\/soldadoadrianojose.com.br\\\/index.php\\\/2023\\\/08\\\/09\\\/em-comemoracao-ao-aniversario-da-pm-assembleia-homenageia-integrantes-da-corporacao\\\/#breadcrumb\"},\"inLanguage\":\"pt-BR\",\"potentialAction\":[{\"@type\":\"ReadAction\",\"target\":[\"https:\\\/\\\/soldadoadrianojose.com.br\\\/index.php\\\/2023\\\/08\\\/09\\\/em-comemoracao-ao-aniversario-da-pm-assembleia-homenageia-integrantes-da-corporacao\\\/\"]}]},{\"@type\":\"ImageObject\",\"inLanguage\":\"pt-BR\",\"@id\":\"https:\\\/\\\/soldadoadrianojose.com.br\\\/index.php\\\/2023\\\/08\\\/09\\\/em-comemoracao-ao-aniversario-da-pm-assembleia-homenageia-integrantes-da-corporacao\\\/#primaryimage\",\"url\":\"https:\\\/\\\/soldadoadrianojose.com.br\\\/wp-content\\\/uploads\\\/2023\\\/08\\\/alep.jpg\",\"contentUrl\":\"https:\\\/\\\/soldadoadrianojose.com.br\\\/wp-content\\\/uploads\\\/2023\\\/08\\\/alep.jpg\",\"width\":800,\"height\":800},{\"@type\":\"BreadcrumbList\",\"@id\":\"https:\\\/\\\/soldadoadrianojose.com.br\\\/index.php\\\/2023\\\/08\\\/09\\\/em-comemoracao-ao-aniversario-da-pm-assembleia-homenageia-integrantes-da-corporacao\\\/#breadcrumb\",\"itemListElement\":[{\"@type\":\"ListItem\",\"position\":1,\"name\":\"In\u00edcio\",\"item\":\"https:\\\/\\\/soldadoadrianojose.com.br\\\/\"},{\"@type\":\"ListItem\",\"position\":2,\"name\":\"Em comemora\u00e7\u00e3o ao anivers\u00e1rio da PM, Assembleia homenageia integrantes da corpora\u00e7\u00e3o\"}]},{\"@type\":\"WebSite\",\"@id\":\"https:\\\/\\\/soldadoadrianojose.com.br\\\/#website\",\"url\":\"https:\\\/\\\/soldadoadrianojose.com.br\\\/\",\"name\":\"Deputado Adriano Jos\u00e9\",\"description\":\"Nosso trabalho \u00e9 pelas pessoas\",\"publisher\":{\"@id\":\"https:\\\/\\\/soldadoadrianojose.com.br\\\/#\\\/schema\\\/person\\\/16f8e8defb7a4bd6c6082efcd1bdb6bb\"},\"potentialAction\":[{\"@type\":\"SearchAction\",\"target\":{\"@type\":\"EntryPoint\",\"urlTemplate\":\"https:\\\/\\\/soldadoadrianojose.com.br\\\/?s={search_term_string}\"},\"query-input\":{\"@type\":\"PropertyValueSpecification\",\"valueRequired\":true,\"valueName\":\"search_term_string\"}}],\"inLanguage\":\"pt-BR\"},{\"@type\":[\"Person\",\"Organization\"],\"@id\":\"https:\\\/\\\/soldadoadrianojose.com.br\\\/#\\\/schema\\\/person\\\/16f8e8defb7a4bd6c6082efcd1bdb6bb\",\"name\":\"soldadoadrianojose\",\"image\":{\"@type\":\"ImageObject\",\"inLanguage\":\"pt-BR\",\"@id\":\"https:\\\/\\\/soldadoadrianojose.com.br\\\/wp-content\\\/uploads\\\/2023\\\/02\\\/LOGO_CLEAR-5.png\",\"url\":\"https:\\\/\\\/soldadoadrianojose.com.br\\\/wp-content\\\/uploads\\\/2023\\\/02\\\/LOGO_CLEAR-5.png\",\"contentUrl\":\"https:\\\/\\\/soldadoadrianojose.com.br\\\/wp-content\\\/uploads\\\/2023\\\/02\\\/LOGO_CLEAR-5.png\",\"width\":3508,\"height\":998,\"caption\":\"soldadoadrianojose\"},\"logo\":{\"@id\":\"https:\\\/\\\/soldadoadrianojose.com.br\\\/wp-content\\\/uploads\\\/2023\\\/02\\\/LOGO_CLEAR-5.png\"},\"sameAs\":[\"https:\\\/\\\/soldadoadrianojose.com.br\"],\"url\":\"https:\\\/\\\/soldadoadrianojose.com.br\\\/index.php\\\/author\\\/soldadoadrianojose\\\/\"}]}<\/script>\n<!-- \/ Yoast SEO plugin. -->","yoast_head_json":{"title":"Em comemora\u00e7\u00e3o ao anivers\u00e1rio da PM, Assembleia homenageia integrantes da corpora\u00e7\u00e3o - Deputado Adriano Jos\u00e9","robots":{"index":"index","follow":"follow","max-snippet":"max-snippet:-1","max-image-preview":"max-image-preview:large","max-video-preview":"max-video-preview:-1"},"canonical":"https:\/\/soldadoadrianojose.com.br\/index.php\/2023\/08\/09\/em-comemoracao-ao-aniversario-da-pm-assembleia-homenageia-integrantes-da-corporacao\/","og_locale":"pt_BR","og_type":"article","og_title":"Em comemora\u00e7\u00e3o ao anivers\u00e1rio da PM, Assembleia homenageia integrantes da corpora\u00e7\u00e3o - Deputado Adriano Jos\u00e9","og_description":"Em comemora\u00e7\u00e3o aos 169 anos da Pol\u00edcia Militar do Paran\u00e1, celebrado em 10 de agosto, o deputado Soldado Adriano Jos\u00e9 (PP) homenageou a corpora\u00e7\u00e3o com a entrega de men\u00e7\u00e3o honrosa a integrantes da tropa. A solenidade foi realizada na Assembleia Legislativa do Paran\u00e1, nesta quarta-feira (9), como reconhecimento e valoriza\u00e7\u00e3o ao trabalho \u00e1rduo desses profissionais. [&hellip;]","og_url":"https:\/\/soldadoadrianojose.com.br\/index.php\/2023\/08\/09\/em-comemoracao-ao-aniversario-da-pm-assembleia-homenageia-integrantes-da-corporacao\/","og_site_name":"Deputado Adriano Jos\u00e9","article_published_time":"2023-08-09T16:11:08+00:00","article_modified_time":"2023-08-09T17:12:05+00:00","og_image":[{"width":800,"height":800,"url":"https:\/\/soldadoadrianojose.com.br\/wp-content\/uploads\/2023\/08\/alep.jpg","type":"image\/jpeg"}],"author":"soldadoadrianojose","twitter_card":"summary_large_image","twitter_misc":{"Escrito por":"soldadoadrianojose","Est. tempo de leitura":"5 minutos"},"schema":{"@context":"https:\/\/schema.org","@graph":[{"@type":"Article","@id":"https:\/\/soldadoadrianojose.com.br\/index.php\/2023\/08\/09\/em-comemoracao-ao-aniversario-da-pm-assembleia-homenageia-integrantes-da-corporacao\/#article","isPartOf":{"@id":"https:\/\/soldadoadrianojose.com.br\/index.php\/2023\/08\/09\/em-comemoracao-ao-aniversario-da-pm-assembleia-homenageia-integrantes-da-corporacao\/"},"author":{"name":"soldadoadrianojose","@id":"https:\/\/soldadoadrianojose.com.br\/#\/schema\/person\/16f8e8defb7a4bd6c6082efcd1bdb6bb"},"headline":"Em comemora\u00e7\u00e3o ao anivers\u00e1rio da PM, Assembleia homenageia integrantes da corpora\u00e7\u00e3o","datePublished":"2023-08-09T16:11:08+00:00","dateModified":"2023-08-09T17:12:05+00:00","mainEntityOfPage":{"@id":"https:\/\/soldadoadrianojose.com.br\/index.php\/2023\/08\/09\/em-comemoracao-ao-aniversario-da-pm-assembleia-homenageia-integrantes-da-corporacao\/"},"wordCount":536,"commentCount":0,"publisher":{"@id":"https:\/\/soldadoadrianojose.com.br\/#\/schema\/person\/16f8e8defb7a4bd6c6082efcd1bdb6bb"},"image":{"@id":"https:\/\/soldadoadrianojose.com.br\/index.php\/2023\/08\/09\/em-comemoracao-ao-aniversario-da-pm-assembleia-homenageia-integrantes-da-corporacao\/#primaryimage"},"thumbnailUrl":"https:\/\/soldadoadrianojose.com.br\/wp-content\/uploads\/2023\/08\/alep.jpg","articleSection":["GABINETE SD"],"inLanguage":"pt-BR","potentialAction":[{"@type":"CommentAction","name":"Comment","target":["https:\/\/soldadoadrianojose.com.br\/index.php\/2023\/08\/09\/em-comemoracao-ao-aniversario-da-pm-assembleia-homenageia-integrantes-da-corporacao\/#respond"]}]},{"@type":"WebPage","@id":"https:\/\/soldadoadrianojose.com.br\/index.php\/2023\/08\/09\/em-comemoracao-ao-aniversario-da-pm-assembleia-homenageia-integrantes-da-corporacao\/","url":"https:\/\/soldadoadrianojose.com.br\/index.php\/2023\/08\/09\/em-comemoracao-ao-aniversario-da-pm-assembleia-homenageia-integrantes-da-corporacao\/","name":"Em comemora\u00e7\u00e3o ao anivers\u00e1rio da PM, Assembleia homenageia integrantes da corpora\u00e7\u00e3o - Deputado Adriano Jos\u00e9","isPartOf":{"@id":"https:\/\/soldadoadrianojose.com.br\/#website"},"primaryImageOfPage":{"@id":"https:\/\/soldadoadrianojose.com.br\/index.php\/2023\/08\/09\/em-comemoracao-ao-aniversario-da-pm-assembleia-homenageia-integrantes-da-corporacao\/#primaryimage"},"image":{"@id":"https:\/\/soldadoadrianojose.com.br\/index.php\/2023\/08\/09\/em-comemoracao-ao-aniversario-da-pm-assembleia-homenageia-integrantes-da-corporacao\/#primaryimage"},"thumbnailUrl":"https:\/\/soldadoadrianojose.com.br\/wp-content\/uploads\/2023\/08\/alep.jpg","datePublished":"2023-08-09T16:11:08+00:00","dateModified":"2023-08-09T17:12:05+00:00","breadcrumb":{"@id":"https:\/\/soldadoadrianojose.com.br\/index.php\/2023\/08\/09\/em-comemoracao-ao-aniversario-da-pm-assembleia-homenageia-integrantes-da-corporacao\/#breadcrumb"},"inLanguage":"pt-BR","potentialAction":[{"@type":"ReadAction","target":["https:\/\/soldadoadrianojose.com.br\/index.php\/2023\/08\/09\/em-comemoracao-ao-aniversario-da-pm-assembleia-homenageia-integrantes-da-corporacao\/"]}]},{"@type":"ImageObject","inLanguage":"pt-BR","@id":"https:\/\/soldadoadrianojose.com.br\/index.php\/2023\/08\/09\/em-comemoracao-ao-aniversario-da-pm-assembleia-homenageia-integrantes-da-corporacao\/#primaryimage","url":"https:\/\/soldadoadrianojose.com.br\/wp-content\/uploads\/2023\/08\/alep.jpg","contentUrl":"https:\/\/soldadoadrianojose.com.br\/wp-content\/uploads\/2023\/08\/alep.jpg","width":800,"height":800},{"@type":"BreadcrumbList","@id":"https:\/\/soldadoadrianojose.com.br\/index.php\/2023\/08\/09\/em-comemoracao-ao-aniversario-da-pm-assembleia-homenageia-integrantes-da-corporacao\/#breadcrumb","itemListElement":[{"@type":"ListItem","position":1,"name":"In\u00edcio","item":"https:\/\/soldadoadrianojose.com.br\/"},{"@type":"ListItem","position":2,"name":"Em comemora\u00e7\u00e3o ao anivers\u00e1rio da PM, Assembleia homenageia integrantes da corpora\u00e7\u00e3o"}]},{"@type":"WebSite","@id":"https:\/\/soldadoadrianojose.com.br\/#website","url":"https:\/\/soldadoadrianojose.com.br\/","name":"Deputado Adriano Jos\u00e9","description":"Nosso trabalho \u00e9 pelas pessoas","publisher":{"@id":"https:\/\/soldadoadrianojose.com.br\/#\/schema\/person\/16f8e8defb7a4bd6c6082efcd1bdb6bb"},"potentialAction":[{"@type":"SearchAction","target":{"@type":"EntryPoint","urlTemplate":"https:\/\/soldadoadrianojose.com.br\/?s={search_term_string}"},"query-input":{"@type":"PropertyValueSpecification","valueRequired":true,"valueName":"search_term_string"}}],"inLanguage":"pt-BR"},{"@type":["Person","Organization"],"@id":"https:\/\/soldadoadrianojose.com.br\/#\/schema\/person\/16f8e8defb7a4bd6c6082efcd1bdb6bb","name":"soldadoadrianojose","image":{"@type":"ImageObject","inLanguage":"pt-BR","@id":"https:\/\/soldadoadrianojose.com.br\/wp-content\/uploads\/2023\/02\/LOGO_CLEAR-5.png","url":"https:\/\/soldadoadrianojose.com.br\/wp-content\/uploads\/2023\/02\/LOGO_CLEAR-5.png","contentUrl":"https:\/\/soldadoadrianojose.com.br\/wp-content\/uploads\/2023\/02\/LOGO_CLEAR-5.png","width":3508,"height":998,"caption":"soldadoadrianojose"},"logo":{"@id":"https:\/\/soldadoadrianojose.com.br\/wp-content\/uploads\/2023\/02\/LOGO_CLEAR-5.png"},"sameAs":["https:\/\/soldadoadrianojose.com.br"],"url":"https:\/\/soldadoadrianojose.com.br\/index.php\/author\/soldadoadrianojose\/"}]}},"jetpack_featured_media_url":"https:\/\/soldadoadrianojose.com.br\/wp-content\/uploads\/2023\/08\/alep.jpg","_links":{"self":[{"href":"https:\/\/soldadoadrianojose.com.br\/index.php\/wp-json\/wp\/v2\/posts\/950","targetHints":{"allow":["GET"]}}],"collection":[{"href":"https:\/\/soldadoadrianojose.com.br\/index.php\/wp-json\/wp\/v2\/posts"}],"about":[{"href":"https:\/\/soldadoadrianojose.com.br\/index.php\/wp-json\/wp\/v2\/types\/post"}],"author":[{"embeddable":true,"href":"https:\/\/soldadoadrianojose.com.br\/index.php\/wp-json\/wp\/v2\/users\/1"}],"replies":[{"embeddable":true,"href":"https:\/\/soldadoadrianojose.com.br\/index.php\/wp-json\/wp\/v2\/comments?post=950"}],"version-history":[{"count":2,"href":"https:\/\/soldadoadrianojose.com.br\/index.php\/wp-json\/wp\/v2\/posts\/950\/revisions"}],"predecessor-version":[{"id":962,"href":"https:\/\/soldadoadrianojose.com.br\/index.php\/wp-json\/wp\/v2\/posts\/950\/revisions\/962"}],"wp:featuredmedia":[{"embeddable":true,"href":"https:\/\/soldadoadrianojose.com.br\/index.php\/wp-json\/wp\/v2\/media\/951"}],"wp:attachment":[{"href":"https:\/\/soldadoadrianojose.com.br\/index.php\/wp-json\/wp\/v2\/media?parent=950"}],"wp:term":[{"taxonomy":"category","embeddable":true,"href":"https:\/\/soldadoadrianojose.com.br\/index.php\/wp-json\/wp\/v2\/categories?post=950"},{"taxonomy":"post_tag","embeddable":true,"href":"https:\/\/soldadoadrianojose.com.br\/index.php\/wp-json\/wp\/v2\/tags?post=950"}],"curies":[{"name":"wp","href":"https:\/\/api.w.org\/{rel}","templated":true}]}}