{"id":963,"date":"2023-08-09T16:14:47","date_gmt":"2023-08-09T19:14:47","guid":{"rendered":"https:\/\/soldadoadrianojose.com.br\/?p=963"},"modified":"2023-08-09T16:14:59","modified_gmt":"2023-08-09T19:14:59","slug":"campeao-sul-americano-de-jiu-jitsu-da-pmpr-e-homenageado-na-assembleia-legislativa","status":"publish","type":"post","link":"https:\/\/soldadoadrianojose.com.br\/index.php\/2023\/08\/09\/campeao-sul-americano-de-jiu-jitsu-da-pmpr-e-homenageado-na-assembleia-legislativa\/","title":{"rendered":"Campe\u00e3o sul-americano de jiu-jitsu da PMPR \u00e9 homenageado na Assembleia Legislativa."},"content":{"rendered":"\n<figure class=\"wp-block-image size-full\"><img fetchpriority=\"high\" decoding=\"async\" width=\"800\" height=\"800\" src=\"https:\/\/soldadoadrianojose.com.br\/wp-content\/uploads\/2023\/08\/Danilo-Vicente-Crecencio.jpg\" alt=\"\" class=\"wp-image-965\" srcset=\"https:\/\/soldadoadrianojose.com.br\/wp-content\/uploads\/2023\/08\/Danilo-Vicente-Crecencio.jpg 800w, https:\/\/soldadoadrianojose.com.br\/wp-content\/uploads\/2023\/08\/Danilo-Vicente-Crecencio-300x300.jpg 300w, https:\/\/soldadoadrianojose.com.br\/wp-content\/uploads\/2023\/08\/Danilo-Vicente-Crecencio-150x150.jpg 150w, https:\/\/soldadoadrianojose.com.br\/wp-content\/uploads\/2023\/08\/Danilo-Vicente-Crecencio-768x768.jpg 768w\" sizes=\"(max-width: 800px) 100vw, 800px\" \/><\/figure>\n\n\n\n<p><em>Reconhecimento pela Excel\u00eancia nas Artes Marciais e Servi\u00e7o Policial \u00e9 Celebrado em Homenagem Especial<\/em><\/p>\n\n\n\n<p>O Soldado Danilo Vicente Crecencio, conhecido por suas not\u00e1veis conquistas no mundo do Jiu Jitsu e por seu comprometimento como Policial Militar, foi honrado hoje com uma homenagem especial pela Assembleia Legislativa do Paran\u00e1. A cerim\u00f4nia, que celebrou suas conquistas e trajet\u00f3ria exemplar, ocorreu em virtude do 169\u00ba anivers\u00e1rio da Pol\u00edcia Militar do Paran\u00e1.<\/p>\n\n\n\n<p>A homenagem, proposta pelo Deputado Estadual Soldado Adriano Jos\u00e9, foi uma maneira de reconhecer os feitos extraordin\u00e1rios do Soldado Crecencio tanto nos tatames quanto no servi\u00e7o policial. O Deputado Estadual Soldado Adriano Jos\u00e9 destacou a import\u00e2ncia de homenagear policiais exemplares como Crecencio, cujo compromisso e dedica\u00e7\u00e3o s\u00e3o um reflexo dos valores da Pol\u00edcia Militar do Paran\u00e1 ao longo de seus 169 anos de hist\u00f3ria.<\/p>\n\n\n\n<p>Em sua fala durante a cerim\u00f4nia, o Deputado Soldado Adriano Jos\u00e9 ressaltou: &#8220;Hoje, celebramos n\u00e3o apenas a hist\u00f3ria de nossa Pol\u00edcia Militar, mas tamb\u00e9m destacamos indiv\u00edduos not\u00e1veis que personificam o compromisso e a excel\u00eancia que nossa institui\u00e7\u00e3o busca alcan\u00e7ar. O Soldado Crecencio \u00e9 um exemplo vivo de como a dedica\u00e7\u00e3o ao servi\u00e7o e \u00e0 supera\u00e7\u00e3o pessoal podem inspirar n\u00e3o apenas seus colegas de profiss\u00e3o, mas toda a sociedade.&#8221;<\/p>\n\n\n\n<p>O Soldado Danilo Vicente Crecencio expressou sua gratid\u00e3o pela honra recebida e compartilhou algumas palavras durante a cerim\u00f4nia: &#8220;\u00c9 com humildade e orgulho que aceito essa homenagem. Meu compromisso tanto no servi\u00e7o policial quanto no Jiu Jitsu tem sido impulsionado pela busca constante por supera\u00e7\u00e3o e excel\u00eancia. Agrade\u00e7o \u00e0 Assembleia Legislativa do Paran\u00e1 e ao Deputado Soldado Adriano Jos\u00e9 por este reconhecimento.&#8221;<\/p>\n\n\n\n<p>O evento contou com a presen\u00e7a de autoridades estaduais, colegas policiais e entusiastas do Jiu Jitsu, que se reuniram para celebrar a jornada impressionante do Soldado Crecencio e seu impacto positivo tanto na comunidade policial quanto no cen\u00e1rio esportivo.<\/p>\n\n\n\n<p>A homenagem ao Soldado Danilo Vicente Crecencio durante o anivers\u00e1rio de 169 anos da Pol\u00edcia Militar do Paran\u00e1 serve como um lembrete do poder do compromisso, dedica\u00e7\u00e3o e supera\u00e7\u00e3o pessoal, inspirando a todos a perseguir a excel\u00eancia em suas \u00e1reas de atua\u00e7\u00e3o.<\/p>\n","protected":false},"excerpt":{"rendered":"<p>Reconhecimento pela Excel\u00eancia nas Artes Marciais e Servi\u00e7o Policial \u00e9 Celebrado em Homenagem Especial O Soldado Danilo Vicente Crecencio, conhecido por suas not\u00e1veis conquistas no mundo do Jiu Jitsu e por seu comprometimento como Policial Militar, foi honrado hoje com uma homenagem especial pela Assembleia Legislativa do Paran\u00e1. A cerim\u00f4nia, que celebrou suas conquistas e [&hellip;]<\/p>\n","protected":false},"author":1,"featured_media":965,"comment_status":"open","ping_status":"open","sticky":false,"template":"","format":"standard","meta":{"footnotes":""},"categories":[1],"tags":[],"class_list":["post-963","post","type-post","status-publish","format-standard","has-post-thumbnail","hentry","category-gabinete-sd"],"yoast_head":"<!-- This site is optimized with the Yoast SEO plugin v27.4 - https:\/\/yoast.com\/product\/yoast-seo-wordpress\/ -->\n<title>Campe\u00e3o sul-americano de jiu-jitsu da PMPR \u00e9 homenageado na Assembleia Legislativa. - Deputado Adriano Jos\u00e9<\/title>\n<meta name=\"robots\" content=\"index, follow, max-snippet:-1, max-image-preview:large, max-video-preview:-1\" \/>\n<link rel=\"canonical\" href=\"https:\/\/soldadoadrianojose.com.br\/index.php\/2023\/08\/09\/campeao-sul-americano-de-jiu-jitsu-da-pmpr-e-homenageado-na-assembleia-legislativa\/\" \/>\n<meta property=\"og:locale\" content=\"pt_BR\" \/>\n<meta property=\"og:type\" content=\"article\" \/>\n<meta property=\"og:title\" content=\"Campe\u00e3o sul-americano de jiu-jitsu da PMPR \u00e9 homenageado na Assembleia Legislativa. - Deputado Adriano Jos\u00e9\" \/>\n<meta property=\"og:description\" content=\"Reconhecimento pela Excel\u00eancia nas Artes Marciais e Servi\u00e7o Policial \u00e9 Celebrado em Homenagem Especial O Soldado Danilo Vicente Crecencio, conhecido por suas not\u00e1veis conquistas no mundo do Jiu Jitsu e por seu comprometimento como Policial Militar, foi honrado hoje com uma homenagem especial pela Assembleia Legislativa do Paran\u00e1. A cerim\u00f4nia, que celebrou suas conquistas e [&hellip;]\" \/>\n<meta property=\"og:url\" content=\"https:\/\/soldadoadrianojose.com.br\/index.php\/2023\/08\/09\/campeao-sul-americano-de-jiu-jitsu-da-pmpr-e-homenageado-na-assembleia-legislativa\/\" \/>\n<meta property=\"og:site_name\" content=\"Deputado Adriano Jos\u00e9\" \/>\n<meta property=\"article:published_time\" content=\"2023-08-09T19:14:47+00:00\" \/>\n<meta property=\"article:modified_time\" content=\"2023-08-09T19:14:59+00:00\" \/>\n<meta property=\"og:image\" content=\"https:\/\/soldadoadrianojose.com.br\/wp-content\/uploads\/2023\/08\/Danilo-Vicente-Crecencio.jpg\" \/>\n\t<meta property=\"og:image:width\" content=\"800\" \/>\n\t<meta property=\"og:image:height\" content=\"800\" \/>\n\t<meta property=\"og:image:type\" content=\"image\/jpeg\" \/>\n<meta name=\"author\" content=\"soldadoadrianojose\" \/>\n<meta name=\"twitter:card\" content=\"summary_large_image\" \/>\n<meta name=\"twitter:label1\" content=\"Escrito por\" \/>\n\t<meta name=\"twitter:data1\" content=\"soldadoadrianojose\" \/>\n\t<meta name=\"twitter:label2\" content=\"Est. tempo de leitura\" \/>\n\t<meta name=\"twitter:data2\" content=\"3 minutos\" \/>\n<script type=\"application\/ld+json\" class=\"yoast-schema-graph\">{\"@context\":\"https:\\\/\\\/schema.org\",\"@graph\":[{\"@type\":\"Article\",\"@id\":\"https:\\\/\\\/soldadoadrianojose.com.br\\\/index.php\\\/2023\\\/08\\\/09\\\/campeao-sul-americano-de-jiu-jitsu-da-pmpr-e-homenageado-na-assembleia-legislativa\\\/#article\",\"isPartOf\":{\"@id\":\"https:\\\/\\\/soldadoadrianojose.com.br\\\/index.php\\\/2023\\\/08\\\/09\\\/campeao-sul-americano-de-jiu-jitsu-da-pmpr-e-homenageado-na-assembleia-legislativa\\\/\"},\"author\":{\"name\":\"soldadoadrianojose\",\"@id\":\"https:\\\/\\\/soldadoadrianojose.com.br\\\/#\\\/schema\\\/person\\\/16f8e8defb7a4bd6c6082efcd1bdb6bb\"},\"headline\":\"Campe\u00e3o sul-americano de jiu-jitsu da PMPR \u00e9 homenageado na Assembleia Legislativa.\",\"datePublished\":\"2023-08-09T19:14:47+00:00\",\"dateModified\":\"2023-08-09T19:14:59+00:00\",\"mainEntityOfPage\":{\"@id\":\"https:\\\/\\\/soldadoadrianojose.com.br\\\/index.php\\\/2023\\\/08\\\/09\\\/campeao-sul-americano-de-jiu-jitsu-da-pmpr-e-homenageado-na-assembleia-legislativa\\\/\"},\"wordCount\":389,\"commentCount\":0,\"publisher\":{\"@id\":\"https:\\\/\\\/soldadoadrianojose.com.br\\\/#\\\/schema\\\/person\\\/16f8e8defb7a4bd6c6082efcd1bdb6bb\"},\"image\":{\"@id\":\"https:\\\/\\\/soldadoadrianojose.com.br\\\/index.php\\\/2023\\\/08\\\/09\\\/campeao-sul-americano-de-jiu-jitsu-da-pmpr-e-homenageado-na-assembleia-legislativa\\\/#primaryimage\"},\"thumbnailUrl\":\"https:\\\/\\\/soldadoadrianojose.com.br\\\/wp-content\\\/uploads\\\/2023\\\/08\\\/Danilo-Vicente-Crecencio.jpg\",\"articleSection\":[\"GABINETE SD\"],\"inLanguage\":\"pt-BR\",\"potentialAction\":[{\"@type\":\"CommentAction\",\"name\":\"Comment\",\"target\":[\"https:\\\/\\\/soldadoadrianojose.com.br\\\/index.php\\\/2023\\\/08\\\/09\\\/campeao-sul-americano-de-jiu-jitsu-da-pmpr-e-homenageado-na-assembleia-legislativa\\\/#respond\"]}]},{\"@type\":\"WebPage\",\"@id\":\"https:\\\/\\\/soldadoadrianojose.com.br\\\/index.php\\\/2023\\\/08\\\/09\\\/campeao-sul-americano-de-jiu-jitsu-da-pmpr-e-homenageado-na-assembleia-legislativa\\\/\",\"url\":\"https:\\\/\\\/soldadoadrianojose.com.br\\\/index.php\\\/2023\\\/08\\\/09\\\/campeao-sul-americano-de-jiu-jitsu-da-pmpr-e-homenageado-na-assembleia-legislativa\\\/\",\"name\":\"Campe\u00e3o sul-americano de jiu-jitsu da PMPR \u00e9 homenageado na Assembleia Legislativa. - Deputado Adriano Jos\u00e9\",\"isPartOf\":{\"@id\":\"https:\\\/\\\/soldadoadrianojose.com.br\\\/#website\"},\"primaryImageOfPage\":{\"@id\":\"https:\\\/\\\/soldadoadrianojose.com.br\\\/index.php\\\/2023\\\/08\\\/09\\\/campeao-sul-americano-de-jiu-jitsu-da-pmpr-e-homenageado-na-assembleia-legislativa\\\/#primaryimage\"},\"image\":{\"@id\":\"https:\\\/\\\/soldadoadrianojose.com.br\\\/index.php\\\/2023\\\/08\\\/09\\\/campeao-sul-americano-de-jiu-jitsu-da-pmpr-e-homenageado-na-assembleia-legislativa\\\/#primaryimage\"},\"thumbnailUrl\":\"https:\\\/\\\/soldadoadrianojose.com.br\\\/wp-content\\\/uploads\\\/2023\\\/08\\\/Danilo-Vicente-Crecencio.jpg\",\"datePublished\":\"2023-08-09T19:14:47+00:00\",\"dateModified\":\"2023-08-09T19:14:59+00:00\",\"breadcrumb\":{\"@id\":\"https:\\\/\\\/soldadoadrianojose.com.br\\\/index.php\\\/2023\\\/08\\\/09\\\/campeao-sul-americano-de-jiu-jitsu-da-pmpr-e-homenageado-na-assembleia-legislativa\\\/#breadcrumb\"},\"inLanguage\":\"pt-BR\",\"potentialAction\":[{\"@type\":\"ReadAction\",\"target\":[\"https:\\\/\\\/soldadoadrianojose.com.br\\\/index.php\\\/2023\\\/08\\\/09\\\/campeao-sul-americano-de-jiu-jitsu-da-pmpr-e-homenageado-na-assembleia-legislativa\\\/\"]}]},{\"@type\":\"ImageObject\",\"inLanguage\":\"pt-BR\",\"@id\":\"https:\\\/\\\/soldadoadrianojose.com.br\\\/index.php\\\/2023\\\/08\\\/09\\\/campeao-sul-americano-de-jiu-jitsu-da-pmpr-e-homenageado-na-assembleia-legislativa\\\/#primaryimage\",\"url\":\"https:\\\/\\\/soldadoadrianojose.com.br\\\/wp-content\\\/uploads\\\/2023\\\/08\\\/Danilo-Vicente-Crecencio.jpg\",\"contentUrl\":\"https:\\\/\\\/soldadoadrianojose.com.br\\\/wp-content\\\/uploads\\\/2023\\\/08\\\/Danilo-Vicente-Crecencio.jpg\",\"width\":800,\"height\":800},{\"@type\":\"BreadcrumbList\",\"@id\":\"https:\\\/\\\/soldadoadrianojose.com.br\\\/index.php\\\/2023\\\/08\\\/09\\\/campeao-sul-americano-de-jiu-jitsu-da-pmpr-e-homenageado-na-assembleia-legislativa\\\/#breadcrumb\",\"itemListElement\":[{\"@type\":\"ListItem\",\"position\":1,\"name\":\"In\u00edcio\",\"item\":\"https:\\\/\\\/soldadoadrianojose.com.br\\\/\"},{\"@type\":\"ListItem\",\"position\":2,\"name\":\"Campe\u00e3o sul-americano de jiu-jitsu da PMPR \u00e9 homenageado na Assembleia Legislativa.\"}]},{\"@type\":\"WebSite\",\"@id\":\"https:\\\/\\\/soldadoadrianojose.com.br\\\/#website\",\"url\":\"https:\\\/\\\/soldadoadrianojose.com.br\\\/\",\"name\":\"Deputado Adriano Jos\u00e9\",\"description\":\"Nosso trabalho \u00e9 pelas pessoas\",\"publisher\":{\"@id\":\"https:\\\/\\\/soldadoadrianojose.com.br\\\/#\\\/schema\\\/person\\\/16f8e8defb7a4bd6c6082efcd1bdb6bb\"},\"potentialAction\":[{\"@type\":\"SearchAction\",\"target\":{\"@type\":\"EntryPoint\",\"urlTemplate\":\"https:\\\/\\\/soldadoadrianojose.com.br\\\/?s={search_term_string}\"},\"query-input\":{\"@type\":\"PropertyValueSpecification\",\"valueRequired\":true,\"valueName\":\"search_term_string\"}}],\"inLanguage\":\"pt-BR\"},{\"@type\":[\"Person\",\"Organization\"],\"@id\":\"https:\\\/\\\/soldadoadrianojose.com.br\\\/#\\\/schema\\\/person\\\/16f8e8defb7a4bd6c6082efcd1bdb6bb\",\"name\":\"soldadoadrianojose\",\"image\":{\"@type\":\"ImageObject\",\"inLanguage\":\"pt-BR\",\"@id\":\"https:\\\/\\\/soldadoadrianojose.com.br\\\/wp-content\\\/uploads\\\/2023\\\/02\\\/LOGO_CLEAR-5.png\",\"url\":\"https:\\\/\\\/soldadoadrianojose.com.br\\\/wp-content\\\/uploads\\\/2023\\\/02\\\/LOGO_CLEAR-5.png\",\"contentUrl\":\"https:\\\/\\\/soldadoadrianojose.com.br\\\/wp-content\\\/uploads\\\/2023\\\/02\\\/LOGO_CLEAR-5.png\",\"width\":3508,\"height\":998,\"caption\":\"soldadoadrianojose\"},\"logo\":{\"@id\":\"https:\\\/\\\/soldadoadrianojose.com.br\\\/wp-content\\\/uploads\\\/2023\\\/02\\\/LOGO_CLEAR-5.png\"},\"sameAs\":[\"https:\\\/\\\/soldadoadrianojose.com.br\"],\"url\":\"https:\\\/\\\/soldadoadrianojose.com.br\\\/index.php\\\/author\\\/soldadoadrianojose\\\/\"}]}<\/script>\n<!-- \/ Yoast SEO plugin. -->","yoast_head_json":{"title":"Campe\u00e3o sul-americano de jiu-jitsu da PMPR \u00e9 homenageado na Assembleia Legislativa. - Deputado Adriano Jos\u00e9","robots":{"index":"index","follow":"follow","max-snippet":"max-snippet:-1","max-image-preview":"max-image-preview:large","max-video-preview":"max-video-preview:-1"},"canonical":"https:\/\/soldadoadrianojose.com.br\/index.php\/2023\/08\/09\/campeao-sul-americano-de-jiu-jitsu-da-pmpr-e-homenageado-na-assembleia-legislativa\/","og_locale":"pt_BR","og_type":"article","og_title":"Campe\u00e3o sul-americano de jiu-jitsu da PMPR \u00e9 homenageado na Assembleia Legislativa. - Deputado Adriano Jos\u00e9","og_description":"Reconhecimento pela Excel\u00eancia nas Artes Marciais e Servi\u00e7o Policial \u00e9 Celebrado em Homenagem Especial O Soldado Danilo Vicente Crecencio, conhecido por suas not\u00e1veis conquistas no mundo do Jiu Jitsu e por seu comprometimento como Policial Militar, foi honrado hoje com uma homenagem especial pela Assembleia Legislativa do Paran\u00e1. A cerim\u00f4nia, que celebrou suas conquistas e [&hellip;]","og_url":"https:\/\/soldadoadrianojose.com.br\/index.php\/2023\/08\/09\/campeao-sul-americano-de-jiu-jitsu-da-pmpr-e-homenageado-na-assembleia-legislativa\/","og_site_name":"Deputado Adriano Jos\u00e9","article_published_time":"2023-08-09T19:14:47+00:00","article_modified_time":"2023-08-09T19:14:59+00:00","og_image":[{"width":800,"height":800,"url":"https:\/\/soldadoadrianojose.com.br\/wp-content\/uploads\/2023\/08\/Danilo-Vicente-Crecencio.jpg","type":"image\/jpeg"}],"author":"soldadoadrianojose","twitter_card":"summary_large_image","twitter_misc":{"Escrito por":"soldadoadrianojose","Est. tempo de leitura":"3 minutos"},"schema":{"@context":"https:\/\/schema.org","@graph":[{"@type":"Article","@id":"https:\/\/soldadoadrianojose.com.br\/index.php\/2023\/08\/09\/campeao-sul-americano-de-jiu-jitsu-da-pmpr-e-homenageado-na-assembleia-legislativa\/#article","isPartOf":{"@id":"https:\/\/soldadoadrianojose.com.br\/index.php\/2023\/08\/09\/campeao-sul-americano-de-jiu-jitsu-da-pmpr-e-homenageado-na-assembleia-legislativa\/"},"author":{"name":"soldadoadrianojose","@id":"https:\/\/soldadoadrianojose.com.br\/#\/schema\/person\/16f8e8defb7a4bd6c6082efcd1bdb6bb"},"headline":"Campe\u00e3o sul-americano de jiu-jitsu da PMPR \u00e9 homenageado na Assembleia Legislativa.","datePublished":"2023-08-09T19:14:47+00:00","dateModified":"2023-08-09T19:14:59+00:00","mainEntityOfPage":{"@id":"https:\/\/soldadoadrianojose.com.br\/index.php\/2023\/08\/09\/campeao-sul-americano-de-jiu-jitsu-da-pmpr-e-homenageado-na-assembleia-legislativa\/"},"wordCount":389,"commentCount":0,"publisher":{"@id":"https:\/\/soldadoadrianojose.com.br\/#\/schema\/person\/16f8e8defb7a4bd6c6082efcd1bdb6bb"},"image":{"@id":"https:\/\/soldadoadrianojose.com.br\/index.php\/2023\/08\/09\/campeao-sul-americano-de-jiu-jitsu-da-pmpr-e-homenageado-na-assembleia-legislativa\/#primaryimage"},"thumbnailUrl":"https:\/\/soldadoadrianojose.com.br\/wp-content\/uploads\/2023\/08\/Danilo-Vicente-Crecencio.jpg","articleSection":["GABINETE SD"],"inLanguage":"pt-BR","potentialAction":[{"@type":"CommentAction","name":"Comment","target":["https:\/\/soldadoadrianojose.com.br\/index.php\/2023\/08\/09\/campeao-sul-americano-de-jiu-jitsu-da-pmpr-e-homenageado-na-assembleia-legislativa\/#respond"]}]},{"@type":"WebPage","@id":"https:\/\/soldadoadrianojose.com.br\/index.php\/2023\/08\/09\/campeao-sul-americano-de-jiu-jitsu-da-pmpr-e-homenageado-na-assembleia-legislativa\/","url":"https:\/\/soldadoadrianojose.com.br\/index.php\/2023\/08\/09\/campeao-sul-americano-de-jiu-jitsu-da-pmpr-e-homenageado-na-assembleia-legislativa\/","name":"Campe\u00e3o sul-americano de jiu-jitsu da PMPR \u00e9 homenageado na Assembleia Legislativa. - Deputado Adriano Jos\u00e9","isPartOf":{"@id":"https:\/\/soldadoadrianojose.com.br\/#website"},"primaryImageOfPage":{"@id":"https:\/\/soldadoadrianojose.com.br\/index.php\/2023\/08\/09\/campeao-sul-americano-de-jiu-jitsu-da-pmpr-e-homenageado-na-assembleia-legislativa\/#primaryimage"},"image":{"@id":"https:\/\/soldadoadrianojose.com.br\/index.php\/2023\/08\/09\/campeao-sul-americano-de-jiu-jitsu-da-pmpr-e-homenageado-na-assembleia-legislativa\/#primaryimage"},"thumbnailUrl":"https:\/\/soldadoadrianojose.com.br\/wp-content\/uploads\/2023\/08\/Danilo-Vicente-Crecencio.jpg","datePublished":"2023-08-09T19:14:47+00:00","dateModified":"2023-08-09T19:14:59+00:00","breadcrumb":{"@id":"https:\/\/soldadoadrianojose.com.br\/index.php\/2023\/08\/09\/campeao-sul-americano-de-jiu-jitsu-da-pmpr-e-homenageado-na-assembleia-legislativa\/#breadcrumb"},"inLanguage":"pt-BR","potentialAction":[{"@type":"ReadAction","target":["https:\/\/soldadoadrianojose.com.br\/index.php\/2023\/08\/09\/campeao-sul-americano-de-jiu-jitsu-da-pmpr-e-homenageado-na-assembleia-legislativa\/"]}]},{"@type":"ImageObject","inLanguage":"pt-BR","@id":"https:\/\/soldadoadrianojose.com.br\/index.php\/2023\/08\/09\/campeao-sul-americano-de-jiu-jitsu-da-pmpr-e-homenageado-na-assembleia-legislativa\/#primaryimage","url":"https:\/\/soldadoadrianojose.com.br\/wp-content\/uploads\/2023\/08\/Danilo-Vicente-Crecencio.jpg","contentUrl":"https:\/\/soldadoadrianojose.com.br\/wp-content\/uploads\/2023\/08\/Danilo-Vicente-Crecencio.jpg","width":800,"height":800},{"@type":"BreadcrumbList","@id":"https:\/\/soldadoadrianojose.com.br\/index.php\/2023\/08\/09\/campeao-sul-americano-de-jiu-jitsu-da-pmpr-e-homenageado-na-assembleia-legislativa\/#breadcrumb","itemListElement":[{"@type":"ListItem","position":1,"name":"In\u00edcio","item":"https:\/\/soldadoadrianojose.com.br\/"},{"@type":"ListItem","position":2,"name":"Campe\u00e3o sul-americano de jiu-jitsu da PMPR \u00e9 homenageado na Assembleia Legislativa."}]},{"@type":"WebSite","@id":"https:\/\/soldadoadrianojose.com.br\/#website","url":"https:\/\/soldadoadrianojose.com.br\/","name":"Deputado Adriano Jos\u00e9","description":"Nosso trabalho \u00e9 pelas pessoas","publisher":{"@id":"https:\/\/soldadoadrianojose.com.br\/#\/schema\/person\/16f8e8defb7a4bd6c6082efcd1bdb6bb"},"potentialAction":[{"@type":"SearchAction","target":{"@type":"EntryPoint","urlTemplate":"https:\/\/soldadoadrianojose.com.br\/?s={search_term_string}"},"query-input":{"@type":"PropertyValueSpecification","valueRequired":true,"valueName":"search_term_string"}}],"inLanguage":"pt-BR"},{"@type":["Person","Organization"],"@id":"https:\/\/soldadoadrianojose.com.br\/#\/schema\/person\/16f8e8defb7a4bd6c6082efcd1bdb6bb","name":"soldadoadrianojose","image":{"@type":"ImageObject","inLanguage":"pt-BR","@id":"https:\/\/soldadoadrianojose.com.br\/wp-content\/uploads\/2023\/02\/LOGO_CLEAR-5.png","url":"https:\/\/soldadoadrianojose.com.br\/wp-content\/uploads\/2023\/02\/LOGO_CLEAR-5.png","contentUrl":"https:\/\/soldadoadrianojose.com.br\/wp-content\/uploads\/2023\/02\/LOGO_CLEAR-5.png","width":3508,"height":998,"caption":"soldadoadrianojose"},"logo":{"@id":"https:\/\/soldadoadrianojose.com.br\/wp-content\/uploads\/2023\/02\/LOGO_CLEAR-5.png"},"sameAs":["https:\/\/soldadoadrianojose.com.br"],"url":"https:\/\/soldadoadrianojose.com.br\/index.php\/author\/soldadoadrianojose\/"}]}},"jetpack_featured_media_url":"https:\/\/soldadoadrianojose.com.br\/wp-content\/uploads\/2023\/08\/Danilo-Vicente-Crecencio.jpg","_links":{"self":[{"href":"https:\/\/soldadoadrianojose.com.br\/index.php\/wp-json\/wp\/v2\/posts\/963","targetHints":{"allow":["GET"]}}],"collection":[{"href":"https:\/\/soldadoadrianojose.com.br\/index.php\/wp-json\/wp\/v2\/posts"}],"about":[{"href":"https:\/\/soldadoadrianojose.com.br\/index.php\/wp-json\/wp\/v2\/types\/post"}],"author":[{"embeddable":true,"href":"https:\/\/soldadoadrianojose.com.br\/index.php\/wp-json\/wp\/v2\/users\/1"}],"replies":[{"embeddable":true,"href":"https:\/\/soldadoadrianojose.com.br\/index.php\/wp-json\/wp\/v2\/comments?post=963"}],"version-history":[{"count":1,"href":"https:\/\/soldadoadrianojose.com.br\/index.php\/wp-json\/wp\/v2\/posts\/963\/revisions"}],"predecessor-version":[{"id":966,"href":"https:\/\/soldadoadrianojose.com.br\/index.php\/wp-json\/wp\/v2\/posts\/963\/revisions\/966"}],"wp:featuredmedia":[{"embeddable":true,"href":"https:\/\/soldadoadrianojose.com.br\/index.php\/wp-json\/wp\/v2\/media\/965"}],"wp:attachment":[{"href":"https:\/\/soldadoadrianojose.com.br\/index.php\/wp-json\/wp\/v2\/media?parent=963"}],"wp:term":[{"taxonomy":"category","embeddable":true,"href":"https:\/\/soldadoadrianojose.com.br\/index.php\/wp-json\/wp\/v2\/categories?post=963"},{"taxonomy":"post_tag","embeddable":true,"href":"https:\/\/soldadoadrianojose.com.br\/index.php\/wp-json\/wp\/v2\/tags?post=963"}],"curies":[{"name":"wp","href":"https:\/\/api.w.org\/{rel}","templated":true}]}}