{"id":972,"date":"2023-08-16T19:01:43","date_gmt":"2023-08-16T22:01:43","guid":{"rendered":"https:\/\/soldadoadrianojose.com.br\/?p=972"},"modified":"2023-08-16T19:01:49","modified_gmt":"2023-08-16T22:01:49","slug":"pm-apreende-em-campo-mourao-carregadores-e-mais-de-400-quilos-de-maconha","status":"publish","type":"post","link":"https:\/\/soldadoadrianojose.com.br\/index.php\/2023\/08\/16\/pm-apreende-em-campo-mourao-carregadores-e-mais-de-400-quilos-de-maconha\/","title":{"rendered":"PM apreende em Campo Mour\u00e3o carregadores e mais de 400 quilos de maconha"},"content":{"rendered":"\n<p>Policiais Militares das equipes Rotam (Rondas Ostensivas T\u00e1ticas Metropolitanas) e RPA (R\u00e1dio Patrulhamento Auto), apreenderam no in\u00edcio da madrugada de hoje (16\/8), quase meia tonelada de maconha, al\u00e9m de v\u00e1rios carregadores modelos caracol que s\u00e3o usados em fuzis e escopetas. <\/p>\n\n\n\n<figure class=\"wp-block-image size-large\"><img fetchpriority=\"high\" decoding=\"async\" width=\"1024\" height=\"769\" src=\"https:\/\/soldadoadrianojose.com.br\/wp-content\/uploads\/2023\/08\/WhatsApp-Image-2023-08-16-at-13.41.01-1024x769.jpeg\" alt=\"\" class=\"wp-image-973\" srcset=\"https:\/\/soldadoadrianojose.com.br\/wp-content\/uploads\/2023\/08\/WhatsApp-Image-2023-08-16-at-13.41.01-1024x769.jpeg 1024w, https:\/\/soldadoadrianojose.com.br\/wp-content\/uploads\/2023\/08\/WhatsApp-Image-2023-08-16-at-13.41.01-300x225.jpeg 300w, https:\/\/soldadoadrianojose.com.br\/wp-content\/uploads\/2023\/08\/WhatsApp-Image-2023-08-16-at-13.41.01-768x576.jpeg 768w, https:\/\/soldadoadrianojose.com.br\/wp-content\/uploads\/2023\/08\/WhatsApp-Image-2023-08-16-at-13.41.01-1536x1153.jpeg 1536w, https:\/\/soldadoadrianojose.com.br\/wp-content\/uploads\/2023\/08\/WhatsApp-Image-2023-08-16-at-13.41.01.jpeg 1600w\" sizes=\"(max-width: 1024px) 100vw, 1024px\" \/><\/figure>\n\n\n\n<p>A apreens\u00e3o da carga il\u00edcita, aconteceu por volta da 01H00 em Campo Mour\u00e3o (cerca de 90 quil\u00f4metros de Maring\u00e1).<\/p>\n\n\n\n<p> A droga e os carregadores, eram transportados em um ve\u00edculo VW Polo modelo Sedan, que capotou na via. Um rapaz de 24 anos e uma adolescente de 16, ocupantes do carro &#8211; foram conduzidos at\u00e9 a Delegacia de Pol\u00edcia Civil para serem tomadas as provid\u00eancias cab\u00edveis. <\/p>\n\n\n\n<p>Eles relataram que sa\u00edram de Foz do Igua\u00e7u, regi\u00e3o oeste do estado, e pretendiam entregar a mercadoria il\u00edcita em Ourinhos-SP. O casal foi autuado pelo crime de tr\u00e1fico de drogas. Ao todo foram apreendidos 463 kg de maconha e seis carregadores.<\/p>\n","protected":false},"excerpt":{"rendered":"<p>Policiais Militares das equipes Rotam (Rondas Ostensivas T\u00e1ticas Metropolitanas) e RPA (R\u00e1dio Patrulhamento Auto), apreenderam no in\u00edcio da madrugada de hoje (16\/8), quase meia tonelada de maconha, al\u00e9m de v\u00e1rios carregadores modelos caracol que s\u00e3o usados em fuzis e escopetas. A apreens\u00e3o da carga il\u00edcita, aconteceu por volta da 01H00 em Campo Mour\u00e3o (cerca de [&hellip;]<\/p>\n","protected":false},"author":1,"featured_media":974,"comment_status":"open","ping_status":"open","sticky":false,"template":"","format":"standard","meta":{"footnotes":""},"categories":[1],"tags":[],"class_list":["post-972","post","type-post","status-publish","format-standard","has-post-thumbnail","hentry","category-gabinete-sd"],"yoast_head":"<!-- This site is optimized with the Yoast SEO plugin v27.4 - https:\/\/yoast.com\/product\/yoast-seo-wordpress\/ -->\n<title>PM apreende em Campo Mour\u00e3o carregadores e mais de 400 quilos de maconha - Deputado Adriano Jos\u00e9<\/title>\n<meta name=\"robots\" content=\"index, follow, max-snippet:-1, max-image-preview:large, max-video-preview:-1\" \/>\n<link rel=\"canonical\" href=\"https:\/\/soldadoadrianojose.com.br\/index.php\/2023\/08\/16\/pm-apreende-em-campo-mourao-carregadores-e-mais-de-400-quilos-de-maconha\/\" \/>\n<meta property=\"og:locale\" content=\"pt_BR\" \/>\n<meta property=\"og:type\" content=\"article\" \/>\n<meta property=\"og:title\" content=\"PM apreende em Campo Mour\u00e3o carregadores e mais de 400 quilos de maconha - Deputado Adriano Jos\u00e9\" \/>\n<meta property=\"og:description\" content=\"Policiais Militares das equipes Rotam (Rondas Ostensivas T\u00e1ticas Metropolitanas) e RPA (R\u00e1dio Patrulhamento Auto), apreenderam no in\u00edcio da madrugada de hoje (16\/8), quase meia tonelada de maconha, al\u00e9m de v\u00e1rios carregadores modelos caracol que s\u00e3o usados em fuzis e escopetas. A apreens\u00e3o da carga il\u00edcita, aconteceu por volta da 01H00 em Campo Mour\u00e3o (cerca de [&hellip;]\" \/>\n<meta property=\"og:url\" content=\"https:\/\/soldadoadrianojose.com.br\/index.php\/2023\/08\/16\/pm-apreende-em-campo-mourao-carregadores-e-mais-de-400-quilos-de-maconha\/\" \/>\n<meta property=\"og:site_name\" content=\"Deputado Adriano Jos\u00e9\" \/>\n<meta property=\"article:published_time\" content=\"2023-08-16T22:01:43+00:00\" \/>\n<meta property=\"article:modified_time\" content=\"2023-08-16T22:01:49+00:00\" \/>\n<meta property=\"og:image\" content=\"https:\/\/soldadoadrianojose.com.br\/wp-content\/uploads\/2023\/08\/WhatsApp-Image-2023-08-16-at-13.41.01-1.jpeg\" \/>\n\t<meta property=\"og:image:width\" content=\"1600\" \/>\n\t<meta property=\"og:image:height\" content=\"1201\" \/>\n\t<meta property=\"og:image:type\" content=\"image\/jpeg\" \/>\n<meta name=\"author\" content=\"soldadoadrianojose\" \/>\n<meta name=\"twitter:card\" content=\"summary_large_image\" \/>\n<meta name=\"twitter:label1\" content=\"Escrito por\" \/>\n\t<meta name=\"twitter:data1\" content=\"soldadoadrianojose\" \/>\n\t<meta name=\"twitter:label2\" content=\"Est. tempo de leitura\" \/>\n\t<meta name=\"twitter:data2\" content=\"2 minutos\" \/>\n<script type=\"application\/ld+json\" class=\"yoast-schema-graph\">{\"@context\":\"https:\\\/\\\/schema.org\",\"@graph\":[{\"@type\":\"Article\",\"@id\":\"https:\\\/\\\/soldadoadrianojose.com.br\\\/index.php\\\/2023\\\/08\\\/16\\\/pm-apreende-em-campo-mourao-carregadores-e-mais-de-400-quilos-de-maconha\\\/#article\",\"isPartOf\":{\"@id\":\"https:\\\/\\\/soldadoadrianojose.com.br\\\/index.php\\\/2023\\\/08\\\/16\\\/pm-apreende-em-campo-mourao-carregadores-e-mais-de-400-quilos-de-maconha\\\/\"},\"author\":{\"name\":\"soldadoadrianojose\",\"@id\":\"https:\\\/\\\/soldadoadrianojose.com.br\\\/#\\\/schema\\\/person\\\/16f8e8defb7a4bd6c6082efcd1bdb6bb\"},\"headline\":\"PM apreende em Campo Mour\u00e3o carregadores e mais de 400 quilos de maconha\",\"datePublished\":\"2023-08-16T22:01:43+00:00\",\"dateModified\":\"2023-08-16T22:01:49+00:00\",\"mainEntityOfPage\":{\"@id\":\"https:\\\/\\\/soldadoadrianojose.com.br\\\/index.php\\\/2023\\\/08\\\/16\\\/pm-apreende-em-campo-mourao-carregadores-e-mais-de-400-quilos-de-maconha\\\/\"},\"wordCount\":173,\"commentCount\":0,\"publisher\":{\"@id\":\"https:\\\/\\\/soldadoadrianojose.com.br\\\/#\\\/schema\\\/person\\\/16f8e8defb7a4bd6c6082efcd1bdb6bb\"},\"image\":{\"@id\":\"https:\\\/\\\/soldadoadrianojose.com.br\\\/index.php\\\/2023\\\/08\\\/16\\\/pm-apreende-em-campo-mourao-carregadores-e-mais-de-400-quilos-de-maconha\\\/#primaryimage\"},\"thumbnailUrl\":\"https:\\\/\\\/soldadoadrianojose.com.br\\\/wp-content\\\/uploads\\\/2023\\\/08\\\/WhatsApp-Image-2023-08-16-at-13.41.01-1.jpeg\",\"articleSection\":[\"GABINETE SD\"],\"inLanguage\":\"pt-BR\",\"potentialAction\":[{\"@type\":\"CommentAction\",\"name\":\"Comment\",\"target\":[\"https:\\\/\\\/soldadoadrianojose.com.br\\\/index.php\\\/2023\\\/08\\\/16\\\/pm-apreende-em-campo-mourao-carregadores-e-mais-de-400-quilos-de-maconha\\\/#respond\"]}]},{\"@type\":\"WebPage\",\"@id\":\"https:\\\/\\\/soldadoadrianojose.com.br\\\/index.php\\\/2023\\\/08\\\/16\\\/pm-apreende-em-campo-mourao-carregadores-e-mais-de-400-quilos-de-maconha\\\/\",\"url\":\"https:\\\/\\\/soldadoadrianojose.com.br\\\/index.php\\\/2023\\\/08\\\/16\\\/pm-apreende-em-campo-mourao-carregadores-e-mais-de-400-quilos-de-maconha\\\/\",\"name\":\"PM apreende em Campo Mour\u00e3o carregadores e mais de 400 quilos de maconha - Deputado Adriano Jos\u00e9\",\"isPartOf\":{\"@id\":\"https:\\\/\\\/soldadoadrianojose.com.br\\\/#website\"},\"primaryImageOfPage\":{\"@id\":\"https:\\\/\\\/soldadoadrianojose.com.br\\\/index.php\\\/2023\\\/08\\\/16\\\/pm-apreende-em-campo-mourao-carregadores-e-mais-de-400-quilos-de-maconha\\\/#primaryimage\"},\"image\":{\"@id\":\"https:\\\/\\\/soldadoadrianojose.com.br\\\/index.php\\\/2023\\\/08\\\/16\\\/pm-apreende-em-campo-mourao-carregadores-e-mais-de-400-quilos-de-maconha\\\/#primaryimage\"},\"thumbnailUrl\":\"https:\\\/\\\/soldadoadrianojose.com.br\\\/wp-content\\\/uploads\\\/2023\\\/08\\\/WhatsApp-Image-2023-08-16-at-13.41.01-1.jpeg\",\"datePublished\":\"2023-08-16T22:01:43+00:00\",\"dateModified\":\"2023-08-16T22:01:49+00:00\",\"breadcrumb\":{\"@id\":\"https:\\\/\\\/soldadoadrianojose.com.br\\\/index.php\\\/2023\\\/08\\\/16\\\/pm-apreende-em-campo-mourao-carregadores-e-mais-de-400-quilos-de-maconha\\\/#breadcrumb\"},\"inLanguage\":\"pt-BR\",\"potentialAction\":[{\"@type\":\"ReadAction\",\"target\":[\"https:\\\/\\\/soldadoadrianojose.com.br\\\/index.php\\\/2023\\\/08\\\/16\\\/pm-apreende-em-campo-mourao-carregadores-e-mais-de-400-quilos-de-maconha\\\/\"]}]},{\"@type\":\"ImageObject\",\"inLanguage\":\"pt-BR\",\"@id\":\"https:\\\/\\\/soldadoadrianojose.com.br\\\/index.php\\\/2023\\\/08\\\/16\\\/pm-apreende-em-campo-mourao-carregadores-e-mais-de-400-quilos-de-maconha\\\/#primaryimage\",\"url\":\"https:\\\/\\\/soldadoadrianojose.com.br\\\/wp-content\\\/uploads\\\/2023\\\/08\\\/WhatsApp-Image-2023-08-16-at-13.41.01-1.jpeg\",\"contentUrl\":\"https:\\\/\\\/soldadoadrianojose.com.br\\\/wp-content\\\/uploads\\\/2023\\\/08\\\/WhatsApp-Image-2023-08-16-at-13.41.01-1.jpeg\",\"width\":1600,\"height\":1201},{\"@type\":\"BreadcrumbList\",\"@id\":\"https:\\\/\\\/soldadoadrianojose.com.br\\\/index.php\\\/2023\\\/08\\\/16\\\/pm-apreende-em-campo-mourao-carregadores-e-mais-de-400-quilos-de-maconha\\\/#breadcrumb\",\"itemListElement\":[{\"@type\":\"ListItem\",\"position\":1,\"name\":\"In\u00edcio\",\"item\":\"https:\\\/\\\/soldadoadrianojose.com.br\\\/\"},{\"@type\":\"ListItem\",\"position\":2,\"name\":\"PM apreende em Campo Mour\u00e3o carregadores e mais de 400 quilos de maconha\"}]},{\"@type\":\"WebSite\",\"@id\":\"https:\\\/\\\/soldadoadrianojose.com.br\\\/#website\",\"url\":\"https:\\\/\\\/soldadoadrianojose.com.br\\\/\",\"name\":\"Deputado Adriano Jos\u00e9\",\"description\":\"Nosso trabalho \u00e9 pelas pessoas\",\"publisher\":{\"@id\":\"https:\\\/\\\/soldadoadrianojose.com.br\\\/#\\\/schema\\\/person\\\/16f8e8defb7a4bd6c6082efcd1bdb6bb\"},\"potentialAction\":[{\"@type\":\"SearchAction\",\"target\":{\"@type\":\"EntryPoint\",\"urlTemplate\":\"https:\\\/\\\/soldadoadrianojose.com.br\\\/?s={search_term_string}\"},\"query-input\":{\"@type\":\"PropertyValueSpecification\",\"valueRequired\":true,\"valueName\":\"search_term_string\"}}],\"inLanguage\":\"pt-BR\"},{\"@type\":[\"Person\",\"Organization\"],\"@id\":\"https:\\\/\\\/soldadoadrianojose.com.br\\\/#\\\/schema\\\/person\\\/16f8e8defb7a4bd6c6082efcd1bdb6bb\",\"name\":\"soldadoadrianojose\",\"image\":{\"@type\":\"ImageObject\",\"inLanguage\":\"pt-BR\",\"@id\":\"https:\\\/\\\/soldadoadrianojose.com.br\\\/wp-content\\\/uploads\\\/2023\\\/02\\\/LOGO_CLEAR-5.png\",\"url\":\"https:\\\/\\\/soldadoadrianojose.com.br\\\/wp-content\\\/uploads\\\/2023\\\/02\\\/LOGO_CLEAR-5.png\",\"contentUrl\":\"https:\\\/\\\/soldadoadrianojose.com.br\\\/wp-content\\\/uploads\\\/2023\\\/02\\\/LOGO_CLEAR-5.png\",\"width\":3508,\"height\":998,\"caption\":\"soldadoadrianojose\"},\"logo\":{\"@id\":\"https:\\\/\\\/soldadoadrianojose.com.br\\\/wp-content\\\/uploads\\\/2023\\\/02\\\/LOGO_CLEAR-5.png\"},\"sameAs\":[\"https:\\\/\\\/soldadoadrianojose.com.br\"],\"url\":\"https:\\\/\\\/soldadoadrianojose.com.br\\\/index.php\\\/author\\\/soldadoadrianojose\\\/\"}]}<\/script>\n<!-- \/ Yoast SEO plugin. -->","yoast_head_json":{"title":"PM apreende em Campo Mour\u00e3o carregadores e mais de 400 quilos de maconha - Deputado Adriano Jos\u00e9","robots":{"index":"index","follow":"follow","max-snippet":"max-snippet:-1","max-image-preview":"max-image-preview:large","max-video-preview":"max-video-preview:-1"},"canonical":"https:\/\/soldadoadrianojose.com.br\/index.php\/2023\/08\/16\/pm-apreende-em-campo-mourao-carregadores-e-mais-de-400-quilos-de-maconha\/","og_locale":"pt_BR","og_type":"article","og_title":"PM apreende em Campo Mour\u00e3o carregadores e mais de 400 quilos de maconha - Deputado Adriano Jos\u00e9","og_description":"Policiais Militares das equipes Rotam (Rondas Ostensivas T\u00e1ticas Metropolitanas) e RPA (R\u00e1dio Patrulhamento Auto), apreenderam no in\u00edcio da madrugada de hoje (16\/8), quase meia tonelada de maconha, al\u00e9m de v\u00e1rios carregadores modelos caracol que s\u00e3o usados em fuzis e escopetas. A apreens\u00e3o da carga il\u00edcita, aconteceu por volta da 01H00 em Campo Mour\u00e3o (cerca de [&hellip;]","og_url":"https:\/\/soldadoadrianojose.com.br\/index.php\/2023\/08\/16\/pm-apreende-em-campo-mourao-carregadores-e-mais-de-400-quilos-de-maconha\/","og_site_name":"Deputado Adriano Jos\u00e9","article_published_time":"2023-08-16T22:01:43+00:00","article_modified_time":"2023-08-16T22:01:49+00:00","og_image":[{"width":1600,"height":1201,"url":"https:\/\/soldadoadrianojose.com.br\/wp-content\/uploads\/2023\/08\/WhatsApp-Image-2023-08-16-at-13.41.01-1.jpeg","type":"image\/jpeg"}],"author":"soldadoadrianojose","twitter_card":"summary_large_image","twitter_misc":{"Escrito por":"soldadoadrianojose","Est. tempo de leitura":"2 minutos"},"schema":{"@context":"https:\/\/schema.org","@graph":[{"@type":"Article","@id":"https:\/\/soldadoadrianojose.com.br\/index.php\/2023\/08\/16\/pm-apreende-em-campo-mourao-carregadores-e-mais-de-400-quilos-de-maconha\/#article","isPartOf":{"@id":"https:\/\/soldadoadrianojose.com.br\/index.php\/2023\/08\/16\/pm-apreende-em-campo-mourao-carregadores-e-mais-de-400-quilos-de-maconha\/"},"author":{"name":"soldadoadrianojose","@id":"https:\/\/soldadoadrianojose.com.br\/#\/schema\/person\/16f8e8defb7a4bd6c6082efcd1bdb6bb"},"headline":"PM apreende em Campo Mour\u00e3o carregadores e mais de 400 quilos de maconha","datePublished":"2023-08-16T22:01:43+00:00","dateModified":"2023-08-16T22:01:49+00:00","mainEntityOfPage":{"@id":"https:\/\/soldadoadrianojose.com.br\/index.php\/2023\/08\/16\/pm-apreende-em-campo-mourao-carregadores-e-mais-de-400-quilos-de-maconha\/"},"wordCount":173,"commentCount":0,"publisher":{"@id":"https:\/\/soldadoadrianojose.com.br\/#\/schema\/person\/16f8e8defb7a4bd6c6082efcd1bdb6bb"},"image":{"@id":"https:\/\/soldadoadrianojose.com.br\/index.php\/2023\/08\/16\/pm-apreende-em-campo-mourao-carregadores-e-mais-de-400-quilos-de-maconha\/#primaryimage"},"thumbnailUrl":"https:\/\/soldadoadrianojose.com.br\/wp-content\/uploads\/2023\/08\/WhatsApp-Image-2023-08-16-at-13.41.01-1.jpeg","articleSection":["GABINETE SD"],"inLanguage":"pt-BR","potentialAction":[{"@type":"CommentAction","name":"Comment","target":["https:\/\/soldadoadrianojose.com.br\/index.php\/2023\/08\/16\/pm-apreende-em-campo-mourao-carregadores-e-mais-de-400-quilos-de-maconha\/#respond"]}]},{"@type":"WebPage","@id":"https:\/\/soldadoadrianojose.com.br\/index.php\/2023\/08\/16\/pm-apreende-em-campo-mourao-carregadores-e-mais-de-400-quilos-de-maconha\/","url":"https:\/\/soldadoadrianojose.com.br\/index.php\/2023\/08\/16\/pm-apreende-em-campo-mourao-carregadores-e-mais-de-400-quilos-de-maconha\/","name":"PM apreende em Campo Mour\u00e3o carregadores e mais de 400 quilos de maconha - Deputado Adriano Jos\u00e9","isPartOf":{"@id":"https:\/\/soldadoadrianojose.com.br\/#website"},"primaryImageOfPage":{"@id":"https:\/\/soldadoadrianojose.com.br\/index.php\/2023\/08\/16\/pm-apreende-em-campo-mourao-carregadores-e-mais-de-400-quilos-de-maconha\/#primaryimage"},"image":{"@id":"https:\/\/soldadoadrianojose.com.br\/index.php\/2023\/08\/16\/pm-apreende-em-campo-mourao-carregadores-e-mais-de-400-quilos-de-maconha\/#primaryimage"},"thumbnailUrl":"https:\/\/soldadoadrianojose.com.br\/wp-content\/uploads\/2023\/08\/WhatsApp-Image-2023-08-16-at-13.41.01-1.jpeg","datePublished":"2023-08-16T22:01:43+00:00","dateModified":"2023-08-16T22:01:49+00:00","breadcrumb":{"@id":"https:\/\/soldadoadrianojose.com.br\/index.php\/2023\/08\/16\/pm-apreende-em-campo-mourao-carregadores-e-mais-de-400-quilos-de-maconha\/#breadcrumb"},"inLanguage":"pt-BR","potentialAction":[{"@type":"ReadAction","target":["https:\/\/soldadoadrianojose.com.br\/index.php\/2023\/08\/16\/pm-apreende-em-campo-mourao-carregadores-e-mais-de-400-quilos-de-maconha\/"]}]},{"@type":"ImageObject","inLanguage":"pt-BR","@id":"https:\/\/soldadoadrianojose.com.br\/index.php\/2023\/08\/16\/pm-apreende-em-campo-mourao-carregadores-e-mais-de-400-quilos-de-maconha\/#primaryimage","url":"https:\/\/soldadoadrianojose.com.br\/wp-content\/uploads\/2023\/08\/WhatsApp-Image-2023-08-16-at-13.41.01-1.jpeg","contentUrl":"https:\/\/soldadoadrianojose.com.br\/wp-content\/uploads\/2023\/08\/WhatsApp-Image-2023-08-16-at-13.41.01-1.jpeg","width":1600,"height":1201},{"@type":"BreadcrumbList","@id":"https:\/\/soldadoadrianojose.com.br\/index.php\/2023\/08\/16\/pm-apreende-em-campo-mourao-carregadores-e-mais-de-400-quilos-de-maconha\/#breadcrumb","itemListElement":[{"@type":"ListItem","position":1,"name":"In\u00edcio","item":"https:\/\/soldadoadrianojose.com.br\/"},{"@type":"ListItem","position":2,"name":"PM apreende em Campo Mour\u00e3o carregadores e mais de 400 quilos de maconha"}]},{"@type":"WebSite","@id":"https:\/\/soldadoadrianojose.com.br\/#website","url":"https:\/\/soldadoadrianojose.com.br\/","name":"Deputado Adriano Jos\u00e9","description":"Nosso trabalho \u00e9 pelas pessoas","publisher":{"@id":"https:\/\/soldadoadrianojose.com.br\/#\/schema\/person\/16f8e8defb7a4bd6c6082efcd1bdb6bb"},"potentialAction":[{"@type":"SearchAction","target":{"@type":"EntryPoint","urlTemplate":"https:\/\/soldadoadrianojose.com.br\/?s={search_term_string}"},"query-input":{"@type":"PropertyValueSpecification","valueRequired":true,"valueName":"search_term_string"}}],"inLanguage":"pt-BR"},{"@type":["Person","Organization"],"@id":"https:\/\/soldadoadrianojose.com.br\/#\/schema\/person\/16f8e8defb7a4bd6c6082efcd1bdb6bb","name":"soldadoadrianojose","image":{"@type":"ImageObject","inLanguage":"pt-BR","@id":"https:\/\/soldadoadrianojose.com.br\/wp-content\/uploads\/2023\/02\/LOGO_CLEAR-5.png","url":"https:\/\/soldadoadrianojose.com.br\/wp-content\/uploads\/2023\/02\/LOGO_CLEAR-5.png","contentUrl":"https:\/\/soldadoadrianojose.com.br\/wp-content\/uploads\/2023\/02\/LOGO_CLEAR-5.png","width":3508,"height":998,"caption":"soldadoadrianojose"},"logo":{"@id":"https:\/\/soldadoadrianojose.com.br\/wp-content\/uploads\/2023\/02\/LOGO_CLEAR-5.png"},"sameAs":["https:\/\/soldadoadrianojose.com.br"],"url":"https:\/\/soldadoadrianojose.com.br\/index.php\/author\/soldadoadrianojose\/"}]}},"jetpack_featured_media_url":"https:\/\/soldadoadrianojose.com.br\/wp-content\/uploads\/2023\/08\/WhatsApp-Image-2023-08-16-at-13.41.01-1.jpeg","_links":{"self":[{"href":"https:\/\/soldadoadrianojose.com.br\/index.php\/wp-json\/wp\/v2\/posts\/972","targetHints":{"allow":["GET"]}}],"collection":[{"href":"https:\/\/soldadoadrianojose.com.br\/index.php\/wp-json\/wp\/v2\/posts"}],"about":[{"href":"https:\/\/soldadoadrianojose.com.br\/index.php\/wp-json\/wp\/v2\/types\/post"}],"author":[{"embeddable":true,"href":"https:\/\/soldadoadrianojose.com.br\/index.php\/wp-json\/wp\/v2\/users\/1"}],"replies":[{"embeddable":true,"href":"https:\/\/soldadoadrianojose.com.br\/index.php\/wp-json\/wp\/v2\/comments?post=972"}],"version-history":[{"count":1,"href":"https:\/\/soldadoadrianojose.com.br\/index.php\/wp-json\/wp\/v2\/posts\/972\/revisions"}],"predecessor-version":[{"id":975,"href":"https:\/\/soldadoadrianojose.com.br\/index.php\/wp-json\/wp\/v2\/posts\/972\/revisions\/975"}],"wp:featuredmedia":[{"embeddable":true,"href":"https:\/\/soldadoadrianojose.com.br\/index.php\/wp-json\/wp\/v2\/media\/974"}],"wp:attachment":[{"href":"https:\/\/soldadoadrianojose.com.br\/index.php\/wp-json\/wp\/v2\/media?parent=972"}],"wp:term":[{"taxonomy":"category","embeddable":true,"href":"https:\/\/soldadoadrianojose.com.br\/index.php\/wp-json\/wp\/v2\/categories?post=972"},{"taxonomy":"post_tag","embeddable":true,"href":"https:\/\/soldadoadrianojose.com.br\/index.php\/wp-json\/wp\/v2\/tags?post=972"}],"curies":[{"name":"wp","href":"https:\/\/api.w.org\/{rel}","templated":true}]}}